{"id":79553,"date":"2025-11-03T19:58:10","date_gmt":"2025-11-03T22:58:10","guid":{"rendered":"https:\/\/noticiasribeiraopreto.com.br\/index.php\/2025\/11\/03\/duas-pessoas-ficam-feridas-apos-acidente-entre-carro-e-moto-em-cruzamento-de-ribeirao-preto\/"},"modified":"2025-11-03T19:58:10","modified_gmt":"2025-11-03T22:58:10","slug":"duas-pessoas-ficam-feridas-apos-acidente-entre-carro-e-moto-em-cruzamento-de-ribeirao-preto","status":"publish","type":"post","link":"https:\/\/noticiasribeiraopreto.com.br\/index.php\/2025\/11\/03\/duas-pessoas-ficam-feridas-apos-acidente-entre-carro-e-moto-em-cruzamento-de-ribeirao-preto\/","title":{"rendered":"Duas pessoas ficam feridas ap\u00f3s acidente entre carro e moto em cruzamento de Ribeir\u00e3o Preto"},"content":{"rendered":"<div class='code-block code-block-1' style='margin: 8px 0 8px auto; text-align: right; display: block; clear: both;'>\n<p><a href=\"https:\/\/wa.link\/vpicfd\"><img data-recalc-dims=\"1\" class=\"wp-image-4922\" style=\"aspect-ratio: 2.0253164556962027; width: 561px; height: auto;\" src=\"https:\/\/i0.wp.com\/ismaelcolosi.com.br\/wp-content\/uploads\/2023\/11\/grupo-de-empregos-whatsapp-e-facebook-ismael-colosi-vagas.jpg?ssl=1\" alt=\"\" \/><\/a><\/p>\n<!-- \/wp:image -->\n<\/div>\n<p> <br \/>\n<\/p>\n<div data-td-block-uid=\"tdi_95\">\n<div class=\"tdb-block-inner td-fix-index\">\n<p><strong>Duas pessoas ficaram feridas na tarde desta segunda-feira (3) ap\u00f3s um acidente entre um carro e uma moto<\/strong> no cruzamento das <strong>ruas Marques de Pombal e Padre Euclides<\/strong>, no bairro Campos El\u00edseos, em Ribeir\u00e3o Preto.<\/p>\n<p>Ap\u00f3s a colis\u00e3o, o carro tamb\u00e9m atingiu um ve\u00edculo que estava estacionado na rua Padre Euclides, danificando a traseira do autom\u00f3vel.<\/p>\n<h2 class=\"wp-block-heading\"><strong>Veja v\u00eddeo:<\/strong><\/h2>\n<blockquote class=\"instagram-media\" data-instgrm-permalink=\"https:\/\/www.instagram.com\/reel\/DQmxVBTDltd\/?utm_source=ig_embed&amp;utm_campaign=loading\" data-instgrm-version=\"14\" style=\" background:#FFF; border:0; border-radius:3px; box-shadow:0 0 1px 0 rgba(0,0,0,0.5),0 1px 10px 0 rgba(0,0,0,0.15); margin: 1px; max-width:540px; min-width:326px; padding:0; width:99.375%; width:-webkit-calc(100% - 2px); width:calc(100% - 2px);\"\/>\n<p>O motociclista foi socorrido e levado \u00e0 Santa Casa de Ribeir\u00e3o Preto. <strong>N\u00e3o h\u00e1 informa\u00e7\u00f5es sobre o estado de sa\u00fade do condutor do carro ou sobre poss\u00edveis feridos no ve\u00edculo atingido.<\/strong><\/p>\n<h3 class=\"wp-block-heading\"><strong>Interdi\u00e7\u00e3o<\/strong><\/h3>\n<p>De acordo com a RP Mobi, cruzamento entre a rua Marques de Pombal e a rua Padre Euclides est\u00e1 totalmente interditado. <strong>Rota alternativa sugerida:<\/strong><\/p>\n<figure class=\"wp-block-image aligncenter size-large\"><img data-recalc-dims=\"1\" fetchpriority=\"high\" decoding=\"async\" width=\"1024\" height=\"648\" src=\"https:\/\/i0.wp.com\/cdn.media-acidadeon.com.br\/ribeiraopreto\/wp-content\/uploads\/sites\/3\/2025\/11\/Imagem-do-WhatsApp-de-2025-11-03-as-16.35.19_d6f9daf0_2025-11-03_19-36-39-1024x648.webp?resize=1024%2C648&#038;ssl=1\" alt=\"carro&#10;\" class=\"wp-image-134572\" title=\"Duas pessoas ficam feridas ap\u00f3s acidente entre carro e moto em cruzamento de Ribeir\u00e3o Preto 1\" srcset=\"https:\/\/cdn.media-acidadeon.com.br\/ribeiraopreto\/wp-content\/uploads\/sites\/3\/2025\/11\/Imagem-do-WhatsApp-de-2025-11-03-as-16.35.19_d6f9daf0_2025-11-03_19-36-39-1024x648.webp 1024w, https:\/\/cdn.media-acidadeon.com.br\/ribeiraopreto\/wp-content\/uploads\/sites\/3\/2025\/11\/Imagem-do-WhatsApp-de-2025-11-03-as-16.35.19_d6f9daf0_2025-11-03_19-36-39-300x190.webp 300w, https:\/\/cdn.media-acidadeon.com.br\/ribeiraopreto\/wp-content\/uploads\/sites\/3\/2025\/11\/Imagem-do-WhatsApp-de-2025-11-03-as-16.35.19_d6f9daf0_2025-11-03_19-36-39-768x486.webp 768w, https:\/\/cdn.media-acidadeon.com.br\/ribeiraopreto\/wp-content\/uploads\/sites\/3\/2025\/11\/Imagem-do-WhatsApp-de-2025-11-03-as-16.35.19_d6f9daf0_2025-11-03_19-36-39-696x441.webp 696w, https:\/\/cdn.media-acidadeon.com.br\/ribeiraopreto\/wp-content\/uploads\/sites\/3\/2025\/11\/Imagem-do-WhatsApp-de-2025-11-03-as-16.35.19_d6f9daf0_2025-11-03_19-36-39-1068x676.webp 1068w, https:\/\/cdn.media-acidadeon.com.br\/ribeiraopreto\/wp-content\/uploads\/sites\/3\/2025\/11\/Imagem-do-WhatsApp-de-2025-11-03-as-16.35.19_d6f9daf0_2025-11-03_19-36-39.webp 1098w\" sizes=\"(max-width: 1024px) 100vw, 1024px\"\/><figcaption class=\"wp-element-caption\">Divulga\u00e7\u00e3o \/ RP Mobi<\/figcaption><\/figure>\n<p><strong>Sentido Bairro \u2013 Centro:<\/strong><br \/>Quem vem pela Rua Marques de Pombal deve virar \u00e0 esquerda na rua Capit\u00e3o Salom\u00e3o, \u00e0 direita na rua Sergipe, \u00e0 direita na rua Padre Euclides, \u00e0 esquerda rua Pomp\u00e9u de Camargo.<\/p>\n<p><strong>Sentido Centro \u2013 Bairro:<\/strong><br \/>Os motoristas que seguem pela Rua Padre Euclides podem desviar antes da interdi\u00e7\u00e3o, entrando \u00e0 direita na Rua Alagoas, depois \u00e0 direita na rua Capit\u00e3o Salom\u00e3o, \u00e0 esquerda na rua Luiz Barreto, \u00e0 esquerda na rua Goi\u00e1s para ent\u00e3o acessar a rua Silveira Martins.<\/p>\n<hr class=\"wp-block-separator has-alpha-channel-opacity\"\/>\n<p>SAIBA MAIS<\/p>\n<p>Durante persegui\u00e7\u00e3o, motorista sobe na cal\u00e7ada e passa entre poste e fachada de loja; V\u00cdDEO<\/p>\n<h2 class=\"wp-block-heading\"><strong>FIQUE ON<\/strong><\/h2>\n<p>Fique ligado em tudo que acontece em Ribeir\u00e3o Preto e regi\u00e3o. Siga os perfis do<strong>\u00a0acidade on\u00a0<\/strong>no<a href=\"https:\/\/www.instagram.com\/acidadeonribeirao\" target=\"_blank\" rel=\"noreferrer noopener\">\u00a0Instagram\u00a0<\/a>e no\u00a0<a href=\"https:\/\/www.facebook.com\/acidadeonribeirao\/\" target=\"_blank\" rel=\"noreferrer noopener\">Facebook<\/a>.<\/p>\n<p>Receba not\u00edcias do<strong>\u00a0acidade on<\/strong>\u00a0no WhatsApp. Para entrar no grupo,\u00a0basta\u00a0<a href=\"https:\/\/chat.whatsapp.com\/I4nieTEMKlf50pJ28aMemC?mode=ac_t\" target=\"_blank\" rel=\"noreferrer noopener\">clicar aqui<\/a>. Ou, acesse o nosso\u00a0Canal<a href=\"https:\/\/whatsapp.com\/channel\/0029Vb6IQl1JENyAeS57fk2p\" target=\"_blank\" rel=\"noreferrer noopener\">\u00a0clicando aqui<\/a>.<\/p>\n<p>Fa\u00e7a uma den\u00fancia ou sugira uma reportagem sobre Ribeir\u00e3o Preto e regi\u00e3o pelo WhatsApp: 16 99117 7802.<\/p>\n<p>VEJA TAMB\u00c9M<\/p>\n<p>Irm\u00e3os Cravinhos est\u00e3o soltos?<\/p>\n<p><!-- AI CONTENT END 1 -->\n<\/div>\n<\/div>\n<p><script async src=\"\/\/www.instagram.com\/embed.js\"><\/script><br \/>\n<br \/><br \/>\n<br \/><a href=\"https:\/\/www.acidadeon.com\/ribeiraopreto\/cotidiano\/duas-pessoas-ficam-feridas-apos-acidente-entre-carro-e-moto-em-cruzamento-de-ribeirao-preto\/\">Source link <\/a><\/p>\n<!-- CONTENT END 1 -->\n","protected":false},"excerpt":{"rendered":"<p>Duas pessoas ficaram feridas na tarde desta segunda-feira (3) ap\u00f3s um acidente entre um carro e uma moto no cruzamento das ruas Marques de Pombal&#8230;<\/p>\n","protected":false},"author":1,"featured_media":79554,"comment_status":"open","ping_status":"open","sticky":false,"template":"","format":"standard","meta":{"advanced_seo_description":"","jetpack_seo_html_title":"","jetpack_seo_noindex":false,"jetpack_post_was_ever_published":false,"_jetpack_newsletter_access":"","_jetpack_dont_email_post_to_subs":false,"_jetpack_newsletter_tier_id":0,"_jetpack_memberships_contains_paywalled_content":false,"_jetpack_memberships_contains_paid_content":false,"footnotes":"","jetpack_publicize_message":"","jetpack_publicize_feature_enabled":true,"jetpack_social_post_already_shared":true,"jetpack_social_options":{"image_generator_settings":{"template":"highway","default_image_id":0,"font":"","enabled":false},"version":2}},"categories":[11],"tags":[],"class_list":["post-79553","post","type-post","status-publish","format-standard","has-post-thumbnail","hentry","category-noticias-de-ribeirao-preto-sp-e-regiao-ismael-colosi"],"jetpack_publicize_connections":[],"jetpack_featured_media_url":"https:\/\/i0.wp.com\/noticiasribeiraopreto.com.br\/wp-content\/uploads\/2025\/11\/Copia-de-Copia-de-Copia-de-TAMANHO-EXATO-PARA-FOTOS-NO-SISTEMA-NOVO-2025-11-03T163003.936_2025-11-03_19-30-28.webp.webp?fit=1200%2C675&ssl=1","jetpack-related-posts":[{"id":74274,"url":"https:\/\/noticiasribeiraopreto.com.br\/index.php\/2025\/07\/18\/colisao-entre-carro-e-moto-deixa-duas-pessoas-feridas-na-zona-norte-de-ribeirao-preto\/","url_meta":{"origin":79553,"position":0},"title":"Colis\u00e3o entre carro e moto deixa duas pessoas feridas na zona Norte de Ribeir\u00e3o Preto","author":"noticiasribeiraopreto.com.br","date":"18 de July de 2025","format":false,"excerpt":"Um acidente no cruzamento das ruas Tapaj\u00f3s e Rio Maroni, na zona Norte de Ribeir\u00e3o Preto, deixou duas pessoas feridas na tarde desta sexta-feira (18). A batida envolveu um carro e uma moto, que era conduzida por um motorista de aplicativo. A passageira da moto sofreu ferimentos mais graves e\u2026","rel":"","context":"In &quot;Not\u00edcias de Ribeir\u00e3o Preto-SP e Regi\u00e3o&quot;","block_context":{"text":"Not\u00edcias de Ribeir\u00e3o Preto-SP e Regi\u00e3o","link":"https:\/\/noticiasribeiraopreto.com.br\/index.php\/category\/noticias-de-ribeirao-preto-sp-e-regiao-ismael-colosi\/"},"img":{"alt_text":"","src":"https:\/\/i0.wp.com\/noticiasribeiraopreto.com.br\/wp-content\/uploads\/2025\/07\/Copia-de-Copia-de-Copia-de-TAMANHO-EXATO-PARA-FOTOS-NO-SISTEMA-NOVO-2025-07-18T181308.882_2025-07-18_21-13-12.webp.webp?fit=1200%2C675&ssl=1&resize=350%2C200","width":350,"height":200,"srcset":"https:\/\/i0.wp.com\/noticiasribeiraopreto.com.br\/wp-content\/uploads\/2025\/07\/Copia-de-Copia-de-Copia-de-TAMANHO-EXATO-PARA-FOTOS-NO-SISTEMA-NOVO-2025-07-18T181308.882_2025-07-18_21-13-12.webp.webp?fit=1200%2C675&ssl=1&resize=350%2C200 1x, https:\/\/i0.wp.com\/noticiasribeiraopreto.com.br\/wp-content\/uploads\/2025\/07\/Copia-de-Copia-de-Copia-de-TAMANHO-EXATO-PARA-FOTOS-NO-SISTEMA-NOVO-2025-07-18T181308.882_2025-07-18_21-13-12.webp.webp?fit=1200%2C675&ssl=1&resize=525%2C300 1.5x, https:\/\/i0.wp.com\/noticiasribeiraopreto.com.br\/wp-content\/uploads\/2025\/07\/Copia-de-Copia-de-Copia-de-TAMANHO-EXATO-PARA-FOTOS-NO-SISTEMA-NOVO-2025-07-18T181308.882_2025-07-18_21-13-12.webp.webp?fit=1200%2C675&ssl=1&resize=700%2C400 2x, https:\/\/i0.wp.com\/noticiasribeiraopreto.com.br\/wp-content\/uploads\/2025\/07\/Copia-de-Copia-de-Copia-de-TAMANHO-EXATO-PARA-FOTOS-NO-SISTEMA-NOVO-2025-07-18T181308.882_2025-07-18_21-13-12.webp.webp?fit=1200%2C675&ssl=1&resize=1050%2C600 3x"},"classes":[]},{"id":80950,"url":"https:\/\/noticiasribeiraopreto.com.br\/index.php\/2025\/12\/19\/acidente-entre-carro-e-moto-deixa-um-ferido-em-cruzamento-de-ribeirao-preto\/","url_meta":{"origin":79553,"position":1},"title":"Acidente entre carro e moto deixa um ferido em cruzamento de Ribeir\u00e3o Preto","author":"noticiasribeiraopreto.com.br","date":"19 de December de 2025","format":false,"excerpt":"Um acidente entre um carro e uma motocicleta deixou uma pessoa ferida em um cruzamento de Ribeir\u00e3o Preto. A colis\u00e3o ocorreu no encontro da avenida Nove de Julho com a rua Casemiro de Abreu e envolveu outros ve\u00edculos que estavam estacionados nas proximidades. De acordo com o registro da ocorr\u00eancia,\u2026","rel":"","context":"In &quot;Not\u00edcias de Ribeir\u00e3o Preto-SP e Regi\u00e3o&quot;","block_context":{"text":"Not\u00edcias de Ribeir\u00e3o Preto-SP e Regi\u00e3o","link":"https:\/\/noticiasribeiraopreto.com.br\/index.php\/category\/noticias-de-ribeirao-preto-sp-e-regiao-ismael-colosi\/"},"img":{"alt_text":"","src":"https:\/\/i0.wp.com\/noticiasribeiraopreto.com.br\/wp-content\/uploads\/2025\/12\/domingo-1_2025-12-18_20-12-08.webp.webp?fit=1200%2C675&ssl=1&resize=350%2C200","width":350,"height":200,"srcset":"https:\/\/i0.wp.com\/noticiasribeiraopreto.com.br\/wp-content\/uploads\/2025\/12\/domingo-1_2025-12-18_20-12-08.webp.webp?fit=1200%2C675&ssl=1&resize=350%2C200 1x, https:\/\/i0.wp.com\/noticiasribeiraopreto.com.br\/wp-content\/uploads\/2025\/12\/domingo-1_2025-12-18_20-12-08.webp.webp?fit=1200%2C675&ssl=1&resize=525%2C300 1.5x, https:\/\/i0.wp.com\/noticiasribeiraopreto.com.br\/wp-content\/uploads\/2025\/12\/domingo-1_2025-12-18_20-12-08.webp.webp?fit=1200%2C675&ssl=1&resize=700%2C400 2x, https:\/\/i0.wp.com\/noticiasribeiraopreto.com.br\/wp-content\/uploads\/2025\/12\/domingo-1_2025-12-18_20-12-08.webp.webp?fit=1200%2C675&ssl=1&resize=1050%2C600 3x"},"classes":[]},{"id":84950,"url":"https:\/\/noticiasribeiraopreto.com.br\/index.php\/2026\/04\/18\/batida-entre-carro-e-motocicleta-deixa-duas-pessoas-feridas-na-zona-sul-de-ribeirao-preto\/","url_meta":{"origin":79553,"position":2},"title":"Batida entre carro e motocicleta deixa duas pessoas feridas na zona Sul de Ribeir\u00e3o Preto","author":"noticiasribeiraopreto.com.br","date":"18 de April de 2026","format":false,"excerpt":"Ler o resumo da not\u00edcia O acidente ocorreu na manh\u00e3 de s\u00e1bado (18) no cruzamento da Rua Chile com a Avenida Portugal, zona Sul de Ribeir\u00e3o\u202fPreto. Carro e motocicleta colidiram, deixando duas pessoas feridas, sem detalhes sobre o estado de sa\u00fade. A suspeita \u00e9 de que um dos motoristas tenha\u2026","rel":"","context":"In &quot;Not\u00edcias de Ribeir\u00e3o Preto-SP e Regi\u00e3o&quot;","block_context":{"text":"Not\u00edcias de Ribeir\u00e3o Preto-SP e Regi\u00e3o","link":"https:\/\/noticiasribeiraopreto.com.br\/index.php\/category\/noticias-de-ribeirao-preto-sp-e-regiao-ismael-colosi\/"},"img":{"alt_text":"","src":"https:\/\/i0.wp.com\/noticiasribeiraopreto.com.br\/wp-content\/uploads\/2026\/04\/palace-2_2026-04-18_14-51-07.webp.webp?fit=1200%2C675&ssl=1&resize=350%2C200","width":350,"height":200,"srcset":"https:\/\/i0.wp.com\/noticiasribeiraopreto.com.br\/wp-content\/uploads\/2026\/04\/palace-2_2026-04-18_14-51-07.webp.webp?fit=1200%2C675&ssl=1&resize=350%2C200 1x, https:\/\/i0.wp.com\/noticiasribeiraopreto.com.br\/wp-content\/uploads\/2026\/04\/palace-2_2026-04-18_14-51-07.webp.webp?fit=1200%2C675&ssl=1&resize=525%2C300 1.5x, https:\/\/i0.wp.com\/noticiasribeiraopreto.com.br\/wp-content\/uploads\/2026\/04\/palace-2_2026-04-18_14-51-07.webp.webp?fit=1200%2C675&ssl=1&resize=700%2C400 2x, https:\/\/i0.wp.com\/noticiasribeiraopreto.com.br\/wp-content\/uploads\/2026\/04\/palace-2_2026-04-18_14-51-07.webp.webp?fit=1200%2C675&ssl=1&resize=1050%2C600 3x"},"classes":[]},{"id":69646,"url":"https:\/\/noticiasribeiraopreto.com.br\/index.php\/2025\/05\/07\/acidente-entre-carro-e-moto-deixa-uma-mulher-ferida-na-regiao-de-ribeirao-preto\/","url_meta":{"origin":79553,"position":3},"title":"Acidente entre carro e moto deixa uma mulher ferida na regi\u00e3o de Ribeir\u00e3o Preto","author":"noticiasribeiraopreto.com.br","date":"7 de May de 2025","format":false,"excerpt":"Uma mulher ficou ferida ap\u00f3s um acidente entre um carro e uma moto, na manh\u00e3 desta quarta-feira (7) no cruzamento das avenidas Affonso Trigo e Jos\u00e9 Ferreira dos Reis, em Sert\u00e3ozinho, na regi\u00e3o de Ribeir\u00e3o Preto. FIQUE POR DENTRO \u2013 Agrishow: trabalhador fica em estado grave ap\u00f3s acidente durante a\u2026","rel":"","context":"In &quot;Not\u00edcias de Ribeir\u00e3o Preto-SP e Regi\u00e3o&quot;","block_context":{"text":"Not\u00edcias de Ribeir\u00e3o Preto-SP e Regi\u00e3o","link":"https:\/\/noticiasribeiraopreto.com.br\/index.php\/category\/noticias-de-ribeirao-preto-sp-e-regiao-ismael-colosi\/"},"img":{"alt_text":"","src":"https:\/\/i0.wp.com\/noticiasribeiraopreto.com.br\/wp-content\/uploads\/2025\/05\/Copia-de-Copia-de-Copia-de-TAMANHO-EXATO-PARA-FOTOS-NO-SISTEMA-NOVO-46_2025-05-07_19-53-24.webp.webp?fit=1200%2C675&ssl=1&resize=350%2C200","width":350,"height":200,"srcset":"https:\/\/i0.wp.com\/noticiasribeiraopreto.com.br\/wp-content\/uploads\/2025\/05\/Copia-de-Copia-de-Copia-de-TAMANHO-EXATO-PARA-FOTOS-NO-SISTEMA-NOVO-46_2025-05-07_19-53-24.webp.webp?fit=1200%2C675&ssl=1&resize=350%2C200 1x, https:\/\/i0.wp.com\/noticiasribeiraopreto.com.br\/wp-content\/uploads\/2025\/05\/Copia-de-Copia-de-Copia-de-TAMANHO-EXATO-PARA-FOTOS-NO-SISTEMA-NOVO-46_2025-05-07_19-53-24.webp.webp?fit=1200%2C675&ssl=1&resize=525%2C300 1.5x, https:\/\/i0.wp.com\/noticiasribeiraopreto.com.br\/wp-content\/uploads\/2025\/05\/Copia-de-Copia-de-Copia-de-TAMANHO-EXATO-PARA-FOTOS-NO-SISTEMA-NOVO-46_2025-05-07_19-53-24.webp.webp?fit=1200%2C675&ssl=1&resize=700%2C400 2x, https:\/\/i0.wp.com\/noticiasribeiraopreto.com.br\/wp-content\/uploads\/2025\/05\/Copia-de-Copia-de-Copia-de-TAMANHO-EXATO-PARA-FOTOS-NO-SISTEMA-NOVO-46_2025-05-07_19-53-24.webp.webp?fit=1200%2C675&ssl=1&resize=1050%2C600 3x"},"classes":[]},{"id":58685,"url":"https:\/\/noticiasribeiraopreto.com.br\/index.php\/2024\/10\/03\/acidente-entre-carros-e-moto-deixa-cinco-pessoas-feridas-no-anel-viario-sul-em-ribeirao\/","url_meta":{"origin":79553,"position":4},"title":"Acidente entre carros e moto deixa cinco pessoas feridas no Anel Vi\u00e1rio Sul em Ribeir\u00e3o","author":"noticiasribeiraopreto.com.br","date":"3 de October de 2024","format":false,"excerpt":"Cinco pessoas ficaram feridas ap\u00f3s um acidente envolvendo dois ve\u00edculos e uma motocicleta na rodovia Ant\u00f4nio Duarte Nogueira (SP-322), Anel Vi\u00e1rio Sul, no final da tarde desta quinta-feira (3). Conforme apura\u00e7\u00e3o da CBN Ribeir\u00e3o, entre os envolvidos est\u00e1 um beb\u00ea que estava em um dos carros. Ainda n\u00e3o h\u00e1 informa\u00e7\u00f5es\u2026","rel":"","context":"In &quot;Not\u00edcias de Ribeir\u00e3o Preto-SP e Regi\u00e3o&quot;","block_context":{"text":"Not\u00edcias de Ribeir\u00e3o Preto-SP e Regi\u00e3o","link":"https:\/\/noticiasribeiraopreto.com.br\/index.php\/category\/noticias-de-ribeirao-preto-sp-e-regiao-ismael-colosi\/"},"img":{"alt_text":"","src":"https:\/\/i0.wp.com\/noticiasribeiraopreto.com.br\/wp-content\/uploads\/2024\/10\/WhatsApp-Image-2024-10-03-at-18.13.29_2024-10-03_21-21-38_jpeg_2024-10-03_21-21-39-scaled.webp.webp?fit=1200%2C900&ssl=1&resize=350%2C200","width":350,"height":200,"srcset":"https:\/\/i0.wp.com\/noticiasribeiraopreto.com.br\/wp-content\/uploads\/2024\/10\/WhatsApp-Image-2024-10-03-at-18.13.29_2024-10-03_21-21-38_jpeg_2024-10-03_21-21-39-scaled.webp.webp?fit=1200%2C900&ssl=1&resize=350%2C200 1x, https:\/\/i0.wp.com\/noticiasribeiraopreto.com.br\/wp-content\/uploads\/2024\/10\/WhatsApp-Image-2024-10-03-at-18.13.29_2024-10-03_21-21-38_jpeg_2024-10-03_21-21-39-scaled.webp.webp?fit=1200%2C900&ssl=1&resize=525%2C300 1.5x, https:\/\/i0.wp.com\/noticiasribeiraopreto.com.br\/wp-content\/uploads\/2024\/10\/WhatsApp-Image-2024-10-03-at-18.13.29_2024-10-03_21-21-38_jpeg_2024-10-03_21-21-39-scaled.webp.webp?fit=1200%2C900&ssl=1&resize=700%2C400 2x, https:\/\/i0.wp.com\/noticiasribeiraopreto.com.br\/wp-content\/uploads\/2024\/10\/WhatsApp-Image-2024-10-03-at-18.13.29_2024-10-03_21-21-38_jpeg_2024-10-03_21-21-39-scaled.webp.webp?fit=1200%2C900&ssl=1&resize=1050%2C600 3x"},"classes":[]},{"id":63278,"url":"https:\/\/noticiasribeiraopreto.com.br\/index.php\/2025\/02\/08\/acidente-entre-caminhonete-carro-e-moto-deixa-uma-pessoa-ferida-em-ribeirao-preto\/","url_meta":{"origin":79553,"position":5},"title":"Acidente entre caminhonete, carro e moto deixa uma pessoa ferida em Ribeir\u00e3o Preto","author":"noticiasribeiraopreto.com.br","date":"8 de February de 2025","format":false,"excerpt":"Na manh\u00e3 deste s\u00e1bado (8), um acidente envolvendo uma caminhonete, um carro e uma moto, deixou um motorista ferido e um ve\u00edculo tombado, no cruzamento da avenida Jo\u00e3o Fi\u00fasa com avenida Presidente Vargas, na zona Sul de Ribeir\u00e3o Preto. De acordo com testemunhas, uma pessoa foi socorrida, por equipes do\u2026","rel":"","context":"In &quot;Not\u00edcias de Ribeir\u00e3o Preto-SP e Regi\u00e3o&quot;","block_context":{"text":"Not\u00edcias de Ribeir\u00e3o Preto-SP e Regi\u00e3o","link":"https:\/\/noticiasribeiraopreto.com.br\/index.php\/category\/noticias-de-ribeirao-preto-sp-e-regiao-ismael-colosi\/"},"img":{"alt_text":"","src":"https:\/\/i0.wp.com\/noticiasribeiraopreto.com.br\/wp-content\/uploads\/2025\/02\/Copia-de-Copia-de-Copia-de-TAMANHO-EXATO-PARA-FOTOS-NO-SISTEMA-NOVO-2025-02-08T111827.079_2025-02-08_14-19-51_png_2025-02-08_14-19-51.webp.webp?fit=1200%2C675&ssl=1&resize=350%2C200","width":350,"height":200,"srcset":"https:\/\/i0.wp.com\/noticiasribeiraopreto.com.br\/wp-content\/uploads\/2025\/02\/Copia-de-Copia-de-Copia-de-TAMANHO-EXATO-PARA-FOTOS-NO-SISTEMA-NOVO-2025-02-08T111827.079_2025-02-08_14-19-51_png_2025-02-08_14-19-51.webp.webp?fit=1200%2C675&ssl=1&resize=350%2C200 1x, https:\/\/i0.wp.com\/noticiasribeiraopreto.com.br\/wp-content\/uploads\/2025\/02\/Copia-de-Copia-de-Copia-de-TAMANHO-EXATO-PARA-FOTOS-NO-SISTEMA-NOVO-2025-02-08T111827.079_2025-02-08_14-19-51_png_2025-02-08_14-19-51.webp.webp?fit=1200%2C675&ssl=1&resize=525%2C300 1.5x, https:\/\/i0.wp.com\/noticiasribeiraopreto.com.br\/wp-content\/uploads\/2025\/02\/Copia-de-Copia-de-Copia-de-TAMANHO-EXATO-PARA-FOTOS-NO-SISTEMA-NOVO-2025-02-08T111827.079_2025-02-08_14-19-51_png_2025-02-08_14-19-51.webp.webp?fit=1200%2C675&ssl=1&resize=700%2C400 2x, https:\/\/i0.wp.com\/noticiasribeiraopreto.com.br\/wp-content\/uploads\/2025\/02\/Copia-de-Copia-de-Copia-de-TAMANHO-EXATO-PARA-FOTOS-NO-SISTEMA-NOVO-2025-02-08T111827.079_2025-02-08_14-19-51_png_2025-02-08_14-19-51.webp.webp?fit=1200%2C675&ssl=1&resize=1050%2C600 3x"},"classes":[]}],"jetpack_sharing_enabled":true,"jetpack_shortlink":"https:\/\/wp.me\/peQAOb-kH7","_links":{"self":[{"href":"https:\/\/noticiasribeiraopreto.com.br\/index.php\/wp-json\/wp\/v2\/posts\/79553","targetHints":{"allow":["GET"]}}],"collection":[{"href":"https:\/\/noticiasribeiraopreto.com.br\/index.php\/wp-json\/wp\/v2\/posts"}],"about":[{"href":"https:\/\/noticiasribeiraopreto.com.br\/index.php\/wp-json\/wp\/v2\/types\/post"}],"author":[{"embeddable":true,"href":"https:\/\/noticiasribeiraopreto.com.br\/index.php\/wp-json\/wp\/v2\/users\/1"}],"replies":[{"embeddable":true,"href":"https:\/\/noticiasribeiraopreto.com.br\/index.php\/wp-json\/wp\/v2\/comments?post=79553"}],"version-history":[{"count":0,"href":"https:\/\/noticiasribeiraopreto.com.br\/index.php\/wp-json\/wp\/v2\/posts\/79553\/revisions"}],"wp:featuredmedia":[{"embeddable":true,"href":"https:\/\/noticiasribeiraopreto.com.br\/index.php\/wp-json\/wp\/v2\/media\/79554"}],"wp:attachment":[{"href":"https:\/\/noticiasribeiraopreto.com.br\/index.php\/wp-json\/wp\/v2\/media?parent=79553"}],"wp:term":[{"taxonomy":"category","embeddable":true,"href":"https:\/\/noticiasribeiraopreto.com.br\/index.php\/wp-json\/wp\/v2\/categories?post=79553"},{"taxonomy":"post_tag","embeddable":true,"href":"https:\/\/noticiasribeiraopreto.com.br\/index.php\/wp-json\/wp\/v2\/tags?post=79553"}],"curies":[{"name":"wp","href":"https:\/\/api.w.org\/{rel}","templated":true}]}}