{"id":79555,"date":"2025-11-03T21:07:50","date_gmt":"2025-11-04T00:07:50","guid":{"rendered":"https:\/\/noticiasribeiraopreto.com.br\/index.php\/2025\/11\/03\/botafogo-derrota-volta-redonda-e-deixa-zona-de-rebaixamento\/"},"modified":"2025-11-03T21:07:50","modified_gmt":"2025-11-04T00:07:50","slug":"botafogo-derrota-volta-redonda-e-deixa-zona-de-rebaixamento","status":"publish","type":"post","link":"https:\/\/noticiasribeiraopreto.com.br\/index.php\/2025\/11\/03\/botafogo-derrota-volta-redonda-e-deixa-zona-de-rebaixamento\/","title":{"rendered":"Botafogo derrota Volta Redonda e deixa zona de rebaixamento"},"content":{"rendered":"<p> <br \/>\n<\/p>\n<div id=\"\">\n<h2 class=\"penci-post-subtitle\">Com gol de L\u00e9o Gamalho, Pantera conquista resultado fundamental na S\u00e9rie B<\/h2>\n<p>\n\t\t\t\t\t\t\t\t\t<span class=\"entry-meta-item penci-posted-on\"><i class=\"fa fa-clock-o\"\/><time class=\"entry-date published updated\" datetime=\"2025-11-03T20:59:26-03:00\">3 de novembro de 2025 20:59<\/time><\/span><span class=\"entry-meta-item penci-post-countview\"><span class=\"entry-meta-item penci-post-countview penci_post-meta_item\"><i class=\"fa fa-eye\"\/><span class=\"penci-post-countview-number penci-post-countview-p445155\">3<\/span><\/span><\/span>\t\t\t\t\t\t\t\t<\/p>\n<p><!-- .entry-meta --><br \/>\n\t\t\t\t\t\t\t\t<span class=\"penci-social-buttons penci-social-share-footer\"><span class=\"penci-social-share-text\">Compartilhar<\/span><a href=\"#\" class=\"penci-post-like penci_post-meta_item  single-like-button penci-social-item like\" data-post_id=\"445155\" title=\"Like\" data-like=\"Like\" data-unlike=\"Unlike\"><i class=\"fa fa-thumbs-o-up\"\/><span class=\"penci-share-number\">0<\/span><\/a><i class=\"fa fa-facebook\"\/><a class=\"penci-social-item twitter\" target=\"_blank\" rel=\"noopener\" title=\"\" href=\"https:\/\/twitter.com\/intent\/tweet?text=Botafogo%20derrota%20Volta%20Redonda%20e%20deixa%20zona%20de%20rebaixamento%20-%20https:\/\/www.tribunaribeirao.com.br\/botafogo-derrota-volta-redonda-e-deixa-zona-de-rebaixamento\/\"><i class=\"fa fa-twitter\"\/><\/a><i class=\"fa fa-linkedin\"\/><i class=\"fa fa-whatsapp\"\/><i class=\"fa fa-telegram\"\/><i class=\"fa fa-envelope\"\/><\/span>\t\t\t\t\t\t\t<\/div>\n<div>\n<p><strong><em>Por Hugo Luque<\/em><\/strong><\/p>\n<p>O Botafogo bateu o Volta Redonda por 1 a 0, nesta segunda-feira (3), no Est\u00e1dio Raulino de Oliveira, e deixou a zona de rebaixamento da S\u00e9rie B do Campeonato Brasileiro. L\u00e9o Gamalho, de p\u00eanalti, garantiu os tr\u00eas pontos fundamentais para o Pantera no confronto direto v\u00e1lido pela 35\u00aa rodada do nacional.<\/p>\n<p>A equipe ribeir\u00e3o-pretana entendeu a miss\u00e3o e foi letal fora de casa diante de um advers\u00e1rio tamb\u00e9m desesperado para fugir do Z-4. Poucas foram as chances claras, mas quando a principal delas surgiu, Gamalho n\u00e3o desperdi\u00e7ou.<\/p>\n<p>Com o triunfo, o Botafogo manteve a invencibilidade com Ivan Izzo no comando nesta S\u00e9rie B. O Tricolor subiu para a 16\u00aa posi\u00e7\u00e3o com 35 pontos e jogou o Athletic-MG, que tem 37, para a degola. O Volta\u00e7o estacionou nos 34 e amarga a vice-lanterna da competi\u00e7\u00e3o.<\/p>\n<p>Mais pr\u00f3ximo de permanecer na segunda divis\u00e3o do Brasileiro em 2026, o Bota ainda tem mais tr\u00eas \u201cfinais\u201d, contra Amazonas (outro rival direto), Crici\u00fama e Ava\u00ed. O duelo com o clube do Norte ser\u00e1 na pr\u00f3xima segunda-feira, \u00e0s 21h30, no Est\u00e1dio Santa Cruz\/Arena Nicnet.<\/p>\n<p><strong>O jogo<\/strong><\/p>\n<p>O confronto mostrou, logo de cara, duas equipes nervosas e com problemas cr\u00f4nicos, sobretudo na cria\u00e7\u00e3o de jogadas. As primeiras boas oportunidades vieram do lado botafoguense, com Jefferson Nem, principal v\u00e1lvula de escape do conjunto ribeir\u00e3o-pretano, mas sem sucesso.<\/p>\n<p>Como de costume, os chutes de longa dist\u00e2ncia foram a principal op\u00e7\u00e3o, tamb\u00e9m para o Volta Redonda. Assim, pouco perigo foi gerado. J\u00e1 nos acr\u00e9scimos do primeiro tempo, o VAR checou um poss\u00edvel p\u00eanalti para o Pantera, mas nada marcou.<\/p>\n<p>Em busca de mais criatividade pela faixa central, Ivan Izzo levou o Tricolor de volta dos vesti\u00e1rios com Marquinho no lugar do apagado Gabriel Barros. A grande oportunidade dos primeiros minutos da etapa final, no entanto, foi do Volta Redonda. O time da casa roubou a bola no campo de ataque e ela sobrou para Andr\u00e9 Luiz, dentro da \u00e1rea. O volante, todavia, desperdi\u00e7ou a finaliza\u00e7\u00e3o.<\/p>\n<p>Mais pressionado pelo Volta\u00e7o e fora de casa, o Botafogo ganhou mais refor\u00e7os com poderio ofensivo: L\u00e9o Gamalho e Leandro Maciel. O veterano centroavante precisou de apenas tr\u00eas minutos em campo para fazer a diferen\u00e7a.<\/p>\n<p>Aos 20, Gamalho sofreu p\u00eanalti de Igor Moraes. Ele mesmo bateu e, com classe, deslocou o goleiro advers\u00e1rio para colocar o Pantera em vantagem. O Volta Redonda, ent\u00e3o, precisou sair mais para o ataque, mas esbarrou na incapacidade de furar o bloqueio paulista e n\u00e3o conseguiu reagir.<\/p>\n<p><!-- CONTENT END 3 -->\n<\/div>\n<p><script async src=\"\/\/platform.twitter.com\/widgets.js\" charset=\"utf-8\"><\/script><br \/>\n<br \/><br \/>\n<br \/><a href=\"https:\/\/www.tribunaribeirao.com.br\/botafogo-derrota-volta-redonda-e-deixa-zona-de-rebaixamento\/\">Source link <\/a><\/p>\n","protected":false},"excerpt":{"rendered":"<p>Com gol de L\u00e9o Gamalho, Pantera conquista resultado fundamental na S\u00e9rie B 3 de novembro de 2025 20:593 Compartilhar0 Por Hugo Luque O Botafogo bateu&#8230;<\/p>\n","protected":false},"author":1,"featured_media":79556,"comment_status":"open","ping_status":"open","sticky":false,"template":"","format":"standard","meta":{"advanced_seo_description":"","jetpack_seo_html_title":"","jetpack_seo_noindex":false,"jetpack_post_was_ever_published":false,"_jetpack_newsletter_access":"","_jetpack_dont_email_post_to_subs":false,"_jetpack_newsletter_tier_id":0,"_jetpack_memberships_contains_paywalled_content":false,"_jetpack_memberships_contains_paid_content":false,"footnotes":"","jetpack_publicize_message":"","jetpack_publicize_feature_enabled":true,"jetpack_social_post_already_shared":true,"jetpack_social_options":{"image_generator_settings":{"template":"highway","default_image_id":0,"font":"","enabled":false},"version":2}},"categories":[11],"tags":[],"class_list":["post-79555","post","type-post","status-publish","format-standard","has-post-thumbnail","hentry","category-noticias-de-ribeirao-preto-sp-e-regiao-ismael-colosi"],"jetpack_publicize_connections":[],"jetpack_featured_media_url":"https:\/\/i0.wp.com\/noticiasribeiraopreto.com.br\/wp-content\/uploads\/2025\/11\/1-Volta-Redonda-x-Botafogo-Luiz-Fernando-Cosenzo_Agencia-Botafogo-scaled.jpeg?fit=1170%2C780&ssl=1","jetpack-related-posts":[{"id":77465,"url":"https:\/\/noticiasribeiraopreto.com.br\/index.php\/2025\/09\/19\/defesa-civil-publica-alerta-para-o-estado-de-sp-veja-regioes-afetadas\/","url_meta":{"origin":79555,"position":0},"title":"Defesa Civil publica alerta para o estado de SP; Veja regi\u00f5es afetadas","author":"noticiasribeiraopreto.com.br","date":"19 de September de 2025","format":false,"excerpt":"A Defesa Civil emitiu alerta para calor, baixa umidade do ar, queimadas e chuvas fortes no estado de S\u00e3o Paulo a partir desta sexta-feira (19). No domingo (21) est\u00e1 prevista a aproxima\u00e7\u00e3o de uma frente fria. Segundo o \u00f3rg\u00e3o, entre esta sexta e domingo a previs\u00e3o \u00e9 de predom\u00ednio de\u2026","rel":"","context":"In &quot;Not\u00edcias de Ribeir\u00e3o Preto-SP e Regi\u00e3o&quot;","block_context":{"text":"Not\u00edcias de Ribeir\u00e3o Preto-SP e Regi\u00e3o","link":"https:\/\/noticiasribeiraopreto.com.br\/index.php\/category\/noticias-de-ribeirao-preto-sp-e-regiao-ismael-colosi\/"},"img":{"alt_text":"","src":"https:\/\/i0.wp.com\/noticiasribeiraopreto.com.br\/wp-content\/uploads\/2025\/07\/WhatsApp-Image-2024-07-13-at-19.42.17_2024-07-13_22-42-51_jpeg_2024-07-13_22-42-51.webp.webp?fit=1200%2C553&ssl=1&resize=350%2C200","width":350,"height":200,"srcset":"https:\/\/i0.wp.com\/noticiasribeiraopreto.com.br\/wp-content\/uploads\/2025\/07\/WhatsApp-Image-2024-07-13-at-19.42.17_2024-07-13_22-42-51_jpeg_2024-07-13_22-42-51.webp.webp?fit=1200%2C553&ssl=1&resize=350%2C200 1x, https:\/\/i0.wp.com\/noticiasribeiraopreto.com.br\/wp-content\/uploads\/2025\/07\/WhatsApp-Image-2024-07-13-at-19.42.17_2024-07-13_22-42-51_jpeg_2024-07-13_22-42-51.webp.webp?fit=1200%2C553&ssl=1&resize=525%2C300 1.5x, https:\/\/i0.wp.com\/noticiasribeiraopreto.com.br\/wp-content\/uploads\/2025\/07\/WhatsApp-Image-2024-07-13-at-19.42.17_2024-07-13_22-42-51_jpeg_2024-07-13_22-42-51.webp.webp?fit=1200%2C553&ssl=1&resize=700%2C400 2x, https:\/\/i0.wp.com\/noticiasribeiraopreto.com.br\/wp-content\/uploads\/2025\/07\/WhatsApp-Image-2024-07-13-at-19.42.17_2024-07-13_22-42-51_jpeg_2024-07-13_22-42-51.webp.webp?fit=1200%2C553&ssl=1&resize=1050%2C600 3x"},"classes":[]},{"id":16216,"url":"https:\/\/noticiasribeiraopreto.com.br\/index.php\/2023\/12\/15\/urgente-publicado-edital-para-144-vagas-e-cadastros-de-analistas-2\/","url_meta":{"origin":79555,"position":1},"title":"Urgente! Publicado edital para 144 vagas e cadastros de analistas","author":"noticiasribeiraopreto.com.br","date":"15 de December de 2023","format":false,"excerpt":"Foi publicado, no di\u00e1rio oficial da Uni\u00e3o desta sexta-feira, 15 de dezembro, o edital do novo concurso Capes (Coordena\u00e7\u00e3o de Aperfei\u00e7oamento de Pessoal de N\u00edvel Superior). A sele\u00e7\u00e3o j\u00e1 contava com contrato assinado com a banca desde o \u00faltimo dia 1 de dezembro e conta com oferta de 144 vagas,\u2026","rel":"","context":"In &quot;Vagas de Emprego em Ribeir\u00e3o Preto-SP&quot;","block_context":{"text":"Vagas de Emprego em Ribeir\u00e3o Preto-SP","link":"https:\/\/noticiasribeiraopreto.com.br\/index.php\/category\/empregos-classificados-vagas-trabalho\/vagas-de-empregos-em-ribeirao-preto-regiao-brasil\/"},"img":{"alt_text":"cap1","src":"https:\/\/i0.wp.com\/jcconcursos.com.br\/media\/uploads\/cap1.jpg?resize=350%2C200&ssl=1","width":350,"height":200,"srcset":"https:\/\/i0.wp.com\/jcconcursos.com.br\/media\/uploads\/cap1.jpg?resize=350%2C200&ssl=1 1x, https:\/\/i0.wp.com\/jcconcursos.com.br\/media\/uploads\/cap1.jpg?resize=525%2C300&ssl=1 1.5x, https:\/\/i0.wp.com\/jcconcursos.com.br\/media\/uploads\/cap1.jpg?resize=700%2C400&ssl=1 2x"},"classes":[]},{"id":40392,"url":"https:\/\/noticiasribeiraopreto.com.br\/index.php\/2024\/03\/03\/arquivo-recebeu-mais-de-13-mil-pedidos-de-certidoes-de-imigracao\/","url_meta":{"origin":79555,"position":2},"title":"Arquivo recebeu mais de 13 mil pedidos de certid\u00f5es de imigra\u00e7\u00e3o\u00a0","author":"noticiasribeiraopreto.com.br","date":"3 de March de 2024","format":false,"excerpt":"3 de mar\u00e7o de 2024 | 11:002 de mar\u00e7o de 2024 | 11:56 0O Arquivo P\u00fablico do Estado de S\u00e3o Paulo (APESP) recebeu 13.372 requerimentos de certid\u00f5es de imigra\u00e7\u00e3o em 2023. Desse total, quase 60% foram de descendentes italianos em busca de mais informa\u00e7\u00f5es sobre os familiares. Desde 2011, os\u2026","rel":"","context":"In &quot;Not\u00edcias de Ribeir\u00e3o Preto-SP e Regi\u00e3o&quot;","block_context":{"text":"Not\u00edcias de Ribeir\u00e3o Preto-SP e Regi\u00e3o","link":"https:\/\/noticiasribeiraopreto.com.br\/index.php\/category\/noticias-de-ribeirao-preto-sp-e-regiao-ismael-colosi\/"},"img":{"alt_text":"","src":"https:\/\/i0.wp.com\/noticiasribeiraopreto.com.br\/wp-content\/uploads\/2024\/03\/fotoarquivopublicodoestadodesaopaulo-creditoreproducao-scaled.jpg?fit=967%2C645&ssl=1&resize=350%2C200","width":350,"height":200,"srcset":"https:\/\/i0.wp.com\/noticiasribeiraopreto.com.br\/wp-content\/uploads\/2024\/03\/fotoarquivopublicodoestadodesaopaulo-creditoreproducao-scaled.jpg?fit=967%2C645&ssl=1&resize=350%2C200 1x, https:\/\/i0.wp.com\/noticiasribeiraopreto.com.br\/wp-content\/uploads\/2024\/03\/fotoarquivopublicodoestadodesaopaulo-creditoreproducao-scaled.jpg?fit=967%2C645&ssl=1&resize=525%2C300 1.5x, https:\/\/i0.wp.com\/noticiasribeiraopreto.com.br\/wp-content\/uploads\/2024\/03\/fotoarquivopublicodoestadodesaopaulo-creditoreproducao-scaled.jpg?fit=967%2C645&ssl=1&resize=700%2C400 2x"},"classes":[]},{"id":75001,"url":"https:\/\/noticiasribeiraopreto.com.br\/index.php\/2025\/08\/01\/roubos-avancam-em-junho-ante-maio\/","url_meta":{"origin":79555,"position":3},"title":"Roubos avan\u00e7am em junho ante maio","author":"noticiasribeiraopreto.com.br","date":"1 de August de 2025","format":false,"excerpt":"A Secretaria de Seguran\u00e7a P\u00fablica do Estado de S\u00e3o Paulo (SSP\/SP) divulgou os resultados das \u201cEstat\u00edsticas da Criminalidade\u201d. Em Ribeir\u00e3o Preto, todos os crimes contra o patrim\u00f4nio registraram queda \u2013 furtos e roubos em geral e furtos e roubos de ve\u00edculos \u2013 no primeiro semestre deste ano em rela\u00e7\u00e3o ao\u2026","rel":"","context":"In &quot;Not\u00edcias de Ribeir\u00e3o Preto-SP e Regi\u00e3o&quot;","block_context":{"text":"Not\u00edcias de Ribeir\u00e3o Preto-SP e Regi\u00e3o","link":"https:\/\/noticiasribeiraopreto.com.br\/index.php\/category\/noticias-de-ribeirao-preto-sp-e-regiao-ismael-colosi\/"},"img":{"alt_text":"","src":"https:\/\/i0.wp.com\/noticiasribeiraopreto.com.br\/wp-content\/uploads\/2025\/08\/CrimeRP-Pixabay-scaled.jpg?fit=1170%2C780&ssl=1&resize=350%2C200","width":350,"height":200,"srcset":"https:\/\/i0.wp.com\/noticiasribeiraopreto.com.br\/wp-content\/uploads\/2025\/08\/CrimeRP-Pixabay-scaled.jpg?fit=1170%2C780&ssl=1&resize=350%2C200 1x, https:\/\/i0.wp.com\/noticiasribeiraopreto.com.br\/wp-content\/uploads\/2025\/08\/CrimeRP-Pixabay-scaled.jpg?fit=1170%2C780&ssl=1&resize=525%2C300 1.5x, https:\/\/i0.wp.com\/noticiasribeiraopreto.com.br\/wp-content\/uploads\/2025\/08\/CrimeRP-Pixabay-scaled.jpg?fit=1170%2C780&ssl=1&resize=700%2C400 2x, https:\/\/i0.wp.com\/noticiasribeiraopreto.com.br\/wp-content\/uploads\/2025\/08\/CrimeRP-Pixabay-scaled.jpg?fit=1170%2C780&ssl=1&resize=1050%2C600 3x"},"classes":[]},{"id":17127,"url":"https:\/\/noticiasribeiraopreto.com.br\/index.php\/2023\/12\/17\/gigante-oceanica-oferta-mais-de-50-vagas-de-emprego-para-auxiliares-eletricistas-moco-de-conves-marinheiros-e-mais\/","url_meta":{"origin":79555,"position":4},"title":"Gigante Oce\u00e2nica oferta mais de 50 vagas de emprego para auxiliares, eletricistas, mo\u00e7o de conv\u00e9s, marinheiros e mais!","author":"noticiasribeiraopreto.com.br","date":"17 de December de 2023","format":false,"excerpt":"Foto: Reprodu\u00e7\u00e3o sejaoceanica.gupy.io As vagas de emprego da Oce\u00e2nica s\u00e3o para as cidades do Rio de Janeiro, Maca\u00e9 e Rio das Ostras e s\u00e3o para diversos cargos e \u00e1reas. Confira abaixo como concorrer! Com atua\u00e7\u00e3o de 44 anos no mercado, a empresa brasileira Oce\u00e2nica \u00e9 l\u00edder em integridade de \u00f3leo\u2026","rel":"","context":"In &quot;Vagas de Emprego em Ribeir\u00e3o Preto-SP&quot;","block_context":{"text":"Vagas de Emprego em Ribeir\u00e3o Preto-SP","link":"https:\/\/noticiasribeiraopreto.com.br\/index.php\/category\/empregos-classificados-vagas-trabalho\/vagas-de-empregos-em-ribeirao-preto-regiao-brasil\/"},"img":{"alt_text":"","src":"https:\/\/i0.wp.com\/noticiasribeiraopreto.com.br\/wp-content\/uploads\/2023\/12\/2022-06-29_16-03_mainImage-1-830x450.png?fit=830%2C450&ssl=1&resize=350%2C200","width":350,"height":200,"srcset":"https:\/\/i0.wp.com\/noticiasribeiraopreto.com.br\/wp-content\/uploads\/2023\/12\/2022-06-29_16-03_mainImage-1-830x450.png?fit=830%2C450&ssl=1&resize=350%2C200 1x, https:\/\/i0.wp.com\/noticiasribeiraopreto.com.br\/wp-content\/uploads\/2023\/12\/2022-06-29_16-03_mainImage-1-830x450.png?fit=830%2C450&ssl=1&resize=525%2C300 1.5x, https:\/\/i0.wp.com\/noticiasribeiraopreto.com.br\/wp-content\/uploads\/2023\/12\/2022-06-29_16-03_mainImage-1-830x450.png?fit=830%2C450&ssl=1&resize=700%2C400 2x"},"classes":[]},{"id":38834,"url":"https:\/\/noticiasribeiraopreto.com.br\/index.php\/2024\/02\/21\/inmet-alerta-para-chuvas-intensas-no-interior-de-sp-veja-previsao-para-10-dias-em-ribeirao\/","url_meta":{"origin":79555,"position":5},"title":"Inmet alerta para chuvas intensas no interior de SP; Veja previs\u00e3o para 10 dias em Ribeir\u00e3o","author":"noticiasribeiraopreto.com.br","date":"21 de February de 2024","format":false,"excerpt":"O Instituto Nacional de Meteorologia (Inmet) emitiu um alerta, nesta quarta-feira (21), de \u201cperigo potencial\u201d para chuvas intensas no interior de S\u00e3o Paulo, incluindo a regi\u00e3o de Ribeir\u00e3o Preto. O comunicado, que \u00e9 v\u00e1lido at\u00e9 a manh\u00e3 desta quinta-feira (22), prev\u00ea chuva de at\u00e9 50 mil\u00edmetros por dia, com ventos\u2026","rel":"","context":"In &quot;Not\u00edcias de Ribeir\u00e3o Preto-SP e Regi\u00e3o&quot;","block_context":{"text":"Not\u00edcias de Ribeir\u00e3o Preto-SP e Regi\u00e3o","link":"https:\/\/noticiasribeiraopreto.com.br\/index.php\/category\/noticias-de-ribeirao-preto-sp-e-regiao-ismael-colosi\/"},"img":{"alt_text":"","src":"https:\/\/i0.wp.com\/noticiasribeiraopreto.com.br\/wp-content\/uploads\/2024\/02\/chuva_ribeirao_1024x576_27012021223007.jpg?fit=1024%2C576&ssl=1&resize=350%2C200","width":350,"height":200,"srcset":"https:\/\/i0.wp.com\/noticiasribeiraopreto.com.br\/wp-content\/uploads\/2024\/02\/chuva_ribeirao_1024x576_27012021223007.jpg?fit=1024%2C576&ssl=1&resize=350%2C200 1x, https:\/\/i0.wp.com\/noticiasribeiraopreto.com.br\/wp-content\/uploads\/2024\/02\/chuva_ribeirao_1024x576_27012021223007.jpg?fit=1024%2C576&ssl=1&resize=525%2C300 1.5x, https:\/\/i0.wp.com\/noticiasribeiraopreto.com.br\/wp-content\/uploads\/2024\/02\/chuva_ribeirao_1024x576_27012021223007.jpg?fit=1024%2C576&ssl=1&resize=700%2C400 2x"},"classes":[]}],"jetpack_sharing_enabled":true,"jetpack_shortlink":"https:\/\/wp.me\/peQAOb-kH9","_links":{"self":[{"href":"https:\/\/noticiasribeiraopreto.com.br\/index.php\/wp-json\/wp\/v2\/posts\/79555","targetHints":{"allow":["GET"]}}],"collection":[{"href":"https:\/\/noticiasribeiraopreto.com.br\/index.php\/wp-json\/wp\/v2\/posts"}],"about":[{"href":"https:\/\/noticiasribeiraopreto.com.br\/index.php\/wp-json\/wp\/v2\/types\/post"}],"author":[{"embeddable":true,"href":"https:\/\/noticiasribeiraopreto.com.br\/index.php\/wp-json\/wp\/v2\/users\/1"}],"replies":[{"embeddable":true,"href":"https:\/\/noticiasribeiraopreto.com.br\/index.php\/wp-json\/wp\/v2\/comments?post=79555"}],"version-history":[{"count":0,"href":"https:\/\/noticiasribeiraopreto.com.br\/index.php\/wp-json\/wp\/v2\/posts\/79555\/revisions"}],"wp:featuredmedia":[{"embeddable":true,"href":"https:\/\/noticiasribeiraopreto.com.br\/index.php\/wp-json\/wp\/v2\/media\/79556"}],"wp:attachment":[{"href":"https:\/\/noticiasribeiraopreto.com.br\/index.php\/wp-json\/wp\/v2\/media?parent=79555"}],"wp:term":[{"taxonomy":"category","embeddable":true,"href":"https:\/\/noticiasribeiraopreto.com.br\/index.php\/wp-json\/wp\/v2\/categories?post=79555"},{"taxonomy":"post_tag","embeddable":true,"href":"https:\/\/noticiasribeiraopreto.com.br\/index.php\/wp-json\/wp\/v2\/tags?post=79555"}],"curies":[{"name":"wp","href":"https:\/\/api.w.org\/{rel}","templated":true}]}}