{"id":79557,"date":"2025-11-03T22:19:57","date_gmt":"2025-11-04T01:19:57","guid":{"rendered":"https:\/\/noticiasribeiraopreto.com.br\/index.php\/2025\/11\/03\/na-briga-contra-o-rebaixamento-botafogo-vence-o-volta-redonda-fora-de-casa-e-sai-do-z-4\/"},"modified":"2025-11-03T22:19:57","modified_gmt":"2025-11-04T01:19:57","slug":"na-briga-contra-o-rebaixamento-botafogo-vence-o-volta-redonda-fora-de-casa-e-sai-do-z-4","status":"publish","type":"post","link":"https:\/\/noticiasribeiraopreto.com.br\/index.php\/2025\/11\/03\/na-briga-contra-o-rebaixamento-botafogo-vence-o-volta-redonda-fora-de-casa-e-sai-do-z-4\/","title":{"rendered":"Na briga contra o rebaixamento, Botafogo vence o Volta Redonda fora de casa e sai do Z-4"},"content":{"rendered":"<div class='code-block code-block-1' style='margin: 8px 0 8px auto; text-align: right; display: block; clear: both;'>\n<p><a href=\"https:\/\/wa.link\/vpicfd\"><img data-recalc-dims=\"1\" class=\"wp-image-4922\" style=\"aspect-ratio: 2.0253164556962027; width: 561px; height: auto;\" src=\"https:\/\/i0.wp.com\/ismaelcolosi.com.br\/wp-content\/uploads\/2023\/11\/grupo-de-empregos-whatsapp-e-facebook-ismael-colosi-vagas.jpg?ssl=1\" alt=\"\" \/><\/a><\/p>\n<!-- \/wp:image -->\n<\/div>\n<p> <br \/>\n<\/p>\n<div>\n<p>O<strong> Botafogo venceu o Volta Redonda por 1 a 0 na noite desta segunda-feira (3)<\/strong>, no Est\u00e1dio Raulino de Oliveira, em Volta Redonda, e conquistou um resultado fundamental na luta contra o rebaixamento da S\u00e9rie B do Campeonato Brasileiro.<\/p>\n<p>Com o triunfo fora de casa, o Pantera chegou a <strong>38 pontos<\/strong> e subiu para a <strong>16\u00aa coloca\u00e7\u00e3o<\/strong>, saindo momentaneamente da zona de rebaixamento. O Volta Redonda, por outro lado, se complicou ainda mais na tabela e segue na <strong>19\u00aa posi\u00e7\u00e3o<\/strong>, afundado no Z-4.<\/p>\n<figure class=\"wp-block-gallery has-nested-images columns-default is-cropped wp-block-gallery-1 is-layout-flex wp-block-gallery-is-layout-flex\">\n<figure class=\"wp-block-image size-large\"><img data-recalc-dims=\"1\" fetchpriority=\"high\" decoding=\"async\" width=\"1024\" height=\"683\" data-id=\"134603\" src=\"https:\/\/i0.wp.com\/cdn.media-acidadeon.com.br\/ribeiraopreto\/wp-content\/uploads\/sites\/3\/2025\/11\/image_2025-11-03_23-41-45-1024x683.webp?resize=1024%2C683&#038;ssl=1\" alt=\"z-4\" class=\"wp-image-134603\" title=\"Na briga contra o rebaixamento, Botafogo vence o Volta Redonda fora de casa e sai do Z-4 1\" srcset=\"https:\/\/cdn.media-acidadeon.com.br\/ribeiraopreto\/wp-content\/uploads\/sites\/3\/2025\/11\/image_2025-11-03_23-41-45-1024x683.webp 1024w, https:\/\/cdn.media-acidadeon.com.br\/ribeiraopreto\/wp-content\/uploads\/sites\/3\/2025\/11\/image_2025-11-03_23-41-45-300x200.webp 300w, https:\/\/cdn.media-acidadeon.com.br\/ribeiraopreto\/wp-content\/uploads\/sites\/3\/2025\/11\/image_2025-11-03_23-41-45-768x512.webp 768w, https:\/\/cdn.media-acidadeon.com.br\/ribeiraopreto\/wp-content\/uploads\/sites\/3\/2025\/11\/image_2025-11-03_23-41-45-696x464.webp 696w, https:\/\/cdn.media-acidadeon.com.br\/ribeiraopreto\/wp-content\/uploads\/sites\/3\/2025\/11\/image_2025-11-03_23-41-45-1068x712.webp 1068w, https:\/\/cdn.media-acidadeon.com.br\/ribeiraopreto\/wp-content\/uploads\/sites\/3\/2025\/11\/image_2025-11-03_23-41-45.webp 1200w\" sizes=\"(max-width: 1024px) 100vw, 1024px\"\/><\/figure>\n<figure class=\"wp-block-image size-large\"><img data-recalc-dims=\"1\" loading=\"lazy\" decoding=\"async\" width=\"1024\" height=\"683\" data-id=\"134602\" src=\"https:\/\/i0.wp.com\/cdn.media-acidadeon.com.br\/ribeiraopreto\/wp-content\/uploads\/sites\/3\/2025\/11\/image_2025-11-03_23-41-31-1024x683.webp?resize=1024%2C683&#038;ssl=1\" alt=\"botafogo\" class=\"wp-image-134602\" title=\"Na briga contra o rebaixamento, Botafogo vence o Volta Redonda fora de casa e sai do Z-4 2\" srcset=\"https:\/\/cdn.media-acidadeon.com.br\/ribeiraopreto\/wp-content\/uploads\/sites\/3\/2025\/11\/image_2025-11-03_23-41-31-1024x683.webp 1024w, https:\/\/cdn.media-acidadeon.com.br\/ribeiraopreto\/wp-content\/uploads\/sites\/3\/2025\/11\/image_2025-11-03_23-41-31-300x200.webp 300w, https:\/\/cdn.media-acidadeon.com.br\/ribeiraopreto\/wp-content\/uploads\/sites\/3\/2025\/11\/image_2025-11-03_23-41-31-768x512.webp 768w, https:\/\/cdn.media-acidadeon.com.br\/ribeiraopreto\/wp-content\/uploads\/sites\/3\/2025\/11\/image_2025-11-03_23-41-31-696x464.webp 696w, https:\/\/cdn.media-acidadeon.com.br\/ribeiraopreto\/wp-content\/uploads\/sites\/3\/2025\/11\/image_2025-11-03_23-41-31-1068x712.webp 1068w, https:\/\/cdn.media-acidadeon.com.br\/ribeiraopreto\/wp-content\/uploads\/sites\/3\/2025\/11\/image_2025-11-03_23-41-31.webp 1200w\" sizes=\"auto, (max-width: 1024px) 100vw, 1024px\"\/><\/figure>\n<\/figure>\n<h3 class=\"wp-block-heading\"><strong>Primeiro tempo<\/strong><\/h3>\n<p>O primeiro tempo foi equilibrado e terminou sem gols, repetindo o cen\u00e1rio do duelo do primeiro turno. O Botafogo come\u00e7ou melhor, criando as principais chances com Jefferson Nem, que levou perigo \u00e0 defesa advers\u00e1ria, mas n\u00e3o conseguiu concluir com precis\u00e3o. O Volta Redonda respondeu com maior posse de bola e tentativas de longa dist\u00e2ncia, mas sem efetividade.<\/p>\n<h3 class=\"wp-block-heading\"><strong>Etapa final<\/strong><\/h3>\n<p>Aos <strong>20 minutos do segundo tempo<\/strong>, o \u00e1rbitro <strong>Paulo Roberto Alves J\u00fanior<\/strong> marcou p\u00eanalti de <strong>Igor Moraes<\/strong> em <strong>L\u00e9o Gamalho<\/strong>. O centroavante foi para a cobran\u00e7a e converteu com tranquilidade: bola no canto direito e goleiro no esquerdo. O gol garantiu a vit\u00f3ria do Pantera fora de casa.<\/p>\n<p>Depois de abrir o placar, o Botafogo se fechou na defesa e apostou nos contra-ataques para segurar o resultado at\u00e9 o apito final. O Volta Redonda at\u00e9 tentou pressionar, mas n\u00e3o conseguiu furar o bloqueio tricolor.<\/p>\n<h4 class=\"wp-block-heading\"><strong>Pr\u00f3ximos jogos<\/strong><\/h4>\n<p>Na pr\u00f3xima <strong>segunda-feira (10)<\/strong>, o <strong>Botafogo <\/strong>recebe o <strong>Amazonas<\/strong>, \u00e0s <strong>19h<\/strong>, no <strong>Est\u00e1dio Santa Cruz<\/strong>, em Ribeir\u00e3o Preto. J\u00e1 o <strong>Volta Redonda<\/strong> volta a campo no <strong>s\u00e1bado (8)<\/strong>, contra o <strong>Athletico Paranaense<\/strong>, no <strong>Paran\u00e1<\/strong>.<\/p>\n<hr class=\"wp-block-separator has-alpha-channel-opacity\"\/>\n<p>SAIBA MAIS<\/p>\n<p>Concurso p\u00fablico da Artesp tem 142 vagas e sal\u00e1rios de at\u00e9 R$ 12 mil<\/p>\n<h2 class=\"wp-block-heading\"><strong>FIQUE ON<\/strong><\/h2>\n<p>Fique ligado em tudo que acontece em Ribeir\u00e3o Preto e regi\u00e3o. Siga os perfis do\u00a0<strong>acidade on<\/strong>\u00a0no<a href=\"https:\/\/www.instagram.com\/acidadeonribeirao\" target=\"_blank\" rel=\"noreferrer noopener\">\u00a0Instagram<\/a>\u00a0e no<a href=\"https:\/\/www.facebook.com\/acidadeonribeirao\/\" target=\"_blank\" rel=\"noreferrer noopener\">\u00a0Facebook<\/a>.<\/p>\n<p>Receba not\u00edcias do\u00a0<strong>acidade on<\/strong>\u00a0no WhatsApp. Para entrar no grupo,\u00a0basta\u00a0<a href=\"https:\/\/chat.whatsapp.com\/I4nieTEMKlf50pJ28aMemC?mode=ac_t\" target=\"_blank\" rel=\"noreferrer noopener\">clicar aqui<\/a>. Ou, acesse o nosso\u00a0Canal<a href=\"https:\/\/whatsapp.com\/channel\/0029Vb6IQl1JENyAeS57fk2p\" target=\"_blank\" rel=\"noreferrer noopener\">\u00a0clicando aqui<\/a>.<\/p>\n<p>Fa\u00e7a uma den\u00fancia ou sugira uma reportagem sobre Ribeir\u00e3o Preto e regi\u00e3o pelo WhatsApp: 16 99117 7802.<\/p>\n<p>VEJA TAMB\u00c9M<\/p>\n<p>Quais s\u00e3o os jogos mensais de novembro do PS Plus?<\/p>\n<p><!-- AI CONTENT END 1 -->\n<\/div>\n<p><script async src=\"\/\/www.instagram.com\/embed.js\"><\/script><br \/>\n<br \/><br \/>\n<br \/><a href=\"https:\/\/www.acidadeon.com\/ribeiraopreto\/esportes\/na-briga-contra-o-rebaixamento-botafogo-vence-o-volta-redonda-fora-de-casa-e-sai-do-z-4\/\">Source link <\/a><\/p>\n<!-- CONTENT END 1 -->\n","protected":false},"excerpt":{"rendered":"<p>O Botafogo venceu o Volta Redonda por 1 a 0 na noite desta segunda-feira (3), no Est\u00e1dio Raulino de Oliveira, em Volta Redonda, e conquistou&#8230;<\/p>\n","protected":false},"author":1,"featured_media":79558,"comment_status":"open","ping_status":"open","sticky":false,"template":"","format":"standard","meta":{"advanced_seo_description":"","jetpack_seo_html_title":"","jetpack_seo_noindex":false,"jetpack_post_was_ever_published":false,"_jetpack_newsletter_access":"","_jetpack_dont_email_post_to_subs":false,"_jetpack_newsletter_tier_id":0,"_jetpack_memberships_contains_paywalled_content":false,"_jetpack_memberships_contains_paid_content":false,"footnotes":"","jetpack_publicize_message":"","jetpack_publicize_feature_enabled":true,"jetpack_social_post_already_shared":true,"jetpack_social_options":{"image_generator_settings":{"template":"highway","default_image_id":0,"font":"","enabled":false},"version":2}},"categories":[11],"tags":[],"class_list":["post-79557","post","type-post","status-publish","format-standard","has-post-thumbnail","hentry","category-noticias-de-ribeirao-preto-sp-e-regiao-ismael-colosi"],"jetpack_publicize_connections":[],"jetpack_featured_media_url":"https:\/\/i0.wp.com\/noticiasribeiraopreto.com.br\/wp-content\/uploads\/2025\/11\/palace-10_2025-11-03_23-56-44.webp.webp?fit=1200%2C675&ssl=1","jetpack-related-posts":[{"id":79555,"url":"https:\/\/noticiasribeiraopreto.com.br\/index.php\/2025\/11\/03\/botafogo-derrota-volta-redonda-e-deixa-zona-de-rebaixamento\/","url_meta":{"origin":79557,"position":0},"title":"Botafogo derrota Volta Redonda e deixa zona de rebaixamento","author":"noticiasribeiraopreto.com.br","date":"3 de November de 2025","format":false,"excerpt":"Com gol de L\u00e9o Gamalho, Pantera conquista resultado fundamental na S\u00e9rie B 3 de novembro de 2025 20:593 Compartilhar0 Por Hugo Luque O Botafogo bateu o Volta Redonda por 1 a 0, nesta segunda-feira (3), no Est\u00e1dio Raulino de Oliveira, e deixou a zona de rebaixamento da S\u00e9rie B do\u2026","rel":"","context":"In &quot;Not\u00edcias de Ribeir\u00e3o Preto-SP e Regi\u00e3o&quot;","block_context":{"text":"Not\u00edcias de Ribeir\u00e3o Preto-SP e Regi\u00e3o","link":"https:\/\/noticiasribeiraopreto.com.br\/index.php\/category\/noticias-de-ribeirao-preto-sp-e-regiao-ismael-colosi\/"},"img":{"alt_text":"","src":"https:\/\/i0.wp.com\/noticiasribeiraopreto.com.br\/wp-content\/uploads\/2025\/11\/1-Volta-Redonda-x-Botafogo-Luiz-Fernando-Cosenzo_Agencia-Botafogo-scaled.jpeg?fit=1170%2C780&ssl=1&resize=350%2C200","width":350,"height":200,"srcset":"https:\/\/i0.wp.com\/noticiasribeiraopreto.com.br\/wp-content\/uploads\/2025\/11\/1-Volta-Redonda-x-Botafogo-Luiz-Fernando-Cosenzo_Agencia-Botafogo-scaled.jpeg?fit=1170%2C780&ssl=1&resize=350%2C200 1x, https:\/\/i0.wp.com\/noticiasribeiraopreto.com.br\/wp-content\/uploads\/2025\/11\/1-Volta-Redonda-x-Botafogo-Luiz-Fernando-Cosenzo_Agencia-Botafogo-scaled.jpeg?fit=1170%2C780&ssl=1&resize=525%2C300 1.5x, https:\/\/i0.wp.com\/noticiasribeiraopreto.com.br\/wp-content\/uploads\/2025\/11\/1-Volta-Redonda-x-Botafogo-Luiz-Fernando-Cosenzo_Agencia-Botafogo-scaled.jpeg?fit=1170%2C780&ssl=1&resize=700%2C400 2x, https:\/\/i0.wp.com\/noticiasribeiraopreto.com.br\/wp-content\/uploads\/2025\/11\/1-Volta-Redonda-x-Botafogo-Luiz-Fernando-Cosenzo_Agencia-Botafogo-scaled.jpeg?fit=1170%2C780&ssl=1&resize=1050%2C600 3x"},"classes":[]},{"id":74034,"url":"https:\/\/noticiasribeiraopreto.com.br\/index.php\/2025\/07\/14\/botafogo-empata-com-volta-redonda\/","url_meta":{"origin":79557,"position":1},"title":"Botafogo empata com Volta Redonda","author":"noticiasribeiraopreto.com.br","date":"14 de July de 2025","format":false,"excerpt":"Pantera n\u00e3o consegue sair do zero e fica na zona de rebaixamento 14 de julho de 2025 23:434 Compartilhar1 Por Hugo Luque O Botafogo empatou em 0 a 0 com o Volta Redonda na fria noite desta segunda-feira (14), no Est\u00e1dio Santa Cruz\/Arena Nicnet, pela 16\u00aa rodada da S\u00e9rie B\u2026","rel":"","context":"In &quot;Not\u00edcias de Ribeir\u00e3o Preto-SP e Regi\u00e3o&quot;","block_context":{"text":"Not\u00edcias de Ribeir\u00e3o Preto-SP e Regi\u00e3o","link":"https:\/\/noticiasribeiraopreto.com.br\/index.php\/category\/noticias-de-ribeirao-preto-sp-e-regiao-ismael-colosi\/"},"img":{"alt_text":"","src":"https:\/\/i0.wp.com\/noticiasribeiraopreto.com.br\/wp-content\/uploads\/2025\/07\/Botafogo-x-Volta-Redonda-Raul-Ramos-scaled.jpg?fit=1200%2C800&ssl=1&resize=350%2C200","width":350,"height":200,"srcset":"https:\/\/i0.wp.com\/noticiasribeiraopreto.com.br\/wp-content\/uploads\/2025\/07\/Botafogo-x-Volta-Redonda-Raul-Ramos-scaled.jpg?fit=1200%2C800&ssl=1&resize=350%2C200 1x, https:\/\/i0.wp.com\/noticiasribeiraopreto.com.br\/wp-content\/uploads\/2025\/07\/Botafogo-x-Volta-Redonda-Raul-Ramos-scaled.jpg?fit=1200%2C800&ssl=1&resize=525%2C300 1.5x, https:\/\/i0.wp.com\/noticiasribeiraopreto.com.br\/wp-content\/uploads\/2025\/07\/Botafogo-x-Volta-Redonda-Raul-Ramos-scaled.jpg?fit=1200%2C800&ssl=1&resize=700%2C400 2x, https:\/\/i0.wp.com\/noticiasribeiraopreto.com.br\/wp-content\/uploads\/2025\/07\/Botafogo-x-Volta-Redonda-Raul-Ramos-scaled.jpg?fit=1200%2C800&ssl=1&resize=1050%2C600 3x"},"classes":[]},{"id":74004,"url":"https:\/\/noticiasribeiraopreto.com.br\/index.php\/2025\/07\/14\/botafogo-encara-volta-redonda-em-confronto-direto-contra-o-rebaixamento\/","url_meta":{"origin":79557,"position":2},"title":"Botafogo encara Volta Redonda em confronto direto contra o rebaixamento","author":"noticiasribeiraopreto.com.br","date":"14 de July de 2025","format":false,"excerpt":"Por Hugo Luque O Botafogo recebe o Volta Redonda nesta segunda-feira (14), \u00e0s 21h30, no Est\u00e1dio Santa Cruz\/Arena Nicnet, pela 16\u00aa rodada da S\u00e9rie B do Campeonato Brasileiro. A partida vale muito para os dois times na briga contra a zona de rebaixamento. Na reta final do primeiro turno, o\u2026","rel":"","context":"In &quot;Not\u00edcias de Ribeir\u00e3o Preto-SP e Regi\u00e3o&quot;","block_context":{"text":"Not\u00edcias de Ribeir\u00e3o Preto-SP e Regi\u00e3o","link":"https:\/\/noticiasribeiraopreto.com.br\/index.php\/category\/noticias-de-ribeirao-preto-sp-e-regiao-ismael-colosi\/"},"img":{"alt_text":"","src":"https:\/\/i0.wp.com\/noticiasribeiraopreto.com.br\/wp-content\/uploads\/2025\/07\/1-Botafogo-Foto-01-Raul-Ramos.jpg?fit=750%2C500&ssl=1&resize=350%2C200","width":350,"height":200,"srcset":"https:\/\/i0.wp.com\/noticiasribeiraopreto.com.br\/wp-content\/uploads\/2025\/07\/1-Botafogo-Foto-01-Raul-Ramos.jpg?fit=750%2C500&ssl=1&resize=350%2C200 1x, https:\/\/i0.wp.com\/noticiasribeiraopreto.com.br\/wp-content\/uploads\/2025\/07\/1-Botafogo-Foto-01-Raul-Ramos.jpg?fit=750%2C500&ssl=1&resize=525%2C300 1.5x, https:\/\/i0.wp.com\/noticiasribeiraopreto.com.br\/wp-content\/uploads\/2025\/07\/1-Botafogo-Foto-01-Raul-Ramos.jpg?fit=750%2C500&ssl=1&resize=700%2C400 2x"},"classes":[]},{"id":74036,"url":"https:\/\/noticiasribeiraopreto.com.br\/index.php\/2025\/07\/15\/em-jogo-morno-botafogo-empata-com-volta-redonda-e-entra-no-z-4-da-serie-b\/","url_meta":{"origin":79557,"position":3},"title":"Em jogo morno, Botafogo empata com Volta Redonda e entra no Z-4 da S\u00e9rie B","author":"noticiasribeiraopreto.com.br","date":"15 de July de 2025","format":false,"excerpt":"Botafogo e Volta Redonda empataram em 0 a 0 nesta segunda-feira (14), no est\u00e1dio Santa Cruz\/Arena Nicnet, em Ribeir\u00e3o Preto. O jogo, v\u00e1lido pela 16\u00aa rodada da S\u00e9rie B do Campeonato Brasileiro, teve poucas chances claras e terminou sem gols. om o resultado, e a vit\u00f3ria do Athletic por 4\u2026","rel":"","context":"In &quot;Not\u00edcias de Ribeir\u00e3o Preto-SP e Regi\u00e3o&quot;","block_context":{"text":"Not\u00edcias de Ribeir\u00e3o Preto-SP e Regi\u00e3o","link":"https:\/\/noticiasribeiraopreto.com.br\/index.php\/category\/noticias-de-ribeirao-preto-sp-e-regiao-ismael-colosi\/"},"img":{"alt_text":"","src":"https:\/\/i0.wp.com\/noticiasribeiraopreto.com.br\/wp-content\/uploads\/2025\/07\/Imagem-do-WhatsApp-de-2025-07-14-as-22.34.09_2bb12331_2025-07-15_01-36-15.webp.webp?fit=1200%2C800&ssl=1&resize=350%2C200","width":350,"height":200,"srcset":"https:\/\/i0.wp.com\/noticiasribeiraopreto.com.br\/wp-content\/uploads\/2025\/07\/Imagem-do-WhatsApp-de-2025-07-14-as-22.34.09_2bb12331_2025-07-15_01-36-15.webp.webp?fit=1200%2C800&ssl=1&resize=350%2C200 1x, https:\/\/i0.wp.com\/noticiasribeiraopreto.com.br\/wp-content\/uploads\/2025\/07\/Imagem-do-WhatsApp-de-2025-07-14-as-22.34.09_2bb12331_2025-07-15_01-36-15.webp.webp?fit=1200%2C800&ssl=1&resize=525%2C300 1.5x, https:\/\/i0.wp.com\/noticiasribeiraopreto.com.br\/wp-content\/uploads\/2025\/07\/Imagem-do-WhatsApp-de-2025-07-14-as-22.34.09_2bb12331_2025-07-15_01-36-15.webp.webp?fit=1200%2C800&ssl=1&resize=700%2C400 2x, https:\/\/i0.wp.com\/noticiasribeiraopreto.com.br\/wp-content\/uploads\/2025\/07\/Imagem-do-WhatsApp-de-2025-07-14-as-22.34.09_2bb12331_2025-07-15_01-36-15.webp.webp?fit=1200%2C800&ssl=1&resize=1050%2C600 3x"},"classes":[]},{"id":75532,"url":"https:\/\/noticiasribeiraopreto.com.br\/index.php\/2025\/08\/10\/botafogo-perde-para-o-atletico-go-e-segue-na-briga-contra-o-rebaixamento-da-serie-b\/","url_meta":{"origin":79557,"position":4},"title":"Botafogo perde para o Atl\u00e9tico-GO e segue na briga contra o rebaixamento da S\u00e9rie B","author":"noticiasribeiraopreto.com.br","date":"10 de August de 2025","format":false,"excerpt":"O Botafogo foi derrotado por 2 a 0 pelo Atl\u00e9tico-GO na noite deste domingo (10), pela S\u00e9rie B do Campeonato Brasileiro, em jogo realizado no est\u00e1dio Ant\u00f4nio Accioly. Com o resultado, o Pantera permanece na zona de rebaixamento, somando 21 pontos na tabela. Os dois gols da partida foram marcados\u2026","rel":"","context":"In &quot;Not\u00edcias de Ribeir\u00e3o Preto-SP e Regi\u00e3o&quot;","block_context":{"text":"Not\u00edcias de Ribeir\u00e3o Preto-SP e Regi\u00e3o","link":"https:\/\/noticiasribeiraopreto.com.br\/index.php\/category\/noticias-de-ribeirao-preto-sp-e-regiao-ismael-colosi\/"},"img":{"alt_text":"","src":"https:\/\/i0.wp.com\/noticiasribeiraopreto.com.br\/wp-content\/uploads\/2025\/08\/Copia-de-Copia-de-Copia-de-TAMANHO-EXATO-PARA-FOTOS-NO-SISTEMA-NOVO_2025-08-10_23-53-18.webp.webp?fit=1200%2C675&ssl=1&resize=350%2C200","width":350,"height":200,"srcset":"https:\/\/i0.wp.com\/noticiasribeiraopreto.com.br\/wp-content\/uploads\/2025\/08\/Copia-de-Copia-de-Copia-de-TAMANHO-EXATO-PARA-FOTOS-NO-SISTEMA-NOVO_2025-08-10_23-53-18.webp.webp?fit=1200%2C675&ssl=1&resize=350%2C200 1x, https:\/\/i0.wp.com\/noticiasribeiraopreto.com.br\/wp-content\/uploads\/2025\/08\/Copia-de-Copia-de-Copia-de-TAMANHO-EXATO-PARA-FOTOS-NO-SISTEMA-NOVO_2025-08-10_23-53-18.webp.webp?fit=1200%2C675&ssl=1&resize=525%2C300 1.5x, https:\/\/i0.wp.com\/noticiasribeiraopreto.com.br\/wp-content\/uploads\/2025\/08\/Copia-de-Copia-de-Copia-de-TAMANHO-EXATO-PARA-FOTOS-NO-SISTEMA-NOVO_2025-08-10_23-53-18.webp.webp?fit=1200%2C675&ssl=1&resize=700%2C400 2x, https:\/\/i0.wp.com\/noticiasribeiraopreto.com.br\/wp-content\/uploads\/2025\/08\/Copia-de-Copia-de-Copia-de-TAMANHO-EXATO-PARA-FOTOS-NO-SISTEMA-NOVO_2025-08-10_23-53-18.webp.webp?fit=1200%2C675&ssl=1&resize=1050%2C600 3x"},"classes":[]},{"id":59779,"url":"https:\/\/noticiasribeiraopreto.com.br\/index.php\/2024\/10\/30\/botafogo-vence-amazonas-fora-de-casa-e-sai-da-zona-de-rebaixamento-na-serie-b\/","url_meta":{"origin":79557,"position":5},"title":"Botafogo vence Amazonas fora de casa e sai da zona de rebaixamento na S\u00e9rie B","author":"noticiasribeiraopreto.com.br","date":"30 de October de 2024","format":false,"excerpt":"O Botafogo venceu o Amazonas por 1 a 0 e saiu da zona de rebaixamento do Campeonato Brasileiro da S\u00e9rie B. A partida foi realizada na noite desta ter\u00e7a-feira (29), na Arena da Amaz\u00f4nia, em Manaus. O Botafogo abriu o placar aos 11 minutos do segundo tempo com o capit\u00e3o\u2026","rel":"","context":"In &quot;Not\u00edcias de Ribeir\u00e3o Preto-SP e Regi\u00e3o&quot;","block_context":{"text":"Not\u00edcias de Ribeir\u00e3o Preto-SP e Regi\u00e3o","link":"https:\/\/noticiasribeiraopreto.com.br\/index.php\/category\/noticias-de-ribeirao-preto-sp-e-regiao-ismael-colosi\/"},"img":{"alt_text":"","src":"https:\/\/i0.wp.com\/noticiasribeiraopreto.com.br\/wp-content\/uploads\/2024\/10\/botafogo-amazonas_2024-10-30_02-14-01_jpeg_2024-10-30_02-14-02.webp.webp?fit=1200%2C800&ssl=1&resize=350%2C200","width":350,"height":200,"srcset":"https:\/\/i0.wp.com\/noticiasribeiraopreto.com.br\/wp-content\/uploads\/2024\/10\/botafogo-amazonas_2024-10-30_02-14-01_jpeg_2024-10-30_02-14-02.webp.webp?fit=1200%2C800&ssl=1&resize=350%2C200 1x, https:\/\/i0.wp.com\/noticiasribeiraopreto.com.br\/wp-content\/uploads\/2024\/10\/botafogo-amazonas_2024-10-30_02-14-01_jpeg_2024-10-30_02-14-02.webp.webp?fit=1200%2C800&ssl=1&resize=525%2C300 1.5x, https:\/\/i0.wp.com\/noticiasribeiraopreto.com.br\/wp-content\/uploads\/2024\/10\/botafogo-amazonas_2024-10-30_02-14-01_jpeg_2024-10-30_02-14-02.webp.webp?fit=1200%2C800&ssl=1&resize=700%2C400 2x, https:\/\/i0.wp.com\/noticiasribeiraopreto.com.br\/wp-content\/uploads\/2024\/10\/botafogo-amazonas_2024-10-30_02-14-01_jpeg_2024-10-30_02-14-02.webp.webp?fit=1200%2C800&ssl=1&resize=1050%2C600 3x"},"classes":[]}],"jetpack_sharing_enabled":true,"jetpack_shortlink":"https:\/\/wp.me\/peQAOb-kHb","_links":{"self":[{"href":"https:\/\/noticiasribeiraopreto.com.br\/index.php\/wp-json\/wp\/v2\/posts\/79557","targetHints":{"allow":["GET"]}}],"collection":[{"href":"https:\/\/noticiasribeiraopreto.com.br\/index.php\/wp-json\/wp\/v2\/posts"}],"about":[{"href":"https:\/\/noticiasribeiraopreto.com.br\/index.php\/wp-json\/wp\/v2\/types\/post"}],"author":[{"embeddable":true,"href":"https:\/\/noticiasribeiraopreto.com.br\/index.php\/wp-json\/wp\/v2\/users\/1"}],"replies":[{"embeddable":true,"href":"https:\/\/noticiasribeiraopreto.com.br\/index.php\/wp-json\/wp\/v2\/comments?post=79557"}],"version-history":[{"count":0,"href":"https:\/\/noticiasribeiraopreto.com.br\/index.php\/wp-json\/wp\/v2\/posts\/79557\/revisions"}],"wp:featuredmedia":[{"embeddable":true,"href":"https:\/\/noticiasribeiraopreto.com.br\/index.php\/wp-json\/wp\/v2\/media\/79558"}],"wp:attachment":[{"href":"https:\/\/noticiasribeiraopreto.com.br\/index.php\/wp-json\/wp\/v2\/media?parent=79557"}],"wp:term":[{"taxonomy":"category","embeddable":true,"href":"https:\/\/noticiasribeiraopreto.com.br\/index.php\/wp-json\/wp\/v2\/categories?post=79557"},{"taxonomy":"post_tag","embeddable":true,"href":"https:\/\/noticiasribeiraopreto.com.br\/index.php\/wp-json\/wp\/v2\/tags?post=79557"}],"curies":[{"name":"wp","href":"https:\/\/api.w.org\/{rel}","templated":true}]}}