{"id":79560,"date":"2025-11-04T07:24:54","date_gmt":"2025-11-04T10:24:54","guid":{"rendered":"https:\/\/noticiasribeiraopreto.com.br\/index.php\/2025\/11\/04\/idoso-morre-apos-ser-atropelado-e-motorista-e-preso-em-ribeirao-preto\/"},"modified":"2025-11-04T07:24:54","modified_gmt":"2025-11-04T10:24:54","slug":"idoso-morre-apos-ser-atropelado-e-motorista-e-preso-em-ribeirao-preto","status":"publish","type":"post","link":"https:\/\/noticiasribeiraopreto.com.br\/index.php\/2025\/11\/04\/idoso-morre-apos-ser-atropelado-e-motorista-e-preso-em-ribeirao-preto\/","title":{"rendered":"Idoso morre ap\u00f3s ser atropelado e motorista \u00e9 preso em Ribeir\u00e3o Preto"},"content":{"rendered":"<div class='code-block code-block-1' style='margin: 8px 0 8px auto; text-align: right; display: block; clear: both;'>\n<p><a href=\"https:\/\/wa.link\/vpicfd\"><img data-recalc-dims=\"1\" class=\"wp-image-4922\" style=\"aspect-ratio: 2.0253164556962027; width: 561px; height: auto;\" src=\"https:\/\/i0.wp.com\/ismaelcolosi.com.br\/wp-content\/uploads\/2023\/11\/grupo-de-empregos-whatsapp-e-facebook-ismael-colosi-vagas.jpg?ssl=1\" alt=\"\" \/><\/a><\/p>\n<!-- \/wp:image -->\n<\/div>\n<p> <br \/>\n<\/p>\n<div data-td-block-uid=\"tdi_95\">\n<div class=\"tdb-block-inner td-fix-index\">\n<p><strong>Um homem de 70 anos morreu depois de ser atropelado por um carro na noite desta segunda-feira (3), no Jardim Salgado Filho, zona Norte de Ribeir\u00e3o Preto.<\/strong> O <strong>motorista <\/strong>do <strong>ve\u00edculo <\/strong>foi preso ap\u00f3s <strong>deixar <\/strong>o <strong>local <\/strong>e <strong>bater <\/strong>em um p<strong>o<\/strong>ste no mesmo <strong>bairro<\/strong>. O condutor disse \u00e0 pol\u00edcia ter ingerido bebida alco\u00f3lica e medicamento de uso controlado.<\/p>\n<p>Segundo o boletim de ocorr\u00eancia (BO), a v\u00edtima, identificada como Edson de Paula, morreu no local, na rua Mogi Gua\u00e7u. A colis\u00e3o do carro contra o poste ocorreu na rua Mogi das Cruzes.<\/p>\n<p>Conforme o BO, o motorista declarou \u00e0 PM (Pol\u00edcia Militar) ter ingerido uma lata de cerveja e um comprimido de rem\u00e9dio de uso controlado antes do atropelamento.<\/p>\n<p>Ainda segundo o registro, o teste do baf\u00f4metro apontou 0,24 miligrama\u00a0de \u00e1lcool por\u00a0litro de ar e um m\u00e9dico identificou sinais de embriaguez medicamentosa no condutor, por meio de exame cl\u00ednico.<\/p>\n<p>O carro, um Hyundai Tucson preto, foi apreendido.<\/p>\n<p>O caso foi registrado na CPJ (Central de Pol\u00edcia Judici\u00e1ria) Permanente como flagrante de homic\u00eddio\u00a0na condu\u00e7\u00e3o de ve\u00edculo automotor e localiza\u00e7\u00e3o e apreens\u00e3o de ve\u00edculo.<\/p>\n<p><!-- AI CONTENT END 1 -->\n<\/div>\n<\/div>\n<p><br \/>\n<br \/><a href=\"https:\/\/www.acidadeon.com\/ribeiraopreto\/cotidiano\/idoso-morre-apos-ser-atropelado-e-motorista-e-preso-em-ribeirao-preto\/\">Source link <\/a><\/p>\n<!-- CONTENT END 1 -->\n","protected":false},"excerpt":{"rendered":"<p>Um homem de 70 anos morreu depois de ser atropelado por um carro na noite desta segunda-feira (3), no Jardim Salgado Filho, zona Norte de&#8230;<\/p>\n","protected":false},"author":1,"featured_media":79561,"comment_status":"open","ping_status":"open","sticky":false,"template":"","format":"standard","meta":{"advanced_seo_description":"","jetpack_seo_html_title":"","jetpack_seo_noindex":false,"jetpack_post_was_ever_published":false,"_jetpack_newsletter_access":"","_jetpack_dont_email_post_to_subs":false,"_jetpack_newsletter_tier_id":0,"_jetpack_memberships_contains_paywalled_content":false,"_jetpack_memberships_contains_paid_content":false,"footnotes":"","jetpack_publicize_message":"","jetpack_publicize_feature_enabled":true,"jetpack_social_post_already_shared":true,"jetpack_social_options":{"image_generator_settings":{"template":"highway","default_image_id":0,"font":"","enabled":false},"version":2}},"categories":[11],"tags":[],"class_list":["post-79560","post","type-post","status-publish","format-standard","has-post-thumbnail","hentry","category-noticias-de-ribeirao-preto-sp-e-regiao-ismael-colosi"],"jetpack_publicize_connections":[],"jetpack_featured_media_url":"https:\/\/i0.wp.com\/noticiasribeiraopreto.com.br\/wp-content\/uploads\/2025\/11\/CARRO_2025-11-04_09-58-02.webp.webp?fit=1200%2C724&ssl=1","jetpack-related-posts":[{"id":79579,"url":"https:\/\/noticiasribeiraopreto.com.br\/index.php\/2025\/11\/04\/idoso-morre-apos-ser-atropelado-e-motorista-e-preso-em-rp\/","url_meta":{"origin":79560,"position":0},"title":"Idoso morre ap\u00f3s ser atropelado e motorista \u00e9 preso em RP","author":"noticiasribeiraopreto.com.br","date":"4 de November de 2025","format":false,"excerpt":"4 de novembro de 2025 11:1411 Compartilhar0 V\u00edtima foi atingida na noite de segunda-feira (3); Motorista bateu carro em poste ao fugir e disse ter misturado \u00e1lcool e rem\u00e9dio controlado Um idoso, de 70 anos, morreu depois de ser atropelado por um carro na contram\u00e3o, na noite de segunda-feira (3)\u2026","rel":"","context":"In &quot;Not\u00edcias de Ribeir\u00e3o Preto-SP e Regi\u00e3o&quot;","block_context":{"text":"Not\u00edcias de Ribeir\u00e3o Preto-SP e Regi\u00e3o","link":"https:\/\/noticiasribeiraopreto.com.br\/index.php\/category\/noticias-de-ribeirao-preto-sp-e-regiao-ismael-colosi\/"},"img":{"alt_text":"","src":"https:\/\/i0.wp.com\/noticiasribeiraopreto.com.br\/wp-content\/uploads\/2025\/11\/acidente-fatal-scaled.jpeg?fit=1040%2C780&ssl=1&resize=350%2C200","width":350,"height":200,"srcset":"https:\/\/i0.wp.com\/noticiasribeiraopreto.com.br\/wp-content\/uploads\/2025\/11\/acidente-fatal-scaled.jpeg?fit=1040%2C780&ssl=1&resize=350%2C200 1x, https:\/\/i0.wp.com\/noticiasribeiraopreto.com.br\/wp-content\/uploads\/2025\/11\/acidente-fatal-scaled.jpeg?fit=1040%2C780&ssl=1&resize=525%2C300 1.5x, https:\/\/i0.wp.com\/noticiasribeiraopreto.com.br\/wp-content\/uploads\/2025\/11\/acidente-fatal-scaled.jpeg?fit=1040%2C780&ssl=1&resize=700%2C400 2x"},"classes":[]},{"id":60233,"url":"https:\/\/noticiasribeiraopreto.com.br\/index.php\/2024\/11\/08\/idoso-morre-apos-ser-atropelado-no-anel-viario-sul-de-ribeirao-preto\/","url_meta":{"origin":79560,"position":1},"title":"Idoso morre ap\u00f3s ser atropelado no Anel Vi\u00e1rio Sul de Ribeir\u00e3o Preto","author":"noticiasribeiraopreto.com.br","date":"8 de November de 2024","format":false,"excerpt":"Um homem de 82 anos morreu no in\u00edcio da madrugada desta sexta-feira (8), ap\u00f3s ser atropelado por um carro, no km 310 do Anel Vi\u00e1rio Sul (rodovia Prefeito Ant\u00f4nio Duarte Nogueira, SP-322), em Ribeir\u00e3o Preto. Segundo o boletim de ocorr\u00eancia (BO), Arnaud Martins Saraiva faleceu ainda no local, mesmo depois\u2026","rel":"","context":"In &quot;Not\u00edcias de Ribeir\u00e3o Preto-SP e Regi\u00e3o&quot;","block_context":{"text":"Not\u00edcias de Ribeir\u00e3o Preto-SP e Regi\u00e3o","link":"https:\/\/noticiasribeiraopreto.com.br\/index.php\/category\/noticias-de-ribeirao-preto-sp-e-regiao-ismael-colosi\/"},"img":{"alt_text":"","src":"https:\/\/i0.wp.com\/noticiasribeiraopreto.com.br\/wp-content\/uploads\/2024\/11\/JovemmortoporatiradoresemmotosemavenidadeRibeiroPreto_Tamanho_2_image.jpg?fit=1200%2C900&ssl=1&resize=350%2C200","width":350,"height":200,"srcset":"https:\/\/i0.wp.com\/noticiasribeiraopreto.com.br\/wp-content\/uploads\/2024\/11\/JovemmortoporatiradoresemmotosemavenidadeRibeiroPreto_Tamanho_2_image.jpg?fit=1200%2C900&ssl=1&resize=350%2C200 1x, https:\/\/i0.wp.com\/noticiasribeiraopreto.com.br\/wp-content\/uploads\/2024\/11\/JovemmortoporatiradoresemmotosemavenidadeRibeiroPreto_Tamanho_2_image.jpg?fit=1200%2C900&ssl=1&resize=525%2C300 1.5x, https:\/\/i0.wp.com\/noticiasribeiraopreto.com.br\/wp-content\/uploads\/2024\/11\/JovemmortoporatiradoresemmotosemavenidadeRibeiroPreto_Tamanho_2_image.jpg?fit=1200%2C900&ssl=1&resize=700%2C400 2x, https:\/\/i0.wp.com\/noticiasribeiraopreto.com.br\/wp-content\/uploads\/2024\/11\/JovemmortoporatiradoresemmotosemavenidadeRibeiroPreto_Tamanho_2_image.jpg?fit=1200%2C900&ssl=1&resize=1050%2C600 3x"},"classes":[]},{"id":59851,"url":"https:\/\/noticiasribeiraopreto.com.br\/index.php\/2024\/10\/31\/ciclista-morre-apos-ser-atropelado-por-carro-e-motorista-foge-em-ribeirao\/","url_meta":{"origin":79560,"position":2},"title":"Ciclista morre ap\u00f3s ser atropelado por carro e motorista foge em Ribeir\u00e3o","author":"noticiasribeiraopreto.com.br","date":"31 de October de 2024","format":false,"excerpt":"Um ciclista de 51 anos morreu depois de ser atropelado por um carro na tarde desta quarta-feira (30), na avenida Elp\u00eddio Gomes, em frente a Parque Maur\u00edlio Biagi, na zona Oeste de Ribeir\u00e3o Preto. Segundo o boletim de ocorr\u00eancia (BO), o motorista do ve\u00edculo n\u00e3o parou para prestar socorro \u00e0\u2026","rel":"","context":"In &quot;Not\u00edcias de Ribeir\u00e3o Preto-SP e Regi\u00e3o&quot;","block_context":{"text":"Not\u00edcias de Ribeir\u00e3o Preto-SP e Regi\u00e3o","link":"https:\/\/noticiasribeiraopreto.com.br\/index.php\/category\/noticias-de-ribeirao-preto-sp-e-regiao-ismael-colosi\/"},"img":{"alt_text":"","src":"https:\/\/i0.wp.com\/noticiasribeiraopreto.com.br\/wp-content\/uploads\/2024\/10\/CICLISTA_2024-10-31_11-28-06_jpg_2024-10-31_11-28-06.webp.webp?fit=1200%2C883&ssl=1&resize=350%2C200","width":350,"height":200,"srcset":"https:\/\/i0.wp.com\/noticiasribeiraopreto.com.br\/wp-content\/uploads\/2024\/10\/CICLISTA_2024-10-31_11-28-06_jpg_2024-10-31_11-28-06.webp.webp?fit=1200%2C883&ssl=1&resize=350%2C200 1x, https:\/\/i0.wp.com\/noticiasribeiraopreto.com.br\/wp-content\/uploads\/2024\/10\/CICLISTA_2024-10-31_11-28-06_jpg_2024-10-31_11-28-06.webp.webp?fit=1200%2C883&ssl=1&resize=525%2C300 1.5x, https:\/\/i0.wp.com\/noticiasribeiraopreto.com.br\/wp-content\/uploads\/2024\/10\/CICLISTA_2024-10-31_11-28-06_jpg_2024-10-31_11-28-06.webp.webp?fit=1200%2C883&ssl=1&resize=700%2C400 2x, https:\/\/i0.wp.com\/noticiasribeiraopreto.com.br\/wp-content\/uploads\/2024\/10\/CICLISTA_2024-10-31_11-28-06_jpg_2024-10-31_11-28-06.webp.webp?fit=1200%2C883&ssl=1&resize=1050%2C600 3x"},"classes":[]},{"id":71406,"url":"https:\/\/noticiasribeiraopreto.com.br\/index.php\/2025\/06\/05\/identificada-a-motociclista-que-morreu-apos-acidente-em-estrada-na-regiao-de-ribeirao-preto\/","url_meta":{"origin":79560,"position":3},"title":"Identificada a motociclista que morreu ap\u00f3s acidente em estrada na regi\u00e3o de Ribeir\u00e3o Preto","author":"noticiasribeiraopreto.com.br","date":"5 de June de 2025","format":false,"excerpt":"A Pol\u00edcia Civil identificou a motociclista que morreu na noite desta quarta-feira (4), depois da batida entre a moto que ela pilotava e um carro, na estrada Alc\u00eddio Balbo, entre Sert\u00e3ozinho e Cruz das Posses. Segundo o boletim de ocorr\u00eancia (BO), Larissa Priscila Nunes Pereira n\u00e3o resistiu aos m\u00faltiplos ferimentos\u2026","rel":"","context":"In &quot;Not\u00edcias de Ribeir\u00e3o Preto-SP e Regi\u00e3o&quot;","block_context":{"text":"Not\u00edcias de Ribeir\u00e3o Preto-SP e Regi\u00e3o","link":"https:\/\/noticiasribeiraopreto.com.br\/index.php\/category\/noticias-de-ribeirao-preto-sp-e-regiao-ismael-colosi\/"},"img":{"alt_text":"","src":"https:\/\/i0.wp.com\/noticiasribeiraopreto.com.br\/wp-content\/uploads\/2025\/06\/ACIDENTE_2025-06-05_17-01-20.webp.webp?fit=1200%2C801&ssl=1&resize=350%2C200","width":350,"height":200,"srcset":"https:\/\/i0.wp.com\/noticiasribeiraopreto.com.br\/wp-content\/uploads\/2025\/06\/ACIDENTE_2025-06-05_17-01-20.webp.webp?fit=1200%2C801&ssl=1&resize=350%2C200 1x, https:\/\/i0.wp.com\/noticiasribeiraopreto.com.br\/wp-content\/uploads\/2025\/06\/ACIDENTE_2025-06-05_17-01-20.webp.webp?fit=1200%2C801&ssl=1&resize=525%2C300 1.5x, https:\/\/i0.wp.com\/noticiasribeiraopreto.com.br\/wp-content\/uploads\/2025\/06\/ACIDENTE_2025-06-05_17-01-20.webp.webp?fit=1200%2C801&ssl=1&resize=700%2C400 2x, https:\/\/i0.wp.com\/noticiasribeiraopreto.com.br\/wp-content\/uploads\/2025\/06\/ACIDENTE_2025-06-05_17-01-20.webp.webp?fit=1200%2C801&ssl=1&resize=1050%2C600 3x"},"classes":[]},{"id":52415,"url":"https:\/\/noticiasribeiraopreto.com.br\/index.php\/2024\/06\/07\/idoso-morre-atropelado-por-carro-ao-tentar-atravessar-avenida-em-ribeirao-preto\/","url_meta":{"origin":79560,"position":4},"title":"Idoso morre atropelado por carro ao tentar atravessar avenida em Ribeir\u00e3o Preto","author":"noticiasribeiraopreto.com.br","date":"7 de June de 2024","format":false,"excerpt":"Um homem de 62 anos morre na noite desta quinta-feira (6), ap\u00f3s ser atropelado por um carro na avenida Lu\u00eds Galv\u00e3o C\u00e9sar, zona Norte de Ribeir\u00e3o Preto. Segundo o boletim de ocorr\u00eancia (BO), a v\u00edtima, identificada como Jo\u00e3o Salvador de Carvalho, morreu ainda no local, na altura da liga\u00e7\u00e3o da\u2026","rel":"","context":"In &quot;Not\u00edcias de Ribeir\u00e3o Preto-SP e Regi\u00e3o&quot;","block_context":{"text":"Not\u00edcias de Ribeir\u00e3o Preto-SP e Regi\u00e3o","link":"https:\/\/noticiasribeiraopreto.com.br\/index.php\/category\/noticias-de-ribeirao-preto-sp-e-regiao-ismael-colosi\/"},"img":{"alt_text":"","src":"https:\/\/i0.wp.com\/noticiasribeiraopreto.com.br\/wp-content\/uploads\/2024\/06\/policia_qru_1024x576_05012021161940.jpg?fit=1024%2C576&ssl=1&resize=350%2C200","width":350,"height":200,"srcset":"https:\/\/i0.wp.com\/noticiasribeiraopreto.com.br\/wp-content\/uploads\/2024\/06\/policia_qru_1024x576_05012021161940.jpg?fit=1024%2C576&ssl=1&resize=350%2C200 1x, https:\/\/i0.wp.com\/noticiasribeiraopreto.com.br\/wp-content\/uploads\/2024\/06\/policia_qru_1024x576_05012021161940.jpg?fit=1024%2C576&ssl=1&resize=525%2C300 1.5x, https:\/\/i0.wp.com\/noticiasribeiraopreto.com.br\/wp-content\/uploads\/2024\/06\/policia_qru_1024x576_05012021161940.jpg?fit=1024%2C576&ssl=1&resize=700%2C400 2x"},"classes":[]},{"id":71364,"url":"https:\/\/noticiasribeiraopreto.com.br\/index.php\/2025\/06\/05\/motociclista-morto-apos-atingir-cavalo-e-ser-atropelado-por-carro-e-identificado\/","url_meta":{"origin":79560,"position":5},"title":"Motociclista morto ap\u00f3s atingir cavalo e ser atropelado por carro \u00e9 identificado","author":"noticiasribeiraopreto.com.br","date":"5 de June de 2025","format":false,"excerpt":"O motociclista que morreu na noite desta quarta-feira (4), depois de atingir um equino e, em seguida, ser atropelado por um carro na rodovia Jos\u00e9 Fregonezi (SP-328), em Ribeir\u00e3o Preto, foi identificado. O motorista do ve\u00edculo fugiu sem prestar socorro \u00e0 v\u00edtima. Segundo o boletim de ocorr\u00eancia (BO), Sandro Bertolli,\u2026","rel":"","context":"In &quot;Not\u00edcias de Ribeir\u00e3o Preto-SP e Regi\u00e3o&quot;","block_context":{"text":"Not\u00edcias de Ribeir\u00e3o Preto-SP e Regi\u00e3o","link":"https:\/\/noticiasribeiraopreto.com.br\/index.php\/category\/noticias-de-ribeirao-preto-sp-e-regiao-ismael-colosi\/"},"img":{"alt_text":"","src":"https:\/\/i0.wp.com\/noticiasribeiraopreto.com.br\/wp-content\/uploads\/2025\/06\/ACIDENTE_2025-06-05_12-43-56.webp.webp?fit=1200%2C848&ssl=1&resize=350%2C200","width":350,"height":200,"srcset":"https:\/\/i0.wp.com\/noticiasribeiraopreto.com.br\/wp-content\/uploads\/2025\/06\/ACIDENTE_2025-06-05_12-43-56.webp.webp?fit=1200%2C848&ssl=1&resize=350%2C200 1x, https:\/\/i0.wp.com\/noticiasribeiraopreto.com.br\/wp-content\/uploads\/2025\/06\/ACIDENTE_2025-06-05_12-43-56.webp.webp?fit=1200%2C848&ssl=1&resize=525%2C300 1.5x, https:\/\/i0.wp.com\/noticiasribeiraopreto.com.br\/wp-content\/uploads\/2025\/06\/ACIDENTE_2025-06-05_12-43-56.webp.webp?fit=1200%2C848&ssl=1&resize=700%2C400 2x, https:\/\/i0.wp.com\/noticiasribeiraopreto.com.br\/wp-content\/uploads\/2025\/06\/ACIDENTE_2025-06-05_12-43-56.webp.webp?fit=1200%2C848&ssl=1&resize=1050%2C600 3x"},"classes":[]}],"jetpack_sharing_enabled":true,"jetpack_shortlink":"https:\/\/wp.me\/peQAOb-kHe","_links":{"self":[{"href":"https:\/\/noticiasribeiraopreto.com.br\/index.php\/wp-json\/wp\/v2\/posts\/79560","targetHints":{"allow":["GET"]}}],"collection":[{"href":"https:\/\/noticiasribeiraopreto.com.br\/index.php\/wp-json\/wp\/v2\/posts"}],"about":[{"href":"https:\/\/noticiasribeiraopreto.com.br\/index.php\/wp-json\/wp\/v2\/types\/post"}],"author":[{"embeddable":true,"href":"https:\/\/noticiasribeiraopreto.com.br\/index.php\/wp-json\/wp\/v2\/users\/1"}],"replies":[{"embeddable":true,"href":"https:\/\/noticiasribeiraopreto.com.br\/index.php\/wp-json\/wp\/v2\/comments?post=79560"}],"version-history":[{"count":0,"href":"https:\/\/noticiasribeiraopreto.com.br\/index.php\/wp-json\/wp\/v2\/posts\/79560\/revisions"}],"wp:featuredmedia":[{"embeddable":true,"href":"https:\/\/noticiasribeiraopreto.com.br\/index.php\/wp-json\/wp\/v2\/media\/79561"}],"wp:attachment":[{"href":"https:\/\/noticiasribeiraopreto.com.br\/index.php\/wp-json\/wp\/v2\/media?parent=79560"}],"wp:term":[{"taxonomy":"category","embeddable":true,"href":"https:\/\/noticiasribeiraopreto.com.br\/index.php\/wp-json\/wp\/v2\/categories?post=79560"},{"taxonomy":"post_tag","embeddable":true,"href":"https:\/\/noticiasribeiraopreto.com.br\/index.php\/wp-json\/wp\/v2\/tags?post=79560"}],"curies":[{"name":"wp","href":"https:\/\/api.w.org\/{rel}","templated":true}]}}