{"id":79562,"date":"2025-11-04T08:49:42","date_gmt":"2025-11-04T11:49:42","guid":{"rendered":"https:\/\/noticiasribeiraopreto.com.br\/index.php\/2025\/11\/04\/prefeitura-assume-casas-de-repouso-ilegais\/"},"modified":"2025-11-04T08:49:42","modified_gmt":"2025-11-04T11:49:42","slug":"prefeitura-assume-casas-de-repouso-ilegais","status":"publish","type":"post","link":"https:\/\/noticiasribeiraopreto.com.br\/index.php\/2025\/11\/04\/prefeitura-assume-casas-de-repouso-ilegais\/","title":{"rendered":"Prefeitura assume\u2028 casas de repouso ilegais"},"content":{"rendered":"<p> <br \/>\n<\/p>\n<div>\n<p><em>Equipes da Sa\u00fade e da Assist\u00eancia Social garantem atendimento, acolhimento e contato com familiares dos 36 idosos atendidos nas unidades\u2028\u2028<\/em><\/p>\n<p>A prefeitura de Ribeir\u00e3o Preto assumiu, de forma emergencial e tempor\u00e1ria, a gest\u00e3o de duas casas de repouso pertencentes ao grupo Meu Doce Lar, ap\u00f3s a pris\u00e3o da propriet\u00e1ria Eva Maria Lima, no domingo, 2 de novembro, por descumprimento de medidas judiciais e suspeita de maus-tratos a idosos.<\/p>\n<p>Trinta e seis residentes foram resgatados nas tr\u00eas unidades.\u2028\u2028As tr\u00eas casas de repouso foram interditadas h\u00e1 cerca de seis meses pela Vigil\u00e2ncia Sanit\u00e1ria da Secretaria Municipal da Sa\u00fade por falta de higiene, superlota\u00e7\u00e3o e aus\u00eancia de profissionais qualificados.<\/p>\n<figure id=\"attachment_445181\" aria-describedby=\"caption-attachment-445181\" style=\"width: 311px\" class=\"wp-caption alignright\"><img data-recalc-dims=\"1\" loading=\"lazy\" decoding=\"async\" class=\"wp-image-445181 lazyload\" src=\"https:\/\/i0.wp.com\/www.tribunaribeirao.com.br\/wp-content\/uploads\/2025\/11\/Asilos-Ido-Max-Gallao-Mesquita-08-300x200.jpg?resize=311%2C207&#038;ssl=1\" alt=\"\" width=\"311\" height=\"207\" srcset=\"https:\/\/www.tribunaribeirao.com.br\/wp-content\/uploads\/2025\/11\/Asilos-Ido-Max-Gallao-Mesquita-08-300x200.jpg 300w, https:\/\/www.tribunaribeirao.com.br\/wp-content\/uploads\/2025\/11\/Asilos-Ido-Max-Gallao-Mesquita-08-1024x682.jpg 1024w, https:\/\/www.tribunaribeirao.com.br\/wp-content\/uploads\/2025\/11\/Asilos-Ido-Max-Gallao-Mesquita-08-768x512.jpg 768w, https:\/\/www.tribunaribeirao.com.br\/wp-content\/uploads\/2025\/11\/Asilos-Ido-Max-Gallao-Mesquita-08-1536x1023.jpg 1536w, https:\/\/www.tribunaribeirao.com.br\/wp-content\/uploads\/2025\/11\/Asilos-Ido-Max-Gallao-Mesquita-08-480x320.jpg 480w, https:\/\/www.tribunaribeirao.com.br\/wp-content\/uploads\/2025\/11\/Asilos-Ido-Max-Gallao-Mesquita-08-280x186.jpg 280w, https:\/\/www.tribunaribeirao.com.br\/wp-content\/uploads\/2025\/11\/Asilos-Ido-Max-Gallao-Mesquita-08-960x640.jpg 960w, https:\/\/www.tribunaribeirao.com.br\/wp-content\/uploads\/2025\/11\/Asilos-Ido-Max-Gallao-Mesquita-08-600x400.jpg 600w, https:\/\/www.tribunaribeirao.com.br\/wp-content\/uploads\/2025\/11\/Asilos-Ido-Max-Gallao-Mesquita-08-585x390.jpg 585w, https:\/\/www.tribunaribeirao.com.br\/wp-content\/uploads\/2025\/11\/Asilos-Ido-Max-Gallao-Mesquita-08-scaled.jpg 1170w\" data-sizes=\"(max-width: 311px) 100vw, 311px\" style=\"--smush-placeholder-width: 311px; --smush-placeholder-aspect-ratio: 311\/207;\"\/><figcaption id=\"caption-attachment-445181\" class=\"wp-caption-text\">Idosos ter\u00e3o acolhimento da Prefeitura<\/figcaption><\/figure>\n<p>As casas ficam nos bairros Alto da Boa Vista (Zona Sul), Antonio Marincek (Norte) e no Centro da cidade (Central).\u2028\u2028No domingo, sete idosos foram resgatados da unidade no Parque Ribeir\u00e3o Preto, onde a propriet\u00e1ria foi presa. Na manh\u00e3 desta segunda-feira (3), mais 29 pessoas foram levadas dos asilos do grupo Meu Doce Lar.<\/p>\n<p>Treze deixaram a casa de repouso da rua Marechal Deodoro n\u00ba 2.261, no Alto da Boa Vista, e 16 estavam na rua Lafaiete n\u00ba 1.892.\u2028\u2028Um grupo de idosos foi para casas de parentes. Apesar de interditadas desde maio, as casas continuavam em funcionamento. A a\u00e7\u00e3o de domingo contou com a participa\u00e7\u00e3o da Pol\u00edcia Militar, do Minist\u00e9rio P\u00fablico de S\u00e3o Paulo (MPSP) e de equipes da prefeitura de Ribeir\u00e3o Preto.<\/p>\n<p>Elas permaneceram no local durante toda a noite, ap\u00f3s a pris\u00e3o da respons\u00e1vel. Os funcion\u00e1rios abandonaram as unidades, e equipes do Servi\u00e7o de Atendimento M\u00f3vel de Urg\u00eancia (Samu) e da Secretaria Municipal da Sa\u00fade prestaram assist\u00eancia imediata aos idosos.<\/p>\n<p>Sete deles foram resgatados e encaminhados aos hospitais Santa Lydia e Francisco de Assis, enquanto doze continuam recebendo acompanhamento m\u00e9dico e social nas pr\u00f3prias unidades e outros foram para casas de parentes.<\/p>\n<p>A medida de interven\u00e7\u00e3o foi adotada pelo prefeito Ricardo Silva (PSD) para garantir a seguran\u00e7a, a continuidade dos cuidados e a prote\u00e7\u00e3o integral dos idosos. Desde a madrugada, equipes multidisciplinares \u2013 formadas por m\u00e9dicos e enfermeiros \u2013 realizam avalia\u00e7\u00f5es individuais e organizam o plano de a\u00e7\u00e3o emergencial para os pr\u00f3ximos dias.<\/p>\n<figure id=\"attachment_445183\" aria-describedby=\"caption-attachment-445183\" style=\"width: 383px\" class=\"wp-caption alignleft\"><img data-recalc-dims=\"1\" loading=\"lazy\" decoding=\"async\" class=\"wp-image-445183 lazyload\" src=\"https:\/\/i0.wp.com\/www.tribunaribeirao.com.br\/wp-content\/uploads\/2025\/11\/Asilos-Cen-Max-Gallao-Mesquita-14-300x198.jpg?resize=383%2C253&#038;ssl=1\" alt=\"\" width=\"383\" height=\"253\" srcset=\"https:\/\/www.tribunaribeirao.com.br\/wp-content\/uploads\/2025\/11\/Asilos-Cen-Max-Gallao-Mesquita-14-300x198.jpg 300w, https:\/\/www.tribunaribeirao.com.br\/wp-content\/uploads\/2025\/11\/Asilos-Cen-Max-Gallao-Mesquita-14-1024x677.jpg 1024w, https:\/\/www.tribunaribeirao.com.br\/wp-content\/uploads\/2025\/11\/Asilos-Cen-Max-Gallao-Mesquita-14-768x508.jpg 768w, https:\/\/www.tribunaribeirao.com.br\/wp-content\/uploads\/2025\/11\/Asilos-Cen-Max-Gallao-Mesquita-14-1536x1016.jpg 1536w, https:\/\/www.tribunaribeirao.com.br\/wp-content\/uploads\/2025\/11\/Asilos-Cen-Max-Gallao-Mesquita-14-280x186.jpg 280w, https:\/\/www.tribunaribeirao.com.br\/wp-content\/uploads\/2025\/11\/Asilos-Cen-Max-Gallao-Mesquita-14-960x635.jpg 960w, https:\/\/www.tribunaribeirao.com.br\/wp-content\/uploads\/2025\/11\/Asilos-Cen-Max-Gallao-Mesquita-14-605x400.jpg 605w, https:\/\/www.tribunaribeirao.com.br\/wp-content\/uploads\/2025\/11\/Asilos-Cen-Max-Gallao-Mesquita-14-585x387.jpg 585w, https:\/\/www.tribunaribeirao.com.br\/wp-content\/uploads\/2025\/11\/Asilos-Cen-Max-Gallao-Mesquita-14-scaled.jpg 1179w\" data-sizes=\"(max-width: 383px) 100vw, 383px\" style=\"--smush-placeholder-width: 383px; --smush-placeholder-aspect-ratio: 383\/253;\"\/><figcaption id=\"caption-attachment-445183\" class=\"wp-caption-text\">Duas fotos Mal e Cen\u2028Respons\u00e1vel pelas casas de repouso foi presa no domingo, na unidade do Parque Ribeir\u00e3o Preto: ontem foram lacradas as do Alto da Boa Vista e Centro<\/figcaption><\/figure>\n<p>O prefeito destacou que a prioridade da administra\u00e7\u00e3o \u00e9 assegurar um atendimento digno e humanizado aos idosos. \u201cRibeir\u00e3o Preto n\u00e3o vai tolerar nenhum tipo de viol\u00eancia ou neglig\u00eancia contra os nossos idosos. Agimos com rapidez e firmeza para garantir a seguran\u00e7a e o acolhimento de todos os moradores dessas unidades\u201d, afirmou.\u2028\u2028O secret\u00e1rio municipal da Sa\u00fade, Maur\u00edcio Godinho, ressaltou o empenho das equipes no atendimento imediato e na estrutura\u00e7\u00e3o da resposta emergencial.<\/p>\n<p>\u201cAssim que fomos acionados, nossas equipes se mobilizaram para garantir o cuidado e a estabilidade de cada idoso. Estamos reorganizando os atendimentos, refor\u00e7ando o acompanhamento m\u00e9dico e garantindo que todos estejam em condi\u00e7\u00f5es adequadas de sa\u00fade e moradia\u201d.<\/p>\n<p>A Secretaria de Assist\u00eancia Social tamb\u00e9m est\u00e1 atuando no levantamento das informa\u00e7\u00f5es pessoais dos idosos, com o objetivo de localizar e estabelecer contato com familiares e respons\u00e1veis legais, assegurando o acompanhamento social de cada caso.<\/p>\n<p>A prefeitura de Ribeir\u00e3o Preto segue atuando de forma integrada com o Minist\u00e9rio P\u00fablico, refor\u00e7ando o compromisso permanente com a prote\u00e7\u00e3o, o cuidado e o respeito \u00e0 pessoa idosa, e garantindo que todas as medidas legais e humanit\u00e1rias sejam adotadas com responsabilidade e urg\u00eancia.\u2028\u2028Terminou em 13 de junho o prazo de 30 dias estipulado pela Justi\u00e7a de Ribeir\u00e3o Preto, por meio da Vara do Idoso, para que a propriet\u00e1ria das tr\u00eas casas de repouso fizesse a remo\u00e7\u00e3o de todos os acolhidos para suas respectivas fam\u00edlias ou para outras institui\u00e7\u00f5es de longa perman\u00eancia, devidamente habilitadas.<\/p>\n<p>A determina\u00e7\u00e3o partiu do juiz Paulo C\u00e9sar Gentile ap\u00f3s o promotor de Defesa dos Direitos da Pessoa Idosa, Carlos Cezar Barbosa, impetrar, no m\u00eas de abril, a\u00e7\u00e3o civil p\u00fablica pedindo o fechamento das casas de repouso. Disse \u00e0 \u00e9poca que colocavam em risco a vida dos 70 idosos abrigados. \u2028\u2028Al\u00e9m de n\u00e3o possu\u00edrem licen\u00e7a de funcionamento do \u00f3rg\u00e3o, as casas de repouso n\u00e3o apresentavam condi\u00e7\u00f5es adequadas de higiene, possu\u00edam excesso de idosos, falta de m\u00e3o de obra qualificada e aus\u00eancia de prontu\u00e1rios dos pacientes.<\/p>\n<p>Tamb\u00e9m apresentam irregularidades que representam elevado risco para a sa\u00fade, para a vida e para a dignidade dos idosos nelas abrigados, tais como, estrutura f\u00edsica dos im\u00f3veis inadequadas para o funcionamento de casa de repouso; dormit\u00f3rios sem banheiro; banheiros sem barras de apoio, entre outras irregularidades.<\/p>\n<figure id=\"attachment_445184\" aria-describedby=\"caption-attachment-445184\" style=\"width: 369px\" class=\"wp-caption alignright\"><img data-recalc-dims=\"1\" loading=\"lazy\" decoding=\"async\" class=\"wp-image-445184 lazyload\" src=\"https:\/\/i0.wp.com\/www.tribunaribeirao.com.br\/wp-content\/uploads\/2025\/11\/Asilos-Mal-Max-Gallao-Mesquita-03-300x169.jpg?resize=369%2C208&#038;ssl=1\" alt=\"\" width=\"369\" height=\"208\" srcset=\"https:\/\/www.tribunaribeirao.com.br\/wp-content\/uploads\/2025\/11\/Asilos-Mal-Max-Gallao-Mesquita-03-300x169.jpg 300w, https:\/\/www.tribunaribeirao.com.br\/wp-content\/uploads\/2025\/11\/Asilos-Mal-Max-Gallao-Mesquita-03-1024x576.jpg 1024w, https:\/\/www.tribunaribeirao.com.br\/wp-content\/uploads\/2025\/11\/Asilos-Mal-Max-Gallao-Mesquita-03-768x432.jpg 768w, https:\/\/www.tribunaribeirao.com.br\/wp-content\/uploads\/2025\/11\/Asilos-Mal-Max-Gallao-Mesquita-03-1536x864.jpg 1536w, https:\/\/www.tribunaribeirao.com.br\/wp-content\/uploads\/2025\/11\/Asilos-Mal-Max-Gallao-Mesquita-03-960x540.jpg 960w, https:\/\/www.tribunaribeirao.com.br\/wp-content\/uploads\/2025\/11\/Asilos-Mal-Max-Gallao-Mesquita-03-711x400.jpg 711w, https:\/\/www.tribunaribeirao.com.br\/wp-content\/uploads\/2025\/11\/Asilos-Mal-Max-Gallao-Mesquita-03-585x329.jpg 585w, https:\/\/www.tribunaribeirao.com.br\/wp-content\/uploads\/2025\/11\/Asilos-Mal-Max-Gallao-Mesquita-03-scaled.jpg 1200w\" data-sizes=\"(max-width: 369px) 100vw, 369px\" style=\"--smush-placeholder-width: 369px; --smush-placeholder-aspect-ratio: 369\/208;\"\/><figcaption id=\"caption-attachment-445184\" class=\"wp-caption-text\">Um grupo de idosos foi para casas de parentes. Apesar de interditadas desde maio, as casas continuavam em funcionamento. A a\u00e7\u00e3o de domingo contou com a participa\u00e7\u00e3o da Pol\u00edcia Militar, do Minist\u00e9rio P\u00fablico de S\u00e3o Paulo (MPSP) e de equipes da prefeitura de Ribeir\u00e3o Preto<\/figcaption><\/figure>\n<p>Parentes e ex-funcion\u00e1rios denunciam que idosos eram amarrados \u00e0 cama.\u2028\u2028O m\u00e9rito da a\u00e7\u00e3o ainda n\u00e3o foi julgado. A defesa de Eva Maria Lima disse que n\u00e3o vai se manifestar enquanto n\u00e3o tiver acesso aos autos, mas deve entrar com recurso para tirar a propriet\u00e1ria das casas de repouso da cadeia.<\/p>\n<p>Ela teve a pris\u00e3o preventiva decretada ontem, ap\u00f3s audi\u00eancia de cust\u00f3dia. \u2028\u2028Em mar\u00e7o, disse que os idosos recebiam alimenta\u00e7\u00e3o adequada e cuidados de higiene e sa\u00fade, com prescri\u00e7\u00e3o de medicamentos quando necess\u00e1rio. Ressalta que a estrutura segue a legisla\u00e7\u00e3o que rege o setor e est\u00e1 dentro da regularidade. Negou que as pessoas acolhidas sofriam maus-tratos.<\/p>\n<p>A Secretaria Municipal de Assist\u00eancia Social (Semas) encontra dificuldade para contratar Organiza\u00e7\u00f5es Sociais e criar 75 novas vagas em institui\u00e7\u00f5es de longa perman\u00eancia (ILP), os populares asilos, para 96 idosos cadastrados na pasta que ainda est\u00e3o na fila de espera. O \u00faltimo chamamento p\u00fablico foi considerado deserto. A estimativa da prefeitura \u00e9 investir R$ 3,5 milh\u00f5es por ano.<\/p>\n<p><!-- CONTENT END 3 -->\n<\/div>\n<p><br \/>\n<br \/><a href=\"https:\/\/www.tribunaribeirao.com.br\/prefeitura-assume-casas-de-repouso-ilegais\/\">Source link <\/a><\/p>\n","protected":false},"excerpt":{"rendered":"<p>Equipes da Sa\u00fade e da Assist\u00eancia Social garantem atendimento, acolhimento e contato com familiares dos 36 idosos atendidos nas unidades\u2028\u2028 A prefeitura de Ribeir\u00e3o Preto&#8230;<\/p>\n","protected":false},"author":1,"featured_media":79563,"comment_status":"open","ping_status":"open","sticky":false,"template":"","format":"standard","meta":{"advanced_seo_description":"","jetpack_seo_html_title":"","jetpack_seo_noindex":false,"jetpack_post_was_ever_published":false,"_jetpack_newsletter_access":"","_jetpack_dont_email_post_to_subs":false,"_jetpack_newsletter_tier_id":0,"_jetpack_memberships_contains_paywalled_content":false,"_jetpack_memberships_contains_paid_content":false,"footnotes":"","jetpack_publicize_message":"","jetpack_publicize_feature_enabled":true,"jetpack_social_post_already_shared":true,"jetpack_social_options":{"image_generator_settings":{"template":"highway","default_image_id":0,"font":"","enabled":false},"version":2}},"categories":[11],"tags":[],"class_list":["post-79562","post","type-post","status-publish","format-standard","has-post-thumbnail","hentry","category-noticias-de-ribeirao-preto-sp-e-regiao-ismael-colosi"],"jetpack_publicize_connections":[],"jetpack_featured_media_url":"https:\/\/i0.wp.com\/noticiasribeiraopreto.com.br\/wp-content\/uploads\/2025\/11\/Asilos-Pre-Guilherme-Sircili-01-scaled.jpg?fit=1170%2C780&ssl=1","jetpack-related-posts":[{"id":66721,"url":"https:\/\/noticiasribeiraopreto.com.br\/index.php\/2025\/04\/04\/ministerio-publico-interdita-tres-casas-de-repouso-em-ribeirao-preto\/","url_meta":{"origin":79562,"position":0},"title":"Minist\u00e9rio P\u00fablico interdita tr\u00eas casas de repouso em Ribeir\u00e3o Preto","author":"noticiasribeiraopreto.com.br","date":"4 de April de 2025","format":false,"excerpt":"Tr\u00eas casas de repouso foram interditadas, em Ribeir\u00e3o Preto, durante uma investiga\u00e7\u00e3o realizada pelo Minist\u00e9rio P\u00fablico, com apoio da Vigil\u00e2ncia Sanit\u00e1ria, secretarias de Assist\u00eancia Social e Sa\u00fade, al\u00e9m da Pol\u00edcia Civil. Cerca de 50 idosos estavam sendo mantidos em condi\u00e7\u00f5es de maus-tratos, nas casas localizadas nos bairros Alto da Boa\u2026","rel":"","context":"In &quot;Not\u00edcias de Ribeir\u00e3o Preto-SP e Regi\u00e3o&quot;","block_context":{"text":"Not\u00edcias de Ribeir\u00e3o Preto-SP e Regi\u00e3o","link":"https:\/\/noticiasribeiraopreto.com.br\/index.php\/category\/noticias-de-ribeirao-preto-sp-e-regiao-ismael-colosi\/"},"img":{"alt_text":"","src":"https:\/\/i0.wp.com\/noticiasribeiraopreto.com.br\/wp-content\/uploads\/2025\/04\/Copia-de-Copia-de-Copia-de-TAMANHO-EXATO-PARA-FOTOS-NO-SISTEMA-NOVO-2025-04-04T152751.593_2025-04-04_18-28-17_png_2025-04-04_18-28-17.webp.webp?fit=1200%2C675&ssl=1&resize=350%2C200","width":350,"height":200,"srcset":"https:\/\/i0.wp.com\/noticiasribeiraopreto.com.br\/wp-content\/uploads\/2025\/04\/Copia-de-Copia-de-Copia-de-TAMANHO-EXATO-PARA-FOTOS-NO-SISTEMA-NOVO-2025-04-04T152751.593_2025-04-04_18-28-17_png_2025-04-04_18-28-17.webp.webp?fit=1200%2C675&ssl=1&resize=350%2C200 1x, https:\/\/i0.wp.com\/noticiasribeiraopreto.com.br\/wp-content\/uploads\/2025\/04\/Copia-de-Copia-de-Copia-de-TAMANHO-EXATO-PARA-FOTOS-NO-SISTEMA-NOVO-2025-04-04T152751.593_2025-04-04_18-28-17_png_2025-04-04_18-28-17.webp.webp?fit=1200%2C675&ssl=1&resize=525%2C300 1.5x, https:\/\/i0.wp.com\/noticiasribeiraopreto.com.br\/wp-content\/uploads\/2025\/04\/Copia-de-Copia-de-Copia-de-TAMANHO-EXATO-PARA-FOTOS-NO-SISTEMA-NOVO-2025-04-04T152751.593_2025-04-04_18-28-17_png_2025-04-04_18-28-17.webp.webp?fit=1200%2C675&ssl=1&resize=700%2C400 2x, https:\/\/i0.wp.com\/noticiasribeiraopreto.com.br\/wp-content\/uploads\/2025\/04\/Copia-de-Copia-de-Copia-de-TAMANHO-EXATO-PARA-FOTOS-NO-SISTEMA-NOVO-2025-04-04T152751.593_2025-04-04_18-28-17_png_2025-04-04_18-28-17.webp.webp?fit=1200%2C675&ssl=1&resize=1050%2C600 3x"},"classes":[]},{"id":79541,"url":"https:\/\/noticiasribeiraopreto.com.br\/index.php\/2025\/11\/03\/trinta-e-seis-idosos-sao-resgatados-em-casas-de-repouso-em-ribeirao\/","url_meta":{"origin":79562,"position":1},"title":"Trinta e seis idosos s\u00e3o resgatados em casas de repouso em Ribeir\u00e3o","author":"noticiasribeiraopreto.com.br","date":"3 de November de 2025","format":false,"excerpt":"3 de novembro de 2025 17:593 Compartilhar0 Em dois locais, nos bairros Alto da Boa Vista e Centro, foram mais de 29 idosos encontrados na manh\u00e3 desta segunda-feira (3) pelas equipes da prefeitura e sete idosos foram retirados de um im\u00f3vel no domingo (2) no Parque Ribeir\u00e3o Trinta e seis\u2026","rel":"","context":"In &quot;Not\u00edcias de Ribeir\u00e3o Preto-SP e Regi\u00e3o&quot;","block_context":{"text":"Not\u00edcias de Ribeir\u00e3o Preto-SP e Regi\u00e3o","link":"https:\/\/noticiasribeiraopreto.com.br\/index.php\/category\/noticias-de-ribeirao-preto-sp-e-regiao-ismael-colosi\/"},"img":{"alt_text":"","src":"https:\/\/i0.wp.com\/noticiasribeiraopreto.com.br\/wp-content\/uploads\/2025\/11\/WhatsApp-Image-2025-11-03-at-16.22.29-scaled.jpeg?fit=1170%2C780&ssl=1&resize=350%2C200","width":350,"height":200,"srcset":"https:\/\/i0.wp.com\/noticiasribeiraopreto.com.br\/wp-content\/uploads\/2025\/11\/WhatsApp-Image-2025-11-03-at-16.22.29-scaled.jpeg?fit=1170%2C780&ssl=1&resize=350%2C200 1x, https:\/\/i0.wp.com\/noticiasribeiraopreto.com.br\/wp-content\/uploads\/2025\/11\/WhatsApp-Image-2025-11-03-at-16.22.29-scaled.jpeg?fit=1170%2C780&ssl=1&resize=525%2C300 1.5x, https:\/\/i0.wp.com\/noticiasribeiraopreto.com.br\/wp-content\/uploads\/2025\/11\/WhatsApp-Image-2025-11-03-at-16.22.29-scaled.jpeg?fit=1170%2C780&ssl=1&resize=700%2C400 2x, https:\/\/i0.wp.com\/noticiasribeiraopreto.com.br\/wp-content\/uploads\/2025\/11\/WhatsApp-Image-2025-11-03-at-16.22.29-scaled.jpeg?fit=1170%2C780&ssl=1&resize=1050%2C600 3x"},"classes":[]},{"id":79535,"url":"https:\/\/noticiasribeiraopreto.com.br\/index.php\/2025\/11\/03\/prefeitura-de-ribeirao-assume-casas-de-repouso-apos-prisao-de-responsavel-por-suspeita-de-maus-tratos\/","url_meta":{"origin":79562,"position":2},"title":"Prefeitura de Ribeir\u00e3o assume casas de repouso ap\u00f3s pris\u00e3o de respons\u00e1vel por suspeita de maus-tratos","author":"noticiasribeiraopreto.com.br","date":"3 de November de 2025","format":false,"excerpt":"A Prefeitura de Ribeir\u00e3o Preto assumiu temporariamente a gest\u00e3o de duas casas de repouso do grupo Meu Doce Lar ap\u00f3s a pris\u00e3o da propriet\u00e1ria, Eva Maria Lima, no domingo (2), por descumprimento de medidas judiciais e suspeita de maus-tratos a idosos. O an\u00fancio foi feito na tarde desta segunda-feira (3)\u2026","rel":"","context":"In &quot;Not\u00edcias de Ribeir\u00e3o Preto-SP e Regi\u00e3o&quot;","block_context":{"text":"Not\u00edcias de Ribeir\u00e3o Preto-SP e Regi\u00e3o","link":"https:\/\/noticiasribeiraopreto.com.br\/index.php\/category\/noticias-de-ribeirao-preto-sp-e-regiao-ismael-colosi\/"},"img":{"alt_text":"","src":"https:\/\/i0.wp.com\/noticiasribeiraopreto.com.br\/wp-content\/uploads\/2025\/11\/palace-5_2025-11-03_17-16-58.webp.webp?fit=1200%2C675&ssl=1&resize=350%2C200","width":350,"height":200,"srcset":"https:\/\/i0.wp.com\/noticiasribeiraopreto.com.br\/wp-content\/uploads\/2025\/11\/palace-5_2025-11-03_17-16-58.webp.webp?fit=1200%2C675&ssl=1&resize=350%2C200 1x, https:\/\/i0.wp.com\/noticiasribeiraopreto.com.br\/wp-content\/uploads\/2025\/11\/palace-5_2025-11-03_17-16-58.webp.webp?fit=1200%2C675&ssl=1&resize=525%2C300 1.5x, https:\/\/i0.wp.com\/noticiasribeiraopreto.com.br\/wp-content\/uploads\/2025\/11\/palace-5_2025-11-03_17-16-58.webp.webp?fit=1200%2C675&ssl=1&resize=700%2C400 2x, https:\/\/i0.wp.com\/noticiasribeiraopreto.com.br\/wp-content\/uploads\/2025\/11\/palace-5_2025-11-03_17-16-58.webp.webp?fit=1200%2C675&ssl=1&resize=1050%2C600 3x"},"classes":[]},{"id":83976,"url":"https:\/\/noticiasribeiraopreto.com.br\/index.php\/2026\/03\/30\/mais-uma-casa-de-repouso-de-idosos-e-fechada\/","url_meta":{"origin":79562,"position":3},"title":"Mais uma casa de repouso de idosos \u00e9 fechada","author":"noticiasribeiraopreto.com.br","date":"30 de March de 2026","format":false,"excerpt":"\r Estabelecimento j\u00e1 havia sido interditado em fevereiro do ano passado, mas continuou funcionando\r \r 30 de mar\u00e7o de 2026 12:55 \r Compartilhar2 | Por: Adalberto Luque e Alfredo Risk | Uma for\u00e7a-tarefa fechou, na manh\u00e3 desta segunda-feira (30), mais uma casa de repouso para idosos. O estabelecimento fechado fica\u2026","rel":"","context":"In &quot;Not\u00edcias de Ribeir\u00e3o Preto-SP e Regi\u00e3o&quot;","block_context":{"text":"Not\u00edcias de Ribeir\u00e3o Preto-SP e Regi\u00e3o","link":"https:\/\/noticiasribeiraopreto.com.br\/index.php\/category\/noticias-de-ribeirao-preto-sp-e-regiao-ismael-colosi\/"},"img":{"alt_text":"","src":"https:\/\/i0.wp.com\/noticiasribeiraopreto.com.br\/wp-content\/uploads\/2026\/03\/30-mar-2026-casaderepouso1-scaled.jpg?fit=1170%2C780&ssl=1&resize=350%2C200","width":350,"height":200,"srcset":"https:\/\/i0.wp.com\/noticiasribeiraopreto.com.br\/wp-content\/uploads\/2026\/03\/30-mar-2026-casaderepouso1-scaled.jpg?fit=1170%2C780&ssl=1&resize=350%2C200 1x, https:\/\/i0.wp.com\/noticiasribeiraopreto.com.br\/wp-content\/uploads\/2026\/03\/30-mar-2026-casaderepouso1-scaled.jpg?fit=1170%2C780&ssl=1&resize=525%2C300 1.5x, https:\/\/i0.wp.com\/noticiasribeiraopreto.com.br\/wp-content\/uploads\/2026\/03\/30-mar-2026-casaderepouso1-scaled.jpg?fit=1170%2C780&ssl=1&resize=700%2C400 2x, https:\/\/i0.wp.com\/noticiasribeiraopreto.com.br\/wp-content\/uploads\/2026\/03\/30-mar-2026-casaderepouso1-scaled.jpg?fit=1170%2C780&ssl=1&resize=1050%2C600 3x"},"classes":[]},{"id":79520,"url":"https:\/\/noticiasribeiraopreto.com.br\/index.php\/2025\/11\/03\/dona-de-casa-de-repouso-e-presa-por-maus-tratos-a-idosos-em-ribeirao-preto\/","url_meta":{"origin":79562,"position":4},"title":"Dona de casa de repouso \u00e9 presa por maus-tratos a idosos em Ribeir\u00e3o Preto","author":"noticiasribeiraopreto.com.br","date":"3 de November de 2025","format":false,"excerpt":"Uma mulher de 40 anos foi presa neste domingo (2), depois que a pol\u00edcia encontrou sete idosos em condi\u00e7\u00f5es insalubres em uma casa, no Parque Ribeir\u00e3o, zona Oeste de Ribeir\u00e3o Preto. Os idosos foram resgatados. Segundo o boletim de ocorr\u00eancia (BO), Eva Maria Lima disse ser auxiliar de enfermagem, e\u2026","rel":"","context":"In &quot;Not\u00edcias de Ribeir\u00e3o Preto-SP e Regi\u00e3o&quot;","block_context":{"text":"Not\u00edcias de Ribeir\u00e3o Preto-SP e Regi\u00e3o","link":"https:\/\/noticiasribeiraopreto.com.br\/index.php\/category\/noticias-de-ribeirao-preto-sp-e-regiao-ismael-colosi\/"},"img":{"alt_text":"","src":"https:\/\/i0.wp.com\/noticiasribeiraopreto.com.br\/wp-content\/uploads\/2025\/11\/WhatsApp-Image-2025-11-03-at-09.55.17_2025-11-03_13-04-56.webp.webp?fit=1200%2C675&ssl=1&resize=350%2C200","width":350,"height":200,"srcset":"https:\/\/i0.wp.com\/noticiasribeiraopreto.com.br\/wp-content\/uploads\/2025\/11\/WhatsApp-Image-2025-11-03-at-09.55.17_2025-11-03_13-04-56.webp.webp?fit=1200%2C675&ssl=1&resize=350%2C200 1x, https:\/\/i0.wp.com\/noticiasribeiraopreto.com.br\/wp-content\/uploads\/2025\/11\/WhatsApp-Image-2025-11-03-at-09.55.17_2025-11-03_13-04-56.webp.webp?fit=1200%2C675&ssl=1&resize=525%2C300 1.5x, https:\/\/i0.wp.com\/noticiasribeiraopreto.com.br\/wp-content\/uploads\/2025\/11\/WhatsApp-Image-2025-11-03-at-09.55.17_2025-11-03_13-04-56.webp.webp?fit=1200%2C675&ssl=1&resize=700%2C400 2x, https:\/\/i0.wp.com\/noticiasribeiraopreto.com.br\/wp-content\/uploads\/2025\/11\/WhatsApp-Image-2025-11-03-at-09.55.17_2025-11-03_13-04-56.webp.webp?fit=1200%2C675&ssl=1&resize=1050%2C600 3x"},"classes":[]},{"id":83800,"url":"https:\/\/noticiasribeiraopreto.com.br\/index.php\/2026\/03\/26\/casa-de-repouso-e-fechada-apos-denuncias\/","url_meta":{"origin":79562,"position":5},"title":"Casa de repouso \u00e9 fechada ap\u00f3s den\u00fancias","author":"noticiasribeiraopreto.com.br","date":"26 de March de 2026","format":false,"excerpt":"Por: Adalberto Luque \u2013 Uma casa de repouso foi fechada, no final da tarde desta quarta-feira (25), por, segundo a Prefeitura de Ribeir\u00e3o Preto, operar de forma irregular, sem alvar\u00e1. O fechamento ocorreu ap\u00f3s uma idosa, de 87 anos, ser retirada da cl\u00ednica pela fam\u00edlia e levada, em estado grave,\u2026","rel":"","context":"In &quot;Not\u00edcias de Ribeir\u00e3o Preto-SP e Regi\u00e3o&quot;","block_context":{"text":"Not\u00edcias de Ribeir\u00e3o Preto-SP e Regi\u00e3o","link":"https:\/\/noticiasribeiraopreto.com.br\/index.php\/category\/noticias-de-ribeirao-preto-sp-e-regiao-ismael-colosi\/"},"img":{"alt_text":"","src":"https:\/\/i0.wp.com\/noticiasribeiraopreto.com.br\/wp-content\/uploads\/2026\/03\/26-mar-2026-casarepousoclandestina3-scaled.jpg?fit=1170%2C780&ssl=1&resize=350%2C200","width":350,"height":200,"srcset":"https:\/\/i0.wp.com\/noticiasribeiraopreto.com.br\/wp-content\/uploads\/2026\/03\/26-mar-2026-casarepousoclandestina3-scaled.jpg?fit=1170%2C780&ssl=1&resize=350%2C200 1x, https:\/\/i0.wp.com\/noticiasribeiraopreto.com.br\/wp-content\/uploads\/2026\/03\/26-mar-2026-casarepousoclandestina3-scaled.jpg?fit=1170%2C780&ssl=1&resize=525%2C300 1.5x, https:\/\/i0.wp.com\/noticiasribeiraopreto.com.br\/wp-content\/uploads\/2026\/03\/26-mar-2026-casarepousoclandestina3-scaled.jpg?fit=1170%2C780&ssl=1&resize=700%2C400 2x, https:\/\/i0.wp.com\/noticiasribeiraopreto.com.br\/wp-content\/uploads\/2026\/03\/26-mar-2026-casarepousoclandestina3-scaled.jpg?fit=1170%2C780&ssl=1&resize=1050%2C600 3x"},"classes":[]}],"jetpack_sharing_enabled":true,"jetpack_shortlink":"https:\/\/wp.me\/peQAOb-kHg","_links":{"self":[{"href":"https:\/\/noticiasribeiraopreto.com.br\/index.php\/wp-json\/wp\/v2\/posts\/79562","targetHints":{"allow":["GET"]}}],"collection":[{"href":"https:\/\/noticiasribeiraopreto.com.br\/index.php\/wp-json\/wp\/v2\/posts"}],"about":[{"href":"https:\/\/noticiasribeiraopreto.com.br\/index.php\/wp-json\/wp\/v2\/types\/post"}],"author":[{"embeddable":true,"href":"https:\/\/noticiasribeiraopreto.com.br\/index.php\/wp-json\/wp\/v2\/users\/1"}],"replies":[{"embeddable":true,"href":"https:\/\/noticiasribeiraopreto.com.br\/index.php\/wp-json\/wp\/v2\/comments?post=79562"}],"version-history":[{"count":0,"href":"https:\/\/noticiasribeiraopreto.com.br\/index.php\/wp-json\/wp\/v2\/posts\/79562\/revisions"}],"wp:featuredmedia":[{"embeddable":true,"href":"https:\/\/noticiasribeiraopreto.com.br\/index.php\/wp-json\/wp\/v2\/media\/79563"}],"wp:attachment":[{"href":"https:\/\/noticiasribeiraopreto.com.br\/index.php\/wp-json\/wp\/v2\/media?parent=79562"}],"wp:term":[{"taxonomy":"category","embeddable":true,"href":"https:\/\/noticiasribeiraopreto.com.br\/index.php\/wp-json\/wp\/v2\/categories?post=79562"},{"taxonomy":"post_tag","embeddable":true,"href":"https:\/\/noticiasribeiraopreto.com.br\/index.php\/wp-json\/wp\/v2\/tags?post=79562"}],"curies":[{"name":"wp","href":"https:\/\/api.w.org\/{rel}","templated":true}]}}