{"id":79564,"date":"2025-11-04T09:03:39","date_gmt":"2025-11-04T12:03:39","guid":{"rendered":"https:\/\/noticiasribeiraopreto.com.br\/index.php\/2025\/11\/04\/bigodini-volta-e-fica-em-silencio\/"},"modified":"2025-11-04T09:03:39","modified_gmt":"2025-11-04T12:03:39","slug":"bigodini-volta-e-fica-em-silencio","status":"publish","type":"post","link":"https:\/\/noticiasribeiraopreto.com.br\/index.php\/2025\/11\/04\/bigodini-volta-e-fica-em-silencio\/","title":{"rendered":"Bigodini volta e \u2028fica em sil\u00eancio"},"content":{"rendered":"<p> <br \/>\n<\/p>\n<div>\n<p><em>Nesta segunda-feira (3), o vereador Bigodini voltou a participar das sess\u00f5es legislativas da C\u00e2mara de Ribeir\u00e3o Preto, mas n\u00e3o se manifestou\u2028<\/em><\/p>\n<p>Nesta segunda-feira, 3 de novembro, o vereador Roger Ronan da Silva (MDB), o Bigodini, de 33 anos, voltou a participar das sess\u00f5es legislativas da C\u00e2mara de Ribeir\u00e3o Preto, mais de um m\u00eas depois de se envolver em acidente de tr\u00e2nsito, na madrugada de 28 de setembro, na avenida do Caf\u00e9.<\/p>\n<p>O terceiro atestado m\u00e9dico apresentado pelo parlamentar venceu na quarta-feira (298) e ele retornou \u00e0 C\u00e2mara no dia seguinte, 30 de outubro. Assinou papeis e se reuniu com assessores no gabinete antes de posta um v\u00eddeo avisando que havia voltado.<\/p>\n<p>Esperava-se que Bigodini usasse a tribuna para justificar o afastamento. Entretanto, n\u00e3o falou absolutamente nada sobre o assunto e nem justificou nenhum dos 19 requerimentos que apresentou \u00e0 prefeitura na volta ao Legislativo, algo que costumava fazer constantemente. \u2028\u2028Manifestantes do Movimento Brasil Livre (MBL) participaram da sess\u00e3o com faixas com dizeres \u201cFora Bigodini\u201d.<\/p>\n<p>O Tribuna apurou que o vereador at\u00e9 pensou em falar sobre o assunto, mas foi demovido da ideia por outros vereadores.\u2028\u2028O Conselho de \u00c9tica e Decoro Parlamentar da C\u00e2mara de Ribeir\u00e3o Preto vai se reunir nesta ter\u00e7a-feira (4), \u00e0s 14 horas, para discutir o caso Bogodini.<\/p>\n<p>O colegiado cobra prontu\u00e1rios e relat\u00f3rios m\u00e9dicos da cl\u00ednica onde o vereador esteve internado ap\u00f3s sofrer o acidente de tr\u00e2nsito.\u2028\u2028Na \u00faltima reuni\u00e3o, o Conselho de \u00c9tica indicou Maur\u00edcio Vila Abranches (PSDB) como substituto de Jean Corauci (PSD) na relatoria, afastado por motivo de sa\u00fade.<\/p>\n<p>No dia 2, em reuni\u00e3o do conselho, foram sorteados para investigar o a den\u00fancia Franco Ferro (PP), Vila Abranches e Corauci, como relator.\u2028\u2028O Conselho de \u00c9tica tem 180 dias para concluir os trabalhos e emitir parecer sobre o caso. Bigodini passou a ser investigado ap\u00f3s o jornalista Rodrigo Leone da Silva impetrar um pedido de cassa\u00e7\u00e3o por quebra de decoro.<\/p>\n<figure id=\"attachment_445188\" aria-describedby=\"caption-attachment-445188\" style=\"width: 396px\" class=\"wp-caption alignleft\"><img data-recalc-dims=\"1\" loading=\"lazy\" decoding=\"async\" class=\"wp-image-445188 lazyload\" src=\"https:\/\/i0.wp.com\/www.tribunaribeirao.com.br\/wp-content\/uploads\/2025\/11\/Bigodini-Max-Gallao-Mesquita-02-300x169.jpg?resize=396%2C223&#038;ssl=1\" alt=\"\" width=\"396\" height=\"223\" srcset=\"https:\/\/www.tribunaribeirao.com.br\/wp-content\/uploads\/2025\/11\/Bigodini-Max-Gallao-Mesquita-02-300x169.jpg 300w, https:\/\/www.tribunaribeirao.com.br\/wp-content\/uploads\/2025\/11\/Bigodini-Max-Gallao-Mesquita-02-1024x576.jpg 1024w, https:\/\/www.tribunaribeirao.com.br\/wp-content\/uploads\/2025\/11\/Bigodini-Max-Gallao-Mesquita-02-768x432.jpg 768w, https:\/\/www.tribunaribeirao.com.br\/wp-content\/uploads\/2025\/11\/Bigodini-Max-Gallao-Mesquita-02-1536x864.jpg 1536w, https:\/\/www.tribunaribeirao.com.br\/wp-content\/uploads\/2025\/11\/Bigodini-Max-Gallao-Mesquita-02-960x540.jpg 960w, https:\/\/www.tribunaribeirao.com.br\/wp-content\/uploads\/2025\/11\/Bigodini-Max-Gallao-Mesquita-02-711x400.jpg 711w, https:\/\/www.tribunaribeirao.com.br\/wp-content\/uploads\/2025\/11\/Bigodini-Max-Gallao-Mesquita-02-585x329.jpg 585w, https:\/\/www.tribunaribeirao.com.br\/wp-content\/uploads\/2025\/11\/Bigodini-Max-Gallao-Mesquita-02-scaled.jpg 1200w\" data-sizes=\"(max-width: 396px) 100vw, 396px\" style=\"--smush-placeholder-width: 396px; --smush-placeholder-aspect-ratio: 396\/223;\"\/><figcaption id=\"caption-attachment-445188\" class=\"wp-caption-text\">Manifestantes do Movimento Brasil Livre (MBL) participaram da sess\u00e3o com faixas com dizeres \u201cFora Bigodini\u201d<\/figcaption><\/figure>\n<p>O colegiado n\u00e3o havia confirmado, at\u00e9 o fechamento desta edi\u00e7\u00e3o, se a Pol\u00edcia Civil havia enviado c\u00f3pia do inqu\u00e9rito que envolve o indiciamento do vereador.\u2028\u2028No dia 24 de outubro, o delegado Gustavo Andr\u00e9 Alves, da Divis\u00e3o Especializada de Investiga\u00e7\u00f5es Criminais (Deic), indiciou o vereador por embriaguez ao volante, falsidade ideol\u00f3gica e fraude processual, confirmando que ele n\u00e3o disse a verdade ap\u00f3s o acidente. Somadas, as penas podem chegar a dez anos de pris\u00e3o em caso de condena\u00e7\u00e3o.<\/p>\n<p>O barbeiro e infuenciador tamb\u00e9m pode ficar ineleg\u00edvel por oito anos. J\u00e1 a namorada dele, a assistente social Isabela de C\u00e1ssia de Andrade Faria, de 29 anos, responder\u00e1 por falsidade ideol\u00f3gica, fraude processual e autoacusa\u00e7\u00e3o.<\/p>\n<p>O casal n\u00e3o ser\u00e1 preso e acompanhar\u00e1 o tr\u00e2mite do processo em liberdade. \u2028\u2028O delegado vai enviar o relat\u00f3rio final do inqu\u00e9rito para o Minist\u00e9rio P\u00fablico de S\u00e3o Paulo (MPSP), que pode optar por arquivar o caso ou oferecer den\u00fancia \u00e0 Justi\u00e7a de Ribeir\u00e3o Preto.<\/p>\n<p>Neste caso, o vereador e a namorada passam a ser considerados r\u00e9us e ser\u00e3o julgados pelos crimes a eles imputados. Como n\u00e3o houve morte, a possibilidade de j\u00fari popular est\u00e1 descartada. \u2028\u2028O acidente de tr\u00e2nsito envolvendo o Chevrolet Tracker cinza alugado pelo vereador ocorreu na madrugada de 28 de setembro, na avenida do Caf\u00e9, Zona Oeste. Na \u00e9poca, Bigodini disse a policiais que a namorada estava dirigindo. Ela n\u00e3o tem Carteira Nacional de Habilita\u00e7\u00e3o (CNH).<\/p>\n<p>Segundo o delegado Alves, as investiga\u00e7\u00f5es reuniram diversas imagens de c\u00e2meras de seguran\u00e7a coletadas em diversos pontos por onde o vereador e sua namorada haviam passado naquela noite e madrugada que antecederam o acidente.<\/p>\n<p>O delegado disse que, atrav\u00e9s das imagens, \u00e9 poss\u00edvel afirmar que era sempre Bigodini quem conduzia o carro. Eles foram a diversos bares e a Pol\u00edcia Civil conseguiu levantar o que ele consumiu. Os v\u00eddeos foram submetidos \u00e0 per\u00edcia comprovam que Bigodini estava ao volante do Chevrolet Tracker cinza alugado.<\/p>\n<p>O rastreamento foi poss\u00edvel porque o carro que Bigodini dirigia era alugado e monitorado por GPS. Naquela noite, Bigodini ingeriu vodca, cacha\u00e7a, u\u00edsque e cerveja. Na dire\u00e7\u00e3o do Tracker, atingiu mais de 100 quil\u00f4metros por hora em v\u00e1rias vias da cidade, chegando ao m\u00e1ximo de 183 km\/h na Rodovia Anhanguera (SP-330).<\/p>\n<p>Em nota distribu\u00edda a imprensa, os advogados Wesley Felipe Martins dos Santos Rodrigues e Paulo Roberto Pereira Marques dizem que tomaram conhecimento das imagens divulgadas pela Pol\u00edcia Civil atrav\u00e9s da m\u00eddia. \u2028Citam que o processo tem 233 p\u00e1ginas, motivo pelo qual n\u00e3o houve tempo h\u00e1bil para que a defesa procedesse \u00e0 an\u00e1lise minuciosa de todo o conte\u00fado apresentado.<\/p>\n<p>Ap\u00f3s a repercuss\u00e3o do caso, Bigodini postou um v\u00eddeo postado nas redes sociais endere\u00e7ado \u00e0 popula\u00e7\u00e3o de Ribeir\u00e3o Preto, em que dizia estar em tratamento, cuidando da sa\u00fade. O laudo apontou transtorno de estresse agudo, caracterizado por uma resposta emocional intensa a um evento traum\u00e1tico.<\/p>\n<p><!-- CONTENT END 3 -->\n<\/div>\n<p><br \/>\n<br \/><a href=\"https:\/\/www.tribunaribeirao.com.br\/bigodini-volta-e-fica-em-silencio\/\">Source link <\/a><\/p>\n","protected":false},"excerpt":{"rendered":"<p>Nesta segunda-feira (3), o vereador Bigodini voltou a participar das sess\u00f5es legislativas da C\u00e2mara de Ribeir\u00e3o Preto, mas n\u00e3o se manifestou\u2028 Nesta segunda-feira, 3 de&#8230;<\/p>\n","protected":false},"author":1,"featured_media":79565,"comment_status":"open","ping_status":"open","sticky":false,"template":"","format":"standard","meta":{"advanced_seo_description":"","jetpack_seo_html_title":"","jetpack_seo_noindex":false,"jetpack_post_was_ever_published":false,"_jetpack_newsletter_access":"","_jetpack_dont_email_post_to_subs":false,"_jetpack_newsletter_tier_id":0,"_jetpack_memberships_contains_paywalled_content":false,"_jetpack_memberships_contains_paid_content":false,"footnotes":"","jetpack_publicize_message":"","jetpack_publicize_feature_enabled":true,"jetpack_social_post_already_shared":true,"jetpack_social_options":{"image_generator_settings":{"template":"highway","default_image_id":0,"font":"","enabled":false},"version":2}},"categories":[11],"tags":[],"class_list":["post-79564","post","type-post","status-publish","format-standard","has-post-thumbnail","hentry","category-noticias-de-ribeirao-preto-sp-e-regiao-ismael-colosi"],"jetpack_publicize_connections":[],"jetpack_featured_media_url":"https:\/\/i0.wp.com\/noticiasribeiraopreto.com.br\/wp-content\/uploads\/2025\/11\/Bigodini-Max-Gallao-Mesquita-01-scaled.jpg?fit=1200%2C675&ssl=1","jetpack-related-posts":[{"id":79559,"url":"https:\/\/noticiasribeiraopreto.com.br\/index.php\/2025\/11\/03\/depois-de-10-sessoes-ausente-bigodini-retorna-a-camara-de-ribeirao-preto\/","url_meta":{"origin":79564,"position":0},"title":"Depois de 10 sess\u00f5es ausente, Bigodini retorna \u00e0 C\u00e2mara de Ribeir\u00e3o Preto","author":"noticiasribeiraopreto.com.br","date":"3 de November de 2025","format":false,"excerpt":"O vereador Bigodini (MDB) voltou a participar das sess\u00f5es da C\u00e2mara Municipal de Ribeir\u00e3o Preto nesta segunda-feira (3), ap\u00f3s 29 dias afastado das atividades parlamentares. Ele est\u00e1 presente na reuni\u00e3o que come\u00e7ou \u00e0s 18h30. Durante o per\u00edodo de aus\u00eancia, a cadeira de Bigodini permaneceu vazia em dez sess\u00f5es. O parlamentar\u2026","rel":"","context":"In &quot;Not\u00edcias de Ribeir\u00e3o Preto-SP e Regi\u00e3o&quot;","block_context":{"text":"Not\u00edcias de Ribeir\u00e3o Preto-SP e Regi\u00e3o","link":"https:\/\/noticiasribeiraopreto.com.br\/index.php\/category\/noticias-de-ribeirao-preto-sp-e-regiao-ismael-colosi\/"},"img":{"alt_text":"","src":"https:\/\/i0.wp.com\/noticiasribeiraopreto.com.br\/wp-content\/uploads\/2025\/09\/bigodini_2025-09-30_13-54-26.webp.webp?fit=1200%2C838&ssl=1&resize=350%2C200","width":350,"height":200,"srcset":"https:\/\/i0.wp.com\/noticiasribeiraopreto.com.br\/wp-content\/uploads\/2025\/09\/bigodini_2025-09-30_13-54-26.webp.webp?fit=1200%2C838&ssl=1&resize=350%2C200 1x, https:\/\/i0.wp.com\/noticiasribeiraopreto.com.br\/wp-content\/uploads\/2025\/09\/bigodini_2025-09-30_13-54-26.webp.webp?fit=1200%2C838&ssl=1&resize=525%2C300 1.5x, https:\/\/i0.wp.com\/noticiasribeiraopreto.com.br\/wp-content\/uploads\/2025\/09\/bigodini_2025-09-30_13-54-26.webp.webp?fit=1200%2C838&ssl=1&resize=700%2C400 2x, https:\/\/i0.wp.com\/noticiasribeiraopreto.com.br\/wp-content\/uploads\/2025\/09\/bigodini_2025-09-30_13-54-26.webp.webp?fit=1200%2C838&ssl=1&resize=1050%2C600 3x"},"classes":[]},{"id":78897,"url":"https:\/\/noticiasribeiraopreto.com.br\/index.php\/2025\/10\/20\/bigodini-apresenta-terceiro-atestado-medico-e-se-afasta-da-camara-de-ribeirao-preto-por-mais-10-dias\/","url_meta":{"origin":79564,"position":1},"title":"Bigodini apresenta terceiro atestado m\u00e9dico e se afasta da C\u00e2mara de Ribeir\u00e3o Preto por mais 10 dias","author":"noticiasribeiraopreto.com.br","date":"20 de October de 2025","format":false,"excerpt":"O vereador Bigodini (MDB) apresentou o terceiro atestado m\u00e9dico consecutivo e ampliou seu afastamento da C\u00e2mara Municipal de Ribeir\u00e3o Preto por mais dez dias. O documento \u00e9 referente \u00e0 ansiedade generalizada, conforme confirmado pela assessoria do parlamentar. Nos afastamentos anteriores, Bigodini tamb\u00e9m apresentou atestados m\u00e9dicos, permanecendo ausente das sess\u00f5es e\u2026","rel":"","context":"In &quot;Not\u00edcias de Ribeir\u00e3o Preto-SP e Regi\u00e3o&quot;","block_context":{"text":"Not\u00edcias de Ribeir\u00e3o Preto-SP e Regi\u00e3o","link":"https:\/\/noticiasribeiraopreto.com.br\/index.php\/category\/noticias-de-ribeirao-preto-sp-e-regiao-ismael-colosi\/"},"img":{"alt_text":"","src":"https:\/\/i0.wp.com\/noticiasribeiraopreto.com.br\/wp-content\/uploads\/2025\/09\/bigodini_2025-09-30_13-54-26.webp.webp?fit=1200%2C838&ssl=1&resize=350%2C200","width":350,"height":200,"srcset":"https:\/\/i0.wp.com\/noticiasribeiraopreto.com.br\/wp-content\/uploads\/2025\/09\/bigodini_2025-09-30_13-54-26.webp.webp?fit=1200%2C838&ssl=1&resize=350%2C200 1x, https:\/\/i0.wp.com\/noticiasribeiraopreto.com.br\/wp-content\/uploads\/2025\/09\/bigodini_2025-09-30_13-54-26.webp.webp?fit=1200%2C838&ssl=1&resize=525%2C300 1.5x, https:\/\/i0.wp.com\/noticiasribeiraopreto.com.br\/wp-content\/uploads\/2025\/09\/bigodini_2025-09-30_13-54-26.webp.webp?fit=1200%2C838&ssl=1&resize=700%2C400 2x, https:\/\/i0.wp.com\/noticiasribeiraopreto.com.br\/wp-content\/uploads\/2025\/09\/bigodini_2025-09-30_13-54-26.webp.webp?fit=1200%2C838&ssl=1&resize=1050%2C600 3x"},"classes":[]},{"id":78250,"url":"https:\/\/noticiasribeiraopreto.com.br\/index.php\/2025\/10\/07\/bigodini-apresenta-novo-atestado-e-fica-afastado-por-mais-10-dias-da-camara-de-ribeirao\/","url_meta":{"origin":79564,"position":2},"title":"Bigodini apresenta novo atestado e fica afastado por mais 10 dias da C\u00e2mara de Ribeir\u00e3o","author":"noticiasribeiraopreto.com.br","date":"7 de October de 2025","format":false,"excerpt":"Uma semana ap\u00f3s o acidente de tr\u00e2nsito envolvendo o vereador Roger Ronan da Silva (MDB), conhecido como Bigodini, o parlamentar n\u00e3o compareceu a sess\u00e3o da C\u00e2mara de Ribeir\u00e3o Preto nesta segunda-feira (6). De acordo com o presidente da C\u00e2mara, vereador Isaac Antunes (PL), Bigodini apresentou um novo atestado m\u00e9dico para\u2026","rel":"","context":"In &quot;Not\u00edcias de Ribeir\u00e3o Preto-SP e Regi\u00e3o&quot;","block_context":{"text":"Not\u00edcias de Ribeir\u00e3o Preto-SP e Regi\u00e3o","link":"https:\/\/noticiasribeiraopreto.com.br\/index.php\/category\/noticias-de-ribeirao-preto-sp-e-regiao-ismael-colosi\/"},"img":{"alt_text":"","src":"https:\/\/i0.wp.com\/noticiasribeiraopreto.com.br\/wp-content\/uploads\/2025\/09\/bigodini_2025-09-30_13-54-26.webp.webp?fit=1200%2C838&ssl=1&resize=350%2C200","width":350,"height":200,"srcset":"https:\/\/i0.wp.com\/noticiasribeiraopreto.com.br\/wp-content\/uploads\/2025\/09\/bigodini_2025-09-30_13-54-26.webp.webp?fit=1200%2C838&ssl=1&resize=350%2C200 1x, https:\/\/i0.wp.com\/noticiasribeiraopreto.com.br\/wp-content\/uploads\/2025\/09\/bigodini_2025-09-30_13-54-26.webp.webp?fit=1200%2C838&ssl=1&resize=525%2C300 1.5x, https:\/\/i0.wp.com\/noticiasribeiraopreto.com.br\/wp-content\/uploads\/2025\/09\/bigodini_2025-09-30_13-54-26.webp.webp?fit=1200%2C838&ssl=1&resize=700%2C400 2x, https:\/\/i0.wp.com\/noticiasribeiraopreto.com.br\/wp-content\/uploads\/2025\/09\/bigodini_2025-09-30_13-54-26.webp.webp?fit=1200%2C838&ssl=1&resize=1050%2C600 3x"},"classes":[]},{"id":78942,"url":"https:\/\/noticiasribeiraopreto.com.br\/index.php\/2025\/10\/21\/processo-de-cassacao-contra-bigodini-tem-segunda-reuniao-no-conselho-de-etica\/","url_meta":{"origin":79564,"position":3},"title":"Processo de cassa\u00e7\u00e3o contra Bigodini tem segunda reuni\u00e3o no Conselho de \u00c9tica","author":"noticiasribeiraopreto.com.br","date":"21 de October de 2025","format":false,"excerpt":"O Conselho de \u00c9tica da C\u00e2mara de Ribeir\u00e3o Preto volta a se reunir na quarta-feira (22) para segunda reuni\u00e3o do processo de cassa\u00e7\u00e3o contra o vereador Roger Ronan da Silva, o Bigodini (MDB). De acordo com o Legislativo, a reuni\u00e3o acontece a partir das 15h, na Sala de Comiss\u00f5es do\u2026","rel":"","context":"In &quot;Not\u00edcias de Ribeir\u00e3o Preto-SP e Regi\u00e3o&quot;","block_context":{"text":"Not\u00edcias de Ribeir\u00e3o Preto-SP e Regi\u00e3o","link":"https:\/\/noticiasribeiraopreto.com.br\/index.php\/category\/noticias-de-ribeirao-preto-sp-e-regiao-ismael-colosi\/"},"img":{"alt_text":"","src":"https:\/\/i0.wp.com\/noticiasribeiraopreto.com.br\/wp-content\/uploads\/2025\/10\/Copia-de-Copia-de-Copia-de-TAMANHO-EXATO-PARA-FOTOS-NO-SISTEMA-NOVO-2025-10-03T142815.473_2025-10-03_17-28-22.webp.webp?fit=1200%2C675&ssl=1&resize=350%2C200","width":350,"height":200,"srcset":"https:\/\/i0.wp.com\/noticiasribeiraopreto.com.br\/wp-content\/uploads\/2025\/10\/Copia-de-Copia-de-Copia-de-TAMANHO-EXATO-PARA-FOTOS-NO-SISTEMA-NOVO-2025-10-03T142815.473_2025-10-03_17-28-22.webp.webp?fit=1200%2C675&ssl=1&resize=350%2C200 1x, https:\/\/i0.wp.com\/noticiasribeiraopreto.com.br\/wp-content\/uploads\/2025\/10\/Copia-de-Copia-de-Copia-de-TAMANHO-EXATO-PARA-FOTOS-NO-SISTEMA-NOVO-2025-10-03T142815.473_2025-10-03_17-28-22.webp.webp?fit=1200%2C675&ssl=1&resize=525%2C300 1.5x, https:\/\/i0.wp.com\/noticiasribeiraopreto.com.br\/wp-content\/uploads\/2025\/10\/Copia-de-Copia-de-Copia-de-TAMANHO-EXATO-PARA-FOTOS-NO-SISTEMA-NOVO-2025-10-03T142815.473_2025-10-03_17-28-22.webp.webp?fit=1200%2C675&ssl=1&resize=700%2C400 2x, https:\/\/i0.wp.com\/noticiasribeiraopreto.com.br\/wp-content\/uploads\/2025\/10\/Copia-de-Copia-de-Copia-de-TAMANHO-EXATO-PARA-FOTOS-NO-SISTEMA-NOVO-2025-10-03T142815.473_2025-10-03_17-28-22.webp.webp?fit=1200%2C675&ssl=1&resize=1050%2C600 3x"},"classes":[]},{"id":78079,"url":"https:\/\/noticiasribeiraopreto.com.br\/index.php\/2025\/10\/01\/camara-de-ribeirao-preto-abre-comissao-processante-para-investigar-vereador-bigodini\/","url_meta":{"origin":79564,"position":4},"title":"C\u00e2mara de Ribeir\u00e3o Preto abre Comiss\u00e3o Processante para investigar vereador Bigodini","author":"noticiasribeiraopreto.com.br","date":"1 de October de 2025","format":false,"excerpt":"A C\u00e2mara Municipal de Ribeir\u00e3o Preto autorizou, nesta quarta-feira (1\u00ba de outubro), a abertura de uma Comiss\u00e3o Processante (CP) para investigar o vereador Roger Ronan da Silva (MDB), mais conhecido como Bigodini, ap\u00f3s den\u00fancias de quebra de decoro parlamentar. Bigodini se envolveu em um acidente de tr\u00e2nsito na madrugada no\u2026","rel":"","context":"In &quot;Not\u00edcias de Ribeir\u00e3o Preto-SP e Regi\u00e3o&quot;","block_context":{"text":"Not\u00edcias de Ribeir\u00e3o Preto-SP e Regi\u00e3o","link":"https:\/\/noticiasribeiraopreto.com.br\/index.php\/category\/noticias-de-ribeirao-preto-sp-e-regiao-ismael-colosi\/"},"img":{"alt_text":"","src":"https:\/\/i0.wp.com\/noticiasribeiraopreto.com.br\/wp-content\/uploads\/2025\/09\/bigodini_2025-09-30_13-54-26.webp.webp?fit=1200%2C838&ssl=1&resize=350%2C200","width":350,"height":200,"srcset":"https:\/\/i0.wp.com\/noticiasribeiraopreto.com.br\/wp-content\/uploads\/2025\/09\/bigodini_2025-09-30_13-54-26.webp.webp?fit=1200%2C838&ssl=1&resize=350%2C200 1x, https:\/\/i0.wp.com\/noticiasribeiraopreto.com.br\/wp-content\/uploads\/2025\/09\/bigodini_2025-09-30_13-54-26.webp.webp?fit=1200%2C838&ssl=1&resize=525%2C300 1.5x, https:\/\/i0.wp.com\/noticiasribeiraopreto.com.br\/wp-content\/uploads\/2025\/09\/bigodini_2025-09-30_13-54-26.webp.webp?fit=1200%2C838&ssl=1&resize=700%2C400 2x, https:\/\/i0.wp.com\/noticiasribeiraopreto.com.br\/wp-content\/uploads\/2025\/09\/bigodini_2025-09-30_13-54-26.webp.webp?fit=1200%2C838&ssl=1&resize=1050%2C600 3x"},"classes":[]},{"id":77969,"url":"https:\/\/noticiasribeiraopreto.com.br\/index.php\/2025\/09\/29\/policia-instaura-inquerito-para-investigar-fraude-processual-envolvendo-vereador-bigodini-apos-acidente-em-ribeirao\/","url_meta":{"origin":79564,"position":5},"title":"Pol\u00edcia instaura inqu\u00e9rito para investigar fraude processual envolvendo vereador Bigodini ap\u00f3s acidente em Ribeir\u00e3o","author":"noticiasribeiraopreto.com.br","date":"29 de September de 2025","format":false,"excerpt":"De acordo com apura\u00e7\u00e3o da EPTV, a delegacia seccional de Ribeir\u00e3o Preto vai instaurar um inqu\u00e9rito policial para investigar os poss\u00edveis crimes de fraude processual, autoacusa\u00e7\u00e3o falsa e embriaguez ao volante envolvendo o vereador Roger Ronan da Silva, conhecido como Bigodini (MDB), de 33 anos, e sua namorada, de 29\u2026","rel":"","context":"In &quot;Not\u00edcias de Ribeir\u00e3o Preto-SP e Regi\u00e3o&quot;","block_context":{"text":"Not\u00edcias de Ribeir\u00e3o Preto-SP e Regi\u00e3o","link":"https:\/\/noticiasribeiraopreto.com.br\/index.php\/category\/noticias-de-ribeirao-preto-sp-e-regiao-ismael-colosi\/"},"img":{"alt_text":"","src":"https:\/\/i0.wp.com\/noticiasribeiraopreto.com.br\/wp-content\/uploads\/2025\/09\/Copia-de-Copia-de-Copia-de-TAMANHO-EXATO-PARA-FOTOS-NO-SISTEMA-NOVO-2025-09-29T194022.694_2025-09-29_22-40-31.webp.webp?fit=1200%2C675&ssl=1&resize=350%2C200","width":350,"height":200,"srcset":"https:\/\/i0.wp.com\/noticiasribeiraopreto.com.br\/wp-content\/uploads\/2025\/09\/Copia-de-Copia-de-Copia-de-TAMANHO-EXATO-PARA-FOTOS-NO-SISTEMA-NOVO-2025-09-29T194022.694_2025-09-29_22-40-31.webp.webp?fit=1200%2C675&ssl=1&resize=350%2C200 1x, https:\/\/i0.wp.com\/noticiasribeiraopreto.com.br\/wp-content\/uploads\/2025\/09\/Copia-de-Copia-de-Copia-de-TAMANHO-EXATO-PARA-FOTOS-NO-SISTEMA-NOVO-2025-09-29T194022.694_2025-09-29_22-40-31.webp.webp?fit=1200%2C675&ssl=1&resize=525%2C300 1.5x, https:\/\/i0.wp.com\/noticiasribeiraopreto.com.br\/wp-content\/uploads\/2025\/09\/Copia-de-Copia-de-Copia-de-TAMANHO-EXATO-PARA-FOTOS-NO-SISTEMA-NOVO-2025-09-29T194022.694_2025-09-29_22-40-31.webp.webp?fit=1200%2C675&ssl=1&resize=700%2C400 2x, https:\/\/i0.wp.com\/noticiasribeiraopreto.com.br\/wp-content\/uploads\/2025\/09\/Copia-de-Copia-de-Copia-de-TAMANHO-EXATO-PARA-FOTOS-NO-SISTEMA-NOVO-2025-09-29T194022.694_2025-09-29_22-40-31.webp.webp?fit=1200%2C675&ssl=1&resize=1050%2C600 3x"},"classes":[]}],"jetpack_sharing_enabled":true,"jetpack_shortlink":"https:\/\/wp.me\/peQAOb-kHi","_links":{"self":[{"href":"https:\/\/noticiasribeiraopreto.com.br\/index.php\/wp-json\/wp\/v2\/posts\/79564","targetHints":{"allow":["GET"]}}],"collection":[{"href":"https:\/\/noticiasribeiraopreto.com.br\/index.php\/wp-json\/wp\/v2\/posts"}],"about":[{"href":"https:\/\/noticiasribeiraopreto.com.br\/index.php\/wp-json\/wp\/v2\/types\/post"}],"author":[{"embeddable":true,"href":"https:\/\/noticiasribeiraopreto.com.br\/index.php\/wp-json\/wp\/v2\/users\/1"}],"replies":[{"embeddable":true,"href":"https:\/\/noticiasribeiraopreto.com.br\/index.php\/wp-json\/wp\/v2\/comments?post=79564"}],"version-history":[{"count":0,"href":"https:\/\/noticiasribeiraopreto.com.br\/index.php\/wp-json\/wp\/v2\/posts\/79564\/revisions"}],"wp:featuredmedia":[{"embeddable":true,"href":"https:\/\/noticiasribeiraopreto.com.br\/index.php\/wp-json\/wp\/v2\/media\/79565"}],"wp:attachment":[{"href":"https:\/\/noticiasribeiraopreto.com.br\/index.php\/wp-json\/wp\/v2\/media?parent=79564"}],"wp:term":[{"taxonomy":"category","embeddable":true,"href":"https:\/\/noticiasribeiraopreto.com.br\/index.php\/wp-json\/wp\/v2\/categories?post=79564"},{"taxonomy":"post_tag","embeddable":true,"href":"https:\/\/noticiasribeiraopreto.com.br\/index.php\/wp-json\/wp\/v2\/tags?post=79564"}],"curies":[{"name":"wp","href":"https:\/\/api.w.org\/{rel}","templated":true}]}}