{"id":79568,"date":"2025-11-04T09:26:55","date_gmt":"2025-11-04T12:26:55","guid":{"rendered":"https:\/\/noticiasribeiraopreto.com.br\/index.php\/2025\/11\/04\/hc-assume-santa-teresa-e-estadual\/"},"modified":"2025-11-04T09:26:55","modified_gmt":"2025-11-04T12:26:55","slug":"hc-assume-santa-teresa-e-estadual","status":"publish","type":"post","link":"https:\/\/noticiasribeiraopreto.com.br\/index.php\/2025\/11\/04\/hc-assume-santa-teresa-e-estadual\/","title":{"rendered":"HC assume Santa Teresa e \u2018Estadual\u2019"},"content":{"rendered":"<p> <br \/>\n<\/p>\n<div id=\"\">\n<p>\n\t\t\t\t\t\t\t\t\t<span class=\"entry-meta-item penci-posted-on\"><i class=\"fa fa-clock-o\"\/><time class=\"entry-date published updated\" datetime=\"2025-11-04T09:09:38-03:00\">4 de novembro de 2025 09:09<\/time><\/span><span class=\"entry-meta-item penci-post-countview\"><span class=\"entry-meta-item penci-post-countview penci_post-meta_item\"><i class=\"fa fa-eye\"\/><span class=\"penci-post-countview-number penci-post-countview-p445193\">16<\/span><\/span><\/span>\t\t\t\t\t\t\t\t<\/p>\n<p><!-- .entry-meta --><br \/>\n\t\t\t\t\t\t\t\t<span class=\"penci-social-buttons penci-social-share-footer\"><span class=\"penci-social-share-text\">Compartilhar<\/span><a href=\"#\" class=\"penci-post-like penci_post-meta_item  single-like-button penci-social-item like\" data-post_id=\"445193\" title=\"Like\" data-like=\"Like\" data-unlike=\"Unlike\"><i class=\"fa fa-thumbs-o-up\"\/><span class=\"penci-share-number\">0<\/span><\/a><i class=\"fa fa-facebook\"\/><a class=\"penci-social-item twitter\" target=\"_blank\" rel=\"noopener\" title=\"\" href=\"https:\/\/twitter.com\/intent\/tweet?text=HC%20assume%20Santa%20Teresa%20e%20\u2018Estadual%20-%20https:\/\/www.tribunaribeirao.com.br\/hc-assume-santa-teresa-e-estadual\/\"><i class=\"fa fa-twitter\"\/><\/a><i class=\"fa fa-linkedin\"\/><i class=\"fa fa-whatsapp\"\/><i class=\"fa fa-telegram\"\/><i class=\"fa fa-envelope\"\/><\/span>\t\t\t\t\t\t\t<\/div>\n<div>\n<p><em>Decreto que transferiu a gest\u00e3o foi assinado pelo governador Tarc\u00edsio de Freitas e publicado no Di\u00e1rio Oficial do Estado (DOE) de sexta-feira, 31 de outubro\u2028\u2028<\/em><\/p>\n<p>Os hospitais Santa Teresa e Estadual de Ribeir\u00e3o Preto passaram a integrar o Complexo de Sa\u00fade do Hospital das Cl\u00ednicas da Faculdade de Medicina de Ribeir\u00e3o Preto da Universidade de S\u00e3o Paulo (HCFMRP-USP). A administra\u00e7\u00e3o era de responsabilidade da Secretaria da Sa\u00fade do Estado de S\u00e3o Paulo.<\/p>\n<p>O decreto que transfere a gest\u00e3o foi assinado pelo governador Tarc\u00edsio de Freitas (Republicanos) e publicado no Di\u00e1rio Oficial do Estado (DOE) de sexta-feira, 31 de outubro.<\/p>\n<p>A Secretaria da Sa\u00fade, que administrava os hospitais, adotar\u00e1 as provid\u00eancias necess\u00e1rias \u00e0 rescis\u00e3o do contrato de gest\u00e3o. No caso do Hospital Estadual de Ribeir\u00e3o Preto, a vig\u00eancia termina em 31 de dezembro, segundo o decreto.<\/p>\n<figure id=\"attachment_445195\" aria-describedby=\"caption-attachment-445195\" style=\"width: 375px\" class=\"wp-caption alignright\"><img data-recalc-dims=\"1\" loading=\"lazy\" decoding=\"async\" class=\"wp-image-445195 lazyload\" src=\"https:\/\/i0.wp.com\/www.tribunaribeirao.com.br\/wp-content\/uploads\/2025\/11\/Hospitais-San-Alfredo-Risk-300x200.jpg?resize=375%2C250&#038;ssl=1\" alt=\"\" width=\"375\" height=\"250\" srcset=\"https:\/\/www.tribunaribeirao.com.br\/wp-content\/uploads\/2025\/11\/Hospitais-San-Alfredo-Risk-300x200.jpg 300w, https:\/\/www.tribunaribeirao.com.br\/wp-content\/uploads\/2025\/11\/Hospitais-San-Alfredo-Risk-1024x682.jpg 1024w, https:\/\/www.tribunaribeirao.com.br\/wp-content\/uploads\/2025\/11\/Hospitais-San-Alfredo-Risk-768x512.jpg 768w, https:\/\/www.tribunaribeirao.com.br\/wp-content\/uploads\/2025\/11\/Hospitais-San-Alfredo-Risk-1536x1024.jpg 1536w, https:\/\/www.tribunaribeirao.com.br\/wp-content\/uploads\/2025\/11\/Hospitais-San-Alfredo-Risk-480x320.jpg 480w, https:\/\/www.tribunaribeirao.com.br\/wp-content\/uploads\/2025\/11\/Hospitais-San-Alfredo-Risk-280x186.jpg 280w, https:\/\/www.tribunaribeirao.com.br\/wp-content\/uploads\/2025\/11\/Hospitais-San-Alfredo-Risk-1920x1280.jpg 1920w, https:\/\/www.tribunaribeirao.com.br\/wp-content\/uploads\/2025\/11\/Hospitais-San-Alfredo-Risk-960x640.jpg 960w, https:\/\/www.tribunaribeirao.com.br\/wp-content\/uploads\/2025\/11\/Hospitais-San-Alfredo-Risk-600x400.jpg 600w, https:\/\/www.tribunaribeirao.com.br\/wp-content\/uploads\/2025\/11\/Hospitais-San-Alfredo-Risk-585x390.jpg 585w, https:\/\/www.tribunaribeirao.com.br\/wp-content\/uploads\/2025\/11\/Hospitais-San-Alfredo-Risk-scaled.jpg 1170w\" data-sizes=\"(max-width: 375px) 100vw, 375px\" style=\"--smush-placeholder-width: 375px; --smush-placeholder-aspect-ratio: 375\/250;\"\/><figcaption id=\"caption-attachment-445195\" class=\"wp-caption-text\">Na \u00e1rea ser\u00e3o constru\u00eddos edif\u00edcios que abrigar\u00e3o um Centro de Sa\u00fade Mental, um Centro Odontol\u00f3gico, uma Farm\u00e1cia e um Centro de Educa\u00e7\u00e3o F\u00edsica para pessoas idosas<\/figcaption><\/figure>\n<p>De acordo com o superintendente do Hospital das Cl\u00ednicas de Ribeir\u00e3o Preto, Ricardo de Carvalho Cavalli, a integra\u00e7\u00e3o ampliar\u00e1 o complexo de sa\u00fade existente possibilitando aumentar o n\u00famero de atendimentos e aumentar a complexidade de atendimento dessas unidades.<\/p>\n<p>\u201cJuntos trocaremos experi\u00eancias, conhecimento, bem como assumiremos o compromisso com a excel\u00eancia no cuidado ao paciente e com a forma\u00e7\u00e3o de profissionais de sa\u00fade\u201d, afirma comunicado assinado pelo superintendente\u2028\u2028Nesta segunda-feira, a administra\u00e7\u00e3o do Hospital das Cl\u00ednicas realizaria uma coletiva para apresentar detalhes da transfer\u00eancia e futura administra\u00e7\u00e3o das unidades de sa\u00fade, mas o evento \u00e0 imprensa foi cancelado.<\/p>\n<p><strong>Amplia\u00e7\u00e3o do campus<\/strong> \u2013 No dia 3 de junho, o Conselho Universit\u00e1rio da Universidade de S\u00e3o Paulo aprovou uma proposta de amplia\u00e7\u00e3o do campus de Ribeir\u00e3o Preto em uma \u00e1rea localizada entre as avenidas Independ\u00eancia e Adelmo Perdizza, na Zona Sul da cidade.\u2028\u2028A \u00e1rea com 795,7 mil metros quadrados pertence ao governo estadual e ser\u00e1 adquirida pela USP.<\/p>\n<p>O Hospital Estadual de Ribeir\u00e3o Preto e a nova Unidade de Emerg\u00eancia do Hospital das Cl\u00ednicas (UE), em constru\u00e7\u00e3o, integrar\u00e3o o \u201cnovo campus\u201d. A constru\u00e7\u00e3o da nova UE est\u00e1 sendo feita por m\u00f3dulos \u2013 cinco no total. \u2028\u2028Na \u00e1rea ser\u00e3o constru\u00eddos edif\u00edcios que abrigar\u00e3o um Centro de Sa\u00fade Mental, um Centro Odontol\u00f3gico, uma Farm\u00e1cia e um Centro de Educa\u00e7\u00e3o F\u00edsica para pessoas idosas.<\/p>\n<p>No dia 10 de abril, o prefeito Ricardo Silva (PSD) e o superintendente do Hospital das Cl\u00ednicas de Ribeir\u00e3o Preto, Ricardo Cavalli, j\u00e1 haviam anunciado a parceria com a Universidade para a implementa\u00e7\u00e3o do Complexo. \u2028\u2028O custo estimado \u00e9 de R$ 281 milh\u00f5es.<\/p>\n<p>A expans\u00e3o inclui a incorpora\u00e7\u00e3o do Hospital Santa Tereza e o Hospital Estadual de Ribeir\u00e3o Preto a Universidade. Segundo o an\u00fancio, o Hospital Santa Tereza, ser\u00e1 transformado em um Instituto de Psiquiatria e Sa\u00fade Mental.\u2028\u2028Ter\u00e1 atua\u00e7\u00e3o interdisciplinar envolvendo a Faculdade de Medicina da USP, a Escola de Enfermagem de Ribeir\u00e3o Preto e a Faculdade de Filosofia, Ci\u00eancias e Letras de Ribeir\u00e3o Preto.<\/p>\n<p>J\u00e1 o Hospital Estadual de Ribeir\u00e3o Preto ser\u00e1 utilizado como campo de pr\u00e1tica acad\u00eamica para os alunos da universidade.<\/p>\n<p><!-- CONTENT END 3 -->\n<\/div>\n<p><script async src=\"\/\/platform.twitter.com\/widgets.js\" charset=\"utf-8\"><\/script><br \/>\n<br \/><br \/>\n<br \/><a href=\"https:\/\/www.tribunaribeirao.com.br\/hc-assume-santa-teresa-e-estadual\/\">Source link <\/a><\/p>\n","protected":false},"excerpt":{"rendered":"<p>4 de novembro de 2025 09:0916 Compartilhar0 Decreto que transferiu a gest\u00e3o foi assinado pelo governador Tarc\u00edsio de Freitas e publicado no Di\u00e1rio Oficial do&#8230;<\/p>\n","protected":false},"author":1,"featured_media":79569,"comment_status":"open","ping_status":"open","sticky":false,"template":"","format":"standard","meta":{"advanced_seo_description":"","jetpack_seo_html_title":"","jetpack_seo_noindex":false,"jetpack_post_was_ever_published":false,"_jetpack_newsletter_access":"","_jetpack_dont_email_post_to_subs":false,"_jetpack_newsletter_tier_id":0,"_jetpack_memberships_contains_paywalled_content":false,"_jetpack_memberships_contains_paid_content":false,"footnotes":"","jetpack_publicize_message":"","jetpack_publicize_feature_enabled":true,"jetpack_social_post_already_shared":true,"jetpack_social_options":{"image_generator_settings":{"template":"highway","default_image_id":0,"font":"","enabled":false},"version":2}},"categories":[11],"tags":[],"class_list":["post-79568","post","type-post","status-publish","format-standard","has-post-thumbnail","hentry","category-noticias-de-ribeirao-preto-sp-e-regiao-ismael-colosi"],"jetpack_publicize_connections":[],"jetpack_featured_media_url":"https:\/\/i0.wp.com\/noticiasribeiraopreto.com.br\/wp-content\/uploads\/2025\/11\/NovoHC-Est-Alfredo-Risk-scaled.jpg?fit=1170%2C780&ssl=1","jetpack-related-posts":[{"id":79488,"url":"https:\/\/noticiasribeiraopreto.com.br\/index.php\/2025\/11\/02\/hospitais-santa-teresa-e-estadual-de-ribeirao-passam-a-integrar-o-complexo-do-hc-entenda\/","url_meta":{"origin":79568,"position":0},"title":"Hospitais Santa Teresa e Estadual de Ribeir\u00e3o passam a integrar o complexo do HC; Entenda","author":"noticiasribeiraopreto.com.br","date":"2 de November de 2025","format":false,"excerpt":"Os hospitais Santa Teresa e Estadual de Ribeir\u00e3o Preto passaram a integrar o complexo de sa\u00fade do Hospital das Cl\u00ednicas da FMRP (Faculdade de Medicina de Ribeir\u00e3o Preto) da USP (Universidade de S\u00e3o Paulo). Antes, a administra\u00e7\u00e3o dos hospitais era de responsabilidade da Secretaria de Estado da Sa\u00fade. O decreto\u2026","rel":"","context":"In &quot;Not\u00edcias de Ribeir\u00e3o Preto-SP e Regi\u00e3o&quot;","block_context":{"text":"Not\u00edcias de Ribeir\u00e3o Preto-SP e Regi\u00e3o","link":"https:\/\/noticiasribeiraopreto.com.br\/index.php\/category\/noticias-de-ribeirao-preto-sp-e-regiao-ismael-colosi\/"},"img":{"alt_text":"","src":"https:\/\/i0.wp.com\/noticiasribeiraopreto.com.br\/wp-content\/uploads\/2025\/07\/Copia-de-Copia-de-TAMANHO-EXATO-PARA-FOTOS-NO-SISTEMA-NOVO_2024-07-10_14-29-47_jpg_2024-07-10_14-29-47.webp.webp?fit=1200%2C675&ssl=1&resize=350%2C200","width":350,"height":200,"srcset":"https:\/\/i0.wp.com\/noticiasribeiraopreto.com.br\/wp-content\/uploads\/2025\/07\/Copia-de-Copia-de-TAMANHO-EXATO-PARA-FOTOS-NO-SISTEMA-NOVO_2024-07-10_14-29-47_jpg_2024-07-10_14-29-47.webp.webp?fit=1200%2C675&ssl=1&resize=350%2C200 1x, https:\/\/i0.wp.com\/noticiasribeiraopreto.com.br\/wp-content\/uploads\/2025\/07\/Copia-de-Copia-de-TAMANHO-EXATO-PARA-FOTOS-NO-SISTEMA-NOVO_2024-07-10_14-29-47_jpg_2024-07-10_14-29-47.webp.webp?fit=1200%2C675&ssl=1&resize=525%2C300 1.5x, https:\/\/i0.wp.com\/noticiasribeiraopreto.com.br\/wp-content\/uploads\/2025\/07\/Copia-de-Copia-de-TAMANHO-EXATO-PARA-FOTOS-NO-SISTEMA-NOVO_2024-07-10_14-29-47_jpg_2024-07-10_14-29-47.webp.webp?fit=1200%2C675&ssl=1&resize=700%2C400 2x, https:\/\/i0.wp.com\/noticiasribeiraopreto.com.br\/wp-content\/uploads\/2025\/07\/Copia-de-Copia-de-TAMANHO-EXATO-PARA-FOTOS-NO-SISTEMA-NOVO_2024-07-10_14-29-47_jpg_2024-07-10_14-29-47.webp.webp?fit=1200%2C675&ssl=1&resize=1050%2C600 3x"},"classes":[]},{"id":79497,"url":"https:\/\/noticiasribeiraopreto.com.br\/index.php\/2025\/11\/02\/hospital-santa-lydia-abre-processo-seletivo-com-salarios-de-ate-r-4-mil\/","url_meta":{"origin":79568,"position":1},"title":"Hospital Santa Lydia abre processo seletivo com sal\u00e1rios de at\u00e9 R$ 4 mil","author":"noticiasribeiraopreto.com.br","date":"2 de November de 2025","format":false,"excerpt":"A Funda\u00e7\u00e3o Hospital Santa Lydia de Ribeir\u00e3o Preto abriu processo seletivo com quatro vagas e sal\u00e1rios que variam entre R$ 1.885,97 e R$ 4.096,98. As oportunidades s\u00e3o de n\u00edvel m\u00e9dio e superior e tamb\u00e9m contam com cadastro de reserva. As inscri\u00e7\u00f5es devem ser realizadas no per\u00edodo entre 3 de novembro\u2026","rel":"","context":"In &quot;Not\u00edcias de Ribeir\u00e3o Preto-SP e Regi\u00e3o&quot;","block_context":{"text":"Not\u00edcias de Ribeir\u00e3o Preto-SP e Regi\u00e3o","link":"https:\/\/noticiasribeiraopreto.com.br\/index.php\/category\/noticias-de-ribeirao-preto-sp-e-regiao-ismael-colosi\/"},"img":{"alt_text":"","src":"https:\/\/i0.wp.com\/noticiasribeiraopreto.com.br\/wp-content\/uploads\/2025\/11\/santa-lydia.jpg?fit=1200%2C800&ssl=1&resize=350%2C200","width":350,"height":200,"srcset":"https:\/\/i0.wp.com\/noticiasribeiraopreto.com.br\/wp-content\/uploads\/2025\/11\/santa-lydia.jpg?fit=1200%2C800&ssl=1&resize=350%2C200 1x, https:\/\/i0.wp.com\/noticiasribeiraopreto.com.br\/wp-content\/uploads\/2025\/11\/santa-lydia.jpg?fit=1200%2C800&ssl=1&resize=525%2C300 1.5x, https:\/\/i0.wp.com\/noticiasribeiraopreto.com.br\/wp-content\/uploads\/2025\/11\/santa-lydia.jpg?fit=1200%2C800&ssl=1&resize=700%2C400 2x, https:\/\/i0.wp.com\/noticiasribeiraopreto.com.br\/wp-content\/uploads\/2025\/11\/santa-lydia.jpg?fit=1200%2C800&ssl=1&resize=1050%2C600 3x"},"classes":[]},{"id":57573,"url":"https:\/\/noticiasribeiraopreto.com.br\/index.php\/2024\/09\/04\/vestibular-unesp-2025-saiba-como-se-inscrever\/","url_meta":{"origin":79568,"position":2},"title":"Vestibular Unesp 2025; saiba como se inscrever","author":"noticiasribeiraopreto.com.br","date":"4 de September de 2024","format":false,"excerpt":"Nesta quarta-feira (4), come\u00e7aram as inscri\u00e7\u00f5es para o vestibular 2025 da Universidade Estadual Paulista (Unesp), com 6.596 vagas em 24 cidades do estado, incluindo Franca e Jaboticabal, na regi\u00e3o de Ribeir\u00e3o Preto. Estudantes interessados devem realizar a inscri\u00e7\u00e3o pelo site da\u00a0Funda\u00e7\u00e3o Vunesp, at\u00e9 o dia 10 de outubro e pagar\u2026","rel":"","context":"In &quot;Not\u00edcias de Ribeir\u00e3o Preto-SP e Regi\u00e3o&quot;","block_context":{"text":"Not\u00edcias de Ribeir\u00e3o Preto-SP e Regi\u00e3o","link":"https:\/\/noticiasribeiraopreto.com.br\/index.php\/category\/noticias-de-ribeirao-preto-sp-e-regiao-ismael-colosi\/"},"img":{"alt_text":"","src":"https:\/\/i0.wp.com\/noticiasribeiraopreto.com.br\/wp-content\/uploads\/2024\/09\/unesp-jab_2024-09-04_16-14-53_png_2024-09-04_16-14-54.webp.webp?fit=982%2C619&ssl=1&resize=350%2C200","width":350,"height":200,"srcset":"https:\/\/i0.wp.com\/noticiasribeiraopreto.com.br\/wp-content\/uploads\/2024\/09\/unesp-jab_2024-09-04_16-14-53_png_2024-09-04_16-14-54.webp.webp?fit=982%2C619&ssl=1&resize=350%2C200 1x, https:\/\/i0.wp.com\/noticiasribeiraopreto.com.br\/wp-content\/uploads\/2024\/09\/unesp-jab_2024-09-04_16-14-53_png_2024-09-04_16-14-54.webp.webp?fit=982%2C619&ssl=1&resize=525%2C300 1.5x, https:\/\/i0.wp.com\/noticiasribeiraopreto.com.br\/wp-content\/uploads\/2024\/09\/unesp-jab_2024-09-04_16-14-53_png_2024-09-04_16-14-54.webp.webp?fit=982%2C619&ssl=1&resize=700%2C400 2x"},"classes":[]},{"id":80109,"url":"https:\/\/noticiasribeiraopreto.com.br\/index.php\/2025\/11\/14\/hospital-das-clinicas-publica-novos-editais-de-concurso-publico-veja-vagas\/","url_meta":{"origin":79568,"position":3},"title":"Hospital das Cl\u00ednicas publica novos editais de concurso p\u00fablico; Veja vagas","author":"noticiasribeiraopreto.com.br","date":"14 de November de 2025","format":false,"excerpt":"O Hospital das Cl\u00ednicas (HC) de Ribeir\u00e3o Preto publicou, nesta sexta-feira (14), tr\u00eas novos editais de concurso p\u00fablico para cargos de n\u00edvel superior. As oportunidades s\u00e3o para m\u00e9dico em diferentes \u00e1reas \u2013 veja abaixo. As inscri\u00e7\u00f5es dever\u00e3o ser realizadas de forma online (clique aqui), no per\u00edodo das 00h de 17\u2026","rel":"","context":"In &quot;Not\u00edcias de Ribeir\u00e3o Preto-SP e Regi\u00e3o&quot;","block_context":{"text":"Not\u00edcias de Ribeir\u00e3o Preto-SP e Regi\u00e3o","link":"https:\/\/noticiasribeiraopreto.com.br\/index.php\/category\/noticias-de-ribeirao-preto-sp-e-regiao-ismael-colosi\/"},"img":{"alt_text":"","src":"https:\/\/i0.wp.com\/noticiasribeiraopreto.com.br\/wp-content\/uploads\/2025\/11\/hospital_2024-08-20_14-06-39_jpg_2024-08-20_14-06-39.webp.webp?fit=1200%2C800&ssl=1&resize=350%2C200","width":350,"height":200,"srcset":"https:\/\/i0.wp.com\/noticiasribeiraopreto.com.br\/wp-content\/uploads\/2025\/11\/hospital_2024-08-20_14-06-39_jpg_2024-08-20_14-06-39.webp.webp?fit=1200%2C800&ssl=1&resize=350%2C200 1x, https:\/\/i0.wp.com\/noticiasribeiraopreto.com.br\/wp-content\/uploads\/2025\/11\/hospital_2024-08-20_14-06-39_jpg_2024-08-20_14-06-39.webp.webp?fit=1200%2C800&ssl=1&resize=525%2C300 1.5x, https:\/\/i0.wp.com\/noticiasribeiraopreto.com.br\/wp-content\/uploads\/2025\/11\/hospital_2024-08-20_14-06-39_jpg_2024-08-20_14-06-39.webp.webp?fit=1200%2C800&ssl=1&resize=700%2C400 2x, https:\/\/i0.wp.com\/noticiasribeiraopreto.com.br\/wp-content\/uploads\/2025\/11\/hospital_2024-08-20_14-06-39_jpg_2024-08-20_14-06-39.webp.webp?fit=1200%2C800&ssl=1&resize=1050%2C600 3x"},"classes":[]},{"id":77959,"url":"https:\/\/noticiasribeiraopreto.com.br\/index.php\/2025\/09\/29\/shopping-de-ribeirao-preto-recebe-exposicao-de-halloween-com-entrada-gratuita\/","url_meta":{"origin":79568,"position":4},"title":"Shopping de Ribeir\u00e3o Preto recebe exposi\u00e7\u00e3o de Halloween com entrada gratuita","author":"noticiasribeiraopreto.com.br","date":"29 de September de 2025","format":false,"excerpt":"O Shopping Santa \u00darsula, localizado no Centro de Ribeir\u00e3o Preto, recebe at\u00e9 o dia 2 de novembro a exposi\u00e7\u00e3o \u201cMonstrinhos\u201d, inspirada na tem\u00e1tica de Halloween. A entrada \u00e9 gratuita. A mostra re\u00fane 19 personagens de at\u00e9 1,5 metro, distribu\u00eddos em quatro cen\u00e1rios interativos que prometem encantar o p\u00fablico. Al\u00e9m dos\u2026","rel":"","context":"In &quot;Not\u00edcias de Ribeir\u00e3o Preto-SP e Regi\u00e3o&quot;","block_context":{"text":"Not\u00edcias de Ribeir\u00e3o Preto-SP e Regi\u00e3o","link":"https:\/\/noticiasribeiraopreto.com.br\/index.php\/category\/noticias-de-ribeirao-preto-sp-e-regiao-ismael-colosi\/"},"img":{"alt_text":"","src":"https:\/\/i0.wp.com\/noticiasribeiraopreto.com.br\/wp-content\/uploads\/2025\/09\/WhatsApp-Image-2025-09-29-at-10.27.43_2025-09-29_15-30-45.webp.webp?fit=1200%2C900&ssl=1&resize=350%2C200","width":350,"height":200,"srcset":"https:\/\/i0.wp.com\/noticiasribeiraopreto.com.br\/wp-content\/uploads\/2025\/09\/WhatsApp-Image-2025-09-29-at-10.27.43_2025-09-29_15-30-45.webp.webp?fit=1200%2C900&ssl=1&resize=350%2C200 1x, https:\/\/i0.wp.com\/noticiasribeiraopreto.com.br\/wp-content\/uploads\/2025\/09\/WhatsApp-Image-2025-09-29-at-10.27.43_2025-09-29_15-30-45.webp.webp?fit=1200%2C900&ssl=1&resize=525%2C300 1.5x, https:\/\/i0.wp.com\/noticiasribeiraopreto.com.br\/wp-content\/uploads\/2025\/09\/WhatsApp-Image-2025-09-29-at-10.27.43_2025-09-29_15-30-45.webp.webp?fit=1200%2C900&ssl=1&resize=700%2C400 2x, https:\/\/i0.wp.com\/noticiasribeiraopreto.com.br\/wp-content\/uploads\/2025\/09\/WhatsApp-Image-2025-09-29-at-10.27.43_2025-09-29_15-30-45.webp.webp?fit=1200%2C900&ssl=1&resize=1050%2C600 3x"},"classes":[]},{"id":60127,"url":"https:\/\/noticiasribeiraopreto.com.br\/index.php\/2024\/11\/06\/hc-de-ribeirao-preto-anuncia-novos-concursos-publicos-confira-as-vagas\/","url_meta":{"origin":79568,"position":5},"title":"HC de Ribeir\u00e3o Preto anuncia novos concursos p\u00fablicos; confira as vagas","author":"noticiasribeiraopreto.com.br","date":"6 de November de 2024","format":false,"excerpt":"O\u00a0Hospital das\u00a0Cl\u00ednicas de Ribeir\u00e3o Preto (HC-RP)\u00a0publicou o edital de 14 novos\u00a0concursos p\u00fablicos. As oportunidades s\u00e3o de\u00a0n\u00edvel t\u00e9cnico e superior\u00a0e os sal\u00e1rios variam entre\u00a0R$ 2,5 mil\u00a0e\u00a0R$ 5,7 mil. De acordo com o edital, os contratados v\u00e3o receber tamb\u00e9m um\u00a0aux\u00edlio alimenta\u00e7\u00e3o no valor de R$ 360 e vale-transporte. As vagas s\u00e3o para\u2026","rel":"","context":"In &quot;Not\u00edcias de Ribeir\u00e3o Preto-SP e Regi\u00e3o&quot;","block_context":{"text":"Not\u00edcias de Ribeir\u00e3o Preto-SP e Regi\u00e3o","link":"https:\/\/noticiasribeiraopreto.com.br\/index.php\/category\/noticias-de-ribeirao-preto-sp-e-regiao-ismael-colosi\/"},"img":{"alt_text":"","src":"https:\/\/i0.wp.com\/noticiasribeiraopreto.com.br\/wp-content\/uploads\/2024\/08\/Copia-de-Copia-de-TAMANHO-EXATO-PARA-FOTOS-NO-SISTEMA-NOVO-13_2024-07-14_14-37-47_jpg_2024-07-14_14-37-47.webp.webp?fit=1200%2C675&ssl=1&resize=350%2C200","width":350,"height":200,"srcset":"https:\/\/i0.wp.com\/noticiasribeiraopreto.com.br\/wp-content\/uploads\/2024\/08\/Copia-de-Copia-de-TAMANHO-EXATO-PARA-FOTOS-NO-SISTEMA-NOVO-13_2024-07-14_14-37-47_jpg_2024-07-14_14-37-47.webp.webp?fit=1200%2C675&ssl=1&resize=350%2C200 1x, https:\/\/i0.wp.com\/noticiasribeiraopreto.com.br\/wp-content\/uploads\/2024\/08\/Copia-de-Copia-de-TAMANHO-EXATO-PARA-FOTOS-NO-SISTEMA-NOVO-13_2024-07-14_14-37-47_jpg_2024-07-14_14-37-47.webp.webp?fit=1200%2C675&ssl=1&resize=525%2C300 1.5x, https:\/\/i0.wp.com\/noticiasribeiraopreto.com.br\/wp-content\/uploads\/2024\/08\/Copia-de-Copia-de-TAMANHO-EXATO-PARA-FOTOS-NO-SISTEMA-NOVO-13_2024-07-14_14-37-47_jpg_2024-07-14_14-37-47.webp.webp?fit=1200%2C675&ssl=1&resize=700%2C400 2x, https:\/\/i0.wp.com\/noticiasribeiraopreto.com.br\/wp-content\/uploads\/2024\/08\/Copia-de-Copia-de-TAMANHO-EXATO-PARA-FOTOS-NO-SISTEMA-NOVO-13_2024-07-14_14-37-47_jpg_2024-07-14_14-37-47.webp.webp?fit=1200%2C675&ssl=1&resize=1050%2C600 3x"},"classes":[]}],"jetpack_sharing_enabled":true,"jetpack_shortlink":"https:\/\/wp.me\/peQAOb-kHm","_links":{"self":[{"href":"https:\/\/noticiasribeiraopreto.com.br\/index.php\/wp-json\/wp\/v2\/posts\/79568","targetHints":{"allow":["GET"]}}],"collection":[{"href":"https:\/\/noticiasribeiraopreto.com.br\/index.php\/wp-json\/wp\/v2\/posts"}],"about":[{"href":"https:\/\/noticiasribeiraopreto.com.br\/index.php\/wp-json\/wp\/v2\/types\/post"}],"author":[{"embeddable":true,"href":"https:\/\/noticiasribeiraopreto.com.br\/index.php\/wp-json\/wp\/v2\/users\/1"}],"replies":[{"embeddable":true,"href":"https:\/\/noticiasribeiraopreto.com.br\/index.php\/wp-json\/wp\/v2\/comments?post=79568"}],"version-history":[{"count":0,"href":"https:\/\/noticiasribeiraopreto.com.br\/index.php\/wp-json\/wp\/v2\/posts\/79568\/revisions"}],"wp:featuredmedia":[{"embeddable":true,"href":"https:\/\/noticiasribeiraopreto.com.br\/index.php\/wp-json\/wp\/v2\/media\/79569"}],"wp:attachment":[{"href":"https:\/\/noticiasribeiraopreto.com.br\/index.php\/wp-json\/wp\/v2\/media?parent=79568"}],"wp:term":[{"taxonomy":"category","embeddable":true,"href":"https:\/\/noticiasribeiraopreto.com.br\/index.php\/wp-json\/wp\/v2\/categories?post=79568"},{"taxonomy":"post_tag","embeddable":true,"href":"https:\/\/noticiasribeiraopreto.com.br\/index.php\/wp-json\/wp\/v2\/tags?post=79568"}],"curies":[{"name":"wp","href":"https:\/\/api.w.org\/{rel}","templated":true}]}}