{"id":79570,"date":"2025-11-04T10:31:22","date_gmt":"2025-11-04T13:31:22","guid":{"rendered":"https:\/\/noticiasribeiraopreto.com.br\/index.php\/2025\/11\/04\/theatro-pedro-ii-recebe-show-de-comedia-4-amigos-veja-como-comprar-ingressos\/"},"modified":"2025-11-04T10:31:22","modified_gmt":"2025-11-04T13:31:22","slug":"theatro-pedro-ii-recebe-show-de-comedia-4-amigos-veja-como-comprar-ingressos","status":"publish","type":"post","link":"https:\/\/noticiasribeiraopreto.com.br\/index.php\/2025\/11\/04\/theatro-pedro-ii-recebe-show-de-comedia-4-amigos-veja-como-comprar-ingressos\/","title":{"rendered":"Theatro Pedro II recebe show de com\u00e9dia \u20184 Amigos\u2019; veja como comprar ingressos"},"content":{"rendered":"<div class='code-block code-block-1' style='margin: 8px 0 8px auto; text-align: right; display: block; clear: both;'>\n<p><a href=\"https:\/\/wa.link\/vpicfd\"><img data-recalc-dims=\"1\" class=\"wp-image-4922\" style=\"aspect-ratio: 2.0253164556962027; width: 561px; height: auto;\" src=\"https:\/\/i0.wp.com\/ismaelcolosi.com.br\/wp-content\/uploads\/2023\/11\/grupo-de-empregos-whatsapp-e-facebook-ismael-colosi-vagas.jpg?ssl=1\" alt=\"\" \/><\/a><\/p>\n<!-- \/wp:image -->\n<\/div>\n<p> <br \/>\n<\/p>\n<div>\n<p>O <strong>Theatro Pedro II<\/strong>, no<strong> Centro <\/strong>de <strong>Ribeir\u00e3o Preto<\/strong>, recebe nesta <strong>quinta-feira (6)<\/strong>, duas sess\u00f5es do show de com\u00e9dia \u201c<strong>4 Amigos<\/strong>\u201d. Thiago Ventura, Dihh Lopes, Marcio Donato e Afonso Padilha sobem ao palco \u00e0s <strong>19h<\/strong> e \u00e0s<strong> 21h<\/strong>.<\/p>\n<p>O grupo de humoristas, \u201c<strong>4 Amigos<\/strong>\u201d se tornou um dos maiores do <strong>Brasil<\/strong>, com espet\u00e1culos que misturam observa\u00e7\u00f5es do cotidiano, experi\u00eancias pessoais e intera\u00e7\u00e3o com a plateia, al\u00e9m de sucessos como o quadro \u201c<strong>Fila de Piadas<\/strong>\u201c.\u00a0<\/p>\n<p>Neste \u201c<strong>Novo Show<\/strong>\u201c, Afonso Padilha, Dihh Lopes, Marcio Donato e Thiago Ventura apresentam um espet\u00e1culo in\u00e9dito durante a turn\u00ea de 2025, com novas piadas, hist\u00f3rias e intera\u00e7\u00f5es. <\/p>\n<figure class=\"wp-block-gallery has-nested-images columns-default is-cropped wp-block-gallery-1 is-layout-flex wp-block-gallery-is-layout-flex\">\n<figure class=\"wp-block-image size-large\"><img data-recalc-dims=\"1\" fetchpriority=\"high\" decoding=\"async\" width=\"768\" height=\"512\" data-id=\"134626\" src=\"https:\/\/i0.wp.com\/cdn.media-acidadeon.com.br\/ribeiraopreto\/wp-content\/uploads\/sites\/3\/2025\/11\/171027060365f0a88be3520_1710270603_3x2_md_2025-11-04_11-58-28.webp?resize=768%2C512&#038;ssl=1\" alt=\"4 amigos\" class=\"wp-image-134626\" title=\"Theatro Pedro II recebe show de com\u00e9dia \u20184 Amigos\u2019; veja como comprar ingressos 1\" srcset=\"https:\/\/cdn.media-acidadeon.com.br\/ribeiraopreto\/wp-content\/uploads\/sites\/3\/2025\/11\/171027060365f0a88be3520_1710270603_3x2_md_2025-11-04_11-58-28.webp 768w, https:\/\/cdn.media-acidadeon.com.br\/ribeiraopreto\/wp-content\/uploads\/sites\/3\/2025\/11\/171027060365f0a88be3520_1710270603_3x2_md_2025-11-04_11-58-28-300x200.webp 300w, https:\/\/cdn.media-acidadeon.com.br\/ribeiraopreto\/wp-content\/uploads\/sites\/3\/2025\/11\/171027060365f0a88be3520_1710270603_3x2_md_2025-11-04_11-58-28-696x464.webp 696w\" sizes=\"(max-width: 768px) 100vw, 768px\"\/><figcaption class=\"wp-element-caption\">Foto: Bianca Tatamiya \/ Divulga\u00e7\u00e3o <\/figcaption><\/figure>\n<figure class=\"wp-block-image size-large\"><img data-recalc-dims=\"1\" loading=\"lazy\" decoding=\"async\" width=\"1024\" height=\"683\" data-id=\"134627\" src=\"https:\/\/i0.wp.com\/cdn.media-acidadeon.com.br\/ribeiraopreto\/wp-content\/uploads\/sites\/3\/2025\/11\/20250811131354_l_FotografiaJulianeNunes8_2025-11-04_11-58-28-1024x683.webp?resize=1024%2C683&#038;ssl=1\" alt=\"4 amigos\" class=\"wp-image-134627\" title=\"Theatro Pedro II recebe show de com\u00e9dia \u20184 Amigos\u2019; veja como comprar ingressos 2\" srcset=\"https:\/\/cdn.media-acidadeon.com.br\/ribeiraopreto\/wp-content\/uploads\/sites\/3\/2025\/11\/20250811131354_l_FotografiaJulianeNunes8_2025-11-04_11-58-28-1024x683.webp 1024w, https:\/\/cdn.media-acidadeon.com.br\/ribeiraopreto\/wp-content\/uploads\/sites\/3\/2025\/11\/20250811131354_l_FotografiaJulianeNunes8_2025-11-04_11-58-28-300x200.webp 300w, https:\/\/cdn.media-acidadeon.com.br\/ribeiraopreto\/wp-content\/uploads\/sites\/3\/2025\/11\/20250811131354_l_FotografiaJulianeNunes8_2025-11-04_11-58-28-768x512.webp 768w, https:\/\/cdn.media-acidadeon.com.br\/ribeiraopreto\/wp-content\/uploads\/sites\/3\/2025\/11\/20250811131354_l_FotografiaJulianeNunes8_2025-11-04_11-58-28-696x464.webp 696w, https:\/\/cdn.media-acidadeon.com.br\/ribeiraopreto\/wp-content\/uploads\/sites\/3\/2025\/11\/20250811131354_l_FotografiaJulianeNunes8_2025-11-04_11-58-28-1068x712.webp 1068w, https:\/\/cdn.media-acidadeon.com.br\/ribeiraopreto\/wp-content\/uploads\/sites\/3\/2025\/11\/20250811131354_l_FotografiaJulianeNunes8_2025-11-04_11-58-28.webp 1080w\" sizes=\"auto, (max-width: 1024px) 100vw, 1024px\"\/><figcaption class=\"wp-element-caption\">Foto: Juliane Nunes<\/figcaption><\/figure>\n<\/figure>\n<p>Neste novo show, cada comediante traz seu estilo \u00fanico, garantindo uma experi\u00eancia din\u00e2mica e envolvente para o p\u00fablico. A apresenta\u00e7\u00e3o tem dura\u00e7\u00e3o de <strong>80 minutos<\/strong>.<\/p>\n<div class=\"wp-block-image\">\n<figure class=\"aligncenter size-full\"><img data-recalc-dims=\"1\" loading=\"lazy\" decoding=\"async\" width=\"984\" height=\"656\" src=\"https:\/\/i0.wp.com\/cdn.media-acidadeon.com.br\/ribeiraopreto\/wp-content\/uploads\/sites\/3\/2025\/11\/4-amigos-1.webp?resize=984%2C656&#038;ssl=1\" alt=\"4 Amigos \" class=\"wp-image-134631\" title=\"Theatro Pedro II recebe show de com\u00e9dia \u20184 Amigos\u2019; veja como comprar ingressos 3\" srcset=\"https:\/\/cdn.media-acidadeon.com.br\/ribeiraopreto\/wp-content\/uploads\/sites\/3\/2025\/11\/4-amigos-1.webp 984w, https:\/\/cdn.media-acidadeon.com.br\/ribeiraopreto\/wp-content\/uploads\/sites\/3\/2025\/11\/4-amigos-1-300x200.webp 300w, https:\/\/cdn.media-acidadeon.com.br\/ribeiraopreto\/wp-content\/uploads\/sites\/3\/2025\/11\/4-amigos-1-768x512.webp 768w, https:\/\/cdn.media-acidadeon.com.br\/ribeiraopreto\/wp-content\/uploads\/sites\/3\/2025\/11\/4-amigos-1-696x464.webp 696w\" sizes=\"auto, (max-width: 984px) 100vw, 984px\"\/><figcaption class=\"wp-element-caption\">Foto: Divulga\u00e7\u00e3o <\/figcaption><\/figure>\n<\/div>\n<h2 class=\"wp-block-heading\"><strong>Ingressos<\/strong><\/h2>\n<p>Os interessados em assistir ao \u201c<strong>Novo Show<\/strong>\u201c, do <strong>4 Amigos<\/strong> j\u00e1 podem adquirir os ingressos de forma presencial e on-line. As entradas custam de<strong> R$ 50<\/strong> a <strong>R$ 160<\/strong> e podem ser adquiridos na bilheteria oficial do <strong>Pedro II<\/strong> e no site <a href=\"https:\/\/www.ingressodigital.com\/evento\/15382,18255\/4-amigos-novo-show\" target=\"_blank\" rel=\"noopener\"><strong>(clique aqui)<\/strong><\/a>. O <strong>Theatro Pedro II<\/strong> fica localizado na rua <strong>\u00c1lvares Cabral, 370<\/strong>. <\/p>\n<h2 class=\"wp-block-heading\"><strong>Servi\u00e7o<\/strong><\/h2>\n<p><strong><em>4 Amigos \u2013 Novo Show <\/em><\/strong><\/p>\n<p><strong>Quando:<\/strong> 6 de novembro, quinta-feira <br \/><strong>Hor\u00e1rios:<\/strong> Sess\u00f5es \u00e0s 19h e \u00e0s 21h <br \/><strong>Local: <\/strong>Theatro Pedro II | rua \u00c1lvares Cabral, 370 \u2013 Centro <br \/><strong>Ingressos: <\/strong>A partir de R$ 50<\/p>\n<p>SAIBA MAIS<br \/>Ribeir\u00e3o Preto recebe show solid\u00e1rio com tributo \u00e0 Legi\u00e3o Urbana; veja quando<\/p>\n<h2 class=\"wp-block-heading\"><strong>FIQUE ON<\/strong><\/h2>\n<p>Fique ligado em tudo que acontece em Ribeir\u00e3o Preto e regi\u00e3o. Siga os perfis do\u00a0<strong>acidade on<\/strong>\u00a0no<a href=\"https:\/\/www.instagram.com\/acidadeonribeirao\" target=\"_blank\" rel=\"noreferrer noopener\">\u00a0Instagram\u00a0<\/a>e no\u00a0<a href=\"https:\/\/www.facebook.com\/acidadeonribeirao\/\" target=\"_blank\" rel=\"noreferrer noopener\">Facebook<\/a>.<\/p>\n<p>Receba not\u00edcias do<strong>\u00a0acidade on<\/strong>\u00a0no WhatsApp. Para entrar no grupo,\u00a0basta\u00a0<a href=\"https:\/\/chat.whatsapp.com\/I4nieTEMKlf50pJ28aMemC?mode=ac_t\" target=\"_blank\" rel=\"noreferrer noopener\">clicar aqui<\/a>. Ou, acesse o nosso\u00a0Canal\u00a0<a href=\"https:\/\/whatsapp.com\/channel\/0029Vb6IQl1JENyAeS57fk2p\" target=\"_blank\" rel=\"noreferrer noopener\">clicando aqui<\/a>.<\/p>\n<p>Fa\u00e7a uma den\u00fancia ou sugira uma reportagem sobre Ribeir\u00e3o Preto e regi\u00e3o pelo WhatsApp: 16 99117 7802.<\/p>\n<p>VEJA TAMB\u00c9M<br \/>Por onde anda Gl\u00f3ria Menezes, a Laurinha de \u2018Rainha da Sucata\u2019?<\/p>\n<p><!-- AI CONTENT END 1 -->\n<\/div>\n<p><script async src=\"\/\/www.instagram.com\/embed.js\"><\/script><br \/>\n<br \/><br \/>\n<br \/><a href=\"https:\/\/www.acidadeon.com\/ribeiraopreto\/lazer-e-cultura\/theatro-pedro-ii-recebe-show-de-comedia-4-amigos-veja-como-comprar-ingressos\/\">Source link <\/a><\/p>\n<!-- CONTENT END 1 -->\n","protected":false},"excerpt":{"rendered":"<p>O Theatro Pedro II, no Centro de Ribeir\u00e3o Preto, recebe nesta quinta-feira (6), duas sess\u00f5es do show de com\u00e9dia \u201c4 Amigos\u201d. Thiago Ventura, Dihh Lopes,&#8230;<\/p>\n","protected":false},"author":1,"featured_media":79571,"comment_status":"open","ping_status":"open","sticky":false,"template":"","format":"standard","meta":{"advanced_seo_description":"","jetpack_seo_html_title":"","jetpack_seo_noindex":false,"jetpack_post_was_ever_published":false,"_jetpack_newsletter_access":"","_jetpack_dont_email_post_to_subs":false,"_jetpack_newsletter_tier_id":0,"_jetpack_memberships_contains_paywalled_content":false,"_jetpack_memberships_contains_paid_content":false,"footnotes":"","jetpack_publicize_message":"","jetpack_publicize_feature_enabled":true,"jetpack_social_post_already_shared":true,"jetpack_social_options":{"image_generator_settings":{"template":"highway","default_image_id":0,"font":"","enabled":false},"version":2}},"categories":[11],"tags":[],"class_list":["post-79570","post","type-post","status-publish","format-standard","has-post-thumbnail","hentry","category-noticias-de-ribeirao-preto-sp-e-regiao-ismael-colosi"],"jetpack_publicize_connections":[],"jetpack_featured_media_url":"https:\/\/i0.wp.com\/noticiasribeiraopreto.com.br\/wp-content\/uploads\/2025\/11\/image_2024-11-04_14-08-27.webp.webp?fit=1594%2C1066&ssl=1","jetpack-related-posts":[{"id":60008,"url":"https:\/\/noticiasribeiraopreto.com.br\/index.php\/2024\/11\/04\/theatro-pedro-ii-recebe-stand-up-4-amigos-no-fim-de-semana\/","url_meta":{"origin":79570,"position":0},"title":"Theatro Pedro II recebe stand-up \u20184 Amigos\u2019 no fim de semana","author":"noticiasribeiraopreto.com.br","date":"4 de November de 2024","format":false,"excerpt":"Os comediantes Thiago Ventura, Dihh Lopes, Marcio Donato e Afonso Padilha chegam a Ribeir\u00e3o Preto para duas apresenta\u00e7\u00f5es com o espet\u00e1culo \u201c4 Amigos \u2013 Fila de Piadas\u201d, no Theatro Pedro II, neste domingo (10). O show conta com sess\u00f5es \u00e0s 17h, \u00e0s 19h e \u00e0s 21h. \u00a0 Os comediantes s\u00e3o\u2026","rel":"","context":"In &quot;Not\u00edcias de Ribeir\u00e3o Preto-SP e Regi\u00e3o&quot;","block_context":{"text":"Not\u00edcias de Ribeir\u00e3o Preto-SP e Regi\u00e3o","link":"https:\/\/noticiasribeiraopreto.com.br\/index.php\/category\/noticias-de-ribeirao-preto-sp-e-regiao-ismael-colosi\/"},"img":{"alt_text":"","src":"https:\/\/i0.wp.com\/noticiasribeiraopreto.com.br\/wp-content\/uploads\/2024\/11\/image_2024-11-04_14-08-27.webp.webp?fit=1200%2C803&ssl=1&resize=350%2C200","width":350,"height":200,"srcset":"https:\/\/i0.wp.com\/noticiasribeiraopreto.com.br\/wp-content\/uploads\/2024\/11\/image_2024-11-04_14-08-27.webp.webp?fit=1200%2C803&ssl=1&resize=350%2C200 1x, https:\/\/i0.wp.com\/noticiasribeiraopreto.com.br\/wp-content\/uploads\/2024\/11\/image_2024-11-04_14-08-27.webp.webp?fit=1200%2C803&ssl=1&resize=525%2C300 1.5x, https:\/\/i0.wp.com\/noticiasribeiraopreto.com.br\/wp-content\/uploads\/2024\/11\/image_2024-11-04_14-08-27.webp.webp?fit=1200%2C803&ssl=1&resize=700%2C400 2x, https:\/\/i0.wp.com\/noticiasribeiraopreto.com.br\/wp-content\/uploads\/2024\/11\/image_2024-11-04_14-08-27.webp.webp?fit=1200%2C803&ssl=1&resize=1050%2C600 3x"},"classes":[]},{"id":63294,"url":"https:\/\/noticiasribeiraopreto.com.br\/index.php\/2025\/02\/09\/dihh-lopes-e-marcio-donato-apresentam-stand-up-a-serie-b-em-ribeirao-preto\/","url_meta":{"origin":79570,"position":1},"title":"Dihh Lopes e M\u00e1rcio Donato apresentam stand-up \u2018A S\u00e9rie B\u2019 em Ribeir\u00e3o Preto","author":"noticiasribeiraopreto.com.br","date":"9 de February de 2025","format":false,"excerpt":"O palco do Teatro Municipal de Ribeir\u00e3o Preto recebe Dihh Lopes e M\u00e1rcio Donato com o stand-up \u201cA S\u00e9rie B\u201d, no dia 22 de fevereiro. A apresenta\u00e7\u00e3o est\u00e1 marcada para \u00e0s 20h e os ingressos ainda est\u00e3o dispon\u00edveis \u2013 saiba como comprar abaixo. Os comediantes, que fazem parte do maior\u2026","rel":"","context":"In &quot;Not\u00edcias de Ribeir\u00e3o Preto-SP e Regi\u00e3o&quot;","block_context":{"text":"Not\u00edcias de Ribeir\u00e3o Preto-SP e Regi\u00e3o","link":"https:\/\/noticiasribeiraopreto.com.br\/index.php\/category\/noticias-de-ribeirao-preto-sp-e-regiao-ismael-colosi\/"},"img":{"alt_text":"","src":"https:\/\/i0.wp.com\/noticiasribeiraopreto.com.br\/wp-content\/uploads\/2025\/02\/Copia-de-Copia-de-Copia-de-TAMANHO-EXATO-PARA-FOTOS-NO-SISTEMA-NOVO-2025-02-09T094647.497_2025-02-09_12-47-04_png_2025-02-09_12-47-04.webp.webp?fit=1200%2C675&ssl=1&resize=350%2C200","width":350,"height":200,"srcset":"https:\/\/i0.wp.com\/noticiasribeiraopreto.com.br\/wp-content\/uploads\/2025\/02\/Copia-de-Copia-de-Copia-de-TAMANHO-EXATO-PARA-FOTOS-NO-SISTEMA-NOVO-2025-02-09T094647.497_2025-02-09_12-47-04_png_2025-02-09_12-47-04.webp.webp?fit=1200%2C675&ssl=1&resize=350%2C200 1x, https:\/\/i0.wp.com\/noticiasribeiraopreto.com.br\/wp-content\/uploads\/2025\/02\/Copia-de-Copia-de-Copia-de-TAMANHO-EXATO-PARA-FOTOS-NO-SISTEMA-NOVO-2025-02-09T094647.497_2025-02-09_12-47-04_png_2025-02-09_12-47-04.webp.webp?fit=1200%2C675&ssl=1&resize=525%2C300 1.5x, https:\/\/i0.wp.com\/noticiasribeiraopreto.com.br\/wp-content\/uploads\/2025\/02\/Copia-de-Copia-de-Copia-de-TAMANHO-EXATO-PARA-FOTOS-NO-SISTEMA-NOVO-2025-02-09T094647.497_2025-02-09_12-47-04_png_2025-02-09_12-47-04.webp.webp?fit=1200%2C675&ssl=1&resize=700%2C400 2x, https:\/\/i0.wp.com\/noticiasribeiraopreto.com.br\/wp-content\/uploads\/2025\/02\/Copia-de-Copia-de-Copia-de-TAMANHO-EXATO-PARA-FOTOS-NO-SISTEMA-NOVO-2025-02-09T094647.497_2025-02-09_12-47-04_png_2025-02-09_12-47-04.webp.webp?fit=1200%2C675&ssl=1&resize=1050%2C600 3x"},"classes":[]},{"id":46042,"url":"https:\/\/noticiasribeiraopreto.com.br\/index.php\/2024\/04\/09\/veja-12-shows-de-comedia-confirmados-no-theatro-pedro-ii-em-ribeirao-preto\/","url_meta":{"origin":79570,"position":2},"title":"Veja 12 shows de com\u00e9dia confirmados no Theatro Pedro II em Ribeir\u00e3o Preto","author":"noticiasribeiraopreto.com.br","date":"9 de April de 2024","format":false,"excerpt":"O Theatro Pedro II, em Ribeir\u00e3o Preto, conta com 12 shows de com\u00e9dia confirmados at\u00e9 o m\u00eas de setembro. Entre os nomes que v\u00e3o passar pelo palco, est\u00e3o Afonso Padilha, Thiago Ventura, Bruna Louise, Os Melhores do Mundo e Os Barbixas de Humor. Confira as atra\u00e7\u00f5es: Abril \u00a0 Tiago Santineli\u2026","rel":"","context":"In &quot;Not\u00edcias de Ribeir\u00e3o Preto-SP e Regi\u00e3o&quot;","block_context":{"text":"Not\u00edcias de Ribeir\u00e3o Preto-SP e Regi\u00e3o","link":"https:\/\/noticiasribeiraopreto.com.br\/index.php\/category\/noticias-de-ribeirao-preto-sp-e-regiao-ismael-colosi\/"},"img":{"alt_text":"","src":"https:\/\/i0.wp.com\/noticiasribeiraopreto.com.br\/wp-content\/uploads\/2024\/04\/26862-banner-uhuu-thiago-ventura.png?fit=1180%2C420&ssl=1&resize=350%2C200","width":350,"height":200,"srcset":"https:\/\/i0.wp.com\/noticiasribeiraopreto.com.br\/wp-content\/uploads\/2024\/04\/26862-banner-uhuu-thiago-ventura.png?fit=1180%2C420&ssl=1&resize=350%2C200 1x, https:\/\/i0.wp.com\/noticiasribeiraopreto.com.br\/wp-content\/uploads\/2024\/04\/26862-banner-uhuu-thiago-ventura.png?fit=1180%2C420&ssl=1&resize=525%2C300 1.5x, https:\/\/i0.wp.com\/noticiasribeiraopreto.com.br\/wp-content\/uploads\/2024\/04\/26862-banner-uhuu-thiago-ventura.png?fit=1180%2C420&ssl=1&resize=700%2C400 2x, https:\/\/i0.wp.com\/noticiasribeiraopreto.com.br\/wp-content\/uploads\/2024\/04\/26862-banner-uhuu-thiago-ventura.png?fit=1180%2C420&ssl=1&resize=1050%2C600 3x"},"classes":[]},{"id":81671,"url":"https:\/\/noticiasribeiraopreto.com.br\/index.php\/2026\/01\/13\/dihh-lopes-e-marcio-donato-apresentam-stand-up-em-ribeirao-preto\/","url_meta":{"origin":79570,"position":3},"title":"Dihh Lopes e M\u00e1rcio Donato apresentam stand-up em Ribeir\u00e3o Preto","author":"noticiasribeiraopreto.com.br","date":"13 de January de 2026","format":false,"excerpt":"Os comediantes Dihh Lopes e M\u00e1rcio Donato apresentam o show de stand-up \u201cS\u00e9rie B\u201d no Teatro Municipal de Ribeir\u00e3o Preto. A apresenta\u00e7\u00e3o acontece no dia 22 de mar\u00e7o, a partir das 19h. Os ingressos custam entre R$ 40 e R$ 60 e podem ser adquiridos pela internet (clique aqui). A\u2026","rel":"","context":"In &quot;Not\u00edcias de Ribeir\u00e3o Preto-SP e Regi\u00e3o&quot;","block_context":{"text":"Not\u00edcias de Ribeir\u00e3o Preto-SP e Regi\u00e3o","link":"https:\/\/noticiasribeiraopreto.com.br\/index.php\/category\/noticias-de-ribeirao-preto-sp-e-regiao-ismael-colosi\/"},"img":{"alt_text":"","src":"https:\/\/i0.wp.com\/noticiasribeiraopreto.com.br\/wp-content\/uploads\/2026\/01\/dihh-lopes-marcio-donado_2026-01-12_19-07-27.webp.webp?fit=1200%2C835&ssl=1&resize=350%2C200","width":350,"height":200,"srcset":"https:\/\/i0.wp.com\/noticiasribeiraopreto.com.br\/wp-content\/uploads\/2026\/01\/dihh-lopes-marcio-donado_2026-01-12_19-07-27.webp.webp?fit=1200%2C835&ssl=1&resize=350%2C200 1x, https:\/\/i0.wp.com\/noticiasribeiraopreto.com.br\/wp-content\/uploads\/2026\/01\/dihh-lopes-marcio-donado_2026-01-12_19-07-27.webp.webp?fit=1200%2C835&ssl=1&resize=525%2C300 1.5x, https:\/\/i0.wp.com\/noticiasribeiraopreto.com.br\/wp-content\/uploads\/2026\/01\/dihh-lopes-marcio-donado_2026-01-12_19-07-27.webp.webp?fit=1200%2C835&ssl=1&resize=700%2C400 2x, https:\/\/i0.wp.com\/noticiasribeiraopreto.com.br\/wp-content\/uploads\/2026\/01\/dihh-lopes-marcio-donado_2026-01-12_19-07-27.webp.webp?fit=1200%2C835&ssl=1&resize=1050%2C600 3x"},"classes":[]},{"id":57581,"url":"https:\/\/noticiasribeiraopreto.com.br\/index.php\/2024\/09\/04\/afonso-padilha-se-apresenta-no-theatro-pedro-ii-veja-como-comprar-ingressos\/","url_meta":{"origin":79570,"position":4},"title":"Afonso Padilha se apresenta no Theatro Pedro II; Veja como comprar ingressos","author":"noticiasribeiraopreto.com.br","date":"4 de September de 2024","format":false,"excerpt":"O humorista curitibano Afonso Padilha ir\u00e1 apresentar o stand-up \u201cNingu\u00e9m se Importa\u201d, no s\u00e1bado (14), no Theatro Pedro II, \u00e0s 21h, no Centro de Ribeir\u00e3o Preto. Ao logo de sua carreira, Padilha j\u00e1 integrou a equipe do stand-up comedy, do grupo Santa Com\u00e9dia (primeiro grupo de stand-up do Sul do\u2026","rel":"","context":"In &quot;Not\u00edcias de Ribeir\u00e3o Preto-SP e Regi\u00e3o&quot;","block_context":{"text":"Not\u00edcias de Ribeir\u00e3o Preto-SP e Regi\u00e3o","link":"https:\/\/noticiasribeiraopreto.com.br\/index.php\/category\/noticias-de-ribeirao-preto-sp-e-regiao-ismael-colosi\/"},"img":{"alt_text":"","src":"https:\/\/i0.wp.com\/noticiasribeiraopreto.com.br\/wp-content\/uploads\/2024\/09\/Afonso-Padilha-apresenta-novo-show-em-Braganca-Paulista-no-dia-21-de-julho_2024-09-04_16-08-07.webp.webp?fit=1200%2C750&ssl=1&resize=350%2C200","width":350,"height":200,"srcset":"https:\/\/i0.wp.com\/noticiasribeiraopreto.com.br\/wp-content\/uploads\/2024\/09\/Afonso-Padilha-apresenta-novo-show-em-Braganca-Paulista-no-dia-21-de-julho_2024-09-04_16-08-07.webp.webp?fit=1200%2C750&ssl=1&resize=350%2C200 1x, https:\/\/i0.wp.com\/noticiasribeiraopreto.com.br\/wp-content\/uploads\/2024\/09\/Afonso-Padilha-apresenta-novo-show-em-Braganca-Paulista-no-dia-21-de-julho_2024-09-04_16-08-07.webp.webp?fit=1200%2C750&ssl=1&resize=525%2C300 1.5x, https:\/\/i0.wp.com\/noticiasribeiraopreto.com.br\/wp-content\/uploads\/2024\/09\/Afonso-Padilha-apresenta-novo-show-em-Braganca-Paulista-no-dia-21-de-julho_2024-09-04_16-08-07.webp.webp?fit=1200%2C750&ssl=1&resize=700%2C400 2x, https:\/\/i0.wp.com\/noticiasribeiraopreto.com.br\/wp-content\/uploads\/2024\/09\/Afonso-Padilha-apresenta-novo-show-em-Braganca-Paulista-no-dia-21-de-julho_2024-09-04_16-08-07.webp.webp?fit=1200%2C750&ssl=1&resize=1050%2C600 3x"},"classes":[]},{"id":35261,"url":"https:\/\/noticiasribeiraopreto.com.br\/index.php\/2024\/02\/05\/thiago-ventura-se-apresenta-em-ribeirao-preto-veja-quando\/","url_meta":{"origin":79570,"position":5},"title":"Thiago Ventura se apresenta em Ribeir\u00e3o Preto; Veja quando","author":"noticiasribeiraopreto.com.br","date":"5 de February de 2024","format":false,"excerpt":"O comediante Thiago Ventura anunciou em suas redes sociais, que trar\u00e1 para Ribeir\u00e3o Preto, o seu 7\u00ba espet\u00e1culo solo, o \u2018Novo Show\u2019. A apresenta\u00e7\u00e3o acontece no Theatro Pedro II, no Centro do munic\u00edpio, no dia 4 de maio, \u00e0s 21h. Os ingressos j\u00e1 est\u00e3o dispon\u00edveis. Somando mais de 21 milh\u00f5es\u2026","rel":"","context":"In &quot;Not\u00edcias de Ribeir\u00e3o Preto-SP e Regi\u00e3o&quot;","block_context":{"text":"Not\u00edcias de Ribeir\u00e3o Preto-SP e Regi\u00e3o","link":"https:\/\/noticiasribeiraopreto.com.br\/index.php\/category\/noticias-de-ribeirao-preto-sp-e-regiao-ismael-colosi\/"},"img":{"alt_text":"","src":"https:\/\/i0.wp.com\/noticiasribeiraopreto.com.br\/wp-content\/uploads\/2024\/02\/Copia-de-Copia-de-Copia-de-Copia-de-Copia-de-TAMANHO-EXATO-PARA-FOTOS-NO-SISTEMA-NOVO.png?fit=1200%2C675&ssl=1&resize=350%2C200","width":350,"height":200,"srcset":"https:\/\/i0.wp.com\/noticiasribeiraopreto.com.br\/wp-content\/uploads\/2024\/02\/Copia-de-Copia-de-Copia-de-Copia-de-Copia-de-TAMANHO-EXATO-PARA-FOTOS-NO-SISTEMA-NOVO.png?fit=1200%2C675&ssl=1&resize=350%2C200 1x, https:\/\/i0.wp.com\/noticiasribeiraopreto.com.br\/wp-content\/uploads\/2024\/02\/Copia-de-Copia-de-Copia-de-Copia-de-Copia-de-TAMANHO-EXATO-PARA-FOTOS-NO-SISTEMA-NOVO.png?fit=1200%2C675&ssl=1&resize=525%2C300 1.5x, https:\/\/i0.wp.com\/noticiasribeiraopreto.com.br\/wp-content\/uploads\/2024\/02\/Copia-de-Copia-de-Copia-de-Copia-de-Copia-de-TAMANHO-EXATO-PARA-FOTOS-NO-SISTEMA-NOVO.png?fit=1200%2C675&ssl=1&resize=700%2C400 2x, https:\/\/i0.wp.com\/noticiasribeiraopreto.com.br\/wp-content\/uploads\/2024\/02\/Copia-de-Copia-de-Copia-de-Copia-de-Copia-de-TAMANHO-EXATO-PARA-FOTOS-NO-SISTEMA-NOVO.png?fit=1200%2C675&ssl=1&resize=1050%2C600 3x"},"classes":[]}],"jetpack_sharing_enabled":true,"jetpack_shortlink":"https:\/\/wp.me\/peQAOb-kHo","_links":{"self":[{"href":"https:\/\/noticiasribeiraopreto.com.br\/index.php\/wp-json\/wp\/v2\/posts\/79570","targetHints":{"allow":["GET"]}}],"collection":[{"href":"https:\/\/noticiasribeiraopreto.com.br\/index.php\/wp-json\/wp\/v2\/posts"}],"about":[{"href":"https:\/\/noticiasribeiraopreto.com.br\/index.php\/wp-json\/wp\/v2\/types\/post"}],"author":[{"embeddable":true,"href":"https:\/\/noticiasribeiraopreto.com.br\/index.php\/wp-json\/wp\/v2\/users\/1"}],"replies":[{"embeddable":true,"href":"https:\/\/noticiasribeiraopreto.com.br\/index.php\/wp-json\/wp\/v2\/comments?post=79570"}],"version-history":[{"count":0,"href":"https:\/\/noticiasribeiraopreto.com.br\/index.php\/wp-json\/wp\/v2\/posts\/79570\/revisions"}],"wp:featuredmedia":[{"embeddable":true,"href":"https:\/\/noticiasribeiraopreto.com.br\/index.php\/wp-json\/wp\/v2\/media\/79571"}],"wp:attachment":[{"href":"https:\/\/noticiasribeiraopreto.com.br\/index.php\/wp-json\/wp\/v2\/media?parent=79570"}],"wp:term":[{"taxonomy":"category","embeddable":true,"href":"https:\/\/noticiasribeiraopreto.com.br\/index.php\/wp-json\/wp\/v2\/categories?post=79570"},{"taxonomy":"post_tag","embeddable":true,"href":"https:\/\/noticiasribeiraopreto.com.br\/index.php\/wp-json\/wp\/v2\/tags?post=79570"}],"curies":[{"name":"wp","href":"https:\/\/api.w.org\/{rel}","templated":true}]}}