{"id":79572,"date":"2025-11-04T10:40:31","date_gmt":"2025-11-04T13:40:31","guid":{"rendered":"https:\/\/noticiasribeiraopreto.com.br\/index.php\/2025\/11\/04\/morre-ex-diretor-da-faculdade-de-medicina-de-ribeirao-preto-da-usp\/"},"modified":"2025-11-04T10:40:31","modified_gmt":"2025-11-04T13:40:31","slug":"morre-ex-diretor-da-faculdade-de-medicina-de-ribeirao-preto-da-usp","status":"publish","type":"post","link":"https:\/\/noticiasribeiraopreto.com.br\/index.php\/2025\/11\/04\/morre-ex-diretor-da-faculdade-de-medicina-de-ribeirao-preto-da-usp\/","title":{"rendered":"Morre ex-diretor da Faculdade de Medicina de Ribeir\u00e3o Preto da USP"},"content":{"rendered":"<div class='code-block code-block-1' style='margin: 8px 0 8px auto; text-align: right; display: block; clear: both;'>\n<p><a href=\"https:\/\/wa.link\/vpicfd\"><img data-recalc-dims=\"1\" class=\"wp-image-4922\" style=\"aspect-ratio: 2.0253164556962027; width: 561px; height: auto;\" src=\"https:\/\/i0.wp.com\/ismaelcolosi.com.br\/wp-content\/uploads\/2023\/11\/grupo-de-empregos-whatsapp-e-facebook-ismael-colosi-vagas.jpg?ssl=1\" alt=\"\" \/><\/a><\/p>\n<!-- \/wp:image -->\n<\/div>\n<p> <br \/>\n<\/p>\n<div>\n<p>Morreu na \u00faltima segunda-feira (3) o ex-diretor e Professor Em\u00e9rito da<a href=\"https:\/\/www.fmrp.usp.br\/pb\/\" data-type=\"link\" data-id=\"https:\/\/www.fmrp.usp.br\/pb\/\" target=\"_blank\" rel=\"noopener\"> <strong>FMRP (Faculdade de Medicina de Ribeir\u00e3o Preto) da USP (Universidade de S\u00e3o Paulo)<\/strong><\/a>, <strong>Jos\u00e9 Eduardo Dutra de Oliveira<\/strong>, aos 97 anos, em<strong> Ribeir\u00e3o Preto<\/strong>.<\/p>\n<p>Em nota de pesar, a reitoria da USP lamentou o falecimento do ex-diretor. Oliveira graduou-se pela Faculdade de Medicina da USP em 1951, onde concluiu doutorado em Fisiologia (1957), com est\u00e1gios nos Estados Unidos, M\u00e9xico e Guatemala. Foi bolsista da Funda\u00e7\u00e3o Rockfeller e do governo alem\u00e3o.<\/p>\n<p>Ele foi pioneiro na \u00e1rea de nutri\u00e7\u00e3o cl\u00ednica, Oliveira \u00e9 autor do livro Ci\u00eancias nutricionais: aprendendo a aprender, considerado refer\u00eancia no ensino de nutrologia no Brasil, especialidade m\u00e9dica que estuda e d\u00e1 assist\u00eancia a problemas relacionados aos nutrientes na sa\u00fade, nas doen\u00e7as e no desenvolvimento e preven\u00e7\u00e3o de mol\u00e9stias cr\u00f4nicas degenerativas.<\/p>\n<p>Oliveira introduziu o ensino de nutrologia no curso m\u00e9dico e foi um dos nomes fundamentais para consolidar a \u00e1rea como campo cient\u00edfico e m\u00e9dico. \u00c9 autor de mais de 300 artigos cient\u00edficos em revistas nacionais e internacionais.<\/p>\n<p><mark style=\"background-color:#fcb900\" class=\"has-inline-color has-black-color\">Foi professor titular de Cl\u00ednica M\u00e9dica da FMRP e diretor da faculdade no per\u00edodo de 1979 a 1983<\/mark>.\u00a0 Tamb\u00e9m foi coordenador do campus de Ribeir\u00e3o Preto [atualmente Prefeitura do Campus] nos per\u00edodos de 1979 a 1984 e de 1984 a 1986.<\/p>\n<p>Foi professor visitante na Universidade de Cornell, nos Estados Unidos, e consultor da Food and Agriculture Organization (FAO) da Organiza\u00e7\u00e3o Mundial da Sa\u00fade (OMS) e da Universidade da Organiza\u00e7\u00e3o das Na\u00e7\u00f5es Unidas (ONU).<\/p>\n<p>Oliveira deixa seis filhos, netos e bisnetos. Neste momento de consterna\u00e7\u00e3o, a Reitoria se solidariza com a fam\u00edlia, em especial com sua filha Eloisa Dutra de Oliveira Bonf\u00e1, diretora da FM, e com os amigos e ex-alunos do professor.<\/p>\n<p>O vel\u00f3rio e o sepultamento do professor ser\u00e3o realizados no dia 4 de novembro, das 10h \u00e0s 14h, no cemit\u00e9rio de Bonfim Paulista (R. Izokiti Menoara, 110-178, Res. Villa Florenca, em Ribeir\u00e3o Preto).<\/p>\n<p>SAIBA MAIS<br \/>Limpeza de reservat\u00f3rios deixa bairros da zona Sul de Ribeir\u00e3o Preto em alerta para falta d\u2019\u00e1gua<\/p>\n<h2 class=\"wp-block-heading\"><strong>FIQUE ON<\/strong><\/h2>\n<p>Fique ligado em tudo que acontece em Ribeir\u00e3o Preto e regi\u00e3o. Siga os perfis do<strong>\u00a0acidade on<\/strong>\u00a0no\u00a0<a href=\"https:\/\/www.instagram.com\/acidadeonribeirao\" data-type=\"link\" data-id=\"https:\/\/www.instagram.com\/acidadeonribeirao\" target=\"_blank\" rel=\"noopener\">Instagram<\/a>\u00a0e no\u00a0<a href=\"https:\/\/www.facebook.com\/acidadeonribeirao\/\" data-type=\"link\" data-id=\"https:\/\/www.facebook.com\/acidadeonribeirao\/\" target=\"_blank\" rel=\"noopener\">Facebook<\/a>.<\/p>\n<p>Receba not\u00edcias do\u00a0<strong>acidade on<\/strong>\u00a0no WhatsApp. Para entrar no grupo,\u00a0basta <a href=\"https:\/\/chat.whatsapp.com\/I4nieTEMKlf50pJ28aMemC?mode=ac_t\" data-type=\"link\" data-id=\"https:\/\/chat.whatsapp.com\/I4nieTEMKlf50pJ28aMemC?mode=ac_t\" target=\"_blank\" rel=\"noopener\">clicar aqui<\/a>. Ou, acesse o nosso\u00a0Canal <a href=\"https:\/\/whatsapp.com\/channel\/0029Vb6IQl1JENyAeS57fk2p\" data-type=\"link\" data-id=\"https:\/\/whatsapp.com\/channel\/0029Vb6IQl1JENyAeS57fk2p\" target=\"_blank\" rel=\"noopener\">clicando aqui<\/a>.<\/p>\n<p>Fa\u00e7a uma den\u00fancia ou sugira uma reportagem sobre Ribeir\u00e3o Preto e regi\u00e3o pelo WhatsApp: 16 99117 7802.<\/p>\n<p>VEJA TAMB\u00c9M<br \/>Por onde ciclone extratropical deve passar?<\/p>\n<p><!-- AI CONTENT END 1 -->\n<\/div>\n<p><script async src=\"\/\/www.instagram.com\/embed.js\"><\/script><br \/>\n<br \/><br \/>\n<br \/><a href=\"https:\/\/www.acidadeon.com\/ribeiraopreto\/cotidiano\/morre-ex-diretor-da-faculdade-de-medicina-de-ribeirao-preto-da-usp\/\">Source link <\/a><\/p>\n<!-- CONTENT END 1 -->\n","protected":false},"excerpt":{"rendered":"<p>Morreu na \u00faltima segunda-feira (3) o ex-diretor e Professor Em\u00e9rito da FMRP (Faculdade de Medicina de Ribeir\u00e3o Preto) da USP (Universidade de S\u00e3o Paulo), Jos\u00e9&#8230;<\/p>\n","protected":false},"author":1,"featured_media":79573,"comment_status":"open","ping_status":"open","sticky":false,"template":"","format":"standard","meta":{"advanced_seo_description":"","jetpack_seo_html_title":"","jetpack_seo_noindex":false,"jetpack_post_was_ever_published":false,"_jetpack_newsletter_access":"","_jetpack_dont_email_post_to_subs":false,"_jetpack_newsletter_tier_id":0,"_jetpack_memberships_contains_paywalled_content":false,"_jetpack_memberships_contains_paid_content":false,"footnotes":"","jetpack_publicize_message":"","jetpack_publicize_feature_enabled":true,"jetpack_social_post_already_shared":true,"jetpack_social_options":{"image_generator_settings":{"template":"highway","default_image_id":0,"font":"","enabled":false},"version":2}},"categories":[11],"tags":[],"class_list":["post-79572","post","type-post","status-publish","format-standard","has-post-thumbnail","hentry","category-noticias-de-ribeirao-preto-sp-e-regiao-ismael-colosi"],"jetpack_publicize_connections":[],"jetpack_featured_media_url":"https:\/\/i0.wp.com\/noticiasribeiraopreto.com.br\/wp-content\/uploads\/2025\/11\/professor-dutra_2025-11-04_12-46-41.webp.webp?fit=1200%2C630&ssl=1","jetpack-related-posts":[{"id":79566,"url":"https:\/\/noticiasribeiraopreto.com.br\/index.php\/2025\/11\/04\/morre-aos-97-anos-o-ex-diretor-da-medicina-usp-prof-dutra-de-oliveira\/","url_meta":{"origin":79572,"position":0},"title":"Morre, aos 97 anos, o ex-diretor da Medicina USP, Prof. Dutra de Oliveira","author":"noticiasribeiraopreto.com.br","date":"4 de November de 2025","format":false,"excerpt":"4 de novembro de 2025 09:161 Compartilhar0 Morreu nesta segunda-feira, 3 de novembro, em Ribeir\u00e3o Preto, o professor Jos\u00e9 Eduardo Dutra de Oliveira, aos 97 anos, um dos nomes mais importantes da hist\u00f3ria da Faculdade de Medicina de Ribeir\u00e3o Preto da Universidade de S\u00e3o Paulo (FMRP-USP). M\u00e9dico, pesquisador e professor\u2026","rel":"","context":"In &quot;Not\u00edcias de Ribeir\u00e3o Preto-SP e Regi\u00e3o&quot;","block_context":{"text":"Not\u00edcias de Ribeir\u00e3o Preto-SP e Regi\u00e3o","link":"https:\/\/noticiasribeiraopreto.com.br\/index.php\/category\/noticias-de-ribeirao-preto-sp-e-regiao-ismael-colosi\/"},"img":{"alt_text":"","src":"https:\/\/i0.wp.com\/noticiasribeiraopreto.com.br\/wp-content\/uploads\/2025\/11\/Prof-Dutra.jpg?fit=1200%2C630&ssl=1&resize=350%2C200","width":350,"height":200,"srcset":"https:\/\/i0.wp.com\/noticiasribeiraopreto.com.br\/wp-content\/uploads\/2025\/11\/Prof-Dutra.jpg?fit=1200%2C630&ssl=1&resize=350%2C200 1x, https:\/\/i0.wp.com\/noticiasribeiraopreto.com.br\/wp-content\/uploads\/2025\/11\/Prof-Dutra.jpg?fit=1200%2C630&ssl=1&resize=525%2C300 1.5x, https:\/\/i0.wp.com\/noticiasribeiraopreto.com.br\/wp-content\/uploads\/2025\/11\/Prof-Dutra.jpg?fit=1200%2C630&ssl=1&resize=700%2C400 2x, https:\/\/i0.wp.com\/noticiasribeiraopreto.com.br\/wp-content\/uploads\/2025\/11\/Prof-Dutra.jpg?fit=1200%2C630&ssl=1&resize=1050%2C600 3x"},"classes":[]},{"id":41596,"url":"https:\/\/noticiasribeiraopreto.com.br\/index.php\/2024\/03\/09\/fuvest-anuncia-mudancas-no-vestibular-de-medicina-da-usp-entenda\/","url_meta":{"origin":79572,"position":1},"title":"Fuvest anuncia mudan\u00e7as no vestibular de Medicina da USP; Entenda","author":"noticiasribeiraopreto.com.br","date":"9 de March de 2024","format":false,"excerpt":"A partir de 2025, o vestibular da Funda\u00e7\u00e3o Universit\u00e1ria para o Vestibular (Fuvest) ter\u00e1 mudan\u00e7as para a \u00e1rea de Medicina. De acordo com informa\u00e7\u00f5es divulgadas nesta sexta-feira (8), pela Pr\u00f3-Reitoria de Gradua\u00e7\u00e3o da Universidade de S\u00e3o Paulo (USP), os cursos das tr\u00eas unidades ter\u00e3o ingresso unificado na mesma carreira. Desta\u2026","rel":"","context":"In &quot;Not\u00edcias de Ribeir\u00e3o Preto-SP e Regi\u00e3o&quot;","block_context":{"text":"Not\u00edcias de Ribeir\u00e3o Preto-SP e Regi\u00e3o","link":"https:\/\/noticiasribeiraopreto.com.br\/index.php\/category\/noticias-de-ribeirao-preto-sp-e-regiao-ismael-colosi\/"},"img":{"alt_text":"","src":"https:\/\/i0.wp.com\/noticiasribeiraopreto.com.br\/wp-content\/uploads\/2024\/03\/usp_ribeirao_500x320_26072019111611.jpg?fit=500%2C322&ssl=1&resize=350%2C200","width":350,"height":200},"classes":[]},{"id":78608,"url":"https:\/\/noticiasribeiraopreto.com.br\/index.php\/2025\/10\/14\/medicina-e-psicologia-da-usp-ribeirao-estao-entre-os-cursos-mais-concorridos-da-fuvest-2026-veja-lista\/","url_meta":{"origin":79572,"position":2},"title":"Medicina e Psicologia da USP Ribeir\u00e3o est\u00e3o entre os cursos mais concorridos da Fuvest 2026; Veja lista","author":"noticiasribeiraopreto.com.br","date":"14 de October de 2025","format":false,"excerpt":"Os cursos de Medicina e Psicologia, oferecidos pela Universidade de S\u00e3o Paulo (USP) em Ribeir\u00e3o Preto, est\u00e3o entre as carreiras mais disputadas da Fuvest 2026, segundo a rela\u00e7\u00e3o divulgada nesta ter\u00e7a-feira (14). Conforme os dados, a carreira na \u00e1rea da sa\u00fade segue entre as mais desejadas pelos vestibulandos. O curso\u2026","rel":"","context":"In &quot;Not\u00edcias de Ribeir\u00e3o Preto-SP e Regi\u00e3o&quot;","block_context":{"text":"Not\u00edcias de Ribeir\u00e3o Preto-SP e Regi\u00e3o","link":"https:\/\/noticiasribeiraopreto.com.br\/index.php\/category\/noticias-de-ribeirao-preto-sp-e-regiao-ismael-colosi\/"},"img":{"alt_text":"","src":"https:\/\/i0.wp.com\/noticiasribeiraopreto.com.br\/wp-content\/uploads\/2025\/09\/20210909_usp_fachada-1024x538-1_2025-09-17_18-42-07.webp.webp?fit=1024%2C538&ssl=1&resize=350%2C200","width":350,"height":200,"srcset":"https:\/\/i0.wp.com\/noticiasribeiraopreto.com.br\/wp-content\/uploads\/2025\/09\/20210909_usp_fachada-1024x538-1_2025-09-17_18-42-07.webp.webp?fit=1024%2C538&ssl=1&resize=350%2C200 1x, https:\/\/i0.wp.com\/noticiasribeiraopreto.com.br\/wp-content\/uploads\/2025\/09\/20210909_usp_fachada-1024x538-1_2025-09-17_18-42-07.webp.webp?fit=1024%2C538&ssl=1&resize=525%2C300 1.5x, https:\/\/i0.wp.com\/noticiasribeiraopreto.com.br\/wp-content\/uploads\/2025\/09\/20210909_usp_fachada-1024x538-1_2025-09-17_18-42-07.webp.webp?fit=1024%2C538&ssl=1&resize=700%2C400 2x"},"classes":[]},{"id":54535,"url":"https:\/\/noticiasribeiraopreto.com.br\/index.php\/2024\/07\/12\/faculdade-de-medicina-de-ribeirao-preto-da-usp-esta-com-inscricoes-abertas-para-pos-graduacao\/","url_meta":{"origin":79572,"position":3},"title":"Faculdade de Medicina de Ribeir\u00e3o Preto da USP est\u00e1 com inscri\u00e7\u00f5es abertas para p\u00f3s-gradua\u00e7\u00e3o","author":"noticiasribeiraopreto.com.br","date":"12 de July de 2024","format":false,"excerpt":"A Faculdade de Medicina de Ribeir\u00e3o Preto da USP (FMRP-USP) est\u00e1 com inscri\u00e7\u00f5es abertas, at\u00e9 o dia 16 de agosto, para o processo seletivo dos programas de p\u00f3s-gradua\u00e7\u00e3o. Ao todo, s\u00e3o 16 vagas, sendo 12 em ampla concorr\u00eancia e quatro para a\u00e7\u00f5es afirmativas. Os interessados podem se inscrever, exclusivamente, pelo\u2026","rel":"","context":"In &quot;Not\u00edcias de Ribeir\u00e3o Preto-SP e Regi\u00e3o&quot;","block_context":{"text":"Not\u00edcias de Ribeir\u00e3o Preto-SP e Regi\u00e3o","link":"https:\/\/noticiasribeiraopreto.com.br\/index.php\/category\/noticias-de-ribeirao-preto-sp-e-regiao-ismael-colosi\/"},"img":{"alt_text":"","src":"https:\/\/i0.wp.com\/noticiasribeiraopreto.com.br\/wp-content\/uploads\/2024\/07\/fmrp4jpg_2024-07-11_23-52-20_jpg_2024-07-11_23-52-21.webp.webp?fit=1200%2C675&ssl=1&resize=350%2C200","width":350,"height":200,"srcset":"https:\/\/i0.wp.com\/noticiasribeiraopreto.com.br\/wp-content\/uploads\/2024\/07\/fmrp4jpg_2024-07-11_23-52-20_jpg_2024-07-11_23-52-21.webp.webp?fit=1200%2C675&ssl=1&resize=350%2C200 1x, https:\/\/i0.wp.com\/noticiasribeiraopreto.com.br\/wp-content\/uploads\/2024\/07\/fmrp4jpg_2024-07-11_23-52-20_jpg_2024-07-11_23-52-21.webp.webp?fit=1200%2C675&ssl=1&resize=525%2C300 1.5x, https:\/\/i0.wp.com\/noticiasribeiraopreto.com.br\/wp-content\/uploads\/2024\/07\/fmrp4jpg_2024-07-11_23-52-20_jpg_2024-07-11_23-52-21.webp.webp?fit=1200%2C675&ssl=1&resize=700%2C400 2x, https:\/\/i0.wp.com\/noticiasribeiraopreto.com.br\/wp-content\/uploads\/2024\/07\/fmrp4jpg_2024-07-11_23-52-20_jpg_2024-07-11_23-52-21.webp.webp?fit=1200%2C675&ssl=1&resize=1050%2C600 3x"},"classes":[]},{"id":59475,"url":"https:\/\/noticiasribeiraopreto.com.br\/index.php\/2024\/10\/24\/cursos-na-usp-ribeirao-preto-estao-entre-os-mais-concorridos-da-fuvest\/","url_meta":{"origin":79572,"position":4},"title":"Cursos na USP Ribeir\u00e3o Preto est\u00e3o entre os mais concorridos da Fuvest","author":"noticiasribeiraopreto.com.br","date":"24 de October de 2024","format":false,"excerpt":"A Fuvest divulgou nesta quinta-feira (24) os cursos mais concorridos do vestibular de acesso \u00e0 USP (Universidade de S\u00e3o Paulo). Os cursos de Medicina e Psicologia, oferecidos em Ribeir\u00e3o Preto, est\u00e3o entre as carreiras mais concorridas nesta edi\u00e7\u00e3o. Os inscritos na Fuvest j\u00e1 podem consultar a rela\u00e7\u00e3o de candidatos por\u2026","rel":"","context":"In &quot;Not\u00edcias de Ribeir\u00e3o Preto-SP e Regi\u00e3o&quot;","block_context":{"text":"Not\u00edcias de Ribeir\u00e3o Preto-SP e Regi\u00e3o","link":"https:\/\/noticiasribeiraopreto.com.br\/index.php\/category\/noticias-de-ribeirao-preto-sp-e-regiao-ismael-colosi\/"},"img":{"alt_text":"","src":"https:\/\/i0.wp.com\/noticiasribeiraopreto.com.br\/wp-content\/uploads\/2024\/10\/1729786358_CAMPUS-DA-USP-DE-RIBEIRAO-PRETO-1024x683.jpg?fit=1024%2C683&ssl=1&resize=350%2C200","width":350,"height":200,"srcset":"https:\/\/i0.wp.com\/noticiasribeiraopreto.com.br\/wp-content\/uploads\/2024\/10\/1729786358_CAMPUS-DA-USP-DE-RIBEIRAO-PRETO-1024x683.jpg?fit=1024%2C683&ssl=1&resize=350%2C200 1x, https:\/\/i0.wp.com\/noticiasribeiraopreto.com.br\/wp-content\/uploads\/2024\/10\/1729786358_CAMPUS-DA-USP-DE-RIBEIRAO-PRETO-1024x683.jpg?fit=1024%2C683&ssl=1&resize=525%2C300 1.5x, https:\/\/i0.wp.com\/noticiasribeiraopreto.com.br\/wp-content\/uploads\/2024\/10\/1729786358_CAMPUS-DA-USP-DE-RIBEIRAO-PRETO-1024x683.jpg?fit=1024%2C683&ssl=1&resize=700%2C400 2x"},"classes":[]},{"id":78145,"url":"https:\/\/noticiasribeiraopreto.com.br\/index.php\/2025\/10\/02\/usp-ribeirao-preto-tem-39-pesquisadores-entre-os-mais-influentes-do-mundo-veja-quem-sao\/","url_meta":{"origin":79572,"position":5},"title":"USP Ribeir\u00e3o Preto tem 39 pesquisadores entre os mais influentes do mundo; Veja quem s\u00e3o","author":"noticiasribeiraopreto.com.br","date":"2 de October de 2025","format":false,"excerpt":"Um total de 39 cientistas da USP (Universidade de S\u00e3o Paulo) de Ribeir\u00e3o Preto foram reconhecidos no ranking dos pesquisadores mais influentes do mundo em 2024. O levantamento \u00e9 publicado todos os anos pelo pesquisador John Ioannidis, da Universidade Stanford (EUA) \u2013 veja quem s\u00e3o os pesquisadores abaixo. A lista\u2026","rel":"","context":"In &quot;Not\u00edcias de Ribeir\u00e3o Preto-SP e Regi\u00e3o&quot;","block_context":{"text":"Not\u00edcias de Ribeir\u00e3o Preto-SP e Regi\u00e3o","link":"https:\/\/noticiasribeiraopreto.com.br\/index.php\/category\/noticias-de-ribeirao-preto-sp-e-regiao-ismael-colosi\/"},"img":{"alt_text":"","src":"https:\/\/i0.wp.com\/noticiasribeiraopreto.com.br\/wp-content\/uploads\/2025\/09\/20210909_usp_fachada-1024x538-1_2025-09-17_18-42-07.webp.webp?fit=1024%2C538&ssl=1&resize=350%2C200","width":350,"height":200,"srcset":"https:\/\/i0.wp.com\/noticiasribeiraopreto.com.br\/wp-content\/uploads\/2025\/09\/20210909_usp_fachada-1024x538-1_2025-09-17_18-42-07.webp.webp?fit=1024%2C538&ssl=1&resize=350%2C200 1x, https:\/\/i0.wp.com\/noticiasribeiraopreto.com.br\/wp-content\/uploads\/2025\/09\/20210909_usp_fachada-1024x538-1_2025-09-17_18-42-07.webp.webp?fit=1024%2C538&ssl=1&resize=525%2C300 1.5x, https:\/\/i0.wp.com\/noticiasribeiraopreto.com.br\/wp-content\/uploads\/2025\/09\/20210909_usp_fachada-1024x538-1_2025-09-17_18-42-07.webp.webp?fit=1024%2C538&ssl=1&resize=700%2C400 2x"},"classes":[]}],"jetpack_sharing_enabled":true,"jetpack_shortlink":"https:\/\/wp.me\/peQAOb-kHq","_links":{"self":[{"href":"https:\/\/noticiasribeiraopreto.com.br\/index.php\/wp-json\/wp\/v2\/posts\/79572","targetHints":{"allow":["GET"]}}],"collection":[{"href":"https:\/\/noticiasribeiraopreto.com.br\/index.php\/wp-json\/wp\/v2\/posts"}],"about":[{"href":"https:\/\/noticiasribeiraopreto.com.br\/index.php\/wp-json\/wp\/v2\/types\/post"}],"author":[{"embeddable":true,"href":"https:\/\/noticiasribeiraopreto.com.br\/index.php\/wp-json\/wp\/v2\/users\/1"}],"replies":[{"embeddable":true,"href":"https:\/\/noticiasribeiraopreto.com.br\/index.php\/wp-json\/wp\/v2\/comments?post=79572"}],"version-history":[{"count":0,"href":"https:\/\/noticiasribeiraopreto.com.br\/index.php\/wp-json\/wp\/v2\/posts\/79572\/revisions"}],"wp:featuredmedia":[{"embeddable":true,"href":"https:\/\/noticiasribeiraopreto.com.br\/index.php\/wp-json\/wp\/v2\/media\/79573"}],"wp:attachment":[{"href":"https:\/\/noticiasribeiraopreto.com.br\/index.php\/wp-json\/wp\/v2\/media?parent=79572"}],"wp:term":[{"taxonomy":"category","embeddable":true,"href":"https:\/\/noticiasribeiraopreto.com.br\/index.php\/wp-json\/wp\/v2\/categories?post=79572"},{"taxonomy":"post_tag","embeddable":true,"href":"https:\/\/noticiasribeiraopreto.com.br\/index.php\/wp-json\/wp\/v2\/tags?post=79572"}],"curies":[{"name":"wp","href":"https:\/\/api.w.org\/{rel}","templated":true}]}}