{"id":79574,"date":"2025-11-04T10:48:36","date_gmt":"2025-11-04T13:48:36","guid":{"rendered":"https:\/\/noticiasribeiraopreto.com.br\/index.php\/2025\/11\/04\/onibus-tem-pane-no-freio-e-atinge-placa-de-sinalizacao-na-anhanguera-em-ribeirao-preto\/"},"modified":"2025-11-04T10:48:36","modified_gmt":"2025-11-04T13:48:36","slug":"onibus-tem-pane-no-freio-e-atinge-placa-de-sinalizacao-na-anhanguera-em-ribeirao-preto","status":"publish","type":"post","link":"https:\/\/noticiasribeiraopreto.com.br\/index.php\/2025\/11\/04\/onibus-tem-pane-no-freio-e-atinge-placa-de-sinalizacao-na-anhanguera-em-ribeirao-preto\/","title":{"rendered":"\u00d4nibus tem pane no freio e atinge placa de sinaliza\u00e7\u00e3o na Anhanguera em Ribeir\u00e3o Preto"},"content":{"rendered":"<div class='code-block code-block-1' style='margin: 8px 0 8px auto; text-align: right; display: block; clear: both;'>\n<p><a href=\"https:\/\/wa.link\/vpicfd\"><img data-recalc-dims=\"1\" class=\"wp-image-4922\" style=\"aspect-ratio: 2.0253164556962027; width: 561px; height: auto;\" src=\"https:\/\/i0.wp.com\/ismaelcolosi.com.br\/wp-content\/uploads\/2023\/11\/grupo-de-empregos-whatsapp-e-facebook-ismael-colosi-vagas.jpg?ssl=1\" alt=\"\" \/><\/a><\/p>\n<!-- \/wp:image -->\n<\/div>\n<p> <br \/>\n<\/p>\n<div data-td-block-uid=\"tdi_95\">\n<div class=\"tdb-block-inner td-fix-index\">\n<p><strong>Um \u00f4nibus intermunicipal atingiu uma placa de sinaliza\u00e7\u00e3o na manh\u00e3 desta ter\u00e7a-feira (4), no km 303 pela pista sul da rodovia Anhanguera (SP-330), em Ribeir\u00e3o Preto.<\/strong><\/p>\n<p><mark style=\"background-color:#fcb900\" class=\"has-inline-color has-black-color\">Segundo a concession\u00e1ria ViaPaulista, os 23 ocupantes sa\u00edram ilesos do ve\u00edculo.<\/mark><\/p>\n<p>A Artesp (Ag\u00eancia Reguladora de Transporte do Estado de S\u00e3o Paulo) informou que o \u00f4nibus seguia de Ribeir\u00e3o a Santa Rosa de Viterbo e parou no acostamento depois da colis\u00e3o.<\/p>\n<p>Ainda conforme o \u00f3rg\u00e3o, o motorista alegou que houve uma pane nos freios, quando entrou pela \u00e1rea do acostamento e atingiu a placa de sinaliza\u00e7\u00e3o.<\/p>\n<p>As causas, contudo, ainda dever\u00e3o ser apuradas.<\/p>\n<p>Os passageiros foram transferidos para outro \u00f4nibus, que seguiu viagem.<\/p>\n<p>N\u00e3o houve interdi\u00e7\u00e3o na pista.<\/p>\n<p>SAIBA MAIS<\/p>\n<p>Idoso morre ap\u00f3s ser atropelado e motorista \u00e9 preso em Ribeir\u00e3o Preto<\/p>\n<h2 class=\"wp-block-heading\"><strong>FIQUE ON<\/strong><\/h2>\n<p>Fique ligado em tudo que acontece em Ribeir\u00e3o Preto e regi\u00e3o. Siga os perfis do\u00a0<strong>acidade on<\/strong>\u00a0no<a href=\"https:\/\/www.instagram.com\/acidadeonribeirao\" target=\"_blank\" rel=\"noreferrer noopener\">\u00a0Instagram<\/a>\u00a0e no<a href=\"https:\/\/www.facebook.com\/acidadeonribeirao\/\" target=\"_blank\" rel=\"noreferrer noopener\">\u00a0Facebook<\/a>.<\/p>\n<p>Receba not\u00edcias do\u00a0<strong>acidade on<\/strong>\u00a0no WhatsApp. Para entrar no grupo,\u00a0basta\u00a0<a href=\"https:\/\/chat.whatsapp.com\/I4nieTEMKlf50pJ28aMemC?mode=ac_t\" target=\"_blank\" rel=\"noreferrer noopener\">clicar aqui<\/a>. Ou, acesse o nosso\u00a0Canal<a href=\"https:\/\/whatsapp.com\/channel\/0029Vb6IQl1JENyAeS57fk2p\" target=\"_blank\" rel=\"noreferrer noopener\">\u00a0clicando aqui<\/a>.<\/p>\n<p>Fa\u00e7a uma den\u00fancia ou sugira uma reportagem sobre Ribeir\u00e3o Preto e regi\u00e3o pelo WhatsApp: 16 99117 7802.<\/p>\n<p>VEJA TAMB\u00c9M<\/p>\n<p>Quais s\u00e3o os jogos mensais de novembro do PS Plus?<\/p>\n<p><!-- AI CONTENT END 1 -->\n<\/div>\n<\/div>\n<p><script async src=\"\/\/www.instagram.com\/embed.js\"><\/script><br \/>\n<br \/><br \/>\n<br \/><a href=\"https:\/\/www.acidadeon.com\/ribeiraopreto\/cotidiano\/onibus-tem-pane-no-freio-e-atinge-placa-de-sinalizacao-na-anhanguera-em-ribeirao-preto\/\">Source link <\/a><\/p>\n<!-- CONTENT END 1 -->\n","protected":false},"excerpt":{"rendered":"<p>Um \u00f4nibus intermunicipal atingiu uma placa de sinaliza\u00e7\u00e3o na manh\u00e3 desta ter\u00e7a-feira (4), no km 303 pela pista sul da rodovia Anhanguera (SP-330), em Ribeir\u00e3o&#8230;<\/p>\n","protected":false},"author":1,"featured_media":79575,"comment_status":"open","ping_status":"open","sticky":false,"template":"","format":"standard","meta":{"advanced_seo_description":"","jetpack_seo_html_title":"","jetpack_seo_noindex":false,"jetpack_post_was_ever_published":false,"_jetpack_newsletter_access":"","_jetpack_dont_email_post_to_subs":false,"_jetpack_newsletter_tier_id":0,"_jetpack_memberships_contains_paywalled_content":false,"_jetpack_memberships_contains_paid_content":false,"footnotes":"","jetpack_publicize_message":"","jetpack_publicize_feature_enabled":true,"jetpack_social_post_already_shared":true,"jetpack_social_options":{"image_generator_settings":{"template":"highway","default_image_id":0,"font":"","enabled":false},"version":2}},"categories":[11],"tags":[],"class_list":["post-79574","post","type-post","status-publish","format-standard","has-post-thumbnail","hentry","category-noticias-de-ribeirao-preto-sp-e-regiao-ismael-colosi"],"jetpack_publicize_connections":[],"jetpack_featured_media_url":"https:\/\/i0.wp.com\/noticiasribeiraopreto.com.br\/wp-content\/uploads\/2025\/11\/WhatsApp-Image-2025-11-04-at-08.44.15_2025-11-04_12-17-42.webp.webp?fit=1072%2C576&ssl=1","jetpack-related-posts":[{"id":81501,"url":"https:\/\/noticiasribeiraopreto.com.br\/index.php\/2026\/01\/08\/acidente-envolve-micro-onibus-na-anhanguera-em-ribeirao-preto\/","url_meta":{"origin":79574,"position":0},"title":"Acidente envolve micro-\u00f4nibus na Anhanguera em Ribeir\u00e3o Preto","author":"noticiasribeiraopreto.com.br","date":"8 de January de 2026","format":false,"excerpt":"Um micro-\u00f4nibus atingiu a prote\u00e7\u00e3o met\u00e1lica no km 300+394 pela pista sentido sul (Capital) da rodovia Anhanguera (SP-330), na madrugada desta quinta-feira (8), em Ribeir\u00e3o Preto. Segundo o CCM (Centro de Controle Multimodal) da Artesp (Ag\u00eancia de Transportes do Estado de S\u00e3o Paulo), o motorista alegou que houve uma pane\u2026","rel":"","context":"In &quot;Not\u00edcias de Ribeir\u00e3o Preto-SP e Regi\u00e3o&quot;","block_context":{"text":"Not\u00edcias de Ribeir\u00e3o Preto-SP e Regi\u00e3o","link":"https:\/\/noticiasribeiraopreto.com.br\/index.php\/category\/noticias-de-ribeirao-preto-sp-e-regiao-ismael-colosi\/"},"img":{"alt_text":"","src":"https:\/\/i0.wp.com\/noticiasribeiraopreto.com.br\/wp-content\/uploads\/2026\/01\/WhatsApp-Image-2026-01-08-at-06.10.06_2026-01-08_09-27-27.webp.webp?fit=1200%2C540&ssl=1&resize=350%2C200","width":350,"height":200,"srcset":"https:\/\/i0.wp.com\/noticiasribeiraopreto.com.br\/wp-content\/uploads\/2026\/01\/WhatsApp-Image-2026-01-08-at-06.10.06_2026-01-08_09-27-27.webp.webp?fit=1200%2C540&ssl=1&resize=350%2C200 1x, https:\/\/i0.wp.com\/noticiasribeiraopreto.com.br\/wp-content\/uploads\/2026\/01\/WhatsApp-Image-2026-01-08-at-06.10.06_2026-01-08_09-27-27.webp.webp?fit=1200%2C540&ssl=1&resize=525%2C300 1.5x, https:\/\/i0.wp.com\/noticiasribeiraopreto.com.br\/wp-content\/uploads\/2026\/01\/WhatsApp-Image-2026-01-08-at-06.10.06_2026-01-08_09-27-27.webp.webp?fit=1200%2C540&ssl=1&resize=700%2C400 2x, https:\/\/i0.wp.com\/noticiasribeiraopreto.com.br\/wp-content\/uploads\/2026\/01\/WhatsApp-Image-2026-01-08-at-06.10.06_2026-01-08_09-27-27.webp.webp?fit=1200%2C540&ssl=1&resize=1050%2C600 3x"},"classes":[]},{"id":73703,"url":"https:\/\/noticiasribeiraopreto.com.br\/index.php\/2025\/07\/08\/passageira-socorrida-em-onibus-na-anhanguera-morre-em-hospital\/","url_meta":{"origin":79574,"position":1},"title":"Passageira socorrida em \u00f4nibus na Anhanguera morre em hospital","author":"noticiasribeiraopreto.com.br","date":"8 de July de 2025","format":false,"excerpt":"Uma passageira de um \u00f4nibus que seguia da capital paulista para Goi\u00e2nia (GO) morreu depois de ter sido socorrida na madrugada desta ter\u00e7a-feira (8), no km 340 da rodovia Anhanguera (SP330), em Jardin\u00f3polis, na regi\u00e3o de Ribeir\u00e3o Preto. Segundo informa\u00e7\u00f5es da Artesp (Ag\u00eancia de Transporte do Estado de S\u00e3o Paulo),\u2026","rel":"","context":"In &quot;Not\u00edcias de Ribeir\u00e3o Preto-SP e Regi\u00e3o&quot;","block_context":{"text":"Not\u00edcias de Ribeir\u00e3o Preto-SP e Regi\u00e3o","link":"https:\/\/noticiasribeiraopreto.com.br\/index.php\/category\/noticias-de-ribeirao-preto-sp-e-regiao-ismael-colosi\/"},"img":{"alt_text":"","src":"https:\/\/i0.wp.com\/noticiasribeiraopreto.com.br\/wp-content\/uploads\/2025\/07\/ONIBUS_2025-07-08_10-46-50.webp.webp?fit=1200%2C751&ssl=1&resize=350%2C200","width":350,"height":200,"srcset":"https:\/\/i0.wp.com\/noticiasribeiraopreto.com.br\/wp-content\/uploads\/2025\/07\/ONIBUS_2025-07-08_10-46-50.webp.webp?fit=1200%2C751&ssl=1&resize=350%2C200 1x, https:\/\/i0.wp.com\/noticiasribeiraopreto.com.br\/wp-content\/uploads\/2025\/07\/ONIBUS_2025-07-08_10-46-50.webp.webp?fit=1200%2C751&ssl=1&resize=525%2C300 1.5x, https:\/\/i0.wp.com\/noticiasribeiraopreto.com.br\/wp-content\/uploads\/2025\/07\/ONIBUS_2025-07-08_10-46-50.webp.webp?fit=1200%2C751&ssl=1&resize=700%2C400 2x, https:\/\/i0.wp.com\/noticiasribeiraopreto.com.br\/wp-content\/uploads\/2025\/07\/ONIBUS_2025-07-08_10-46-50.webp.webp?fit=1200%2C751&ssl=1&resize=1050%2C600 3x"},"classes":[]},{"id":53919,"url":"https:\/\/noticiasribeiraopreto.com.br\/index.php\/2024\/06\/26\/acidente-com-onibus-e-caminhao-deixa-1-morto-e-dezenas-de-feridos-na-anhanguera\/","url_meta":{"origin":79574,"position":2},"title":"Acidente com \u00f4nibus e caminh\u00e3o deixa 1 morto e dezenas de feridos na Anhanguera","author":"noticiasribeiraopreto.com.br","date":"26 de June de 2024","format":false,"excerpt":"Uma batida entre um \u00f4nibus e um caminh\u00e3o deixou um morto e ao menos 12 feridos no km 299 da rodovia Anhanguera (SP-330), no in\u00edcio da madrugada desta quarta-feira (26), no trecho conhecido como Serra de Cravinhos, na regi\u00e3o de Ribeir\u00e3o Preto. Segundo a Artesp (Ag\u00eancia de Transporte do Estado\u2026","rel":"","context":"In &quot;Not\u00edcias de Ribeir\u00e3o Preto-SP e Regi\u00e3o&quot;","block_context":{"text":"Not\u00edcias de Ribeir\u00e3o Preto-SP e Regi\u00e3o","link":"https:\/\/noticiasribeiraopreto.com.br\/index.php\/category\/noticias-de-ribeirao-preto-sp-e-regiao-ismael-colosi\/"},"img":{"alt_text":"","src":"https:\/\/i0.wp.com\/noticiasribeiraopreto.com.br\/wp-content\/uploads\/2024\/06\/WhatsApp-Image-2024-06-26-at-07.07.52_2024-06-26_10-15-08_jpeg_2024-06-26_10-15-09.webp.webp?fit=1200%2C675&ssl=1&resize=350%2C200","width":350,"height":200,"srcset":"https:\/\/i0.wp.com\/noticiasribeiraopreto.com.br\/wp-content\/uploads\/2024\/06\/WhatsApp-Image-2024-06-26-at-07.07.52_2024-06-26_10-15-08_jpeg_2024-06-26_10-15-09.webp.webp?fit=1200%2C675&ssl=1&resize=350%2C200 1x, https:\/\/i0.wp.com\/noticiasribeiraopreto.com.br\/wp-content\/uploads\/2024\/06\/WhatsApp-Image-2024-06-26-at-07.07.52_2024-06-26_10-15-08_jpeg_2024-06-26_10-15-09.webp.webp?fit=1200%2C675&ssl=1&resize=525%2C300 1.5x, https:\/\/i0.wp.com\/noticiasribeiraopreto.com.br\/wp-content\/uploads\/2024\/06\/WhatsApp-Image-2024-06-26-at-07.07.52_2024-06-26_10-15-08_jpeg_2024-06-26_10-15-09.webp.webp?fit=1200%2C675&ssl=1&resize=700%2C400 2x, https:\/\/i0.wp.com\/noticiasribeiraopreto.com.br\/wp-content\/uploads\/2024\/06\/WhatsApp-Image-2024-06-26-at-07.07.52_2024-06-26_10-15-08_jpeg_2024-06-26_10-15-09.webp.webp?fit=1200%2C675&ssl=1&resize=1050%2C600 3x"},"classes":[]},{"id":82764,"url":"https:\/\/noticiasribeiraopreto.com.br\/index.php\/2026\/02\/26\/micro-onibus-capota-e-deixa-feridos-em-rodovia-na-regiao-de-ribeirao-preto\/","url_meta":{"origin":79574,"position":3},"title":"Micro-\u00f4nibus capota e deixa feridos em rodovia na regi\u00e3o de Ribeir\u00e3o Preto","author":"noticiasribeiraopreto.com.br","date":"26 de February de 2026","format":false,"excerpt":"Um micro-\u00f4nibus capotou e deixou duas v\u00edtimas no fim da tarde desta quarta-feira (25), no km 143 rodovia Nem\u00e9sio Cadetti (SP-333), em Taquaritinga, a 80 quil\u00f4metros de Ribeir\u00e3o Preto. Segundo o CCM (Centro de Controle Multimodal) da Artesp (Ag\u00eancia de Transportes do Estado de S\u00e3o Paulo), o ve\u00edculo seguia em\u2026","rel":"","context":"In &quot;Not\u00edcias de Ribeir\u00e3o Preto-SP e Regi\u00e3o&quot;","block_context":{"text":"Not\u00edcias de Ribeir\u00e3o Preto-SP e Regi\u00e3o","link":"https:\/\/noticiasribeiraopreto.com.br\/index.php\/category\/noticias-de-ribeirao-preto-sp-e-regiao-ismael-colosi\/"},"img":{"alt_text":"","src":"https:\/\/i0.wp.com\/noticiasribeiraopreto.com.br\/wp-content\/uploads\/2026\/02\/download-41_2026-02-26_10-15-49.webp.webp?fit=800%2C450&ssl=1&resize=350%2C200","width":350,"height":200,"srcset":"https:\/\/i0.wp.com\/noticiasribeiraopreto.com.br\/wp-content\/uploads\/2026\/02\/download-41_2026-02-26_10-15-49.webp.webp?fit=800%2C450&ssl=1&resize=350%2C200 1x, https:\/\/i0.wp.com\/noticiasribeiraopreto.com.br\/wp-content\/uploads\/2026\/02\/download-41_2026-02-26_10-15-49.webp.webp?fit=800%2C450&ssl=1&resize=525%2C300 1.5x, https:\/\/i0.wp.com\/noticiasribeiraopreto.com.br\/wp-content\/uploads\/2026\/02\/download-41_2026-02-26_10-15-49.webp.webp?fit=800%2C450&ssl=1&resize=700%2C400 2x"},"classes":[]},{"id":77310,"url":"https:\/\/noticiasribeiraopreto.com.br\/index.php\/2025\/09\/16\/onibus-que-levava-estudantes-pega-fogo-na-regiao-de-ribeirao-preto-video\/","url_meta":{"origin":79574,"position":4},"title":"\u00d4nibus que levava estudantes pega fogo na regi\u00e3o de Ribeir\u00e3o Preto; V\u00eddeo","author":"noticiasribeiraopreto.com.br","date":"16 de September de 2025","format":false,"excerpt":"Um \u00f4nibus de estudantes pegou fogo no in\u00edcio da noite desta segunda-feira (15), no km 375,520 da rodovia Armando de Sales Oliveira, em Pitangueiras. Assista ao v\u00eddeo abaixo. Segundo a Artesp (Ag\u00eancia de Transporte do Estado de S\u00e3o Paulo), havia 27 pessoas no coletivo e todas conseguiram sair sem ferimentos.\u2026","rel":"","context":"In &quot;Not\u00edcias de Ribeir\u00e3o Preto-SP e Regi\u00e3o&quot;","block_context":{"text":"Not\u00edcias de Ribeir\u00e3o Preto-SP e Regi\u00e3o","link":"https:\/\/noticiasribeiraopreto.com.br\/index.php\/category\/noticias-de-ribeirao-preto-sp-e-regiao-ismael-colosi\/"},"img":{"alt_text":"","src":"https:\/\/i0.wp.com\/noticiasribeiraopreto.com.br\/wp-content\/uploads\/2025\/09\/ONIBUS_2025-09-16_11-11-27.webp.webp?fit=1200%2C1012&ssl=1&resize=350%2C200","width":350,"height":200,"srcset":"https:\/\/i0.wp.com\/noticiasribeiraopreto.com.br\/wp-content\/uploads\/2025\/09\/ONIBUS_2025-09-16_11-11-27.webp.webp?fit=1200%2C1012&ssl=1&resize=350%2C200 1x, https:\/\/i0.wp.com\/noticiasribeiraopreto.com.br\/wp-content\/uploads\/2025\/09\/ONIBUS_2025-09-16_11-11-27.webp.webp?fit=1200%2C1012&ssl=1&resize=525%2C300 1.5x, https:\/\/i0.wp.com\/noticiasribeiraopreto.com.br\/wp-content\/uploads\/2025\/09\/ONIBUS_2025-09-16_11-11-27.webp.webp?fit=1200%2C1012&ssl=1&resize=700%2C400 2x, https:\/\/i0.wp.com\/noticiasribeiraopreto.com.br\/wp-content\/uploads\/2025\/09\/ONIBUS_2025-09-16_11-11-27.webp.webp?fit=1200%2C1012&ssl=1&resize=1050%2C600 3x"},"classes":[]},{"id":70998,"url":"https:\/\/noticiasribeiraopreto.com.br\/index.php\/2025\/06\/01\/acidente-envolve-onibus-e-picape-de-concessionaria-na-regiao-de-ribeirao-preto\/","url_meta":{"origin":79574,"position":5},"title":"Acidente envolve \u00f4nibus e picape de concession\u00e1ria na regi\u00e3o de Ribeir\u00e3o Preto","author":"noticiasribeiraopreto.com.br","date":"1 de June de 2025","format":false,"excerpt":"Um acidente envolveu um \u00f4nibus e uma picape da concession\u00e1ria Econoroeste na manh\u00e3 deste domingo (1), no km 150 da rodovia Nem\u00e9sio Cadetti (SP-333), em Taquaritinga, a 80 quil\u00f4metros de Ribeir\u00e3o Preto. Segundo a Artesp (Ag\u00eancia de Transporte do Estado de S\u00e3o Paulo), uma v\u00edtima que estava na picape sofreu\u2026","rel":"","context":"In &quot;Not\u00edcias de Ribeir\u00e3o Preto-SP e Regi\u00e3o&quot;","block_context":{"text":"Not\u00edcias de Ribeir\u00e3o Preto-SP e Regi\u00e3o","link":"https:\/\/noticiasribeiraopreto.com.br\/index.php\/category\/noticias-de-ribeirao-preto-sp-e-regiao-ismael-colosi\/"},"img":{"alt_text":"","src":"https:\/\/i0.wp.com\/noticiasribeiraopreto.com.br\/wp-content\/uploads\/2025\/06\/ACIDENTE-_2025-06-01_15-00-43.webp.webp?fit=1200%2C742&ssl=1&resize=350%2C200","width":350,"height":200,"srcset":"https:\/\/i0.wp.com\/noticiasribeiraopreto.com.br\/wp-content\/uploads\/2025\/06\/ACIDENTE-_2025-06-01_15-00-43.webp.webp?fit=1200%2C742&ssl=1&resize=350%2C200 1x, https:\/\/i0.wp.com\/noticiasribeiraopreto.com.br\/wp-content\/uploads\/2025\/06\/ACIDENTE-_2025-06-01_15-00-43.webp.webp?fit=1200%2C742&ssl=1&resize=525%2C300 1.5x, https:\/\/i0.wp.com\/noticiasribeiraopreto.com.br\/wp-content\/uploads\/2025\/06\/ACIDENTE-_2025-06-01_15-00-43.webp.webp?fit=1200%2C742&ssl=1&resize=700%2C400 2x, https:\/\/i0.wp.com\/noticiasribeiraopreto.com.br\/wp-content\/uploads\/2025\/06\/ACIDENTE-_2025-06-01_15-00-43.webp.webp?fit=1200%2C742&ssl=1&resize=1050%2C600 3x"},"classes":[]}],"jetpack_sharing_enabled":true,"jetpack_shortlink":"https:\/\/wp.me\/peQAOb-kHs","_links":{"self":[{"href":"https:\/\/noticiasribeiraopreto.com.br\/index.php\/wp-json\/wp\/v2\/posts\/79574","targetHints":{"allow":["GET"]}}],"collection":[{"href":"https:\/\/noticiasribeiraopreto.com.br\/index.php\/wp-json\/wp\/v2\/posts"}],"about":[{"href":"https:\/\/noticiasribeiraopreto.com.br\/index.php\/wp-json\/wp\/v2\/types\/post"}],"author":[{"embeddable":true,"href":"https:\/\/noticiasribeiraopreto.com.br\/index.php\/wp-json\/wp\/v2\/users\/1"}],"replies":[{"embeddable":true,"href":"https:\/\/noticiasribeiraopreto.com.br\/index.php\/wp-json\/wp\/v2\/comments?post=79574"}],"version-history":[{"count":0,"href":"https:\/\/noticiasribeiraopreto.com.br\/index.php\/wp-json\/wp\/v2\/posts\/79574\/revisions"}],"wp:featuredmedia":[{"embeddable":true,"href":"https:\/\/noticiasribeiraopreto.com.br\/index.php\/wp-json\/wp\/v2\/media\/79575"}],"wp:attachment":[{"href":"https:\/\/noticiasribeiraopreto.com.br\/index.php\/wp-json\/wp\/v2\/media?parent=79574"}],"wp:term":[{"taxonomy":"category","embeddable":true,"href":"https:\/\/noticiasribeiraopreto.com.br\/index.php\/wp-json\/wp\/v2\/categories?post=79574"},{"taxonomy":"post_tag","embeddable":true,"href":"https:\/\/noticiasribeiraopreto.com.br\/index.php\/wp-json\/wp\/v2\/tags?post=79574"}],"curies":[{"name":"wp","href":"https:\/\/api.w.org\/{rel}","templated":true}]}}