{"id":79576,"date":"2025-11-04T10:56:33","date_gmt":"2025-11-04T13:56:33","guid":{"rendered":"https:\/\/noticiasribeiraopreto.com.br\/index.php\/2025\/11\/04\/limpeza-de-reservatorios-deixa-bairros-da-zona-sul-de-ribeirao-preto-em-alerta-para-falta-dagua\/"},"modified":"2025-11-04T10:56:33","modified_gmt":"2025-11-04T13:56:33","slug":"limpeza-de-reservatorios-deixa-bairros-da-zona-sul-de-ribeirao-preto-em-alerta-para-falta-dagua","status":"publish","type":"post","link":"https:\/\/noticiasribeiraopreto.com.br\/index.php\/2025\/11\/04\/limpeza-de-reservatorios-deixa-bairros-da-zona-sul-de-ribeirao-preto-em-alerta-para-falta-dagua\/","title":{"rendered":"Limpeza de reservat\u00f3rios deixa bairros da zona Sul de Ribeir\u00e3o Preto em alerta para falta d\u2019\u00e1gua"},"content":{"rendered":"<div class='code-block code-block-1' style='margin: 8px 0 8px auto; text-align: right; display: block; clear: both;'>\n<p><a href=\"https:\/\/wa.link\/vpicfd\"><img data-recalc-dims=\"1\" class=\"wp-image-4922\" style=\"aspect-ratio: 2.0253164556962027; width: 561px; height: auto;\" src=\"https:\/\/i0.wp.com\/ismaelcolosi.com.br\/wp-content\/uploads\/2023\/11\/grupo-de-empregos-whatsapp-e-facebook-ismael-colosi-vagas.jpg?ssl=1\" alt=\"\" \/><\/a><\/p>\n<!-- \/wp:image -->\n<\/div>\n<p> <br \/>\n<\/p>\n<div data-td-block-uid=\"tdi_95\">\n<div class=\"tdb-block-inner td-fix-index\">\n<p><strong>A\u00a0<a href=\"https:\/\/www.ribeiraopreto.sp.gov.br\/portal\/saerp\/\" target=\"_blank\" rel=\"noreferrer noopener\">Saerp (Secretaria de \u00c1gua e Esgoto de Ribeir\u00e3o Preto)<\/a>\u00a0emitiu um alerta nesta ter\u00e7a-feira (4) para o risco de falta d\u2019\u00e1gua em bairros da zona Sul da cidade.<\/strong><\/p>\n<h2 class=\"wp-block-heading\"><strong>Veja os bairros:<\/strong><\/h2>\n<ul class=\"wp-block-list\">\n<li>Jardim Iraj\u00e1<\/li>\n<li>Jardim S\u00e3o Luiz<\/li>\n<li>Jardim Bot\u00e2nico<\/li>\n<li>Jardim  Canad\u00e1<\/li>\n<li>Bosque das Juritis<\/li>\n<li>Condom\u00ednios e imedia\u00e7\u00f5es da avenida Professor Jo\u00e3o Fi\u00fasa<\/li>\n<\/ul>\n<p>A Saerp informou que realiza a limpeza e profilaxia do sistema de abastecimento nos reservat\u00f3rios Jo\u00e3o Fi\u00fasa, e a interven\u00e7\u00e3o poder\u00e1 causar intermit\u00eancias no abastecimento.<\/p>\n<p>A previs\u00e3o de conclus\u00e3o dos trabalhos \u00e9 \u00e0s 15h desta ter\u00e7a. Ap\u00f3s o t\u00e9rmino, o sistema ser\u00e1 religado e o abastecimento dever\u00e1 voltar de forma gradativa.<\/p>\n<h3 class=\"wp-block-heading\"><strong>O que fazer?<\/strong><\/h3>\n<p>Caso o seu bairro apresente falhas no abastecimento, entre em contato com a Saerp pelo telefone 0800 115 0115 ou procure por um posto de atendimento (<a href=\"https:\/\/www.ribeiraopreto.sp.gov.br\/portal\/saerp\/\" target=\"_blank\" rel=\"noreferrer noopener\">clique aqui<\/a>).<\/p>\n<p>SAIBA MAIS<\/p>\n<p>Alerta de tempestade \u00e9 prorrogado no estado de SP; Confira as cidades<\/p>\n<h4 class=\"wp-block-heading\"><strong>FIQUE ON<\/strong><\/h4>\n<p>Fique ligado em tudo que acontece em Ribeir\u00e3o Preto e regi\u00e3o. Siga os perfis do\u00a0<strong>acidade on<\/strong>\u00a0no<a href=\"https:\/\/www.instagram.com\/acidadeonribeirao\" target=\"_blank\" rel=\"noreferrer noopener\">\u00a0Instagram<\/a>\u00a0e no<a href=\"https:\/\/www.facebook.com\/acidadeonribeirao\/\" target=\"_blank\" rel=\"noreferrer noopener\">\u00a0Facebook<\/a>.<\/p>\n<p>Receba not\u00edcias do\u00a0<strong>acidade on<\/strong>\u00a0no WhatsApp. Para entrar no grupo,\u00a0basta\u00a0<a href=\"https:\/\/chat.whatsapp.com\/I4nieTEMKlf50pJ28aMemC?mode=ac_t\" target=\"_blank\" rel=\"noreferrer noopener\">clicar aqui<\/a>. Ou, acesse o nosso\u00a0Canal<a href=\"https:\/\/whatsapp.com\/channel\/0029Vb6IQl1JENyAeS57fk2p\" target=\"_blank\" rel=\"noreferrer noopener\">\u00a0clicando aqui<\/a>.<\/p>\n<p>Fa\u00e7a uma den\u00fancia ou sugira uma reportagem sobre Ribeir\u00e3o Preto e regi\u00e3o pelo WhatsApp: 16 99117 7802.<\/p>\n<p>VEJA TAMB\u00c9M<\/p>\n<p>Quais s\u00e3o os jogos mensais de novembro do PS Plus?<\/p>\n<p><!-- AI CONTENT END 1 -->\n<\/div>\n<\/div>\n<p><script async src=\"\/\/www.instagram.com\/embed.js\"><\/script><br \/>\n<br \/><br \/>\n<br \/><a href=\"https:\/\/www.acidadeon.com\/ribeiraopreto\/cotidiano\/limpeza-de-reservatorios-deixa-bairros-da-zona-sul-ribeirao-preto-em-alerta-para-falta-dagua\/\">Source link <\/a><\/p>\n<!-- CONTENT END 1 -->\n","protected":false},"excerpt":{"rendered":"<p>A\u00a0Saerp (Secretaria de \u00c1gua e Esgoto de Ribeir\u00e3o Preto)\u00a0emitiu um alerta nesta ter\u00e7a-feira (4) para o risco de falta d\u2019\u00e1gua em bairros da zona Sul&#8230;<\/p>\n","protected":false},"author":1,"featured_media":79577,"comment_status":"open","ping_status":"open","sticky":false,"template":"","format":"standard","meta":{"advanced_seo_description":"","jetpack_seo_html_title":"","jetpack_seo_noindex":false,"jetpack_post_was_ever_published":false,"_jetpack_newsletter_access":"","_jetpack_dont_email_post_to_subs":false,"_jetpack_newsletter_tier_id":0,"_jetpack_memberships_contains_paywalled_content":false,"_jetpack_memberships_contains_paid_content":false,"footnotes":"","jetpack_publicize_message":"","jetpack_publicize_feature_enabled":true,"jetpack_social_post_already_shared":true,"jetpack_social_options":{"image_generator_settings":{"template":"highway","default_image_id":0,"font":"","enabled":false},"version":2}},"categories":[11],"tags":[],"class_list":["post-79576","post","type-post","status-publish","format-standard","has-post-thumbnail","hentry","category-noticias-de-ribeirao-preto-sp-e-regiao-ismael-colosi"],"jetpack_publicize_connections":[],"jetpack_featured_media_url":"https:\/\/i0.wp.com\/noticiasribeiraopreto.com.br\/wp-content\/uploads\/2025\/11\/WhatsApp-Image-2025-11-04-at-08.52.24_2025-11-04_11-52-40.webp.webp?fit=861%2C470&ssl=1","jetpack-related-posts":[{"id":59358,"url":"https:\/\/noticiasribeiraopreto.com.br\/index.php\/2024\/10\/22\/nove-bairros-de-ribeirao-preto-estao-em-alerta-para-falta-dagua-veja-os-locais\/","url_meta":{"origin":79576,"position":0},"title":"Nove bairros de Ribeir\u00e3o Preto est\u00e3o em alerta para falta d\u2019\u00e1gua; Veja os locais","author":"noticiasribeiraopreto.com.br","date":"22 de October de 2024","format":false,"excerpt":"A Saerp (Secretaria de \u00c1gua e Esgoto de Ribeir\u00e3o Preto) informou nesta ter\u00e7a-feira (22) que nove bairros de Ribeir\u00e3o Preto podem apresentar falta d\u2019\u00e1gua. De acordo com a secretaria, est\u00e3o sendo realizados dois servi\u00e7os emergenciais na cidade. A interliga\u00e7\u00e3o de uma adutora est\u00e1 sendo consertada no cruzamento das avenidas Professor\u2026","rel":"","context":"In &quot;Not\u00edcias de Ribeir\u00e3o Preto-SP e Regi\u00e3o&quot;","block_context":{"text":"Not\u00edcias de Ribeir\u00e3o Preto-SP e Regi\u00e3o","link":"https:\/\/noticiasribeiraopreto.com.br\/index.php\/category\/noticias-de-ribeirao-preto-sp-e-regiao-ismael-colosi\/"},"img":{"alt_text":"","src":"https:\/\/i0.wp.com\/noticiasribeiraopreto.com.br\/wp-content\/uploads\/2024\/10\/1729606307_Vejaosbairrosquepodemterfaltadguapor3diasnazonaLestedeRibeiroPreto_Tamanho_2_image-1-1.png?fit=1200%2C900&ssl=1&resize=350%2C200","width":350,"height":200,"srcset":"https:\/\/i0.wp.com\/noticiasribeiraopreto.com.br\/wp-content\/uploads\/2024\/10\/1729606307_Vejaosbairrosquepodemterfaltadguapor3diasnazonaLestedeRibeiroPreto_Tamanho_2_image-1-1.png?fit=1200%2C900&ssl=1&resize=350%2C200 1x, https:\/\/i0.wp.com\/noticiasribeiraopreto.com.br\/wp-content\/uploads\/2024\/10\/1729606307_Vejaosbairrosquepodemterfaltadguapor3diasnazonaLestedeRibeiroPreto_Tamanho_2_image-1-1.png?fit=1200%2C900&ssl=1&resize=525%2C300 1.5x, https:\/\/i0.wp.com\/noticiasribeiraopreto.com.br\/wp-content\/uploads\/2024\/10\/1729606307_Vejaosbairrosquepodemterfaltadguapor3diasnazonaLestedeRibeiroPreto_Tamanho_2_image-1-1.png?fit=1200%2C900&ssl=1&resize=700%2C400 2x, https:\/\/i0.wp.com\/noticiasribeiraopreto.com.br\/wp-content\/uploads\/2024\/10\/1729606307_Vejaosbairrosquepodemterfaltadguapor3diasnazonaLestedeRibeiroPreto_Tamanho_2_image-1-1.png?fit=1200%2C900&ssl=1&resize=1050%2C600 3x"},"classes":[]},{"id":74227,"url":"https:\/\/noticiasribeiraopreto.com.br\/index.php\/2025\/07\/18\/bairros-da-zona-sul-de-ribeirao-preto-tem-alerta-de-falta-dagua-ate-este-sabado\/","url_meta":{"origin":79576,"position":1},"title":"Bairros da zona Sul de Ribeir\u00e3o Preto t\u00eam alerta de falta d\u2019\u00e1gua at\u00e9 este s\u00e1bado","author":"noticiasribeiraopreto.com.br","date":"18 de July de 2025","format":false,"excerpt":"A\u00a0Saerp (Secretaria de \u00c1gua e Esgoto de Ribeir\u00e3o Preto)\u00a0emitiu um alerta nesta sexta-feira (18) para o risco de falta d\u2019\u00e1gua em bairros da zona Sul da cidade. Veja os bairros: Jardim Iraj\u00e1 Jardim S\u00e3o Luiz Jardim Bot\u00e2nico Jardim Canad\u00e1 Bosque das Juritis Condom\u00ednios e imedia\u00e7\u00f5es da avenida Jo\u00e3o Fiusa A\u2026","rel":"","context":"In &quot;Not\u00edcias de Ribeir\u00e3o Preto-SP e Regi\u00e3o&quot;","block_context":{"text":"Not\u00edcias de Ribeir\u00e3o Preto-SP e Regi\u00e3o","link":"https:\/\/noticiasribeiraopreto.com.br\/index.php\/category\/noticias-de-ribeirao-preto-sp-e-regiao-ismael-colosi\/"},"img":{"alt_text":"","src":"https:\/\/i0.wp.com\/noticiasribeiraopreto.com.br\/wp-content\/uploads\/2025\/07\/torneira_falta_1024x576_08122020103237.jpg?fit=1024%2C576&ssl=1&resize=350%2C200","width":350,"height":200,"srcset":"https:\/\/i0.wp.com\/noticiasribeiraopreto.com.br\/wp-content\/uploads\/2025\/07\/torneira_falta_1024x576_08122020103237.jpg?fit=1024%2C576&ssl=1&resize=350%2C200 1x, https:\/\/i0.wp.com\/noticiasribeiraopreto.com.br\/wp-content\/uploads\/2025\/07\/torneira_falta_1024x576_08122020103237.jpg?fit=1024%2C576&ssl=1&resize=525%2C300 1.5x, https:\/\/i0.wp.com\/noticiasribeiraopreto.com.br\/wp-content\/uploads\/2025\/07\/torneira_falta_1024x576_08122020103237.jpg?fit=1024%2C576&ssl=1&resize=700%2C400 2x"},"classes":[]},{"id":62982,"url":"https:\/\/noticiasribeiraopreto.com.br\/index.php\/2025\/01\/30\/saerp-alerta-para-falta-dagua-nesta-quinta-feira-em-ribeirao-preto-veja-locais\/","url_meta":{"origin":79576,"position":2},"title":"Saerp alerta para falta d\u2019\u00e1gua nesta quinta-feira em Ribeir\u00e3o Preto; Veja locais","author":"noticiasribeiraopreto.com.br","date":"30 de January de 2025","format":false,"excerpt":"A Saerp (Secretaria de \u00c1gua e Esgoto de Ribeir\u00e3o Preto) informou, nesta quinta-feira (30), que ao menos 11 bairros, condom\u00ednios e hospital de Ribeir\u00e3o Preto podem ficar sem \u00e1gua. De acordo com a secretaria, uma equipe realiza uma limpeza e profilaxia nos reservat\u00f3rios Monte Alegre e Portinari, o que deve\u2026","rel":"","context":"In &quot;Not\u00edcias de Ribeir\u00e3o Preto-SP e Regi\u00e3o&quot;","block_context":{"text":"Not\u00edcias de Ribeir\u00e3o Preto-SP e Regi\u00e3o","link":"https:\/\/noticiasribeiraopreto.com.br\/index.php\/category\/noticias-de-ribeirao-preto-sp-e-regiao-ismael-colosi\/"},"img":{"alt_text":"","src":"https:\/\/i0.wp.com\/noticiasribeiraopreto.com.br\/wp-content\/uploads\/2024\/08\/Copia-de-Copia-de-Copia-de-TAMANHO-EXATO-PARA-FOTOS-NO-SISTEMA-NOVO-10_2024-08-19_12-12-48_jpg_2024-08-19_12-12-48.webp.webp?fit=1200%2C675&ssl=1&resize=350%2C200","width":350,"height":200,"srcset":"https:\/\/i0.wp.com\/noticiasribeiraopreto.com.br\/wp-content\/uploads\/2024\/08\/Copia-de-Copia-de-Copia-de-TAMANHO-EXATO-PARA-FOTOS-NO-SISTEMA-NOVO-10_2024-08-19_12-12-48_jpg_2024-08-19_12-12-48.webp.webp?fit=1200%2C675&ssl=1&resize=350%2C200 1x, https:\/\/i0.wp.com\/noticiasribeiraopreto.com.br\/wp-content\/uploads\/2024\/08\/Copia-de-Copia-de-Copia-de-TAMANHO-EXATO-PARA-FOTOS-NO-SISTEMA-NOVO-10_2024-08-19_12-12-48_jpg_2024-08-19_12-12-48.webp.webp?fit=1200%2C675&ssl=1&resize=525%2C300 1.5x, https:\/\/i0.wp.com\/noticiasribeiraopreto.com.br\/wp-content\/uploads\/2024\/08\/Copia-de-Copia-de-Copia-de-TAMANHO-EXATO-PARA-FOTOS-NO-SISTEMA-NOVO-10_2024-08-19_12-12-48_jpg_2024-08-19_12-12-48.webp.webp?fit=1200%2C675&ssl=1&resize=700%2C400 2x, https:\/\/i0.wp.com\/noticiasribeiraopreto.com.br\/wp-content\/uploads\/2024\/08\/Copia-de-Copia-de-Copia-de-TAMANHO-EXATO-PARA-FOTOS-NO-SISTEMA-NOVO-10_2024-08-19_12-12-48_jpg_2024-08-19_12-12-48.webp.webp?fit=1200%2C675&ssl=1&resize=1050%2C600 3x"},"classes":[]},{"id":60354,"url":"https:\/\/noticiasribeiraopreto.com.br\/index.php\/2024\/11\/12\/saerp-alerta-para-falta-dagua-em-bairros-da-zona-sul-de-ribeirao-preto-veja-locais\/","url_meta":{"origin":79576,"position":3},"title":"Saerp alerta para falta d\u2019\u00e1gua em bairros da zona Sul de Ribeir\u00e3o Preto; Veja locais","author":"noticiasribeiraopreto.com.br","date":"12 de November de 2024","format":false,"excerpt":"A Saerp (Secretaria de \u00c1gua e Esgoto de Ribeir\u00e3o Preto) informou nesta ter\u00e7a-feira (12) que bairros da zona Sul de Ribeir\u00e3o Preto podem apresentar falta d\u2019\u00e1gua. De acordo com a secretaria, est\u00e1 sendo realizada uma manuten\u00e7\u00e3o preventiva do sistema de abastecimento no reservat\u00f3rio City Ribeir\u00e3o. Esta interven\u00e7\u00e3o pode gerar falhas\u2026","rel":"","context":"In &quot;Not\u00edcias de Ribeir\u00e3o Preto-SP e Regi\u00e3o&quot;","block_context":{"text":"Not\u00edcias de Ribeir\u00e3o Preto-SP e Regi\u00e3o","link":"https:\/\/noticiasribeiraopreto.com.br\/index.php\/category\/noticias-de-ribeirao-preto-sp-e-regiao-ismael-colosi\/"},"img":{"alt_text":"","src":"https:\/\/i0.wp.com\/noticiasribeiraopreto.com.br\/wp-content\/uploads\/2024\/10\/istockphoto-501515701-612x612-1_2024-10-06_20-08-02_jpg_2024-10-06_20-08-02.webp.webp?fit=612%2C408&ssl=1&resize=350%2C200","width":350,"height":200,"srcset":"https:\/\/i0.wp.com\/noticiasribeiraopreto.com.br\/wp-content\/uploads\/2024\/10\/istockphoto-501515701-612x612-1_2024-10-06_20-08-02_jpg_2024-10-06_20-08-02.webp.webp?fit=612%2C408&ssl=1&resize=350%2C200 1x, https:\/\/i0.wp.com\/noticiasribeiraopreto.com.br\/wp-content\/uploads\/2024\/10\/istockphoto-501515701-612x612-1_2024-10-06_20-08-02_jpg_2024-10-06_20-08-02.webp.webp?fit=612%2C408&ssl=1&resize=525%2C300 1.5x"},"classes":[]},{"id":78976,"url":"https:\/\/noticiasribeiraopreto.com.br\/index.php\/2025\/10\/22\/limpeza-de-reservatorios-deixa-bairros-de-ribeirao-preto-em-alerta-para-falta-dagua\/","url_meta":{"origin":79576,"position":4},"title":"Limpeza de reservat\u00f3rios deixa bairros de Ribeir\u00e3o Preto em alerta para falta d&#8217;\u00e1gua","author":"noticiasribeiraopreto.com.br","date":"22 de October de 2025","format":false,"excerpt":"A\u00a0Saerp (Secretaria de \u00c1gua e Esgoto de Ribeir\u00e3o Preto)\u00a0emitiu um alerta nesta quarta-feira (22) para o risco de falta d\u2019\u00e1gua em bairros da zona Norte da cidade. Veja os bairros: Avelino Palma Parque dos Sabi\u00e1s Simioni Quintino Facci II A Saerp informou que realiza a limpeza e profilaxia do sistema\u2026","rel":"","context":"In &quot;Not\u00edcias de Ribeir\u00e3o Preto-SP e Regi\u00e3o&quot;","block_context":{"text":"Not\u00edcias de Ribeir\u00e3o Preto-SP e Regi\u00e3o","link":"https:\/\/noticiasribeiraopreto.com.br\/index.php\/category\/noticias-de-ribeirao-preto-sp-e-regiao-ismael-colosi\/"},"img":{"alt_text":"","src":"https:\/\/i0.wp.com\/noticiasribeiraopreto.com.br\/wp-content\/uploads\/2025\/10\/falta-de-agua-3-1-1.jpg?fit=1200%2C673&ssl=1&resize=350%2C200","width":350,"height":200,"srcset":"https:\/\/i0.wp.com\/noticiasribeiraopreto.com.br\/wp-content\/uploads\/2025\/10\/falta-de-agua-3-1-1.jpg?fit=1200%2C673&ssl=1&resize=350%2C200 1x, https:\/\/i0.wp.com\/noticiasribeiraopreto.com.br\/wp-content\/uploads\/2025\/10\/falta-de-agua-3-1-1.jpg?fit=1200%2C673&ssl=1&resize=525%2C300 1.5x, https:\/\/i0.wp.com\/noticiasribeiraopreto.com.br\/wp-content\/uploads\/2025\/10\/falta-de-agua-3-1-1.jpg?fit=1200%2C673&ssl=1&resize=700%2C400 2x, https:\/\/i0.wp.com\/noticiasribeiraopreto.com.br\/wp-content\/uploads\/2025\/10\/falta-de-agua-3-1-1.jpg?fit=1200%2C673&ssl=1&resize=1050%2C600 3x"},"classes":[]},{"id":56325,"url":"https:\/\/noticiasribeiraopreto.com.br\/index.php\/2024\/08\/12\/saerp-emite-novos-alertas-para-falta-dagua-em-bairros-de-ribeirao-preto-veja-quais\/","url_meta":{"origin":79576,"position":5},"title":"Saerp emite novos alertas para falta d\u2019\u00e1gua em bairros de Ribeir\u00e3o Preto; Veja quais","author":"noticiasribeiraopreto.com.br","date":"12 de August de 2024","format":false,"excerpt":"A Secretaria de \u00c1gua e Esgoto de Ribeir\u00e3o Preto (Saerp) publicou dois novos alertas para falta d\u2019\u00e1gua em bairros de Ribeir\u00e3o Preto na tarde desta segunda-feira (12). De acordo com a pasta, equipes est\u00e3o realizando um reparo emergencial em uma rede rompida no bairro Jardim Nova Alian\u00e7a, na zona Sul\u2026","rel":"","context":"In &quot;Not\u00edcias de Ribeir\u00e3o Preto-SP e Regi\u00e3o&quot;","block_context":{"text":"Not\u00edcias de Ribeir\u00e3o Preto-SP e Regi\u00e3o","link":"https:\/\/noticiasribeiraopreto.com.br\/index.php\/category\/noticias-de-ribeirao-preto-sp-e-regiao-ismael-colosi\/"},"img":{"alt_text":"","src":"https:\/\/i0.wp.com\/noticiasribeiraopreto.com.br\/wp-content\/uploads\/2024\/08\/torneira_falta_1024x576_01122020133928.jpg?fit=1024%2C576&ssl=1&resize=350%2C200","width":350,"height":200,"srcset":"https:\/\/i0.wp.com\/noticiasribeiraopreto.com.br\/wp-content\/uploads\/2024\/08\/torneira_falta_1024x576_01122020133928.jpg?fit=1024%2C576&ssl=1&resize=350%2C200 1x, https:\/\/i0.wp.com\/noticiasribeiraopreto.com.br\/wp-content\/uploads\/2024\/08\/torneira_falta_1024x576_01122020133928.jpg?fit=1024%2C576&ssl=1&resize=525%2C300 1.5x, https:\/\/i0.wp.com\/noticiasribeiraopreto.com.br\/wp-content\/uploads\/2024\/08\/torneira_falta_1024x576_01122020133928.jpg?fit=1024%2C576&ssl=1&resize=700%2C400 2x"},"classes":[]}],"jetpack_sharing_enabled":true,"jetpack_shortlink":"https:\/\/wp.me\/peQAOb-kHu","_links":{"self":[{"href":"https:\/\/noticiasribeiraopreto.com.br\/index.php\/wp-json\/wp\/v2\/posts\/79576","targetHints":{"allow":["GET"]}}],"collection":[{"href":"https:\/\/noticiasribeiraopreto.com.br\/index.php\/wp-json\/wp\/v2\/posts"}],"about":[{"href":"https:\/\/noticiasribeiraopreto.com.br\/index.php\/wp-json\/wp\/v2\/types\/post"}],"author":[{"embeddable":true,"href":"https:\/\/noticiasribeiraopreto.com.br\/index.php\/wp-json\/wp\/v2\/users\/1"}],"replies":[{"embeddable":true,"href":"https:\/\/noticiasribeiraopreto.com.br\/index.php\/wp-json\/wp\/v2\/comments?post=79576"}],"version-history":[{"count":0,"href":"https:\/\/noticiasribeiraopreto.com.br\/index.php\/wp-json\/wp\/v2\/posts\/79576\/revisions"}],"wp:featuredmedia":[{"embeddable":true,"href":"https:\/\/noticiasribeiraopreto.com.br\/index.php\/wp-json\/wp\/v2\/media\/79577"}],"wp:attachment":[{"href":"https:\/\/noticiasribeiraopreto.com.br\/index.php\/wp-json\/wp\/v2\/media?parent=79576"}],"wp:term":[{"taxonomy":"category","embeddable":true,"href":"https:\/\/noticiasribeiraopreto.com.br\/index.php\/wp-json\/wp\/v2\/categories?post=79576"},{"taxonomy":"post_tag","embeddable":true,"href":"https:\/\/noticiasribeiraopreto.com.br\/index.php\/wp-json\/wp\/v2\/tags?post=79576"}],"curies":[{"name":"wp","href":"https:\/\/api.w.org\/{rel}","templated":true}]}}