{"id":79581,"date":"2025-11-04T13:37:28","date_gmt":"2025-11-04T16:37:28","guid":{"rendered":"https:\/\/noticiasribeiraopreto.com.br\/index.php\/2025\/11\/04\/jorge-vercillo-celebra-30-anos-de-carreira-com-show-em-ribeirao-preto-no-fim-de-semana\/"},"modified":"2025-11-04T13:37:28","modified_gmt":"2025-11-04T16:37:28","slug":"jorge-vercillo-celebra-30-anos-de-carreira-com-show-em-ribeirao-preto-no-fim-de-semana","status":"publish","type":"post","link":"https:\/\/noticiasribeiraopreto.com.br\/index.php\/2025\/11\/04\/jorge-vercillo-celebra-30-anos-de-carreira-com-show-em-ribeirao-preto-no-fim-de-semana\/","title":{"rendered":"Jorge Vercillo celebra 30 anos de carreira com show em Ribeir\u00e3o Preto no fim de semana"},"content":{"rendered":"<div class='code-block code-block-1' style='margin: 8px 0 8px auto; text-align: right; display: block; clear: both;'>\n<p><a href=\"https:\/\/wa.link\/vpicfd\"><img data-recalc-dims=\"1\" class=\"wp-image-4922\" style=\"aspect-ratio: 2.0253164556962027; width: 561px; height: auto;\" src=\"https:\/\/i0.wp.com\/ismaelcolosi.com.br\/wp-content\/uploads\/2023\/11\/grupo-de-empregos-whatsapp-e-facebook-ismael-colosi-vagas.jpg?ssl=1\" alt=\"\" \/><\/a><\/p>\n<!-- \/wp:image -->\n<\/div>\n<p> <br \/>\n<\/p>\n<div>\n<p><strong>Jorge Vercillo<\/strong> apresenta em <strong>Ribeir\u00e3o Preto <\/strong>a nova fase da turn\u00ea comemorativa <strong>JV30 Part II \u2013 \u201cMais um final feliz\u201d<\/strong>, que celebra tr\u00eas d\u00e9cadas da carreira do cantor. A apresenta\u00e7\u00e3o acontece neste <strong>s\u00e1bado (8)<\/strong>, no <strong>Multiplan Hall<\/strong>, a partir das <strong>21h<\/strong>.<\/p>\n<p>O espet\u00e1culo mergulha nas m\u00faltiplas nuances do universo \u201cvercilliano\u201d, unido<strong> bossa nova, samba, R&amp;B, jazz, reggae e ijex\u00e1<\/strong> em uma experi\u00eancia sonora e visual arrebatadora.<\/p>\n<p>O repert\u00f3rio inclui grandes sucessos como \u201c<strong>Que Nem Mar\u00e9<\/strong>\u201d, \u201c<strong>Homem-Aranha<\/strong>\u201d, \u201c<strong>Monalisa<\/strong>\u201d, \u201c<strong>Sens\u00edvel Demais<\/strong>\u201d, \u201c<strong>Final Feliz<\/strong>\u201d e \u201c<strong>Ela Une Todas as Coisas<\/strong>\u201d, al\u00e9m de incluir faixas recentes.<\/p>\n<figure class=\"wp-block-pullquote\">\n<blockquote>\n<p>\u201cEssa nova etapa tem um frescor. \u00c9 como se eu estivesse recome\u00e7ando com toda a bagagem de 30 anos, mas com a leveza de quem quer experimentar outras possibilidades\u201d<\/p>\n<p><cite>Jorge Vercillo<\/cite><\/p><\/blockquote>\n<\/figure>\n<figure class=\"wp-block-gallery has-nested-images columns-default is-cropped is-style-default wp-block-gallery-1 is-layout-flex wp-block-gallery-is-layout-flex\">\n<figure class=\"wp-block-image size-full\"><img data-recalc-dims=\"1\" fetchpriority=\"high\" decoding=\"async\" width=\"880\" height=\"550\" data-id=\"134663\" src=\"https:\/\/i0.wp.com\/cdn.media-acidadeon.com.br\/ribeiraopreto\/wp-content\/uploads\/sites\/3\/2025\/11\/9b50ab183716d533611ea60cab4ed49b_2025-11-04_14-39-56.webp?resize=880%2C550&#038;ssl=1\" alt=\"Jorge Vercillo\" class=\"wp-image-134663\" title=\"Jorge Vercillo celebra 30 anos de carreira com show em Ribeir\u00e3o Preto no fim de semana 1\" srcset=\"https:\/\/cdn.media-acidadeon.com.br\/ribeiraopreto\/wp-content\/uploads\/sites\/3\/2025\/11\/9b50ab183716d533611ea60cab4ed49b_2025-11-04_14-39-56.webp 880w, https:\/\/cdn.media-acidadeon.com.br\/ribeiraopreto\/wp-content\/uploads\/sites\/3\/2025\/11\/9b50ab183716d533611ea60cab4ed49b_2025-11-04_14-39-56-300x188.webp 300w, https:\/\/cdn.media-acidadeon.com.br\/ribeiraopreto\/wp-content\/uploads\/sites\/3\/2025\/11\/9b50ab183716d533611ea60cab4ed49b_2025-11-04_14-39-56-768x480.webp 768w, https:\/\/cdn.media-acidadeon.com.br\/ribeiraopreto\/wp-content\/uploads\/sites\/3\/2025\/11\/9b50ab183716d533611ea60cab4ed49b_2025-11-04_14-39-56-696x435.webp 696w\" sizes=\"(max-width: 880px) 100vw, 880px\"\/><figcaption class=\"wp-element-caption\">Foto: Redes Sociais <\/figcaption><\/figure>\n<figure class=\"wp-block-image size-large\"><img data-recalc-dims=\"1\" loading=\"lazy\" decoding=\"async\" width=\"880\" height=\"550\" data-id=\"134665\" src=\"https:\/\/i0.wp.com\/cdn.media-acidadeon.com.br\/ribeiraopreto\/wp-content\/uploads\/sites\/3\/2025\/11\/9c46dac60cefd24570b6368e110d8e2d_2025-11-04_14-40-03.webp?resize=880%2C550&#038;ssl=1\" alt=\"Jorge Vercillo\" class=\"wp-image-134665\" title=\"Jorge Vercillo celebra 30 anos de carreira com show em Ribeir\u00e3o Preto no fim de semana 2\" srcset=\"https:\/\/cdn.media-acidadeon.com.br\/ribeiraopreto\/wp-content\/uploads\/sites\/3\/2025\/11\/9c46dac60cefd24570b6368e110d8e2d_2025-11-04_14-40-03.webp 880w, https:\/\/cdn.media-acidadeon.com.br\/ribeiraopreto\/wp-content\/uploads\/sites\/3\/2025\/11\/9c46dac60cefd24570b6368e110d8e2d_2025-11-04_14-40-03-300x188.webp 300w, https:\/\/cdn.media-acidadeon.com.br\/ribeiraopreto\/wp-content\/uploads\/sites\/3\/2025\/11\/9c46dac60cefd24570b6368e110d8e2d_2025-11-04_14-40-03-768x480.webp 768w, https:\/\/cdn.media-acidadeon.com.br\/ribeiraopreto\/wp-content\/uploads\/sites\/3\/2025\/11\/9c46dac60cefd24570b6368e110d8e2d_2025-11-04_14-40-03-696x435.webp 696w\" sizes=\"auto, (max-width: 880px) 100vw, 880px\"\/><figcaption class=\"wp-element-caption\"> Foto: Divulga\u00e7\u00e3o<\/figcaption><\/figure>\n<figure class=\"wp-block-image size-full\"><img data-recalc-dims=\"1\" loading=\"lazy\" decoding=\"async\" width=\"1008\" height=\"720\" data-id=\"134666\" src=\"https:\/\/i0.wp.com\/cdn.media-acidadeon.com.br\/ribeiraopreto\/wp-content\/uploads\/sites\/3\/2025\/11\/JV30-Jorge-Vercillo-emociona-fas-em-show-na-Concha0131661700202505041544-ScaleDownProportional-1.webp?resize=1008%2C720&#038;ssl=1\" alt=\"Jorge Vercillo \" class=\"wp-image-134666\" title=\"Jorge Vercillo celebra 30 anos de carreira com show em Ribeir\u00e3o Preto no fim de semana 3\" srcset=\"https:\/\/cdn.media-acidadeon.com.br\/ribeiraopreto\/wp-content\/uploads\/sites\/3\/2025\/11\/JV30-Jorge-Vercillo-emociona-fas-em-show-na-Concha0131661700202505041544-ScaleDownProportional-1.webp 1008w, https:\/\/cdn.media-acidadeon.com.br\/ribeiraopreto\/wp-content\/uploads\/sites\/3\/2025\/11\/JV30-Jorge-Vercillo-emociona-fas-em-show-na-Concha0131661700202505041544-ScaleDownProportional-1-300x214.webp 300w, https:\/\/cdn.media-acidadeon.com.br\/ribeiraopreto\/wp-content\/uploads\/sites\/3\/2025\/11\/JV30-Jorge-Vercillo-emociona-fas-em-show-na-Concha0131661700202505041544-ScaleDownProportional-1-768x549.webp 768w, https:\/\/cdn.media-acidadeon.com.br\/ribeiraopreto\/wp-content\/uploads\/sites\/3\/2025\/11\/JV30-Jorge-Vercillo-emociona-fas-em-show-na-Concha0131661700202505041544-ScaleDownProportional-1-696x497.webp 696w\" sizes=\"auto, (max-width: 1008px) 100vw, 1008px\"\/><figcaption class=\"wp-element-caption\"> Foto: Muriel Coelho<br \/>\n<\/figcaption><\/figure>\n<\/figure>\n<p>Com mais de\u00a0<strong>1 bilh\u00e3o de streams<\/strong>\u00a0nas plataformas digitais,\u00a0<strong>16 \u00e1lbuns lan\u00e7ados<\/strong>\u00a0e mais de\u00a0<strong>20 can\u00e7\u00f5es em trilhas de novelas<\/strong>, Vercillo mant\u00e9m viva sua inquieta\u00e7\u00e3o criativa e sua relev\u00e2ncia na m\u00fasica brasileira.<\/p>\n<h2 class=\"wp-block-heading\"><strong>Ingressos<\/strong><\/h2>\n<p>Os ingressos podem ser adquiridos <strong>on-line<a href=\"https:\/\/www.ticketmaster.com.br\/event\/jorge-vercillo-30-anos-ribeirao-preto\" target=\"_blank\" rel=\"noopener\"> (clique aqui)<\/a><\/strong>, ou na bilheteria oficial do <strong>Multiplan Hall<\/strong>. Os valores dos ingressos variam entre <strong>R$ 110<\/strong> a <strong>R$ 264,50<\/strong>. <\/p>\n<h2 class=\"wp-block-heading\"><strong>Servi\u00e7o<\/strong><\/h2>\n<p><strong><em>Jorge Vercillo \u201cMais um final feliz\u201d<\/em><\/strong><\/p>\n<p><strong>Quando:<\/strong> 8 de novembro, s\u00e1bado<br \/><strong>Hor\u00e1rio: <\/strong>Abertura da casa: 19h | Show \u00e0s 21h <br \/><strong>Local:<\/strong> Multiplan Hall | Avenida Coronel Fernando Ferreira Leite, 1540 \u2013 Jardim Nova Alian\u00e7a \u2013 Ribeir\u00e3o Preto<br \/><strong>Ingressos:<\/strong> A partir de R$ 110<\/p>\n<p>SAIBA MAIS<br \/>Qual \u00e9 o sobrenome mais comum em Ribeir\u00e3o Preto? Veja se o da sua fam\u00edlia est\u00e1 na lista<\/p>\n<h2 class=\"wp-block-heading\"><strong>FIQUE ON<\/strong><\/h2>\n<p>Fique ligado em tudo que acontece em Ribeir\u00e3o Preto e regi\u00e3o. Siga os perfis do\u00a0<strong>acidade on<\/strong>\u00a0no<a href=\"https:\/\/www.instagram.com\/acidadeonribeirao\" target=\"_blank\" rel=\"noreferrer noopener\">\u00a0Instagram\u00a0<\/a>e no\u00a0<a href=\"https:\/\/www.facebook.com\/acidadeonribeirao\/\" target=\"_blank\" rel=\"noreferrer noopener\">Facebook<\/a>.<\/p>\n<p>Receba not\u00edcias do<strong>\u00a0acidade on<\/strong>\u00a0no WhatsApp. Para entrar no grupo,\u00a0basta\u00a0<a href=\"https:\/\/chat.whatsapp.com\/I4nieTEMKlf50pJ28aMemC?mode=ac_t\" target=\"_blank\" rel=\"noreferrer noopener\">clicar aqui<\/a>. Ou, acesse o nosso\u00a0Canal\u00a0<a href=\"https:\/\/whatsapp.com\/channel\/0029Vb6IQl1JENyAeS57fk2p\" target=\"_blank\" rel=\"noreferrer noopener\">clicando aqui<\/a>.<\/p>\n<p>Fa\u00e7a uma den\u00fancia ou sugira uma reportagem sobre Ribeir\u00e3o Preto e regi\u00e3o pelo WhatsApp: 16 99117 7802.<\/p>\n<p>VEJA TAMB\u00c9M<br \/>Qual \u00e9 o segredo de Renato em \u2018Rainha da Sucata\u2019?<\/p>\n<p><!-- AI CONTENT END 1 -->\n<\/div>\n<p><script async src=\"\/\/www.instagram.com\/embed.js\"><\/script><br \/>\n<br \/><br \/>\n<br \/><a href=\"https:\/\/www.acidadeon.com\/ribeiraopreto\/lazer-e-cultura\/jorge-vercillo-celebra-30-anos-carreira-com-show-em-ribeirao-preto-no-fim-de-semana\/\">Source link <\/a><\/p>\n<!-- CONTENT END 1 -->\n","protected":false},"excerpt":{"rendered":"<p>Jorge Vercillo apresenta em Ribeir\u00e3o Preto a nova fase da turn\u00ea comemorativa JV30 Part II \u2013 \u201cMais um final feliz\u201d, que celebra tr\u00eas d\u00e9cadas da&#8230;<\/p>\n","protected":false},"author":1,"featured_media":79582,"comment_status":"open","ping_status":"open","sticky":false,"template":"","format":"standard","meta":{"advanced_seo_description":"","jetpack_seo_html_title":"","jetpack_seo_noindex":false,"jetpack_post_was_ever_published":false,"_jetpack_newsletter_access":"","_jetpack_dont_email_post_to_subs":false,"_jetpack_newsletter_tier_id":0,"_jetpack_memberships_contains_paywalled_content":false,"_jetpack_memberships_contains_paid_content":false,"footnotes":"","jetpack_publicize_message":"","jetpack_publicize_feature_enabled":true,"jetpack_social_post_already_shared":true,"jetpack_social_options":{"image_generator_settings":{"template":"highway","default_image_id":0,"font":"","enabled":false},"version":2}},"categories":[11],"tags":[],"class_list":["post-79581","post","type-post","status-publish","format-standard","has-post-thumbnail","hentry","category-noticias-de-ribeirao-preto-sp-e-regiao-ismael-colosi"],"jetpack_publicize_connections":[],"jetpack_featured_media_url":"https:\/\/i0.wp.com\/noticiasribeiraopreto.com.br\/wp-content\/uploads\/2025\/11\/jorge-vercillo_2025-11-04_15-28-27.webp.webp?fit=1006%2C722&ssl=1","jetpack-related-posts":[{"id":64060,"url":"https:\/\/noticiasribeiraopreto.com.br\/index.php\/2025\/02\/28\/jorge-e-mateus-fazem-show-em-ribeirao-preto-antes-de-pausa-na-carreira\/","url_meta":{"origin":79581,"position":0},"title":"Jorge e Mateus fazem show em Ribeir\u00e3o Preto antes de pausa na carreira","author":"noticiasribeiraopreto.com.br","date":"28 de February de 2025","format":false,"excerpt":"O ano de 2025 promete ser especial para a dupla Jorge & Mateus. Al\u00e9m de comemorar os 20 anos de carreira e o lan\u00e7amento de um novo \u00e1lbum, ser\u00e1 tamb\u00e9m um tempo de despedidas. Os artistas anunciaram que far\u00e3o uma pausa na carreira em 2026 para se reenergizarem. Por isso,\u2026","rel":"","context":"In &quot;Not\u00edcias de Ribeir\u00e3o Preto-SP e Regi\u00e3o&quot;","block_context":{"text":"Not\u00edcias de Ribeir\u00e3o Preto-SP e Regi\u00e3o","link":"https:\/\/noticiasribeiraopreto.com.br\/index.php\/category\/noticias-de-ribeirao-preto-sp-e-regiao-ismael-colosi\/"},"img":{"alt_text":"","src":"https:\/\/i0.wp.com\/noticiasribeiraopreto.com.br\/wp-content\/uploads\/2025\/02\/jorge-e-mateus_2025-02-28_14-16-58_jpeg_2025-02-28_14-16-58.webp.webp?fit=1200%2C800&ssl=1&resize=350%2C200","width":350,"height":200,"srcset":"https:\/\/i0.wp.com\/noticiasribeiraopreto.com.br\/wp-content\/uploads\/2025\/02\/jorge-e-mateus_2025-02-28_14-16-58_jpeg_2025-02-28_14-16-58.webp.webp?fit=1200%2C800&ssl=1&resize=350%2C200 1x, https:\/\/i0.wp.com\/noticiasribeiraopreto.com.br\/wp-content\/uploads\/2025\/02\/jorge-e-mateus_2025-02-28_14-16-58_jpeg_2025-02-28_14-16-58.webp.webp?fit=1200%2C800&ssl=1&resize=525%2C300 1.5x, https:\/\/i0.wp.com\/noticiasribeiraopreto.com.br\/wp-content\/uploads\/2025\/02\/jorge-e-mateus_2025-02-28_14-16-58_jpeg_2025-02-28_14-16-58.webp.webp?fit=1200%2C800&ssl=1&resize=700%2C400 2x, https:\/\/i0.wp.com\/noticiasribeiraopreto.com.br\/wp-content\/uploads\/2025\/02\/jorge-e-mateus_2025-02-28_14-16-58_jpeg_2025-02-28_14-16-58.webp.webp?fit=1200%2C800&ssl=1&resize=1050%2C600 3x"},"classes":[]},{"id":42114,"url":"https:\/\/noticiasribeiraopreto.com.br\/index.php\/2024\/03\/12\/oswaldo-montenegro-celebra-50-anos-de-carreira-com-turne-especial-em-ribeirao-preto\/","url_meta":{"origin":79581,"position":1},"title":"Oswaldo Montenegro celebra 50 anos de carreira com turn\u00ea especial em Ribeir\u00e3o Preto","author":"noticiasribeiraopreto.com.br","date":"12 de March de 2024","format":false,"excerpt":"O cantor e compositor Oswaldo Montenegro vem a Ribeir\u00e3o Preto com o show \u2018Celebrando 50 anos de Estrada\u2019, no dia 25 de maio, no Theatro Pedro II, no Centro da cidade. Os ingressos podem ser adquiridos on-line (clique aqui) ou bilheteria do Theatro \u2013 clique para conferir o hor\u00e1rio de\u2026","rel":"","context":"In &quot;Not\u00edcias de Ribeir\u00e3o Preto-SP e Regi\u00e3o&quot;","block_context":{"text":"Not\u00edcias de Ribeir\u00e3o Preto-SP e Regi\u00e3o","link":"https:\/\/noticiasribeiraopreto.com.br\/index.php\/category\/noticias-de-ribeirao-preto-sp-e-regiao-ismael-colosi\/"},"img":{"alt_text":"","src":"https:\/\/i0.wp.com\/noticiasribeiraopreto.com.br\/wp-content\/uploads\/2024\/03\/OswaldoMontenegrofazshowcomorquestraemRibeiroPreto_Tamanho_2_image.jpg?fit=1200%2C900&ssl=1&resize=350%2C200","width":350,"height":200,"srcset":"https:\/\/i0.wp.com\/noticiasribeiraopreto.com.br\/wp-content\/uploads\/2024\/03\/OswaldoMontenegrofazshowcomorquestraemRibeiroPreto_Tamanho_2_image.jpg?fit=1200%2C900&ssl=1&resize=350%2C200 1x, https:\/\/i0.wp.com\/noticiasribeiraopreto.com.br\/wp-content\/uploads\/2024\/03\/OswaldoMontenegrofazshowcomorquestraemRibeiroPreto_Tamanho_2_image.jpg?fit=1200%2C900&ssl=1&resize=525%2C300 1.5x, https:\/\/i0.wp.com\/noticiasribeiraopreto.com.br\/wp-content\/uploads\/2024\/03\/OswaldoMontenegrofazshowcomorquestraemRibeiroPreto_Tamanho_2_image.jpg?fit=1200%2C900&ssl=1&resize=700%2C400 2x, https:\/\/i0.wp.com\/noticiasribeiraopreto.com.br\/wp-content\/uploads\/2024\/03\/OswaldoMontenegrofazshowcomorquestraemRibeiroPreto_Tamanho_2_image.jpg?fit=1200%2C900&ssl=1&resize=1050%2C600 3x"},"classes":[]},{"id":51380,"url":"https:\/\/noticiasribeiraopreto.com.br\/index.php\/2024\/05\/25\/fabio-jr-se-apresenta-em-ribeirao-preto-com-nova-turne-veja-como-comprar-ingressos\/","url_meta":{"origin":79581,"position":2},"title":"F\u00e1bio Jr. se apresenta em Ribeir\u00e3o Preto com nova turn\u00ea; Veja como comprar ingressos","author":"noticiasribeiraopreto.com.br","date":"25 de May de 2024","format":false,"excerpt":"O cantor F\u00e1bio Jr. traz para Ribeir\u00e3o Preto sua nova turn\u00ea \u201cBem Mais os Meus 20 e Poucos Anos\u201d, que celebra toda a sua trajet\u00f3ria e os seus 70 anos. A apresenta\u00e7\u00e3o acontece no dia 14 de setembro, a partir das 19h, no Multipan Hall, localizado na zona Sul da\u2026","rel":"","context":"In &quot;Not\u00edcias de Ribeir\u00e3o Preto-SP e Regi\u00e3o&quot;","block_context":{"text":"Not\u00edcias de Ribeir\u00e3o Preto-SP e Regi\u00e3o","link":"https:\/\/noticiasribeiraopreto.com.br\/index.php\/category\/noticias-de-ribeirao-preto-sp-e-regiao-ismael-colosi\/"},"img":{"alt_text":"","src":"https:\/\/i0.wp.com\/noticiasribeiraopreto.com.br\/wp-content\/uploads\/2024\/05\/FbioJrseapresentaemRibeiroPretoVejacomocompraringressos_Tamanho_2_image.jpg?fit=1200%2C900&ssl=1&resize=350%2C200","width":350,"height":200,"srcset":"https:\/\/i0.wp.com\/noticiasribeiraopreto.com.br\/wp-content\/uploads\/2024\/05\/FbioJrseapresentaemRibeiroPretoVejacomocompraringressos_Tamanho_2_image.jpg?fit=1200%2C900&ssl=1&resize=350%2C200 1x, https:\/\/i0.wp.com\/noticiasribeiraopreto.com.br\/wp-content\/uploads\/2024\/05\/FbioJrseapresentaemRibeiroPretoVejacomocompraringressos_Tamanho_2_image.jpg?fit=1200%2C900&ssl=1&resize=525%2C300 1.5x, https:\/\/i0.wp.com\/noticiasribeiraopreto.com.br\/wp-content\/uploads\/2024\/05\/FbioJrseapresentaemRibeiroPretoVejacomocompraringressos_Tamanho_2_image.jpg?fit=1200%2C900&ssl=1&resize=700%2C400 2x, https:\/\/i0.wp.com\/noticiasribeiraopreto.com.br\/wp-content\/uploads\/2024\/05\/FbioJrseapresentaemRibeiroPretoVejacomocompraringressos_Tamanho_2_image.jpg?fit=1200%2C900&ssl=1&resize=1050%2C600 3x"},"classes":[]},{"id":73138,"url":"https:\/\/noticiasribeiraopreto.com.br\/index.php\/2025\/06\/25\/turne-de-20-anos-da-dupla-jorge-e-mateus-vai-passar-por-ribeirao-preto\/","url_meta":{"origin":79581,"position":3},"title":"Turn\u00ea de 20 anos da dupla Jorge e Mateus vai passar por Ribeir\u00e3o Preto","author":"noticiasribeiraopreto.com.br","date":"25 de June de 2025","format":false,"excerpt":"A dupla Jorge e Mateus anunciou que Ribeir\u00e3o Preto vai receber, no dia 20 de dezembro, o show da turn\u00ea comemorativa pelos 20 anos de carreira. De acordo com a publica\u00e7\u00e3o no perfil oficial da turn\u00ea \u201cJorge e Mateus 20 anos\u201d, a venda de ingressos ser\u00e1 anunciada em breve \u2013\u2026","rel":"","context":"In &quot;Not\u00edcias de Ribeir\u00e3o Preto-SP e Regi\u00e3o&quot;","block_context":{"text":"Not\u00edcias de Ribeir\u00e3o Preto-SP e Regi\u00e3o","link":"https:\/\/noticiasribeiraopreto.com.br\/index.php\/category\/noticias-de-ribeirao-preto-sp-e-regiao-ismael-colosi\/"},"img":{"alt_text":"","src":"https:\/\/i0.wp.com\/noticiasribeiraopreto.com.br\/wp-content\/uploads\/2025\/06\/jorge-e-mateus_2025-02-28_14-16-58_jpeg_2025-02-28_14-16-58.webp.webp?fit=1200%2C800&ssl=1&resize=350%2C200","width":350,"height":200,"srcset":"https:\/\/i0.wp.com\/noticiasribeiraopreto.com.br\/wp-content\/uploads\/2025\/06\/jorge-e-mateus_2025-02-28_14-16-58_jpeg_2025-02-28_14-16-58.webp.webp?fit=1200%2C800&ssl=1&resize=350%2C200 1x, https:\/\/i0.wp.com\/noticiasribeiraopreto.com.br\/wp-content\/uploads\/2025\/06\/jorge-e-mateus_2025-02-28_14-16-58_jpeg_2025-02-28_14-16-58.webp.webp?fit=1200%2C800&ssl=1&resize=525%2C300 1.5x, https:\/\/i0.wp.com\/noticiasribeiraopreto.com.br\/wp-content\/uploads\/2025\/06\/jorge-e-mateus_2025-02-28_14-16-58_jpeg_2025-02-28_14-16-58.webp.webp?fit=1200%2C800&ssl=1&resize=700%2C400 2x, https:\/\/i0.wp.com\/noticiasribeiraopreto.com.br\/wp-content\/uploads\/2025\/06\/jorge-e-mateus_2025-02-28_14-16-58_jpeg_2025-02-28_14-16-58.webp.webp?fit=1200%2C800&ssl=1&resize=1050%2C600 3x"},"classes":[]},{"id":84190,"url":"https:\/\/noticiasribeiraopreto.com.br\/index.php\/2026\/04\/03\/cachorro-e-resgatado-de-corrego-e-ganha-nova-familia-em-ribeirao-preto\/","url_meta":{"origin":79581,"position":4},"title":"Cachorro \u00e9 resgatado de c\u00f3rrego e ganha nova fam\u00edlia em Ribeir\u00e3o Preto","author":"noticiasribeiraopreto.com.br","date":"3 de April de 2026","format":false,"excerpt":"00:00 A+ A- Ler o resumo da not\u00edcia Cachorro \u00e9 resgatado de c\u00f3rrego e ganha nova fam\u00edlia em Ribeir\u00e3o Preto Um cachorro que caiu no c\u00f3rrego que corta a avenida Francisco Junqueira, em Ribeir\u00e3o Preto, foi resgatado na manh\u00e3 desta sexta-feira (3) em uma a\u00e7\u00e3o que terminou com final feliz.\u2026","rel":"","context":"In &quot;Not\u00edcias de Ribeir\u00e3o Preto-SP e Regi\u00e3o&quot;","block_context":{"text":"Not\u00edcias de Ribeir\u00e3o Preto-SP e Regi\u00e3o","link":"https:\/\/noticiasribeiraopreto.com.br\/index.php\/category\/noticias-de-ribeirao-preto-sp-e-regiao-ismael-colosi\/"},"img":{"alt_text":"","src":"https:\/\/i0.wp.com\/noticiasribeiraopreto.com.br\/wp-content\/uploads\/2026\/04\/domingo-31_2026-04-03_20-29-40.webp.webp?fit=1200%2C675&ssl=1&resize=350%2C200","width":350,"height":200,"srcset":"https:\/\/i0.wp.com\/noticiasribeiraopreto.com.br\/wp-content\/uploads\/2026\/04\/domingo-31_2026-04-03_20-29-40.webp.webp?fit=1200%2C675&ssl=1&resize=350%2C200 1x, https:\/\/i0.wp.com\/noticiasribeiraopreto.com.br\/wp-content\/uploads\/2026\/04\/domingo-31_2026-04-03_20-29-40.webp.webp?fit=1200%2C675&ssl=1&resize=525%2C300 1.5x, https:\/\/i0.wp.com\/noticiasribeiraopreto.com.br\/wp-content\/uploads\/2026\/04\/domingo-31_2026-04-03_20-29-40.webp.webp?fit=1200%2C675&ssl=1&resize=700%2C400 2x, https:\/\/i0.wp.com\/noticiasribeiraopreto.com.br\/wp-content\/uploads\/2026\/04\/domingo-31_2026-04-03_20-29-40.webp.webp?fit=1200%2C675&ssl=1&resize=1050%2C600 3x"},"classes":[]},{"id":76830,"url":"https:\/\/noticiasribeiraopreto.com.br\/index.php\/2025\/09\/06\/pedra-leticia-celebra-20-anos-com-show-em-ribeirao-preto\/","url_meta":{"origin":79581,"position":5},"title":"Pedra Let\u00edcia celebra 20 anos com show em Ribeir\u00e3o Preto","author":"noticiasribeiraopreto.com.br","date":"6 de September de 2025","format":false,"excerpt":"Ribeir\u00e3o Preto recebe no dia 15 de outubro um show especial da banda Pedra Let\u00edcia, que comemora 20 anos de carreira levando aos palcos um repert\u00f3rio que mistura rock e humor irreverente. A apresenta\u00e7\u00e3o acontece no Theatro Pedro II, \u00e0s 20h. A banda foi formada em Goi\u00e2nia, em 2005. O\u2026","rel":"","context":"In &quot;Not\u00edcias de Ribeir\u00e3o Preto-SP e Regi\u00e3o&quot;","block_context":{"text":"Not\u00edcias de Ribeir\u00e3o Preto-SP e Regi\u00e3o","link":"https:\/\/noticiasribeiraopreto.com.br\/index.php\/category\/noticias-de-ribeirao-preto-sp-e-regiao-ismael-colosi\/"},"img":{"alt_text":"","src":"https:\/\/i0.wp.com\/noticiasribeiraopreto.com.br\/wp-content\/uploads\/2025\/09\/PedraLeticiaFoto01_2025-09-06_14-18-47.webp.webp?fit=1200%2C1200&ssl=1&resize=350%2C200","width":350,"height":200,"srcset":"https:\/\/i0.wp.com\/noticiasribeiraopreto.com.br\/wp-content\/uploads\/2025\/09\/PedraLeticiaFoto01_2025-09-06_14-18-47.webp.webp?fit=1200%2C1200&ssl=1&resize=350%2C200 1x, https:\/\/i0.wp.com\/noticiasribeiraopreto.com.br\/wp-content\/uploads\/2025\/09\/PedraLeticiaFoto01_2025-09-06_14-18-47.webp.webp?fit=1200%2C1200&ssl=1&resize=525%2C300 1.5x, https:\/\/i0.wp.com\/noticiasribeiraopreto.com.br\/wp-content\/uploads\/2025\/09\/PedraLeticiaFoto01_2025-09-06_14-18-47.webp.webp?fit=1200%2C1200&ssl=1&resize=700%2C400 2x, https:\/\/i0.wp.com\/noticiasribeiraopreto.com.br\/wp-content\/uploads\/2025\/09\/PedraLeticiaFoto01_2025-09-06_14-18-47.webp.webp?fit=1200%2C1200&ssl=1&resize=1050%2C600 3x"},"classes":[]}],"jetpack_sharing_enabled":true,"jetpack_shortlink":"https:\/\/wp.me\/peQAOb-kHz","_links":{"self":[{"href":"https:\/\/noticiasribeiraopreto.com.br\/index.php\/wp-json\/wp\/v2\/posts\/79581","targetHints":{"allow":["GET"]}}],"collection":[{"href":"https:\/\/noticiasribeiraopreto.com.br\/index.php\/wp-json\/wp\/v2\/posts"}],"about":[{"href":"https:\/\/noticiasribeiraopreto.com.br\/index.php\/wp-json\/wp\/v2\/types\/post"}],"author":[{"embeddable":true,"href":"https:\/\/noticiasribeiraopreto.com.br\/index.php\/wp-json\/wp\/v2\/users\/1"}],"replies":[{"embeddable":true,"href":"https:\/\/noticiasribeiraopreto.com.br\/index.php\/wp-json\/wp\/v2\/comments?post=79581"}],"version-history":[{"count":0,"href":"https:\/\/noticiasribeiraopreto.com.br\/index.php\/wp-json\/wp\/v2\/posts\/79581\/revisions"}],"wp:featuredmedia":[{"embeddable":true,"href":"https:\/\/noticiasribeiraopreto.com.br\/index.php\/wp-json\/wp\/v2\/media\/79582"}],"wp:attachment":[{"href":"https:\/\/noticiasribeiraopreto.com.br\/index.php\/wp-json\/wp\/v2\/media?parent=79581"}],"wp:term":[{"taxonomy":"category","embeddable":true,"href":"https:\/\/noticiasribeiraopreto.com.br\/index.php\/wp-json\/wp\/v2\/categories?post=79581"},{"taxonomy":"post_tag","embeddable":true,"href":"https:\/\/noticiasribeiraopreto.com.br\/index.php\/wp-json\/wp\/v2\/tags?post=79581"}],"curies":[{"name":"wp","href":"https:\/\/api.w.org\/{rel}","templated":true}]}}