{"id":79583,"date":"2025-11-04T13:44:24","date_gmt":"2025-11-04T16:44:24","guid":{"rendered":"https:\/\/noticiasribeiraopreto.com.br\/index.php\/2025\/11\/04\/problema-em-banco-atrasa-pagamento-de-servidores-da-saude-em-ribeirao-preto\/"},"modified":"2025-11-04T13:44:24","modified_gmt":"2025-11-04T16:44:24","slug":"problema-em-banco-atrasa-pagamento-de-servidores-da-saude-em-ribeirao-preto","status":"publish","type":"post","link":"https:\/\/noticiasribeiraopreto.com.br\/index.php\/2025\/11\/04\/problema-em-banco-atrasa-pagamento-de-servidores-da-saude-em-ribeirao-preto\/","title":{"rendered":"Problema em banco atrasa pagamento de servidores da Sa\u00fade em Ribeir\u00e3o Preto"},"content":{"rendered":"<div class='code-block code-block-1' style='margin: 8px 0 8px auto; text-align: right; display: block; clear: both;'>\n<p><a href=\"https:\/\/wa.link\/vpicfd\"><img data-recalc-dims=\"1\" class=\"wp-image-4922\" style=\"aspect-ratio: 2.0253164556962027; width: 561px; height: auto;\" src=\"https:\/\/i0.wp.com\/ismaelcolosi.com.br\/wp-content\/uploads\/2023\/11\/grupo-de-empregos-whatsapp-e-facebook-ismael-colosi-vagas.jpg?ssl=1\" alt=\"\" \/><\/a><\/p>\n<!-- \/wp:image -->\n<\/div>\n<p> <br \/>\n<\/p>\n<div data-td-block-uid=\"tdi_95\">\n<div class=\"tdb-block-inner td-fix-index\">\n<p>O<strong> Sindicato dos Servidores Municipais de Ribeir\u00e3o Preto<\/strong> informou que<strong> cobrou oficialmente<\/strong> a <strong>Prefeitura de Ribeir\u00e3o Preto<\/strong> pelo pagamento dos<strong> funcion\u00e1rios da Sa\u00fade<\/strong> na manh\u00e3 desta ter\u00e7a-feira (4).<\/p>\n<p>De acordo com a entidade, <mark style=\"background-color:#fcb900\" class=\"has-inline-color\">o pagamento deveria ser sido realizado nesta segunda-feira (3).<\/mark> Em um v\u00eddeo publicado nas redes sociais, <strong>o presidente do Sindicato, Valdir Avelino<\/strong>, diz que foi protocolado um of\u00edcio exigindo o pagamento dos servidores.<\/p>\n<figure class=\"wp-block-pullquote\">\n<blockquote>\n<p>\u00a0Esperamos que possa sair o pagamento no dia de hoje se n\u00e3o nos vamos tomar outras medidas cab\u00edveis diante da falta de pagamento para os servidores da sa\u00fade<\/p>\n<p><cite><strong>presidente do Sindicato dos Servidores de Ribeir\u00e3o Preto, <\/strong>Valdir Avelino<\/cite><\/p><\/blockquote>\n<\/figure>\n<div class=\"wp-block-image\">\n<figure class=\"aligncenter size-large is-resized\"><img data-recalc-dims=\"1\" fetchpriority=\"high\" decoding=\"async\" width=\"1024\" height=\"576\" src=\"https:\/\/i0.wp.com\/cdn.media-acidadeon.com.br\/ribeiraopreto\/wp-content\/uploads\/sites\/3\/2025\/11\/palace-6_2025-11-04_14-55-02-1024x576.webp?resize=1024%2C576&#038;ssl=1\" alt=\"Sindicado cobra por sal\u00e1rios dos servidores da Sa\u00fade em Ribeir\u00e3o - Foto; reprodu\u00e7\u00e3o\/ redes sociais.\" class=\"wp-image-134668\" style=\"width:654px\" title=\"Problema em banco atrasa pagamento de servidores da Sa\u00fade em Ribeir\u00e3o Preto 1\" srcset=\"https:\/\/cdn.media-acidadeon.com.br\/ribeiraopreto\/wp-content\/uploads\/sites\/3\/2025\/11\/palace-6_2025-11-04_14-55-02-1024x576.webp 1024w, https:\/\/cdn.media-acidadeon.com.br\/ribeiraopreto\/wp-content\/uploads\/sites\/3\/2025\/11\/palace-6_2025-11-04_14-55-02-300x169.webp 300w, https:\/\/cdn.media-acidadeon.com.br\/ribeiraopreto\/wp-content\/uploads\/sites\/3\/2025\/11\/palace-6_2025-11-04_14-55-02-768x432.webp 768w, https:\/\/cdn.media-acidadeon.com.br\/ribeiraopreto\/wp-content\/uploads\/sites\/3\/2025\/11\/palace-6_2025-11-04_14-55-02-696x392.webp 696w, https:\/\/cdn.media-acidadeon.com.br\/ribeiraopreto\/wp-content\/uploads\/sites\/3\/2025\/11\/palace-6_2025-11-04_14-55-02-1068x601.webp 1068w, https:\/\/cdn.media-acidadeon.com.br\/ribeiraopreto\/wp-content\/uploads\/sites\/3\/2025\/11\/palace-6_2025-11-04_14-55-02.webp 1200w\" sizes=\"(max-width: 1024px) 100vw, 1024px\"\/><figcaption class=\"wp-element-caption\">Sindicado cobra por sal\u00e1rios dos servidores da Sa\u00fade em Ribeir\u00e3o \u2013 Foto; reprodu\u00e7\u00e3o\/ redes sociais.<\/figcaption><\/figure>\n<\/div>\n<h2 class=\"wp-block-heading\"><strong>O que diz a Prefeitura?<\/strong><\/h2>\n<p>Em nota encaminhada ao <strong><a href=\"http:\/\/acidadeon.com\/ribeiraopreto\/\" target=\"_blank\" data-type=\"link\" data-id=\"acidadeon.com\/ribeiraopreto\/\" rel=\"noreferrer noopener\">acidade on<\/a><\/strong>, a secretaria de Sa\u00fade informou que os servidores da foram afetados <strong>por um problema t\u00e9cnico no sistema banc\u00e1rio<\/strong> respons\u00e1vel pela distribui\u00e7\u00e3o dos pagamentos.<\/p>\n<figure class=\"wp-block-pullquote\">\n<blockquote>\n<p>Ressaltamos que os valores foram devidamente repassados ao banco, estando o recurso dispon\u00edvel na institui\u00e7\u00e3o financeira<\/p>\n<p><cite>diz a nota da Prefeitura<\/cite><\/p><\/blockquote>\n<\/figure>\n<p>Ainda de acordo com a Administra\u00e7\u00e3o, o ocorrido se deu \u201cexclusivamente por uma falha na distribui\u00e7\u00e3o das quantias para as contas dos servidores. O banco j\u00e1 est\u00e1 ciente e empenhado na solu\u00e7\u00e3o do problema\u201d. <\/p>\n<p><em><strong>*Em nova atualiza\u00e7\u00e3o, \u00e0s 12h35, a Prefeitura informou a reportagem que o problema foi devidamente resolvido.<\/strong><\/em><\/p>\n<div class=\"wp-block-image\">\n<figure class=\"aligncenter size-large is-resized\"><img data-recalc-dims=\"1\" loading=\"lazy\" decoding=\"async\" width=\"1024\" height=\"683\" src=\"https:\/\/i0.wp.com\/cdn.media-acidadeon.com.br\/ribeiraopreto\/wp-content\/uploads\/sites\/3\/2025\/09\/secretaria-da-saude_2025-09-15_20-59-34-1024x683.webp?resize=1024%2C683&#038;ssl=1\" alt=\"Secretaria da Sa\u00fade de Ribeir\u00e3o Preto - Foto: Fernando Gonzaga\/CCS Ribeir\u00e3o Preto.\" class=\"wp-image-129194\" style=\"width:654px\" title=\"Problema em banco atrasa pagamento de servidores da Sa\u00fade em Ribeir\u00e3o Preto 2\" srcset=\"https:\/\/cdn.media-acidadeon.com.br\/ribeiraopreto\/wp-content\/uploads\/sites\/3\/2025\/09\/secretaria-da-saude_2025-09-15_20-59-34-1024x683.webp 1024w, https:\/\/cdn.media-acidadeon.com.br\/ribeiraopreto\/wp-content\/uploads\/sites\/3\/2025\/09\/secretaria-da-saude_2025-09-15_20-59-34-300x200.webp 300w, https:\/\/cdn.media-acidadeon.com.br\/ribeiraopreto\/wp-content\/uploads\/sites\/3\/2025\/09\/secretaria-da-saude_2025-09-15_20-59-34-768x512.webp 768w, https:\/\/cdn.media-acidadeon.com.br\/ribeiraopreto\/wp-content\/uploads\/sites\/3\/2025\/09\/secretaria-da-saude_2025-09-15_20-59-34-696x464.webp 696w, https:\/\/cdn.media-acidadeon.com.br\/ribeiraopreto\/wp-content\/uploads\/sites\/3\/2025\/09\/secretaria-da-saude_2025-09-15_20-59-34-1068x712.webp 1068w, https:\/\/cdn.media-acidadeon.com.br\/ribeiraopreto\/wp-content\/uploads\/sites\/3\/2025\/09\/secretaria-da-saude_2025-09-15_20-59-34.webp 1200w\" sizes=\"auto, (max-width: 1024px) 100vw, 1024px\"\/><figcaption class=\"wp-element-caption\">Secretaria da Sa\u00fade de Ribeir\u00e3o Preto \u2013 Foto: Fernando Gonzaga\/CCS Ribeir\u00e3o Preto.<\/figcaption><\/figure>\n<\/div>\n<hr class=\"wp-block-separator has-alpha-channel-opacity\"\/>\n<p>SAIBA MAIS<\/p>\n<p>Qual \u00e9 o sobrenome mais comum em Ribeir\u00e3o Preto? Veja se o da sua fam\u00edlia est\u00e1 na lista<\/p>\n<h2 class=\"wp-block-heading\"><strong>FIQUE ON<\/strong><\/h2>\n<p>Fique ligado em tudo que acontece em Ribeir\u00e3o Preto e regi\u00e3o. Siga os perfis do<strong>\u00a0acidade on<\/strong>\u00a0no\u00a0<a href=\"https:\/\/www.instagram.com\/acidadeonribeirao\" target=\"_blank\" rel=\"noreferrer noopener\">Instagram<\/a>\u00a0e no\u00a0<a href=\"https:\/\/www.facebook.com\/acidadeonribeirao\/\" target=\"_blank\" rel=\"noreferrer noopener\">Facebook<\/a>.<\/p>\n<p>Receba not\u00edcias do\u00a0<strong>acidade on<\/strong>\u00a0no WhatsApp. Para entrar no grupo,\u00a0basta\u00a0<a href=\"https:\/\/chat.whatsapp.com\/I4nieTEMKlf50pJ28aMemC?mode=ac_t\" target=\"_blank\" rel=\"noreferrer noopener\">clicar aqui<\/a>. Ou, acesse o nosso\u00a0Canal\u00a0<a href=\"https:\/\/whatsapp.com\/channel\/0029Vb6IQl1JENyAeS57fk2p\" target=\"_blank\" rel=\"noreferrer noopener\">clicando aqui<\/a>.<\/p>\n<p>Fa\u00e7a uma den\u00fancia ou sugira uma reportagem sobre Ribeir\u00e3o Preto e regi\u00e3o pelo WhatsApp: 16 99117 7802.<\/p>\n<p>VEJA TAMB\u00c9M<\/p>\n<p>Qual \u00e9 o segredo de Renato em \u2018Rainha da Sucata\u2019?<\/p>\n<p><!-- AI CONTENT END 1 -->\n<\/div>\n<\/div>\n<p><script async src=\"\/\/www.instagram.com\/embed.js\"><\/script><br \/>\n<br \/><br \/>\n<br \/><a href=\"https:\/\/www.acidadeon.com\/ribeiraopreto\/politica\/problema-em-banco-atrasa-pagamento-de-servidores-da-saude-em-ribeirao-preto\/\">Source link <\/a><\/p>\n<!-- CONTENT END 1 -->\n","protected":false},"excerpt":{"rendered":"<p>O Sindicato dos Servidores Municipais de Ribeir\u00e3o Preto informou que cobrou oficialmente a Prefeitura de Ribeir\u00e3o Preto pelo pagamento dos funcion\u00e1rios da Sa\u00fade na manh\u00e3&#8230;<\/p>\n","protected":false},"author":1,"featured_media":79129,"comment_status":"open","ping_status":"open","sticky":false,"template":"","format":"standard","meta":{"advanced_seo_description":"","jetpack_seo_html_title":"","jetpack_seo_noindex":false,"jetpack_post_was_ever_published":false,"_jetpack_newsletter_access":"","_jetpack_dont_email_post_to_subs":false,"_jetpack_newsletter_tier_id":0,"_jetpack_memberships_contains_paywalled_content":false,"_jetpack_memberships_contains_paid_content":false,"footnotes":"","jetpack_publicize_message":"","jetpack_publicize_feature_enabled":true,"jetpack_social_post_already_shared":true,"jetpack_social_options":{"image_generator_settings":{"template":"highway","default_image_id":0,"font":"","enabled":false},"version":2}},"categories":[11],"tags":[],"class_list":["post-79583","post","type-post","status-publish","format-standard","has-post-thumbnail","hentry","category-noticias-de-ribeirao-preto-sp-e-regiao-ismael-colosi"],"jetpack_publicize_connections":[],"jetpack_featured_media_url":"https:\/\/i0.wp.com\/noticiasribeiraopreto.com.br\/wp-content\/uploads\/2025\/10\/Copia-de-Copia-de-Copia-de-TAMANHO-EXATO-PARA-FOTOS-NO-SISTEMA-NOVO-2025-10-24T180452.289_2025-10-24_21-04-57.webp.webp?fit=1200%2C675&ssl=1","jetpack-related-posts":[{"id":83674,"url":"https:\/\/noticiasribeiraopreto.com.br\/index.php\/2026\/03\/23\/prefeitura-de-ribeirao-e-sindicato-chegam-a-acordo-sobre-beneficios-congelados-na-pandemia\/","url_meta":{"origin":79583,"position":0},"title":"Prefeitura de Ribeir\u00e3o e sindicato chegam a acordo sobre benef\u00edcios congelados na pandemia","author":"noticiasribeiraopreto.com.br","date":"23 de March de 2026","format":false,"excerpt":"A Prefeitura de Ribeir\u00e3o Preto informou que apresentou, em reuni\u00e3o realizada na \u00faltima sexta-feira (20) com o Sindicato dos Servidores Municipais, medidas para o cumprimento da Lei Complementar 226\/2026, conhecida como \u201cDescongela J\u00e1\u201d, sancionada pelo presidente da Rep\u00fablica, Luiz In\u00e1cio Lula da Silva (PT), em janeiro deste ano.\u00a0 A norma\u2026","rel":"","context":"In &quot;Not\u00edcias de Ribeir\u00e3o Preto-SP e Regi\u00e3o&quot;","block_context":{"text":"Not\u00edcias de Ribeir\u00e3o Preto-SP e Regi\u00e3o","link":"https:\/\/noticiasribeiraopreto.com.br\/index.php\/category\/noticias-de-ribeirao-preto-sp-e-regiao-ismael-colosi\/"},"img":{"alt_text":"","src":"https:\/\/i0.wp.com\/noticiasribeiraopreto.com.br\/wp-content\/uploads\/2026\/03\/ribeirao-preto-prefeitura.jpg?fit=1200%2C900&ssl=1&resize=350%2C200","width":350,"height":200,"srcset":"https:\/\/i0.wp.com\/noticiasribeiraopreto.com.br\/wp-content\/uploads\/2026\/03\/ribeirao-preto-prefeitura.jpg?fit=1200%2C900&ssl=1&resize=350%2C200 1x, https:\/\/i0.wp.com\/noticiasribeiraopreto.com.br\/wp-content\/uploads\/2026\/03\/ribeirao-preto-prefeitura.jpg?fit=1200%2C900&ssl=1&resize=525%2C300 1.5x, https:\/\/i0.wp.com\/noticiasribeiraopreto.com.br\/wp-content\/uploads\/2026\/03\/ribeirao-preto-prefeitura.jpg?fit=1200%2C900&ssl=1&resize=700%2C400 2x, https:\/\/i0.wp.com\/noticiasribeiraopreto.com.br\/wp-content\/uploads\/2026\/03\/ribeirao-preto-prefeitura.jpg?fit=1200%2C900&ssl=1&resize=1050%2C600 3x"},"classes":[]},{"id":83440,"url":"https:\/\/noticiasribeiraopreto.com.br\/index.php\/2026\/03\/18\/servidores-governo-e-sindicato-discutem-reajuste\/","url_meta":{"origin":79583,"position":1},"title":"Servidores &#8211; Governo e sindicato discutem reajuste","author":"noticiasribeiraopreto.com.br","date":"18 de March de 2026","format":false,"excerpt":"O Sindicato dos Servidores Municipais de Ribeir\u00e3o Preto, Guatapar\u00e1 e Prad\u00f3polis (SSMRPGP) e a prefeitura v\u00e3o realizar, nesta semana, a segunda reuni\u00e3o para discutir a pauta de reivindica\u00e7\u00f5es da categoria, cuja data-base \u00e9 1\u00ba de mar\u00e7o. Em 25 de fevereiro, o presidente do sindicato, Valdir Avelino, entregou a pauta de\u2026","rel":"","context":"In &quot;Not\u00edcias de Ribeir\u00e3o Preto-SP e Regi\u00e3o&quot;","block_context":{"text":"Not\u00edcias de Ribeir\u00e3o Preto-SP e Regi\u00e3o","link":"https:\/\/noticiasribeiraopreto.com.br\/index.php\/category\/noticias-de-ribeirao-preto-sp-e-regiao-ismael-colosi\/"},"img":{"alt_text":"","src":"https:\/\/i0.wp.com\/noticiasribeiraopreto.com.br\/wp-content\/uploads\/2026\/03\/SSM-RP-700-PX.jpg?fit=700%2C464&ssl=1&resize=350%2C200","width":350,"height":200,"srcset":"https:\/\/i0.wp.com\/noticiasribeiraopreto.com.br\/wp-content\/uploads\/2026\/03\/SSM-RP-700-PX.jpg?fit=700%2C464&ssl=1&resize=350%2C200 1x, https:\/\/i0.wp.com\/noticiasribeiraopreto.com.br\/wp-content\/uploads\/2026\/03\/SSM-RP-700-PX.jpg?fit=700%2C464&ssl=1&resize=525%2C300 1.5x, https:\/\/i0.wp.com\/noticiasribeiraopreto.com.br\/wp-content\/uploads\/2026\/03\/SSM-RP-700-PX.jpg?fit=700%2C464&ssl=1&resize=700%2C400 2x"},"classes":[]},{"id":81719,"url":"https:\/\/noticiasribeiraopreto.com.br\/index.php\/2026\/01\/15\/sindicato-cobra-pagamento-de-congelados\/","url_meta":{"origin":79583,"position":2},"title":"Sindicato cobra pagamento de congelados","author":"noticiasribeiraopreto.com.br","date":"15 de January de 2026","format":false,"excerpt":"Sindicato dos Servidores Municipais solicitou \u00e0 prefeitura de Ribeir\u00e3o Preto\u00a0 tratativas para pagamento de 583 dias da pandemia; atual gest\u00e3o iniciou c\u00e1lculos O Sindicato dos Servidores Municipais de Ribeir\u00e3o Preto, Guatapar\u00e1 e Prad\u00f3polis (SSMRPGP) protocolou, na ter\u00e7a-feira, 13 de janeiro, oficio em que solicita ao prefeito Ricardo Silva (PSD) tratativas\u2026","rel":"","context":"In &quot;Not\u00edcias de Ribeir\u00e3o Preto-SP e Regi\u00e3o&quot;","block_context":{"text":"Not\u00edcias de Ribeir\u00e3o Preto-SP e Regi\u00e3o","link":"https:\/\/noticiasribeiraopreto.com.br\/index.php\/category\/noticias-de-ribeirao-preto-sp-e-regiao-ismael-colosi\/"},"img":{"alt_text":"","src":"https:\/\/i0.wp.com\/noticiasribeiraopreto.com.br\/wp-content\/uploads\/2026\/01\/Pandemia-Divulgacao-scaled.jpg?fit=1179%2C780&ssl=1&resize=350%2C200","width":350,"height":200,"srcset":"https:\/\/i0.wp.com\/noticiasribeiraopreto.com.br\/wp-content\/uploads\/2026\/01\/Pandemia-Divulgacao-scaled.jpg?fit=1179%2C780&ssl=1&resize=350%2C200 1x, https:\/\/i0.wp.com\/noticiasribeiraopreto.com.br\/wp-content\/uploads\/2026\/01\/Pandemia-Divulgacao-scaled.jpg?fit=1179%2C780&ssl=1&resize=525%2C300 1.5x, https:\/\/i0.wp.com\/noticiasribeiraopreto.com.br\/wp-content\/uploads\/2026\/01\/Pandemia-Divulgacao-scaled.jpg?fit=1179%2C780&ssl=1&resize=700%2C400 2x, https:\/\/i0.wp.com\/noticiasribeiraopreto.com.br\/wp-content\/uploads\/2026\/01\/Pandemia-Divulgacao-scaled.jpg?fit=1179%2C780&ssl=1&resize=1050%2C600 3x"},"classes":[]},{"id":82697,"url":"https:\/\/noticiasribeiraopreto.com.br\/index.php\/2026\/02\/23\/servidores-municipais-querem-1450-de-reposicao-salarial\/","url_meta":{"origin":79583,"position":3},"title":"Servidores municipais querem 14,50% de reposi\u00e7\u00e3o salarial","author":"noticiasribeiraopreto.com.br","date":"23 de February de 2026","format":false,"excerpt":"\r \r \r 23 de fevereiro de 2026 20:14 \r Compartilhar0 Reivindica\u00e7\u00f5es da data-base, que acontece em mar\u00e7o, foram aprovadas em Assembleia Geral realizada na noite desta segunda-feira, 23 de fevereiro. Diretoria do Sindicato durante a assembleia Os servidores municipais de Ribeir\u00e3o Preto aprovaram, na noite desta segunda-feira, 23 de\u2026","rel":"","context":"In &quot;Not\u00edcias de Ribeir\u00e3o Preto-SP e Regi\u00e3o&quot;","block_context":{"text":"Not\u00edcias de Ribeir\u00e3o Preto-SP e Regi\u00e3o","link":"https:\/\/noticiasribeiraopreto.com.br\/index.php\/category\/noticias-de-ribeirao-preto-sp-e-regiao-ismael-colosi\/"},"img":{"alt_text":"","src":"https:\/\/i0.wp.com\/noticiasribeiraopreto.com.br\/wp-content\/uploads\/2026\/02\/servidores-capa-scaled.jpeg?fit=1179%2C780&ssl=1&resize=350%2C200","width":350,"height":200,"srcset":"https:\/\/i0.wp.com\/noticiasribeiraopreto.com.br\/wp-content\/uploads\/2026\/02\/servidores-capa-scaled.jpeg?fit=1179%2C780&ssl=1&resize=350%2C200 1x, https:\/\/i0.wp.com\/noticiasribeiraopreto.com.br\/wp-content\/uploads\/2026\/02\/servidores-capa-scaled.jpeg?fit=1179%2C780&ssl=1&resize=525%2C300 1.5x, https:\/\/i0.wp.com\/noticiasribeiraopreto.com.br\/wp-content\/uploads\/2026\/02\/servidores-capa-scaled.jpeg?fit=1179%2C780&ssl=1&resize=700%2C400 2x, https:\/\/i0.wp.com\/noticiasribeiraopreto.com.br\/wp-content\/uploads\/2026\/02\/servidores-capa-scaled.jpeg?fit=1179%2C780&ssl=1&resize=1050%2C600 3x"},"classes":[]},{"id":45788,"url":"https:\/\/noticiasribeiraopreto.com.br\/index.php\/2024\/04\/07\/ribeirao-preto-muda-data-do-pagamento-dos-servidores-entenda\/","url_meta":{"origin":79583,"position":4},"title":"Ribeir\u00e3o Preto muda data do pagamento dos servidores; Entenda","author":"noticiasribeiraopreto.com.br","date":"7 de April de 2024","format":false,"excerpt":"O prefeito de Ribeir\u00e3o Preto, Duarte Nogueira (PSDB), publicou decreto na edi\u00e7\u00e3o da \u00faltima sexta-feira (5) Di\u00e1rio Oficial do Munic\u00edpio, que muda a data de pagamento dos sal\u00e1rios dos servidores municipais. Com a mudan\u00e7a, o pagamento dos vencimentos dos servidores passa a ser realizado no primeiro dia \u00fatil de cada\u2026","rel":"","context":"In &quot;Not\u00edcias de Ribeir\u00e3o Preto-SP e Regi\u00e3o&quot;","block_context":{"text":"Not\u00edcias de Ribeir\u00e3o Preto-SP e Regi\u00e3o","link":"https:\/\/noticiasribeiraopreto.com.br\/index.php\/category\/noticias-de-ribeirao-preto-sp-e-regiao-ismael-colosi\/"},"img":{"alt_text":"","src":"https:\/\/i0.wp.com\/noticiasribeiraopreto.com.br\/wp-content\/uploads\/2024\/04\/ribeirao-preto-prefeitura.jpg?fit=1200%2C900&ssl=1&resize=350%2C200","width":350,"height":200,"srcset":"https:\/\/i0.wp.com\/noticiasribeiraopreto.com.br\/wp-content\/uploads\/2024\/04\/ribeirao-preto-prefeitura.jpg?fit=1200%2C900&ssl=1&resize=350%2C200 1x, https:\/\/i0.wp.com\/noticiasribeiraopreto.com.br\/wp-content\/uploads\/2024\/04\/ribeirao-preto-prefeitura.jpg?fit=1200%2C900&ssl=1&resize=525%2C300 1.5x, https:\/\/i0.wp.com\/noticiasribeiraopreto.com.br\/wp-content\/uploads\/2024\/04\/ribeirao-preto-prefeitura.jpg?fit=1200%2C900&ssl=1&resize=700%2C400 2x, https:\/\/i0.wp.com\/noticiasribeiraopreto.com.br\/wp-content\/uploads\/2024\/04\/ribeirao-preto-prefeitura.jpg?fit=1200%2C900&ssl=1&resize=1050%2C600 3x"},"classes":[]},{"id":82585,"url":"https:\/\/noticiasribeiraopreto.com.br\/index.php\/2026\/02\/20\/sindicato-dos-servidores-apresenta-reivindicacoes\/","url_meta":{"origin":79583,"position":5},"title":"Sindicato dos Servidores \u2028apresenta reivindica\u00e7\u00f5es \u2028","author":"noticiasribeiraopreto.com.br","date":"20 de February de 2026","format":false,"excerpt":"Proposta com reivindica\u00e7\u00f5es dos servidores municipais est\u00e1 sendo finalizada e ser\u00e1 apresentada em assembleia na segunda-feira, 23 de fevereiro O Sindicato dos Servidores Municipais de Ribeir\u00e3o Preto, Guatapar\u00e1 e Prad\u00f3polis (SSMRPGP) finaliza, ainda nesta semana, a pauta de reivindica\u00e7\u00f5es da categoria que ser\u00e1 entregue ao prefeito Ricardo Silva (PSD) at\u00e9\u2026","rel":"","context":"In &quot;Not\u00edcias de Ribeir\u00e3o Preto-SP e Regi\u00e3o&quot;","block_context":{"text":"Not\u00edcias de Ribeir\u00e3o Preto-SP e Regi\u00e3o","link":"https:\/\/noticiasribeiraopreto.com.br\/index.php\/category\/noticias-de-ribeirao-preto-sp-e-regiao-ismael-colosi\/"},"img":{"alt_text":"","src":"https:\/\/i0.wp.com\/noticiasribeiraopreto.com.br\/wp-content\/uploads\/2026\/02\/ReajusteSSM-Guilherme-Sircili-Arquivo-scaled.jpeg?fit=1170%2C780&ssl=1&resize=350%2C200","width":350,"height":200,"srcset":"https:\/\/i0.wp.com\/noticiasribeiraopreto.com.br\/wp-content\/uploads\/2026\/02\/ReajusteSSM-Guilherme-Sircili-Arquivo-scaled.jpeg?fit=1170%2C780&ssl=1&resize=350%2C200 1x, https:\/\/i0.wp.com\/noticiasribeiraopreto.com.br\/wp-content\/uploads\/2026\/02\/ReajusteSSM-Guilherme-Sircili-Arquivo-scaled.jpeg?fit=1170%2C780&ssl=1&resize=525%2C300 1.5x, https:\/\/i0.wp.com\/noticiasribeiraopreto.com.br\/wp-content\/uploads\/2026\/02\/ReajusteSSM-Guilherme-Sircili-Arquivo-scaled.jpeg?fit=1170%2C780&ssl=1&resize=700%2C400 2x, https:\/\/i0.wp.com\/noticiasribeiraopreto.com.br\/wp-content\/uploads\/2026\/02\/ReajusteSSM-Guilherme-Sircili-Arquivo-scaled.jpeg?fit=1170%2C780&ssl=1&resize=1050%2C600 3x"},"classes":[]}],"jetpack_sharing_enabled":true,"jetpack_shortlink":"https:\/\/wp.me\/peQAOb-kHB","_links":{"self":[{"href":"https:\/\/noticiasribeiraopreto.com.br\/index.php\/wp-json\/wp\/v2\/posts\/79583","targetHints":{"allow":["GET"]}}],"collection":[{"href":"https:\/\/noticiasribeiraopreto.com.br\/index.php\/wp-json\/wp\/v2\/posts"}],"about":[{"href":"https:\/\/noticiasribeiraopreto.com.br\/index.php\/wp-json\/wp\/v2\/types\/post"}],"author":[{"embeddable":true,"href":"https:\/\/noticiasribeiraopreto.com.br\/index.php\/wp-json\/wp\/v2\/users\/1"}],"replies":[{"embeddable":true,"href":"https:\/\/noticiasribeiraopreto.com.br\/index.php\/wp-json\/wp\/v2\/comments?post=79583"}],"version-history":[{"count":0,"href":"https:\/\/noticiasribeiraopreto.com.br\/index.php\/wp-json\/wp\/v2\/posts\/79583\/revisions"}],"wp:featuredmedia":[{"embeddable":true,"href":"https:\/\/noticiasribeiraopreto.com.br\/index.php\/wp-json\/wp\/v2\/media\/79129"}],"wp:attachment":[{"href":"https:\/\/noticiasribeiraopreto.com.br\/index.php\/wp-json\/wp\/v2\/media?parent=79583"}],"wp:term":[{"taxonomy":"category","embeddable":true,"href":"https:\/\/noticiasribeiraopreto.com.br\/index.php\/wp-json\/wp\/v2\/categories?post=79583"},{"taxonomy":"post_tag","embeddable":true,"href":"https:\/\/noticiasribeiraopreto.com.br\/index.php\/wp-json\/wp\/v2\/tags?post=79583"}],"curies":[{"name":"wp","href":"https:\/\/api.w.org\/{rel}","templated":true}]}}