{"id":79584,"date":"2025-11-04T13:50:55","date_gmt":"2025-11-04T16:50:55","guid":{"rendered":"https:\/\/noticiasribeiraopreto.com.br\/index.php\/2025\/11\/04\/musical-oficina-e-historias-confira-a-programacao-do-sesi-ribeirao\/"},"modified":"2025-11-04T13:50:55","modified_gmt":"2025-11-04T16:50:55","slug":"musical-oficina-e-historias-confira-a-programacao-do-sesi-ribeirao","status":"publish","type":"post","link":"https:\/\/noticiasribeiraopreto.com.br\/index.php\/2025\/11\/04\/musical-oficina-e-historias-confira-a-programacao-do-sesi-ribeirao\/","title":{"rendered":"Musical, oficina e hist\u00f3rias: Confira a programa\u00e7\u00e3o do Sesi Ribeir\u00e3o"},"content":{"rendered":"<div class='code-block code-block-1' style='margin: 8px 0 8px auto; text-align: right; display: block; clear: both;'>\n<p><a href=\"https:\/\/wa.link\/vpicfd\"><img data-recalc-dims=\"1\" class=\"wp-image-4922\" style=\"aspect-ratio: 2.0253164556962027; width: 561px; height: auto;\" src=\"https:\/\/i0.wp.com\/ismaelcolosi.com.br\/wp-content\/uploads\/2023\/11\/grupo-de-empregos-whatsapp-e-facebook-ismael-colosi-vagas.jpg?ssl=1\" alt=\"\" \/><\/a><\/p>\n<!-- \/wp:image -->\n<\/div>\n<p> <br \/>\n<\/p>\n<div>\n<p>O<strong> Sesi Ribeir\u00e3o Preto<\/strong> ir\u00e1 promover atra\u00e7\u00f5es em diversas linguagens art\u00edsticas, visando valorizar a cultura afro-brasileira e conscientizar sobre o racismo e a homofobia. As atividades acontecem entre os dias <strong>7 a 9 de novembro<\/strong>.<\/p>\n<p>Para participar \u00e9 necess\u00e1rio reservar o ingresso gratuitamente no <strong><a href=\"https:\/\/www.sesisp.org.br\/eventos?data=0&amp;codigoUnidade=1d2a9687-9384-41c5-9e4b-cf87cb38236e&amp;search=\" target=\"_blank\" rel=\"noopener\">Meu Sesi<\/a><\/strong>. Confira a programa\u00e7\u00e3o completa:<\/p>\n<h2 class=\"wp-block-heading\"><strong>Glam! O Musical<\/strong><\/h2>\n<p><strong>Datas e hor\u00e1rio: <\/strong>7 e 8 de novembro, sexta e s\u00e1bado, \u00e0s 20h<\/p>\n<p>O musical apresenta 14 m\u00fasicas originais tocadas ao vivo, em um espet\u00e1culo que fala sobre amizade, amor, respeito, homofobia, discuss\u00e3o de g\u00eanero e a luta de pessoas LGBTQIA+ para conquistar seu espa\u00e7o na sociedade.<\/p>\n<p>A hist\u00f3ria acompanha Atena, dona da boate mais famosa de S\u00e3o Paulo, que promove shows junto de outras tr\u00eas amigas drags: Velma, Lolita e Cereja. Em paralelo, Dante busca mudar de vida e se esconde nos fundos da boate para despistar um grupo de criminosas. O acaso promove uma amizade num lugar inimagin\u00e1vel e que vai al\u00e9m de qualquer preconceito.\u00a0<mark style=\"background-color:#fcb900\" class=\"has-inline-color\">A classifica\u00e7\u00e3o indicativa \u00e9 de 14 anos.<\/mark><\/p>\n<div class=\"wp-block-image\">\n<figure class=\"aligncenter size-large\"><img data-recalc-dims=\"1\" fetchpriority=\"high\" decoding=\"async\" width=\"1024\" height=\"576\" src=\"https:\/\/i0.wp.com\/cdn.media-acidadeon.com.br\/ribeiraopreto\/wp-content\/uploads\/sites\/3\/2025\/11\/257a6932-8b5b-4b42-81c5-a754a5b84c32_2025-11-03_15-24-15-1024x576.webp?resize=1024%2C576&#038;ssl=1\" alt=\"Sesi\" class=\"wp-image-134508\" title=\"Musical, oficina e hist\u00f3rias: Confira a programa\u00e7\u00e3o do Sesi Ribeir\u00e3o 1\" srcset=\"https:\/\/cdn.media-acidadeon.com.br\/ribeiraopreto\/wp-content\/uploads\/sites\/3\/2025\/11\/257a6932-8b5b-4b42-81c5-a754a5b84c32_2025-11-03_15-24-15-1024x576.webp 1024w, https:\/\/cdn.media-acidadeon.com.br\/ribeiraopreto\/wp-content\/uploads\/sites\/3\/2025\/11\/257a6932-8b5b-4b42-81c5-a754a5b84c32_2025-11-03_15-24-15-300x169.webp 300w, https:\/\/cdn.media-acidadeon.com.br\/ribeiraopreto\/wp-content\/uploads\/sites\/3\/2025\/11\/257a6932-8b5b-4b42-81c5-a754a5b84c32_2025-11-03_15-24-15-768x432.webp 768w, https:\/\/cdn.media-acidadeon.com.br\/ribeiraopreto\/wp-content\/uploads\/sites\/3\/2025\/11\/257a6932-8b5b-4b42-81c5-a754a5b84c32_2025-11-03_15-24-15-696x392.webp 696w, https:\/\/cdn.media-acidadeon.com.br\/ribeiraopreto\/wp-content\/uploads\/sites\/3\/2025\/11\/257a6932-8b5b-4b42-81c5-a754a5b84c32_2025-11-03_15-24-15.webp 1066w\" sizes=\"(max-width: 1024px) 100vw, 1024px\"\/><figcaption class=\"wp-element-caption\">Foto: Divulga\u00e7\u00e3o<\/figcaption><\/figure>\n<\/div>\n<h2 class=\"wp-block-heading\"><strong>Dan\u00e7as brasileiras<\/strong><\/h2>\n<p><strong>Datas e hor\u00e1rio: <\/strong>8 de novembro, s\u00e1bado, \u00e0s 10h<\/p>\n<p>Inspirado nas culturas tradicionais brasileiras e nas dan\u00e7as de matriz afro,<strong> Robson Marx<\/strong> realiza uma roda de dan\u00e7a aberta, celebrando o m\u00eas da Consci\u00eancia Negra e os saberes corporais que constroem a identidade do Brasil.<\/p>\n<div class=\"wp-block-image\">\n<figure class=\"aligncenter size-large\"><img data-recalc-dims=\"1\" loading=\"lazy\" decoding=\"async\" width=\"1024\" height=\"576\" src=\"https:\/\/i0.wp.com\/cdn.media-acidadeon.com.br\/ribeiraopreto\/wp-content\/uploads\/sites\/3\/2025\/11\/19df249b-03ad-4794-89d7-494e4cf66e35_2025-11-03_15-26-45-1024x576.webp?resize=1024%2C576&#038;ssl=1\" alt=\"Sesi\" class=\"wp-image-134509\" title=\"Musical, oficina e hist\u00f3rias: Confira a programa\u00e7\u00e3o do Sesi Ribeir\u00e3o 2\" srcset=\"https:\/\/cdn.media-acidadeon.com.br\/ribeiraopreto\/wp-content\/uploads\/sites\/3\/2025\/11\/19df249b-03ad-4794-89d7-494e4cf66e35_2025-11-03_15-26-45-1024x576.webp 1024w, https:\/\/cdn.media-acidadeon.com.br\/ribeiraopreto\/wp-content\/uploads\/sites\/3\/2025\/11\/19df249b-03ad-4794-89d7-494e4cf66e35_2025-11-03_15-26-45-300x169.webp 300w, https:\/\/cdn.media-acidadeon.com.br\/ribeiraopreto\/wp-content\/uploads\/sites\/3\/2025\/11\/19df249b-03ad-4794-89d7-494e4cf66e35_2025-11-03_15-26-45-768x432.webp 768w, https:\/\/cdn.media-acidadeon.com.br\/ribeiraopreto\/wp-content\/uploads\/sites\/3\/2025\/11\/19df249b-03ad-4794-89d7-494e4cf66e35_2025-11-03_15-26-45-696x392.webp 696w, https:\/\/cdn.media-acidadeon.com.br\/ribeiraopreto\/wp-content\/uploads\/sites\/3\/2025\/11\/19df249b-03ad-4794-89d7-494e4cf66e35_2025-11-03_15-26-45.webp 1066w\" sizes=\"auto, (max-width: 1024px) 100vw, 1024px\"\/><figcaption class=\"wp-element-caption\">Foto: Divulga\u00e7\u00e3o<\/figcaption><\/figure>\n<\/div>\n<h2 class=\"wp-block-heading\"><strong>Contos e encantarias antirracistas<\/strong><\/h2>\n<p><strong>Data: <\/strong>9 de novembro, domingo, \u00e0s 16h<\/p>\n<p>A <strong>Cia. P\u00e9 do Ouvido <\/strong>realiza\u00e7\u00e3o a conta\u00e7\u00e3o de hist\u00f3rias musicada no <strong>Sesi<\/strong>, sobre o mito de origem da Nig\u00e9ria sobre o porqu\u00ea o Sol e a Lua foram morar no c\u00e9u. A atividade conta com a origem do tambor na narrativa do povo bijag\u00f3s, da Guin\u00e9-Bissau, e as aventuras da menina Khethiwa em um conto ligado ao povo xona, do Zimb\u00e1ue.<\/p>\n<div class=\"wp-block-image\">\n<figure class=\"aligncenter size-large\"><img data-recalc-dims=\"1\" loading=\"lazy\" decoding=\"async\" width=\"1024\" height=\"576\" src=\"https:\/\/i0.wp.com\/cdn.media-acidadeon.com.br\/ribeiraopreto\/wp-content\/uploads\/sites\/3\/2025\/11\/8f4f45f0-47f9-4375-8382-bd031bad2f5c_2025-11-03_15-27-19-1024x576.webp?resize=1024%2C576&#038;ssl=1\" alt=\"Sesi\" class=\"wp-image-134511\" title=\"Musical, oficina e hist\u00f3rias: Confira a programa\u00e7\u00e3o do Sesi Ribeir\u00e3o 3\" srcset=\"https:\/\/cdn.media-acidadeon.com.br\/ribeiraopreto\/wp-content\/uploads\/sites\/3\/2025\/11\/8f4f45f0-47f9-4375-8382-bd031bad2f5c_2025-11-03_15-27-19-1024x576.webp 1024w, https:\/\/cdn.media-acidadeon.com.br\/ribeiraopreto\/wp-content\/uploads\/sites\/3\/2025\/11\/8f4f45f0-47f9-4375-8382-bd031bad2f5c_2025-11-03_15-27-19-300x169.webp 300w, https:\/\/cdn.media-acidadeon.com.br\/ribeiraopreto\/wp-content\/uploads\/sites\/3\/2025\/11\/8f4f45f0-47f9-4375-8382-bd031bad2f5c_2025-11-03_15-27-19-768x432.webp 768w, https:\/\/cdn.media-acidadeon.com.br\/ribeiraopreto\/wp-content\/uploads\/sites\/3\/2025\/11\/8f4f45f0-47f9-4375-8382-bd031bad2f5c_2025-11-03_15-27-19-696x392.webp 696w, https:\/\/cdn.media-acidadeon.com.br\/ribeiraopreto\/wp-content\/uploads\/sites\/3\/2025\/11\/8f4f45f0-47f9-4375-8382-bd031bad2f5c_2025-11-03_15-27-19.webp 1066w\" sizes=\"auto, (max-width: 1024px) 100vw, 1024px\"\/><figcaption class=\"wp-element-caption\">Foto: Divulga\u00e7\u00e3o<\/figcaption><\/figure>\n<\/div>\n<p><mark style=\"background-color:#fcb900\" class=\"has-inline-color\">O Sesi Ribeir\u00e3o Preto fica localizado na rua Jo\u00e3o Ignacchitti, S\/N, no bairro Jardim Castelo Branco. <\/mark><\/p>\n<p>SAIBA MAIS<br \/>Parada Preta chega \u00e0 4\u00aa edi\u00e7\u00e3o em Ribeir\u00e3o com a\u00e7\u00f5es culturais e celebra\u00e7\u00e3o da diversidade<\/p>\n<h2 class=\"wp-block-heading\"><strong>FIQUE ON<\/strong><\/h2>\n<p>Fique ligado em tudo que acontece em Ribeir\u00e3o Preto e regi\u00e3o. Siga os perfis do\u00a0<strong>acidade on<\/strong>\u00a0no<a href=\"https:\/\/www.instagram.com\/acidadeonribeirao\" target=\"_blank\" rel=\"noreferrer noopener\">\u00a0Instagram\u00a0<\/a>e no\u00a0<a href=\"https:\/\/www.facebook.com\/acidadeonribeirao\/\" target=\"_blank\" rel=\"noreferrer noopener\">Facebook<\/a>.<\/p>\n<p>Receba not\u00edcias do<strong>\u00a0acidade on<\/strong>\u00a0no WhatsApp. Para entrar no grupo,\u00a0basta\u00a0<a href=\"https:\/\/chat.whatsapp.com\/I4nieTEMKlf50pJ28aMemC?mode=ac_t\" target=\"_blank\" rel=\"noreferrer noopener\">clicar aqui<\/a>. Ou, acesse o nosso\u00a0Canal\u00a0<a href=\"https:\/\/whatsapp.com\/channel\/0029Vb6IQl1JENyAeS57fk2p\" target=\"_blank\" rel=\"noreferrer noopener\">clicando aqui<\/a>.<\/p>\n<p>Fa\u00e7a uma den\u00fancia ou sugira uma reportagem sobre Ribeir\u00e3o Preto e regi\u00e3o pelo WhatsApp: 16 99117 7802.<\/p>\n<p>VEJA TAMB\u00c9M<br \/>Por onde anda Gl\u00f3ria Menezes, a Laurinha de \u2018Rainha da Sucata\u2019?<\/p>\n<p><!-- AI CONTENT END 1 -->\n<\/div>\n<p><script async src=\"\/\/www.instagram.com\/embed.js\"><\/script><br \/>\n<br \/><br \/>\n<br \/><a href=\"https:\/\/www.acidadeon.com\/ribeiraopreto\/lazer-e-cultura\/musical-oficina-e-historias-confira-a-programacao-do-sesi-ribeirao\/\">Source link <\/a><\/p>\n<!-- CONTENT END 1 -->\n","protected":false},"excerpt":{"rendered":"<p>O Sesi Ribeir\u00e3o Preto ir\u00e1 promover atra\u00e7\u00f5es em diversas linguagens art\u00edsticas, visando valorizar a cultura afro-brasileira e conscientizar sobre o racismo e a homofobia. As&#8230;<\/p>\n","protected":false},"author":1,"featured_media":79585,"comment_status":"open","ping_status":"open","sticky":false,"template":"","format":"standard","meta":{"advanced_seo_description":"","jetpack_seo_html_title":"","jetpack_seo_noindex":false,"jetpack_post_was_ever_published":false,"_jetpack_newsletter_access":"","_jetpack_dont_email_post_to_subs":false,"_jetpack_newsletter_tier_id":0,"_jetpack_memberships_contains_paywalled_content":false,"_jetpack_memberships_contains_paid_content":false,"footnotes":"","jetpack_publicize_message":"","jetpack_publicize_feature_enabled":true,"jetpack_social_post_already_shared":true,"jetpack_social_options":{"image_generator_settings":{"template":"highway","default_image_id":0,"font":"","enabled":false},"version":2}},"categories":[11],"tags":[],"class_list":["post-79584","post","type-post","status-publish","format-standard","has-post-thumbnail","hentry","category-noticias-de-ribeirao-preto-sp-e-regiao-ismael-colosi"],"jetpack_publicize_connections":[],"jetpack_featured_media_url":"https:\/\/i0.wp.com\/noticiasribeiraopreto.com.br\/wp-content\/uploads\/2025\/11\/glam_2025-11-03_15-22-49.webp.webp?fit=1200%2C594&ssl=1","jetpack-related-posts":[{"id":40716,"url":"https:\/\/noticiasribeiraopreto.com.br\/index.php\/2024\/03\/05\/sesi-divulga-programacao-gratuita-de-teatro-em-ribeirao-preto-confira\/","url_meta":{"origin":79584,"position":0},"title":"Sesi divulga programa\u00e7\u00e3o gratuita de teatro em Ribeir\u00e3o Preto; Confira","author":"noticiasribeiraopreto.com.br","date":"5 de March de 2024","format":false,"excerpt":"O Sesi anunciou a programa\u00e7\u00e3o gratuita de teatro para o pr\u00f3ximo final de semana, em Ribeir\u00e3o Preto. Conta\u00e7\u00e3o de hist\u00f3ria e musical infantil ser\u00e3o apresentados no Teatro Sesi. Confira: A partir de sexta-feira (8), o grupo Teatro D\u2019Aldeia apresenta a pe\u00e7a musical \u201cThe Bichos\u201d em dois finais de semana. Os\u2026","rel":"","context":"In &quot;Not\u00edcias de Ribeir\u00e3o Preto-SP e Regi\u00e3o&quot;","block_context":{"text":"Not\u00edcias de Ribeir\u00e3o Preto-SP e Regi\u00e3o","link":"https:\/\/noticiasribeiraopreto.com.br\/index.php\/category\/noticias-de-ribeirao-preto-sp-e-regiao-ismael-colosi\/"},"img":{"alt_text":"","src":"https:\/\/i0.wp.com\/noticiasribeiraopreto.com.br\/wp-content\/uploads\/2024\/03\/AnyConv.com__The-Bichos_Foto01-scaled.webp.webp?fit=1200%2C800&ssl=1&resize=350%2C200","width":350,"height":200,"srcset":"https:\/\/i0.wp.com\/noticiasribeiraopreto.com.br\/wp-content\/uploads\/2024\/03\/AnyConv.com__The-Bichos_Foto01-scaled.webp.webp?fit=1200%2C800&ssl=1&resize=350%2C200 1x, https:\/\/i0.wp.com\/noticiasribeiraopreto.com.br\/wp-content\/uploads\/2024\/03\/AnyConv.com__The-Bichos_Foto01-scaled.webp.webp?fit=1200%2C800&ssl=1&resize=525%2C300 1.5x, https:\/\/i0.wp.com\/noticiasribeiraopreto.com.br\/wp-content\/uploads\/2024\/03\/AnyConv.com__The-Bichos_Foto01-scaled.webp.webp?fit=1200%2C800&ssl=1&resize=700%2C400 2x, https:\/\/i0.wp.com\/noticiasribeiraopreto.com.br\/wp-content\/uploads\/2024\/03\/AnyConv.com__The-Bichos_Foto01-scaled.webp.webp?fit=1200%2C800&ssl=1&resize=1050%2C600 3x"},"classes":[]},{"id":34765,"url":"https:\/\/noticiasribeiraopreto.com.br\/index.php\/2024\/02\/03\/veja-a-programacao-do-sesi-ribeirao-preto-para-o-carnaval\/","url_meta":{"origin":79584,"position":1},"title":"Veja a programa\u00e7\u00e3o do Sesi Ribeir\u00e3o Preto para o Carnaval","author":"noticiasribeiraopreto.com.br","date":"3 de February de 2024","format":false,"excerpt":"A semana de Carnaval do Sesi Ribeir\u00e3o Preto conta com musical infantil, atra\u00e7\u00f5es musicais, desfile de fantasia e conta\u00e7\u00e3o de hist\u00f3ria. A programa\u00e7\u00e3o \u00e9 gratuita e inicia na pr\u00f3xima quinta-feira (8), confira: Musical Infantil Maria da Luz O musical infantil conta a hist\u00f3ria de um vilarejo isolado entre as montanhas\u2026","rel":"","context":"In &quot;Not\u00edcias de Ribeir\u00e3o Preto-SP e Regi\u00e3o&quot;","block_context":{"text":"Not\u00edcias de Ribeir\u00e3o Preto-SP e Regi\u00e3o","link":"https:\/\/noticiasribeiraopreto.com.br\/index.php\/category\/noticias-de-ribeirao-preto-sp-e-regiao-ismael-colosi\/"},"img":{"alt_text":"","src":"https:\/\/i0.wp.com\/noticiasribeiraopreto.com.br\/wp-content\/uploads\/2024\/02\/WhatsApp-Image-2024-02-03-at-11.09.35.jpeg?fit=1200%2C728&ssl=1&resize=350%2C200","width":350,"height":200,"srcset":"https:\/\/i0.wp.com\/noticiasribeiraopreto.com.br\/wp-content\/uploads\/2024\/02\/WhatsApp-Image-2024-02-03-at-11.09.35.jpeg?fit=1200%2C728&ssl=1&resize=350%2C200 1x, https:\/\/i0.wp.com\/noticiasribeiraopreto.com.br\/wp-content\/uploads\/2024\/02\/WhatsApp-Image-2024-02-03-at-11.09.35.jpeg?fit=1200%2C728&ssl=1&resize=525%2C300 1.5x, https:\/\/i0.wp.com\/noticiasribeiraopreto.com.br\/wp-content\/uploads\/2024\/02\/WhatsApp-Image-2024-02-03-at-11.09.35.jpeg?fit=1200%2C728&ssl=1&resize=700%2C400 2x, https:\/\/i0.wp.com\/noticiasribeiraopreto.com.br\/wp-content\/uploads\/2024\/02\/WhatsApp-Image-2024-02-03-at-11.09.35.jpeg?fit=1200%2C728&ssl=1&resize=1050%2C600 3x"},"classes":[]},{"id":60316,"url":"https:\/\/noticiasribeiraopreto.com.br\/index.php\/2024\/11\/11\/sesi-ribeirao-preto-recebe-espetaculo-de-danca-com-entrada-gratuita\/","url_meta":{"origin":79584,"position":2},"title":"Sesi Ribeir\u00e3o Preto recebe espet\u00e1culo de dan\u00e7a com entrada gratuita","author":"noticiasribeiraopreto.com.br","date":"11 de November de 2024","format":false,"excerpt":"O Centro Cultural Sesi Ribeir\u00e3o Preto recebe, entre os dias 15 e 17 de novembro, o espet\u00e1culo Ou 9 ou 80, que utiliza o passinho e o funk para narrar as hist\u00f3rias de dois crimes que marcaram o Rio de Janeiro e S\u00e3o Paulo. A entrada \u00e9 gratuita e aberta\u2026","rel":"","context":"In &quot;Not\u00edcias de Ribeir\u00e3o Preto-SP e Regi\u00e3o&quot;","block_context":{"text":"Not\u00edcias de Ribeir\u00e3o Preto-SP e Regi\u00e3o","link":"https:\/\/noticiasribeiraopreto.com.br\/index.php\/category\/noticias-de-ribeirao-preto-sp-e-regiao-ismael-colosi\/"},"img":{"alt_text":"","src":"https:\/\/i0.wp.com\/noticiasribeiraopreto.com.br\/wp-content\/uploads\/2024\/11\/c80697f7-971e-42ca-affe-a6d1553c27c6_2024-11-11_13-41-57_png_2024-11-11_13-41-57.webp.webp?fit=1066%2C600&ssl=1&resize=350%2C200","width":350,"height":200,"srcset":"https:\/\/i0.wp.com\/noticiasribeiraopreto.com.br\/wp-content\/uploads\/2024\/11\/c80697f7-971e-42ca-affe-a6d1553c27c6_2024-11-11_13-41-57_png_2024-11-11_13-41-57.webp.webp?fit=1066%2C600&ssl=1&resize=350%2C200 1x, https:\/\/i0.wp.com\/noticiasribeiraopreto.com.br\/wp-content\/uploads\/2024\/11\/c80697f7-971e-42ca-affe-a6d1553c27c6_2024-11-11_13-41-57_png_2024-11-11_13-41-57.webp.webp?fit=1066%2C600&ssl=1&resize=525%2C300 1.5x, https:\/\/i0.wp.com\/noticiasribeiraopreto.com.br\/wp-content\/uploads\/2024\/11\/c80697f7-971e-42ca-affe-a6d1553c27c6_2024-11-11_13-41-57_png_2024-11-11_13-41-57.webp.webp?fit=1066%2C600&ssl=1&resize=700%2C400 2x, https:\/\/i0.wp.com\/noticiasribeiraopreto.com.br\/wp-content\/uploads\/2024\/11\/c80697f7-971e-42ca-affe-a6d1553c27c6_2024-11-11_13-41-57_png_2024-11-11_13-41-57.webp.webp?fit=1066%2C600&ssl=1&resize=1050%2C600 3x"},"classes":[]},{"id":76327,"url":"https:\/\/noticiasribeiraopreto.com.br\/index.php\/2025\/08\/26\/sesi-ribeirao-preto-promove-feira-de-troca-de-livros-e-contacao-de-historias\/","url_meta":{"origin":79584,"position":3},"title":"Sesi Ribeir\u00e3o Preto promove feira de troca de livros e conta\u00e7\u00e3o de hist\u00f3rias","author":"noticiasribeiraopreto.com.br","date":"26 de August de 2025","format":false,"excerpt":"O Sesi Ribeir\u00e3o Preto recebe no pr\u00f3ximo dia 7 de setembro uma programa\u00e7\u00e3o cultural gratuita voltada para toda a fam\u00edlia. Das 14h \u00e0s 18h, o p\u00fablico poder\u00e1 participar da Feira de Troca de Livros, e, \u00e0s 16h, prestigiar a apresenta\u00e7\u00e3o da Tricotando Palavras, que traz ao palco contos populares do\u2026","rel":"","context":"In &quot;Not\u00edcias de Ribeir\u00e3o Preto-SP e Regi\u00e3o&quot;","block_context":{"text":"Not\u00edcias de Ribeir\u00e3o Preto-SP e Regi\u00e3o","link":"https:\/\/noticiasribeiraopreto.com.br\/index.php\/category\/noticias-de-ribeirao-preto-sp-e-regiao-ismael-colosi\/"},"img":{"alt_text":"","src":"https:\/\/i0.wp.com\/noticiasribeiraopreto.com.br\/wp-content\/uploads\/2025\/08\/6ca73552-6c46-46c7-bdae-e67d405f6388_2025-08-25_14-21-39.webp.webp?fit=1066%2C600&ssl=1&resize=350%2C200","width":350,"height":200,"srcset":"https:\/\/i0.wp.com\/noticiasribeiraopreto.com.br\/wp-content\/uploads\/2025\/08\/6ca73552-6c46-46c7-bdae-e67d405f6388_2025-08-25_14-21-39.webp.webp?fit=1066%2C600&ssl=1&resize=350%2C200 1x, https:\/\/i0.wp.com\/noticiasribeiraopreto.com.br\/wp-content\/uploads\/2025\/08\/6ca73552-6c46-46c7-bdae-e67d405f6388_2025-08-25_14-21-39.webp.webp?fit=1066%2C600&ssl=1&resize=525%2C300 1.5x, https:\/\/i0.wp.com\/noticiasribeiraopreto.com.br\/wp-content\/uploads\/2025\/08\/6ca73552-6c46-46c7-bdae-e67d405f6388_2025-08-25_14-21-39.webp.webp?fit=1066%2C600&ssl=1&resize=700%2C400 2x, https:\/\/i0.wp.com\/noticiasribeiraopreto.com.br\/wp-content\/uploads\/2025\/08\/6ca73552-6c46-46c7-bdae-e67d405f6388_2025-08-25_14-21-39.webp.webp?fit=1066%2C600&ssl=1&resize=1050%2C600 3x"},"classes":[]},{"id":57812,"url":"https:\/\/noticiasribeiraopreto.com.br\/index.php\/2024\/09\/11\/cinema-troca-de-livros-e-contacao-de-historias-sesi-ribeirao-tem-programacao-gratuita\/","url_meta":{"origin":79584,"position":4},"title":"Cinema, troca de livros e conta\u00e7\u00e3o de hist\u00f3rias: Sesi Ribeir\u00e3o tem programa\u00e7\u00e3o gratuita","author":"noticiasribeiraopreto.com.br","date":"11 de September de 2024","format":false,"excerpt":"O Sesi Ribeir\u00e3o Preto oferece uma programa\u00e7\u00e3o cultural com cinema, feira para troca de livros e conta\u00e7\u00e3o de hist\u00f3rias. As atividades t\u00eam inicio nesta quarta-feira (11), a partir das 19h30. Embora as atividades sejam\u00a0gratuitas, ainda \u00e9 necess\u00e1rio\u00a0reservar os ingressos\u00a0on-line atrav\u00e9s do sistema\u00a0Meu Sesi. Confira a programa\u00e7\u00e3o cultural completa: Mostra Cine\u2026","rel":"","context":"In &quot;Not\u00edcias de Ribeir\u00e3o Preto-SP e Regi\u00e3o&quot;","block_context":{"text":"Not\u00edcias de Ribeir\u00e3o Preto-SP e Regi\u00e3o","link":"https:\/\/noticiasribeiraopreto.com.br\/index.php\/category\/noticias-de-ribeirao-preto-sp-e-regiao-ismael-colosi\/"},"img":{"alt_text":"","src":"https:\/\/i0.wp.com\/noticiasribeiraopreto.com.br\/wp-content\/uploads\/2024\/09\/b1485220-e35f-41ef-ba0a-ac1a202d66f9_2024-09-11_12-14-48_png_2024-09-11_12-14-48.webp.webp?fit=1066%2C600&ssl=1&resize=350%2C200","width":350,"height":200,"srcset":"https:\/\/i0.wp.com\/noticiasribeiraopreto.com.br\/wp-content\/uploads\/2024\/09\/b1485220-e35f-41ef-ba0a-ac1a202d66f9_2024-09-11_12-14-48_png_2024-09-11_12-14-48.webp.webp?fit=1066%2C600&ssl=1&resize=350%2C200 1x, https:\/\/i0.wp.com\/noticiasribeiraopreto.com.br\/wp-content\/uploads\/2024\/09\/b1485220-e35f-41ef-ba0a-ac1a202d66f9_2024-09-11_12-14-48_png_2024-09-11_12-14-48.webp.webp?fit=1066%2C600&ssl=1&resize=525%2C300 1.5x, https:\/\/i0.wp.com\/noticiasribeiraopreto.com.br\/wp-content\/uploads\/2024\/09\/b1485220-e35f-41ef-ba0a-ac1a202d66f9_2024-09-11_12-14-48_png_2024-09-11_12-14-48.webp.webp?fit=1066%2C600&ssl=1&resize=700%2C400 2x, https:\/\/i0.wp.com\/noticiasribeiraopreto.com.br\/wp-content\/uploads\/2024\/09\/b1485220-e35f-41ef-ba0a-ac1a202d66f9_2024-09-11_12-14-48_png_2024-09-11_12-14-48.webp.webp?fit=1066%2C600&ssl=1&resize=1050%2C600 3x"},"classes":[]},{"id":76694,"url":"https:\/\/noticiasribeiraopreto.com.br\/index.php\/2025\/09\/03\/programacao-do-fim-de-semana-do-sesi-ribeirao-conta-com-yoga-literatura-e-artes-visuais\/","url_meta":{"origin":79584,"position":5},"title":"Programa\u00e7\u00e3o do fim de semana do Sesi Ribeir\u00e3o conta com yoga, literatura e artes visuais","author":"noticiasribeiraopreto.com.br","date":"3 de September de 2025","format":false,"excerpt":"A programa\u00e7\u00e3o deste fim de semana no Sesi Ribeir\u00e3o Preto conta com atividades gratuitas e para curtir com a fam\u00edlia. Nos dias 6 e 7 de setembro, a institui\u00e7\u00e3o oferece aul\u00e3o de yoga, oficina, feira de troca de livros e conta\u00e7\u00e3o de hist\u00f3rias infantis. Confira a programa\u00e7\u00e3o: Aul\u00e3o de Yoga\u2026","rel":"","context":"In &quot;Not\u00edcias de Ribeir\u00e3o Preto-SP e Regi\u00e3o&quot;","block_context":{"text":"Not\u00edcias de Ribeir\u00e3o Preto-SP e Regi\u00e3o","link":"https:\/\/noticiasribeiraopreto.com.br\/index.php\/category\/noticias-de-ribeirao-preto-sp-e-regiao-ismael-colosi\/"},"img":{"alt_text":"","src":"https:\/\/i0.wp.com\/noticiasribeiraopreto.com.br\/wp-content\/uploads\/2025\/09\/WhatsApp-Image-2025-09-03-at-10.41.12_2025-09-03_14-47-59.webp.webp?fit=1200%2C801&ssl=1&resize=350%2C200","width":350,"height":200,"srcset":"https:\/\/i0.wp.com\/noticiasribeiraopreto.com.br\/wp-content\/uploads\/2025\/09\/WhatsApp-Image-2025-09-03-at-10.41.12_2025-09-03_14-47-59.webp.webp?fit=1200%2C801&ssl=1&resize=350%2C200 1x, https:\/\/i0.wp.com\/noticiasribeiraopreto.com.br\/wp-content\/uploads\/2025\/09\/WhatsApp-Image-2025-09-03-at-10.41.12_2025-09-03_14-47-59.webp.webp?fit=1200%2C801&ssl=1&resize=525%2C300 1.5x, https:\/\/i0.wp.com\/noticiasribeiraopreto.com.br\/wp-content\/uploads\/2025\/09\/WhatsApp-Image-2025-09-03-at-10.41.12_2025-09-03_14-47-59.webp.webp?fit=1200%2C801&ssl=1&resize=700%2C400 2x, https:\/\/i0.wp.com\/noticiasribeiraopreto.com.br\/wp-content\/uploads\/2025\/09\/WhatsApp-Image-2025-09-03-at-10.41.12_2025-09-03_14-47-59.webp.webp?fit=1200%2C801&ssl=1&resize=1050%2C600 3x"},"classes":[]}],"jetpack_sharing_enabled":true,"jetpack_shortlink":"https:\/\/wp.me\/peQAOb-kHC","_links":{"self":[{"href":"https:\/\/noticiasribeiraopreto.com.br\/index.php\/wp-json\/wp\/v2\/posts\/79584","targetHints":{"allow":["GET"]}}],"collection":[{"href":"https:\/\/noticiasribeiraopreto.com.br\/index.php\/wp-json\/wp\/v2\/posts"}],"about":[{"href":"https:\/\/noticiasribeiraopreto.com.br\/index.php\/wp-json\/wp\/v2\/types\/post"}],"author":[{"embeddable":true,"href":"https:\/\/noticiasribeiraopreto.com.br\/index.php\/wp-json\/wp\/v2\/users\/1"}],"replies":[{"embeddable":true,"href":"https:\/\/noticiasribeiraopreto.com.br\/index.php\/wp-json\/wp\/v2\/comments?post=79584"}],"version-history":[{"count":0,"href":"https:\/\/noticiasribeiraopreto.com.br\/index.php\/wp-json\/wp\/v2\/posts\/79584\/revisions"}],"wp:featuredmedia":[{"embeddable":true,"href":"https:\/\/noticiasribeiraopreto.com.br\/index.php\/wp-json\/wp\/v2\/media\/79585"}],"wp:attachment":[{"href":"https:\/\/noticiasribeiraopreto.com.br\/index.php\/wp-json\/wp\/v2\/media?parent=79584"}],"wp:term":[{"taxonomy":"category","embeddable":true,"href":"https:\/\/noticiasribeiraopreto.com.br\/index.php\/wp-json\/wp\/v2\/categories?post=79584"},{"taxonomy":"post_tag","embeddable":true,"href":"https:\/\/noticiasribeiraopreto.com.br\/index.php\/wp-json\/wp\/v2\/tags?post=79584"}],"curies":[{"name":"wp","href":"https:\/\/api.w.org\/{rel}","templated":true}]}}