{"id":79589,"date":"2025-11-04T14:12:02","date_gmt":"2025-11-04T17:12:02","guid":{"rendered":"https:\/\/noticiasribeiraopreto.com.br\/index.php\/2025\/11\/04\/qual-e-o-nome-mais-comum-em-ribeirao-preto-veja-se-o-seu-esta-na-lista\/"},"modified":"2025-11-04T14:12:02","modified_gmt":"2025-11-04T17:12:02","slug":"qual-e-o-nome-mais-comum-em-ribeirao-preto-veja-se-o-seu-esta-na-lista","status":"publish","type":"post","link":"https:\/\/noticiasribeiraopreto.com.br\/index.php\/2025\/11\/04\/qual-e-o-nome-mais-comum-em-ribeirao-preto-veja-se-o-seu-esta-na-lista\/","title":{"rendered":"Qual \u00e9 o nome mais comum em Ribeir\u00e3o Preto? Veja se o seu est\u00e1 na lista"},"content":{"rendered":"<div class='code-block code-block-1' style='margin: 8px 0 8px auto; text-align: right; display: block; clear: both;'>\n<p><a href=\"https:\/\/wa.link\/vpicfd\"><img data-recalc-dims=\"1\" class=\"wp-image-4922\" style=\"aspect-ratio: 2.0253164556962027; width: 561px; height: auto;\" src=\"https:\/\/i0.wp.com\/ismaelcolosi.com.br\/wp-content\/uploads\/2023\/11\/grupo-de-empregos-whatsapp-e-facebook-ismael-colosi-vagas.jpg?ssl=1\" alt=\"\" \/><\/a><\/p>\n<!-- \/wp:image -->\n<\/div>\n<p> <br \/>\n<\/p>\n<div>\n<p>O<strong><a href=\"https:\/\/www.ibge.gov.br\/\" data-type=\"link\" data-id=\"https:\/\/www.ibge.gov.br\/\" target=\"_blank\" rel=\"noopener\"> IBGE<\/a><\/strong> divulgou nesta ter\u00e7a-feira (4) a segunda edi\u00e7\u00e3o do levantamento de nomes mais frequentes no Brasil, atualizados pelo <strong>Censo Demogr\u00e1fico 2022<\/strong>. Em<strong> Ribeir\u00e3o Preto<\/strong>, o nome mais comum entre as mulheres \u00e9 <strong>Maria<\/strong>, j\u00e1 entre os homens \u00e9 <strong>Jos\u00e9<\/strong>.<\/p>\n<h2 class=\"wp-block-heading\"><strong>Confira a lista abaixo:<\/strong><\/h2>\n<h3 class=\"wp-block-heading\"><strong>Mulheres<\/strong><\/h3>\n<p>1 \u2013 Maria (29.993 pessoas)<\/p>\n<p>2 \u2013 Ana (13.147 pessoas)<\/p>\n<p>3 \u2013 Julia (2.905 pessoas)<\/p>\n<p>4 \u2013 Juliana (2.530 pessoas)<\/p>\n<p>5 \u2013 Fernanda (2.381 pessoas)<\/p>\n<p>6 \u2013 Let\u00edcia (2.337 pessoas)<\/p>\n<p>7 \u2013 Mariana (2.254 pessoas)<\/p>\n<p>8 \u2013 Gabriela (2.231 pessoas)<\/p>\n<p>9 \u2013 Patr\u00edcia (2.198 pessoas)<\/p>\n<p>10 \u2013 Beatriz (2.138 pessoas)<\/p>\n<h3 class=\"wp-block-heading\"><strong>Homens<\/strong><\/h3>\n<p>1 \u2013 Jos\u00e9 (12.002 pessoas)<\/p>\n<p>2- Jo\u00e3o (10.187 pessoas)<\/p>\n<p>3 \u2013 Ant\u00f4nio (6.017 pessoas)<\/p>\n<p>4 \u2013 Pedro (5.417 pessoas)<\/p>\n<p>5 \u2013 Carlos (5.388 pessoas)<\/p>\n<p>6 \u2013 Lucas (4.968 pessoas)<\/p>\n<p>7 \u2013 Luiz (4.913 pessoas)<\/p>\n<p>8 \u2013 Gabriel (4.806 pessoas)<\/p>\n<p>9 \u2013 Paulo (4.745 pessoas)<\/p>\n<p>10 \u2013 Rafael (3.581 pessoas)<\/p>\n<h2 class=\"wp-block-heading\"><strong>Todos os nomes<\/strong><\/h2>\n<p>Todos os nomes registrados no Censo 2022 podem ser conferidos no<a href=\"https:\/\/censo2022.ibge.gov.br\/nomes\" data-type=\"link\" data-id=\"https:\/\/censo2022.ibge.gov.br\/nomes\" target=\"_blank\" rel=\"noopener\"> site<strong> Nomes no Brasil<\/strong> (clique aqui).<\/a> O site disponibiliza os nomes e sobrenomes organizados por g\u00eanero, per\u00edodo de nascimento da pessoa e letra inicial. Rankings de nomes e sobrenomes tamb\u00e9m podem ser gerados de acordo com o local selecionado pelo usu\u00e1rio: Brasil, unidades da federa\u00e7\u00e3o ou munic\u00edpios.<\/p>\n<p>\u201cA vers\u00e3o anterior do Nomes no Brasil, lan\u00e7ada em 2016 com dados do Censo 2010, foi um sucesso absoluto e inesperado de p\u00fablico. Agora que temos a real dimens\u00e3o do grande interesse da sociedade por dados sobre nomes, quisemos n\u00e3o s\u00f3 atualizar o site com dados do censo mais recente, como acrescentar mais dimens\u00f5es para se explorar\u201d, ressalta Rodrigo Almeida Rego, gerente de Inova\u00e7\u00e3o e Desenvolvimento no IBGE e respons\u00e1vel pelo projeto.<\/p>\n<p>Ao clicar em cada nome registrado, \u00e9 poss\u00edvel saber o n\u00famero total de pessoas registradas e a concentra\u00e7\u00e3o de registros por localidade, al\u00e9m de uma linha do tempo mostrando a frequ\u00eancia de registros por d\u00e9cada. O IBGE tamb\u00e9m oferece o c\u00e1lculo da idade mediana para cada um dos nomes pr\u00f3prios (indicador que divide o grupo entre os 50% mais jovens e os 50% mais velhos).<\/p>\n<p>SAIBA MAIS<br \/>Limpeza de reservat\u00f3rios deixa bairros da zona Sul de Ribeir\u00e3o Preto em alerta para falta d\u2019\u00e1gua<\/p>\n<h2 class=\"wp-block-heading\"><strong>FIQUE ON<\/strong><\/h2>\n<p>Fique ligado em tudo que acontece em Ribeir\u00e3o Preto e regi\u00e3o. Siga os perfis do<strong>\u00a0acidade on<\/strong>\u00a0no\u00a0<a href=\"https:\/\/www.instagram.com\/acidadeonribeirao\" target=\"_blank\" rel=\"noreferrer noopener\">Instagram<\/a>\u00a0e no\u00a0<a href=\"https:\/\/www.facebook.com\/acidadeonribeirao\/\" target=\"_blank\" rel=\"noreferrer noopener\">Facebook<\/a>.<\/p>\n<p>Receba not\u00edcias do\u00a0<strong>acidade on<\/strong>\u00a0no WhatsApp. Para entrar no grupo,\u00a0basta\u00a0<a href=\"https:\/\/chat.whatsapp.com\/I4nieTEMKlf50pJ28aMemC?mode=ac_t\" target=\"_blank\" rel=\"noreferrer noopener\">clicar aqui<\/a>. Ou, acesse o nosso\u00a0Canal\u00a0<a href=\"https:\/\/whatsapp.com\/channel\/0029Vb6IQl1JENyAeS57fk2p\" target=\"_blank\" rel=\"noreferrer noopener\">clicando aqui<\/a>.<\/p>\n<p>Fa\u00e7a uma den\u00fancia ou sugira uma reportagem sobre Ribeir\u00e3o Preto e regi\u00e3o pelo WhatsApp: 16 99117 7802.<\/p>\n<p>VEJA TAMB\u00c9M<br \/>Por onde ciclone extratropical deve passar?<\/p>\n<p><!-- AI CONTENT END 1 -->\n<\/div>\n<p><script async src=\"\/\/www.instagram.com\/embed.js\"><\/script><br \/>\n<br \/><br \/>\n<br \/><a href=\"https:\/\/www.acidadeon.com\/ribeiraopreto\/cotidiano\/qual-e-o-nome-mais-comum-em-ribeirao-preto-veja-se-o-seu-esta-na-lista\/\">Source link <\/a><\/p>\n<!-- CONTENT END 1 -->\n","protected":false},"excerpt":{"rendered":"<p>O IBGE divulgou nesta ter\u00e7a-feira (4) a segunda edi\u00e7\u00e3o do levantamento de nomes mais frequentes no Brasil, atualizados pelo Censo Demogr\u00e1fico 2022. Em Ribeir\u00e3o Preto,&#8230;<\/p>\n","protected":false},"author":1,"featured_media":79590,"comment_status":"open","ping_status":"open","sticky":false,"template":"","format":"standard","meta":{"advanced_seo_description":"","jetpack_seo_html_title":"","jetpack_seo_noindex":false,"jetpack_post_was_ever_published":false,"_jetpack_newsletter_access":"","_jetpack_dont_email_post_to_subs":false,"_jetpack_newsletter_tier_id":0,"_jetpack_memberships_contains_paywalled_content":false,"_jetpack_memberships_contains_paid_content":false,"footnotes":"","jetpack_publicize_message":"","jetpack_publicize_feature_enabled":true,"jetpack_social_post_already_shared":true,"jetpack_social_options":{"image_generator_settings":{"template":"highway","default_image_id":0,"font":"","enabled":false},"version":2}},"categories":[11],"tags":[],"class_list":["post-79589","post","type-post","status-publish","format-standard","has-post-thumbnail","hentry","category-noticias-de-ribeirao-preto-sp-e-regiao-ismael-colosi"],"jetpack_publicize_connections":[],"jetpack_featured_media_url":"https:\/\/i0.wp.com\/noticiasribeiraopreto.com.br\/wp-content\/uploads\/2025\/11\/CALCADAO_2024-06-18_13-51-25_jpg_2024-06-18_13-51-25.webp.webp?fit=2000%2C1260&ssl=1","jetpack-related-posts":[{"id":79586,"url":"https:\/\/noticiasribeiraopreto.com.br\/index.php\/2025\/11\/04\/qual-e-o-sobrenome-mais-comum-em-ribeirao-preto-veja-se-o-da-sua-familia-esta-na-lista\/","url_meta":{"origin":79589,"position":0},"title":"Qual \u00e9 o sobrenome mais comum em Ribeir\u00e3o Preto? Veja se o da sua fam\u00edlia est\u00e1 na lista","author":"noticiasribeiraopreto.com.br","date":"4 de November de 2025","format":false,"excerpt":"O IBGE divulgou nesta ter\u00e7a-feira (4), a segunda edi\u00e7\u00e3o do levantamento de nomes mais frequentes no Brasil, atualizados pelo Censo Demogr\u00e1fico 2022. Pela primeira vez, a lista incluiu os sobrenomes, sendo o Silva o mais comum em Ribeir\u00e3o Preto, seguido por Santos (s\u00e3o 5.931 sobrenomes aos todo na cidade). Sobrenomes\u2026","rel":"","context":"In &quot;Not\u00edcias de Ribeir\u00e3o Preto-SP e Regi\u00e3o&quot;","block_context":{"text":"Not\u00edcias de Ribeir\u00e3o Preto-SP e Regi\u00e3o","link":"https:\/\/noticiasribeiraopreto.com.br\/index.php\/category\/noticias-de-ribeirao-preto-sp-e-regiao-ismael-colosi\/"},"img":{"alt_text":"","src":"https:\/\/i0.wp.com\/noticiasribeiraopreto.com.br\/wp-content\/uploads\/2025\/11\/PORTICO-FERNANDO-GONZAGA_2024-07-05_14-45-59_jpeg_2024-07-05_14-45-59.webp.webp?fit=1200%2C800&ssl=1&resize=350%2C200","width":350,"height":200,"srcset":"https:\/\/i0.wp.com\/noticiasribeiraopreto.com.br\/wp-content\/uploads\/2025\/11\/PORTICO-FERNANDO-GONZAGA_2024-07-05_14-45-59_jpeg_2024-07-05_14-45-59.webp.webp?fit=1200%2C800&ssl=1&resize=350%2C200 1x, https:\/\/i0.wp.com\/noticiasribeiraopreto.com.br\/wp-content\/uploads\/2025\/11\/PORTICO-FERNANDO-GONZAGA_2024-07-05_14-45-59_jpeg_2024-07-05_14-45-59.webp.webp?fit=1200%2C800&ssl=1&resize=525%2C300 1.5x, https:\/\/i0.wp.com\/noticiasribeiraopreto.com.br\/wp-content\/uploads\/2025\/11\/PORTICO-FERNANDO-GONZAGA_2024-07-05_14-45-59_jpeg_2024-07-05_14-45-59.webp.webp?fit=1200%2C800&ssl=1&resize=700%2C400 2x, https:\/\/i0.wp.com\/noticiasribeiraopreto.com.br\/wp-content\/uploads\/2025\/11\/PORTICO-FERNANDO-GONZAGA_2024-07-05_14-45-59_jpeg_2024-07-05_14-45-59.webp.webp?fit=1200%2C800&ssl=1&resize=1050%2C600 3x"},"classes":[]},{"id":79637,"url":"https:\/\/noticiasribeiraopreto.com.br\/index.php\/2025\/11\/05\/confira-nomes-e-sobrenomes-mais-comuns-no-pais-segundo-o-ibge\/","url_meta":{"origin":79589,"position":1},"title":"Confira nomes e sobrenomes mais comuns no pa\u00eds, segundo o IBGE","author":"noticiasribeiraopreto.com.br","date":"5 de November de 2025","format":false,"excerpt":"5 de novembro de 2025 07:122 Compartilhar0 Maria, Jos\u00e9, Silva e Santos lideram ranking do IBGE O Brasil \u00e9 um pa\u00eds formado principalmente por Marias, Jos\u00e9s, Silvas e Santos. De cada cem brasileiros, seis s\u00e3o Marias. Elas somam 12,3 milh\u00f5es de pessoas. Nas cidades cearenses de Morrinhos e Bela Cruz,\u2026","rel":"","context":"In &quot;Not\u00edcias de Ribeir\u00e3o Preto-SP e Regi\u00e3o&quot;","block_context":{"text":"Not\u00edcias de Ribeir\u00e3o Preto-SP e Regi\u00e3o","link":"https:\/\/noticiasribeiraopreto.com.br\/index.php\/category\/noticias-de-ribeirao-preto-sp-e-regiao-ismael-colosi\/"},"img":{"alt_text":"","src":"https:\/\/i0.wp.com\/noticiasribeiraopreto.com.br\/wp-content\/uploads\/2025\/11\/nomes.webp.webp?fit=1170%2C700&ssl=1&resize=350%2C200","width":350,"height":200,"srcset":"https:\/\/i0.wp.com\/noticiasribeiraopreto.com.br\/wp-content\/uploads\/2025\/11\/nomes.webp.webp?fit=1170%2C700&ssl=1&resize=350%2C200 1x, https:\/\/i0.wp.com\/noticiasribeiraopreto.com.br\/wp-content\/uploads\/2025\/11\/nomes.webp.webp?fit=1170%2C700&ssl=1&resize=525%2C300 1.5x, https:\/\/i0.wp.com\/noticiasribeiraopreto.com.br\/wp-content\/uploads\/2025\/11\/nomes.webp.webp?fit=1170%2C700&ssl=1&resize=700%2C400 2x, https:\/\/i0.wp.com\/noticiasribeiraopreto.com.br\/wp-content\/uploads\/2025\/11\/nomes.webp.webp?fit=1170%2C700&ssl=1&resize=1050%2C600 3x"},"classes":[]},{"id":50101,"url":"https:\/\/noticiasribeiraopreto.com.br\/index.php\/2024\/05\/14\/homens-se-casam-mais-do-que-as-mulheres-a-partir-dos-30-anos-em-ribeirao-preto\/","url_meta":{"origin":79589,"position":2},"title":"Homens se casam mais do que as mulheres a partir dos 30 anos em Ribeir\u00e3o Preto","author":"noticiasribeiraopreto.com.br","date":"14 de May de 2024","format":false,"excerpt":"Uma pesquisa realizada pela Funda\u00e7\u00e3o Seade aponta que homens se casam mais do que as mulheres a partir dos 30 anos em Ribeir\u00e3o Preto. Os dados sobre casamentos em 2024 foram divulgados nesta ter\u00e7a-feira (14) e s\u00e3o divididos entre os sexos por regi\u00e3o administrativa e por munic\u00edpio do estado de\u2026","rel":"","context":"In &quot;Not\u00edcias de Ribeir\u00e3o Preto-SP e Regi\u00e3o&quot;","block_context":{"text":"Not\u00edcias de Ribeir\u00e3o Preto-SP e Regi\u00e3o","link":"https:\/\/noticiasribeiraopreto.com.br\/index.php\/category\/noticias-de-ribeirao-preto-sp-e-regiao-ismael-colosi\/"},"img":{"alt_text":"","src":"https:\/\/i0.wp.com\/noticiasribeiraopreto.com.br\/wp-content\/uploads\/2024\/05\/wedding-g9aad253bf_1920.jpg?fit=1200%2C800&ssl=1&resize=350%2C200","width":350,"height":200,"srcset":"https:\/\/i0.wp.com\/noticiasribeiraopreto.com.br\/wp-content\/uploads\/2024\/05\/wedding-g9aad253bf_1920.jpg?fit=1200%2C800&ssl=1&resize=350%2C200 1x, https:\/\/i0.wp.com\/noticiasribeiraopreto.com.br\/wp-content\/uploads\/2024\/05\/wedding-g9aad253bf_1920.jpg?fit=1200%2C800&ssl=1&resize=525%2C300 1.5x, https:\/\/i0.wp.com\/noticiasribeiraopreto.com.br\/wp-content\/uploads\/2024\/05\/wedding-g9aad253bf_1920.jpg?fit=1200%2C800&ssl=1&resize=700%2C400 2x, https:\/\/i0.wp.com\/noticiasribeiraopreto.com.br\/wp-content\/uploads\/2024\/05\/wedding-g9aad253bf_1920.jpg?fit=1200%2C800&ssl=1&resize=1050%2C600 3x"},"classes":[]},{"id":18105,"url":"https:\/\/noticiasribeiraopreto.com.br\/index.php\/2023\/12\/19\/os-nomes-preferidos-pelos-pais\/","url_meta":{"origin":79589,"position":3},"title":"Os nomes preferidos pelos pais","author":"noticiasribeiraopreto.com.br","date":"19 de December de 2023","format":false,"excerpt":"Nomes curtos, b\u00edblicos e originais, cada vez mais adotados pelos influenciadores da atualidade, \u00e9 a tend\u00eancia observada nos registros de nascimento de beb\u00eas no Brasil no ano de 2023. Em Ribeir\u00e3o Preto, Helena empatou com Miguel como o nome preferido, com 124 registros neste ano. O terceiro lugar teve 104\u2026","rel":"","context":"In &quot;Not\u00edcias de Ribeir\u00e3o Preto-SP e Regi\u00e3o&quot;","block_context":{"text":"Not\u00edcias de Ribeir\u00e3o Preto-SP e Regi\u00e3o","link":"https:\/\/noticiasribeiraopreto.com.br\/index.php\/category\/noticias-de-ribeirao-preto-sp-e-regiao-ismael-colosi\/"},"img":{"alt_text":"","src":"https:\/\/i0.wp.com\/noticiasribeiraopreto.com.br\/wp-content\/uploads\/2023\/12\/Nomes-Agencia-Brasil.png?fit=1000%2C598&ssl=1&resize=350%2C200","width":350,"height":200,"srcset":"https:\/\/i0.wp.com\/noticiasribeiraopreto.com.br\/wp-content\/uploads\/2023\/12\/Nomes-Agencia-Brasil.png?fit=1000%2C598&ssl=1&resize=350%2C200 1x, https:\/\/i0.wp.com\/noticiasribeiraopreto.com.br\/wp-content\/uploads\/2023\/12\/Nomes-Agencia-Brasil.png?fit=1000%2C598&ssl=1&resize=525%2C300 1.5x, https:\/\/i0.wp.com\/noticiasribeiraopreto.com.br\/wp-content\/uploads\/2023\/12\/Nomes-Agencia-Brasil.png?fit=1000%2C598&ssl=1&resize=700%2C400 2x"},"classes":[]},{"id":81057,"url":"https:\/\/noticiasribeiraopreto.com.br\/index.php\/2025\/12\/22\/pelo-2o-ano-helena-lidera-ranking-de-nomes-registrados-veja-a-lista\/","url_meta":{"origin":79589,"position":4},"title":"Pelo 2\u00ba ano, Helena lidera ranking de nomes registrados; veja a lista","author":"noticiasribeiraopreto.com.br","date":"22 de December de 2025","format":false,"excerpt":"\r \r \r 22 de dezembro de 2025 12:38 \r Compartilhar0 Pelo segundo ano consecutivo, o nome Helena \u00e9 o mais registrado no pa\u00eds. Em 2025, o Brasil ganhou 28.271 Helenas. Esse feito das Helenas consolida uma trajet\u00f3ria de populariza\u00e7\u00e3o de um nome que j\u00e1 foi prefer\u00eancia nacional na d\u00e9cada\u2026","rel":"","context":"In &quot;Not\u00edcias de Ribeir\u00e3o Preto-SP e Regi\u00e3o&quot;","block_context":{"text":"Not\u00edcias de Ribeir\u00e3o Preto-SP e Regi\u00e3o","link":"https:\/\/noticiasribeiraopreto.com.br\/index.php\/category\/noticias-de-ribeirao-preto-sp-e-regiao-ismael-colosi\/"},"img":{"alt_text":"","src":"https:\/\/i0.wp.com\/noticiasribeiraopreto.com.br\/wp-content\/uploads\/2025\/12\/2022-05-13t194134z_1_lynxnpei4c0sn_rtroptp_4_salud-bebes-muerte-subita.webp.webp?fit=1170%2C700&ssl=1&resize=350%2C200","width":350,"height":200,"srcset":"https:\/\/i0.wp.com\/noticiasribeiraopreto.com.br\/wp-content\/uploads\/2025\/12\/2022-05-13t194134z_1_lynxnpei4c0sn_rtroptp_4_salud-bebes-muerte-subita.webp.webp?fit=1170%2C700&ssl=1&resize=350%2C200 1x, https:\/\/i0.wp.com\/noticiasribeiraopreto.com.br\/wp-content\/uploads\/2025\/12\/2022-05-13t194134z_1_lynxnpei4c0sn_rtroptp_4_salud-bebes-muerte-subita.webp.webp?fit=1170%2C700&ssl=1&resize=525%2C300 1.5x, https:\/\/i0.wp.com\/noticiasribeiraopreto.com.br\/wp-content\/uploads\/2025\/12\/2022-05-13t194134z_1_lynxnpei4c0sn_rtroptp_4_salud-bebes-muerte-subita.webp.webp?fit=1170%2C700&ssl=1&resize=700%2C400 2x, https:\/\/i0.wp.com\/noticiasribeiraopreto.com.br\/wp-content\/uploads\/2025\/12\/2022-05-13t194134z_1_lynxnpei4c0sn_rtroptp_4_salud-bebes-muerte-subita.webp.webp?fit=1170%2C700&ssl=1&resize=1050%2C600 3x"},"classes":[]},{"id":25256,"url":"https:\/\/noticiasribeiraopreto.com.br\/index.php\/2024\/01\/06\/veja-a-lista-de-cidades-com-mais-pessoas-em-situacao-de-rua-no-brasil-ribeirao-tem-mais-de-500-1\/","url_meta":{"origin":79589,"position":5},"title":"Veja a lista de cidades com mais pessoas em situa\u00e7\u00e3o de rua no Brasil; Ribeir\u00e3o tem mais de 500","author":"noticiasribeiraopreto.com.br","date":"6 de January de 2024","format":false,"excerpt":"Um levantamento realizado pelo Observat\u00f3rio Nacional dos Direitos Humanos mostrou que, entre 2018 e julho de 2023, o n\u00famero de pessoas em situa\u00e7\u00e3o de rua (PSR) cadastradas no Cadastro \u00danico quase dobrou. Em 2018, o registro aponta que existiam 116 mil pessoas nessa situa\u00e7\u00e3o. J\u00e1 em 2023, s\u00e3o mais de\u2026","rel":"","context":"In &quot;Not\u00edcias de Ribeir\u00e3o Preto-SP e Regi\u00e3o&quot;","block_context":{"text":"Not\u00edcias de Ribeir\u00e3o Preto-SP e Regi\u00e3o","link":"https:\/\/noticiasribeiraopreto.com.br\/index.php\/category\/noticias-de-ribeirao-preto-sp-e-regiao-ismael-colosi\/"},"img":{"alt_text":"","src":"https:\/\/i0.wp.com\/noticiasribeiraopreto.com.br\/wp-content\/uploads\/2024\/01\/morador_de_1200x675_14042022205812.jpg?fit=1200%2C675&ssl=1&resize=350%2C200","width":350,"height":200,"srcset":"https:\/\/i0.wp.com\/noticiasribeiraopreto.com.br\/wp-content\/uploads\/2024\/01\/morador_de_1200x675_14042022205812.jpg?fit=1200%2C675&ssl=1&resize=350%2C200 1x, https:\/\/i0.wp.com\/noticiasribeiraopreto.com.br\/wp-content\/uploads\/2024\/01\/morador_de_1200x675_14042022205812.jpg?fit=1200%2C675&ssl=1&resize=525%2C300 1.5x, https:\/\/i0.wp.com\/noticiasribeiraopreto.com.br\/wp-content\/uploads\/2024\/01\/morador_de_1200x675_14042022205812.jpg?fit=1200%2C675&ssl=1&resize=700%2C400 2x, https:\/\/i0.wp.com\/noticiasribeiraopreto.com.br\/wp-content\/uploads\/2024\/01\/morador_de_1200x675_14042022205812.jpg?fit=1200%2C675&ssl=1&resize=1050%2C600 3x"},"classes":[]}],"jetpack_sharing_enabled":true,"jetpack_shortlink":"https:\/\/wp.me\/peQAOb-kHH","_links":{"self":[{"href":"https:\/\/noticiasribeiraopreto.com.br\/index.php\/wp-json\/wp\/v2\/posts\/79589","targetHints":{"allow":["GET"]}}],"collection":[{"href":"https:\/\/noticiasribeiraopreto.com.br\/index.php\/wp-json\/wp\/v2\/posts"}],"about":[{"href":"https:\/\/noticiasribeiraopreto.com.br\/index.php\/wp-json\/wp\/v2\/types\/post"}],"author":[{"embeddable":true,"href":"https:\/\/noticiasribeiraopreto.com.br\/index.php\/wp-json\/wp\/v2\/users\/1"}],"replies":[{"embeddable":true,"href":"https:\/\/noticiasribeiraopreto.com.br\/index.php\/wp-json\/wp\/v2\/comments?post=79589"}],"version-history":[{"count":0,"href":"https:\/\/noticiasribeiraopreto.com.br\/index.php\/wp-json\/wp\/v2\/posts\/79589\/revisions"}],"wp:featuredmedia":[{"embeddable":true,"href":"https:\/\/noticiasribeiraopreto.com.br\/index.php\/wp-json\/wp\/v2\/media\/79590"}],"wp:attachment":[{"href":"https:\/\/noticiasribeiraopreto.com.br\/index.php\/wp-json\/wp\/v2\/media?parent=79589"}],"wp:term":[{"taxonomy":"category","embeddable":true,"href":"https:\/\/noticiasribeiraopreto.com.br\/index.php\/wp-json\/wp\/v2\/categories?post=79589"},{"taxonomy":"post_tag","embeddable":true,"href":"https:\/\/noticiasribeiraopreto.com.br\/index.php\/wp-json\/wp\/v2\/tags?post=79589"}],"curies":[{"name":"wp","href":"https:\/\/api.w.org\/{rel}","templated":true}]}}