{"id":79593,"date":"2025-11-04T16:46:28","date_gmt":"2025-11-04T19:46:28","guid":{"rendered":"https:\/\/noticiasribeiraopreto.com.br\/index.php\/2025\/11\/04\/clube-e-condenado-a-pagar-r-242-mil-a-pais-de-jogador-de-ribeirao-que-morreu-apos-treinar-com-dengue\/"},"modified":"2025-11-04T16:46:28","modified_gmt":"2025-11-04T19:46:28","slug":"clube-e-condenado-a-pagar-r-242-mil-a-pais-de-jogador-de-ribeirao-que-morreu-apos-treinar-com-dengue","status":"publish","type":"post","link":"https:\/\/noticiasribeiraopreto.com.br\/index.php\/2025\/11\/04\/clube-e-condenado-a-pagar-r-242-mil-a-pais-de-jogador-de-ribeirao-que-morreu-apos-treinar-com-dengue\/","title":{"rendered":"Clube \u00e9 condenado a pagar R$ 242 mil a pais de jogador de Ribeir\u00e3o que morreu ap\u00f3s treinar com dengue"},"content":{"rendered":"<div class='code-block code-block-1' style='margin: 8px 0 8px auto; text-align: right; display: block; clear: both;'>\n<p><a href=\"https:\/\/wa.link\/vpicfd\"><img data-recalc-dims=\"1\" class=\"wp-image-4922\" style=\"aspect-ratio: 2.0253164556962027; width: 561px; height: auto;\" src=\"https:\/\/i0.wp.com\/ismaelcolosi.com.br\/wp-content\/uploads\/2023\/11\/grupo-de-empregos-whatsapp-e-facebook-ismael-colosi-vagas.jpg?ssl=1\" alt=\"\" \/><\/a><\/p>\n<!-- \/wp:image -->\n<\/div>\n<p> <br \/>\n<\/p>\n<div>\n<p>O Tribunal Regional do Trabalho do Rio de Janeiro (TRT-RJ) condenou o <strong>Volta Redonda Futebol Clube<\/strong> ao pagamento de R$ 242,5 mil de <strong>indeniza\u00e7\u00e3o por danos morais e materiais<\/strong> aos pais do jogador <strong>Eduardo Felipe de Ara\u00fajo Lima<\/strong>, conhecido como <strong>Dudu<\/strong>, natural de <strong>Ribeir\u00e3o Preto<\/strong>, que morreu em 2017, aos 18 anos, ap\u00f3s treinar mesmo infectado por <strong>dengue<\/strong>.<\/p>\n<p>A decis\u00e3o reconheceu que o <strong>clube foi negligente<\/strong> ao n\u00e3o afastar o atleta nem oferecer <strong>atendimento m\u00e9dico imediato e adequado<\/strong>, o que agravou o quadro cl\u00ednico e levou \u00e0 <strong>morte por inj\u00faria renal aguda<\/strong>.<\/p>\n<div class=\"wp-block-image\">\n<figure class=\"aligncenter size-full is-resized\"><img data-recalc-dims=\"1\" fetchpriority=\"high\" decoding=\"async\" width=\"984\" height=\"979\" src=\"https:\/\/i0.wp.com\/cdn.media-acidadeon.com.br\/ribeiraopreto\/wp-content\/uploads\/sites\/3\/2025\/11\/image_2025-11-04_19-00-20.webp?resize=984%2C979&#038;ssl=1\" alt=\"jogador clube\" class=\"wp-image-134718\" style=\"width:695px;height:auto\" title=\"Clube \u00e9 condenado a pagar R$ 242 mil a pais de jogador de Ribeir\u00e3o que morreu ap\u00f3s treinar com dengue 1\" srcset=\"https:\/\/cdn.media-acidadeon.com.br\/ribeiraopreto\/wp-content\/uploads\/sites\/3\/2025\/11\/image_2025-11-04_19-00-20.webp 984w, https:\/\/cdn.media-acidadeon.com.br\/ribeiraopreto\/wp-content\/uploads\/sites\/3\/2025\/11\/image_2025-11-04_19-00-20-300x298.webp 300w, https:\/\/cdn.media-acidadeon.com.br\/ribeiraopreto\/wp-content\/uploads\/sites\/3\/2025\/11\/image_2025-11-04_19-00-20-150x150.webp 150w, https:\/\/cdn.media-acidadeon.com.br\/ribeiraopreto\/wp-content\/uploads\/sites\/3\/2025\/11\/image_2025-11-04_19-00-20-768x764.webp 768w, https:\/\/cdn.media-acidadeon.com.br\/ribeiraopreto\/wp-content\/uploads\/sites\/3\/2025\/11\/image_2025-11-04_19-00-20-696x692.webp 696w\" sizes=\"(max-width: 984px) 100vw, 984px\"\/><figcaption class=\"wp-element-caption\">Eduardo Felipe, o Dudu, ex-jogador da base do Volta Redonda, morreu em 2015 \u2014 Foto: Arquivo Pessoal<\/figcaption><\/figure>\n<\/div>\n<h2 class=\"wp-block-heading\"><strong>O caso<\/strong><\/h2>\n<p>Durante os treinos, segundo relatos e documentos anexados ao processo, Dudu apresentou <strong>sintomas de febre, cansa\u00e7o e mal-estar<\/strong>, compat\u00edveis com <strong>dengue<\/strong>. Mesmo assim, o jovem continuou sendo escalado para os treinos, <strong>sem acompanhamento m\u00e9dico<\/strong> e <strong>sem afastamento das atividades f\u00edsicas<\/strong>.<\/p>\n<div class=\"wp-block-image\">\n<figure class=\"aligncenter size-full\"><img data-recalc-dims=\"1\" loading=\"lazy\" decoding=\"async\" width=\"541\" height=\"363\" src=\"https:\/\/i0.wp.com\/cdn.media-acidadeon.com.br\/ribeiraopreto\/wp-content\/uploads\/sites\/3\/2025\/11\/image_2025-11-04_19-04-59.webp?resize=541%2C363&#038;ssl=1\" alt=\"jogador\" class=\"wp-image-134719\" title=\"Clube \u00e9 condenado a pagar R$ 242 mil a pais de jogador de Ribeir\u00e3o que morreu ap\u00f3s treinar com dengue 2\" srcset=\"https:\/\/cdn.media-acidadeon.com.br\/ribeiraopreto\/wp-content\/uploads\/sites\/3\/2025\/11\/image_2025-11-04_19-04-59.webp 541w, https:\/\/cdn.media-acidadeon.com.br\/ribeiraopreto\/wp-content\/uploads\/sites\/3\/2025\/11\/image_2025-11-04_19-04-59-300x201.webp 300w\" sizes=\"auto, (max-width: 541px) 100vw, 541px\"\/><figcaption class=\"wp-element-caption\">Dudu vestia a camisa do Volta Redonda \u2013 Foto: Arquivo pessoal<\/figcaption><\/figure>\n<\/div>\n<p>A <strong>per\u00edcia judicial<\/strong> confirmou que a continuidade dos treinos durante o per\u00edodo de infec\u00e7\u00e3o resultou no <strong>agravamento do quadro<\/strong>, levando a uma <strong>inj\u00faria renal aguda<\/strong> e, posteriormente, \u00e0 <strong>morte do atleta<\/strong>. O laudo pericial apontou que o clube <strong>descumpriu normas b\u00e1sicas de sa\u00fade e seguran\u00e7a no trabalho<\/strong>, n\u00e3o garantindo diagn\u00f3stico r\u00e1pido nem estrutura m\u00e9dica compat\u00edvel com o quadro apresentado.<\/p>\n<p>Para o TRT-RJ, o caso configura <strong>doen\u00e7a laboral<\/strong>, pois o agravamento da doen\u00e7a decorreu das <strong>condi\u00e7\u00f5es de trabalho<\/strong> e da <strong>omiss\u00e3o da institui\u00e7\u00e3o<\/strong>. A Justi\u00e7a considerou que o clube <strong>deixou de cumprir seu dever de cuidado<\/strong>, o que caracteriza <strong>neglig\u00eancia<\/strong>.<\/p>\n<h3 class=\"wp-block-heading\"><strong>\u2018Nenhum valor compensa a perda de um filho<\/strong>\u2018<\/h3>\n<p>A fam\u00edlia do atleta \u00e9 representada pela <strong>advogada ribeir\u00e3o-pretana Poliana Beordo<\/strong>, especialista em Direito Trabalhista e Previdenci\u00e1rio, que destacou a import\u00e2ncia da decis\u00e3o para a categoria de base no futebol brasileiro.<\/p>\n<figure class=\"wp-block-pullquote\">\n<blockquote>\n<p>Ficou comprovado que o atleta foi exposto a condi\u00e7\u00f5es inseguras e \u00e0 falta de cuidado m\u00e9dico. O reconhecimento da doen\u00e7a laboral representa uma vit\u00f3ria da justi\u00e7a e da verdade<\/p>\n<p><cite>afirmou a advogada<\/cite><\/p><\/blockquote>\n<\/figure>\n<p>Para ela, a senten\u00e7a vai al\u00e9m da repara\u00e7\u00e3o financeira:<\/p>\n<figure class=\"wp-block-pullquote\">\n<blockquote>\n<p>Nenhum valor compensa a perda de um filho, mas decis\u00f5es como esta ajudam a transformar a dor em mudan\u00e7a. Que o caso de Dudu sirva de alerta para que clubes e institui\u00e7\u00f5es priorizem a vida acima de qualquer resultado.<\/p>\n<p><cite>finalizou<\/cite><\/p><\/blockquote>\n<\/figure>\n<h3 class=\"wp-block-heading\"><strong>O que diz o clube?<\/strong><\/h3>\n<p>Em nota enviada \u00e0 reportagem do <em>acidade on<\/em>, o <strong>Volta Redonda<\/strong> informou que foi <strong>intimado sobre a decis\u00e3o<\/strong> e j\u00e1 apresentou <strong>recurso<\/strong>, pedindo que prevale\u00e7a a <strong>senten\u00e7a de primeira inst\u00e2ncia<\/strong>, que havia <strong>isentado o clube de responsabilidade<\/strong>.<\/p>\n<p><strong>Leia na \u00edntegra:<\/strong><\/p>\n<p><em>O clube foi intimado sobre esta decis\u00e3o da Justi\u00e7a e est\u00e1 recorrendo para que prevale\u00e7a a senten\u00e7a de primeira inst\u00e2ncia, que isenta VRFC de qualquer responsabilidade.<\/em><\/p>\n<hr class=\"wp-block-separator has-alpha-channel-opacity\"\/>\n<p>SAIBA MAIS<\/p>\n<p>Qual \u00e9 o nome mais comum em Ribeir\u00e3o Preto? Veja se o seu est\u00e1 na lista<\/p>\n<h2 class=\"wp-block-heading\"><strong>FIQUE ON<\/strong><\/h2>\n<p>Fique ligado em tudo que acontece em Ribeir\u00e3o Preto e regi\u00e3o. Siga os perfis do<strong>\u00a0acidade on<\/strong>\u00a0no\u00a0<a href=\"https:\/\/www.instagram.com\/acidadeonribeirao\" target=\"_blank\" rel=\"noreferrer noopener\">Instagram<\/a>\u00a0e no\u00a0<a href=\"https:\/\/www.facebook.com\/acidadeonribeirao\/\" target=\"_blank\" rel=\"noreferrer noopener\">Facebook<\/a>.<\/p>\n<p>Receba not\u00edcias do\u00a0<strong>acidade on<\/strong>\u00a0no WhatsApp. Para entrar no grupo,\u00a0basta\u00a0<a href=\"https:\/\/chat.whatsapp.com\/I4nieTEMKlf50pJ28aMemC?mode=ac_t\" target=\"_blank\" rel=\"noreferrer noopener\">clicar aqui<\/a>. Ou, acesse o nosso\u00a0Canal\u00a0<a href=\"https:\/\/whatsapp.com\/channel\/0029Vb6IQl1JENyAeS57fk2p\" target=\"_blank\" rel=\"noreferrer noopener\">clicando aqui<\/a>.<\/p>\n<p>Fa\u00e7a uma den\u00fancia ou sugira uma reportagem sobre Ribeir\u00e3o Preto e regi\u00e3o pelo WhatsApp: 16 99117 7802.<\/p>\n<p>VEJA TAMB\u00c9M<\/p>\n<p>O que aconteceu na primeira audi\u00eancia do caso do Hytalo Santos?<\/p>\n<p><!-- AI CONTENT END 1 -->\n<\/div>\n<p><script async src=\"\/\/www.instagram.com\/embed.js\"><\/script><br \/>\n<br \/><br \/>\n<br \/><a href=\"https:\/\/www.acidadeon.com\/ribeiraopreto\/esportes\/clube-e-condenado-a-pagar-r-242-mil-a-pais-de-jogador-de-ribeirao-morto-apos-treinar-com-dengue\/\">Source link <\/a><\/p>\n<!-- CONTENT END 1 -->\n","protected":false},"excerpt":{"rendered":"<p>O Tribunal Regional do Trabalho do Rio de Janeiro (TRT-RJ) condenou o Volta Redonda Futebol Clube ao pagamento de R$ 242,5 mil de indeniza\u00e7\u00e3o por&#8230;<\/p>\n","protected":false},"author":1,"featured_media":79594,"comment_status":"open","ping_status":"open","sticky":false,"template":"","format":"standard","meta":{"advanced_seo_description":"","jetpack_seo_html_title":"","jetpack_seo_noindex":false,"jetpack_post_was_ever_published":false,"_jetpack_newsletter_access":"","_jetpack_dont_email_post_to_subs":false,"_jetpack_newsletter_tier_id":0,"_jetpack_memberships_contains_paywalled_content":false,"_jetpack_memberships_contains_paid_content":false,"footnotes":"","jetpack_publicize_message":"","jetpack_publicize_feature_enabled":true,"jetpack_social_post_already_shared":true,"jetpack_social_options":{"image_generator_settings":{"template":"highway","default_image_id":0,"font":"","enabled":false},"version":2}},"categories":[11],"tags":[],"class_list":["post-79593","post","type-post","status-publish","format-standard","has-post-thumbnail","hentry","category-noticias-de-ribeirao-preto-sp-e-regiao-ismael-colosi"],"jetpack_publicize_connections":[],"jetpack_featured_media_url":"https:\/\/i0.wp.com\/noticiasribeiraopreto.com.br\/wp-content\/uploads\/2025\/11\/Copia-de-Copia-de-Copia-de-TAMANHO-EXATO-PARA-FOTOS-NO-SISTEMA-NOVO-2025-11-04T160749.239_2025-11-04_19-08-08.webp.webp?fit=1200%2C675&ssl=1","jetpack-related-posts":[{"id":79355,"url":"https:\/\/noticiasribeiraopreto.com.br\/index.php\/2025\/10\/30\/justica-aponta-negligencia-e-condena-clube-por-morte-de-jogador-de-rp\/","url_meta":{"origin":79593,"position":0},"title":"Justi\u00e7a aponta neglig\u00eancia e condena clube por morte de jogador de RP","author":"noticiasribeiraopreto.com.br","date":"30 de October de 2025","format":false,"excerpt":"30 de outubro de 2025 09:4530 de outubro de 2025 08:2410 Compartilhar0 Eduardo Felipe de Ara\u00fajo Lima, conhecido como Dudu, morreu em 2015, aos 19 anos Pr\u00f3ximo advers\u00e1rio do Botafogo na S\u00e9rie B do Campeonato Brasileiro, o Volta Redonda foi condenado pela Justi\u00e7a do Trabalho do Rio de Janeiro, neste\u2026","rel":"","context":"In &quot;Not\u00edcias de Ribeir\u00e3o Preto-SP e Regi\u00e3o&quot;","block_context":{"text":"Not\u00edcias de Ribeir\u00e3o Preto-SP e Regi\u00e3o","link":"https:\/\/noticiasribeiraopreto.com.br\/index.php\/category\/noticias-de-ribeirao-preto-sp-e-regiao-ismael-colosi\/"},"img":{"alt_text":"","src":"https:\/\/i0.wp.com\/noticiasribeiraopreto.com.br\/wp-content\/uploads\/2025\/10\/2-Dudu-Volta-Redonda-Divulgacao.jpeg?fit=320%2C489&ssl=1&resize=350%2C200","width":350,"height":200},"classes":[]},{"id":73729,"url":"https:\/\/noticiasribeiraopreto.com.br\/index.php\/2025\/07\/08\/de-ribeirao-preto-para-o-mundial-joao-pedro-marca-dois-e-classifica-o-chelsea\/","url_meta":{"origin":79593,"position":1},"title":"De Ribeir\u00e3o Preto para o Mundial: Jo\u00e3o Pedro marca dois e classifica o Chelsea","author":"noticiasribeiraopreto.com.br","date":"8 de July de 2025","format":false,"excerpt":"Jo\u00e3o Pedro, atacante natural de Ribeir\u00e3o Preto, marcou os dois gols da vit\u00f3ria do Chelsea sobre o Fluminense nesta ter\u00e7a-feira (8) e garantiu a vaga do time ingl\u00eas na final do Mundial de Clubes da FIFA. O jogador decidiu o confronto diante do clube que o revelou e protagonizou a\u2026","rel":"","context":"In &quot;Not\u00edcias de Ribeir\u00e3o Preto-SP e Regi\u00e3o&quot;","block_context":{"text":"Not\u00edcias de Ribeir\u00e3o Preto-SP e Regi\u00e3o","link":"https:\/\/noticiasribeiraopreto.com.br\/index.php\/category\/noticias-de-ribeirao-preto-sp-e-regiao-ismael-colosi\/"},"img":{"alt_text":"","src":"https:\/\/i0.wp.com\/noticiasribeiraopreto.com.br\/wp-content\/uploads\/2025\/07\/Copia-de-Copia-de-Copia-de-TAMANHO-EXATO-PARA-FOTOS-NO-SISTEMA-NOVO-2025-07-08T175340.125_2025-07-08_20-53-54.webp.webp?fit=1200%2C675&ssl=1&resize=350%2C200","width":350,"height":200,"srcset":"https:\/\/i0.wp.com\/noticiasribeiraopreto.com.br\/wp-content\/uploads\/2025\/07\/Copia-de-Copia-de-Copia-de-TAMANHO-EXATO-PARA-FOTOS-NO-SISTEMA-NOVO-2025-07-08T175340.125_2025-07-08_20-53-54.webp.webp?fit=1200%2C675&ssl=1&resize=350%2C200 1x, https:\/\/i0.wp.com\/noticiasribeiraopreto.com.br\/wp-content\/uploads\/2025\/07\/Copia-de-Copia-de-Copia-de-TAMANHO-EXATO-PARA-FOTOS-NO-SISTEMA-NOVO-2025-07-08T175340.125_2025-07-08_20-53-54.webp.webp?fit=1200%2C675&ssl=1&resize=525%2C300 1.5x, https:\/\/i0.wp.com\/noticiasribeiraopreto.com.br\/wp-content\/uploads\/2025\/07\/Copia-de-Copia-de-Copia-de-TAMANHO-EXATO-PARA-FOTOS-NO-SISTEMA-NOVO-2025-07-08T175340.125_2025-07-08_20-53-54.webp.webp?fit=1200%2C675&ssl=1&resize=700%2C400 2x, https:\/\/i0.wp.com\/noticiasribeiraopreto.com.br\/wp-content\/uploads\/2025\/07\/Copia-de-Copia-de-Copia-de-TAMANHO-EXATO-PARA-FOTOS-NO-SISTEMA-NOVO-2025-07-08T175340.125_2025-07-08_20-53-54.webp.webp?fit=1200%2C675&ssl=1&resize=1050%2C600 3x"},"classes":[]},{"id":64269,"url":"https:\/\/noticiasribeiraopreto.com.br\/index.php\/2025\/03\/06\/pedro-severino-chega-a-hospital-em-ribeirao-preto-apos-2h-de-viagem\/","url_meta":{"origin":79593,"position":2},"title":"Pedro Severino Chega a Hospital em Ribeir\u00e3o Preto Ap\u00f3s 2h de Viagem","author":"noticiasribeiraopreto.com.br","date":"6 de March de 2025","format":false,"excerpt":"Ap\u00f3s uma viagem de duas horas, o jogador Pedro Severino foi levado a um hospital em Ribeir\u00e3o Preto para receber cuidados m\u00e9dicos especializados. Segundo informa\u00e7\u00f5es divulgadas, o atleta enfrentou um imprevisto que exigiu o deslocamento para a capital paulista do interior, onde uma equipe de emerg\u00eancia j\u00e1 est\u00e1 avaliando seu\u2026","rel":"","context":"In &quot;Not\u00edcias de Ribeir\u00e3o Preto-SP e Regi\u00e3o&quot;","block_context":{"text":"Not\u00edcias de Ribeir\u00e3o Preto-SP e Regi\u00e3o","link":"https:\/\/noticiasribeiraopreto.com.br\/index.php\/category\/noticias-de-ribeirao-preto-sp-e-regiao-ismael-colosi\/"},"img":{"alt_text":"","src":"https:\/\/i0.wp.com\/noticiasribeiraopreto.com.br\/wp-content\/uploads\/2025\/03\/Unimed_Ribeirao_Preto.jpg?fit=1200%2C825&ssl=1&resize=350%2C200","width":350,"height":200,"srcset":"https:\/\/i0.wp.com\/noticiasribeiraopreto.com.br\/wp-content\/uploads\/2025\/03\/Unimed_Ribeirao_Preto.jpg?fit=1200%2C825&ssl=1&resize=350%2C200 1x, https:\/\/i0.wp.com\/noticiasribeiraopreto.com.br\/wp-content\/uploads\/2025\/03\/Unimed_Ribeirao_Preto.jpg?fit=1200%2C825&ssl=1&resize=525%2C300 1.5x, https:\/\/i0.wp.com\/noticiasribeiraopreto.com.br\/wp-content\/uploads\/2025\/03\/Unimed_Ribeirao_Preto.jpg?fit=1200%2C825&ssl=1&resize=700%2C400 2x, https:\/\/i0.wp.com\/noticiasribeiraopreto.com.br\/wp-content\/uploads\/2025\/03\/Unimed_Ribeirao_Preto.jpg?fit=1200%2C825&ssl=1&resize=1050%2C600 3x"},"classes":[]},{"id":75093,"url":"https:\/\/noticiasribeiraopreto.com.br\/index.php\/2025\/08\/03\/goleiro-natural-da-regiao-de-ribeirao-preto-e-encontrado-morto-em-portugal\/","url_meta":{"origin":79593,"position":3},"title":"Goleiro natural da regi\u00e3o de Ribeir\u00e3o Preto \u00e9 encontrado morto em Portugal","author":"noticiasribeiraopreto.com.br","date":"3 de August de 2025","format":false,"excerpt":"O goleiro Jeferson Merli morreu afogado na noite do \u00faltimo s\u00e1bado (2), em Ger\u00eas, Portugal. Merli era natural de Vista Alegre do Alto, na regi\u00e3o de Ribeir\u00e3o Preto, e defendia o Grupo Desportivo de Caldelas, equipe das divis\u00f5es inferiores de Portugal. A morte do atleta foi confirmada pelo pr\u00f3prio clube\u2026","rel":"","context":"In &quot;Not\u00edcias de Ribeir\u00e3o Preto-SP e Regi\u00e3o&quot;","block_context":{"text":"Not\u00edcias de Ribeir\u00e3o Preto-SP e Regi\u00e3o","link":"https:\/\/noticiasribeiraopreto.com.br\/index.php\/category\/noticias-de-ribeirao-preto-sp-e-regiao-ismael-colosi\/"},"img":{"alt_text":"","src":"https:\/\/i0.wp.com\/noticiasribeiraopreto.com.br\/wp-content\/uploads\/2025\/08\/jeferson-merli_2025-08-03_13-54-35.webp.webp?fit=1075%2C824&ssl=1&resize=350%2C200","width":350,"height":200,"srcset":"https:\/\/i0.wp.com\/noticiasribeiraopreto.com.br\/wp-content\/uploads\/2025\/08\/jeferson-merli_2025-08-03_13-54-35.webp.webp?fit=1075%2C824&ssl=1&resize=350%2C200 1x, https:\/\/i0.wp.com\/noticiasribeiraopreto.com.br\/wp-content\/uploads\/2025\/08\/jeferson-merli_2025-08-03_13-54-35.webp.webp?fit=1075%2C824&ssl=1&resize=525%2C300 1.5x, https:\/\/i0.wp.com\/noticiasribeiraopreto.com.br\/wp-content\/uploads\/2025\/08\/jeferson-merli_2025-08-03_13-54-35.webp.webp?fit=1075%2C824&ssl=1&resize=700%2C400 2x, https:\/\/i0.wp.com\/noticiasribeiraopreto.com.br\/wp-content\/uploads\/2025\/08\/jeferson-merli_2025-08-03_13-54-35.webp.webp?fit=1075%2C824&ssl=1&resize=1050%2C600 3x"},"classes":[]},{"id":71797,"url":"https:\/\/noticiasribeiraopreto.com.br\/index.php\/2025\/06\/10\/botafogo-contrata-jogador-por-emprestimo-de-clube-portugues\/","url_meta":{"origin":79593,"position":4},"title":"Botafogo contrata jogador por empr\u00e9stimo de clube portugu\u00eas\u00a0","author":"noticiasribeiraopreto.com.br","date":"10 de June de 2025","format":false,"excerpt":"O Botafogo anunciou nesta ter\u00e7a-feira (11) o meia Marquinho, de 23 anos, contratado por empr\u00e9stimo do Acad\u00e9mico de Viseu, de Portugal. O novo refor\u00e7o vai defender o Pantera na S\u00e9rie B do Campeonato Brasileiro. O jogador, que \u00e9 natural de S\u00e3o Jos\u00e9 do Rio Pardo, a 130 quil\u00f4metros de Ribeir\u00e3o,\u2026","rel":"","context":"In &quot;Not\u00edcias de Ribeir\u00e3o Preto-SP e Regi\u00e3o&quot;","block_context":{"text":"Not\u00edcias de Ribeir\u00e3o Preto-SP e Regi\u00e3o","link":"https:\/\/noticiasribeiraopreto.com.br\/index.php\/category\/noticias-de-ribeirao-preto-sp-e-regiao-ismael-colosi\/"},"img":{"alt_text":"","src":"https:\/\/i0.wp.com\/noticiasribeiraopreto.com.br\/wp-content\/uploads\/2025\/06\/MARQUINHOS_2025-06-10_12-26-18.webp.webp?fit=1200%2C803&ssl=1&resize=350%2C200","width":350,"height":200,"srcset":"https:\/\/i0.wp.com\/noticiasribeiraopreto.com.br\/wp-content\/uploads\/2025\/06\/MARQUINHOS_2025-06-10_12-26-18.webp.webp?fit=1200%2C803&ssl=1&resize=350%2C200 1x, https:\/\/i0.wp.com\/noticiasribeiraopreto.com.br\/wp-content\/uploads\/2025\/06\/MARQUINHOS_2025-06-10_12-26-18.webp.webp?fit=1200%2C803&ssl=1&resize=525%2C300 1.5x, https:\/\/i0.wp.com\/noticiasribeiraopreto.com.br\/wp-content\/uploads\/2025\/06\/MARQUINHOS_2025-06-10_12-26-18.webp.webp?fit=1200%2C803&ssl=1&resize=700%2C400 2x, https:\/\/i0.wp.com\/noticiasribeiraopreto.com.br\/wp-content\/uploads\/2025\/06\/MARQUINHOS_2025-06-10_12-26-18.webp.webp?fit=1200%2C803&ssl=1&resize=1050%2C600 3x"},"classes":[]},{"id":59477,"url":"https:\/\/noticiasribeiraopreto.com.br\/index.php\/2024\/10\/24\/morre-tomires-ex-goleiro-do-comercial-aos-79-anos\/","url_meta":{"origin":79593,"position":5},"title":"Morre Tomires, ex-goleiro do Comercial, aos 79 anos","author":"noticiasribeiraopreto.com.br","date":"24 de October de 2024","format":false,"excerpt":"Morreu nesta quinta-feira (24), aos 79 anos, o ex-goleiro do Comercial, Ant\u00f4nio Carlos Milano, popularmente conhecido como Tomires. Famoso pelas suas defesas e por n\u00e3o utilizar luvas durante as partidas, Tomires dedicou 55 anos de sua vida ao Le\u00e3o do Norte entre trabalhos como jogador e funcion\u00e1rio do clube. As\u2026","rel":"","context":"In &quot;Not\u00edcias de Ribeir\u00e3o Preto-SP e Regi\u00e3o&quot;","block_context":{"text":"Not\u00edcias de Ribeir\u00e3o Preto-SP e Regi\u00e3o","link":"https:\/\/noticiasribeiraopreto.com.br\/index.php\/category\/noticias-de-ribeirao-preto-sp-e-regiao-ismael-colosi\/"},"img":{"alt_text":"","src":"https:\/\/i0.wp.com\/noticiasribeiraopreto.com.br\/wp-content\/uploads\/2024\/10\/Copia-de-Copia-de-Copia-de-TAMANHO-EXATO-PARA-FOTOS-NO-SISTEMA-NOVO-2024-10-24T132515.200_2024-10-24_16-25-18_png_2024-10-24_16-25-18.webp.webp?fit=1200%2C675&ssl=1&resize=350%2C200","width":350,"height":200,"srcset":"https:\/\/i0.wp.com\/noticiasribeiraopreto.com.br\/wp-content\/uploads\/2024\/10\/Copia-de-Copia-de-Copia-de-TAMANHO-EXATO-PARA-FOTOS-NO-SISTEMA-NOVO-2024-10-24T132515.200_2024-10-24_16-25-18_png_2024-10-24_16-25-18.webp.webp?fit=1200%2C675&ssl=1&resize=350%2C200 1x, https:\/\/i0.wp.com\/noticiasribeiraopreto.com.br\/wp-content\/uploads\/2024\/10\/Copia-de-Copia-de-Copia-de-TAMANHO-EXATO-PARA-FOTOS-NO-SISTEMA-NOVO-2024-10-24T132515.200_2024-10-24_16-25-18_png_2024-10-24_16-25-18.webp.webp?fit=1200%2C675&ssl=1&resize=525%2C300 1.5x, https:\/\/i0.wp.com\/noticiasribeiraopreto.com.br\/wp-content\/uploads\/2024\/10\/Copia-de-Copia-de-Copia-de-TAMANHO-EXATO-PARA-FOTOS-NO-SISTEMA-NOVO-2024-10-24T132515.200_2024-10-24_16-25-18_png_2024-10-24_16-25-18.webp.webp?fit=1200%2C675&ssl=1&resize=700%2C400 2x, https:\/\/i0.wp.com\/noticiasribeiraopreto.com.br\/wp-content\/uploads\/2024\/10\/Copia-de-Copia-de-Copia-de-TAMANHO-EXATO-PARA-FOTOS-NO-SISTEMA-NOVO-2024-10-24T132515.200_2024-10-24_16-25-18_png_2024-10-24_16-25-18.webp.webp?fit=1200%2C675&ssl=1&resize=1050%2C600 3x"},"classes":[]}],"jetpack_sharing_enabled":true,"jetpack_shortlink":"https:\/\/wp.me\/peQAOb-kHL","_links":{"self":[{"href":"https:\/\/noticiasribeiraopreto.com.br\/index.php\/wp-json\/wp\/v2\/posts\/79593","targetHints":{"allow":["GET"]}}],"collection":[{"href":"https:\/\/noticiasribeiraopreto.com.br\/index.php\/wp-json\/wp\/v2\/posts"}],"about":[{"href":"https:\/\/noticiasribeiraopreto.com.br\/index.php\/wp-json\/wp\/v2\/types\/post"}],"author":[{"embeddable":true,"href":"https:\/\/noticiasribeiraopreto.com.br\/index.php\/wp-json\/wp\/v2\/users\/1"}],"replies":[{"embeddable":true,"href":"https:\/\/noticiasribeiraopreto.com.br\/index.php\/wp-json\/wp\/v2\/comments?post=79593"}],"version-history":[{"count":0,"href":"https:\/\/noticiasribeiraopreto.com.br\/index.php\/wp-json\/wp\/v2\/posts\/79593\/revisions"}],"wp:featuredmedia":[{"embeddable":true,"href":"https:\/\/noticiasribeiraopreto.com.br\/index.php\/wp-json\/wp\/v2\/media\/79594"}],"wp:attachment":[{"href":"https:\/\/noticiasribeiraopreto.com.br\/index.php\/wp-json\/wp\/v2\/media?parent=79593"}],"wp:term":[{"taxonomy":"category","embeddable":true,"href":"https:\/\/noticiasribeiraopreto.com.br\/index.php\/wp-json\/wp\/v2\/categories?post=79593"},{"taxonomy":"post_tag","embeddable":true,"href":"https:\/\/noticiasribeiraopreto.com.br\/index.php\/wp-json\/wp\/v2\/tags?post=79593"}],"curies":[{"name":"wp","href":"https:\/\/api.w.org\/{rel}","templated":true}]}}