{"id":79595,"date":"2025-11-04T16:55:36","date_gmt":"2025-11-04T19:55:36","guid":{"rendered":"https:\/\/noticiasribeiraopreto.com.br\/index.php\/2025\/11\/04\/acidente-entre-carro-e-moto-deixa-um-ferido-em-estado-grave-em-ribeirao-preto\/"},"modified":"2025-11-04T16:55:36","modified_gmt":"2025-11-04T19:55:36","slug":"acidente-entre-carro-e-moto-deixa-um-ferido-em-estado-grave-em-ribeirao-preto","status":"publish","type":"post","link":"https:\/\/noticiasribeiraopreto.com.br\/index.php\/2025\/11\/04\/acidente-entre-carro-e-moto-deixa-um-ferido-em-estado-grave-em-ribeirao-preto\/","title":{"rendered":"Acidente entre carro e moto deixa um ferido em estado grave em Ribeir\u00e3o Preto"},"content":{"rendered":"<div class='code-block code-block-1' style='margin: 8px 0 8px auto; text-align: right; display: block; clear: both;'>\n<p><a href=\"https:\/\/wa.link\/vpicfd\"><img data-recalc-dims=\"1\" class=\"wp-image-4922\" style=\"aspect-ratio: 2.0253164556962027; width: 561px; height: auto;\" src=\"https:\/\/i0.wp.com\/ismaelcolosi.com.br\/wp-content\/uploads\/2023\/11\/grupo-de-empregos-whatsapp-e-facebook-ismael-colosi-vagas.jpg?ssl=1\" alt=\"\" \/><\/a><\/p>\n<!-- \/wp:image -->\n<\/div>\n<p> <br \/>\n<\/p>\n<div data-td-block-uid=\"tdi_95\">\n<div class=\"tdb-block-inner td-fix-index\">\n<p>Uma pessoa ficou <strong>gravemente ferida <\/strong>em um acidente na tarde desta ter\u00e7a-feira (4), no cruzamento das avenidas Orestes Lopes de Camargo e Carlos Drummond de Andrade, na zona Norte de <strong>Ribeir\u00e3o Preto<\/strong>.<\/p>\n<p>Segundo as primeiras informa\u00e7\u00f5es do Corpo de Bombeiros, a colis\u00e3o envolveu um <strong>carro <\/strong>e uma <strong>motocicleta<\/strong>. <mark style=\"background-color:#fcb900\" class=\"has-inline-color\">Equipes est\u00e3o no local realizando o atendimento \u00e0 v\u00edtima<\/mark>. Al\u00e9m disso, a Pol\u00edcia Militar foi acionada.<\/p>\n<p>Em nota, a <strong>RP Mobi<\/strong>, respons\u00e1vel pelo tr\u00e2nsito na cidade, informou que foi necess\u00e1rio interditar o cruzamento da avenida Av. Orestes Lopes de Camargo com a rua S\u00e3o Jos\u00e9 dos Campos. <\/p>\n<p><em>O portal acidade on acompanha o caso.<\/em><\/p>\n<hr class=\"wp-block-separator has-alpha-channel-opacity\"\/>\n<p>SAIBA MAIS<\/p>\n<p>Qual \u00e9 o nome mais comum em Ribeir\u00e3o Preto? Veja se o seu est\u00e1 na lista<\/p>\n<h2 class=\"wp-block-heading\"><strong>FIQUE ON<\/strong><\/h2>\n<p>Fique ligado em tudo que acontece em Ribeir\u00e3o Preto e regi\u00e3o. Siga os perfis do<strong>\u00a0acidade on<\/strong>\u00a0no\u00a0<a href=\"https:\/\/www.instagram.com\/acidadeonribeirao\" target=\"_blank\" rel=\"noreferrer noopener\">Instagram<\/a>\u00a0e no\u00a0<a href=\"https:\/\/www.facebook.com\/acidadeonribeirao\/\" target=\"_blank\" rel=\"noreferrer noopener\">Facebook<\/a>.<\/p>\n<p>Receba not\u00edcias do\u00a0<strong>acidade on<\/strong>\u00a0no WhatsApp. Para entrar no grupo,\u00a0basta\u00a0<a href=\"https:\/\/chat.whatsapp.com\/I4nieTEMKlf50pJ28aMemC?mode=ac_t\" target=\"_blank\" rel=\"noreferrer noopener\">clicar aqui<\/a>. Ou, acesse o nosso\u00a0Canal\u00a0<a href=\"https:\/\/whatsapp.com\/channel\/0029Vb6IQl1JENyAeS57fk2p\" target=\"_blank\" rel=\"noreferrer noopener\">clicando aqui<\/a>.<\/p>\n<p>Fa\u00e7a uma den\u00fancia ou sugira uma reportagem sobre Ribeir\u00e3o Preto e regi\u00e3o pelo WhatsApp: 16 99117 7802.<\/p>\n<p>VEJA TAMB\u00c9M<\/p>\n<p>O que aconteceu na primeira audi\u00eancia do caso do Hytalo Santos?<\/p>\n<p><!-- AI CONTENT END 1 -->\n<\/div>\n<\/div>\n<p><script async src=\"\/\/www.instagram.com\/embed.js\"><\/script><br \/>\n<br \/><br \/>\n<br \/><a href=\"https:\/\/www.acidadeon.com\/ribeiraopreto\/cotidiano\/acidente-entre-carro-e-moto-deixa-um-ferido-em-estado-grave-em-ribeirao-preto\/\">Source link <\/a><\/p>\n<!-- CONTENT END 1 -->\n","protected":false},"excerpt":{"rendered":"<p>Uma pessoa ficou gravemente ferida em um acidente na tarde desta ter\u00e7a-feira (4), no cruzamento das avenidas Orestes Lopes de Camargo e Carlos Drummond de&#8230;<\/p>\n","protected":false},"author":1,"featured_media":79596,"comment_status":"open","ping_status":"open","sticky":false,"template":"","format":"standard","meta":{"advanced_seo_description":"","jetpack_seo_html_title":"","jetpack_seo_noindex":false,"jetpack_post_was_ever_published":false,"_jetpack_newsletter_access":"","_jetpack_dont_email_post_to_subs":false,"_jetpack_newsletter_tier_id":0,"_jetpack_memberships_contains_paywalled_content":false,"_jetpack_memberships_contains_paid_content":false,"footnotes":"","jetpack_publicize_message":"","jetpack_publicize_feature_enabled":true,"jetpack_social_post_already_shared":true,"jetpack_social_options":{"image_generator_settings":{"template":"highway","default_image_id":0,"font":"","enabled":false},"version":2}},"categories":[11],"tags":[],"class_list":["post-79595","post","type-post","status-publish","format-standard","has-post-thumbnail","hentry","category-noticias-de-ribeirao-preto-sp-e-regiao-ismael-colosi"],"jetpack_publicize_connections":[],"jetpack_featured_media_url":"https:\/\/i0.wp.com\/noticiasribeiraopreto.com.br\/wp-content\/uploads\/2025\/11\/WhatsApp-Image-2025-11-04-at-15.53.53_2025-11-04_18-54-13.webp.webp?fit=839%2C458&ssl=1","jetpack-related-posts":[{"id":71946,"url":"https:\/\/noticiasribeiraopreto.com.br\/index.php\/2025\/06\/11\/joao-rock-2025-veja-como-ficara-o-transito-em-ribeirao-preto-no-dia-do-festival\/","url_meta":{"origin":79595,"position":0},"title":"Jo\u00e3o Rock 2025: veja como ficar\u00e1 o tr\u00e2nsito em Ribeir\u00e3o Preto no dia do festival","author":"noticiasribeiraopreto.com.br","date":"11 de June de 2025","format":false,"excerpt":"No pr\u00f3ximo s\u00e1bado (14) vai acontecer o festival Jo\u00e3o Rock, no Parque Permanente de Exposi\u00e7\u00f5es, localizado na zona Norte de Ribeir\u00e3o Preto. Para atender \u00e0 demanda do p\u00fablico estimado em 70 mil pessoas, ser\u00e1 implantado um esquema especial de tr\u00e2nsito nas vias pr\u00f3ximas ao local do evento. A opera\u00e7\u00e3o ter\u00e1\u2026","rel":"","context":"In &quot;Not\u00edcias de Ribeir\u00e3o Preto-SP e Regi\u00e3o&quot;","block_context":{"text":"Not\u00edcias de Ribeir\u00e3o Preto-SP e Regi\u00e3o","link":"https:\/\/noticiasribeiraopreto.com.br\/index.php\/category\/noticias-de-ribeirao-preto-sp-e-regiao-ismael-colosi\/"},"img":{"alt_text":"","src":"https:\/\/i0.wp.com\/noticiasribeiraopreto.com.br\/wp-content\/uploads\/2025\/06\/Imagem-do-WhatsApp-de-2025-06-11-as-15.34.51_6cd9c0e1_2025-06-11_20-16-33.webp.webp?fit=1200%2C900&ssl=1&resize=350%2C200","width":350,"height":200,"srcset":"https:\/\/i0.wp.com\/noticiasribeiraopreto.com.br\/wp-content\/uploads\/2025\/06\/Imagem-do-WhatsApp-de-2025-06-11-as-15.34.51_6cd9c0e1_2025-06-11_20-16-33.webp.webp?fit=1200%2C900&ssl=1&resize=350%2C200 1x, https:\/\/i0.wp.com\/noticiasribeiraopreto.com.br\/wp-content\/uploads\/2025\/06\/Imagem-do-WhatsApp-de-2025-06-11-as-15.34.51_6cd9c0e1_2025-06-11_20-16-33.webp.webp?fit=1200%2C900&ssl=1&resize=525%2C300 1.5x, https:\/\/i0.wp.com\/noticiasribeiraopreto.com.br\/wp-content\/uploads\/2025\/06\/Imagem-do-WhatsApp-de-2025-06-11-as-15.34.51_6cd9c0e1_2025-06-11_20-16-33.webp.webp?fit=1200%2C900&ssl=1&resize=700%2C400 2x, https:\/\/i0.wp.com\/noticiasribeiraopreto.com.br\/wp-content\/uploads\/2025\/06\/Imagem-do-WhatsApp-de-2025-06-11-as-15.34.51_6cd9c0e1_2025-06-11_20-16-33.webp.webp?fit=1200%2C900&ssl=1&resize=1050%2C600 3x"},"classes":[]},{"id":6617,"url":"https:\/\/noticiasribeiraopreto.com.br\/index.php\/2023\/11\/26\/carro-e-partido-ao-meio-em-acidente-na-regiao-de-ribeirao-preto\/","url_meta":{"origin":79595,"position":1},"title":"Carro \u00e9 &#8216;partido ao meio&#8217; em acidente na regi\u00e3o de Ribeir\u00e3o Preto","author":"noticiasribeiraopreto.com.br","date":"26 de November de 2023","format":false,"excerpt":"Um carro foi \u2018partido ao meio\u2019 ap\u00f3s bater em uma \u00e1rvore, no in\u00edcio da manh\u00e3 deste domingo (26), na cidade de S\u00e3o Joaquim da Barra, a 70 quil\u00f4metros de Ribeir\u00e3o Preto. Segundo as equipes que realizaram o socorro, o motorista sofreu ferimentos moderados e foi levado para um hospital da\u2026","rel":"","context":"In &quot;Not\u00edcias de Ribeir\u00e3o Preto-SP e Regi\u00e3o&quot;","block_context":{"text":"Not\u00edcias de Ribeir\u00e3o Preto-SP e Regi\u00e3o","link":"https:\/\/noticiasribeiraopreto.com.br\/index.php\/category\/noticias-de-ribeirao-preto-sp-e-regiao-ismael-colosi\/"},"img":{"alt_text":"","src":"https:\/\/i0.wp.com\/noticiasribeiraopreto.com.br\/wp-content\/uploads\/2023\/11\/WhatsApp-Image-2023-11-26-at-10.14.14.jpeg?fit=1200%2C674&ssl=1&resize=350%2C200","width":350,"height":200,"srcset":"https:\/\/i0.wp.com\/noticiasribeiraopreto.com.br\/wp-content\/uploads\/2023\/11\/WhatsApp-Image-2023-11-26-at-10.14.14.jpeg?fit=1200%2C674&ssl=1&resize=350%2C200 1x, https:\/\/i0.wp.com\/noticiasribeiraopreto.com.br\/wp-content\/uploads\/2023\/11\/WhatsApp-Image-2023-11-26-at-10.14.14.jpeg?fit=1200%2C674&ssl=1&resize=525%2C300 1.5x, https:\/\/i0.wp.com\/noticiasribeiraopreto.com.br\/wp-content\/uploads\/2023\/11\/WhatsApp-Image-2023-11-26-at-10.14.14.jpeg?fit=1200%2C674&ssl=1&resize=700%2C400 2x, https:\/\/i0.wp.com\/noticiasribeiraopreto.com.br\/wp-content\/uploads\/2023\/11\/WhatsApp-Image-2023-11-26-at-10.14.14.jpeg?fit=1200%2C674&ssl=1&resize=1050%2C600 3x"},"classes":[]},{"id":70492,"url":"https:\/\/noticiasribeiraopreto.com.br\/index.php\/2025\/05\/27\/manha-de-acidentes-de-transito-em-ribeirao-preto\/","url_meta":{"origin":79595,"position":2},"title":"Manh\u00e3 de acidentes de tr\u00e2nsito em Ribeir\u00e3o Preto","author":"noticiasribeiraopreto.com.br","date":"27 de May de 2025","format":false,"excerpt":"Pelo menos quatro ocorr\u00eancias foram registradas em diferentes pontos da cidade 27 de maio de 2025 10:006 Compartilhar1 Por: Alfredo Risk e Adalberto Luque A manh\u00e3 desta ter\u00e7a-feira (27) come\u00e7ou com tr\u00e2nsito tumultuado e pelo menos quatro acidentes de tr\u00e2nsito em v\u00e1rios pontos da cidade. Um dos acidentes ocorreu na\u2026","rel":"","context":"In &quot;Not\u00edcias de Ribeir\u00e3o Preto-SP e Regi\u00e3o&quot;","block_context":{"text":"Not\u00edcias de Ribeir\u00e3o Preto-SP e Regi\u00e3o","link":"https:\/\/noticiasribeiraopreto.com.br\/index.php\/category\/noticias-de-ribeirao-preto-sp-e-regiao-ismael-colosi\/"},"img":{"alt_text":"","src":"https:\/\/i0.wp.com\/noticiasribeiraopreto.com.br\/wp-content\/uploads\/2025\/05\/27-mai-2025-acidentesrp1.jpg?fit=850%2C567&ssl=1&resize=350%2C200","width":350,"height":200,"srcset":"https:\/\/i0.wp.com\/noticiasribeiraopreto.com.br\/wp-content\/uploads\/2025\/05\/27-mai-2025-acidentesrp1.jpg?fit=850%2C567&ssl=1&resize=350%2C200 1x, https:\/\/i0.wp.com\/noticiasribeiraopreto.com.br\/wp-content\/uploads\/2025\/05\/27-mai-2025-acidentesrp1.jpg?fit=850%2C567&ssl=1&resize=525%2C300 1.5x, https:\/\/i0.wp.com\/noticiasribeiraopreto.com.br\/wp-content\/uploads\/2025\/05\/27-mai-2025-acidentesrp1.jpg?fit=850%2C567&ssl=1&resize=700%2C400 2x"},"classes":[]},{"id":84185,"url":"https:\/\/noticiasribeiraopreto.com.br\/index.php\/2026\/04\/03\/carro-fica-destruido-apos-ser-atingido-em-avenida-de-ribeirao-preto\/","url_meta":{"origin":79595,"position":3},"title":"Carro fica destru\u00eddo ap\u00f3s ser atingido em avenida de Ribeir\u00e3o Preto","author":"noticiasribeiraopreto.com.br","date":"3 de April de 2026","format":false,"excerpt":"Ler o resumo da not\u00edcia Carro fica destru\u00eddo ap\u00f3s ser atingido em avenida de Ribeir\u00e3o Preto Um homem fugiu do local de um acidente no cruzamento das avenidas Recife e Thomaz Alberto Whately, na zona Norte de Ribeir\u00e3o Preto, na manh\u00e3 desta sexta-feira (3), ap\u00f3s bater duas vezes na traseira\u2026","rel":"","context":"In &quot;Not\u00edcias de Ribeir\u00e3o Preto-SP e Regi\u00e3o&quot;","block_context":{"text":"Not\u00edcias de Ribeir\u00e3o Preto-SP e Regi\u00e3o","link":"https:\/\/noticiasribeiraopreto.com.br\/index.php\/category\/noticias-de-ribeirao-preto-sp-e-regiao-ismael-colosi\/"},"img":{"alt_text":"","src":"https:\/\/i0.wp.com\/noticiasribeiraopreto.com.br\/wp-content\/uploads\/2026\/04\/acidente-capa_2026-04-03_15-31-01.webp.webp?fit=1200%2C675&ssl=1&resize=350%2C200","width":350,"height":200,"srcset":"https:\/\/i0.wp.com\/noticiasribeiraopreto.com.br\/wp-content\/uploads\/2026\/04\/acidente-capa_2026-04-03_15-31-01.webp.webp?fit=1200%2C675&ssl=1&resize=350%2C200 1x, https:\/\/i0.wp.com\/noticiasribeiraopreto.com.br\/wp-content\/uploads\/2026\/04\/acidente-capa_2026-04-03_15-31-01.webp.webp?fit=1200%2C675&ssl=1&resize=525%2C300 1.5x, https:\/\/i0.wp.com\/noticiasribeiraopreto.com.br\/wp-content\/uploads\/2026\/04\/acidente-capa_2026-04-03_15-31-01.webp.webp?fit=1200%2C675&ssl=1&resize=700%2C400 2x, https:\/\/i0.wp.com\/noticiasribeiraopreto.com.br\/wp-content\/uploads\/2026\/04\/acidente-capa_2026-04-03_15-31-01.webp.webp?fit=1200%2C675&ssl=1&resize=1050%2C600 3x"},"classes":[]},{"id":80950,"url":"https:\/\/noticiasribeiraopreto.com.br\/index.php\/2025\/12\/19\/acidente-entre-carro-e-moto-deixa-um-ferido-em-cruzamento-de-ribeirao-preto\/","url_meta":{"origin":79595,"position":4},"title":"Acidente entre carro e moto deixa um ferido em cruzamento de Ribeir\u00e3o Preto","author":"noticiasribeiraopreto.com.br","date":"19 de December de 2025","format":false,"excerpt":"Um acidente entre um carro e uma motocicleta deixou uma pessoa ferida em um cruzamento de Ribeir\u00e3o Preto. A colis\u00e3o ocorreu no encontro da avenida Nove de Julho com a rua Casemiro de Abreu e envolveu outros ve\u00edculos que estavam estacionados nas proximidades. De acordo com o registro da ocorr\u00eancia,\u2026","rel":"","context":"In &quot;Not\u00edcias de Ribeir\u00e3o Preto-SP e Regi\u00e3o&quot;","block_context":{"text":"Not\u00edcias de Ribeir\u00e3o Preto-SP e Regi\u00e3o","link":"https:\/\/noticiasribeiraopreto.com.br\/index.php\/category\/noticias-de-ribeirao-preto-sp-e-regiao-ismael-colosi\/"},"img":{"alt_text":"","src":"https:\/\/i0.wp.com\/noticiasribeiraopreto.com.br\/wp-content\/uploads\/2025\/12\/domingo-1_2025-12-18_20-12-08.webp.webp?fit=1200%2C675&ssl=1&resize=350%2C200","width":350,"height":200,"srcset":"https:\/\/i0.wp.com\/noticiasribeiraopreto.com.br\/wp-content\/uploads\/2025\/12\/domingo-1_2025-12-18_20-12-08.webp.webp?fit=1200%2C675&ssl=1&resize=350%2C200 1x, https:\/\/i0.wp.com\/noticiasribeiraopreto.com.br\/wp-content\/uploads\/2025\/12\/domingo-1_2025-12-18_20-12-08.webp.webp?fit=1200%2C675&ssl=1&resize=525%2C300 1.5x, https:\/\/i0.wp.com\/noticiasribeiraopreto.com.br\/wp-content\/uploads\/2025\/12\/domingo-1_2025-12-18_20-12-08.webp.webp?fit=1200%2C675&ssl=1&resize=700%2C400 2x, https:\/\/i0.wp.com\/noticiasribeiraopreto.com.br\/wp-content\/uploads\/2025\/12\/domingo-1_2025-12-18_20-12-08.webp.webp?fit=1200%2C675&ssl=1&resize=1050%2C600 3x"},"classes":[]},{"id":79553,"url":"https:\/\/noticiasribeiraopreto.com.br\/index.php\/2025\/11\/03\/duas-pessoas-ficam-feridas-apos-acidente-entre-carro-e-moto-em-cruzamento-de-ribeirao-preto\/","url_meta":{"origin":79595,"position":5},"title":"Duas pessoas ficam feridas ap\u00f3s acidente entre carro e moto em cruzamento de Ribeir\u00e3o Preto","author":"noticiasribeiraopreto.com.br","date":"3 de November de 2025","format":false,"excerpt":"Duas pessoas ficaram feridas na tarde desta segunda-feira (3) ap\u00f3s um acidente entre um carro e uma moto no cruzamento das ruas Marques de Pombal e Padre Euclides, no bairro Campos El\u00edseos, em Ribeir\u00e3o Preto. Ap\u00f3s a colis\u00e3o, o carro tamb\u00e9m atingiu um ve\u00edculo que estava estacionado na rua Padre\u2026","rel":"","context":"In &quot;Not\u00edcias de Ribeir\u00e3o Preto-SP e Regi\u00e3o&quot;","block_context":{"text":"Not\u00edcias de Ribeir\u00e3o Preto-SP e Regi\u00e3o","link":"https:\/\/noticiasribeiraopreto.com.br\/index.php\/category\/noticias-de-ribeirao-preto-sp-e-regiao-ismael-colosi\/"},"img":{"alt_text":"","src":"https:\/\/i0.wp.com\/noticiasribeiraopreto.com.br\/wp-content\/uploads\/2025\/11\/Copia-de-Copia-de-Copia-de-TAMANHO-EXATO-PARA-FOTOS-NO-SISTEMA-NOVO-2025-11-03T163003.936_2025-11-03_19-30-28.webp.webp?fit=1200%2C675&ssl=1&resize=350%2C200","width":350,"height":200,"srcset":"https:\/\/i0.wp.com\/noticiasribeiraopreto.com.br\/wp-content\/uploads\/2025\/11\/Copia-de-Copia-de-Copia-de-TAMANHO-EXATO-PARA-FOTOS-NO-SISTEMA-NOVO-2025-11-03T163003.936_2025-11-03_19-30-28.webp.webp?fit=1200%2C675&ssl=1&resize=350%2C200 1x, https:\/\/i0.wp.com\/noticiasribeiraopreto.com.br\/wp-content\/uploads\/2025\/11\/Copia-de-Copia-de-Copia-de-TAMANHO-EXATO-PARA-FOTOS-NO-SISTEMA-NOVO-2025-11-03T163003.936_2025-11-03_19-30-28.webp.webp?fit=1200%2C675&ssl=1&resize=525%2C300 1.5x, https:\/\/i0.wp.com\/noticiasribeiraopreto.com.br\/wp-content\/uploads\/2025\/11\/Copia-de-Copia-de-Copia-de-TAMANHO-EXATO-PARA-FOTOS-NO-SISTEMA-NOVO-2025-11-03T163003.936_2025-11-03_19-30-28.webp.webp?fit=1200%2C675&ssl=1&resize=700%2C400 2x, https:\/\/i0.wp.com\/noticiasribeiraopreto.com.br\/wp-content\/uploads\/2025\/11\/Copia-de-Copia-de-Copia-de-TAMANHO-EXATO-PARA-FOTOS-NO-SISTEMA-NOVO-2025-11-03T163003.936_2025-11-03_19-30-28.webp.webp?fit=1200%2C675&ssl=1&resize=1050%2C600 3x"},"classes":[]}],"jetpack_sharing_enabled":true,"jetpack_shortlink":"https:\/\/wp.me\/peQAOb-kHN","_links":{"self":[{"href":"https:\/\/noticiasribeiraopreto.com.br\/index.php\/wp-json\/wp\/v2\/posts\/79595","targetHints":{"allow":["GET"]}}],"collection":[{"href":"https:\/\/noticiasribeiraopreto.com.br\/index.php\/wp-json\/wp\/v2\/posts"}],"about":[{"href":"https:\/\/noticiasribeiraopreto.com.br\/index.php\/wp-json\/wp\/v2\/types\/post"}],"author":[{"embeddable":true,"href":"https:\/\/noticiasribeiraopreto.com.br\/index.php\/wp-json\/wp\/v2\/users\/1"}],"replies":[{"embeddable":true,"href":"https:\/\/noticiasribeiraopreto.com.br\/index.php\/wp-json\/wp\/v2\/comments?post=79595"}],"version-history":[{"count":0,"href":"https:\/\/noticiasribeiraopreto.com.br\/index.php\/wp-json\/wp\/v2\/posts\/79595\/revisions"}],"wp:featuredmedia":[{"embeddable":true,"href":"https:\/\/noticiasribeiraopreto.com.br\/index.php\/wp-json\/wp\/v2\/media\/79596"}],"wp:attachment":[{"href":"https:\/\/noticiasribeiraopreto.com.br\/index.php\/wp-json\/wp\/v2\/media?parent=79595"}],"wp:term":[{"taxonomy":"category","embeddable":true,"href":"https:\/\/noticiasribeiraopreto.com.br\/index.php\/wp-json\/wp\/v2\/categories?post=79595"},{"taxonomy":"post_tag","embeddable":true,"href":"https:\/\/noticiasribeiraopreto.com.br\/index.php\/wp-json\/wp\/v2\/tags?post=79595"}],"curies":[{"name":"wp","href":"https:\/\/api.w.org\/{rel}","templated":true}]}}