{"id":79597,"date":"2025-11-04T17:04:11","date_gmt":"2025-11-04T20:04:11","guid":{"rendered":"https:\/\/noticiasribeiraopreto.com.br\/index.php\/2025\/11\/04\/febre-maculosa-causa-mais-duas-mortes-no-interior-de-sao-paulo\/"},"modified":"2025-11-04T17:04:11","modified_gmt":"2025-11-04T20:04:11","slug":"febre-maculosa-causa-mais-duas-mortes-no-interior-de-sao-paulo","status":"publish","type":"post","link":"https:\/\/noticiasribeiraopreto.com.br\/index.php\/2025\/11\/04\/febre-maculosa-causa-mais-duas-mortes-no-interior-de-sao-paulo\/","title":{"rendered":"Febre maculosa causa mais duas mortes no interior de S\u00e3o Paulo"},"content":{"rendered":"<div class='code-block code-block-1' style='margin: 8px 0 8px auto; text-align: right; display: block; clear: both;'>\n<p><a href=\"https:\/\/wa.link\/vpicfd\"><img data-recalc-dims=\"1\" class=\"wp-image-4922\" style=\"aspect-ratio: 2.0253164556962027; width: 561px; height: auto;\" src=\"https:\/\/i0.wp.com\/ismaelcolosi.com.br\/wp-content\/uploads\/2023\/11\/grupo-de-empregos-whatsapp-e-facebook-ismael-colosi-vagas.jpg?ssl=1\" alt=\"\" \/><\/a><\/p>\n<!-- \/wp:image -->\n<\/div>\n<p> <br \/>\n<\/p>\n<div>\n<p>Duas pessoas morreram v\u00edtimas da febre maculosa em<strong> Leme<\/strong>, no<strong> interior de S\u00e3o Paulo<\/strong>, na semana passada. A informa\u00e7\u00e3o foi confirmada pela Secretaria de Sa\u00fade da cidade, mas n\u00e3o foram divulgados os nomes, g\u00eanero ou idade das v\u00edtimas.<\/p>\n<p>Segundo a secretaria, equipes t\u00e9cnicas da prefeitura adotaram todas as medidas de controle e vigil\u00e2ncia assim que os casos foram notificados. As a\u00e7\u00f5es de conten\u00e7\u00e3o t\u00eam sido realizadas pelo Setor de Vigil\u00e2ncia Epidemiol\u00f3gica e Zoonoses.<\/p>\n<p>O interior do estado de S\u00e3o Paulo vem sofrendo com casos da doen\u00e7a, que \u00e9 transmitida pelo carrapato. A cidade de Salto, distante cerca de 90 quil\u00f4metros de Leme, registrou tr\u00eas mortes por febre maculosa em 2025. Um parque local foi interditado pela prefeitura, j\u00e1 que duas destas v\u00edtimas frequentaram o local.<\/p>\n<p>Neste ano, 36 casos da doen\u00e7a haviam sido registrados em todo o estado, com 18 \u00f3bitos contabilizados at\u00e9 outubro. Agora, j\u00e1 s\u00e3o 20. Em todo o ano passado, foram 72 casos, com 26 mortes.<\/p>\n<h2 class=\"wp-block-heading\"><strong>Doen\u00e7a<\/strong><\/h2>\n<p><mark style=\"background-color:#fcb900\" class=\"has-inline-color has-black-color\">A febre maculosa, tamb\u00e9m conhecida como doen\u00e7a do carrapato, \u00e9 uma infec\u00e7\u00e3o febril de gravidade vari\u00e1vel, com elevada taxa de letalidade. <\/mark>Causada por uma bact\u00e9ria do g\u00eanero<em> Rickettsia<\/em>, a doen\u00e7a \u00e9 transmitida pela picada de carrapato encontrado em ambientes com animais dom\u00e9sticos, como c\u00e3es e gatos, gado e \u00e1reas de vegeta\u00e7\u00e3o alta.<\/p>\n<p>Segundo a Secretaria de Estado de Sa\u00fade (SES) de S\u00e3o Paulo, menos de 1% dos carrapatos-estrela est\u00e3o contaminados com a bact\u00e9ria que causa a doen\u00e7a, portanto, apenas o contato com carrapato n\u00e3o significa uma infec\u00e7\u00e3o no indiv\u00edduo.<\/p>\n<h2 class=\"wp-block-heading\"><strong>Sintomas<\/strong><\/h2>\n<p>Os principais sintomas da febre maculosa s\u00e3o: febre s\u00fabita, dores de cabe\u00e7a e nas articula\u00e7\u00f5es, fraqueza extrema, cansa\u00e7o ou falta de energia. Entre o terceiro e o quinto dia de infec\u00e7\u00e3o, aparecem erup\u00e7\u00f5es cut\u00e2neas nos punhos e tornozelos, eventualmente espalhando-se por todo o corpo.<\/p>\n<h2 class=\"wp-block-heading\"><strong>Preven\u00e7\u00e3o<\/strong><\/h2>\n<p>A preven\u00e7\u00e3o \u00e9 essencial e inclui evitar \u00e1reas infestadas por carrapatos, usar cal\u00e7as compridas e botas ao circular em regi\u00f5es de risco. Se for encontrado algum carrapato na pele, \u00e9 preciso remov\u00ea-lo imediatamente, sem esmag\u00e1-lo com as unhas (com informa\u00e7\u00f5es <strong>Matheus Crobelatti sob supervis\u00e3o de Odair Braz Junior\/Ag\u00eancia Brasil<\/strong>).<\/p>\n<p>SAIBA MAIS<br \/>Limpeza de reservat\u00f3rios deixa bairros da zona Sul de Ribeir\u00e3o Preto em alerta para falta d\u2019\u00e1gua<\/p>\n<h2 class=\"wp-block-heading\"><strong>FIQUE ON<\/strong><\/h2>\n<p>Fique ligado em tudo que acontece em Ribeir\u00e3o Preto e regi\u00e3o. Siga os perfis do<strong>\u00a0acidade on<\/strong>\u00a0no\u00a0<a href=\"https:\/\/www.instagram.com\/acidadeonribeirao\" target=\"_blank\" rel=\"noreferrer noopener\">Instagram<\/a>\u00a0e no\u00a0<a href=\"https:\/\/www.facebook.com\/acidadeonribeirao\/\" target=\"_blank\" rel=\"noreferrer noopener\">Facebook<\/a>.<\/p>\n<p>Receba not\u00edcias do\u00a0<strong>acidade on<\/strong>\u00a0no WhatsApp. Para entrar no grupo,\u00a0basta\u00a0<a href=\"https:\/\/chat.whatsapp.com\/I4nieTEMKlf50pJ28aMemC?mode=ac_t\" target=\"_blank\" rel=\"noreferrer noopener\">clicar aqui<\/a>. Ou, acesse o nosso\u00a0Canal\u00a0<a href=\"https:\/\/whatsapp.com\/channel\/0029Vb6IQl1JENyAeS57fk2p\" target=\"_blank\" rel=\"noreferrer noopener\">clicando aqui<\/a>.<\/p>\n<p>Fa\u00e7a uma den\u00fancia ou sugira uma reportagem sobre Ribeir\u00e3o Preto e regi\u00e3o pelo WhatsApp: 16 99117 7802.<\/p>\n<p>VEJA TAMB\u00c9M<br \/>Por onde ciclone extratropical deve passar?<\/p>\n<p><!-- AI CONTENT END 1 -->\n<\/div>\n<p><script async src=\"\/\/www.instagram.com\/embed.js\"><\/script><br \/>\n<br \/><br \/>\n<br \/><a href=\"https:\/\/www.acidadeon.com\/ribeiraopreto\/cotidiano\/febre-maculosa-causa-mais-duas-mortes-no-interior-de-sao-paulo\/\">Source link <\/a><\/p>\n<!-- CONTENT END 1 -->\n","protected":false},"excerpt":{"rendered":"<p>Duas pessoas morreram v\u00edtimas da febre maculosa em Leme, no interior de S\u00e3o Paulo, na semana passada. A informa\u00e7\u00e3o foi confirmada pela Secretaria de Sa\u00fade&#8230;<\/p>\n","protected":false},"author":1,"featured_media":79598,"comment_status":"open","ping_status":"open","sticky":false,"template":"","format":"standard","meta":{"advanced_seo_description":"","jetpack_seo_html_title":"","jetpack_seo_noindex":false,"jetpack_post_was_ever_published":false,"_jetpack_newsletter_access":"","_jetpack_dont_email_post_to_subs":false,"_jetpack_newsletter_tier_id":0,"_jetpack_memberships_contains_paywalled_content":false,"_jetpack_memberships_contains_paid_content":false,"footnotes":"","jetpack_publicize_message":"","jetpack_publicize_feature_enabled":true,"jetpack_social_post_already_shared":true,"jetpack_social_options":{"image_generator_settings":{"template":"highway","default_image_id":0,"font":"","enabled":false},"version":2}},"categories":[11],"tags":[],"class_list":["post-79597","post","type-post","status-publish","format-standard","has-post-thumbnail","hentry","category-noticias-de-ribeirao-preto-sp-e-regiao-ismael-colosi"],"jetpack_publicize_connections":[],"jetpack_featured_media_url":"https:\/\/i0.wp.com\/noticiasribeiraopreto.com.br\/wp-content\/uploads\/2025\/11\/carrapato_2025-11-04_18-52-29.webp.webp?fit=1200%2C717&ssl=1","jetpack-related-posts":[{"id":82184,"url":"https:\/\/noticiasribeiraopreto.com.br\/index.php\/2026\/02\/06\/duas-criancas-morrem-por-febre-maculosa-no-interior-de-sp\/","url_meta":{"origin":79597,"position":0},"title":"Duas crian\u00e7as morrem por febre maculosa no interior de SP","author":"noticiasribeiraopreto.com.br","date":"6 de February de 2026","format":false,"excerpt":"A Prefeitura de Araras, no interior de S\u00e3o Paulo, confirmou a morte de duas crian\u00e7as por febre maculosa. As v\u00edtimas s\u00e3o um menino de 8 anos e uma menina de 9, que morreram nos dias 14 e 20 de janeiro, respectivamente. A febre maculosa \u00e9 uma doen\u00e7a infecciosa grave causada\u2026","rel":"","context":"In &quot;Not\u00edcias de Ribeir\u00e3o Preto-SP e Regi\u00e3o&quot;","block_context":{"text":"Not\u00edcias de Ribeir\u00e3o Preto-SP e Regi\u00e3o","link":"https:\/\/noticiasribeiraopreto.com.br\/index.php\/category\/noticias-de-ribeirao-preto-sp-e-regiao-ismael-colosi\/"},"img":{"alt_text":"","src":"https:\/\/i0.wp.com\/noticiasribeiraopreto.com.br\/wp-content\/uploads\/2026\/02\/domingo-2026-02-05T142545.346_2026-02-05_17-25-59.webp.webp?fit=1200%2C675&ssl=1&resize=350%2C200","width":350,"height":200,"srcset":"https:\/\/i0.wp.com\/noticiasribeiraopreto.com.br\/wp-content\/uploads\/2026\/02\/domingo-2026-02-05T142545.346_2026-02-05_17-25-59.webp.webp?fit=1200%2C675&ssl=1&resize=350%2C200 1x, https:\/\/i0.wp.com\/noticiasribeiraopreto.com.br\/wp-content\/uploads\/2026\/02\/domingo-2026-02-05T142545.346_2026-02-05_17-25-59.webp.webp?fit=1200%2C675&ssl=1&resize=525%2C300 1.5x, https:\/\/i0.wp.com\/noticiasribeiraopreto.com.br\/wp-content\/uploads\/2026\/02\/domingo-2026-02-05T142545.346_2026-02-05_17-25-59.webp.webp?fit=1200%2C675&ssl=1&resize=700%2C400 2x, https:\/\/i0.wp.com\/noticiasribeiraopreto.com.br\/wp-content\/uploads\/2026\/02\/domingo-2026-02-05T142545.346_2026-02-05_17-25-59.webp.webp?fit=1200%2C675&ssl=1&resize=1050%2C600 3x"},"classes":[]},{"id":944,"url":"https:\/\/noticiasribeiraopreto.com.br\/index.php\/2023\/11\/09\/febre-maculosa-cidade-na-regiao-de-ribeirao-confirma-primeiro-caso-da-doenca\/","url_meta":{"origin":79597,"position":1},"title":"Febre maculosa: Cidade na regi\u00e3o de Ribeir\u00e3o confirma primeiro caso da doen\u00e7a","author":"noticiasribeiraopreto.com.br","date":"9 de November de 2023","format":false,"excerpt":"A Prefeitura de Sert\u00e3ozinho, cidade na regi\u00e3o de Ribeir\u00e3o Preto, informou nesta quinta-feira (9), que recebeu um resultado positivo para febre maculosa de uma pessoa residente do munic\u00edpio, na quarta-feira (8). De acordo com a Secret\u00e1ria Municipal de Sa\u00fade, o paciente apresentou sintomas no m\u00eas de julho e o tratamento\u2026","rel":"","context":"In &quot;Not\u00edcias de Ribeir\u00e3o Preto-SP e Regi\u00e3o&quot;","block_context":{"text":"Not\u00edcias de Ribeir\u00e3o Preto-SP e Regi\u00e3o","link":"https:\/\/noticiasribeiraopreto.com.br\/index.php\/category\/noticias-de-ribeirao-preto-sp-e-regiao-ismael-colosi\/"},"img":{"alt_text":"","src":"https:\/\/i0.wp.com\/noticiasribeiraopreto.com.br\/wp-content\/uploads\/2023\/11\/FebremaculosaMorreadolescentequeesteveemfestanointeriordeSP_Tamanho_2_image.jpg?fit=1200%2C900&ssl=1&resize=350%2C200","width":350,"height":200,"srcset":"https:\/\/i0.wp.com\/noticiasribeiraopreto.com.br\/wp-content\/uploads\/2023\/11\/FebremaculosaMorreadolescentequeesteveemfestanointeriordeSP_Tamanho_2_image.jpg?fit=1200%2C900&ssl=1&resize=350%2C200 1x, https:\/\/i0.wp.com\/noticiasribeiraopreto.com.br\/wp-content\/uploads\/2023\/11\/FebremaculosaMorreadolescentequeesteveemfestanointeriordeSP_Tamanho_2_image.jpg?fit=1200%2C900&ssl=1&resize=525%2C300 1.5x, https:\/\/i0.wp.com\/noticiasribeiraopreto.com.br\/wp-content\/uploads\/2023\/11\/FebremaculosaMorreadolescentequeesteveemfestanointeriordeSP_Tamanho_2_image.jpg?fit=1200%2C900&ssl=1&resize=700%2C400 2x, https:\/\/i0.wp.com\/noticiasribeiraopreto.com.br\/wp-content\/uploads\/2023\/11\/FebremaculosaMorreadolescentequeesteveemfestanointeriordeSP_Tamanho_2_image.jpg?fit=1200%2C900&ssl=1&resize=1050%2C600 3x"},"classes":[]},{"id":948,"url":"https:\/\/noticiasribeiraopreto.com.br\/index.php\/2023\/11\/09\/febre-maculosa-cidade-na-regiao-de-ribeirao-confirma-caso-da-doenca\/","url_meta":{"origin":79597,"position":2},"title":"Febre maculosa: Cidade na regi\u00e3o de Ribeir\u00e3o confirma caso da doen\u00e7a","author":"noticiasribeiraopreto.com.br","date":"9 de November de 2023","format":false,"excerpt":"A Prefeitura de Sert\u00e3ozinho, cidade na regi\u00e3o de Ribeir\u00e3o Preto, informou nesta quinta-feira (9), que recebeu um resultado positivo para febre maculosa de uma pessoa residente do munic\u00edpio, na quarta-feira (8). De acordo com a Secret\u00e1ria Municipal de Sa\u00fade, o paciente apresentou sintomas no m\u00eas de julho e o tratamento\u2026","rel":"","context":"In &quot;Not\u00edcias de Ribeir\u00e3o Preto-SP e Regi\u00e3o&quot;","block_context":{"text":"Not\u00edcias de Ribeir\u00e3o Preto-SP e Regi\u00e3o","link":"https:\/\/noticiasribeiraopreto.com.br\/index.php\/category\/noticias-de-ribeirao-preto-sp-e-regiao-ismael-colosi\/"},"img":{"alt_text":"","src":"https:\/\/i0.wp.com\/noticiasribeiraopreto.com.br\/wp-content\/uploads\/2023\/11\/1699565708_FebremaculosaMorreadolescentequeesteveemfestanointeriordeSP_Tamanho_2_image.jpg?fit=1200%2C900&ssl=1&resize=350%2C200","width":350,"height":200,"srcset":"https:\/\/i0.wp.com\/noticiasribeiraopreto.com.br\/wp-content\/uploads\/2023\/11\/1699565708_FebremaculosaMorreadolescentequeesteveemfestanointeriordeSP_Tamanho_2_image.jpg?fit=1200%2C900&ssl=1&resize=350%2C200 1x, https:\/\/i0.wp.com\/noticiasribeiraopreto.com.br\/wp-content\/uploads\/2023\/11\/1699565708_FebremaculosaMorreadolescentequeesteveemfestanointeriordeSP_Tamanho_2_image.jpg?fit=1200%2C900&ssl=1&resize=525%2C300 1.5x, https:\/\/i0.wp.com\/noticiasribeiraopreto.com.br\/wp-content\/uploads\/2023\/11\/1699565708_FebremaculosaMorreadolescentequeesteveemfestanointeriordeSP_Tamanho_2_image.jpg?fit=1200%2C900&ssl=1&resize=700%2C400 2x, https:\/\/i0.wp.com\/noticiasribeiraopreto.com.br\/wp-content\/uploads\/2023\/11\/1699565708_FebremaculosaMorreadolescentequeesteveemfestanointeriordeSP_Tamanho_2_image.jpg?fit=1200%2C900&ssl=1&resize=1050%2C600 3x"},"classes":[]},{"id":70534,"url":"https:\/\/noticiasribeiraopreto.com.br\/index.php\/2025\/05\/27\/parque-sera-fechado-para-acao-contra-carrapato-estrela-saiba-quando\/","url_meta":{"origin":79597,"position":3},"title":"Parque ser\u00e1 fechado para a\u00e7\u00e3o contra carrapato-estrela; Saiba quando","author":"noticiasribeiraopreto.com.br","date":"27 de May de 2025","format":false,"excerpt":"O Parque Linear Urbano \u201cGuiomar Carvalho Benelli\u201d, em Sert\u00e3ozinho, cidade na regi\u00e3o de Ribeir\u00e3o Preto, estar\u00e1 fechado nesta quarta-feira (28), para a realiza\u00e7\u00e3o de uma a\u00e7\u00e3o preventiva contra o carrapato-estrela, transmissor da febre maculosa. A medida prev\u00ea a aplica\u00e7\u00e3o de defensivo no local a partir das 8h, com interdi\u00e7\u00e3o do\u2026","rel":"","context":"In &quot;Not\u00edcias de Ribeir\u00e3o Preto-SP e Regi\u00e3o&quot;","block_context":{"text":"Not\u00edcias de Ribeir\u00e3o Preto-SP e Regi\u00e3o","link":"https:\/\/noticiasribeiraopreto.com.br\/index.php\/category\/noticias-de-ribeirao-preto-sp-e-regiao-ismael-colosi\/"},"img":{"alt_text":"","src":"https:\/\/i0.wp.com\/noticiasribeiraopreto.com.br\/wp-content\/uploads\/2025\/05\/SaibaquantoscasosemortesporfebremaculosaforamconfirmadosemSPnesteano_Tamanho_2_image.jpg?fit=1200%2C900&ssl=1&resize=350%2C200","width":350,"height":200,"srcset":"https:\/\/i0.wp.com\/noticiasribeiraopreto.com.br\/wp-content\/uploads\/2025\/05\/SaibaquantoscasosemortesporfebremaculosaforamconfirmadosemSPnesteano_Tamanho_2_image.jpg?fit=1200%2C900&ssl=1&resize=350%2C200 1x, https:\/\/i0.wp.com\/noticiasribeiraopreto.com.br\/wp-content\/uploads\/2025\/05\/SaibaquantoscasosemortesporfebremaculosaforamconfirmadosemSPnesteano_Tamanho_2_image.jpg?fit=1200%2C900&ssl=1&resize=525%2C300 1.5x, https:\/\/i0.wp.com\/noticiasribeiraopreto.com.br\/wp-content\/uploads\/2025\/05\/SaibaquantoscasosemortesporfebremaculosaforamconfirmadosemSPnesteano_Tamanho_2_image.jpg?fit=1200%2C900&ssl=1&resize=700%2C400 2x, https:\/\/i0.wp.com\/noticiasribeiraopreto.com.br\/wp-content\/uploads\/2025\/05\/SaibaquantoscasosemortesporfebremaculosaforamconfirmadosemSPnesteano_Tamanho_2_image.jpg?fit=1200%2C900&ssl=1&resize=1050%2C600 3x"},"classes":[]},{"id":39433,"url":"https:\/\/noticiasribeiraopreto.com.br\/index.php\/2024\/02\/26\/entenda-a-situacao-do-parque-olhos-dagua-em-ribeirao-fechado-ha-quase-tres-anos\/","url_meta":{"origin":79597,"position":4},"title":"Entenda a situa\u00e7\u00e3o do Parque Olhos D\u2019\u00c1gua, em Ribeir\u00e3o, fechado h\u00e1 quase tr\u00eas anos","author":"noticiasribeiraopreto.com.br","date":"26 de February de 2024","format":false,"excerpt":"O Parque Olhos D\u2019\u00c1gua, na zona Sul de Ribeir\u00e3o Preto, ainda n\u00e3o tem previs\u00e3o de ser reaberto. O empreendimento est\u00e1 fechado desde julho de 2021, por conta de uma infesta\u00e7\u00e3o de carrapatos, vetor respons\u00e1vel pela transmiss\u00e3o da febre maculosa brasileira. De acordo com a Secretaria Municipal da Sa\u00fade, as a\u00e7\u00f5es\u2026","rel":"","context":"In &quot;Not\u00edcias de Ribeir\u00e3o Preto-SP e Regi\u00e3o&quot;","block_context":{"text":"Not\u00edcias de Ribeir\u00e3o Preto-SP e Regi\u00e3o","link":"https:\/\/noticiasribeiraopreto.com.br\/index.php\/category\/noticias-de-ribeirao-preto-sp-e-regiao-ismael-colosi\/"},"img":{"alt_text":"","src":"https:\/\/i0.wp.com\/noticiasribeiraopreto.com.br\/wp-content\/uploads\/2024\/02\/olhos-d-agua.jpg?fit=1200%2C659&ssl=1&resize=350%2C200","width":350,"height":200,"srcset":"https:\/\/i0.wp.com\/noticiasribeiraopreto.com.br\/wp-content\/uploads\/2024\/02\/olhos-d-agua.jpg?fit=1200%2C659&ssl=1&resize=350%2C200 1x, https:\/\/i0.wp.com\/noticiasribeiraopreto.com.br\/wp-content\/uploads\/2024\/02\/olhos-d-agua.jpg?fit=1200%2C659&ssl=1&resize=525%2C300 1.5x, https:\/\/i0.wp.com\/noticiasribeiraopreto.com.br\/wp-content\/uploads\/2024\/02\/olhos-d-agua.jpg?fit=1200%2C659&ssl=1&resize=700%2C400 2x, https:\/\/i0.wp.com\/noticiasribeiraopreto.com.br\/wp-content\/uploads\/2024\/02\/olhos-d-agua.jpg?fit=1200%2C659&ssl=1&resize=1050%2C600 3x"},"classes":[]},{"id":47643,"url":"https:\/\/noticiasribeiraopreto.com.br\/index.php\/2024\/04\/26\/estado-de-sao-paulo-registra-primeira-morte-por-febre-amarela-de-2024-vitima-era-do-interior\/","url_meta":{"origin":79597,"position":5},"title":"Estado de S\u00e3o Paulo registra primeira morte por febre amarela de 2024; V\u00edtima era do interior","author":"noticiasribeiraopreto.com.br","date":"26 de April de 2024","format":false,"excerpt":"O estado de S\u00e3o Paulo registrou a primeira morte por febre amarela de 2024. De acordo com a Secretaria Estadual de Sa\u00fade (SES), o registro aconteceu no \u00faltimo dia 29 de mar\u00e7o. A v\u00edtima era um homem de 50 anos, morador de \u00c1guas de Lind\u00f3ia, interior de S\u00e3o Paulo, que\u2026","rel":"","context":"In &quot;Not\u00edcias de Ribeir\u00e3o Preto-SP e Regi\u00e3o&quot;","block_context":{"text":"Not\u00edcias de Ribeir\u00e3o Preto-SP e Regi\u00e3o","link":"https:\/\/noticiasribeiraopreto.com.br\/index.php\/category\/noticias-de-ribeirao-preto-sp-e-regiao-ismael-colosi\/"},"img":{"alt_text":"","src":"https:\/\/i0.wp.com\/noticiasribeiraopreto.com.br\/wp-content\/uploads\/2024\/04\/1112114-rj_tmazs_abr_031420188964.webp.webp?fit=1170%2C700&ssl=1&resize=350%2C200","width":350,"height":200,"srcset":"https:\/\/i0.wp.com\/noticiasribeiraopreto.com.br\/wp-content\/uploads\/2024\/04\/1112114-rj_tmazs_abr_031420188964.webp.webp?fit=1170%2C700&ssl=1&resize=350%2C200 1x, https:\/\/i0.wp.com\/noticiasribeiraopreto.com.br\/wp-content\/uploads\/2024\/04\/1112114-rj_tmazs_abr_031420188964.webp.webp?fit=1170%2C700&ssl=1&resize=525%2C300 1.5x, https:\/\/i0.wp.com\/noticiasribeiraopreto.com.br\/wp-content\/uploads\/2024\/04\/1112114-rj_tmazs_abr_031420188964.webp.webp?fit=1170%2C700&ssl=1&resize=700%2C400 2x, https:\/\/i0.wp.com\/noticiasribeiraopreto.com.br\/wp-content\/uploads\/2024\/04\/1112114-rj_tmazs_abr_031420188964.webp.webp?fit=1170%2C700&ssl=1&resize=1050%2C600 3x"},"classes":[]}],"jetpack_sharing_enabled":true,"jetpack_shortlink":"https:\/\/wp.me\/peQAOb-kHP","_links":{"self":[{"href":"https:\/\/noticiasribeiraopreto.com.br\/index.php\/wp-json\/wp\/v2\/posts\/79597","targetHints":{"allow":["GET"]}}],"collection":[{"href":"https:\/\/noticiasribeiraopreto.com.br\/index.php\/wp-json\/wp\/v2\/posts"}],"about":[{"href":"https:\/\/noticiasribeiraopreto.com.br\/index.php\/wp-json\/wp\/v2\/types\/post"}],"author":[{"embeddable":true,"href":"https:\/\/noticiasribeiraopreto.com.br\/index.php\/wp-json\/wp\/v2\/users\/1"}],"replies":[{"embeddable":true,"href":"https:\/\/noticiasribeiraopreto.com.br\/index.php\/wp-json\/wp\/v2\/comments?post=79597"}],"version-history":[{"count":0,"href":"https:\/\/noticiasribeiraopreto.com.br\/index.php\/wp-json\/wp\/v2\/posts\/79597\/revisions"}],"wp:featuredmedia":[{"embeddable":true,"href":"https:\/\/noticiasribeiraopreto.com.br\/index.php\/wp-json\/wp\/v2\/media\/79598"}],"wp:attachment":[{"href":"https:\/\/noticiasribeiraopreto.com.br\/index.php\/wp-json\/wp\/v2\/media?parent=79597"}],"wp:term":[{"taxonomy":"category","embeddable":true,"href":"https:\/\/noticiasribeiraopreto.com.br\/index.php\/wp-json\/wp\/v2\/categories?post=79597"},{"taxonomy":"post_tag","embeddable":true,"href":"https:\/\/noticiasribeiraopreto.com.br\/index.php\/wp-json\/wp\/v2\/tags?post=79597"}],"curies":[{"name":"wp","href":"https:\/\/api.w.org\/{rel}","templated":true}]}}