{"id":79604,"date":"2025-11-04T17:30:14","date_gmt":"2025-11-04T20:30:14","guid":{"rendered":"https:\/\/noticiasribeiraopreto.com.br\/index.php\/2025\/11\/04\/apos-saida-de-nogueira-psdb-anuncia-nova-direcao-em-ribeirao-preto\/"},"modified":"2025-11-04T17:30:14","modified_gmt":"2025-11-04T20:30:14","slug":"apos-saida-de-nogueira-psdb-anuncia-nova-direcao-em-ribeirao-preto","status":"publish","type":"post","link":"https:\/\/noticiasribeiraopreto.com.br\/index.php\/2025\/11\/04\/apos-saida-de-nogueira-psdb-anuncia-nova-direcao-em-ribeirao-preto\/","title":{"rendered":"Ap\u00f3s sa\u00edda de Nogueira, PSDB anuncia nova dire\u00e7\u00e3o em Ribeir\u00e3o Preto"},"content":{"rendered":"<div class='code-block code-block-1' style='margin: 8px 0 8px auto; text-align: right; display: block; clear: both;'>\n<p><a href=\"https:\/\/wa.link\/vpicfd\"><img data-recalc-dims=\"1\" class=\"wp-image-4922\" style=\"aspect-ratio: 2.0253164556962027; width: 561px; height: auto;\" src=\"https:\/\/i0.wp.com\/ismaelcolosi.com.br\/wp-content\/uploads\/2023\/11\/grupo-de-empregos-whatsapp-e-facebook-ismael-colosi-vagas.jpg?ssl=1\" alt=\"\" \/><\/a><\/p>\n<!-- \/wp:image -->\n<\/div>\n<p> <br \/>\n<\/p>\n<div data-td-block-uid=\"tdi_95\">\n<div class=\"tdb-block-inner td-fix-index\">\n<p>O <strong>PSDB de Ribeir\u00e3o Preto<\/strong> anunciou na segunda-feira (3) que o advogado e professor <strong>Alessandro Hirata<\/strong>, ex-secret\u00e1rio da Casa Civil e Justi\u00e7a, assumiu a presid\u00eancia do diret\u00f3rio municipal. A legenda perdeu o ex-prefeito Duarte Nogueira que migrou para o PSD no \u00faltimo m\u00eas de junho.<\/p>\n<p>Hirata substitui o ex-secret\u00e1rio da Fazenda Afonso Reis Duarte na presid\u00eancia. Integram a nova executiva municipal: Elvira Maria Morandini dos Santos (tesoureira), Yuri Diniz Saia (secret\u00e1rio) e os membros Afonso Reis Duarte, Ant\u00f4nio Daas Abboud, Gustavo Furlan Bueno e Juarez Donizete de Melo.<\/p>\n<p>De acordo com Alessandro Hirata, o objetivo da nova dire\u00e7\u00e3o \u00e9 \u201creaproximar o PSDB das pessoas, valorizar o debate p\u00fablico qualificado e contribuir com propostas concretas para o desenvolvimento de Ribeir\u00e3o Preto\u201d.<\/p>\n<p>Em 2024, Hirata foi candidato a vice-prefeito de Ribeir\u00e3o Preto na chapa encabe\u00e7ada por Andr\u00e9 Trindade (Uni\u00e3o), que recebeu 29.115 votos, ficando na quarta coloca\u00e7\u00e3o, atr\u00e1s de Ricardo Silva (PSD), vencedor do pleito, Marco Aur\u00e9lio (Novo), derrotado no 2\u00ba turno, e Jorge Roque (PT).<\/p>\n<p>SAIBA MAIS<br \/>Limpeza de reservat\u00f3rios deixa bairros da zona Sul de Ribeir\u00e3o Preto em alerta para falta d\u2019\u00e1gua<\/p>\n<h2 class=\"wp-block-heading\"><strong>FIQUE ON<\/strong><\/h2>\n<p>Fique ligado em tudo que acontece em Ribeir\u00e3o Preto e regi\u00e3o. Siga os perfis do<strong>\u00a0acidade on<\/strong>\u00a0no\u00a0<a href=\"https:\/\/www.instagram.com\/acidadeonribeirao\" target=\"_blank\" rel=\"noreferrer noopener\">Instagram<\/a>\u00a0e no\u00a0<a href=\"https:\/\/www.facebook.com\/acidadeonribeirao\/\" target=\"_blank\" rel=\"noreferrer noopener\">Facebook<\/a>.<\/p>\n<p>Receba not\u00edcias do\u00a0<strong>acidade on<\/strong>\u00a0no WhatsApp. Para entrar no grupo,\u00a0basta\u00a0<a href=\"https:\/\/chat.whatsapp.com\/I4nieTEMKlf50pJ28aMemC?mode=ac_t\" target=\"_blank\" rel=\"noreferrer noopener\">clicar aqui<\/a>. Ou, acesse o nosso\u00a0Canal\u00a0<a href=\"https:\/\/whatsapp.com\/channel\/0029Vb6IQl1JENyAeS57fk2p\" target=\"_blank\" rel=\"noreferrer noopener\">clicando aqui<\/a>.<\/p>\n<p>Fa\u00e7a uma den\u00fancia ou sugira uma reportagem sobre Ribeir\u00e3o Preto e regi\u00e3o pelo WhatsApp: 16 99117 7802.<\/p>\n<p>VEJA TAMB\u00c9M<br \/>Por onde ciclone extratropical deve passar?<\/p>\n<p><!-- AI CONTENT END 1 -->\n<\/div>\n<\/div>\n<p><script async src=\"\/\/www.instagram.com\/embed.js\"><\/script><br \/>\n<br \/><br \/>\n<br \/><a href=\"https:\/\/www.acidadeon.com\/ribeiraopreto\/politica\/nevio-archibald\/apos-saida-nogueira-psdb-anuncia-nova-direcao-em-ribeirao-preto\/\">Source link <\/a><\/p>\n<!-- CONTENT END 1 -->\n","protected":false},"excerpt":{"rendered":"<p>O PSDB de Ribeir\u00e3o Preto anunciou na segunda-feira (3) que o advogado e professor Alessandro Hirata, ex-secret\u00e1rio da Casa Civil e Justi\u00e7a, assumiu a presid\u00eancia&#8230;<\/p>\n","protected":false},"author":1,"featured_media":79605,"comment_status":"open","ping_status":"open","sticky":false,"template":"","format":"standard","meta":{"advanced_seo_description":"","jetpack_seo_html_title":"","jetpack_seo_noindex":false,"jetpack_post_was_ever_published":false,"_jetpack_newsletter_access":"","_jetpack_dont_email_post_to_subs":false,"_jetpack_newsletter_tier_id":0,"_jetpack_memberships_contains_paywalled_content":false,"_jetpack_memberships_contains_paid_content":false,"footnotes":"","jetpack_publicize_message":"","jetpack_publicize_feature_enabled":true,"jetpack_social_post_already_shared":true,"jetpack_social_options":{"image_generator_settings":{"template":"highway","default_image_id":0,"font":"","enabled":false},"version":2}},"categories":[11],"tags":[],"class_list":["post-79604","post","type-post","status-publish","format-standard","has-post-thumbnail","hentry","category-noticias-de-ribeirao-preto-sp-e-regiao-ismael-colosi"],"jetpack_publicize_connections":[],"jetpack_featured_media_url":"https:\/\/i0.wp.com\/noticiasribeiraopreto.com.br\/wp-content\/uploads\/2025\/11\/alessandro-hirata_2025-11-04_16-51-46.webp.webp?fit=1200%2C873&ssl=1","jetpack-related-posts":[{"id":69787,"url":"https:\/\/noticiasribeiraopreto.com.br\/index.php\/2025\/05\/09\/diretorio-do-psdb-apresenta-fusao-com-podemos\/","url_meta":{"origin":79604,"position":0},"title":"Diret\u00f3rio do PSDB apresenta fus\u00e3o com Podemos","author":"noticiasribeiraopreto.com.br","date":"9 de May de 2025","format":false,"excerpt":"9 de maio de 2025 08:259 de maio de 2025 08:4720 Compartilhar0 O PSDB de Ribeir\u00e3o Preto reuniu filiados na noite desta quinta-feira, 8 de maio, para explicar como dever\u00e1 ser a fus\u00e3o com o Podemos. Cerca de 50 pessoas participaram da reuni\u00e3o.O ex-prefeito Duarte Nogueira, o ex-secret\u00e1rio da Fazenda\u2026","rel":"","context":"In &quot;Not\u00edcias de Ribeir\u00e3o Preto-SP e Regi\u00e3o&quot;","block_context":{"text":"Not\u00edcias de Ribeir\u00e3o Preto-SP e Regi\u00e3o","link":"https:\/\/noticiasribeiraopreto.com.br\/index.php\/category\/noticias-de-ribeirao-preto-sp-e-regiao-ismael-colosi\/"},"img":{"alt_text":"","src":"https:\/\/i0.wp.com\/noticiasribeiraopreto.com.br\/wp-content\/uploads\/2025\/05\/fusao.jpeg?fit=800%2C450&ssl=1&resize=350%2C200","width":350,"height":200,"srcset":"https:\/\/i0.wp.com\/noticiasribeiraopreto.com.br\/wp-content\/uploads\/2025\/05\/fusao.jpeg?fit=800%2C450&ssl=1&resize=350%2C200 1x, https:\/\/i0.wp.com\/noticiasribeiraopreto.com.br\/wp-content\/uploads\/2025\/05\/fusao.jpeg?fit=800%2C450&ssl=1&resize=525%2C300 1.5x, https:\/\/i0.wp.com\/noticiasribeiraopreto.com.br\/wp-content\/uploads\/2025\/05\/fusao.jpeg?fit=800%2C450&ssl=1&resize=700%2C400 2x"},"classes":[]},{"id":51241,"url":"https:\/\/noticiasribeiraopreto.com.br\/index.php\/2024\/05\/24\/saiba-quem-nogueira-vai-apoiar-na-eleicao-para-prefeito-de-ribeirao-preto\/","url_meta":{"origin":79604,"position":1},"title":"Saiba quem Nogueira vai apoiar na elei\u00e7\u00e3o para prefeito de Ribeir\u00e3o Preto","author":"noticiasribeiraopreto.com.br","date":"24 de May de 2024","format":false,"excerpt":"O prefeito de Ribeir\u00e3o Preto, Duarte Nogueira (PSDB), anunciou na manh\u00e3 desta sexta-feira (24) o apoio ao pr\u00e9-canditato Alessandro Hirata, escolhido pelo chefe do Executivo para sua sucess\u00e3o na prefeitura da cidade. Com a confirma\u00e7\u00e3o da pr\u00e9-candidatura de Hirata, esse \u00e9 o 10\u00ba nome na lista para disputa do Executivo.\u2026","rel":"","context":"In &quot;Not\u00edcias de Ribeir\u00e3o Preto-SP e Regi\u00e3o&quot;","block_context":{"text":"Not\u00edcias de Ribeir\u00e3o Preto-SP e Regi\u00e3o","link":"https:\/\/noticiasribeiraopreto.com.br\/index.php\/category\/noticias-de-ribeirao-preto-sp-e-regiao-ismael-colosi\/"},"img":{"alt_text":"","src":"https:\/\/i0.wp.com\/noticiasribeiraopreto.com.br\/wp-content\/uploads\/2024\/05\/Copia-de-Copia-de-TAMANHO-EXATO-PARA-FOTOS-NO-SISTEMA-NOVO-39_2024-05-24_14-50-36_jpg_2024-05-24_14-50-36.webp.webp?fit=1200%2C675&ssl=1&resize=350%2C200","width":350,"height":200,"srcset":"https:\/\/i0.wp.com\/noticiasribeiraopreto.com.br\/wp-content\/uploads\/2024\/05\/Copia-de-Copia-de-TAMANHO-EXATO-PARA-FOTOS-NO-SISTEMA-NOVO-39_2024-05-24_14-50-36_jpg_2024-05-24_14-50-36.webp.webp?fit=1200%2C675&ssl=1&resize=350%2C200 1x, https:\/\/i0.wp.com\/noticiasribeiraopreto.com.br\/wp-content\/uploads\/2024\/05\/Copia-de-Copia-de-TAMANHO-EXATO-PARA-FOTOS-NO-SISTEMA-NOVO-39_2024-05-24_14-50-36_jpg_2024-05-24_14-50-36.webp.webp?fit=1200%2C675&ssl=1&resize=525%2C300 1.5x, https:\/\/i0.wp.com\/noticiasribeiraopreto.com.br\/wp-content\/uploads\/2024\/05\/Copia-de-Copia-de-TAMANHO-EXATO-PARA-FOTOS-NO-SISTEMA-NOVO-39_2024-05-24_14-50-36_jpg_2024-05-24_14-50-36.webp.webp?fit=1200%2C675&ssl=1&resize=700%2C400 2x, https:\/\/i0.wp.com\/noticiasribeiraopreto.com.br\/wp-content\/uploads\/2024\/05\/Copia-de-Copia-de-TAMANHO-EXATO-PARA-FOTOS-NO-SISTEMA-NOVO-39_2024-05-24_14-50-36_jpg_2024-05-24_14-50-36.webp.webp?fit=1200%2C675&ssl=1&resize=1050%2C600 3x"},"classes":[]},{"id":47480,"url":"https:\/\/noticiasribeiraopreto.com.br\/index.php\/2024\/04\/25\/veja-quem-sao-os-pre-candidatos-a-prefeito-de-ribeirao-preto-nas-eleicoes-de-2024\/","url_meta":{"origin":79604,"position":2},"title":"Veja quem s\u00e3o os pr\u00e9-candidatos a prefeito de Ribeir\u00e3o Preto nas elei\u00e7\u00f5es de 2024","author":"noticiasribeiraopreto.com.br","date":"25 de April de 2024","format":false,"excerpt":"Faltando 164 dias para o primeiro turno das elei\u00e7\u00f5es municipais, diversos nomes j\u00e1 se lan\u00e7aram como pr\u00e9-candidatos na disputa pela Prefeitura de Ribeir\u00e3o Preto. Ao menos, nove nomes anunciaram a pretens\u00e3o de concorrer ao pleito marcado para o dia 6 de outubro. Contudo, os nomes s\u00f3 ser\u00e3o oficializados durante as\u2026","rel":"","context":"In &quot;Not\u00edcias de Ribeir\u00e3o Preto-SP e Regi\u00e3o&quot;","block_context":{"text":"Not\u00edcias de Ribeir\u00e3o Preto-SP e Regi\u00e3o","link":"https:\/\/noticiasribeiraopreto.com.br\/index.php\/category\/noticias-de-ribeirao-preto-sp-e-regiao-ismael-colosi\/"},"img":{"alt_text":"","src":"https:\/\/i0.wp.com\/noticiasribeiraopreto.com.br\/wp-content\/uploads\/2024\/04\/1714079636_ribeirao-preto-prefeitura.jpg?fit=1200%2C900&ssl=1&resize=350%2C200","width":350,"height":200,"srcset":"https:\/\/i0.wp.com\/noticiasribeiraopreto.com.br\/wp-content\/uploads\/2024\/04\/1714079636_ribeirao-preto-prefeitura.jpg?fit=1200%2C900&ssl=1&resize=350%2C200 1x, https:\/\/i0.wp.com\/noticiasribeiraopreto.com.br\/wp-content\/uploads\/2024\/04\/1714079636_ribeirao-preto-prefeitura.jpg?fit=1200%2C900&ssl=1&resize=525%2C300 1.5x, https:\/\/i0.wp.com\/noticiasribeiraopreto.com.br\/wp-content\/uploads\/2024\/04\/1714079636_ribeirao-preto-prefeitura.jpg?fit=1200%2C900&ssl=1&resize=700%2C400 2x, https:\/\/i0.wp.com\/noticiasribeiraopreto.com.br\/wp-content\/uploads\/2024\/04\/1714079636_ribeirao-preto-prefeitura.jpg?fit=1200%2C900&ssl=1&resize=1050%2C600 3x"},"classes":[]},{"id":55603,"url":"https:\/\/noticiasribeiraopreto.com.br\/index.php\/2024\/08\/03\/uniao-brasil-define-andre-trindade-como-candidato-a-prefeitura-de-ribeirao-preto\/","url_meta":{"origin":79604,"position":3},"title":"Uni\u00e3o Brasil define Andr\u00e9 Trindade como candidato \u00e0 Prefeitura de Ribeir\u00e3o Preto","author":"noticiasribeiraopreto.com.br","date":"3 de August de 2024","format":false,"excerpt":"O Uni\u00e3o Brasil (UB) oficializou a candidatura de Andr\u00e9 Trindade \u00e0 Prefeitura de Ribeir\u00e3o Preto durante conven\u00e7\u00e3o realizada neste s\u00e1bado (3), na C\u00e2mara Municipal. O nome do ex-secret\u00e1rio municipal de Justi\u00e7a e da Casa Civil, Alessandro Hirata (PSDB), tamb\u00e9m foi oficializado como candidato a vice. Trindade \u00e9 ex-l\u00edder do atual\u2026","rel":"","context":"In &quot;Not\u00edcias de Ribeir\u00e3o Preto-SP e Regi\u00e3o&quot;","block_context":{"text":"Not\u00edcias de Ribeir\u00e3o Preto-SP e Regi\u00e3o","link":"https:\/\/noticiasribeiraopreto.com.br\/index.php\/category\/noticias-de-ribeirao-preto-sp-e-regiao-ismael-colosi\/"},"img":{"alt_text":"","src":"https:\/\/i0.wp.com\/noticiasribeiraopreto.com.br\/wp-content\/uploads\/2024\/08\/WhatsApp-Image-2024-08-03-at-13.58.46_2024-08-03_19-37-00_jpeg_2024-08-03_19-37-02-scaled.webp.webp?fit=1200%2C800&ssl=1&resize=350%2C200","width":350,"height":200,"srcset":"https:\/\/i0.wp.com\/noticiasribeiraopreto.com.br\/wp-content\/uploads\/2024\/08\/WhatsApp-Image-2024-08-03-at-13.58.46_2024-08-03_19-37-00_jpeg_2024-08-03_19-37-02-scaled.webp.webp?fit=1200%2C800&ssl=1&resize=350%2C200 1x, https:\/\/i0.wp.com\/noticiasribeiraopreto.com.br\/wp-content\/uploads\/2024\/08\/WhatsApp-Image-2024-08-03-at-13.58.46_2024-08-03_19-37-00_jpeg_2024-08-03_19-37-02-scaled.webp.webp?fit=1200%2C800&ssl=1&resize=525%2C300 1.5x, https:\/\/i0.wp.com\/noticiasribeiraopreto.com.br\/wp-content\/uploads\/2024\/08\/WhatsApp-Image-2024-08-03-at-13.58.46_2024-08-03_19-37-00_jpeg_2024-08-03_19-37-02-scaled.webp.webp?fit=1200%2C800&ssl=1&resize=700%2C400 2x, https:\/\/i0.wp.com\/noticiasribeiraopreto.com.br\/wp-content\/uploads\/2024\/08\/WhatsApp-Image-2024-08-03-at-13.58.46_2024-08-03_19-37-00_jpeg_2024-08-03_19-37-02-scaled.webp.webp?fit=1200%2C800&ssl=1&resize=1050%2C600 3x"},"classes":[]},{"id":42235,"url":"https:\/\/noticiasribeiraopreto.com.br\/index.php\/2024\/03\/13\/prefeito-de-ribeirao-preto-e-nomeado-presidente-de-federacao-em-sp-entenda\/","url_meta":{"origin":79604,"position":4},"title":"Prefeito de Ribeir\u00e3o Preto \u00e9 nomeado presidente de federa\u00e7\u00e3o em SP; Entenda","author":"noticiasribeiraopreto.com.br","date":"13 de March de 2024","format":false,"excerpt":"O prefeito de Ribeir\u00e3o Preto, Duarte Nogueira (PSDB), foi nomeado presidente da federa\u00e7\u00e3o PSDB-Cidadania, no Estado de S\u00e3o Paulo. O an\u00fancio foi realizado nesta quarta-feira (13) pelo presidente nacional do partido, Marconi Perillo. J\u00e1 o diret\u00f3rio estadual do partido ser\u00e1 presidido pelo prefeito de Santo Andr\u00e9, Paulo Serra. \u201cCom muita\u2026","rel":"","context":"In &quot;Not\u00edcias de Ribeir\u00e3o Preto-SP e Regi\u00e3o&quot;","block_context":{"text":"Not\u00edcias de Ribeir\u00e3o Preto-SP e Regi\u00e3o","link":"https:\/\/noticiasribeiraopreto.com.br\/index.php\/category\/noticias-de-ribeirao-preto-sp-e-regiao-ismael-colosi\/"},"img":{"alt_text":"","src":"https:\/\/i0.wp.com\/noticiasribeiraopreto.com.br\/wp-content\/uploads\/2024\/03\/duarte-nogueira.jpg?fit=1200%2C799&ssl=1&resize=350%2C200","width":350,"height":200,"srcset":"https:\/\/i0.wp.com\/noticiasribeiraopreto.com.br\/wp-content\/uploads\/2024\/03\/duarte-nogueira.jpg?fit=1200%2C799&ssl=1&resize=350%2C200 1x, https:\/\/i0.wp.com\/noticiasribeiraopreto.com.br\/wp-content\/uploads\/2024\/03\/duarte-nogueira.jpg?fit=1200%2C799&ssl=1&resize=525%2C300 1.5x, https:\/\/i0.wp.com\/noticiasribeiraopreto.com.br\/wp-content\/uploads\/2024\/03\/duarte-nogueira.jpg?fit=1200%2C799&ssl=1&resize=700%2C400 2x, https:\/\/i0.wp.com\/noticiasribeiraopreto.com.br\/wp-content\/uploads\/2024\/03\/duarte-nogueira.jpg?fit=1200%2C799&ssl=1&resize=1050%2C600 3x"},"classes":[]},{"id":45035,"url":"https:\/\/noticiasribeiraopreto.com.br\/index.php\/2024\/04\/01\/prefeitura-deve-perder-cinco-secretarios\/","url_meta":{"origin":79604,"position":5},"title":"Prefeitura deve perder cinco secret\u00e1rios","author":"noticiasribeiraopreto.com.br","date":"1 de April de 2024","format":false,"excerpt":"1 de abril de 2024 | 17:081 de abril de 2024 | 17:46 0 Pelo menos cinco secret\u00e1rios municipais devem deixar o governo do prefeito Duarte Nogueira (PSDB) at\u00e9 a pr\u00f3xima sexta-feira, 5 de abril. Nesta data termina o prazo para quem ocupa cargo comissionado e pretende disputar a elei\u00e7\u00e3o\u2026","rel":"","context":"In &quot;Not\u00edcias de Ribeir\u00e3o Preto-SP e Regi\u00e3o&quot;","block_context":{"text":"Not\u00edcias de Ribeir\u00e3o Preto-SP e Regi\u00e3o","link":"https:\/\/noticiasribeiraopreto.com.br\/index.php\/category\/noticias-de-ribeirao-preto-sp-e-regiao-ismael-colosi\/"},"img":{"alt_text":"","src":"https:\/\/i0.wp.com\/noticiasribeiraopreto.com.br\/wp-content\/uploads\/2024\/04\/prefeitura.jpg?fit=800%2C500&ssl=1&resize=350%2C200","width":350,"height":200,"srcset":"https:\/\/i0.wp.com\/noticiasribeiraopreto.com.br\/wp-content\/uploads\/2024\/04\/prefeitura.jpg?fit=800%2C500&ssl=1&resize=350%2C200 1x, https:\/\/i0.wp.com\/noticiasribeiraopreto.com.br\/wp-content\/uploads\/2024\/04\/prefeitura.jpg?fit=800%2C500&ssl=1&resize=525%2C300 1.5x, https:\/\/i0.wp.com\/noticiasribeiraopreto.com.br\/wp-content\/uploads\/2024\/04\/prefeitura.jpg?fit=800%2C500&ssl=1&resize=700%2C400 2x"},"classes":[]}],"jetpack_sharing_enabled":true,"jetpack_shortlink":"https:\/\/wp.me\/peQAOb-kHW","_links":{"self":[{"href":"https:\/\/noticiasribeiraopreto.com.br\/index.php\/wp-json\/wp\/v2\/posts\/79604","targetHints":{"allow":["GET"]}}],"collection":[{"href":"https:\/\/noticiasribeiraopreto.com.br\/index.php\/wp-json\/wp\/v2\/posts"}],"about":[{"href":"https:\/\/noticiasribeiraopreto.com.br\/index.php\/wp-json\/wp\/v2\/types\/post"}],"author":[{"embeddable":true,"href":"https:\/\/noticiasribeiraopreto.com.br\/index.php\/wp-json\/wp\/v2\/users\/1"}],"replies":[{"embeddable":true,"href":"https:\/\/noticiasribeiraopreto.com.br\/index.php\/wp-json\/wp\/v2\/comments?post=79604"}],"version-history":[{"count":0,"href":"https:\/\/noticiasribeiraopreto.com.br\/index.php\/wp-json\/wp\/v2\/posts\/79604\/revisions"}],"wp:featuredmedia":[{"embeddable":true,"href":"https:\/\/noticiasribeiraopreto.com.br\/index.php\/wp-json\/wp\/v2\/media\/79605"}],"wp:attachment":[{"href":"https:\/\/noticiasribeiraopreto.com.br\/index.php\/wp-json\/wp\/v2\/media?parent=79604"}],"wp:term":[{"taxonomy":"category","embeddable":true,"href":"https:\/\/noticiasribeiraopreto.com.br\/index.php\/wp-json\/wp\/v2\/categories?post=79604"},{"taxonomy":"post_tag","embeddable":true,"href":"https:\/\/noticiasribeiraopreto.com.br\/index.php\/wp-json\/wp\/v2\/tags?post=79604"}],"curies":[{"name":"wp","href":"https:\/\/api.w.org\/{rel}","templated":true}]}}