{"id":79606,"date":"2025-11-04T18:04:01","date_gmt":"2025-11-04T21:04:01","guid":{"rendered":"https:\/\/noticiasribeiraopreto.com.br\/index.php\/2025\/11\/04\/podcast-tribuna-ribeirao-alessandro-maraca-descreve-as-funcoes-e-responsabilidades-de-vice-prefeito\/"},"modified":"2025-11-04T18:04:01","modified_gmt":"2025-11-04T21:04:01","slug":"podcast-tribuna-ribeirao-alessandro-maraca-descreve-as-funcoes-e-responsabilidades-de-vice-prefeito","status":"publish","type":"post","link":"https:\/\/noticiasribeiraopreto.com.br\/index.php\/2025\/11\/04\/podcast-tribuna-ribeirao-alessandro-maraca-descreve-as-funcoes-e-responsabilidades-de-vice-prefeito\/","title":{"rendered":"Podcast Tribuna Ribeir\u00e3o: Alessandro Maraca descreve as fun\u00e7\u00f5es e responsabilidades de vice-prefeito"},"content":{"rendered":"<p> <br \/>\n<\/p>\n<div id=\"\">\n<p>\n\t\t\t\t\t\t\t\t\t<span class=\"entry-meta-item penci-posted-on\"><i class=\"fa fa-clock-o\"\/><time class=\"entry-date published\" datetime=\"2025-11-04T18:00:29-03:00\">4 de novembro de 2025 18:00<\/time><time class=\"updated\" datetime=\"2025-11-03T16:24:20-03:00\">3 de novembro de 2025 16:24<\/time><\/span><span class=\"entry-meta-item penci-post-countview\"><span class=\"entry-meta-item penci-post-countview penci_post-meta_item\"><i class=\"fa fa-eye\"\/><span class=\"penci-post-countview-number penci-post-countview-p445125\">11<\/span><\/span><\/span>\t\t\t\t\t\t\t\t<\/p>\n<p><!-- .entry-meta --><br \/>\n\t\t\t\t\t\t\t\t<span class=\"penci-social-buttons penci-social-share-footer\"><span class=\"penci-social-share-text\">Compartilhar<\/span><a href=\"#\" class=\"penci-post-like penci_post-meta_item  single-like-button penci-social-item like\" data-post_id=\"445125\" title=\"Like\" data-like=\"Like\" data-unlike=\"Unlike\"><i class=\"fa fa-thumbs-o-up\"\/><span class=\"penci-share-number\">0<\/span><\/a><i class=\"fa fa-facebook\"\/><a class=\"penci-social-item twitter\" target=\"_blank\" rel=\"noopener\" title=\"\" href=\"https:\/\/twitter.com\/intent\/tweet?text=Podcast%20Tribuna%20Ribeir\u00e3o:%20Alessandro%20Maraca%20descreve%20as%20fun\u00e7\u00f5es%20e%20responsabilidades%20de%20vice-prefeito%20-%20https:\/\/www.tribunaribeirao.com.br\/podcast-tribuna-ribeirao-alessandro-maraca-descreve-as-funcoes-e-responsabilidades-de-vice-prefeito\/\"><i class=\"fa fa-twitter\"\/><\/a><i class=\"fa fa-linkedin\"\/><i class=\"fa fa-whatsapp\"\/><i class=\"fa fa-telegram\"\/><i class=\"fa fa-envelope\"\/><\/span>\t\t\t\t\t\t\t<\/div>\n<div>\n<p>No Podcast Tribuna Ribeir\u00e3o desta ter\u00e7a-feira (4), o vice-prefeito de Ribeir\u00e3o Preto \u2013 Alessandro Maraca \u2013 conta sobre as responsabilidades e fun\u00e7\u00f5es que um vice-prefeito deve exercer. Segundo Maraca, o vice-prefeito age quando o prefeito tem que se ausentar, mas isso n\u00e3o impede que o vice tome decis\u00f5es pol\u00edticas enquanto o prefeito est\u00e1 presente.<\/p>\n<p>\u201cSe formos levar ao p\u00e9 da letra, \u00e9 um cargo de expectativa [\u2026], mas o vice pode fazer pol\u00edtica enquanto vice. Mas, pensa bem, n\u00e3o tem uma fun\u00e7\u00e3o espec\u00edfica\u201d, explicou Maraca. \u201cAgora, o cargo de Secret\u00e1rio da Casa Civil \u00e9 algo que eu sempre pensei, porque \u00e9 um cargo de di\u00e1logo, que voc\u00ea tem que falar com a C\u00e2mara, com os outro secret\u00e1rios e fazer os secret\u00e1rios de maneira transversal\u201d, concluiu.<\/p>\n<p>O programa apresentado pelos jornalistas Eduardo Ferrari e Fabiano Ribeiro vai ao ar toda ter\u00e7a-feira, \u00e0s 18 horas, no canal oficial do jornal no\u00a0<a href=\"https:\/\/www.youtube.com\/@TribunaRibeiraoJornal\">YouTube\u00a0<\/a>(TribunaRibeiraoJornal), trazendo conversas com convidados de diferentes \u00e1reas, misturando informa\u00e7\u00e3o relevante, hist\u00f3rias inspiradoras e momentos de descontra\u00e7\u00e3o.<\/p>\n<p>Os epis\u00f3dios tamb\u00e9m contar\u00e3o com cortes especiais criados para redes sociais, especialmente Instagram e Tik Tok.<\/p>\n<p><!-- CONTENT END 3 -->\n<\/div>\n<p><script async src=\"\/\/platform.twitter.com\/widgets.js\" charset=\"utf-8\"><\/script><br \/>\n<br \/><br \/>\n<br \/><a href=\"https:\/\/www.tribunaribeirao.com.br\/podcast-tribuna-ribeirao-alessandro-maraca-descreve-as-funcoes-e-responsabilidades-de-vice-prefeito\/\">Source link <\/a><\/p>\n","protected":false},"excerpt":{"rendered":"<p>4 de novembro de 2025 18:003 de novembro de 2025 16:2411 Compartilhar0 No Podcast Tribuna Ribeir\u00e3o desta ter\u00e7a-feira (4), o vice-prefeito de Ribeir\u00e3o Preto \u2013&#8230;<\/p>\n","protected":false},"author":1,"featured_media":79607,"comment_status":"open","ping_status":"open","sticky":false,"template":"","format":"standard","meta":{"advanced_seo_description":"","jetpack_seo_html_title":"","jetpack_seo_noindex":false,"jetpack_post_was_ever_published":false,"_jetpack_newsletter_access":"","_jetpack_dont_email_post_to_subs":false,"_jetpack_newsletter_tier_id":0,"_jetpack_memberships_contains_paywalled_content":false,"_jetpack_memberships_contains_paid_content":false,"footnotes":"","jetpack_publicize_message":"","jetpack_publicize_feature_enabled":true,"jetpack_social_post_already_shared":true,"jetpack_social_options":{"image_generator_settings":{"template":"highway","default_image_id":0,"font":"","enabled":false},"version":2}},"categories":[11],"tags":[],"class_list":["post-79606","post","type-post","status-publish","format-standard","has-post-thumbnail","hentry","category-noticias-de-ribeirao-preto-sp-e-regiao-ismael-colosi"],"jetpack_publicize_connections":[],"jetpack_featured_media_url":"https:\/\/i0.wp.com\/noticiasribeiraopreto.com.br\/wp-content\/uploads\/2025\/11\/WhatsApp-Image-2025-11-03-at-15.35.61.jpeg?fit=1200%2C675&ssl=1","jetpack-related-posts":[{"id":3421,"url":"https:\/\/noticiasribeiraopreto.com.br\/index.php\/2023\/11\/18\/black-friday-veja-as-promocoes-do-shopping-iguatemi-de-ribeirao-preto\/","url_meta":{"origin":79606,"position":0},"title":"Black Friday: Veja as promo\u00e7\u00f5es do Shopping Iguatemi de Ribeir\u00e3o Preto","author":"noticiasribeiraopreto.com.br","date":"18 de November de 2023","format":false,"excerpt":"Falta menos de uma semana para data oficial da Black Friday \u2013 que \u00e9 24 de novembro \u2013 e muitas lojas j\u00e1 iniciaram as promo\u00e7\u00f5es ou j\u00e1 divulgaram a data do in\u00edcio das ofertas. No Shopping Iguatemi, na zona Sul de Ribeir\u00e3o Preto, por exemplo, v\u00e1rias lojas aderiam e divulgaram\u2026","rel":"","context":"In &quot;Not\u00edcias de Ribeir\u00e3o Preto-SP e Regi\u00e3o&quot;","block_context":{"text":"Not\u00edcias de Ribeir\u00e3o Preto-SP e Regi\u00e3o","link":"https:\/\/noticiasribeiraopreto.com.br\/index.php\/category\/noticias-de-ribeirao-preto-sp-e-regiao-ismael-colosi\/"},"img":{"alt_text":"","src":"https:\/\/i0.wp.com\/noticiasribeiraopreto.com.br\/wp-content\/uploads\/2023\/11\/WhatsApp-Image-2023-11-17-at-13.51.16.jpeg?fit=696%2C464&ssl=1&resize=350%2C200","width":350,"height":200,"srcset":"https:\/\/i0.wp.com\/noticiasribeiraopreto.com.br\/wp-content\/uploads\/2023\/11\/WhatsApp-Image-2023-11-17-at-13.51.16.jpeg?fit=696%2C464&ssl=1&resize=350%2C200 1x, https:\/\/i0.wp.com\/noticiasribeiraopreto.com.br\/wp-content\/uploads\/2023\/11\/WhatsApp-Image-2023-11-17-at-13.51.16.jpeg?fit=696%2C464&ssl=1&resize=525%2C300 1.5x"},"classes":[]},{"id":59815,"url":"https:\/\/noticiasribeiraopreto.com.br\/index.php\/2024\/10\/30\/hc-de-ribeirao-preto-tem-concursos-publicos-com-salarios-de-ate-r-56-mil-2\/","url_meta":{"origin":79606,"position":1},"title":"HC de Ribeir\u00e3o Preto tem concursos p\u00fablicos com sal\u00e1rios de at\u00e9 R$ 5,6 mil","author":"noticiasribeiraopreto.com.br","date":"30 de October de 2024","format":false,"excerpt":"O HC-RP (Hospital das Cl\u00ednicas de Ribeir\u00e3o Preto) publicou edital de seis novos concursos p\u00fablicos de n\u00edvel m\u00e9dio e superior, com sal\u00e1rios que variam entre R$ 2,5 mil e R$ 5,6 mil. As oportunidades dispon\u00edveis s\u00e3o para t\u00e9cnico de laborat\u00f3rio, fonoaudi\u00f3logo e m\u00e9dico de diferentes especialidades \u2013 veja abaixo. As\u2026","rel":"","context":"In &quot;Not\u00edcias de Ribeir\u00e3o Preto-SP e Regi\u00e3o&quot;","block_context":{"text":"Not\u00edcias de Ribeir\u00e3o Preto-SP e Regi\u00e3o","link":"https:\/\/noticiasribeiraopreto.com.br\/index.php\/category\/noticias-de-ribeirao-preto-sp-e-regiao-ismael-colosi\/"},"img":{"alt_text":"","src":"https:\/\/i0.wp.com\/noticiasribeiraopreto.com.br\/wp-content\/uploads\/2024\/10\/hc-ribeirao-preto.jpg?fit=1200%2C675&ssl=1&resize=350%2C200","width":350,"height":200,"srcset":"https:\/\/i0.wp.com\/noticiasribeiraopreto.com.br\/wp-content\/uploads\/2024\/10\/hc-ribeirao-preto.jpg?fit=1200%2C675&ssl=1&resize=350%2C200 1x, https:\/\/i0.wp.com\/noticiasribeiraopreto.com.br\/wp-content\/uploads\/2024\/10\/hc-ribeirao-preto.jpg?fit=1200%2C675&ssl=1&resize=525%2C300 1.5x, https:\/\/i0.wp.com\/noticiasribeiraopreto.com.br\/wp-content\/uploads\/2024\/10\/hc-ribeirao-preto.jpg?fit=1200%2C675&ssl=1&resize=700%2C400 2x, https:\/\/i0.wp.com\/noticiasribeiraopreto.com.br\/wp-content\/uploads\/2024\/10\/hc-ribeirao-preto.jpg?fit=1200%2C675&ssl=1&resize=1050%2C600 3x"},"classes":[]},{"id":59336,"url":"https:\/\/noticiasribeiraopreto.com.br\/index.php\/2024\/10\/21\/museu-de-arte-de-ribeirao-preto-recebe-exposicao-amanha-serei-raiz\/","url_meta":{"origin":79606,"position":2},"title":"Museu de Arte de Ribeir\u00e3o Preto recebe exposi\u00e7\u00e3o \u201cAmanh\u00e3 Serei Raiz\u201d","author":"noticiasribeiraopreto.com.br","date":"21 de October de 2024","format":false,"excerpt":"O Marp (Museu de Arte de Ribeir\u00e3o Preto Pedro Manuel-Gismondi) recebe a partir do dia 8 de novembro a exposi\u00e7\u00e3o \u201cAmanh\u00e3 Serei Raiz\u201d, que conta com 13 obras do coletivo 1MULHERporM2 e tem o objetivo de resgatar o feminino e a ancestralidade. A mostra conta com trabalhos que promovem uma\u2026","rel":"","context":"In &quot;Not\u00edcias de Ribeir\u00e3o Preto-SP e Regi\u00e3o&quot;","block_context":{"text":"Not\u00edcias de Ribeir\u00e3o Preto-SP e Regi\u00e3o","link":"https:\/\/noticiasribeiraopreto.com.br\/index.php\/category\/noticias-de-ribeirao-preto-sp-e-regiao-ismael-colosi\/"},"img":{"alt_text":"","src":"https:\/\/i0.wp.com\/noticiasribeiraopreto.com.br\/wp-content\/uploads\/2024\/10\/Copia-de-Copia-de-Copia-de-TAMANHO-EXATO-PARA-FOTOS-NO-SISTEMA-NOVO-18_2024-10-21_13-59-08_jpg_2024-10-21_13-59-08.webp.webp?fit=1200%2C675&ssl=1&resize=350%2C200","width":350,"height":200,"srcset":"https:\/\/i0.wp.com\/noticiasribeiraopreto.com.br\/wp-content\/uploads\/2024\/10\/Copia-de-Copia-de-Copia-de-TAMANHO-EXATO-PARA-FOTOS-NO-SISTEMA-NOVO-18_2024-10-21_13-59-08_jpg_2024-10-21_13-59-08.webp.webp?fit=1200%2C675&ssl=1&resize=350%2C200 1x, https:\/\/i0.wp.com\/noticiasribeiraopreto.com.br\/wp-content\/uploads\/2024\/10\/Copia-de-Copia-de-Copia-de-TAMANHO-EXATO-PARA-FOTOS-NO-SISTEMA-NOVO-18_2024-10-21_13-59-08_jpg_2024-10-21_13-59-08.webp.webp?fit=1200%2C675&ssl=1&resize=525%2C300 1.5x, https:\/\/i0.wp.com\/noticiasribeiraopreto.com.br\/wp-content\/uploads\/2024\/10\/Copia-de-Copia-de-Copia-de-TAMANHO-EXATO-PARA-FOTOS-NO-SISTEMA-NOVO-18_2024-10-21_13-59-08_jpg_2024-10-21_13-59-08.webp.webp?fit=1200%2C675&ssl=1&resize=700%2C400 2x, https:\/\/i0.wp.com\/noticiasribeiraopreto.com.br\/wp-content\/uploads\/2024\/10\/Copia-de-Copia-de-Copia-de-TAMANHO-EXATO-PARA-FOTOS-NO-SISTEMA-NOVO-18_2024-10-21_13-59-08_jpg_2024-10-21_13-59-08.webp.webp?fit=1200%2C675&ssl=1&resize=1050%2C600 3x"},"classes":[]},{"id":79491,"url":"https:\/\/noticiasribeiraopreto.com.br\/index.php\/2025\/11\/02\/a-chuva-continua-veja-a-previsao-do-tempo-para-ribeirao-preto-nos-proximos-dias\/","url_meta":{"origin":79606,"position":3},"title":"A chuva continua? Veja a previs\u00e3o do tempo para Ribeir\u00e3o Preto nos pr\u00f3ximos dias","author":"noticiasribeiraopreto.com.br","date":"2 de November de 2025","format":false,"excerpt":"A chuva deve continuar em Ribeir\u00e3o Preto ao longo da pr\u00f3xima semana, segundo a previs\u00e3o do tempo. A Climatempo aponta para possibilidade de pancadas de chuva entre segunda-feira (3) e s\u00e1bado (8). Confira: Previs\u00e3o do tempo para Ribeir\u00e3o Preto: Segunda-feira, 3 de novembroM\u00e1xima: 26\u00b0CM\u00ednima: 21\u00b0CChuvoso de manh\u00e3 e \u00e0 noite.\u2026","rel":"","context":"In &quot;Not\u00edcias de Ribeir\u00e3o Preto-SP e Regi\u00e3o&quot;","block_context":{"text":"Not\u00edcias de Ribeir\u00e3o Preto-SP e Regi\u00e3o","link":"https:\/\/noticiasribeiraopreto.com.br\/index.php\/category\/noticias-de-ribeirao-preto-sp-e-regiao-ismael-colosi\/"},"img":{"alt_text":"","src":"https:\/\/i0.wp.com\/noticiasribeiraopreto.com.br\/wp-content\/uploads\/2025\/11\/palace-3_2025-10-31_19-55-22.webp.webp?fit=1200%2C675&ssl=1&resize=350%2C200","width":350,"height":200,"srcset":"https:\/\/i0.wp.com\/noticiasribeiraopreto.com.br\/wp-content\/uploads\/2025\/11\/palace-3_2025-10-31_19-55-22.webp.webp?fit=1200%2C675&ssl=1&resize=350%2C200 1x, https:\/\/i0.wp.com\/noticiasribeiraopreto.com.br\/wp-content\/uploads\/2025\/11\/palace-3_2025-10-31_19-55-22.webp.webp?fit=1200%2C675&ssl=1&resize=525%2C300 1.5x, https:\/\/i0.wp.com\/noticiasribeiraopreto.com.br\/wp-content\/uploads\/2025\/11\/palace-3_2025-10-31_19-55-22.webp.webp?fit=1200%2C675&ssl=1&resize=700%2C400 2x, https:\/\/i0.wp.com\/noticiasribeiraopreto.com.br\/wp-content\/uploads\/2025\/11\/palace-3_2025-10-31_19-55-22.webp.webp?fit=1200%2C675&ssl=1&resize=1050%2C600 3x"},"classes":[]},{"id":57213,"url":"https:\/\/noticiasribeiraopreto.com.br\/index.php\/2024\/08\/26\/feriados-prolongados-no-segundo-semestre-confira-as-datas\/","url_meta":{"origin":79606,"position":4},"title":"Feriados prolongados no segundo semestre? Confira as datas","author":"noticiasribeiraopreto.com.br","date":"26 de August de 2024","format":false,"excerpt":"O ano de 2024, que \u00e9 bissexto, tem menos feriados prolongados. Se em 2023 os dias de descanso ca\u00edram em boa parte na quinta-feira, facilitando as emendas, em 2024 as datas est\u00e3o concentradas no s\u00e1bado, no domingo e na quarta-feira. Os pr\u00f3ximos tr\u00eas feriados nacionais acontecer\u00e3o aos s\u00e1bados: 7 de\u2026","rel":"","context":"In &quot;Not\u00edcias de Ribeir\u00e3o Preto-SP e Regi\u00e3o&quot;","block_context":{"text":"Not\u00edcias de Ribeir\u00e3o Preto-SP e Regi\u00e3o","link":"https:\/\/noticiasribeiraopreto.com.br\/index.php\/category\/noticias-de-ribeirao-preto-sp-e-regiao-ismael-colosi\/"},"img":{"alt_text":"","src":"https:\/\/i0.wp.com\/noticiasribeiraopreto.com.br\/wp-content\/uploads\/2024\/08\/Calendario-Freepik-944x531-1_2024-07-01_13-15-58_jpg_2024-07-01_13-15-58.webp.webp?fit=944%2C531&ssl=1&resize=350%2C200","width":350,"height":200,"srcset":"https:\/\/i0.wp.com\/noticiasribeiraopreto.com.br\/wp-content\/uploads\/2024\/08\/Calendario-Freepik-944x531-1_2024-07-01_13-15-58_jpg_2024-07-01_13-15-58.webp.webp?fit=944%2C531&ssl=1&resize=350%2C200 1x, https:\/\/i0.wp.com\/noticiasribeiraopreto.com.br\/wp-content\/uploads\/2024\/08\/Calendario-Freepik-944x531-1_2024-07-01_13-15-58_jpg_2024-07-01_13-15-58.webp.webp?fit=944%2C531&ssl=1&resize=525%2C300 1.5x, https:\/\/i0.wp.com\/noticiasribeiraopreto.com.br\/wp-content\/uploads\/2024\/08\/Calendario-Freepik-944x531-1_2024-07-01_13-15-58_jpg_2024-07-01_13-15-58.webp.webp?fit=944%2C531&ssl=1&resize=700%2C400 2x"},"classes":[]},{"id":59746,"url":"https:\/\/noticiasribeiraopreto.com.br\/index.php\/2024\/10\/29\/ribeirao-preto-recebe-espetaculo-gratuito-de-palhacaria-confira\/","url_meta":{"origin":79606,"position":5},"title":"Ribeir\u00e3o Preto recebe espet\u00e1culo gratuito de palha\u00e7aria; Confira","author":"noticiasribeiraopreto.com.br","date":"29 de October de 2024","format":false,"excerpt":"Entre os dias 31 de outubro e 14 de novembro a Atua Companhia de Teatro (Atuacia) de Ribeir\u00e3o Preto faz dez apresenta\u00e7\u00f5es abertas e gratuitas do espet\u00e1culo Palha\u00e7a Sola. As sess\u00f5es acontecem em cinco espa\u00e7os diferentes. O espet\u00e1culo c\u00f4mico \u00e9 protagonizado pela atriz Cinthia Vendruscolo e destaca a condi\u00e7\u00e3o feminina\u2026","rel":"","context":"In &quot;Not\u00edcias de Ribeir\u00e3o Preto-SP e Regi\u00e3o&quot;","block_context":{"text":"Not\u00edcias de Ribeir\u00e3o Preto-SP e Regi\u00e3o","link":"https:\/\/noticiasribeiraopreto.com.br\/index.php\/category\/noticias-de-ribeirao-preto-sp-e-regiao-ismael-colosi\/"},"img":{"alt_text":"","src":"https:\/\/i0.wp.com\/noticiasribeiraopreto.com.br\/wp-content\/uploads\/2024\/10\/Copia-de-Copia-de-Copia-de-TAMANHO-EXATO-PARA-FOTOS-NO-SISTEMA-NOVO-24_2024-10-29_13-11-39_jpg_2024-10-29_13-11-39.webp.webp?fit=1200%2C675&ssl=1&resize=350%2C200","width":350,"height":200,"srcset":"https:\/\/i0.wp.com\/noticiasribeiraopreto.com.br\/wp-content\/uploads\/2024\/10\/Copia-de-Copia-de-Copia-de-TAMANHO-EXATO-PARA-FOTOS-NO-SISTEMA-NOVO-24_2024-10-29_13-11-39_jpg_2024-10-29_13-11-39.webp.webp?fit=1200%2C675&ssl=1&resize=350%2C200 1x, https:\/\/i0.wp.com\/noticiasribeiraopreto.com.br\/wp-content\/uploads\/2024\/10\/Copia-de-Copia-de-Copia-de-TAMANHO-EXATO-PARA-FOTOS-NO-SISTEMA-NOVO-24_2024-10-29_13-11-39_jpg_2024-10-29_13-11-39.webp.webp?fit=1200%2C675&ssl=1&resize=525%2C300 1.5x, https:\/\/i0.wp.com\/noticiasribeiraopreto.com.br\/wp-content\/uploads\/2024\/10\/Copia-de-Copia-de-Copia-de-TAMANHO-EXATO-PARA-FOTOS-NO-SISTEMA-NOVO-24_2024-10-29_13-11-39_jpg_2024-10-29_13-11-39.webp.webp?fit=1200%2C675&ssl=1&resize=700%2C400 2x, https:\/\/i0.wp.com\/noticiasribeiraopreto.com.br\/wp-content\/uploads\/2024\/10\/Copia-de-Copia-de-Copia-de-TAMANHO-EXATO-PARA-FOTOS-NO-SISTEMA-NOVO-24_2024-10-29_13-11-39_jpg_2024-10-29_13-11-39.webp.webp?fit=1200%2C675&ssl=1&resize=1050%2C600 3x"},"classes":[]}],"jetpack_sharing_enabled":true,"jetpack_shortlink":"https:\/\/wp.me\/peQAOb-kHY","_links":{"self":[{"href":"https:\/\/noticiasribeiraopreto.com.br\/index.php\/wp-json\/wp\/v2\/posts\/79606","targetHints":{"allow":["GET"]}}],"collection":[{"href":"https:\/\/noticiasribeiraopreto.com.br\/index.php\/wp-json\/wp\/v2\/posts"}],"about":[{"href":"https:\/\/noticiasribeiraopreto.com.br\/index.php\/wp-json\/wp\/v2\/types\/post"}],"author":[{"embeddable":true,"href":"https:\/\/noticiasribeiraopreto.com.br\/index.php\/wp-json\/wp\/v2\/users\/1"}],"replies":[{"embeddable":true,"href":"https:\/\/noticiasribeiraopreto.com.br\/index.php\/wp-json\/wp\/v2\/comments?post=79606"}],"version-history":[{"count":0,"href":"https:\/\/noticiasribeiraopreto.com.br\/index.php\/wp-json\/wp\/v2\/posts\/79606\/revisions"}],"wp:featuredmedia":[{"embeddable":true,"href":"https:\/\/noticiasribeiraopreto.com.br\/index.php\/wp-json\/wp\/v2\/media\/79607"}],"wp:attachment":[{"href":"https:\/\/noticiasribeiraopreto.com.br\/index.php\/wp-json\/wp\/v2\/media?parent=79606"}],"wp:term":[{"taxonomy":"category","embeddable":true,"href":"https:\/\/noticiasribeiraopreto.com.br\/index.php\/wp-json\/wp\/v2\/categories?post=79606"},{"taxonomy":"post_tag","embeddable":true,"href":"https:\/\/noticiasribeiraopreto.com.br\/index.php\/wp-json\/wp\/v2\/tags?post=79606"}],"curies":[{"name":"wp","href":"https:\/\/api.w.org\/{rel}","templated":true}]}}