{"id":79610,"date":"2025-11-04T19:50:25","date_gmt":"2025-11-04T22:50:25","guid":{"rendered":"https:\/\/noticiasribeiraopreto.com.br\/index.php\/2025\/11\/04\/camara-aprova-aumento-gradual-da-licenca-paternidade-para-20-dias\/"},"modified":"2025-11-04T19:50:25","modified_gmt":"2025-11-04T22:50:25","slug":"camara-aprova-aumento-gradual-da-licenca-paternidade-para-20-dias","status":"publish","type":"post","link":"https:\/\/noticiasribeiraopreto.com.br\/index.php\/2025\/11\/04\/camara-aprova-aumento-gradual-da-licenca-paternidade-para-20-dias\/","title":{"rendered":"C\u00e2mara aprova aumento gradual da licen\u00e7a-paternidade para 20 dias"},"content":{"rendered":"<div class='code-block code-block-1' style='margin: 8px 0 8px auto; text-align: right; display: block; clear: both;'>\n<p><a href=\"https:\/\/wa.link\/vpicfd\"><img data-recalc-dims=\"1\" class=\"wp-image-4922\" style=\"aspect-ratio: 2.0253164556962027; width: 561px; height: auto;\" src=\"https:\/\/i0.wp.com\/ismaelcolosi.com.br\/wp-content\/uploads\/2023\/11\/grupo-de-empregos-whatsapp-e-facebook-ismael-colosi-vagas.jpg?ssl=1\" alt=\"\" \/><\/a><\/p>\n<!-- \/wp:image -->\n<\/div>\n<p> <br \/>\n<\/p>\n<div>\n<p>A <strong>C\u00e2mara dos Deputados aprovou nesta ter\u00e7a-feira (4) <\/strong>o projeto que amplia de <strong>forma gradual a licen\u00e7a-paternidade no Brasil<\/strong>, passando dos atuais<strong> cinco dias para 20 dias em um per\u00edodo de tr\u00eas anos<\/strong>. O texto aprovado prev\u00ea que a nova regra entre em vigor em <strong>1\u00ba de janeiro de 2027<\/strong>, mas ainda depende de an\u00e1lise do <strong>Senado Federal<\/strong>. <\/p>\n<p>Se aprovada pelos senadores, a proposta seguir\u00e1 para <strong>san\u00e7\u00e3o presidencial<\/strong>.<\/p>\n<figure class=\"wp-block-image size-full\"><img data-recalc-dims=\"1\" fetchpriority=\"high\" decoding=\"async\" width=\"1000\" height=\"616\" src=\"https:\/\/i0.wp.com\/cdn.media-acidadeon.com.br\/ribeiraopreto\/wp-content\/uploads\/sites\/3\/2025\/05\/mais-deputados_2025-05-07_13-12-42.webp?resize=1000%2C616&#038;ssl=1\" alt=\"N\u00famero de deputados vai saltar de 513 para 531 (Bruno Spada\/C\u00e2mara dos Deputados)\" class=\"wp-image-115761\" title=\"C\u00e2mara aprova aumento gradual da licen\u00e7a-paternidade para 20 dias 1\" srcset=\"https:\/\/cdn.media-acidadeon.com.br\/ribeiraopreto\/wp-content\/uploads\/sites\/3\/2025\/05\/mais-deputados_2025-05-07_13-12-42.webp 1000w, https:\/\/cdn.media-acidadeon.com.br\/ribeiraopreto\/wp-content\/uploads\/sites\/3\/2025\/05\/mais-deputados_2025-05-07_13-12-42-300x185.webp 300w, https:\/\/cdn.media-acidadeon.com.br\/ribeiraopreto\/wp-content\/uploads\/sites\/3\/2025\/05\/mais-deputados_2025-05-07_13-12-42-768x473.webp 768w, https:\/\/cdn.media-acidadeon.com.br\/ribeiraopreto\/wp-content\/uploads\/sites\/3\/2025\/05\/mais-deputados_2025-05-07_13-12-42-696x429.webp 696w\" sizes=\"(max-width: 1000px) 100vw, 1000px\"\/><figcaption class=\"wp-element-caption\">C\u00e2mara dos Deputados (Bruno Spada\/C\u00e2mara dos Deputados)<\/figcaption><\/figure>\n<h3 class=\"wp-block-heading\"><strong>Como ser\u00e1 a amplia\u00e7\u00e3o da licen\u00e7a-paternidade?<\/strong><\/h3>\n<p>No primeiro ano de vig\u00eancia, a licen\u00e7a-paternidade subir\u00e1 para <strong>10 dias<\/strong>. Em 2028, o prazo ser\u00e1 de <strong>15 dias<\/strong>, e, a partir de 2029, chegar\u00e1 aos <strong>20 dias<\/strong>.<\/p>\n<p>O projeto permite que a licen\u00e7a seja <strong>fracionada em dois per\u00edodos<\/strong>, desde que a primeira parte corresponda a pelo menos metade do total. O segundo per\u00edodo poder\u00e1 ser utilizado em at\u00e9 seis meses ap\u00f3s o parto ou a ado\u00e7\u00e3o.<\/p>\n<p>A exce\u00e7\u00e3o vale para casos de <strong>falecimento da m\u00e3e<\/strong>, quando o pai poder\u00e1 usufruir o tempo integral de forma cont\u00ednua.<\/p>\n<p>A proposta tamb\u00e9m <strong>pro\u00edbe a demiss\u00e3o sem justa causa<\/strong> do funcion\u00e1rio at\u00e9 <strong>30 dias ap\u00f3s o fim da licen\u00e7a-paternidade<\/strong>, garantindo maior estabilidade no emprego.<\/p>\n<h3 class=\"wp-block-heading\"><strong>Empresas Cidad\u00e3s ter\u00e3o prazo maior<\/strong><\/h3>\n<p>Empresas participantes do <strong>Programa Empresa Cidad\u00e3<\/strong> dever\u00e3o oferecer <strong>15 dias adicionais<\/strong>, elevando o total da licen\u00e7a-paternidade para <strong>35 dias<\/strong> nesses casos.<\/p>\n<p>Pais de <strong>crian\u00e7as com defici\u00eancia<\/strong> tamb\u00e9m ter\u00e3o direito a <strong>um ter\u00e7o a mais de tempo de licen\u00e7a<\/strong>, medida que amplia a prote\u00e7\u00e3o \u00e0s fam\u00edlias em situa\u00e7\u00e3o de maior vulnerabilidade.<\/p>\n<hr class=\"wp-block-separator has-alpha-channel-opacity\"\/>\n<p>SAIBA MAIS<\/p>\n<p>Troca de tiros em rodovia da regi\u00e3o de Ribeir\u00e3o Preto termina com uma pessoa morta<\/p>\n<h2 class=\"wp-block-heading\"><strong>FIQUE ON<\/strong><\/h2>\n<p>Fique ligado em tudo que acontece em Ribeir\u00e3o Preto e regi\u00e3o. Siga os perfis do<strong>\u00a0acidade on<\/strong>\u00a0no\u00a0<a href=\"https:\/\/www.instagram.com\/acidadeonribeirao\" target=\"_blank\" rel=\"noreferrer noopener\">Instagram<\/a>\u00a0e no\u00a0<a href=\"https:\/\/www.facebook.com\/acidadeonribeirao\/\" target=\"_blank\" rel=\"noreferrer noopener\">Facebook<\/a>.<\/p>\n<p>Receba not\u00edcias do\u00a0<strong>acidade on<\/strong>\u00a0no WhatsApp. Para entrar no grupo,\u00a0basta\u00a0<a href=\"https:\/\/chat.whatsapp.com\/I4nieTEMKlf50pJ28aMemC?mode=ac_t\" target=\"_blank\" rel=\"noreferrer noopener\">clicar aqui<\/a>. Ou, acesse o nosso\u00a0Canal\u00a0<a href=\"https:\/\/whatsapp.com\/channel\/0029Vb6IQl1JENyAeS57fk2p\" target=\"_blank\" rel=\"noreferrer noopener\">clicando aqui<\/a>.<\/p>\n<p>Fa\u00e7a uma den\u00fancia ou sugira uma reportagem sobre Ribeir\u00e3o Preto e regi\u00e3o pelo WhatsApp: 16 99117 7802.<\/p>\n<p>VEJA TAMB\u00c9M<\/p>\n<p>\u2018Os Donos do Jogo\u2019 ter\u00e1 2\u00aa temporada?<\/p>\n<p><!-- AI CONTENT END 1 -->\n<\/div>\n<p><script async src=\"\/\/www.instagram.com\/embed.js\"><\/script><br \/>\n<br \/><br \/>\n<br \/><a href=\"https:\/\/www.acidadeon.com\/ribeiraopreto\/politica\/camara-aprova-aumento-gradual-da-licenca-paternidade-para-20-dias\/\">Source link <\/a><\/p>\n<!-- CONTENT END 1 -->\n","protected":false},"excerpt":{"rendered":"<p>A C\u00e2mara dos Deputados aprovou nesta ter\u00e7a-feira (4) o projeto que amplia de forma gradual a licen\u00e7a-paternidade no Brasil, passando dos atuais cinco dias para&#8230;<\/p>\n","protected":false},"author":1,"featured_media":79611,"comment_status":"open","ping_status":"open","sticky":false,"template":"","format":"standard","meta":{"advanced_seo_description":"","jetpack_seo_html_title":"","jetpack_seo_noindex":false,"jetpack_post_was_ever_published":false,"_jetpack_newsletter_access":"","_jetpack_dont_email_post_to_subs":false,"_jetpack_newsletter_tier_id":0,"_jetpack_memberships_contains_paywalled_content":false,"_jetpack_memberships_contains_paid_content":false,"footnotes":"","jetpack_publicize_message":"","jetpack_publicize_feature_enabled":true,"jetpack_social_post_already_shared":true,"jetpack_social_options":{"image_generator_settings":{"template":"highway","default_image_id":0,"font":"","enabled":false},"version":2}},"categories":[11],"tags":[],"class_list":["post-79610","post","type-post","status-publish","format-standard","has-post-thumbnail","hentry","category-noticias-de-ribeirao-preto-sp-e-regiao-ismael-colosi"],"jetpack_publicize_connections":[],"jetpack_featured_media_url":"https:\/\/i0.wp.com\/noticiasribeiraopreto.com.br\/wp-content\/uploads\/2025\/11\/palace-14_2025-11-04_22-40-03.webp.webp?fit=1200%2C675&ssl=1","jetpack-related-posts":[{"id":75988,"url":"https:\/\/noticiasribeiraopreto.com.br\/index.php\/2025\/08\/20\/camara-pode-estender-licenca-paternidade-tribuna-ribeirao\/","url_meta":{"origin":79610,"position":0},"title":"C\u00e2mara pode estender licen\u00e7a-paternidade &#8211; Tribuna Ribeir\u00e3o","author":"noticiasribeiraopreto.com.br","date":"20 de August de 2025","format":false,"excerpt":"20 de agosto de 2025 07:3020 de agosto de 2025 07:0417 Compartilhar0 Os servidores da C\u00e2mara de Ribeir\u00e3o Preto poder\u00e3o ter o per\u00edodo de licen\u00e7a\u2013paternidade estendido se o projeto de resolu\u00e7\u00e3o da Mesa Diretora, protocolado nesta semana, for aprovado pelos vereadores. A proposta partiu de Duda Hidalgo (PT) e estabelece\u2026","rel":"","context":"In &quot;Not\u00edcias de Ribeir\u00e3o Preto-SP e Regi\u00e3o&quot;","block_context":{"text":"Not\u00edcias de Ribeir\u00e3o Preto-SP e Regi\u00e3o","link":"https:\/\/noticiasribeiraopreto.com.br\/index.php\/category\/noticias-de-ribeirao-preto-sp-e-regiao-ismael-colosi\/"},"img":{"alt_text":"","src":"https:\/\/i0.wp.com\/noticiasribeiraopreto.com.br\/wp-content\/uploads\/2025\/08\/CamaraTCE-Alfredo-Risk-scaled.jpg?fit=750%2C500&ssl=1&resize=350%2C200","width":350,"height":200,"srcset":"https:\/\/i0.wp.com\/noticiasribeiraopreto.com.br\/wp-content\/uploads\/2025\/08\/CamaraTCE-Alfredo-Risk-scaled.jpg?fit=750%2C500&ssl=1&resize=350%2C200 1x, https:\/\/i0.wp.com\/noticiasribeiraopreto.com.br\/wp-content\/uploads\/2025\/08\/CamaraTCE-Alfredo-Risk-scaled.jpg?fit=750%2C500&ssl=1&resize=525%2C300 1.5x, https:\/\/i0.wp.com\/noticiasribeiraopreto.com.br\/wp-content\/uploads\/2025\/08\/CamaraTCE-Alfredo-Risk-scaled.jpg?fit=750%2C500&ssl=1&resize=700%2C400 2x"},"classes":[]},{"id":74667,"url":"https:\/\/noticiasribeiraopreto.com.br\/index.php\/2025\/07\/26\/licenca-paternidade-pode-aumentar-entenda-propostas-em-discussao\/","url_meta":{"origin":79610,"position":1},"title":"Licen\u00e7a-paternidade pode aumentar; Entenda propostas em discuss\u00e3o","author":"noticiasribeiraopreto.com.br","date":"26 de July de 2025","format":false,"excerpt":"Os projetos que regulamentam e aumentam o tempo da licen\u00e7a-paternidade devem ser discutidos pelo Congresso Nacional na volta do recesso parlamentar, a partir de 4 de agosto. Isso porque, terminou o prazo dado pelo STF (Supremo Tribunal Federal) para o parlamento se debru\u00e7ar sobre o tema. Em dezembro de 2023,\u2026","rel":"","context":"In &quot;Not\u00edcias de Ribeir\u00e3o Preto-SP e Regi\u00e3o&quot;","block_context":{"text":"Not\u00edcias de Ribeir\u00e3o Preto-SP e Regi\u00e3o","link":"https:\/\/noticiasribeiraopreto.com.br\/index.php\/category\/noticias-de-ribeirao-preto-sp-e-regiao-ismael-colosi\/"},"img":{"alt_text":"","src":"https:\/\/i0.wp.com\/noticiasribeiraopreto.com.br\/wp-content\/uploads\/2025\/07\/licenca-paternidade_2025-07-26_20-38-04.webp.webp?fit=1200%2C800&ssl=1&resize=350%2C200","width":350,"height":200,"srcset":"https:\/\/i0.wp.com\/noticiasribeiraopreto.com.br\/wp-content\/uploads\/2025\/07\/licenca-paternidade_2025-07-26_20-38-04.webp.webp?fit=1200%2C800&ssl=1&resize=350%2C200 1x, https:\/\/i0.wp.com\/noticiasribeiraopreto.com.br\/wp-content\/uploads\/2025\/07\/licenca-paternidade_2025-07-26_20-38-04.webp.webp?fit=1200%2C800&ssl=1&resize=525%2C300 1.5x, https:\/\/i0.wp.com\/noticiasribeiraopreto.com.br\/wp-content\/uploads\/2025\/07\/licenca-paternidade_2025-07-26_20-38-04.webp.webp?fit=1200%2C800&ssl=1&resize=700%2C400 2x, https:\/\/i0.wp.com\/noticiasribeiraopreto.com.br\/wp-content\/uploads\/2025\/07\/licenca-paternidade_2025-07-26_20-38-04.webp.webp?fit=1200%2C800&ssl=1&resize=1050%2C600 3x"},"classes":[]},{"id":82979,"url":"https:\/\/noticiasribeiraopreto.com.br\/index.php\/2026\/03\/05\/projeto-amplia-licenca-paternidade-para-ate-20-dias-entenda\/","url_meta":{"origin":79610,"position":2},"title":"Projeto amplia licen\u00e7a-paternidade para at\u00e9 20 dias; entenda","author":"noticiasribeiraopreto.com.br","date":"5 de March de 2026","format":false,"excerpt":"O Congresso Nacional concluiu a aprova\u00e7\u00e3o do projeto de lei que regulamenta a licen\u00e7a-paternidade no Brasil e amplia de forma gradual o per\u00edodo de afastamento dos trabalhadores ap\u00f3s o nascimento dos filhos. A proposta aguarda san\u00e7\u00e3o presidencial. Hoje, trabalhadores contam com apenas cinco dias de licen\u00e7a-paternidade garantidos por lei. A\u2026","rel":"","context":"In &quot;Not\u00edcias de Ribeir\u00e3o Preto-SP e Regi\u00e3o&quot;","block_context":{"text":"Not\u00edcias de Ribeir\u00e3o Preto-SP e Regi\u00e3o","link":"https:\/\/noticiasribeiraopreto.com.br\/index.php\/category\/noticias-de-ribeirao-preto-sp-e-regiao-ismael-colosi\/"},"img":{"alt_text":"","src":"https:\/\/i0.wp.com\/noticiasribeiraopreto.com.br\/wp-content\/uploads\/2026\/03\/close-up-father-kissing-sleepy-baby_2026-03-04_23-43-04.webp.webp?fit=1200%2C801&ssl=1&resize=350%2C200","width":350,"height":200,"srcset":"https:\/\/i0.wp.com\/noticiasribeiraopreto.com.br\/wp-content\/uploads\/2026\/03\/close-up-father-kissing-sleepy-baby_2026-03-04_23-43-04.webp.webp?fit=1200%2C801&ssl=1&resize=350%2C200 1x, https:\/\/i0.wp.com\/noticiasribeiraopreto.com.br\/wp-content\/uploads\/2026\/03\/close-up-father-kissing-sleepy-baby_2026-03-04_23-43-04.webp.webp?fit=1200%2C801&ssl=1&resize=525%2C300 1.5x, https:\/\/i0.wp.com\/noticiasribeiraopreto.com.br\/wp-content\/uploads\/2026\/03\/close-up-father-kissing-sleepy-baby_2026-03-04_23-43-04.webp.webp?fit=1200%2C801&ssl=1&resize=700%2C400 2x, https:\/\/i0.wp.com\/noticiasribeiraopreto.com.br\/wp-content\/uploads\/2026\/03\/close-up-father-kissing-sleepy-baby_2026-03-04_23-43-04.webp.webp?fit=1200%2C801&ssl=1&resize=1050%2C600 3x"},"classes":[]},{"id":16942,"url":"https:\/\/noticiasribeiraopreto.com.br\/index.php\/2023\/12\/16\/novidades-sobre-licenca-paternidade-choca-brasileiros\/","url_meta":{"origin":79610,"position":3},"title":"NOVIDADES sobre LICEN\u00c7A PATERNIDADE CHOCA brasileiros","author":"noticiasribeiraopreto.com.br","date":"16 de December de 2023","format":false,"excerpt":"O STF (Supremo Tribunal Federal) nos \u00faltimos desdobramentos acerca da licen\u00e7a paternidade aqui no Brasil, teve uma vota\u00e7\u00e3o un\u00e2nime. Assim, na \u00faltima quinta-feira (14), ficou decidido que \u00e9 de incumb\u00eancia do Congresso Nacional a cria\u00e7\u00e3o da lei espec\u00edfica que regulamentar\u00e1 o benef\u00edcio no pa\u00eds. A resolu\u00e7\u00e3o assume uma import\u00e2ncia especial\u2026","rel":"","context":"In &quot;Vagas de Emprego em Ribeir\u00e3o Preto-SP&quot;","block_context":{"text":"Vagas de Emprego em Ribeir\u00e3o Preto-SP","link":"https:\/\/noticiasribeiraopreto.com.br\/index.php\/category\/empregos-classificados-vagas-trabalho\/vagas-de-empregos-em-ribeirao-preto-regiao-brasil\/"},"img":{"alt_text":"","src":"https:\/\/i0.wp.com\/noticiasribeiraopreto.com.br\/wp-content\/uploads\/2023\/12\/noticiasconcursos.com_.br-shine-4.jpg?fit=1200%2C800&ssl=1&resize=350%2C200","width":350,"height":200,"srcset":"https:\/\/i0.wp.com\/noticiasribeiraopreto.com.br\/wp-content\/uploads\/2023\/12\/noticiasconcursos.com_.br-shine-4.jpg?fit=1200%2C800&ssl=1&resize=350%2C200 1x, https:\/\/i0.wp.com\/noticiasribeiraopreto.com.br\/wp-content\/uploads\/2023\/12\/noticiasconcursos.com_.br-shine-4.jpg?fit=1200%2C800&ssl=1&resize=525%2C300 1.5x, https:\/\/i0.wp.com\/noticiasribeiraopreto.com.br\/wp-content\/uploads\/2023\/12\/noticiasconcursos.com_.br-shine-4.jpg?fit=1200%2C800&ssl=1&resize=700%2C400 2x, https:\/\/i0.wp.com\/noticiasribeiraopreto.com.br\/wp-content\/uploads\/2023\/12\/noticiasconcursos.com_.br-shine-4.jpg?fit=1200%2C800&ssl=1&resize=1050%2C600 3x"},"classes":[]},{"id":56028,"url":"https:\/\/noticiasribeiraopreto.com.br\/index.php\/2024\/08\/09\/8-em-cada-10-pais-querem-mais-dias-de-licenca-paternidade\/","url_meta":{"origin":79610,"position":4},"title":"8 em cada 10 pais querem mais dias de licen\u00e7a-paternidade","author":"noticiasribeiraopreto.com.br","date":"9 de August de 2024","format":false,"excerpt":"\u00a0 Acessibilidade L L A- A+ \u25d0 \u00a0 Mais de 80% dos pais gostariam de ter licen\u00e7a-paternidade estendida. Entre eles, 34% gostariam de ter mais de 21 dias de licen\u00e7a; 26% desejam 120 dias ou mais (como a licen\u00e7a-maternidade) e 22%, de 6 a 22 dias. Apenas 11% concordam com\u2026","rel":"","context":"In &quot;Blog&quot;","block_context":{"text":"Blog","link":"https:\/\/noticiasribeiraopreto.com.br\/index.php\/category\/blog\/"},"img":{"alt_text":"","src":"https:\/\/i0.wp.com\/noticiasribeiraopreto.com.br\/wp-content\/uploads\/2024\/08\/carreira-licenca-paternidade-1024x683.jpg?fit=1024%2C683&ssl=1&resize=350%2C200","width":350,"height":200,"srcset":"https:\/\/i0.wp.com\/noticiasribeiraopreto.com.br\/wp-content\/uploads\/2024\/08\/carreira-licenca-paternidade-1024x683.jpg?fit=1024%2C683&ssl=1&resize=350%2C200 1x, https:\/\/i0.wp.com\/noticiasribeiraopreto.com.br\/wp-content\/uploads\/2024\/08\/carreira-licenca-paternidade-1024x683.jpg?fit=1024%2C683&ssl=1&resize=525%2C300 1.5x, https:\/\/i0.wp.com\/noticiasribeiraopreto.com.br\/wp-content\/uploads\/2024\/08\/carreira-licenca-paternidade-1024x683.jpg?fit=1024%2C683&ssl=1&resize=700%2C400 2x"},"classes":[]},{"id":15639,"url":"https:\/\/noticiasribeiraopreto.com.br\/index.php\/2023\/12\/14\/licenca-paternidade-pode-se-igualar-a-licenca-maternidade-e-ser-de-120-dias-2\/","url_meta":{"origin":79610,"position":5},"title":"Licen\u00e7a-paternidade pode se igualar \u00e0 licen\u00e7a-maternidade e ser de 120 dias","author":"noticiasribeiraopreto.com.br","date":"14 de December de 2023","format":false,"excerpt":"O Supremo Tribunal Federal (STF) deliberou nesta quarta-feira (13) sobre a necessidade de equiparar a licen\u00e7a-paternidade \u00e0 licen\u00e7a-maternidade, estabelecendo um per\u00edodo de 120 dias. A decis\u00e3o, baseada nos votos dos ministros Lu\u00eds Roberto Barroso e Edson Fachin, determina que o Congresso Nacional tem 18 meses para aprovar uma legisla\u00e7\u00e3o que\u2026","rel":"","context":"In &quot;Vagas de Emprego em Ribeir\u00e3o Preto-SP&quot;","block_context":{"text":"Vagas de Emprego em Ribeir\u00e3o Preto-SP","link":"https:\/\/noticiasribeiraopreto.com.br\/index.php\/category\/empregos-classificados-vagas-trabalho\/vagas-de-empregos-em-ribeirao-preto-regiao-brasil\/"},"img":{"alt_text":"","src":"https:\/\/i0.wp.com\/noticiasribeiraopreto.com.br\/wp-content\/uploads\/2023\/12\/licenca-paternidade-pais-adotivos.jpg?fit=1200%2C675&ssl=1&resize=350%2C200","width":350,"height":200,"srcset":"https:\/\/i0.wp.com\/noticiasribeiraopreto.com.br\/wp-content\/uploads\/2023\/12\/licenca-paternidade-pais-adotivos.jpg?fit=1200%2C675&ssl=1&resize=350%2C200 1x, https:\/\/i0.wp.com\/noticiasribeiraopreto.com.br\/wp-content\/uploads\/2023\/12\/licenca-paternidade-pais-adotivos.jpg?fit=1200%2C675&ssl=1&resize=525%2C300 1.5x, https:\/\/i0.wp.com\/noticiasribeiraopreto.com.br\/wp-content\/uploads\/2023\/12\/licenca-paternidade-pais-adotivos.jpg?fit=1200%2C675&ssl=1&resize=700%2C400 2x, https:\/\/i0.wp.com\/noticiasribeiraopreto.com.br\/wp-content\/uploads\/2023\/12\/licenca-paternidade-pais-adotivos.jpg?fit=1200%2C675&ssl=1&resize=1050%2C600 3x"},"classes":[]}],"jetpack_sharing_enabled":true,"jetpack_shortlink":"https:\/\/wp.me\/peQAOb-kI2","_links":{"self":[{"href":"https:\/\/noticiasribeiraopreto.com.br\/index.php\/wp-json\/wp\/v2\/posts\/79610","targetHints":{"allow":["GET"]}}],"collection":[{"href":"https:\/\/noticiasribeiraopreto.com.br\/index.php\/wp-json\/wp\/v2\/posts"}],"about":[{"href":"https:\/\/noticiasribeiraopreto.com.br\/index.php\/wp-json\/wp\/v2\/types\/post"}],"author":[{"embeddable":true,"href":"https:\/\/noticiasribeiraopreto.com.br\/index.php\/wp-json\/wp\/v2\/users\/1"}],"replies":[{"embeddable":true,"href":"https:\/\/noticiasribeiraopreto.com.br\/index.php\/wp-json\/wp\/v2\/comments?post=79610"}],"version-history":[{"count":0,"href":"https:\/\/noticiasribeiraopreto.com.br\/index.php\/wp-json\/wp\/v2\/posts\/79610\/revisions"}],"wp:featuredmedia":[{"embeddable":true,"href":"https:\/\/noticiasribeiraopreto.com.br\/index.php\/wp-json\/wp\/v2\/media\/79611"}],"wp:attachment":[{"href":"https:\/\/noticiasribeiraopreto.com.br\/index.php\/wp-json\/wp\/v2\/media?parent=79610"}],"wp:term":[{"taxonomy":"category","embeddable":true,"href":"https:\/\/noticiasribeiraopreto.com.br\/index.php\/wp-json\/wp\/v2\/categories?post=79610"},{"taxonomy":"post_tag","embeddable":true,"href":"https:\/\/noticiasribeiraopreto.com.br\/index.php\/wp-json\/wp\/v2\/tags?post=79610"}],"curies":[{"name":"wp","href":"https:\/\/api.w.org\/{rel}","templated":true}]}}