{"id":79612,"date":"2025-11-04T19:58:22","date_gmt":"2025-11-04T22:58:22","guid":{"rendered":"https:\/\/noticiasribeiraopreto.com.br\/index.php\/2025\/11\/04\/ribeirao-preto-tera-quatro-novos-reservatorios-de-agua-confira-os-locais\/"},"modified":"2025-11-04T19:58:22","modified_gmt":"2025-11-04T22:58:22","slug":"ribeirao-preto-tera-quatro-novos-reservatorios-de-agua-confira-os-locais","status":"publish","type":"post","link":"https:\/\/noticiasribeiraopreto.com.br\/index.php\/2025\/11\/04\/ribeirao-preto-tera-quatro-novos-reservatorios-de-agua-confira-os-locais\/","title":{"rendered":"Ribeir\u00e3o Preto ter\u00e1 quatro novos reservat\u00f3rios de \u00e1gua; confira os locais"},"content":{"rendered":"<div class='code-block code-block-1' style='margin: 8px 0 8px auto; text-align: right; display: block; clear: both;'>\n<p><a href=\"https:\/\/wa.link\/vpicfd\"><img data-recalc-dims=\"1\" class=\"wp-image-4922\" style=\"aspect-ratio: 2.0253164556962027; width: 561px; height: auto;\" src=\"https:\/\/i0.wp.com\/ismaelcolosi.com.br\/wp-content\/uploads\/2023\/11\/grupo-de-empregos-whatsapp-e-facebook-ismael-colosi-vagas.jpg?ssl=1\" alt=\"\" \/><\/a><\/p>\n<!-- \/wp:image -->\n<\/div>\n<p> <br \/>\n<\/p>\n<div>\n<p>A Prefeitura de Ribeir\u00e3o Preto, por meio da Secretaria de \u00c1gua e Esgoto (Saerp), <strong>abriu licita\u00e7\u00e3o para contratar a empresa ou cons\u00f3rcio respons\u00e1vel pela constru\u00e7\u00e3o de quatro novos reservat\u00f3rios de \u00e1gua pot\u00e1vel e Esta\u00e7\u00f5es Elevat\u00f3rias de \u00c1gua Tratada (EEAT)<\/strong>. O investimento estimado \u00e9 de <strong>R$ 19,7 milh\u00f5es<\/strong>, com recursos do <strong>Programa de Acelera\u00e7\u00e3o do Crescimento (PAC)<\/strong> do Governo Federal.<\/p>\n<p>A abertura das propostas est\u00e1 marcada para o <strong>dia 6 de janeiro de 2026<\/strong>, e a contrata\u00e7\u00e3o ser\u00e1 feita pelo crit\u00e9rio de <strong>menor pre\u00e7o<\/strong>. O contrato ter\u00e1 vig\u00eancia de <strong>12 meses<\/strong> a partir da emiss\u00e3o da ordem de servi\u00e7o.<\/p>\n<p>O objetivo \u00e9 <strong>aumentar a capacidade de armazenamento e melhorar o sistema de abastecimento<\/strong> em diferentes regi\u00f5es do munic\u00edpio, beneficiando diretamente cerca de <strong>80 mil pessoas<\/strong>.<\/p>\n<figure class=\"wp-block-image size-large\"><img data-recalc-dims=\"1\" fetchpriority=\"high\" decoding=\"async\" width=\"1024\" height=\"574\" src=\"https:\/\/i0.wp.com\/cdn.media-acidadeon.com.br\/ribeiraopreto\/wp-content\/uploads\/sites\/3\/2025\/10\/TORNEIRA_2025-10-07_16-41-14-1024x574.webp?resize=1024%2C574&#038;ssl=1\" alt=\"\u00e1gua\" class=\"wp-image-131515\" title=\"Ribeir\u00e3o Preto ter\u00e1 quatro novos reservat\u00f3rios de \u00e1gua; confira os locais 1\" srcset=\"https:\/\/cdn.media-acidadeon.com.br\/ribeiraopreto\/wp-content\/uploads\/sites\/3\/2025\/10\/TORNEIRA_2025-10-07_16-41-14-1024x574.webp 1024w, https:\/\/cdn.media-acidadeon.com.br\/ribeiraopreto\/wp-content\/uploads\/sites\/3\/2025\/10\/TORNEIRA_2025-10-07_16-41-14-300x168.webp 300w, https:\/\/cdn.media-acidadeon.com.br\/ribeiraopreto\/wp-content\/uploads\/sites\/3\/2025\/10\/TORNEIRA_2025-10-07_16-41-14-768x431.webp 768w, https:\/\/cdn.media-acidadeon.com.br\/ribeiraopreto\/wp-content\/uploads\/sites\/3\/2025\/10\/TORNEIRA_2025-10-07_16-41-14-696x390.webp 696w, https:\/\/cdn.media-acidadeon.com.br\/ribeiraopreto\/wp-content\/uploads\/sites\/3\/2025\/10\/TORNEIRA_2025-10-07_16-41-14-1068x599.webp 1068w, https:\/\/cdn.media-acidadeon.com.br\/ribeiraopreto\/wp-content\/uploads\/sites\/3\/2025\/10\/TORNEIRA_2025-10-07_16-41-14.webp 1200w\" sizes=\"(max-width: 1024px) 100vw, 1024px\"\/><\/figure>\n<h3 class=\"wp-block-heading\"><strong>Reservat\u00f3rios atender\u00e3o quatro regi\u00f5es da cidade<\/strong><\/h3>\n<p>Os novos reservat\u00f3rios ser\u00e3o instalados nos bairros <strong>Jardim Salgado Filho<\/strong>, <strong>Vila Tib\u00e9rio<\/strong>, <strong>Residencial San Thiago<\/strong> e <strong>Jardim Nova Alian\u00e7a<\/strong>.<\/p>\n<p>No <strong>Jardim Salgado Filho<\/strong>, ser\u00e1 constru\u00edda uma estrutura com <strong>1.000 m\u00b3 de capacidade<\/strong>, acompanhada de uma esta\u00e7\u00e3o elevat\u00f3ria, que atender\u00e1 aproximadamente <strong>14 mil moradores<\/strong> da regi\u00e3o e do Jardim Aeroporto.<\/p>\n<p>J\u00e1 na <strong>Vila Tib\u00e9rio<\/strong>, outro reservat\u00f3rio de <strong>1.000 m\u00b3<\/strong>, tamb\u00e9m com EEAT, garantir\u00e1 o abastecimento para <strong>36,5 mil habitantes<\/strong>.<\/p>\n<p>No <strong>Residencial San Thiago<\/strong>, o reservat\u00f3rio ter\u00e1 <strong>1.500 m\u00b3<\/strong> e vai refor\u00e7ar o fornecimento de \u00e1gua para parte do <strong>Distrito de Bonfim Paulista<\/strong> e dos <strong>Residenciais Terras de Bonfim<\/strong>, beneficiando cerca de <strong>10 mil pessoas<\/strong>.<\/p>\n<p>Por fim, o <strong>Jardim Nova Alian\u00e7a<\/strong> receber\u00e1 outro reservat\u00f3rio de <strong>1.500 m\u00b3<\/strong>, com capacidade para atender aproximadamente <strong>20 mil moradores<\/strong> da regi\u00e3o e do Jardim Jo\u00e3o Rossi.<\/p>\n<h3 class=\"wp-block-heading\"><strong>Tecnologia para gerar economia<\/strong><\/h3>\n<p>Segundo a Saerp, os reservat\u00f3rios ser\u00e3o do tipo <strong>a\u00e7o parafusado<\/strong>, tecnologia que permite <strong>instala\u00e7\u00e3o mais r\u00e1pida, menor custo de manuten\u00e7\u00e3o, maior resist\u00eancia \u00e0 corros\u00e3o<\/strong> e <strong>redu\u00e7\u00e3o no risco de contamina\u00e7\u00e3o da \u00e1gua<\/strong>.<\/p>\n<p>O sistema funcionar\u00e1 por gravidade, recebendo \u00e1gua diretamente dos po\u00e7os e distribuindo-a at\u00e9 os im\u00f3veis.<\/p>\n<hr class=\"wp-block-separator has-alpha-channel-opacity\"\/>\n<p>SAIBA MAIS<\/p>\n<p>Troca de tiros em rodovia da regi\u00e3o de Ribeir\u00e3o Preto termina com uma pessoa morta<\/p>\n<h2 class=\"wp-block-heading\"><strong>FIQUE ON<\/strong><\/h2>\n<p>Fique ligado em tudo que acontece em Ribeir\u00e3o Preto e regi\u00e3o. Siga os perfis do<strong>\u00a0acidade on<\/strong>\u00a0no\u00a0<a href=\"https:\/\/www.instagram.com\/acidadeonribeirao\" target=\"_blank\" rel=\"noreferrer noopener\">Instagram<\/a>\u00a0e no\u00a0<a href=\"https:\/\/www.facebook.com\/acidadeonribeirao\/\" target=\"_blank\" rel=\"noreferrer noopener\">Facebook<\/a>.<\/p>\n<p>Receba not\u00edcias do\u00a0<strong>acidade on<\/strong>\u00a0no WhatsApp. Para entrar no grupo,\u00a0basta\u00a0<a href=\"https:\/\/chat.whatsapp.com\/I4nieTEMKlf50pJ28aMemC?mode=ac_t\" target=\"_blank\" rel=\"noreferrer noopener\">clicar aqui<\/a>. Ou, acesse o nosso\u00a0Canal\u00a0<a href=\"https:\/\/whatsapp.com\/channel\/0029Vb6IQl1JENyAeS57fk2p\" target=\"_blank\" rel=\"noreferrer noopener\">clicando aqui<\/a>.<\/p>\n<p>Fa\u00e7a uma den\u00fancia ou sugira uma reportagem sobre Ribeir\u00e3o Preto e regi\u00e3o pelo WhatsApp: 16 99117 7802.<\/p>\n<p>VEJA TAMB\u00c9M<\/p>\n<p>\u2018Os Donos do Jogo\u2019 ter\u00e1 2\u00aa temporada?<\/p>\n<p><!-- AI CONTENT END 1 -->\n<\/div>\n<p><script async src=\"\/\/www.instagram.com\/embed.js\"><\/script><br \/>\n<br \/><br \/>\n<br \/><a href=\"https:\/\/www.acidadeon.com\/ribeiraopreto\/politica\/ribeirao-preto-tera-quatro-novos-reservatorios-de-agua-confira-os-locais\/\">Source link <\/a><\/p>\n<!-- CONTENT END 1 -->\n","protected":false},"excerpt":{"rendered":"<p>A Prefeitura de Ribeir\u00e3o Preto, por meio da Secretaria de \u00c1gua e Esgoto (Saerp), abriu licita\u00e7\u00e3o para contratar a empresa ou cons\u00f3rcio respons\u00e1vel pela constru\u00e7\u00e3o&#8230;<\/p>\n","protected":false},"author":1,"featured_media":79613,"comment_status":"open","ping_status":"open","sticky":false,"template":"","format":"standard","meta":{"advanced_seo_description":"","jetpack_seo_html_title":"","jetpack_seo_noindex":false,"jetpack_post_was_ever_published":false,"_jetpack_newsletter_access":"","_jetpack_dont_email_post_to_subs":false,"_jetpack_newsletter_tier_id":0,"_jetpack_memberships_contains_paywalled_content":false,"_jetpack_memberships_contains_paid_content":false,"footnotes":"","jetpack_publicize_message":"","jetpack_publicize_feature_enabled":true,"jetpack_social_post_already_shared":true,"jetpack_social_options":{"image_generator_settings":{"template":"highway","default_image_id":0,"font":"","enabled":false},"version":2}},"categories":[11],"tags":[],"class_list":["post-79612","post","type-post","status-publish","format-standard","has-post-thumbnail","hentry","category-noticias-de-ribeirao-preto-sp-e-regiao-ismael-colosi"],"jetpack_publicize_connections":[],"jetpack_featured_media_url":"https:\/\/i0.wp.com\/noticiasribeiraopreto.com.br\/wp-content\/uploads\/2025\/11\/palace-13_2025-11-04_22-22-21.webp.webp?fit=1200%2C675&ssl=1","jetpack-related-posts":[{"id":73723,"url":"https:\/\/noticiasribeiraopreto.com.br\/index.php\/2025\/07\/08\/ribeirao-vai-receber-r-437-milhoes-em-obras-para-melhorar-o-abastecimento-de-agua-entenda\/","url_meta":{"origin":79612,"position":0},"title":"Ribeir\u00e3o vai receber R$ 43,7 milh\u00f5es em obras para melhorar o abastecimento de \u00e1gua; Entenda","author":"noticiasribeiraopreto.com.br","date":"8 de July de 2025","format":false,"excerpt":"Ribeir\u00e3o Preto vai receber R$ 43,7 milh\u00f5es para investir em infraestrutura h\u00eddrica, por meio de recursos do Novo PAC (Programa de Acelera\u00e7\u00e3o do Crescimento) e do Finisa (Financiamento \u00e0 Infraestrutura e ao Saneamento). Os contratos foram assinados pelo prefeito Ricardo Silva (PSD) na manh\u00e3 desta ter\u00e7a-feira (8), durante solenidade realizada\u2026","rel":"","context":"In &quot;Not\u00edcias de Ribeir\u00e3o Preto-SP e Regi\u00e3o&quot;","block_context":{"text":"Not\u00edcias de Ribeir\u00e3o Preto-SP e Regi\u00e3o","link":"https:\/\/noticiasribeiraopreto.com.br\/index.php\/category\/noticias-de-ribeirao-preto-sp-e-regiao-ismael-colosi\/"},"img":{"alt_text":"","src":"https:\/\/i0.wp.com\/noticiasribeiraopreto.com.br\/wp-content\/uploads\/2025\/07\/WhatsApp-Image-2025-07-08-at-13.08.19_2025-07-08_16-09-03.webp.webp?fit=1200%2C900&ssl=1&resize=350%2C200","width":350,"height":200,"srcset":"https:\/\/i0.wp.com\/noticiasribeiraopreto.com.br\/wp-content\/uploads\/2025\/07\/WhatsApp-Image-2025-07-08-at-13.08.19_2025-07-08_16-09-03.webp.webp?fit=1200%2C900&ssl=1&resize=350%2C200 1x, https:\/\/i0.wp.com\/noticiasribeiraopreto.com.br\/wp-content\/uploads\/2025\/07\/WhatsApp-Image-2025-07-08-at-13.08.19_2025-07-08_16-09-03.webp.webp?fit=1200%2C900&ssl=1&resize=525%2C300 1.5x, https:\/\/i0.wp.com\/noticiasribeiraopreto.com.br\/wp-content\/uploads\/2025\/07\/WhatsApp-Image-2025-07-08-at-13.08.19_2025-07-08_16-09-03.webp.webp?fit=1200%2C900&ssl=1&resize=700%2C400 2x, https:\/\/i0.wp.com\/noticiasribeiraopreto.com.br\/wp-content\/uploads\/2025\/07\/WhatsApp-Image-2025-07-08-at-13.08.19_2025-07-08_16-09-03.webp.webp?fit=1200%2C900&ssl=1&resize=1050%2C600 3x"},"classes":[]},{"id":3243,"url":"https:\/\/noticiasribeiraopreto.com.br\/index.php\/2023\/11\/17\/falta-dagua-pode-suspender-hemodialise-de-70-pacientes-em-ribeirao-preto\/","url_meta":{"origin":79612,"position":1},"title":"Falta d&#8217;\u00e1gua pode suspender hemodi\u00e1lise de 70 pacientes em Ribeir\u00e3o Preto","author":"noticiasribeiraopreto.com.br","date":"17 de November de 2023","format":false,"excerpt":"Cerca de 70 pacientes que fazem sess\u00f5es de hemodi\u00e1lise, em uma cl\u00ednica da zona Sul de Ribeir\u00e3o Preto, podem ser prejudicados neste s\u00e1bado (18), se o abastecimento de \u00e1gua n\u00e3o voltar no local. O problema na unidade onde \u00e9 realizado o procedimento come\u00e7ou durante a madrugada desta sexta-feira (17), quando\u2026","rel":"","context":"In &quot;Not\u00edcias de Ribeir\u00e3o Preto-SP e Regi\u00e3o&quot;","block_context":{"text":"Not\u00edcias de Ribeir\u00e3o Preto-SP e Regi\u00e3o","link":"https:\/\/noticiasribeiraopreto.com.br\/index.php\/category\/noticias-de-ribeirao-preto-sp-e-regiao-ismael-colosi\/"},"img":{"alt_text":"","src":"https:\/\/i0.wp.com\/noticiasribeiraopreto.com.br\/wp-content\/uploads\/2023\/11\/WhatsApp-Image-2023-11-17-at-20.10.31.jpeg?fit=1200%2C752&ssl=1&resize=350%2C200","width":350,"height":200,"srcset":"https:\/\/i0.wp.com\/noticiasribeiraopreto.com.br\/wp-content\/uploads\/2023\/11\/WhatsApp-Image-2023-11-17-at-20.10.31.jpeg?fit=1200%2C752&ssl=1&resize=350%2C200 1x, https:\/\/i0.wp.com\/noticiasribeiraopreto.com.br\/wp-content\/uploads\/2023\/11\/WhatsApp-Image-2023-11-17-at-20.10.31.jpeg?fit=1200%2C752&ssl=1&resize=525%2C300 1.5x, https:\/\/i0.wp.com\/noticiasribeiraopreto.com.br\/wp-content\/uploads\/2023\/11\/WhatsApp-Image-2023-11-17-at-20.10.31.jpeg?fit=1200%2C752&ssl=1&resize=700%2C400 2x, https:\/\/i0.wp.com\/noticiasribeiraopreto.com.br\/wp-content\/uploads\/2023\/11\/WhatsApp-Image-2023-11-17-at-20.10.31.jpeg?fit=1200%2C752&ssl=1&resize=1050%2C600 3x"},"classes":[]},{"id":63087,"url":"https:\/\/noticiasribeiraopreto.com.br\/index.php\/2025\/02\/02\/saerp-pretende-implantar-novos-pocos-e-reservatorios-para-abastecimento-de-ribeirao-preto\/","url_meta":{"origin":79612,"position":2},"title":"Saerp pretende implantar novos po\u00e7os e reservat\u00f3rios para abastecimento de Ribeir\u00e3o Preto","author":"noticiasribeiraopreto.com.br","date":"2 de February de 2025","format":false,"excerpt":"A Saerp (Secretaria de \u00c1gua e Esgoto de Ribeir\u00e3o Preto) planeja investir na constru\u00e7\u00e3o de novos po\u00e7os e esta\u00e7\u00f5es de reserva\u00e7\u00e3o a longo prazo, para suprir a necessidade de \u00e1gua do munic\u00edpio. A afirma\u00e7\u00e3o foi feita ao portal acidade on, durante entrevista com o novo secret\u00e1rio da pasta, Jos\u00e9 Rui\u2026","rel":"","context":"In &quot;Not\u00edcias de Ribeir\u00e3o Preto-SP e Regi\u00e3o&quot;","block_context":{"text":"Not\u00edcias de Ribeir\u00e3o Preto-SP e Regi\u00e3o","link":"https:\/\/noticiasribeiraopreto.com.br\/index.php\/category\/noticias-de-ribeirao-preto-sp-e-regiao-ismael-colosi\/"},"img":{"alt_text":"","src":"https:\/\/i0.wp.com\/noticiasribeiraopreto.com.br\/wp-content\/uploads\/2025\/02\/saerp.png?fit=1200%2C800&ssl=1&resize=350%2C200","width":350,"height":200,"srcset":"https:\/\/i0.wp.com\/noticiasribeiraopreto.com.br\/wp-content\/uploads\/2025\/02\/saerp.png?fit=1200%2C800&ssl=1&resize=350%2C200 1x, https:\/\/i0.wp.com\/noticiasribeiraopreto.com.br\/wp-content\/uploads\/2025\/02\/saerp.png?fit=1200%2C800&ssl=1&resize=525%2C300 1.5x, https:\/\/i0.wp.com\/noticiasribeiraopreto.com.br\/wp-content\/uploads\/2025\/02\/saerp.png?fit=1200%2C800&ssl=1&resize=700%2C400 2x, https:\/\/i0.wp.com\/noticiasribeiraopreto.com.br\/wp-content\/uploads\/2025\/02\/saerp.png?fit=1200%2C800&ssl=1&resize=1050%2C600 3x"},"classes":[]},{"id":76099,"url":"https:\/\/noticiasribeiraopreto.com.br\/index.php\/2025\/08\/22\/reservatorio-inaugurado-do-saerp-beneficiara-40-mil-pessoas\/","url_meta":{"origin":79612,"position":3},"title":"Reservat\u00f3rio inaugurado do Saerp beneficiar\u00e1 40 mil pessoas","author":"noticiasribeiraopreto.com.br","date":"22 de August de 2025","format":false,"excerpt":"22 de agosto de 2025 08:591 Compartilhar0 A Secretaria de \u00c1gua e Esgoto de Rieir\u00e3o Preto (Saerp) inaugurou nesta quinta-feira, 21 de agosto, o Reservat\u00f3rio Parque Ribeir\u00e3o. Com capacidade de 2 mil metros c\u00fabicos, o equipamento integra um dos maiores sistemas de abastecimento da cidade, beneficiando aproximadamente 40 mil habitantes\u2026","rel":"","context":"In &quot;Not\u00edcias de Ribeir\u00e3o Preto-SP e Regi\u00e3o&quot;","block_context":{"text":"Not\u00edcias de Ribeir\u00e3o Preto-SP e Regi\u00e3o","link":"https:\/\/noticiasribeiraopreto.com.br\/index.php\/category\/noticias-de-ribeirao-preto-sp-e-regiao-ismael-colosi\/"},"img":{"alt_text":"","src":"https:\/\/i0.wp.com\/noticiasribeiraopreto.com.br\/wp-content\/uploads\/2025\/08\/Saerp-Diulgacao-01.jpeg?fit=1000%2C666&ssl=1&resize=350%2C200","width":350,"height":200,"srcset":"https:\/\/i0.wp.com\/noticiasribeiraopreto.com.br\/wp-content\/uploads\/2025\/08\/Saerp-Diulgacao-01.jpeg?fit=1000%2C666&ssl=1&resize=350%2C200 1x, https:\/\/i0.wp.com\/noticiasribeiraopreto.com.br\/wp-content\/uploads\/2025\/08\/Saerp-Diulgacao-01.jpeg?fit=1000%2C666&ssl=1&resize=525%2C300 1.5x, https:\/\/i0.wp.com\/noticiasribeiraopreto.com.br\/wp-content\/uploads\/2025\/08\/Saerp-Diulgacao-01.jpeg?fit=1000%2C666&ssl=1&resize=700%2C400 2x"},"classes":[]},{"id":68830,"url":"https:\/\/noticiasribeiraopreto.com.br\/index.php\/2025\/04\/29\/cidade-no-litoral-tera-primeira-usina-de-dessalinizacao-de-agua-de-sp-saiba-como-funciona\/","url_meta":{"origin":79612,"position":4},"title":"Cidade no litoral ter\u00e1 primeira usina de dessaliniza\u00e7\u00e3o de \u00e1gua de SP; saiba como funciona","author":"noticiasribeiraopreto.com.br","date":"29 de April de 2025","format":false,"excerpt":"A Sabesp lan\u00e7ou a licita\u00e7\u00e3o para construir a primeira usina de dessaliniza\u00e7\u00e3o de \u00e1gua do Estado de S\u00e3o Paulo, que ficar\u00e1 em Ilhabela, no litoral. A usina vai transformar a \u00e1gua do mar em \u00e1gua pot\u00e1vel para o abastecimento de mais de 8 mil moradores. A usina vai captar \u00e1gua\u2026","rel":"","context":"In &quot;Not\u00edcias de Ribeir\u00e3o Preto-SP e Regi\u00e3o&quot;","block_context":{"text":"Not\u00edcias de Ribeir\u00e3o Preto-SP e Regi\u00e3o","link":"https:\/\/noticiasribeiraopreto.com.br\/index.php\/category\/noticias-de-ribeirao-preto-sp-e-regiao-ismael-colosi\/"},"img":{"alt_text":"","src":"https:\/\/i0.wp.com\/noticiasribeiraopreto.com.br\/wp-content\/uploads\/2025\/04\/ilhabela_2025-04-29_15-05-34.webp.webp?fit=800%2C533&ssl=1&resize=350%2C200","width":350,"height":200,"srcset":"https:\/\/i0.wp.com\/noticiasribeiraopreto.com.br\/wp-content\/uploads\/2025\/04\/ilhabela_2025-04-29_15-05-34.webp.webp?fit=800%2C533&ssl=1&resize=350%2C200 1x, https:\/\/i0.wp.com\/noticiasribeiraopreto.com.br\/wp-content\/uploads\/2025\/04\/ilhabela_2025-04-29_15-05-34.webp.webp?fit=800%2C533&ssl=1&resize=525%2C300 1.5x, https:\/\/i0.wp.com\/noticiasribeiraopreto.com.br\/wp-content\/uploads\/2025\/04\/ilhabela_2025-04-29_15-05-34.webp.webp?fit=800%2C533&ssl=1&resize=700%2C400 2x"},"classes":[]},{"id":73695,"url":"https:\/\/noticiasribeiraopreto.com.br\/index.php\/2025\/07\/08\/abastecimento-de-agua-tera-r-44-mi\/","url_meta":{"origin":79612,"position":5},"title":"Abastecimento de \u00e1gua ter\u00e1 R$ 44 mi","author":"noticiasribeiraopreto.com.br","date":"8 de July de 2025","format":false,"excerpt":"8 de julho de 2025 08:307 de julho de 2025 19:538 Compartilhar0 O prefeito Ricardo Silva (PSD) vai anunciar, na manh\u00e3 desta ter\u00e7a-feira, 8 de julho, investimentos no setor de abastecimento de \u00e1gua da cidade. O anuncio ser\u00e1 \u00e0s nove horas, no Sal\u00e3o Nobre do Centro Administrativo Prefeito Jos\u00e9 de\u2026","rel":"","context":"In &quot;Not\u00edcias de Ribeir\u00e3o Preto-SP e Regi\u00e3o&quot;","block_context":{"text":"Not\u00edcias de Ribeir\u00e3o Preto-SP e Regi\u00e3o","link":"https:\/\/noticiasribeiraopreto.com.br\/index.php\/category\/noticias-de-ribeirao-preto-sp-e-regiao-ismael-colosi\/"},"img":{"alt_text":"","src":"https:\/\/i0.wp.com\/noticiasribeiraopreto.com.br\/wp-content\/uploads\/2025\/07\/NovoPAC-Guilherme-Sircili.jpg?fit=1200%2C800&ssl=1&resize=350%2C200","width":350,"height":200,"srcset":"https:\/\/i0.wp.com\/noticiasribeiraopreto.com.br\/wp-content\/uploads\/2025\/07\/NovoPAC-Guilherme-Sircili.jpg?fit=1200%2C800&ssl=1&resize=350%2C200 1x, https:\/\/i0.wp.com\/noticiasribeiraopreto.com.br\/wp-content\/uploads\/2025\/07\/NovoPAC-Guilherme-Sircili.jpg?fit=1200%2C800&ssl=1&resize=525%2C300 1.5x, https:\/\/i0.wp.com\/noticiasribeiraopreto.com.br\/wp-content\/uploads\/2025\/07\/NovoPAC-Guilherme-Sircili.jpg?fit=1200%2C800&ssl=1&resize=700%2C400 2x, https:\/\/i0.wp.com\/noticiasribeiraopreto.com.br\/wp-content\/uploads\/2025\/07\/NovoPAC-Guilherme-Sircili.jpg?fit=1200%2C800&ssl=1&resize=1050%2C600 3x"},"classes":[]}],"jetpack_sharing_enabled":true,"jetpack_shortlink":"https:\/\/wp.me\/peQAOb-kI4","_links":{"self":[{"href":"https:\/\/noticiasribeiraopreto.com.br\/index.php\/wp-json\/wp\/v2\/posts\/79612","targetHints":{"allow":["GET"]}}],"collection":[{"href":"https:\/\/noticiasribeiraopreto.com.br\/index.php\/wp-json\/wp\/v2\/posts"}],"about":[{"href":"https:\/\/noticiasribeiraopreto.com.br\/index.php\/wp-json\/wp\/v2\/types\/post"}],"author":[{"embeddable":true,"href":"https:\/\/noticiasribeiraopreto.com.br\/index.php\/wp-json\/wp\/v2\/users\/1"}],"replies":[{"embeddable":true,"href":"https:\/\/noticiasribeiraopreto.com.br\/index.php\/wp-json\/wp\/v2\/comments?post=79612"}],"version-history":[{"count":0,"href":"https:\/\/noticiasribeiraopreto.com.br\/index.php\/wp-json\/wp\/v2\/posts\/79612\/revisions"}],"wp:featuredmedia":[{"embeddable":true,"href":"https:\/\/noticiasribeiraopreto.com.br\/index.php\/wp-json\/wp\/v2\/media\/79613"}],"wp:attachment":[{"href":"https:\/\/noticiasribeiraopreto.com.br\/index.php\/wp-json\/wp\/v2\/media?parent=79612"}],"wp:term":[{"taxonomy":"category","embeddable":true,"href":"https:\/\/noticiasribeiraopreto.com.br\/index.php\/wp-json\/wp\/v2\/categories?post=79612"},{"taxonomy":"post_tag","embeddable":true,"href":"https:\/\/noticiasribeiraopreto.com.br\/index.php\/wp-json\/wp\/v2\/tags?post=79612"}],"curies":[{"name":"wp","href":"https:\/\/api.w.org\/{rel}","templated":true}]}}