{"id":79614,"date":"2025-11-04T20:05:36","date_gmt":"2025-11-04T23:05:36","guid":{"rendered":"https:\/\/noticiasribeiraopreto.com.br\/index.php\/2025\/11\/04\/homem-e-condenado-a-30-anos-por-atirar-e-matar-jovem-apos-briga-de-transito-em-ribeirao-preto\/"},"modified":"2025-11-04T20:05:36","modified_gmt":"2025-11-04T23:05:36","slug":"homem-e-condenado-a-30-anos-por-atirar-e-matar-jovem-apos-briga-de-transito-em-ribeirao-preto","status":"publish","type":"post","link":"https:\/\/noticiasribeiraopreto.com.br\/index.php\/2025\/11\/04\/homem-e-condenado-a-30-anos-por-atirar-e-matar-jovem-apos-briga-de-transito-em-ribeirao-preto\/","title":{"rendered":"Homem \u00e9 condenado a 30 anos por atirar e matar jovem ap\u00f3s briga de tr\u00e2nsito em Ribeir\u00e3o Preto"},"content":{"rendered":"<div class='code-block code-block-1' style='margin: 8px 0 8px auto; text-align: right; display: block; clear: both;'>\n<p><a href=\"https:\/\/wa.link\/vpicfd\"><img data-recalc-dims=\"1\" class=\"wp-image-4922\" style=\"aspect-ratio: 2.0253164556962027; width: 561px; height: auto;\" src=\"https:\/\/i0.wp.com\/ismaelcolosi.com.br\/wp-content\/uploads\/2023\/11\/grupo-de-empregos-whatsapp-e-facebook-ismael-colosi-vagas.jpg?ssl=1\" alt=\"\" \/><\/a><\/p>\n<!-- \/wp:image -->\n<\/div>\n<p> <br \/>\n<\/p>\n<div>\n<p><strong>David Alessandro Naves <\/strong>foi condenado a <strong>30 anos de pris\u00e3o<\/strong> em regime fechado pelo J\u00fari Popular realizado nesta ter\u00e7a-feira (4) em <strong>Ribeir\u00e3o Preto<\/strong>. Ele \u00e9 acusado de atirar e matar um jovem de 20 anos em novembro de 2024, no Ipiranga, zona Norte da cidade.<\/p>\n<p>Segundo a decis\u00e3o judicial, o r\u00e9u foi condenado por <strong>homic\u00eddio qualificado<\/strong>, com as <strong>qualificadoras de motivo f\u00fatil<\/strong> e <strong>recurso que dificultou a defesa da v\u00edtima<\/strong>. <mark style=\"background-color:#fcb900\" class=\"has-inline-color\"><strong>A Defesa do acusado disse que vai recorrer da decis\u00e3o.<\/strong><\/mark><\/p>\n<p>O crime ocorreu ap\u00f3s uma discuss\u00e3o no tr\u00e2nsito, que terminou com o <strong>Everton Gabriel da Silva<\/strong>, de 20 anos, atingido por disparos de arma de fogo. <strong>David <\/strong>est\u00e1 preso preventivamente desde novembro de 2024 no <strong>CDP (Centro de Deten\u00e7\u00e3o Provis\u00f3ria) de Ribeir\u00e3o Preto<\/strong>.<\/p>\n<div class=\"wp-block-image\">\n<figure class=\"aligncenter size-large is-resized\"><img data-recalc-dims=\"1\" fetchpriority=\"high\" decoding=\"async\" width=\"1024\" height=\"593\" src=\"https:\/\/i0.wp.com\/cdn.media-acidadeon.com.br\/ribeiraopreto\/wp-content\/uploads\/sites\/3\/2024\/11\/CARRO-APLICATIVO_2024-11-11_11-46-54_jpg_2024-11-11_11-46-54-1024x593.webp?resize=1024%2C593&#038;ssl=1\" alt=\"carro\" class=\"wp-image-99337\" style=\"width:654px\" title=\"Homem \u00e9 condenado a 30 anos por atirar e matar jovem ap\u00f3s briga de tr\u00e2nsito em Ribeir\u00e3o Preto 1\" srcset=\"https:\/\/cdn.media-acidadeon.com.br\/ribeiraopreto\/wp-content\/uploads\/sites\/3\/2024\/11\/CARRO-APLICATIVO_2024-11-11_11-46-54_jpg_2024-11-11_11-46-54-1024x593.webp 1024w, https:\/\/cdn.media-acidadeon.com.br\/ribeiraopreto\/wp-content\/uploads\/sites\/3\/2024\/11\/CARRO-APLICATIVO_2024-11-11_11-46-54_jpg_2024-11-11_11-46-54-300x174.webp 300w, https:\/\/cdn.media-acidadeon.com.br\/ribeiraopreto\/wp-content\/uploads\/sites\/3\/2024\/11\/CARRO-APLICATIVO_2024-11-11_11-46-54_jpg_2024-11-11_11-46-54-768x445.webp 768w, https:\/\/cdn.media-acidadeon.com.br\/ribeiraopreto\/wp-content\/uploads\/sites\/3\/2024\/11\/CARRO-APLICATIVO_2024-11-11_11-46-54_jpg_2024-11-11_11-46-54-1536x889.webp 1536w, https:\/\/cdn.media-acidadeon.com.br\/ribeiraopreto\/wp-content\/uploads\/sites\/3\/2024\/11\/CARRO-APLICATIVO_2024-11-11_11-46-54_jpg_2024-11-11_11-46-54-696x403.webp 696w, https:\/\/cdn.media-acidadeon.com.br\/ribeiraopreto\/wp-content\/uploads\/sites\/3\/2024\/11\/CARRO-APLICATIVO_2024-11-11_11-46-54_jpg_2024-11-11_11-46-54-1068x618.webp 1068w, https:\/\/cdn.media-acidadeon.com.br\/ribeiraopreto\/wp-content\/uploads\/sites\/3\/2024\/11\/CARRO-APLICATIVO_2024-11-11_11-46-54_jpg_2024-11-11_11-46-54-1920x1112.webp 1920w, https:\/\/cdn.media-acidadeon.com.br\/ribeiraopreto\/wp-content\/uploads\/sites\/3\/2024\/11\/CARRO-APLICATIVO_2024-11-11_11-46-54_jpg_2024-11-11_11-46-54.webp 2000w\" sizes=\"(max-width: 1024px) 100vw, 1024px\"\/><figcaption class=\"wp-element-caption\">V\u00edtima estava em carro de aplicativo \u2013 Imagem: Marcelo Moraes \/ EPTV<\/figcaption><\/figure>\n<\/div>\n<h2 class=\"wp-block-heading\"><strong>O caso<\/strong><\/h2>\n<p>De acordo com o <strong>boletim de ocorr\u00eancia<\/strong>, <mark style=\"background-color:#fcb900\" class=\"has-inline-color\">a discuss\u00e3o no tr\u00e2nsito entre o motorista que conduzia o ve\u00edculo onde Everton estava e David teria come\u00e7ado ap\u00f3s uma suposta fechada<\/mark>, que, segundo o condutor, n\u00e3o foi intencional.<\/p>\n<p>Ainda segundo o relato, o suspeito teria ultrapassado o carro e, ao chegar \u00e0 rua Porto Seguro, o motorista ouviu um barulho, seguido pelos gritos do passageiro, que afirmou ter sido atingido por um tiro.<\/p>\n<p><strong>A v\u00edtima foi atingida na regi\u00e3o das costas, chegou a ser socorrida, mas n\u00e3o resistiu aos ferimentos e morreu pouco depois.<\/strong><\/p>\n<div class=\"wp-block-image\">\n<figure class=\"aligncenter size-large is-resized\"><img data-recalc-dims=\"1\" loading=\"lazy\" decoding=\"async\" width=\"1024\" height=\"576\" src=\"https:\/\/i0.wp.com\/cdn.media-acidadeon.com.br\/ribeiraopreto\/wp-content\/uploads\/sites\/3\/2024\/11\/Copia-de-Copia-de-Copia-de-TAMANHO-EXATO-PARA-FOTOS-NO-SISTEMA-NOVO-81_2024-11-11_23-10-50_png_2024-11-11_23-10-50-1024x576.webp?resize=1024%2C576&#038;ssl=1\" alt=\"Copia de Copia de Copia de TAMANHO EXATO PARA FOTOS NO SISTEMA NOVO 81 2024 11 11 23 10 50 png 2024 11 11 23 10 50\" class=\"wp-image-99459\" style=\"width:654px\" title=\"Homem \u00e9 condenado a 30 anos por atirar e matar jovem ap\u00f3s briga de tr\u00e2nsito em Ribeir\u00e3o Preto 2\" srcset=\"https:\/\/cdn.media-acidadeon.com.br\/ribeiraopreto\/wp-content\/uploads\/sites\/3\/2024\/11\/Copia-de-Copia-de-Copia-de-TAMANHO-EXATO-PARA-FOTOS-NO-SISTEMA-NOVO-81_2024-11-11_23-10-50_png_2024-11-11_23-10-50-1024x576.webp 1024w, https:\/\/cdn.media-acidadeon.com.br\/ribeiraopreto\/wp-content\/uploads\/sites\/3\/2024\/11\/Copia-de-Copia-de-Copia-de-TAMANHO-EXATO-PARA-FOTOS-NO-SISTEMA-NOVO-81_2024-11-11_23-10-50_png_2024-11-11_23-10-50-300x169.webp 300w, https:\/\/cdn.media-acidadeon.com.br\/ribeiraopreto\/wp-content\/uploads\/sites\/3\/2024\/11\/Copia-de-Copia-de-Copia-de-TAMANHO-EXATO-PARA-FOTOS-NO-SISTEMA-NOVO-81_2024-11-11_23-10-50_png_2024-11-11_23-10-50-768x432.webp 768w, https:\/\/cdn.media-acidadeon.com.br\/ribeiraopreto\/wp-content\/uploads\/sites\/3\/2024\/11\/Copia-de-Copia-de-Copia-de-TAMANHO-EXATO-PARA-FOTOS-NO-SISTEMA-NOVO-81_2024-11-11_23-10-50_png_2024-11-11_23-10-50-696x392.webp 696w, https:\/\/cdn.media-acidadeon.com.br\/ribeiraopreto\/wp-content\/uploads\/sites\/3\/2024\/11\/Copia-de-Copia-de-Copia-de-TAMANHO-EXATO-PARA-FOTOS-NO-SISTEMA-NOVO-81_2024-11-11_23-10-50_png_2024-11-11_23-10-50-1068x601.webp 1068w, https:\/\/cdn.media-acidadeon.com.br\/ribeiraopreto\/wp-content\/uploads\/sites\/3\/2024\/11\/Copia-de-Copia-de-Copia-de-TAMANHO-EXATO-PARA-FOTOS-NO-SISTEMA-NOVO-81_2024-11-11_23-10-50_png_2024-11-11_23-10-50.webp 1200w\" sizes=\"auto, (max-width: 1024px) 100vw, 1024px\"\/><figcaption class=\"wp-element-caption\">Everton Gabriel da Silva, de 20 anos, morreu ap\u00f3s ser baleado dentro de carro de aplicativo em Ribeir\u00e3o Preto \u2013 Foto: Divulga\u00e7\u00e3o<\/figcaption><\/figure>\n<\/div>\n<p>O suspeito de ter efetuado os disparos fugiu do local ap\u00f3s o crime, contudo, <strong>foi preso no dia seguinte<\/strong>, em uma casa no bairro Quintino Facci, tamb\u00e9m na zona Norte.<\/p>\n<p>Durante o depoimento prestado na \u00e9poca da pris\u00e3o, David negou envolvimento no crime e chegou a apontar um segundo homem como autor do disparo. No entanto, o delegado respons\u00e1vel pelo caso, <strong>Rodolfo Latif Sebba<\/strong>, descartou essa possibilidade com base nos depoimentos coletados durante a investiga\u00e7\u00e3o.<\/p>\n<hr class=\"wp-block-separator has-alpha-channel-opacity\"\/>\n<p>SAIBA MAIS<\/p>\n<p>Troca de tiros em rodovia da regi\u00e3o de Ribeir\u00e3o Preto termina com uma pessoa morta<\/p>\n<h2 class=\"wp-block-heading\"><strong>FIQUE ON<\/strong><\/h2>\n<p>Fique ligado em tudo que acontece em Ribeir\u00e3o Preto e regi\u00e3o. Siga os perfis do<strong>\u00a0acidade on<\/strong>\u00a0no\u00a0<a href=\"https:\/\/www.instagram.com\/acidadeonribeirao\" target=\"_blank\" rel=\"noreferrer noopener\">Instagram<\/a>\u00a0e no\u00a0<a href=\"https:\/\/www.facebook.com\/acidadeonribeirao\/\" target=\"_blank\" rel=\"noreferrer noopener\">Facebook<\/a>.<\/p>\n<p>Receba not\u00edcias do\u00a0<strong>acidade on<\/strong>\u00a0no WhatsApp. Para entrar no grupo,\u00a0basta\u00a0<a href=\"https:\/\/chat.whatsapp.com\/I4nieTEMKlf50pJ28aMemC?mode=ac_t\" target=\"_blank\" rel=\"noreferrer noopener\">clicar aqui<\/a>. Ou, acesse o nosso\u00a0Canal\u00a0<a href=\"https:\/\/whatsapp.com\/channel\/0029Vb6IQl1JENyAeS57fk2p\" target=\"_blank\" rel=\"noreferrer noopener\">clicando aqui<\/a>.<\/p>\n<p>Fa\u00e7a uma den\u00fancia ou sugira uma reportagem sobre Ribeir\u00e3o Preto e regi\u00e3o pelo WhatsApp: 16 99117 7802.<\/p>\n<p>VEJA TAMB\u00c9M<\/p>\n<p>\u2018Os Donos do Jogo\u2019 ter\u00e1 2\u00aa temporada?<\/p>\n<p><!-- AI CONTENT END 1 -->\n<\/div>\n<p><script async src=\"\/\/www.instagram.com\/embed.js\"><\/script><br \/>\n<br \/><br \/>\n<br \/><a href=\"https:\/\/www.acidadeon.com\/ribeiraopreto\/cotidiano\/homem-e-condenado-a-30-anos-por-atirar-e-matar-jovem-apos-briga-de-transito-em-ribeirao-preto\/\">Source link <\/a><\/p>\n<!-- CONTENT END 1 -->\n","protected":false},"excerpt":{"rendered":"<p>David Alessandro Naves foi condenado a 30 anos de pris\u00e3o em regime fechado pelo J\u00fari Popular realizado nesta ter\u00e7a-feira (4) em Ribeir\u00e3o Preto. Ele \u00e9&#8230;<\/p>\n","protected":false},"author":1,"featured_media":79615,"comment_status":"open","ping_status":"open","sticky":false,"template":"","format":"standard","meta":{"advanced_seo_description":"","jetpack_seo_html_title":"","jetpack_seo_noindex":false,"jetpack_post_was_ever_published":false,"_jetpack_newsletter_access":"","_jetpack_dont_email_post_to_subs":false,"_jetpack_newsletter_tier_id":0,"_jetpack_memberships_contains_paywalled_content":false,"_jetpack_memberships_contains_paid_content":false,"footnotes":"","jetpack_publicize_message":"","jetpack_publicize_feature_enabled":true,"jetpack_social_post_already_shared":true,"jetpack_social_options":{"image_generator_settings":{"template":"highway","default_image_id":0,"font":"","enabled":false},"version":2}},"categories":[11],"tags":[],"class_list":["post-79614","post","type-post","status-publish","format-standard","has-post-thumbnail","hentry","category-noticias-de-ribeirao-preto-sp-e-regiao-ismael-colosi"],"jetpack_publicize_connections":[],"jetpack_featured_media_url":"https:\/\/i0.wp.com\/noticiasribeiraopreto.com.br\/wp-content\/uploads\/2025\/11\/Copia-de-Copia-de-Copia-de-TAMANHO-EXATO-PARA-FOTOS-NO-SISTEMA-NOVO-87_2024-11-12_20-01-47_png_2024-11-12_20-01-47.webp.webp?fit=1200%2C675&ssl=1","jetpack-related-posts":[{"id":28500,"url":"https:\/\/noticiasribeiraopreto.com.br\/index.php\/2024\/01\/16\/aposentado-e-condenado-a-8-anos-de-prisao-por-matar-vizinho-a-tiros-em-ribeirao-preto\/","url_meta":{"origin":79614,"position":0},"title":"Aposentado \u00e9 condenado a 8 anos de pris\u00e3o por matar vizinho a tiros em Ribeir\u00e3o Preto","author":"noticiasribeiraopreto.com.br","date":"16 de January de 2024","format":false,"excerpt":"O aposentado Marcelo Lopes de Faria, de 66 anos, acusado de matar a tiros o vizinho, Hugo Rayol, de 82 anos, em Ribeir\u00e3o Preto, no ano de 2022, foi condenado a 8 anos e 10 meses de reclus\u00e3o em regime semiaberto. O acusado foi levado a J\u00fari Popular nesta segunda-feira\u2026","rel":"","context":"In &quot;Not\u00edcias de Ribeir\u00e3o Preto-SP e Regi\u00e3o&quot;","block_context":{"text":"Not\u00edcias de Ribeir\u00e3o Preto-SP e Regi\u00e3o","link":"https:\/\/noticiasribeiraopreto.com.br\/index.php\/category\/noticias-de-ribeirao-preto-sp-e-regiao-ismael-colosi\/"},"img":{"alt_text":"","src":"https:\/\/i0.wp.com\/noticiasribeiraopreto.com.br\/wp-content\/uploads\/2024\/01\/Copia-de-Copia-de-TAMANHO-EXATO-PARA-FOTOS-NO-SISTEMA-NOVO-13.png?fit=1200%2C675&ssl=1&resize=350%2C200","width":350,"height":200,"srcset":"https:\/\/i0.wp.com\/noticiasribeiraopreto.com.br\/wp-content\/uploads\/2024\/01\/Copia-de-Copia-de-TAMANHO-EXATO-PARA-FOTOS-NO-SISTEMA-NOVO-13.png?fit=1200%2C675&ssl=1&resize=350%2C200 1x, https:\/\/i0.wp.com\/noticiasribeiraopreto.com.br\/wp-content\/uploads\/2024\/01\/Copia-de-Copia-de-TAMANHO-EXATO-PARA-FOTOS-NO-SISTEMA-NOVO-13.png?fit=1200%2C675&ssl=1&resize=525%2C300 1.5x, https:\/\/i0.wp.com\/noticiasribeiraopreto.com.br\/wp-content\/uploads\/2024\/01\/Copia-de-Copia-de-TAMANHO-EXATO-PARA-FOTOS-NO-SISTEMA-NOVO-13.png?fit=1200%2C675&ssl=1&resize=700%2C400 2x, https:\/\/i0.wp.com\/noticiasribeiraopreto.com.br\/wp-content\/uploads\/2024\/01\/Copia-de-Copia-de-TAMANHO-EXATO-PARA-FOTOS-NO-SISTEMA-NOVO-13.png?fit=1200%2C675&ssl=1&resize=1050%2C600 3x"},"classes":[]},{"id":53222,"url":"https:\/\/noticiasribeiraopreto.com.br\/index.php\/2024\/06\/17\/acusado-de-matar-auditor-fiscal-vai-a-juri-popular-na-regiao-de-ribeirao-preto\/","url_meta":{"origin":79614,"position":1},"title":"Acusado de matar auditor fiscal vai a j\u00fari popular na regi\u00e3o de Ribeir\u00e3o Preto","author":"noticiasribeiraopreto.com.br","date":"17 de June de 2024","format":false,"excerpt":"O dentista Samir Moussa, acusado de atirar e matar o auditor fiscal, Adriano Willian de Oliveira, de 52 anos, vai a j\u00fari popular no dia 18 de julho, no F\u00f3rum de Franca, munic\u00edpio na regi\u00e3o de Ribeir\u00e3o Preto. O crime aconteceu em mar\u00e7o de 2022 enquanto a v\u00edtima estava entrando\u2026","rel":"","context":"In &quot;Not\u00edcias de Ribeir\u00e3o Preto-SP e Regi\u00e3o&quot;","block_context":{"text":"Not\u00edcias de Ribeir\u00e3o Preto-SP e Regi\u00e3o","link":"https:\/\/noticiasribeiraopreto.com.br\/index.php\/category\/noticias-de-ribeirao-preto-sp-e-regiao-ismael-colosi\/"},"img":{"alt_text":"","src":"https:\/\/i0.wp.com\/noticiasribeiraopreto.com.br\/wp-content\/uploads\/2024\/06\/dentista_1200x675_15032022155939.jpg?fit=1200%2C675&ssl=1&resize=350%2C200","width":350,"height":200,"srcset":"https:\/\/i0.wp.com\/noticiasribeiraopreto.com.br\/wp-content\/uploads\/2024\/06\/dentista_1200x675_15032022155939.jpg?fit=1200%2C675&ssl=1&resize=350%2C200 1x, https:\/\/i0.wp.com\/noticiasribeiraopreto.com.br\/wp-content\/uploads\/2024\/06\/dentista_1200x675_15032022155939.jpg?fit=1200%2C675&ssl=1&resize=525%2C300 1.5x, https:\/\/i0.wp.com\/noticiasribeiraopreto.com.br\/wp-content\/uploads\/2024\/06\/dentista_1200x675_15032022155939.jpg?fit=1200%2C675&ssl=1&resize=700%2C400 2x, https:\/\/i0.wp.com\/noticiasribeiraopreto.com.br\/wp-content\/uploads\/2024\/06\/dentista_1200x675_15032022155939.jpg?fit=1200%2C675&ssl=1&resize=1050%2C600 3x"},"classes":[]},{"id":65505,"url":"https:\/\/noticiasribeiraopreto.com.br\/index.php\/2025\/03\/20\/motorista-e-condenado-a-dois-anos-de-prisao-por-atropelar-e-matar-homem-apos-briga-de-transito-em-ribeirao\/","url_meta":{"origin":79614,"position":2},"title":"Motorista \u00e9 condenado a dois anos de pris\u00e3o por atropelar e matar homem ap\u00f3s briga de tr\u00e2nsito em Ribeir\u00e3o","author":"noticiasribeiraopreto.com.br","date":"20 de March de 2025","format":false,"excerpt":"O julgamento de Matheus Felipe Martins, acusado de atropelar e matar Carlos Rog\u00e9rio Cavechia com um furg\u00e3o dos Correios em junho de 2022, ocorreu nesta quinta-feira (20) em Ribeir\u00e3o Preto. O j\u00fari considerou Matheus inocente da acusa\u00e7\u00e3o de tentativa de homic\u00eddio contra Noemia, m\u00e3e de Carlos Cavechia. No entanto, o\u2026","rel":"","context":"In &quot;Not\u00edcias de Ribeir\u00e3o Preto-SP e Regi\u00e3o&quot;","block_context":{"text":"Not\u00edcias de Ribeir\u00e3o Preto-SP e Regi\u00e3o","link":"https:\/\/noticiasribeiraopreto.com.br\/index.php\/category\/noticias-de-ribeirao-preto-sp-e-regiao-ismael-colosi\/"},"img":{"alt_text":"","src":"https:\/\/i0.wp.com\/noticiasribeiraopreto.com.br\/wp-content\/uploads\/2025\/03\/Copia-de-Copia-de-Copia-de-TAMANHO-EXATO-PARA-FOTOS-NO-SISTEMA-NOVO-2025-03-20T205230.779_2025-03-20_23-52-40_png_2025-03-20_23-52-40.webp.webp?fit=1200%2C675&ssl=1&resize=350%2C200","width":350,"height":200,"srcset":"https:\/\/i0.wp.com\/noticiasribeiraopreto.com.br\/wp-content\/uploads\/2025\/03\/Copia-de-Copia-de-Copia-de-TAMANHO-EXATO-PARA-FOTOS-NO-SISTEMA-NOVO-2025-03-20T205230.779_2025-03-20_23-52-40_png_2025-03-20_23-52-40.webp.webp?fit=1200%2C675&ssl=1&resize=350%2C200 1x, https:\/\/i0.wp.com\/noticiasribeiraopreto.com.br\/wp-content\/uploads\/2025\/03\/Copia-de-Copia-de-Copia-de-TAMANHO-EXATO-PARA-FOTOS-NO-SISTEMA-NOVO-2025-03-20T205230.779_2025-03-20_23-52-40_png_2025-03-20_23-52-40.webp.webp?fit=1200%2C675&ssl=1&resize=525%2C300 1.5x, https:\/\/i0.wp.com\/noticiasribeiraopreto.com.br\/wp-content\/uploads\/2025\/03\/Copia-de-Copia-de-Copia-de-TAMANHO-EXATO-PARA-FOTOS-NO-SISTEMA-NOVO-2025-03-20T205230.779_2025-03-20_23-52-40_png_2025-03-20_23-52-40.webp.webp?fit=1200%2C675&ssl=1&resize=700%2C400 2x, https:\/\/i0.wp.com\/noticiasribeiraopreto.com.br\/wp-content\/uploads\/2025\/03\/Copia-de-Copia-de-Copia-de-TAMANHO-EXATO-PARA-FOTOS-NO-SISTEMA-NOVO-2025-03-20T205230.779_2025-03-20_23-52-40_png_2025-03-20_23-52-40.webp.webp?fit=1200%2C675&ssl=1&resize=1050%2C600 3x"},"classes":[]},{"id":78407,"url":"https:\/\/noticiasribeiraopreto.com.br\/index.php\/2025\/10\/09\/ex-policial-condenado-por-matar-jovem-em-ribeirao-preto-e-preso-apos-mais-de-um-ano-foragido\/","url_meta":{"origin":79614,"position":3},"title":"Ex-policial condenado por matar jovem em Ribeir\u00e3o Preto \u00e9 preso ap\u00f3s mais de um ano foragido","author":"noticiasribeiraopreto.com.br","date":"9 de October de 2025","format":false,"excerpt":"O ex-policial civil Thiago Moreira foi preso nesta semana ap\u00f3s ficar um ano e tr\u00eas meses foragido. Ele foi condenado pelo assassinato do estudante Thiago Xavier. O crime aconteceu em maio de 2003, no bairro Jardim Independ\u00eancia, zona Norte de Ribeir\u00e3o Preto. De acordo com as informa\u00e7\u00f5es da EPTV, o\u2026","rel":"","context":"In &quot;Not\u00edcias de Ribeir\u00e3o Preto-SP e Regi\u00e3o&quot;","block_context":{"text":"Not\u00edcias de Ribeir\u00e3o Preto-SP e Regi\u00e3o","link":"https:\/\/noticiasribeiraopreto.com.br\/index.php\/category\/noticias-de-ribeirao-preto-sp-e-regiao-ismael-colosi\/"},"img":{"alt_text":"","src":"https:\/\/i0.wp.com\/noticiasribeiraopreto.com.br\/wp-content\/uploads\/2025\/10\/Copia-de-Copia-de-Copia-de-TAMANHO-EXATO-PARA-FOTOS-NO-SISTEMA-NOVO-2025-10-09T205227.939_2025-10-09_23-52-33.webp.webp?fit=1200%2C675&ssl=1&resize=350%2C200","width":350,"height":200,"srcset":"https:\/\/i0.wp.com\/noticiasribeiraopreto.com.br\/wp-content\/uploads\/2025\/10\/Copia-de-Copia-de-Copia-de-TAMANHO-EXATO-PARA-FOTOS-NO-SISTEMA-NOVO-2025-10-09T205227.939_2025-10-09_23-52-33.webp.webp?fit=1200%2C675&ssl=1&resize=350%2C200 1x, https:\/\/i0.wp.com\/noticiasribeiraopreto.com.br\/wp-content\/uploads\/2025\/10\/Copia-de-Copia-de-Copia-de-TAMANHO-EXATO-PARA-FOTOS-NO-SISTEMA-NOVO-2025-10-09T205227.939_2025-10-09_23-52-33.webp.webp?fit=1200%2C675&ssl=1&resize=525%2C300 1.5x, https:\/\/i0.wp.com\/noticiasribeiraopreto.com.br\/wp-content\/uploads\/2025\/10\/Copia-de-Copia-de-Copia-de-TAMANHO-EXATO-PARA-FOTOS-NO-SISTEMA-NOVO-2025-10-09T205227.939_2025-10-09_23-52-33.webp.webp?fit=1200%2C675&ssl=1&resize=700%2C400 2x, https:\/\/i0.wp.com\/noticiasribeiraopreto.com.br\/wp-content\/uploads\/2025\/10\/Copia-de-Copia-de-Copia-de-TAMANHO-EXATO-PARA-FOTOS-NO-SISTEMA-NOVO-2025-10-09T205227.939_2025-10-09_23-52-33.webp.webp?fit=1200%2C675&ssl=1&resize=1050%2C600 3x"},"classes":[]},{"id":43596,"url":"https:\/\/noticiasribeiraopreto.com.br\/index.php\/2024\/03\/22\/acusado-de-matar-esposa-em-rp-e-condenado-a-36-anos-de-prisao\/","url_meta":{"origin":79614,"position":4},"title":"Acusado de matar esposa em RP \u00e9 condenado a 36 anos de pris\u00e3o","author":"noticiasribeiraopreto.com.br","date":"22 de March de 2024","format":false,"excerpt":"Acusado de matar esposa em RP \u00e9 condenado a 36 anos de pris\u00e3o 22 de mar\u00e7o de 2024 | 11:04 1 Por: Adalberto Luque Ivan Nogueira, de 34 anos, acusado de matar a manicure Regiane Carneiro de Moura Silva por asfixia em 2022, foi condenado a 36 anos de pris\u00e3o\u2026","rel":"","context":"In &quot;Not\u00edcias de Ribeir\u00e3o Preto-SP e Regi\u00e3o&quot;","block_context":{"text":"Not\u00edcias de Ribeir\u00e3o Preto-SP e Regi\u00e3o","link":"https:\/\/noticiasribeiraopreto.com.br\/index.php\/category\/noticias-de-ribeirao-preto-sp-e-regiao-ismael-colosi\/"},"img":{"alt_text":"","src":"https:\/\/i0.wp.com\/noticiasribeiraopreto.com.br\/wp-content\/uploads\/2024\/03\/00-22-mar-2024-feminicida-condenado-01-foto-Redes-Sociais-scaled.jpg?fit=900%2C645&ssl=1&resize=350%2C200","width":350,"height":200,"srcset":"https:\/\/i0.wp.com\/noticiasribeiraopreto.com.br\/wp-content\/uploads\/2024\/03\/00-22-mar-2024-feminicida-condenado-01-foto-Redes-Sociais-scaled.jpg?fit=900%2C645&ssl=1&resize=350%2C200 1x, https:\/\/i0.wp.com\/noticiasribeiraopreto.com.br\/wp-content\/uploads\/2024\/03\/00-22-mar-2024-feminicida-condenado-01-foto-Redes-Sociais-scaled.jpg?fit=900%2C645&ssl=1&resize=525%2C300 1.5x, https:\/\/i0.wp.com\/noticiasribeiraopreto.com.br\/wp-content\/uploads\/2024\/03\/00-22-mar-2024-feminicida-condenado-01-foto-Redes-Sociais-scaled.jpg?fit=900%2C645&ssl=1&resize=700%2C400 2x"},"classes":[]},{"id":80725,"url":"https:\/\/noticiasribeiraopreto.com.br\/index.php\/2025\/12\/12\/homem-acusado-de-atropelar-e-matar-a-esposa-no-interior-de-sp-e-condenado-a-13-anos\/","url_meta":{"origin":79614,"position":5},"title":"Homem acusado de atropelar e matar a esposa no interior de SP \u00e9 condenado a 13 anos","author":"noticiasribeiraopreto.com.br","date":"12 de December de 2025","format":false,"excerpt":"James Cristian dos Reis, acusado de atropelar e matar a esposa, Amanda Maria de Farias Ara\u00fajo, de 27 anos, foi condenado a 13 anos de pris\u00e3o pelo J\u00fari Popular realizado nesta quinta-feira (11), no F\u00f3rum de Franca, cidade no interior de S\u00e3o Paulo. De acordo com as informa\u00e7\u00f5es, o homem\u2026","rel":"","context":"In &quot;Not\u00edcias de Ribeir\u00e3o Preto-SP e Regi\u00e3o&quot;","block_context":{"text":"Not\u00edcias de Ribeir\u00e3o Preto-SP e Regi\u00e3o","link":"https:\/\/noticiasribeiraopreto.com.br\/index.php\/category\/noticias-de-ribeirao-preto-sp-e-regiao-ismael-colosi\/"},"img":{"alt_text":"","src":"https:\/\/i0.wp.com\/noticiasribeiraopreto.com.br\/wp-content\/uploads\/2025\/12\/Copia-de-Copia-de-Copia-de-TAMANHO-EXATO-PARA-FOTOS-NO-SISTEMA-NOVO-2025-12-11T181430.287_2025-12-11_21-14-42.webp.webp?fit=1200%2C675&ssl=1&resize=350%2C200","width":350,"height":200,"srcset":"https:\/\/i0.wp.com\/noticiasribeiraopreto.com.br\/wp-content\/uploads\/2025\/12\/Copia-de-Copia-de-Copia-de-TAMANHO-EXATO-PARA-FOTOS-NO-SISTEMA-NOVO-2025-12-11T181430.287_2025-12-11_21-14-42.webp.webp?fit=1200%2C675&ssl=1&resize=350%2C200 1x, https:\/\/i0.wp.com\/noticiasribeiraopreto.com.br\/wp-content\/uploads\/2025\/12\/Copia-de-Copia-de-Copia-de-TAMANHO-EXATO-PARA-FOTOS-NO-SISTEMA-NOVO-2025-12-11T181430.287_2025-12-11_21-14-42.webp.webp?fit=1200%2C675&ssl=1&resize=525%2C300 1.5x, https:\/\/i0.wp.com\/noticiasribeiraopreto.com.br\/wp-content\/uploads\/2025\/12\/Copia-de-Copia-de-Copia-de-TAMANHO-EXATO-PARA-FOTOS-NO-SISTEMA-NOVO-2025-12-11T181430.287_2025-12-11_21-14-42.webp.webp?fit=1200%2C675&ssl=1&resize=700%2C400 2x, https:\/\/i0.wp.com\/noticiasribeiraopreto.com.br\/wp-content\/uploads\/2025\/12\/Copia-de-Copia-de-Copia-de-TAMANHO-EXATO-PARA-FOTOS-NO-SISTEMA-NOVO-2025-12-11T181430.287_2025-12-11_21-14-42.webp.webp?fit=1200%2C675&ssl=1&resize=1050%2C600 3x"},"classes":[]}],"jetpack_sharing_enabled":true,"jetpack_shortlink":"https:\/\/wp.me\/peQAOb-kI6","_links":{"self":[{"href":"https:\/\/noticiasribeiraopreto.com.br\/index.php\/wp-json\/wp\/v2\/posts\/79614","targetHints":{"allow":["GET"]}}],"collection":[{"href":"https:\/\/noticiasribeiraopreto.com.br\/index.php\/wp-json\/wp\/v2\/posts"}],"about":[{"href":"https:\/\/noticiasribeiraopreto.com.br\/index.php\/wp-json\/wp\/v2\/types\/post"}],"author":[{"embeddable":true,"href":"https:\/\/noticiasribeiraopreto.com.br\/index.php\/wp-json\/wp\/v2\/users\/1"}],"replies":[{"embeddable":true,"href":"https:\/\/noticiasribeiraopreto.com.br\/index.php\/wp-json\/wp\/v2\/comments?post=79614"}],"version-history":[{"count":0,"href":"https:\/\/noticiasribeiraopreto.com.br\/index.php\/wp-json\/wp\/v2\/posts\/79614\/revisions"}],"wp:featuredmedia":[{"embeddable":true,"href":"https:\/\/noticiasribeiraopreto.com.br\/index.php\/wp-json\/wp\/v2\/media\/79615"}],"wp:attachment":[{"href":"https:\/\/noticiasribeiraopreto.com.br\/index.php\/wp-json\/wp\/v2\/media?parent=79614"}],"wp:term":[{"taxonomy":"category","embeddable":true,"href":"https:\/\/noticiasribeiraopreto.com.br\/index.php\/wp-json\/wp\/v2\/categories?post=79614"},{"taxonomy":"post_tag","embeddable":true,"href":"https:\/\/noticiasribeiraopreto.com.br\/index.php\/wp-json\/wp\/v2\/tags?post=79614"}],"curies":[{"name":"wp","href":"https:\/\/api.w.org\/{rel}","templated":true}]}}