{"id":79616,"date":"2025-11-04T20:14:22","date_gmt":"2025-11-04T23:14:22","guid":{"rendered":"https:\/\/noticiasribeiraopreto.com.br\/index.php\/2025\/11\/04\/troca-de-tiros-em-rodovia-da-regiao-de-ribeirao-preto-termina-com-uma-pessoa-morta\/"},"modified":"2025-11-04T20:14:22","modified_gmt":"2025-11-04T23:14:22","slug":"troca-de-tiros-em-rodovia-da-regiao-de-ribeirao-preto-termina-com-uma-pessoa-morta","status":"publish","type":"post","link":"https:\/\/noticiasribeiraopreto.com.br\/index.php\/2025\/11\/04\/troca-de-tiros-em-rodovia-da-regiao-de-ribeirao-preto-termina-com-uma-pessoa-morta\/","title":{"rendered":"Troca de tiros em rodovia da regi\u00e3o de Ribeir\u00e3o Preto termina com uma pessoa morta"},"content":{"rendered":"<div class='code-block code-block-1' style='margin: 8px 0 8px auto; text-align: right; display: block; clear: both;'>\n<p><a href=\"https:\/\/wa.link\/vpicfd\"><img data-recalc-dims=\"1\" class=\"wp-image-4922\" style=\"aspect-ratio: 2.0253164556962027; width: 561px; height: auto;\" src=\"https:\/\/i0.wp.com\/ismaelcolosi.com.br\/wp-content\/uploads\/2023\/11\/grupo-de-empregos-whatsapp-e-facebook-ismael-colosi-vagas.jpg?ssl=1\" alt=\"\" \/><\/a><\/p>\n<!-- \/wp:image -->\n<\/div>\n<p> <br \/>\n<\/p>\n<div data-td-block-uid=\"tdi_95\">\n<div class=\"tdb-block-inner td-fix-index\">\n<p>Uma <strong>persegui\u00e7\u00e3o policial terminou em morte<\/strong> na tarde desta ter\u00e7a-feira (4) na <strong>rodovia Armando de Sales Oliveira (SP-322)<\/strong>, em <strong>Pitangueiras<\/strong>, na regi\u00e3o de <strong>Ribeir\u00e3o Preto<\/strong>.<\/p>\n<p>De acordo com a <strong><a href=\"https:\/\/cci.artesp.sp.gov.br\/oc17103\" data-type=\"link\" data-id=\"https:\/\/cci.artesp.sp.gov.br\/oc17103\" target=\"_blank\" rel=\"noopener\">Artesp (Ag\u00eancia de Transporte do Estado de S\u00e3o Paulo)<\/a><\/strong>, policiais perseguiam um <strong>Chevrolet Onix<\/strong> que seguia pela rodovia no <strong>sentido Oeste<\/strong>. Ao chegar no quil\u00f4metro 362, houve <strong>troca de tiros<\/strong> entre os agentes e o motorista do ve\u00edculo, <strong>suspeito de transportar entorpecentes<\/strong>.<\/p>\n<div class=\"wp-block-image\">\n<figure class=\"aligncenter size-large is-resized\"><img data-recalc-dims=\"1\" fetchpriority=\"high\" decoding=\"async\" width=\"1024\" height=\"576\" src=\"https:\/\/i0.wp.com\/cdn.media-acidadeon.com.br\/ribeiraopreto\/wp-content\/uploads\/sites\/3\/2025\/11\/palace-12_2025-11-04_20-21-13-1024x576.webp?resize=1024%2C576&#038;ssl=1\" alt=\"tiros\" class=\"wp-image-134728\" style=\"width:818px;height:auto\" title=\"Troca de tiros em rodovia da regi\u00e3o de Ribeir\u00e3o Preto termina com uma pessoa morta 1\" srcset=\"https:\/\/cdn.media-acidadeon.com.br\/ribeiraopreto\/wp-content\/uploads\/sites\/3\/2025\/11\/palace-12_2025-11-04_20-21-13-1024x576.webp 1024w, https:\/\/cdn.media-acidadeon.com.br\/ribeiraopreto\/wp-content\/uploads\/sites\/3\/2025\/11\/palace-12_2025-11-04_20-21-13-300x169.webp 300w, https:\/\/cdn.media-acidadeon.com.br\/ribeiraopreto\/wp-content\/uploads\/sites\/3\/2025\/11\/palace-12_2025-11-04_20-21-13-768x432.webp 768w, https:\/\/cdn.media-acidadeon.com.br\/ribeiraopreto\/wp-content\/uploads\/sites\/3\/2025\/11\/palace-12_2025-11-04_20-21-13-696x392.webp 696w, https:\/\/cdn.media-acidadeon.com.br\/ribeiraopreto\/wp-content\/uploads\/sites\/3\/2025\/11\/palace-12_2025-11-04_20-21-13-1068x601.webp 1068w, https:\/\/cdn.media-acidadeon.com.br\/ribeiraopreto\/wp-content\/uploads\/sites\/3\/2025\/11\/palace-12_2025-11-04_20-21-13.webp 1200w\" sizes=\"(max-width: 1024px) 100vw, 1024px\"\/><\/figure>\n<\/div>\n<p>Durante o confronto, o condutor foi <strong>atingido por disparos<\/strong>, perdeu o controle da dire\u00e7\u00e3o e o carro <strong>saiu da pista<\/strong>, parando no <strong>canteiro lateral<\/strong>. O homem <strong>morreu no local<\/strong> antes da chegada do socorro.<\/p>\n<p>Equipes da <strong>Pol\u00edcia Militar Rodovi\u00e1ria (PMR)<\/strong>, <strong>Samu<\/strong>, <strong>Corpo de Bombeiros<\/strong>, <strong>Pol\u00edcia Militar de \u00e1rea<\/strong>, <strong>Per\u00edcia<\/strong> e <strong>Funer\u00e1ria<\/strong> est\u00e3o no local para realizar os procedimentos de praxe e investigar as circunst\u00e2ncias do caso.<\/p>\n<hr class=\"wp-block-separator has-alpha-channel-opacity\"\/>\n<p>SAIBA MAIS<\/p>\n<p>Acidente entre carro e moto deixa um ferido em estado grave em Ribeir\u00e3o Preto<\/p>\n<h2 class=\"wp-block-heading\"><strong>FIQUE ON<\/strong><\/h2>\n<p>Fique ligado em tudo que acontece em Ribeir\u00e3o Preto e regi\u00e3o. Siga os perfis do<strong>\u00a0acidade on<\/strong>\u00a0no\u00a0<a href=\"https:\/\/www.instagram.com\/acidadeonribeirao\" target=\"_blank\" rel=\"noreferrer noopener\">Instagram<\/a>\u00a0e no\u00a0<a href=\"https:\/\/www.facebook.com\/acidadeonribeirao\/\" target=\"_blank\" rel=\"noreferrer noopener\">Facebook<\/a>.<\/p>\n<p>Receba not\u00edcias do\u00a0<strong>acidade on<\/strong>\u00a0no WhatsApp. Para entrar no grupo,\u00a0basta\u00a0<a href=\"https:\/\/chat.whatsapp.com\/I4nieTEMKlf50pJ28aMemC?mode=ac_t\" target=\"_blank\" rel=\"noreferrer noopener\">clicar aqui<\/a>. Ou, acesse o nosso\u00a0Canal\u00a0<a href=\"https:\/\/whatsapp.com\/channel\/0029Vb6IQl1JENyAeS57fk2p\" target=\"_blank\" rel=\"noreferrer noopener\">clicando aqui<\/a>.<\/p>\n<p>Fa\u00e7a uma den\u00fancia ou sugira uma reportagem sobre Ribeir\u00e3o Preto e regi\u00e3o pelo WhatsApp: 16 99117 7802.<\/p>\n<p>VEJA TAMB\u00c9M<\/p>\n<p>O que aconteceu na primeira audi\u00eancia do caso do Hytalo Santos?<\/p>\n<p><!-- AI CONTENT END 1 -->\n<\/div>\n<\/div>\n<p><script async src=\"\/\/www.instagram.com\/embed.js\"><\/script><br \/>\n<br \/><br \/>\n<br \/><a href=\"https:\/\/www.acidadeon.com\/ribeiraopreto\/cotidiano\/perseguicao-e-troca-de-tiros-em-rodovia-da-regiao-de-ribeirao-termina-com-uma-pessoa-morta\/\">Source link <\/a><\/p>\n<!-- CONTENT END 1 -->\n","protected":false},"excerpt":{"rendered":"<p>Uma persegui\u00e7\u00e3o policial terminou em morte na tarde desta ter\u00e7a-feira (4) na rodovia Armando de Sales Oliveira (SP-322), em Pitangueiras, na regi\u00e3o de Ribeir\u00e3o Preto&#8230;.<\/p>\n","protected":false},"author":1,"featured_media":79617,"comment_status":"open","ping_status":"open","sticky":false,"template":"","format":"standard","meta":{"advanced_seo_description":"","jetpack_seo_html_title":"","jetpack_seo_noindex":false,"jetpack_post_was_ever_published":false,"_jetpack_newsletter_access":"","_jetpack_dont_email_post_to_subs":false,"_jetpack_newsletter_tier_id":0,"_jetpack_memberships_contains_paywalled_content":false,"_jetpack_memberships_contains_paid_content":false,"footnotes":"","jetpack_publicize_message":"","jetpack_publicize_feature_enabled":true,"jetpack_social_post_already_shared":true,"jetpack_social_options":{"image_generator_settings":{"template":"highway","default_image_id":0,"font":"","enabled":false},"version":2}},"categories":[11],"tags":[],"class_list":["post-79616","post","type-post","status-publish","format-standard","has-post-thumbnail","hentry","category-noticias-de-ribeirao-preto-sp-e-regiao-ismael-colosi"],"jetpack_publicize_connections":[],"jetpack_featured_media_url":"https:\/\/i0.wp.com\/noticiasribeiraopreto.com.br\/wp-content\/uploads\/2025\/11\/palace-11_2025-11-04_20-24-27.webp.webp?fit=1200%2C675&ssl=1","jetpack-related-posts":[{"id":57835,"url":"https:\/\/noticiasribeiraopreto.com.br\/index.php\/2024\/09\/11\/o-que-se-sabe-sobre-troca-de-tiros-e-perseguicao-policial-na-regiao-de-ribeirao\/","url_meta":{"origin":79616,"position":0},"title":"O que se sabe sobre troca de tiros e persegui\u00e7\u00e3o policial na regi\u00e3o de Ribeir\u00e3o","author":"noticiasribeiraopreto.com.br","date":"11 de September de 2024","format":false,"excerpt":"Uma troca de tiros deixou pelo menos um policial morto e outro ferido na tarde desta quarta-feira (11), na rodovia Joaquim Ferreira (SP-338), pr\u00f3ximo ao trevo que liga Cajuru e Altin\u00f3polis, cidades na regi\u00e3o de Ribeir\u00e3o Preto. De acordo com as primeiras informa\u00e7\u00f5es da pol\u00edcia, equipes do Batalh\u00e3o de A\u00e7\u00f5es\u2026","rel":"","context":"In &quot;Not\u00edcias de Ribeir\u00e3o Preto-SP e Regi\u00e3o&quot;","block_context":{"text":"Not\u00edcias de Ribeir\u00e3o Preto-SP e Regi\u00e3o","link":"https:\/\/noticiasribeiraopreto.com.br\/index.php\/category\/noticias-de-ribeirao-preto-sp-e-regiao-ismael-colosi\/"},"img":{"alt_text":"","src":"https:\/\/i0.wp.com\/noticiasribeiraopreto.com.br\/wp-content\/uploads\/2024\/09\/WhatsApp-Image-2024-09-11-at-16.34.25_2024-09-11_20-39-55_jpeg_2024-09-11_20-39-55.webp.webp?fit=1200%2C900&ssl=1&resize=350%2C200","width":350,"height":200,"srcset":"https:\/\/i0.wp.com\/noticiasribeiraopreto.com.br\/wp-content\/uploads\/2024\/09\/WhatsApp-Image-2024-09-11-at-16.34.25_2024-09-11_20-39-55_jpeg_2024-09-11_20-39-55.webp.webp?fit=1200%2C900&ssl=1&resize=350%2C200 1x, https:\/\/i0.wp.com\/noticiasribeiraopreto.com.br\/wp-content\/uploads\/2024\/09\/WhatsApp-Image-2024-09-11-at-16.34.25_2024-09-11_20-39-55_jpeg_2024-09-11_20-39-55.webp.webp?fit=1200%2C900&ssl=1&resize=525%2C300 1.5x, https:\/\/i0.wp.com\/noticiasribeiraopreto.com.br\/wp-content\/uploads\/2024\/09\/WhatsApp-Image-2024-09-11-at-16.34.25_2024-09-11_20-39-55_jpeg_2024-09-11_20-39-55.webp.webp?fit=1200%2C900&ssl=1&resize=700%2C400 2x, https:\/\/i0.wp.com\/noticiasribeiraopreto.com.br\/wp-content\/uploads\/2024\/09\/WhatsApp-Image-2024-09-11-at-16.34.25_2024-09-11_20-39-55_jpeg_2024-09-11_20-39-55.webp.webp?fit=1200%2C900&ssl=1&resize=1050%2C600 3x"},"classes":[]},{"id":57841,"url":"https:\/\/noticiasribeiraopreto.com.br\/index.php\/2024\/09\/11\/pm-do-baep-e-3-vagabundos-morrem-durante-troca-de-tiros-em-rodovia-da-regiao-x-tudo-ribeirao\/","url_meta":{"origin":79616,"position":1},"title":"PM do BAEP e 3 VAGABUNDOS morrem durante troca de tiros em rodovia da regi\u00e3o \u2013 X Tudo Ribeir\u00e3o","author":"noticiasribeiraopreto.com.br","date":"11 de September de 2024","format":false,"excerpt":"Uma troca de tiros na tarde desta quarta-feira (11\/9), terminou com um Policial Militar do 11\u00aa BAEP morto e tr\u00eas VAGABUNDOS tamb\u00e9m em \u00f3bito,\u00a0na rodovia Joaquim Ferreira, entre as cidades de Altin\u00f3polis e Santo Ant\u00f4nio da Alegria.\u00a0 Segundo informa\u00e7\u00f5es, durante o patrulhamento ostensivo pela regi\u00e3o, os PMs depararam com dois\u2026","rel":"","context":"In &quot;Not\u00edcias de Ribeir\u00e3o Preto-SP e Regi\u00e3o&quot;","block_context":{"text":"Not\u00edcias de Ribeir\u00e3o Preto-SP e Regi\u00e3o","link":"https:\/\/noticiasribeiraopreto.com.br\/index.php\/category\/noticias-de-ribeirao-preto-sp-e-regiao-ismael-colosi\/"},"img":{"alt_text":"","src":"https:\/\/i0.wp.com\/noticiasribeiraopreto.com.br\/wp-content\/uploads\/2024\/09\/bb484518-da2e-48fa-879b-9393c61466b6.jpeg?fit=1200%2C707&ssl=1&resize=350%2C200","width":350,"height":200,"srcset":"https:\/\/i0.wp.com\/noticiasribeiraopreto.com.br\/wp-content\/uploads\/2024\/09\/bb484518-da2e-48fa-879b-9393c61466b6.jpeg?fit=1200%2C707&ssl=1&resize=350%2C200 1x, https:\/\/i0.wp.com\/noticiasribeiraopreto.com.br\/wp-content\/uploads\/2024\/09\/bb484518-da2e-48fa-879b-9393c61466b6.jpeg?fit=1200%2C707&ssl=1&resize=525%2C300 1.5x, https:\/\/i0.wp.com\/noticiasribeiraopreto.com.br\/wp-content\/uploads\/2024\/09\/bb484518-da2e-48fa-879b-9393c61466b6.jpeg?fit=1200%2C707&ssl=1&resize=700%2C400 2x, https:\/\/i0.wp.com\/noticiasribeiraopreto.com.br\/wp-content\/uploads\/2024\/09\/bb484518-da2e-48fa-879b-9393c61466b6.jpeg?fit=1200%2C707&ssl=1&resize=1050%2C600 3x"},"classes":[]},{"id":55806,"url":"https:\/\/noticiasribeiraopreto.com.br\/index.php\/2024\/08\/06\/homem-morre-apos-perseguicao-policial-e-troca-de-tiros-na-regiao-de-ribeirao\/","url_meta":{"origin":79616,"position":2},"title":"Homem morre ap\u00f3s persegui\u00e7\u00e3o policial e troca de tiros na regi\u00e3o de Ribeir\u00e3o","author":"noticiasribeiraopreto.com.br","date":"6 de August de 2024","format":false,"excerpt":"*Mat\u00e9ria em atualiza\u00e7\u00e3oUm homem morreu ap\u00f3s uma persegui\u00e7\u00e3o policial e troca de tiros em Sert\u00e3ozinho, cidade na regi\u00e3o de Ribeir\u00e3o Preto, na noite desta ter\u00e7a-feira (6). De acordo com as primeiras informa\u00e7\u00f5es, a suspeita \u00e9 de que o homem teria roubado um carro em uma avenida da cidade. As equipes\u2026","rel":"","context":"In &quot;Not\u00edcias de Ribeir\u00e3o Preto-SP e Regi\u00e3o&quot;","block_context":{"text":"Not\u00edcias de Ribeir\u00e3o Preto-SP e Regi\u00e3o","link":"https:\/\/noticiasribeiraopreto.com.br\/index.php\/category\/noticias-de-ribeirao-preto-sp-e-regiao-ismael-colosi\/"},"img":{"alt_text":"","src":"https:\/\/i0.wp.com\/noticiasribeiraopreto.com.br\/wp-content\/uploads\/2024\/08\/IMG_3567_2024-08-07_01-09-49_jpeg_2024-08-07_01-09-51-scaled.webp.webp?fit=1200%2C900&ssl=1&resize=350%2C200","width":350,"height":200,"srcset":"https:\/\/i0.wp.com\/noticiasribeiraopreto.com.br\/wp-content\/uploads\/2024\/08\/IMG_3567_2024-08-07_01-09-49_jpeg_2024-08-07_01-09-51-scaled.webp.webp?fit=1200%2C900&ssl=1&resize=350%2C200 1x, https:\/\/i0.wp.com\/noticiasribeiraopreto.com.br\/wp-content\/uploads\/2024\/08\/IMG_3567_2024-08-07_01-09-49_jpeg_2024-08-07_01-09-51-scaled.webp.webp?fit=1200%2C900&ssl=1&resize=525%2C300 1.5x, https:\/\/i0.wp.com\/noticiasribeiraopreto.com.br\/wp-content\/uploads\/2024\/08\/IMG_3567_2024-08-07_01-09-49_jpeg_2024-08-07_01-09-51-scaled.webp.webp?fit=1200%2C900&ssl=1&resize=700%2C400 2x, https:\/\/i0.wp.com\/noticiasribeiraopreto.com.br\/wp-content\/uploads\/2024\/08\/IMG_3567_2024-08-07_01-09-49_jpeg_2024-08-07_01-09-51-scaled.webp.webp?fit=1200%2C900&ssl=1&resize=1050%2C600 3x"},"classes":[]},{"id":57830,"url":"https:\/\/noticiasribeiraopreto.com.br\/index.php\/2024\/09\/11\/acao-de-bandidos-movimenta-policia-na-regiao-de-ribeirao-preto\/","url_meta":{"origin":79616,"position":3},"title":"A\u00e7\u00e3o de bandidos movimenta pol\u00edcia na regi\u00e3o de Ribeir\u00e3o Preto","author":"noticiasribeiraopreto.com.br","date":"11 de September de 2024","format":false,"excerpt":"Agentes do Batalh\u00e3o de A\u00e7\u00f5es Especiais de Pol\u00edcia (BAEP) atendem uma ocorr\u00eancia envolvendo troca de tiros pr\u00f3ximo ao trevo de Altin\u00f3polis, na rodovia Joaquim Ferreira (SP-338), entre Cajuru e Altin\u00f3polis, cidades na regi\u00e3o de Ribeir\u00e3o Preto. De acordo com as primeiras informa\u00e7\u00f5es, tr\u00eas pessoas foram baleadas: um policial, um criminoso\u2026","rel":"","context":"In &quot;Not\u00edcias de Ribeir\u00e3o Preto-SP e Regi\u00e3o&quot;","block_context":{"text":"Not\u00edcias de Ribeir\u00e3o Preto-SP e Regi\u00e3o","link":"https:\/\/noticiasribeiraopreto.com.br\/index.php\/category\/noticias-de-ribeirao-preto-sp-e-regiao-ismael-colosi\/"},"img":{"alt_text":"","src":"https:\/\/i0.wp.com\/noticiasribeiraopreto.com.br\/wp-content\/uploads\/2024\/09\/novo-ataque_2024-09-11_18-42-26_jpg_2024-09-11_18-42-26.webp.webp?fit=1200%2C985&ssl=1&resize=350%2C200","width":350,"height":200,"srcset":"https:\/\/i0.wp.com\/noticiasribeiraopreto.com.br\/wp-content\/uploads\/2024\/09\/novo-ataque_2024-09-11_18-42-26_jpg_2024-09-11_18-42-26.webp.webp?fit=1200%2C985&ssl=1&resize=350%2C200 1x, https:\/\/i0.wp.com\/noticiasribeiraopreto.com.br\/wp-content\/uploads\/2024\/09\/novo-ataque_2024-09-11_18-42-26_jpg_2024-09-11_18-42-26.webp.webp?fit=1200%2C985&ssl=1&resize=525%2C300 1.5x, https:\/\/i0.wp.com\/noticiasribeiraopreto.com.br\/wp-content\/uploads\/2024\/09\/novo-ataque_2024-09-11_18-42-26_jpg_2024-09-11_18-42-26.webp.webp?fit=1200%2C985&ssl=1&resize=700%2C400 2x, https:\/\/i0.wp.com\/noticiasribeiraopreto.com.br\/wp-content\/uploads\/2024\/09\/novo-ataque_2024-09-11_18-42-26_jpg_2024-09-11_18-42-26.webp.webp?fit=1200%2C985&ssl=1&resize=1050%2C600 3x"},"classes":[]},{"id":63956,"url":"https:\/\/noticiasribeiraopreto.com.br\/index.php\/2025\/02\/26\/caminhao-carregado-de-produtos-lacteos-tomba-em-ribanceira-na-anhanguera\/","url_meta":{"origin":79616,"position":4},"title":"Caminh\u00e3o carregado de produtos l\u00e1cteos tomba em ribanceira na Anhanguera","author":"noticiasribeiraopreto.com.br","date":"26 de February de 2025","format":false,"excerpt":"Um caminh\u00e3o carregado de produtos l\u00e1cteos tombou nesta quarta-feira (26), no km 327 da rodovia Anhanguera (SP-330), em Jardin\u00f3polis, na regi\u00e3o de Ribeir\u00e3o Preto. Segundo informa\u00e7\u00f5es da Artesp (Ag\u00eancia de Transporte do Estado de S\u00e3o Paulo), o caminh\u00e3o trafegava no sentido Sul (Capital), quando atingiu a prote\u00e7\u00e3o met\u00e1lica e entrou\u2026","rel":"","context":"In &quot;Not\u00edcias de Ribeir\u00e3o Preto-SP e Regi\u00e3o&quot;","block_context":{"text":"Not\u00edcias de Ribeir\u00e3o Preto-SP e Regi\u00e3o","link":"https:\/\/noticiasribeiraopreto.com.br\/index.php\/category\/noticias-de-ribeirao-preto-sp-e-regiao-ismael-colosi\/"},"img":{"alt_text":"","src":"https:\/\/i0.wp.com\/noticiasribeiraopreto.com.br\/wp-content\/uploads\/2025\/02\/WhatsApp-Image-2025-02-26-at-08.52.14_2025-02-26_12-22-11_jpeg_2025-02-26_12-22-11.webp.webp?fit=1200%2C675&ssl=1&resize=350%2C200","width":350,"height":200,"srcset":"https:\/\/i0.wp.com\/noticiasribeiraopreto.com.br\/wp-content\/uploads\/2025\/02\/WhatsApp-Image-2025-02-26-at-08.52.14_2025-02-26_12-22-11_jpeg_2025-02-26_12-22-11.webp.webp?fit=1200%2C675&ssl=1&resize=350%2C200 1x, https:\/\/i0.wp.com\/noticiasribeiraopreto.com.br\/wp-content\/uploads\/2025\/02\/WhatsApp-Image-2025-02-26-at-08.52.14_2025-02-26_12-22-11_jpeg_2025-02-26_12-22-11.webp.webp?fit=1200%2C675&ssl=1&resize=525%2C300 1.5x, https:\/\/i0.wp.com\/noticiasribeiraopreto.com.br\/wp-content\/uploads\/2025\/02\/WhatsApp-Image-2025-02-26-at-08.52.14_2025-02-26_12-22-11_jpeg_2025-02-26_12-22-11.webp.webp?fit=1200%2C675&ssl=1&resize=700%2C400 2x, https:\/\/i0.wp.com\/noticiasribeiraopreto.com.br\/wp-content\/uploads\/2025\/02\/WhatsApp-Image-2025-02-26-at-08.52.14_2025-02-26_12-22-11_jpeg_2025-02-26_12-22-11.webp.webp?fit=1200%2C675&ssl=1&resize=1050%2C600 3x"},"classes":[]},{"id":74114,"url":"https:\/\/noticiasribeiraopreto.com.br\/index.php\/2025\/07\/16\/perseguicao-policial-a-caminhao-roubado-termina-com-um-morto-em-rodovia\/","url_meta":{"origin":79616,"position":5},"title":"Persegui\u00e7\u00e3o policial a caminh\u00e3o roubado termina com um morto em rodovia","author":"noticiasribeiraopreto.com.br","date":"16 de July de 2025","format":false,"excerpt":"Um suspeito foi morto na noite desta ter\u00e7a-feira (15), durante uma persegui\u00e7\u00e3o a um caminh\u00e3o roubado, pela rodovia Brigadeiro Faria Lima (SP-326), em Santa Ernestina, a 80 quil\u00f4metros de Ribeir\u00e3o Preto. Segundo a Arteris (Ag\u00eancia de Transporte do Estado de S\u00e3o Paulo), a PM (Pol\u00edcia Militar) disse que o condutor\u2026","rel":"","context":"In &quot;Not\u00edcias de Ribeir\u00e3o Preto-SP e Regi\u00e3o&quot;","block_context":{"text":"Not\u00edcias de Ribeir\u00e3o Preto-SP e Regi\u00e3o","link":"https:\/\/noticiasribeiraopreto.com.br\/index.php\/category\/noticias-de-ribeirao-preto-sp-e-regiao-ismael-colosi\/"},"img":{"alt_text":"","src":"https:\/\/i0.wp.com\/noticiasribeiraopreto.com.br\/wp-content\/uploads\/2025\/07\/CAMINHAO_2025-07-16_15-12-33.webp.webp?fit=1200%2C784&ssl=1&resize=350%2C200","width":350,"height":200,"srcset":"https:\/\/i0.wp.com\/noticiasribeiraopreto.com.br\/wp-content\/uploads\/2025\/07\/CAMINHAO_2025-07-16_15-12-33.webp.webp?fit=1200%2C784&ssl=1&resize=350%2C200 1x, https:\/\/i0.wp.com\/noticiasribeiraopreto.com.br\/wp-content\/uploads\/2025\/07\/CAMINHAO_2025-07-16_15-12-33.webp.webp?fit=1200%2C784&ssl=1&resize=525%2C300 1.5x, https:\/\/i0.wp.com\/noticiasribeiraopreto.com.br\/wp-content\/uploads\/2025\/07\/CAMINHAO_2025-07-16_15-12-33.webp.webp?fit=1200%2C784&ssl=1&resize=700%2C400 2x, https:\/\/i0.wp.com\/noticiasribeiraopreto.com.br\/wp-content\/uploads\/2025\/07\/CAMINHAO_2025-07-16_15-12-33.webp.webp?fit=1200%2C784&ssl=1&resize=1050%2C600 3x"},"classes":[]}],"jetpack_sharing_enabled":true,"jetpack_shortlink":"https:\/\/wp.me\/peQAOb-kI8","_links":{"self":[{"href":"https:\/\/noticiasribeiraopreto.com.br\/index.php\/wp-json\/wp\/v2\/posts\/79616","targetHints":{"allow":["GET"]}}],"collection":[{"href":"https:\/\/noticiasribeiraopreto.com.br\/index.php\/wp-json\/wp\/v2\/posts"}],"about":[{"href":"https:\/\/noticiasribeiraopreto.com.br\/index.php\/wp-json\/wp\/v2\/types\/post"}],"author":[{"embeddable":true,"href":"https:\/\/noticiasribeiraopreto.com.br\/index.php\/wp-json\/wp\/v2\/users\/1"}],"replies":[{"embeddable":true,"href":"https:\/\/noticiasribeiraopreto.com.br\/index.php\/wp-json\/wp\/v2\/comments?post=79616"}],"version-history":[{"count":0,"href":"https:\/\/noticiasribeiraopreto.com.br\/index.php\/wp-json\/wp\/v2\/posts\/79616\/revisions"}],"wp:featuredmedia":[{"embeddable":true,"href":"https:\/\/noticiasribeiraopreto.com.br\/index.php\/wp-json\/wp\/v2\/media\/79617"}],"wp:attachment":[{"href":"https:\/\/noticiasribeiraopreto.com.br\/index.php\/wp-json\/wp\/v2\/media?parent=79616"}],"wp:term":[{"taxonomy":"category","embeddable":true,"href":"https:\/\/noticiasribeiraopreto.com.br\/index.php\/wp-json\/wp\/v2\/categories?post=79616"},{"taxonomy":"post_tag","embeddable":true,"href":"https:\/\/noticiasribeiraopreto.com.br\/index.php\/wp-json\/wp\/v2\/tags?post=79616"}],"curies":[{"name":"wp","href":"https:\/\/api.w.org\/{rel}","templated":true}]}}