{"id":79618,"date":"2025-11-04T20:21:19","date_gmt":"2025-11-04T23:21:19","guid":{"rendered":"https:\/\/noticiasribeiraopreto.com.br\/index.php\/2025\/11\/04\/estao-abertas-as-inscricoes-para-o-forum-de-seguranca-no-campo\/"},"modified":"2025-11-04T20:21:19","modified_gmt":"2025-11-04T23:21:19","slug":"estao-abertas-as-inscricoes-para-o-forum-de-seguranca-no-campo","status":"publish","type":"post","link":"https:\/\/noticiasribeiraopreto.com.br\/index.php\/2025\/11\/04\/estao-abertas-as-inscricoes-para-o-forum-de-seguranca-no-campo\/","title":{"rendered":"Est\u00e3o abertas as inscri\u00e7\u00f5es para o F\u00f3rum de Seguran\u00e7a no Campo"},"content":{"rendered":"<div class='code-block code-block-1' style='margin: 8px 0 8px auto; text-align: right; display: block; clear: both;'>\n<p><a href=\"https:\/\/wa.link\/vpicfd\"><img data-recalc-dims=\"1\" class=\"wp-image-4922\" style=\"aspect-ratio: 2.0253164556962027; width: 561px; height: auto;\" src=\"https:\/\/i0.wp.com\/ismaelcolosi.com.br\/wp-content\/uploads\/2023\/11\/grupo-de-empregos-whatsapp-e-facebook-ismael-colosi-vagas.jpg?ssl=1\" alt=\"\" \/><\/a><\/p>\n<!-- \/wp:image -->\n<\/div>\n<p> <br \/>\n<\/p>\n<div>\n<p>A <strong>EPTV <\/strong>e o<strong> Sindicato Rural <\/strong>realizam, no dia 25 de novembro, em <strong>Morro Agudo<\/strong>, a <strong>3\u00b0 edi\u00e7\u00e3o do F\u00f3rum de Seguran\u00e7a no Campo<\/strong>. O evento ser\u00e1 no sal\u00e3o do Centro de Lazer da cidade, a partir das 9h, com a participa\u00e7\u00e3o de autoridades e produtores rurais.<\/p>\n<p>As inscri\u00e7\u00f5es est\u00e3o abertas e s\u00e3o gratuitas (<a href=\"https:\/\/forms.office.com\/pages\/responsepage.aspx?id=ttwIcxPE3UeG7N5XXk_ilIo1VCQwXMVBtKwv6OeS3VVUNDI1MzJZWE9YTFpEM0QxNTZHTzhDUUYzWi4u&amp;route=shorturl\" data-type=\"link\" data-id=\"https:\/\/forms.office.com\/pages\/responsepage.aspx?id=ttwIcxPE3UeG7N5XXk_ilIo1VCQwXMVBtKwv6OeS3VVUNDI1MzJZWE9YTFpEM0QxNTZHTzhDUUYzWi4u&amp;route=shorturl\" target=\"_blank\" rel=\"noopener\">clique aqui<\/a>). Mas aten\u00e7\u00e3o, as vagas s\u00e3o limitadas. A iniciativa do F\u00f3rum surgiu diante da preocupa\u00e7\u00e3o com os crimes em \u00e1reas rurais, que afetam diretamente o dia a dia dos produtores.<\/p>\n<h2 class=\"wp-block-heading\"><strong>Debates do F\u00f3rum<\/strong><\/h2>\n<p>Para a mesa de debates, foram convidadas as <strong>pol\u00edcias Civil <\/strong>e <strong>Militar<\/strong>, al\u00e9m da <strong>Secretaria de Seguran\u00e7a P\u00fablica de S\u00e3o Paulo<\/strong>, que ir\u00e3o discutir estrat\u00e9gias de preven\u00e7\u00e3o e fortalecimento da seguran\u00e7a no campo.<\/p>\n<p>J\u00e1 s\u00e3o presen\u00e7as confirmadas o <strong>coronel Rodrigo Quintino<\/strong>, comandante do <strong>CPI 3<\/strong>, e o delegado<strong> Jorge Cury Neto<\/strong>, diretor do <strong>Deinter 3<\/strong>.<\/p>\n<figure class=\"wp-block-image size-large\"><img data-recalc-dims=\"1\" fetchpriority=\"high\" decoding=\"async\" width=\"1024\" height=\"398\" src=\"https:\/\/i0.wp.com\/cdn.media-acidadeon.com.br\/ribeiraopreto\/wp-content\/uploads\/sites\/3\/2025\/11\/forum-seguranca-no-campo-1024x398.webp?resize=1024%2C398&#038;ssl=1\" alt=\"forum seguranca no campo\" class=\"wp-image-134723\" title=\"Est\u00e3o abertas as inscri\u00e7\u00f5es para o F\u00f3rum de Seguran\u00e7a no Campo 1\" srcset=\"https:\/\/cdn.media-acidadeon.com.br\/ribeiraopreto\/wp-content\/uploads\/sites\/3\/2025\/11\/forum-seguranca-no-campo-1024x398.webp 1024w, https:\/\/cdn.media-acidadeon.com.br\/ribeiraopreto\/wp-content\/uploads\/sites\/3\/2025\/11\/forum-seguranca-no-campo-300x117.webp 300w, https:\/\/cdn.media-acidadeon.com.br\/ribeiraopreto\/wp-content\/uploads\/sites\/3\/2025\/11\/forum-seguranca-no-campo-768x299.webp 768w, https:\/\/cdn.media-acidadeon.com.br\/ribeiraopreto\/wp-content\/uploads\/sites\/3\/2025\/11\/forum-seguranca-no-campo-1536x597.webp 1536w, https:\/\/cdn.media-acidadeon.com.br\/ribeiraopreto\/wp-content\/uploads\/sites\/3\/2025\/11\/forum-seguranca-no-campo-696x271.webp 696w, https:\/\/cdn.media-acidadeon.com.br\/ribeiraopreto\/wp-content\/uploads\/sites\/3\/2025\/11\/forum-seguranca-no-campo-1068x415.webp 1068w, https:\/\/cdn.media-acidadeon.com.br\/ribeiraopreto\/wp-content\/uploads\/sites\/3\/2025\/11\/forum-seguranca-no-campo.webp 1600w\" sizes=\"(max-width: 1024px) 100vw, 1024px\"\/><\/figure>\n<p><strong>Roberto Carmanhan de Figueiredo<\/strong>, presidente do Sindicato Rural de Morro Agudo, refor\u00e7ou a import\u00e2ncia do evento. \u201cVamos discutir temas importantes. A presen\u00e7a de cada produtor rural \u00e9 essencial para fortalecer a seguran\u00e7a no campo e proteger o nosso trabalho\u201d.<\/p>\n<p>\u201cDesde a primeira edi\u00e7\u00e3o, nosso intuito \u00e9 dar apoio para a comunidade rural, buscando unir produtores, pol\u00edcias e gestores\u201d, explica Marcelo Fontes, Gerente Institucional da <strong>EPTV<\/strong>.<\/p>\n<p>O evento ser\u00e1 realizado pela <strong>EPTV <\/strong>e <strong>Sindicato Rural de Morro Agudo<\/strong>, e conta com o apoio de m\u00eddia da <strong>CBN Ribeir\u00e3o<\/strong> e do portal <strong>g1<\/strong>.<\/p>\n<h2 class=\"wp-block-heading\"><strong>Continuidade do projeto<\/strong><\/h2>\n<p>O F\u00f3rum de Seguran\u00e7a no Campo teve sua primeira edi\u00e7\u00e3o em S\u00e3o Sebasti\u00e3o do Para\u00edso, em Minas Gerais, em maio de 2025, e a segunda edi\u00e7\u00e3o na cidade de Franca, em S\u00e3o Paulo, em junho passado.<\/p>\n<p>As duas primeiras edi\u00e7\u00f5es foram focadas nas quest\u00f5es levantadas pelos produtores de caf\u00e9. A terceira edi\u00e7\u00e3o, ter\u00e1 um direcionamento maior aos produtores de cana-de-a\u00e7\u00facar.<\/p>\n<p>SAIBA MAIS<br \/>Limpeza de reservat\u00f3rios deixa bairros da zona Sul de Ribeir\u00e3o Preto em alerta para falta d\u2019\u00e1gua<\/p>\n<h2 class=\"wp-block-heading\"><strong>FIQUE ON<\/strong><\/h2>\n<p>Fique ligado em tudo que acontece em Ribeir\u00e3o Preto e regi\u00e3o. Siga os perfis do<strong>\u00a0acidade on<\/strong>\u00a0no\u00a0<a href=\"https:\/\/www.instagram.com\/acidadeonribeirao\" target=\"_blank\" rel=\"noreferrer noopener\">Instagram<\/a>\u00a0e no\u00a0<a href=\"https:\/\/www.facebook.com\/acidadeonribeirao\/\" target=\"_blank\" rel=\"noreferrer noopener\">Facebook<\/a>.<\/p>\n<p>Receba not\u00edcias do\u00a0<strong>acidade on<\/strong>\u00a0no WhatsApp. Para entrar no grupo,\u00a0basta\u00a0<a href=\"https:\/\/chat.whatsapp.com\/I4nieTEMKlf50pJ28aMemC?mode=ac_t\" target=\"_blank\" rel=\"noreferrer noopener\">clicar aqui<\/a>. Ou, acesse o nosso\u00a0Canal\u00a0<a href=\"https:\/\/whatsapp.com\/channel\/0029Vb6IQl1JENyAeS57fk2p\" target=\"_blank\" rel=\"noreferrer noopener\">clicando aqui<\/a>.<\/p>\n<p>Fa\u00e7a uma den\u00fancia ou sugira uma reportagem sobre Ribeir\u00e3o Preto e regi\u00e3o pelo WhatsApp: 16 99117 7802.<\/p>\n<p>VEJA TAMB\u00c9M<br \/>Por onde ciclone extratropical deve passar?<\/p>\n<p><!-- AI CONTENT END 1 -->\n<\/div>\n<p><script async src=\"\/\/www.instagram.com\/embed.js\"><\/script><br \/>\n<br \/><br \/>\n<br \/><a href=\"https:\/\/www.acidadeon.com\/ribeiraopreto\/cotidiano\/estao-abertas-as-inscricoes-para-o-forum-de-seguranca-no-campo\/\">Source link <\/a><\/p>\n<!-- CONTENT END 1 -->\n","protected":false},"excerpt":{"rendered":"<p>A EPTV e o Sindicato Rural realizam, no dia 25 de novembro, em Morro Agudo, a 3\u00b0 edi\u00e7\u00e3o do F\u00f3rum de Seguran\u00e7a no Campo. O&#8230;<\/p>\n","protected":false},"author":1,"featured_media":79619,"comment_status":"open","ping_status":"open","sticky":false,"template":"","format":"standard","meta":{"advanced_seo_description":"","jetpack_seo_html_title":"","jetpack_seo_noindex":false,"jetpack_post_was_ever_published":false,"_jetpack_newsletter_access":"","_jetpack_dont_email_post_to_subs":false,"_jetpack_newsletter_tier_id":0,"_jetpack_memberships_contains_paywalled_content":false,"_jetpack_memberships_contains_paid_content":false,"footnotes":"","jetpack_publicize_message":"","jetpack_publicize_feature_enabled":true,"jetpack_social_post_already_shared":true,"jetpack_social_options":{"image_generator_settings":{"template":"highway","default_image_id":0,"font":"","enabled":false},"version":2}},"categories":[11],"tags":[],"class_list":["post-79618","post","type-post","status-publish","format-standard","has-post-thumbnail","hentry","category-noticias-de-ribeirao-preto-sp-e-regiao-ismael-colosi"],"jetpack_publicize_connections":[],"jetpack_featured_media_url":"https:\/\/i0.wp.com\/noticiasribeiraopreto.com.br\/wp-content\/uploads\/2025\/11\/seguranca-no-campo_2025-11-04_19-54-12.webp.webp?fit=1200%2C800&ssl=1","jetpack-related-posts":[{"id":80311,"url":"https:\/\/noticiasribeiraopreto.com.br\/index.php\/2025\/11\/19\/veja-como-participar-da-3a-edicao-do-forum-de-seguranca-no-campo-inscricoes-sao-gratuitas\/","url_meta":{"origin":79618,"position":0},"title":"Veja como participar da 3\u00aa edi\u00e7\u00e3o do F\u00f3rum de Seguran\u00e7a no Campo; inscri\u00e7\u00f5es s\u00e3o gratuitas","author":"noticiasribeiraopreto.com.br","date":"19 de November de 2025","format":false,"excerpt":"A EPTV e o Sindicato Rural de Morro Agudo realizam na pr\u00f3xima ter\u00e7a-feira (25) a 3\u00aa edi\u00e7\u00e3o do F\u00f3rum de Seguran\u00e7a no Campo. O evento ser\u00e1 no sal\u00e3o do Centro de Lazer de Morro Agudo, a partir das 9h, com a participa\u00e7\u00e3o de autoridades e produtores rurais. As inscri\u00e7\u00f5es est\u00e3o\u2026","rel":"","context":"In &quot;Not\u00edcias de Ribeir\u00e3o Preto-SP e Regi\u00e3o&quot;","block_context":{"text":"Not\u00edcias de Ribeir\u00e3o Preto-SP e Regi\u00e3o","link":"https:\/\/noticiasribeiraopreto.com.br\/index.php\/category\/noticias-de-ribeirao-preto-sp-e-regiao-ismael-colosi\/"},"img":{"alt_text":"","src":"https:\/\/i0.wp.com\/noticiasribeiraopreto.com.br\/wp-content\/uploads\/2025\/11\/forum-de-seguranca_2025-11-19_17-38-03.webp.webp?fit=1200%2C800&ssl=1&resize=350%2C200","width":350,"height":200,"srcset":"https:\/\/i0.wp.com\/noticiasribeiraopreto.com.br\/wp-content\/uploads\/2025\/11\/forum-de-seguranca_2025-11-19_17-38-03.webp.webp?fit=1200%2C800&ssl=1&resize=350%2C200 1x, https:\/\/i0.wp.com\/noticiasribeiraopreto.com.br\/wp-content\/uploads\/2025\/11\/forum-de-seguranca_2025-11-19_17-38-03.webp.webp?fit=1200%2C800&ssl=1&resize=525%2C300 1.5x, https:\/\/i0.wp.com\/noticiasribeiraopreto.com.br\/wp-content\/uploads\/2025\/11\/forum-de-seguranca_2025-11-19_17-38-03.webp.webp?fit=1200%2C800&ssl=1&resize=700%2C400 2x, https:\/\/i0.wp.com\/noticiasribeiraopreto.com.br\/wp-content\/uploads\/2025\/11\/forum-de-seguranca_2025-11-19_17-38-03.webp.webp?fit=1200%2C800&ssl=1&resize=1050%2C600 3x"},"classes":[]},{"id":1250,"url":"https:\/\/noticiasribeiraopreto.com.br\/index.php\/2023\/11\/11\/sebrae-tem-vagas-para-capacitacao-de-produtores-rurais-no-interior-de-sp\/","url_meta":{"origin":79618,"position":1},"title":"Sebrae tem vagas para capacita\u00e7\u00e3o de produtores rurais\u00a0no interior de SP","author":"noticiasribeiraopreto.com.br","date":"11 de November de 2023","format":false,"excerpt":"O Sebrae (Servi\u00e7o de Apoio \u00e0 Micro e Pequenas Empresas do Estado de S\u00e3o Paulo)\u00a0de Ribeir\u00e3o Preto est\u00e1 com inscri\u00e7\u00f5es abertas para o 2\u00b0 ciclo do programa ALI (Agentes Locais de Inova\u00e7\u00e3o) para produtores rurais. \u00a0 S\u00e3o 120 vagas em Ribeir\u00e3o Preto, 120 vagas em Franca e 105 em Ribeir\u00e3o\u2026","rel":"","context":"In &quot;Not\u00edcias de Ribeir\u00e3o Preto-SP e Regi\u00e3o&quot;","block_context":{"text":"Not\u00edcias de Ribeir\u00e3o Preto-SP e Regi\u00e3o","link":"https:\/\/noticiasribeiraopreto.com.br\/index.php\/category\/noticias-de-ribeirao-preto-sp-e-regiao-ismael-colosi\/"},"img":{"alt_text":"","src":"https:\/\/i0.wp.com\/noticiasribeiraopreto.com.br\/wp-content\/uploads\/2023\/11\/handler-_2_.jpg?fit=814%2C492&ssl=1&resize=350%2C200","width":350,"height":200,"srcset":"https:\/\/i0.wp.com\/noticiasribeiraopreto.com.br\/wp-content\/uploads\/2023\/11\/handler-_2_.jpg?fit=814%2C492&ssl=1&resize=350%2C200 1x, https:\/\/i0.wp.com\/noticiasribeiraopreto.com.br\/wp-content\/uploads\/2023\/11\/handler-_2_.jpg?fit=814%2C492&ssl=1&resize=525%2C300 1.5x, https:\/\/i0.wp.com\/noticiasribeiraopreto.com.br\/wp-content\/uploads\/2023\/11\/handler-_2_.jpg?fit=814%2C492&ssl=1&resize=700%2C400 2x"},"classes":[]},{"id":84780,"url":"https:\/\/noticiasribeiraopreto.com.br\/index.php\/2026\/04\/15\/produtores-rurais-enfrentam-juros-altos-dividas-e-falta-de-mao-de-obra-alerta-faesp\/","url_meta":{"origin":79618,"position":2},"title":"Produtores rurais enfrentam juros altos, d\u00edvidas e falta de m\u00e3o de obra, alerta Faesp","author":"noticiasribeiraopreto.com.br","date":"15 de April de 2026","format":false,"excerpt":"\r \r \r 15 de abril de 2026 18:22 \r Compartilhar0 Setor relata dificuldades com cr\u00e9dito, aus\u00eancia de seguro agr\u00edcola e uma grande preocupa\u00e7\u00e3o com mudan\u00e7as na jornada de trabalho Os produtores rurais de S\u00e3o Paulo atravessam um per\u00edodo de aperto. Juros elevados, aumento dos custos e dificuldade para encontrar\u2026","rel":"","context":"In &quot;Not\u00edcias de Ribeir\u00e3o Preto-SP e Regi\u00e3o&quot;","block_context":{"text":"Not\u00edcias de Ribeir\u00e3o Preto-SP e Regi\u00e3o","link":"https:\/\/noticiasribeiraopreto.com.br\/index.php\/category\/noticias-de-ribeirao-preto-sp-e-regiao-ismael-colosi\/"},"img":{"alt_text":"","src":"https:\/\/i0.wp.com\/noticiasribeiraopreto.com.br\/wp-content\/uploads\/2026\/04\/faesp-senar-2-scaled.jpeg?fit=1040%2C780&ssl=1&resize=350%2C200","width":350,"height":200,"srcset":"https:\/\/i0.wp.com\/noticiasribeiraopreto.com.br\/wp-content\/uploads\/2026\/04\/faesp-senar-2-scaled.jpeg?fit=1040%2C780&ssl=1&resize=350%2C200 1x, https:\/\/i0.wp.com\/noticiasribeiraopreto.com.br\/wp-content\/uploads\/2026\/04\/faesp-senar-2-scaled.jpeg?fit=1040%2C780&ssl=1&resize=525%2C300 1.5x, https:\/\/i0.wp.com\/noticiasribeiraopreto.com.br\/wp-content\/uploads\/2026\/04\/faesp-senar-2-scaled.jpeg?fit=1040%2C780&ssl=1&resize=700%2C400 2x"},"classes":[]},{"id":85350,"url":"https:\/\/noticiasribeiraopreto.com.br\/index.php\/2026\/04\/30\/governo-de-sp-integra-assentamentos-a-estrategia-de-combate-a-incendios-e-entrega-kits-ineditos-a-produtores-rurais\/","url_meta":{"origin":79618,"position":3},"title":"Governo de SP integra assentamentos \u00e0 estrat\u00e9gia de combate a inc\u00eandios e entrega kits in\u00e9ditos a produtores rurais &#8211; THMais","author":"noticiasribeiraopreto.com.br","date":"30 de April de 2026","format":false,"excerpt":"O combate aos inc\u00eandios em \u00e1reas de vegeta\u00e7\u00e3o em S\u00e3o Paulo ganha um novo eixo estrat\u00e9gico: o pr\u00f3prio territ\u00f3rio onde o fogo come\u00e7a. Em uma medida in\u00e9dita, o Governo do Estado passa a equipar diretamente produtores rurais de assentamentos com kits completos de combate a inc\u00eandios, consolidando uma mudan\u00e7a de\u2026","rel":"","context":"In &quot;Not\u00edcias de Ribeir\u00e3o Preto-SP e Regi\u00e3o&quot;","block_context":{"text":"Not\u00edcias de Ribeir\u00e3o Preto-SP e Regi\u00e3o","link":"https:\/\/noticiasribeiraopreto.com.br\/index.php\/category\/noticias-de-ribeirao-preto-sp-e-regiao-ismael-colosi\/"},"img":{"alt_text":"","src":"https:\/\/i0.wp.com\/noticiasribeiraopreto.com.br\/wp-content\/uploads\/2026\/04\/amazonia.jpeg?fit=1024%2C684&ssl=1&resize=350%2C200","width":350,"height":200,"srcset":"https:\/\/i0.wp.com\/noticiasribeiraopreto.com.br\/wp-content\/uploads\/2026\/04\/amazonia.jpeg?fit=1024%2C684&ssl=1&resize=350%2C200 1x, https:\/\/i0.wp.com\/noticiasribeiraopreto.com.br\/wp-content\/uploads\/2026\/04\/amazonia.jpeg?fit=1024%2C684&ssl=1&resize=525%2C300 1.5x, https:\/\/i0.wp.com\/noticiasribeiraopreto.com.br\/wp-content\/uploads\/2026\/04\/amazonia.jpeg?fit=1024%2C684&ssl=1&resize=700%2C400 2x"},"classes":[]},{"id":75651,"url":"https:\/\/noticiasribeiraopreto.com.br\/index.php\/2025\/08\/13\/inscricoes-para-concurso-de-escrevente-do-tj-sp-estao-abertas\/","url_meta":{"origin":79618,"position":4},"title":"Inscri\u00e7\u00f5es para concurso de escrevente do TJ-SP est\u00e3o abertas","author":"noticiasribeiraopreto.com.br","date":"13 de August de 2025","format":false,"excerpt":"J\u00e1 est\u00e3o abertas as inscri\u00e7\u00f5es do concurso p\u00fablico para o cargo de escrevente t\u00e9cnico judici\u00e1rio do TJ-SP (Tribunal de Justi\u00e7a de S\u00e3o Paulo). As oportunidades s\u00e3o para o cadastro de reserva e os sal\u00e1rios para o cargo s\u00e3o de R$ 6.345,94. As inscri\u00e7\u00f5es devem ser realizadas no site da Funda\u00e7\u00e3o\u2026","rel":"","context":"In &quot;Not\u00edcias de Ribeir\u00e3o Preto-SP e Regi\u00e3o&quot;","block_context":{"text":"Not\u00edcias de Ribeir\u00e3o Preto-SP e Regi\u00e3o","link":"https:\/\/noticiasribeiraopreto.com.br\/index.php\/category\/noticias-de-ribeirao-preto-sp-e-regiao-ismael-colosi\/"},"img":{"alt_text":"","src":"https:\/\/i0.wp.com\/noticiasribeiraopreto.com.br\/wp-content\/uploads\/2025\/08\/concurso-publico-6_2024-08-26_18-49-03_jpg_2024-08-26_18-49-03.webp.webp?fit=1200%2C800&ssl=1&resize=350%2C200","width":350,"height":200,"srcset":"https:\/\/i0.wp.com\/noticiasribeiraopreto.com.br\/wp-content\/uploads\/2025\/08\/concurso-publico-6_2024-08-26_18-49-03_jpg_2024-08-26_18-49-03.webp.webp?fit=1200%2C800&ssl=1&resize=350%2C200 1x, https:\/\/i0.wp.com\/noticiasribeiraopreto.com.br\/wp-content\/uploads\/2025\/08\/concurso-publico-6_2024-08-26_18-49-03_jpg_2024-08-26_18-49-03.webp.webp?fit=1200%2C800&ssl=1&resize=525%2C300 1.5x, https:\/\/i0.wp.com\/noticiasribeiraopreto.com.br\/wp-content\/uploads\/2025\/08\/concurso-publico-6_2024-08-26_18-49-03_jpg_2024-08-26_18-49-03.webp.webp?fit=1200%2C800&ssl=1&resize=700%2C400 2x, https:\/\/i0.wp.com\/noticiasribeiraopreto.com.br\/wp-content\/uploads\/2025\/08\/concurso-publico-6_2024-08-26_18-49-03_jpg_2024-08-26_18-49-03.webp.webp?fit=1200%2C800&ssl=1&resize=1050%2C600 3x"},"classes":[]},{"id":64747,"url":"https:\/\/noticiasribeiraopreto.com.br\/index.php\/2025\/03\/12\/jornal-da-franca-autoridades-e-produtores-rurais-de-franca-fazem-abertura-da-16-edicao-do-simcafe\/","url_meta":{"origin":79618,"position":5},"title":"Jornal da Franca &#8211; Autoridades e produtores rurais de Franca fazem abertura da 16\u00b0 edi\u00e7\u00e3o do SimCaf\u00e9","author":"noticiasribeiraopreto.com.br","date":"12 de March de 2025","format":false,"excerpt":"compartilhar no whatsapp compartilhar no telegram compartilhar no facebook compartilhar no linkedin Evento re\u00fane cafeicultores e empresas do setor de agro de Franca e regi\u00e3o O Simcaf\u00e9 \u2013 Simp\u00f3sio do Agroneg\u00f3cio Caf\u00e9 da Alta Mogiana \u2013 teve sua 16\u00b0 edi\u00e7\u00e3o aberta nesta ter\u00e7a-feira com a presen\u00e7a de diversas autoridades pol\u00edticas.\u2026","rel":"","context":"In &quot;Not\u00edcias de Franca-SP&quot;","block_context":{"text":"Not\u00edcias de Franca-SP","link":"https:\/\/noticiasribeiraopreto.com.br\/index.php\/category\/noticias-de-ribeirao-preto-sp-e-regiao-ismael-colosi\/noticias-franca-sp\/"},"img":{"alt_text":"","src":"https:\/\/i0.wp.com\/noticiasribeiraopreto.com.br\/wp-content\/uploads\/2025\/03\/IMG_20250311_180004.jpg?fit=804%2C730&ssl=1&resize=350%2C200","width":350,"height":200,"srcset":"https:\/\/i0.wp.com\/noticiasribeiraopreto.com.br\/wp-content\/uploads\/2025\/03\/IMG_20250311_180004.jpg?fit=804%2C730&ssl=1&resize=350%2C200 1x, https:\/\/i0.wp.com\/noticiasribeiraopreto.com.br\/wp-content\/uploads\/2025\/03\/IMG_20250311_180004.jpg?fit=804%2C730&ssl=1&resize=525%2C300 1.5x, https:\/\/i0.wp.com\/noticiasribeiraopreto.com.br\/wp-content\/uploads\/2025\/03\/IMG_20250311_180004.jpg?fit=804%2C730&ssl=1&resize=700%2C400 2x"},"classes":[]}],"jetpack_sharing_enabled":true,"jetpack_shortlink":"https:\/\/wp.me\/peQAOb-kIa","_links":{"self":[{"href":"https:\/\/noticiasribeiraopreto.com.br\/index.php\/wp-json\/wp\/v2\/posts\/79618","targetHints":{"allow":["GET"]}}],"collection":[{"href":"https:\/\/noticiasribeiraopreto.com.br\/index.php\/wp-json\/wp\/v2\/posts"}],"about":[{"href":"https:\/\/noticiasribeiraopreto.com.br\/index.php\/wp-json\/wp\/v2\/types\/post"}],"author":[{"embeddable":true,"href":"https:\/\/noticiasribeiraopreto.com.br\/index.php\/wp-json\/wp\/v2\/users\/1"}],"replies":[{"embeddable":true,"href":"https:\/\/noticiasribeiraopreto.com.br\/index.php\/wp-json\/wp\/v2\/comments?post=79618"}],"version-history":[{"count":0,"href":"https:\/\/noticiasribeiraopreto.com.br\/index.php\/wp-json\/wp\/v2\/posts\/79618\/revisions"}],"wp:featuredmedia":[{"embeddable":true,"href":"https:\/\/noticiasribeiraopreto.com.br\/index.php\/wp-json\/wp\/v2\/media\/79619"}],"wp:attachment":[{"href":"https:\/\/noticiasribeiraopreto.com.br\/index.php\/wp-json\/wp\/v2\/media?parent=79618"}],"wp:term":[{"taxonomy":"category","embeddable":true,"href":"https:\/\/noticiasribeiraopreto.com.br\/index.php\/wp-json\/wp\/v2\/categories?post=79618"},{"taxonomy":"post_tag","embeddable":true,"href":"https:\/\/noticiasribeiraopreto.com.br\/index.php\/wp-json\/wp\/v2\/tags?post=79618"}],"curies":[{"name":"wp","href":"https:\/\/api.w.org\/{rel}","templated":true}]}}