{"id":79620,"date":"2025-11-04T20:28:28","date_gmt":"2025-11-04T23:28:28","guid":{"rendered":"https:\/\/noticiasribeiraopreto.com.br\/index.php\/2025\/11\/04\/conselho-de-etica-da-camara-de-ribeirao-pede-suspensao-de-bigodini-mas-barra-cassacao-2\/"},"modified":"2025-11-04T20:28:28","modified_gmt":"2025-11-04T23:28:28","slug":"conselho-de-etica-da-camara-de-ribeirao-pede-suspensao-de-bigodini-mas-barra-cassacao-2","status":"publish","type":"post","link":"https:\/\/noticiasribeiraopreto.com.br\/index.php\/2025\/11\/04\/conselho-de-etica-da-camara-de-ribeirao-pede-suspensao-de-bigodini-mas-barra-cassacao-2\/","title":{"rendered":"Conselho de \u00c9tica da C\u00e2mara de Ribeir\u00e3o pede suspens\u00e3o de Bigodini, mas barra cassa\u00e7\u00e3o"},"content":{"rendered":"<div class='code-block code-block-1' style='margin: 8px 0 8px auto; text-align: right; display: block; clear: both;'>\n<p><a href=\"https:\/\/wa.link\/vpicfd\"><img data-recalc-dims=\"1\" class=\"wp-image-4922\" style=\"aspect-ratio: 2.0253164556962027; width: 561px; height: auto;\" src=\"https:\/\/i0.wp.com\/ismaelcolosi.com.br\/wp-content\/uploads\/2023\/11\/grupo-de-empregos-whatsapp-e-facebook-ismael-colosi-vagas.jpg?ssl=1\" alt=\"\" \/><\/a><\/p>\n<!-- \/wp:image -->\n<\/div>\n<p> <br \/>\n<\/p>\n<div>\n<p>O relat\u00f3rio do <strong><a href=\"https:\/\/www.camararibeiraopreto.sp.gov.br\/\" data-type=\"link\" data-id=\"https:\/\/www.camararibeiraopreto.sp.gov.br\/\" target=\"_blank\" rel=\"noopener\">Conselho de \u00c9tica da C\u00e2mara de Ribeir\u00e3o Preto <\/a><\/strong>pediu a suspens\u00e3o do mandato do vereador <strong>Roger Ronan da Silva<\/strong>, o <strong>Bigodini (MDB)<\/strong>, por seis meses. O relat\u00f3rio foi lido na tarde desta ter\u00e7a-feira (4) pelo vereador <strong>Maur\u00edcio Vila Abranches (PSDB)<\/strong>, que optou por manter os direitos pol\u00edticos do parlamentar.<\/p>\n<p>Bigodini foi indiciado pela Pol\u00edcia Civil pelos crimes de embriaguez ao volante, fraude processual e falsidade ideol\u00f3gica.<\/p>\n<figure class=\"wp-block-embed is-type-video is-provider-youtube wp-block-embed-youtube wp-embed-aspect-4-3 wp-has-aspect-ratio\">\n<div class=\"wp-block-embed__wrapper\">\n<p><iframe loading=\"lazy\" title=\"CONSELHO DE \u00c9TICA - 04\/11\/2025\" width=\"500\" height=\"375\" src=\"https:\/\/www.youtube.com\/embed\/K1ofvYK1GQE?feature=oembed\" frameborder=\"0\" allow=\"accelerometer; autoplay; clipboard-write; encrypted-media; gyroscope; picture-in-picture; web-share\" referrerpolicy=\"strict-origin-when-cross-origin\" allowfullscreen><\/iframe><\/p>\n<\/div>\n<\/figure>\n<h2 class=\"wp-block-heading\"><strong>Conselho de \u00c9tica<\/strong><\/h2>\n<p>O documento de Vila Abranches entendeu que o parlamentar abalou confian\u00e7a p\u00fablica e constatou que o processo de cassa\u00e7\u00e3o ocorreu dentro do \u201crito foi regular\u201d, dando a Bigodini o direito \u00e0 defesa e ao contradit\u00f3rio.<\/p>\n<p>\u201cProp\u00f5e-se a aplica\u00e7\u00e3o da suspens\u00e3o do exerc\u00edcio do mandato por 180 dias corridos, suspendendo os subs\u00eddios, mas mantendo o v\u00ednculo parlamentar e os direitos pol\u00edticos\u201d, afirma.<\/p>\n<p>Fazem parte do Conselho de \u00c9tica os vereadores Di\u00e1cono Ramos (Uni\u00e3o), presidente, Franco Ferro (PP), Brando Veiga (REP) e Jean Corauci (PSD), al\u00e9m de Vila Abranches.<\/p>\n<h2 class=\"wp-block-heading\"><strong>E, agora?<\/strong><\/h2>\n<p>O relat\u00f3rio do vereador Maur\u00edcio Vila Abranches ser\u00e1 encaminhado para vota\u00e7\u00e3o no plen\u00e1rio da C\u00e2mara de Ribeir\u00e3o Preto, onde ser\u00e1 analisado pelos outros parlamentares. O texto ser\u00e1 lido no plen\u00e1rio nesta quarta-feira (5), durante a sess\u00e3o ordin\u00e1ria, e ser\u00e1 votado na segunda-feira (10), tamb\u00e9m na sess\u00e3o.<\/p>\n<p>SAIBA MAIS<br \/>Limpeza de reservat\u00f3rios deixa bairros da zona Sul de Ribeir\u00e3o Preto em alerta para falta d\u2019\u00e1gua<\/p>\n<h2 class=\"wp-block-heading\"><strong>FIQUE ON<\/strong><\/h2>\n<p>Fique ligado em tudo que acontece em Ribeir\u00e3o Preto e regi\u00e3o. Siga os perfis do<strong>\u00a0acidade on<\/strong>\u00a0no\u00a0<a href=\"https:\/\/www.instagram.com\/acidadeonribeirao\" target=\"_blank\" rel=\"noreferrer noopener\">Instagram<\/a>\u00a0e no\u00a0<a href=\"https:\/\/www.facebook.com\/acidadeonribeirao\/\" target=\"_blank\" rel=\"noreferrer noopener\">Facebook<\/a>.<\/p>\n<p>Receba not\u00edcias do\u00a0<strong>acidade on<\/strong>\u00a0no WhatsApp. Para entrar no grupo,\u00a0basta\u00a0<a href=\"https:\/\/chat.whatsapp.com\/I4nieTEMKlf50pJ28aMemC?mode=ac_t\" target=\"_blank\" rel=\"noreferrer noopener\">clicar aqui<\/a>. Ou, acesse o nosso\u00a0Canal\u00a0<a href=\"https:\/\/whatsapp.com\/channel\/0029Vb6IQl1JENyAeS57fk2p\" target=\"_blank\" rel=\"noreferrer noopener\">clicando aqui<\/a>.<\/p>\n<p>Fa\u00e7a uma den\u00fancia ou sugira uma reportagem sobre Ribeir\u00e3o Preto e regi\u00e3o pelo WhatsApp: 16 99117 7802.<\/p>\n<p>VEJA TAMB\u00c9M<br \/>Por onde ciclone extratropical deve passar?<\/p>\n<p><!-- AI CONTENT END 1 -->\n<\/div>\n<p><script async src=\"\/\/www.instagram.com\/embed.js\"><\/script><br \/>\n<br \/><br \/>\n<br \/><a href=\"https:\/\/www.acidadeon.com\/ribeiraopreto\/politica\/conselho-de-etica-da-camara-de-ribeirao-pede-suspensao-de-bigodini-mas-barra-cassacao\/\">Source link <\/a><\/p>\n<!-- CONTENT END 1 -->\n","protected":false},"excerpt":{"rendered":"<p>O relat\u00f3rio do Conselho de \u00c9tica da C\u00e2mara de Ribeir\u00e3o Preto pediu a suspens\u00e3o do mandato do vereador Roger Ronan da Silva, o Bigodini (MDB),&#8230;<\/p>\n","protected":false},"author":1,"featured_media":79116,"comment_status":"open","ping_status":"open","sticky":false,"template":"","format":"standard","meta":{"advanced_seo_description":"","jetpack_seo_html_title":"","jetpack_seo_noindex":false,"jetpack_post_was_ever_published":false,"_jetpack_newsletter_access":"","_jetpack_dont_email_post_to_subs":false,"_jetpack_newsletter_tier_id":0,"_jetpack_memberships_contains_paywalled_content":false,"_jetpack_memberships_contains_paid_content":false,"footnotes":"","jetpack_publicize_message":"","jetpack_publicize_feature_enabled":true,"jetpack_social_post_already_shared":true,"jetpack_social_options":{"image_generator_settings":{"template":"highway","default_image_id":0,"font":"","enabled":false},"version":2}},"categories":[11],"tags":[],"class_list":["post-79620","post","type-post","status-publish","format-standard","has-post-thumbnail","hentry","category-noticias-de-ribeirao-preto-sp-e-regiao-ismael-colosi"],"jetpack_publicize_connections":[],"jetpack_featured_media_url":"https:\/\/i0.wp.com\/noticiasribeiraopreto.com.br\/wp-content\/uploads\/2025\/10\/bigodini-cerveja_2025-10-24_13-49-24.webp.webp?fit=1200%2C674&ssl=1","jetpack-related-posts":[{"id":79599,"url":"https:\/\/noticiasribeiraopreto.com.br\/index.php\/2025\/11\/04\/conselho-de-etica-da-camara-de-ribeirao-pede-suspensao-de-bigodini-mas-barra-cassacao\/","url_meta":{"origin":79620,"position":0},"title":"Conselho de \u00c9tica da C\u00e2mara de Ribeir\u00e3o pede suspens\u00e3o de Bigodini, mas barra cassa\u00e7\u00e3o","author":"noticiasribeiraopreto.com.br","date":"4 de November de 2025","format":false,"excerpt":"O relat\u00f3rio do Conselho de \u00c9tica da C\u00e2mara de Ribeir\u00e3o Preto pediu a suspens\u00e3o do mandato do vereador Roger Ronan da Silva, o Bigodini (MDB), por seis meses. O relat\u00f3rio foi lido na tarde desta ter\u00e7a-feira (4) pelo vereador Maur\u00edcio Vila Abranches (PSDB), que optou por manter os direitos pol\u00edticos\u2026","rel":"","context":"In &quot;Not\u00edcias de Ribeir\u00e3o Preto-SP e Regi\u00e3o&quot;","block_context":{"text":"Not\u00edcias de Ribeir\u00e3o Preto-SP e Regi\u00e3o","link":"https:\/\/noticiasribeiraopreto.com.br\/index.php\/category\/noticias-de-ribeirao-preto-sp-e-regiao-ismael-colosi\/"},"img":{"alt_text":"","src":"https:\/\/i0.wp.com\/noticiasribeiraopreto.com.br\/wp-content\/uploads\/2025\/10\/bigodini-cerveja_2025-10-24_13-49-24.webp.webp?fit=1200%2C674&ssl=1&resize=350%2C200","width":350,"height":200,"srcset":"https:\/\/i0.wp.com\/noticiasribeiraopreto.com.br\/wp-content\/uploads\/2025\/10\/bigodini-cerveja_2025-10-24_13-49-24.webp.webp?fit=1200%2C674&ssl=1&resize=350%2C200 1x, https:\/\/i0.wp.com\/noticiasribeiraopreto.com.br\/wp-content\/uploads\/2025\/10\/bigodini-cerveja_2025-10-24_13-49-24.webp.webp?fit=1200%2C674&ssl=1&resize=525%2C300 1.5x, https:\/\/i0.wp.com\/noticiasribeiraopreto.com.br\/wp-content\/uploads\/2025\/10\/bigodini-cerveja_2025-10-24_13-49-24.webp.webp?fit=1200%2C674&ssl=1&resize=700%2C400 2x, https:\/\/i0.wp.com\/noticiasribeiraopreto.com.br\/wp-content\/uploads\/2025\/10\/bigodini-cerveja_2025-10-24_13-49-24.webp.webp?fit=1200%2C674&ssl=1&resize=1050%2C600 3x"},"classes":[]},{"id":79390,"url":"https:\/\/noticiasribeiraopreto.com.br\/index.php\/2025\/10\/30\/caso-bigodini-conselho-de-etica-troca-relator-do-processo-de-cassacao-do-vereador\/","url_meta":{"origin":79620,"position":1},"title":"Caso Bigodini: Conselho de \u00c9tica troca relator do processo de cassa\u00e7\u00e3o do vereador","author":"noticiasribeiraopreto.com.br","date":"30 de October de 2025","format":false,"excerpt":"O Conselho de \u00c9tica da C\u00e2mara de Ribeir\u00e3o Preto nomeou nesta quinta-feira (30) Maur\u00edcio Vila Abranches (PSDB) como novo relator do processo de cassa\u00e7\u00e3o de Roger Ronan da Silva, o Bigodini (MDB). A troca ocorreu ap\u00f3s Jean Corauci se afastar das atividades por problemas de sa\u00fade. Abranches conduzir\u00e1 a apura\u00e7\u00e3o\u2026","rel":"","context":"In &quot;Not\u00edcias de Ribeir\u00e3o Preto-SP e Regi\u00e3o&quot;","block_context":{"text":"Not\u00edcias de Ribeir\u00e3o Preto-SP e Regi\u00e3o","link":"https:\/\/noticiasribeiraopreto.com.br\/index.php\/category\/noticias-de-ribeirao-preto-sp-e-regiao-ismael-colosi\/"},"img":{"alt_text":"","src":"https:\/\/i0.wp.com\/noticiasribeiraopreto.com.br\/wp-content\/uploads\/2025\/10\/Imagem-do-WhatsApp-de-2025-10-22-as-16.13.51_ec1ee62b_2025-10-22_19-19-05.webp.webp?fit=1200%2C800&ssl=1&resize=350%2C200","width":350,"height":200,"srcset":"https:\/\/i0.wp.com\/noticiasribeiraopreto.com.br\/wp-content\/uploads\/2025\/10\/Imagem-do-WhatsApp-de-2025-10-22-as-16.13.51_ec1ee62b_2025-10-22_19-19-05.webp.webp?fit=1200%2C800&ssl=1&resize=350%2C200 1x, https:\/\/i0.wp.com\/noticiasribeiraopreto.com.br\/wp-content\/uploads\/2025\/10\/Imagem-do-WhatsApp-de-2025-10-22-as-16.13.51_ec1ee62b_2025-10-22_19-19-05.webp.webp?fit=1200%2C800&ssl=1&resize=525%2C300 1.5x, https:\/\/i0.wp.com\/noticiasribeiraopreto.com.br\/wp-content\/uploads\/2025\/10\/Imagem-do-WhatsApp-de-2025-10-22-as-16.13.51_ec1ee62b_2025-10-22_19-19-05.webp.webp?fit=1200%2C800&ssl=1&resize=700%2C400 2x, https:\/\/i0.wp.com\/noticiasribeiraopreto.com.br\/wp-content\/uploads\/2025\/10\/Imagem-do-WhatsApp-de-2025-10-22-as-16.13.51_ec1ee62b_2025-10-22_19-19-05.webp.webp?fit=1200%2C800&ssl=1&resize=1050%2C600 3x"},"classes":[]},{"id":79868,"url":"https:\/\/noticiasribeiraopreto.com.br\/index.php\/2025\/11\/09\/camara-de-ribeirao-preto-vota-suspensao-do-mandato-e-salario-do-vereador-bigodini\/","url_meta":{"origin":79620,"position":2},"title":"C\u00e2mara de Ribeir\u00e3o Preto vota suspens\u00e3o do mandato e sal\u00e1rio do vereador Bigodini","author":"noticiasribeiraopreto.com.br","date":"9 de November de 2025","format":false,"excerpt":"A C\u00e2mara Municipal de Ribeir\u00e3o Preto vota nesta segunda-feira (10) a suspens\u00e3o do mandato do vereador Roger Ronan da Silva, o Bigodini (MDB), pelo per\u00edodo de seis meses, al\u00e9m da suspens\u00e3o do pagamento de seu sal\u00e1rio. O pedido de cassa\u00e7\u00e3o do vereador teve in\u00edcio no dia 1\u00ba de outubro e\u2026","rel":"","context":"In &quot;Not\u00edcias de Ribeir\u00e3o Preto-SP e Regi\u00e3o&quot;","block_context":{"text":"Not\u00edcias de Ribeir\u00e3o Preto-SP e Regi\u00e3o","link":"https:\/\/noticiasribeiraopreto.com.br\/index.php\/category\/noticias-de-ribeirao-preto-sp-e-regiao-ismael-colosi\/"},"img":{"alt_text":"","src":"https:\/\/i0.wp.com\/noticiasribeiraopreto.com.br\/wp-content\/uploads\/2025\/10\/Imagem-do-WhatsApp-de-2025-10-22-as-16.13.51_ec1ee62b_2025-10-22_19-19-05.webp.webp?fit=1200%2C800&ssl=1&resize=350%2C200","width":350,"height":200,"srcset":"https:\/\/i0.wp.com\/noticiasribeiraopreto.com.br\/wp-content\/uploads\/2025\/10\/Imagem-do-WhatsApp-de-2025-10-22-as-16.13.51_ec1ee62b_2025-10-22_19-19-05.webp.webp?fit=1200%2C800&ssl=1&resize=350%2C200 1x, https:\/\/i0.wp.com\/noticiasribeiraopreto.com.br\/wp-content\/uploads\/2025\/10\/Imagem-do-WhatsApp-de-2025-10-22-as-16.13.51_ec1ee62b_2025-10-22_19-19-05.webp.webp?fit=1200%2C800&ssl=1&resize=525%2C300 1.5x, https:\/\/i0.wp.com\/noticiasribeiraopreto.com.br\/wp-content\/uploads\/2025\/10\/Imagem-do-WhatsApp-de-2025-10-22-as-16.13.51_ec1ee62b_2025-10-22_19-19-05.webp.webp?fit=1200%2C800&ssl=1&resize=700%2C400 2x, https:\/\/i0.wp.com\/noticiasribeiraopreto.com.br\/wp-content\/uploads\/2025\/10\/Imagem-do-WhatsApp-de-2025-10-22-as-16.13.51_ec1ee62b_2025-10-22_19-19-05.webp.webp?fit=1200%2C800&ssl=1&resize=1050%2C600 3x"},"classes":[]},{"id":80921,"url":"https:\/\/noticiasribeiraopreto.com.br\/index.php\/2025\/12\/18\/racha-altera-o-conselho-de-etica\/","url_meta":{"origin":79620,"position":3},"title":"\u2018Racha\u2019 altera o\u2028 Conselho de \u00c9tica","author":"noticiasribeiraopreto.com.br","date":"18 de December de 2025","format":false,"excerpt":"\r \r \r 18 de dezembro de 2025 09:35 \r Compartilhar0 Mudan\u00e7a no colegiado ocorreu ap\u00f3s Maur\u00edcio Vila Abranches (PSDB) reivindicar a presid\u00eancia do colegiado \u2028\u2028 A C\u00e2mara de Ribeir\u00e3o Preto alterou a composi\u00e7\u00e3o do Conselho de \u00c9tica e Decoro Parlamentar. A rela\u00e7\u00e3o com os integrantes do colegiado e das\u2026","rel":"","context":"In &quot;Not\u00edcias de Ribeir\u00e3o Preto-SP e Regi\u00e3o&quot;","block_context":{"text":"Not\u00edcias de Ribeir\u00e3o Preto-SP e Regi\u00e3o","link":"https:\/\/noticiasribeiraopreto.com.br\/index.php\/category\/noticias-de-ribeirao-preto-sp-e-regiao-ismael-colosi\/"},"img":{"alt_text":"","src":"https:\/\/i0.wp.com\/noticiasribeiraopreto.com.br\/wp-content\/uploads\/2025\/12\/Conselho-Thaisa-Coroado-Camara-scaled.jpg?fit=1200%2C735&ssl=1&resize=350%2C200","width":350,"height":200,"srcset":"https:\/\/i0.wp.com\/noticiasribeiraopreto.com.br\/wp-content\/uploads\/2025\/12\/Conselho-Thaisa-Coroado-Camara-scaled.jpg?fit=1200%2C735&ssl=1&resize=350%2C200 1x, https:\/\/i0.wp.com\/noticiasribeiraopreto.com.br\/wp-content\/uploads\/2025\/12\/Conselho-Thaisa-Coroado-Camara-scaled.jpg?fit=1200%2C735&ssl=1&resize=525%2C300 1.5x, https:\/\/i0.wp.com\/noticiasribeiraopreto.com.br\/wp-content\/uploads\/2025\/12\/Conselho-Thaisa-Coroado-Camara-scaled.jpg?fit=1200%2C735&ssl=1&resize=700%2C400 2x, https:\/\/i0.wp.com\/noticiasribeiraopreto.com.br\/wp-content\/uploads\/2025\/12\/Conselho-Thaisa-Coroado-Camara-scaled.jpg?fit=1200%2C735&ssl=1&resize=1050%2C600 3x"},"classes":[]},{"id":79591,"url":"https:\/\/noticiasribeiraopreto.com.br\/index.php\/2025\/11\/04\/conselho-propoe-suspensao-de-seis-meses-para-bigodini\/","url_meta":{"origin":79620,"position":4},"title":"Conselho prop\u00f5e suspens\u00e3o de seis meses para Bigodini","author":"noticiasribeiraopreto.com.br","date":"4 de November de 2025","format":false,"excerpt":"4 de novembro de 2025 14:414 Compartilhar0 Proposta dever\u00e1 ser levada a vota\u00e7\u00e3o em plen\u00e1rio nas pr\u00f3ximas sess\u00f5es do Legislativo O Conselho de \u00c9tica e Decoro Parlamentar da C\u00e2mara Municipal de Ribeir\u00e3o Preto, prop\u00f4s em reuni\u00e3o, nesta ter\u00e7a-feira, 3 de novembro, pena de suspens\u00e3o de seis meses \u2013 180 dias\u2026","rel":"","context":"In &quot;Not\u00edcias de Ribeir\u00e3o Preto-SP e Regi\u00e3o&quot;","block_context":{"text":"Not\u00edcias de Ribeir\u00e3o Preto-SP e Regi\u00e3o","link":"https:\/\/noticiasribeiraopreto.com.br\/index.php\/category\/noticias-de-ribeirao-preto-sp-e-regiao-ismael-colosi\/"},"img":{"alt_text":"","src":"https:\/\/i0.wp.com\/noticiasribeiraopreto.com.br\/wp-content\/uploads\/2025\/11\/verador-Bigodini-02-scaled.jpeg?fit=1170%2C780&ssl=1&resize=350%2C200","width":350,"height":200,"srcset":"https:\/\/i0.wp.com\/noticiasribeiraopreto.com.br\/wp-content\/uploads\/2025\/11\/verador-Bigodini-02-scaled.jpeg?fit=1170%2C780&ssl=1&resize=350%2C200 1x, https:\/\/i0.wp.com\/noticiasribeiraopreto.com.br\/wp-content\/uploads\/2025\/11\/verador-Bigodini-02-scaled.jpeg?fit=1170%2C780&ssl=1&resize=525%2C300 1.5x, https:\/\/i0.wp.com\/noticiasribeiraopreto.com.br\/wp-content\/uploads\/2025\/11\/verador-Bigodini-02-scaled.jpeg?fit=1170%2C780&ssl=1&resize=700%2C400 2x, https:\/\/i0.wp.com\/noticiasribeiraopreto.com.br\/wp-content\/uploads\/2025\/11\/verador-Bigodini-02-scaled.jpeg?fit=1170%2C780&ssl=1&resize=1050%2C600 3x"},"classes":[]},{"id":78117,"url":"https:\/\/noticiasribeiraopreto.com.br\/index.php\/2025\/10\/02\/conselho-de-etica-define-relator-do-processo-de-cassacao-contra-bigodini\/","url_meta":{"origin":79620,"position":5},"title":"Conselho de \u00c9tica define relator do processo de cassa\u00e7\u00e3o contra Bigodini","author":"noticiasribeiraopreto.com.br","date":"2 de October de 2025","format":false,"excerpt":"O Conselho de \u00c9tica da C\u00e2mara de Ribeir\u00e3o Preto se reuniu na manh\u00e3 desta quinta-feira (2) para dar in\u00edcio ao processo de cassa\u00e7\u00e3o contra o vereador Roger Ronan da Silva (MDB), o Bigodini. O conselho definiu que Jean Corauci (PSD) ser\u00e1 o relator da investiga\u00e7\u00e3o. O presidente do Conselho, Di\u00e1cono\u2026","rel":"","context":"In &quot;Not\u00edcias de Ribeir\u00e3o Preto-SP e Regi\u00e3o&quot;","block_context":{"text":"Not\u00edcias de Ribeir\u00e3o Preto-SP e Regi\u00e3o","link":"https:\/\/noticiasribeiraopreto.com.br\/index.php\/category\/noticias-de-ribeirao-preto-sp-e-regiao-ismael-colosi\/"},"img":{"alt_text":"","src":"https:\/\/i0.wp.com\/noticiasribeiraopreto.com.br\/wp-content\/uploads\/2025\/10\/corauci_2025-10-02_14-55-47.webp.webp?fit=1200%2C674&ssl=1&resize=350%2C200","width":350,"height":200,"srcset":"https:\/\/i0.wp.com\/noticiasribeiraopreto.com.br\/wp-content\/uploads\/2025\/10\/corauci_2025-10-02_14-55-47.webp.webp?fit=1200%2C674&ssl=1&resize=350%2C200 1x, https:\/\/i0.wp.com\/noticiasribeiraopreto.com.br\/wp-content\/uploads\/2025\/10\/corauci_2025-10-02_14-55-47.webp.webp?fit=1200%2C674&ssl=1&resize=525%2C300 1.5x, https:\/\/i0.wp.com\/noticiasribeiraopreto.com.br\/wp-content\/uploads\/2025\/10\/corauci_2025-10-02_14-55-47.webp.webp?fit=1200%2C674&ssl=1&resize=700%2C400 2x, https:\/\/i0.wp.com\/noticiasribeiraopreto.com.br\/wp-content\/uploads\/2025\/10\/corauci_2025-10-02_14-55-47.webp.webp?fit=1200%2C674&ssl=1&resize=1050%2C600 3x"},"classes":[]}],"jetpack_sharing_enabled":true,"jetpack_shortlink":"https:\/\/wp.me\/peQAOb-kIc","_links":{"self":[{"href":"https:\/\/noticiasribeiraopreto.com.br\/index.php\/wp-json\/wp\/v2\/posts\/79620","targetHints":{"allow":["GET"]}}],"collection":[{"href":"https:\/\/noticiasribeiraopreto.com.br\/index.php\/wp-json\/wp\/v2\/posts"}],"about":[{"href":"https:\/\/noticiasribeiraopreto.com.br\/index.php\/wp-json\/wp\/v2\/types\/post"}],"author":[{"embeddable":true,"href":"https:\/\/noticiasribeiraopreto.com.br\/index.php\/wp-json\/wp\/v2\/users\/1"}],"replies":[{"embeddable":true,"href":"https:\/\/noticiasribeiraopreto.com.br\/index.php\/wp-json\/wp\/v2\/comments?post=79620"}],"version-history":[{"count":0,"href":"https:\/\/noticiasribeiraopreto.com.br\/index.php\/wp-json\/wp\/v2\/posts\/79620\/revisions"}],"wp:featuredmedia":[{"embeddable":true,"href":"https:\/\/noticiasribeiraopreto.com.br\/index.php\/wp-json\/wp\/v2\/media\/79116"}],"wp:attachment":[{"href":"https:\/\/noticiasribeiraopreto.com.br\/index.php\/wp-json\/wp\/v2\/media?parent=79620"}],"wp:term":[{"taxonomy":"category","embeddable":true,"href":"https:\/\/noticiasribeiraopreto.com.br\/index.php\/wp-json\/wp\/v2\/categories?post=79620"},{"taxonomy":"post_tag","embeddable":true,"href":"https:\/\/noticiasribeiraopreto.com.br\/index.php\/wp-json\/wp\/v2\/tags?post=79620"}],"curies":[{"name":"wp","href":"https:\/\/api.w.org\/{rel}","templated":true}]}}