{"id":79635,"date":"2025-11-05T07:07:54","date_gmt":"2025-11-05T10:07:54","guid":{"rendered":"https:\/\/noticiasribeiraopreto.com.br\/index.php\/2025\/11\/05\/mp-investiga-contrato-da-iluminacao-publica\/"},"modified":"2025-11-05T07:07:54","modified_gmt":"2025-11-05T10:07:54","slug":"mp-investiga-contrato-da-iluminacao-publica","status":"publish","type":"post","link":"https:\/\/noticiasribeiraopreto.com.br\/index.php\/2025\/11\/05\/mp-investiga-contrato-da-iluminacao-publica\/","title":{"rendered":"MP investiga contrato\u2028 da ilumina\u00e7\u00e3o p\u00fablica"},"content":{"rendered":"<p> <br \/>\n<\/p>\n<div id=\"\">\n<p>\n\t\t\t\t\t\t\t\t\t<span class=\"entry-meta-item penci-posted-on\"><i class=\"fa fa-clock-o\"\/><time class=\"entry-date published\" datetime=\"2025-11-05T06:59:59-03:00\">5 de novembro de 2025 06:59<\/time><time class=\"updated\" datetime=\"2025-11-05T07:06:50-03:00\">5 de novembro de 2025 07:06<\/time><\/span><span class=\"entry-meta-item penci-post-countview\"><span class=\"entry-meta-item penci-post-countview penci_post-meta_item\"><i class=\"fa fa-eye\"\/><span class=\"penci-post-countview-number penci-post-countview-p445276\">0<\/span><\/span><\/span>\t\t\t\t\t\t\t\t<\/p>\n<p><!-- .entry-meta --><br \/>\n\t\t\t\t\t\t\t\t<span class=\"penci-social-buttons penci-social-share-footer\"><span class=\"penci-social-share-text\">Compartilhar<\/span><a href=\"#\" class=\"penci-post-like penci_post-meta_item  single-like-button penci-social-item like\" data-post_id=\"445276\" title=\"Like\" data-like=\"Like\" data-unlike=\"Unlike\"><i class=\"fa fa-thumbs-o-up\"\/><span class=\"penci-share-number\">0<\/span><\/a><i class=\"fa fa-facebook\"\/><a class=\"penci-social-item twitter\" target=\"_blank\" rel=\"noopener\" title=\"\" href=\"https:\/\/twitter.com\/intent\/tweet?text=MP%20investiga%20contrato\u2028%20da%20ilumina\u00e7\u00e3o%20p\u00fablica%20-%20https:\/\/www.tribunaribeirao.com.br\/mp-investiga-contrato-da-iluminacao-publica\/\"><i class=\"fa fa-twitter\"\/><\/a><i class=\"fa fa-linkedin\"\/><i class=\"fa fa-whatsapp\"\/><i class=\"fa fa-telegram\"\/><i class=\"fa fa-envelope\"\/><\/span>\t\t\t\t\t\t\t<\/div>\n<div>\n<p><em>Documento indica o Cons\u00f3rcio Conecta Ribeir\u00e3o Preto como poss\u00edvel investigado; manifesta\u00e7\u00e3o do MP tem por base relat\u00f3rio da C\u00e2mara\u2028\u2028<\/em><\/p>\n<p>O Minist\u00e9rio P\u00fablico de S\u00e3o Paulo (MPSP), por meio da Promotoria do Patrim\u00f4nio P\u00fablico e Social, instaurou procedimento administrativo de acompanhamento (PAA) para apurar a execu\u00e7\u00e3o do contrato assinado entre a prefeitura de Ribeir\u00e3o Preto e a o Cons\u00f3rcio Conecta RP no \u00e2mbito da parceria p\u00fablico-privada (PPP) da ilumina\u00e7\u00e3o p\u00fablica da cidade.<\/p>\n<p>O documento indica o Conecta Ribeir\u00e3o Preto como poss\u00edvel investigado. A manifesta\u00e7\u00e3o do MP tem por base o relat\u00f3rio final da Comiss\u00e3o Especial de Estudos (CEE) da Ilumina\u00e7\u00e3o P\u00fablica, instaurada na C\u00e2mara de vereadores para apurar supostas falhas na execu\u00e7\u00e3o de cl\u00e1usulas contratuais. O documento foi entregue ao promotor Alexandre Padilha em 13 de outubro.<\/p>\n<p>Padilha mandou notificar a Secretaria Municipal de Justi\u00e7a e a empresa Arcadis, que atua como verificadora independente do contrato. Ao Executivo, a Promotoria do Patrim\u00f4nio P\u00fablico e Social solicita informa\u00e7\u00f5es atualizadas, esclarecimentos sobre os atrasos no cumprimento do contrato e sobre os pagamentos realizados \u00e0 empresa, bem como as medidas adotadas pela prefeitura.<\/p>\n<p>Da Arcadis, o Minist\u00e9rio P\u00fablico requer relat\u00f3rios de avalia\u00e7\u00e3o de desempenho da concession\u00e1ria e informa\u00e7\u00f5es sobre eventuais recomenda\u00e7\u00f5es de recusa de pagamentos ou aplica\u00e7\u00e3o de penalidades. \u201cEntregamos um excelente trabalho e quero agradecer aos membros da comiss\u00e3o que atuaram ao meu lado, os vereadores Rangel Scandiuzzi (PSD) e Matheus Moreno (MDB)\u201d, diz o presidente da CEE, Daniel Gobbi (PP).<\/p>\n<p>\u201dO MP chancelou todo o nosso esfor\u00e7o e demonstra \u00e0 sociedade por que \u00e9 uma das institui\u00e7\u00f5es mais respeitadas do pa\u00eds\u201d, afirmou. Al\u00e9m de ser analisado pelo Minist\u00e9rio P\u00fablico, o relat\u00f3rio tamb\u00e9m ser\u00e1 encaminhado ao Tribunal de Contas do Estado de S\u00e3o Paulo (TCESP) e ao governo municipal.\u2028\u2028 Instaurada para apurar falhas e descumprimentos contratuais na parceria p\u00fablico-privada (PPP) da ilumina\u00e7\u00e3o p\u00fablica entre o cons\u00f3rcio Conecta RP e a prefeitura de Ribeir\u00e3o Preto, a comiss\u00e3o apresentou ao Minist\u00e9rio P\u00fablico os principais apontamentos e conclus\u00f5es do trabalho desenvolvido ao longo dos \u00faltimos meses.<\/p>\n<p>O Conecta Ribeir\u00e3o Preto \u00e9 um cons\u00f3rcio constitu\u00eddo sob a forma de Sociedade de Prop\u00f3sito Espec\u00edfico (SPE) composto pelas empresas High Trend Brasil Servi\u00e7os e Participa\u00e7\u00f5es S.A., Proteres Participa\u00e7\u00f5es S.A. e Green Luce Solu\u00e7\u00f5es Energ\u00e9ticas S.A.<\/p>\n<p>Em 7 de julho de 2023, o Conecta Ribeir\u00e3o Preto venceu o leil\u00e3o da parceria p\u00fablico-privada, realizado na Bolsa de Valores de S\u00e3o Paulo, a B3. O grupo dever\u00e1 investir, nos pr\u00f3ximos 13 anos, R$ 100 milh\u00f5es na manuten\u00e7\u00e3o, amplia\u00e7\u00e3o e moderniza\u00e7\u00e3o da Ilumina\u00e7\u00e3o p\u00fablica da cidade.<\/p>\n<p>Para isso, deveria receber R$ 1.034.208,14 por m\u00eas via Taxa de Ilumina\u00e7\u00e3o P\u00fablica paga pela popula\u00e7\u00e3o.\u2028\u2028Atualmente, recebe da prefeitura pelos servi\u00e7os de ilumina\u00e7\u00e3o p\u00fablica R$ 506 mil por m\u00eas, valor que aumentar\u00e1 de acordo com a realiza\u00e7\u00e3o do cronograma dos servi\u00e7os, at\u00e9 chegar ao teto estabelecido no contrato.<\/p>\n<p>O valor mensal da taxa \u00e9 calculado conforme a classe de consumidor e o consumo de energia el\u00e9trica indicado na fatura emitida pela CPFL Paulista. \u2028\u2028Como havia atrasado os servi\u00e7os, n\u00e3o estava recebendo valor integral. Em agosto, setembro outubro, novembro e dezembro do ano passado o valor repassado foi de cerca de R$ 2 milh\u00f5es.<\/p>\n<p>Desde abril do ano passado, os clientes da CPFL Paulista em Ribeir\u00e3o Preto pagam pelo novo sistema de contribui\u00e7\u00e3o da taxa de ilumina\u00e7\u00e3o p\u00fablica estabelecido pela lei municipal n\u00ba 3.156. \u2028\u2028A legisla\u00e7\u00e3o foi aprovada na C\u00e2mara de Vereadores e sancionada pelo ent\u00e3o prefeito Duarte Nogueira (PSDB) no come\u00e7o do ano passado.<\/p>\n<p>A legisla\u00e7\u00e3o alterou o sistema de cobran\u00e7a da Contribui\u00e7\u00e3o para Custeio do Servi\u00e7o de Ilumina\u00e7\u00e3o P\u00fablica (CIP), que tinha valor fixo de R$ 11,37 por m\u00eas e que passou a ser calculado a partir do consumo de cada im\u00f3vel. Os recursos ser\u00e3o utilizados para o pagamento do cons\u00f3rcio vencedor da PPP.<\/p>\n<p><!-- CONTENT END 3 -->\n<\/div>\n<p><script async src=\"\/\/platform.twitter.com\/widgets.js\" charset=\"utf-8\"><\/script><br \/>\n<br \/><br \/>\n<br \/><a href=\"https:\/\/www.tribunaribeirao.com.br\/mp-investiga-contrato-da-iluminacao-publica\/\">Source link <\/a><\/p>\n","protected":false},"excerpt":{"rendered":"<p>5 de novembro de 2025 06:595 de novembro de 2025 07:060 Compartilhar0 Documento indica o Cons\u00f3rcio Conecta Ribeir\u00e3o Preto como poss\u00edvel investigado; manifesta\u00e7\u00e3o do MP&#8230;<\/p>\n","protected":false},"author":1,"featured_media":79636,"comment_status":"open","ping_status":"open","sticky":false,"template":"","format":"standard","meta":{"advanced_seo_description":"","jetpack_seo_html_title":"","jetpack_seo_noindex":false,"jetpack_post_was_ever_published":false,"_jetpack_newsletter_access":"","_jetpack_dont_email_post_to_subs":false,"_jetpack_newsletter_tier_id":0,"_jetpack_memberships_contains_paywalled_content":false,"_jetpack_memberships_contains_paid_content":false,"footnotes":"","jetpack_publicize_message":"","jetpack_publicize_feature_enabled":true,"jetpack_social_post_already_shared":true,"jetpack_social_options":{"image_generator_settings":{"template":"highway","default_image_id":0,"font":"","enabled":false},"version":2}},"categories":[11],"tags":[],"class_list":["post-79635","post","type-post","status-publish","format-standard","has-post-thumbnail","hentry","category-noticias-de-ribeirao-preto-sp-e-regiao-ismael-colosi"],"jetpack_publicize_connections":[],"jetpack_featured_media_url":"https:\/\/i0.wp.com\/noticiasribeiraopreto.com.br\/wp-content\/uploads\/2025\/11\/Iluminacao-Alfredo-Risk-Arquivo-scaled.jpg?fit=1170%2C780&ssl=1","jetpack-related-posts":[{"id":3421,"url":"https:\/\/noticiasribeiraopreto.com.br\/index.php\/2023\/11\/18\/black-friday-veja-as-promocoes-do-shopping-iguatemi-de-ribeirao-preto\/","url_meta":{"origin":79635,"position":0},"title":"Black Friday: Veja as promo\u00e7\u00f5es do Shopping Iguatemi de Ribeir\u00e3o Preto","author":"noticiasribeiraopreto.com.br","date":"18 de November de 2023","format":false,"excerpt":"Falta menos de uma semana para data oficial da Black Friday \u2013 que \u00e9 24 de novembro \u2013 e muitas lojas j\u00e1 iniciaram as promo\u00e7\u00f5es ou j\u00e1 divulgaram a data do in\u00edcio das ofertas. No Shopping Iguatemi, na zona Sul de Ribeir\u00e3o Preto, por exemplo, v\u00e1rias lojas aderiam e divulgaram\u2026","rel":"","context":"In &quot;Not\u00edcias de Ribeir\u00e3o Preto-SP e Regi\u00e3o&quot;","block_context":{"text":"Not\u00edcias de Ribeir\u00e3o Preto-SP e Regi\u00e3o","link":"https:\/\/noticiasribeiraopreto.com.br\/index.php\/category\/noticias-de-ribeirao-preto-sp-e-regiao-ismael-colosi\/"},"img":{"alt_text":"","src":"https:\/\/i0.wp.com\/noticiasribeiraopreto.com.br\/wp-content\/uploads\/2023\/11\/WhatsApp-Image-2023-11-17-at-13.51.16.jpeg?fit=696%2C464&ssl=1&resize=350%2C200","width":350,"height":200,"srcset":"https:\/\/i0.wp.com\/noticiasribeiraopreto.com.br\/wp-content\/uploads\/2023\/11\/WhatsApp-Image-2023-11-17-at-13.51.16.jpeg?fit=696%2C464&ssl=1&resize=350%2C200 1x, https:\/\/i0.wp.com\/noticiasribeiraopreto.com.br\/wp-content\/uploads\/2023\/11\/WhatsApp-Image-2023-11-17-at-13.51.16.jpeg?fit=696%2C464&ssl=1&resize=525%2C300 1.5x"},"classes":[]},{"id":6473,"url":"https:\/\/noticiasribeiraopreto.com.br\/index.php\/2023\/11\/26\/maes-do-bolsa-familia-recebem-bonus-de-r-50-na-parcela-de-novembro\/","url_meta":{"origin":79635,"position":1},"title":"M\u00e3es do Bolsa Fam\u00edlia recebem b\u00f4nus de R$ 50 na parcela de novembro","author":"noticiasribeiraopreto.com.br","date":"26 de November de 2023","format":false,"excerpt":"Cr\u00e9ditos: Ag\u00eancia Brasil\/ArquivoA novidade mais aguardada do Bolsa Fam\u00edlia de novembro acaba de chegar As m\u00e3es que fazem parte do programa Bolsa Fam\u00edlia t\u00eam um motivo a mais para celebrar neste m\u00eas de novembro. Al\u00e9m dos pagamentos regulares que j\u00e1 beneficiam mais de 20 milh\u00f5es de pessoas, um b\u00f4nus de\u2026","rel":"","context":"In &quot;Variedades&quot;","block_context":{"text":"Variedades","link":"https:\/\/noticiasribeiraopreto.com.br\/index.php\/category\/variedades\/"},"img":{"alt_text":"","src":"https:\/\/i0.wp.com\/noticiasribeiraopreto.com.br\/wp-content\/uploads\/2023\/11\/bolsa-familia-na-conta-saiba-se-voce-vai-receber-hoje.jpg?fit=1200%2C638&ssl=1&resize=350%2C200","width":350,"height":200,"srcset":"https:\/\/i0.wp.com\/noticiasribeiraopreto.com.br\/wp-content\/uploads\/2023\/11\/bolsa-familia-na-conta-saiba-se-voce-vai-receber-hoje.jpg?fit=1200%2C638&ssl=1&resize=350%2C200 1x, https:\/\/i0.wp.com\/noticiasribeiraopreto.com.br\/wp-content\/uploads\/2023\/11\/bolsa-familia-na-conta-saiba-se-voce-vai-receber-hoje.jpg?fit=1200%2C638&ssl=1&resize=525%2C300 1.5x, https:\/\/i0.wp.com\/noticiasribeiraopreto.com.br\/wp-content\/uploads\/2023\/11\/bolsa-familia-na-conta-saiba-se-voce-vai-receber-hoje.jpg?fit=1200%2C638&ssl=1&resize=700%2C400 2x, https:\/\/i0.wp.com\/noticiasribeiraopreto.com.br\/wp-content\/uploads\/2023\/11\/bolsa-familia-na-conta-saiba-se-voce-vai-receber-hoje.jpg?fit=1200%2C638&ssl=1&resize=1050%2C600 3x"},"classes":[]},{"id":22944,"url":"https:\/\/noticiasribeiraopreto.com.br\/index.php\/2023\/12\/31\/brasil-bate-recorde-de-consumo-de-energia-eletrica-pelo-segundo-mes-consecutivo-em-novembro\/","url_meta":{"origin":79635,"position":2},"title":"Brasil bate recorde de consumo de energia el\u00e9trica pelo segundo m\u00eas consecutivo em novembro","author":"noticiasribeiraopreto.com.br","date":"31 de December de 2023","format":false,"excerpt":"31 de dezembro de 2023 | 15:0030 de dezembro de 2023 | 17:07 0O Brasil bateu o segundo recorde consecutivo de consumo de energia el\u00e9trica em novembro, atingindo 46.407 gigawatts-hora (GWh), alta de 8,5% em compara\u00e7\u00e3o com novembro de 2022, informou a Empresa de Pesquisa Energ\u00e9tica (EPE). Segundo a autarquia,\u2026","rel":"","context":"In &quot;Not\u00edcias de Ribeir\u00e3o Preto-SP e Regi\u00e3o&quot;","block_context":{"text":"Not\u00edcias de Ribeir\u00e3o Preto-SP e Regi\u00e3o","link":"https:\/\/noticiasribeiraopreto.com.br\/index.php\/category\/noticias-de-ribeirao-preto-sp-e-regiao-ismael-colosi\/"},"img":{"alt_text":"","src":"https:\/\/i0.wp.com\/noticiasribeiraopreto.com.br\/wp-content\/uploads\/2023\/12\/35353960-6181-460a-bf82-25eb45dff665-1.jpg?fit=684%2C460&ssl=1&resize=350%2C200","width":350,"height":200,"srcset":"https:\/\/i0.wp.com\/noticiasribeiraopreto.com.br\/wp-content\/uploads\/2023\/12\/35353960-6181-460a-bf82-25eb45dff665-1.jpg?fit=684%2C460&ssl=1&resize=350%2C200 1x, https:\/\/i0.wp.com\/noticiasribeiraopreto.com.br\/wp-content\/uploads\/2023\/12\/35353960-6181-460a-bf82-25eb45dff665-1.jpg?fit=684%2C460&ssl=1&resize=525%2C300 1.5x"},"classes":[]},{"id":6531,"url":"https:\/\/noticiasribeiraopreto.com.br\/index.php\/2023\/11\/26\/pagamentos-antecipados-do-bolsa-familia-beneficiam-brasileiros\/","url_meta":{"origin":79635,"position":3},"title":"Pagamentos antecipados do Bolsa Fam\u00edlia beneficiam brasileiros","author":"noticiasribeiraopreto.com.br","date":"26 de November de 2023","format":false,"excerpt":"Cr\u00e9ditos: MDAS\/Divulga\u00e7\u00e3oO calend\u00e1rio do Bolsa Fam\u00edlia de novembro est\u00e1 SURPREENDENTE Iniciando uma era de maior agilidade e antecipa\u00e7\u00e3o, o novo calend\u00e1rio do Bolsa Fam\u00edlia, implementado a partir de 17 de novembro, traz mudan\u00e7as significativas que beneficiar\u00e3o mais de 20 milh\u00f5es de fam\u00edlias em todo o Brasil. Neste m\u00eas, os pagamentos\u2026","rel":"","context":"In &quot;Variedades&quot;","block_context":{"text":"Variedades","link":"https:\/\/noticiasribeiraopreto.com.br\/index.php\/category\/variedades\/"},"img":{"alt_text":"","src":"https:\/\/i0.wp.com\/noticiasribeiraopreto.com.br\/wp-content\/uploads\/2023\/11\/bolsa-familia-paga-dinheiro-extra-hoje-saiba-quem-vai-receber.jpg?fit=1200%2C638&ssl=1&resize=350%2C200","width":350,"height":200,"srcset":"https:\/\/i0.wp.com\/noticiasribeiraopreto.com.br\/wp-content\/uploads\/2023\/11\/bolsa-familia-paga-dinheiro-extra-hoje-saiba-quem-vai-receber.jpg?fit=1200%2C638&ssl=1&resize=350%2C200 1x, https:\/\/i0.wp.com\/noticiasribeiraopreto.com.br\/wp-content\/uploads\/2023\/11\/bolsa-familia-paga-dinheiro-extra-hoje-saiba-quem-vai-receber.jpg?fit=1200%2C638&ssl=1&resize=525%2C300 1.5x, https:\/\/i0.wp.com\/noticiasribeiraopreto.com.br\/wp-content\/uploads\/2023\/11\/bolsa-familia-paga-dinheiro-extra-hoje-saiba-quem-vai-receber.jpg?fit=1200%2C638&ssl=1&resize=700%2C400 2x, https:\/\/i0.wp.com\/noticiasribeiraopreto.com.br\/wp-content\/uploads\/2023\/11\/bolsa-familia-paga-dinheiro-extra-hoje-saiba-quem-vai-receber.jpg?fit=1200%2C638&ssl=1&resize=1050%2C600 3x"},"classes":[]},{"id":22399,"url":"https:\/\/noticiasribeiraopreto.com.br\/index.php\/2023\/12\/29\/taxa-de-desocupacao-no-trimestre-ate-novembro-e-a-menor-desde-fevereiro-de-2015\/","url_meta":{"origin":79635,"position":4},"title":"Taxa de desocupa\u00e7\u00e3o no trimestre at\u00e9 novembro \u00e9 a menor desde fevereiro de 2015","author":"noticiasribeiraopreto.com.br","date":"29 de December de 2023","format":false,"excerpt":"29 de dezembro de 2023 | 17:0029 de dezembro de 2023 | 11:41 0A taxa de desocupa\u00e7\u00e3o caiu de 7,8% no trimestre terminado em agosto para 7,5% no trimestre encerrado em novembro, menor resultado desde fevereiro de 2015, quando tamb\u00e9m foi de 7,5%. Os dados s\u00e3o da Pesquisa Nacional por\u2026","rel":"","context":"In &quot;Not\u00edcias de Ribeir\u00e3o Preto-SP e Regi\u00e3o&quot;","block_context":{"text":"Not\u00edcias de Ribeir\u00e3o Preto-SP e Regi\u00e3o","link":"https:\/\/noticiasribeiraopreto.com.br\/index.php\/category\/noticias-de-ribeirao-preto-sp-e-regiao-ismael-colosi\/"},"img":{"alt_text":"","src":"https:\/\/i0.wp.com\/noticiasribeiraopreto.com.br\/wp-content\/uploads\/2023\/12\/CagedRP-Marcelo-Camargo-Ag.Br_-scaled.jpg?fit=1000%2C598&ssl=1&resize=350%2C200","width":350,"height":200,"srcset":"https:\/\/i0.wp.com\/noticiasribeiraopreto.com.br\/wp-content\/uploads\/2023\/12\/CagedRP-Marcelo-Camargo-Ag.Br_-scaled.jpg?fit=1000%2C598&ssl=1&resize=350%2C200 1x, https:\/\/i0.wp.com\/noticiasribeiraopreto.com.br\/wp-content\/uploads\/2023\/12\/CagedRP-Marcelo-Camargo-Ag.Br_-scaled.jpg?fit=1000%2C598&ssl=1&resize=525%2C300 1.5x, https:\/\/i0.wp.com\/noticiasribeiraopreto.com.br\/wp-content\/uploads\/2023\/12\/CagedRP-Marcelo-Camargo-Ag.Br_-scaled.jpg?fit=1000%2C598&ssl=1&resize=700%2C400 2x"},"classes":[]},{"id":18337,"url":"https:\/\/noticiasribeiraopreto.com.br\/index.php\/2023\/12\/20\/inadimplencia-recua-em-novembro-em-rp\/","url_meta":{"origin":79635,"position":5},"title":"Inadimpl\u00eancia recua\u00a0em novembro\u00a0em RP &#8211; Jornal Tribuna Ribeir\u00e3o","author":"noticiasribeiraopreto.com.br","date":"20 de December de 2023","format":false,"excerpt":"Ribeir\u00e3o Preto fechou novembro com 294.749 inadimplentes, com valor total acima de R$ 2 bilh\u00f5es, apesar da queda em rela\u00e7\u00e3o a outubro: d\u00e9cimo terceiro amortizou pend\u00eancias Ribeir\u00e3o Preto fechou o primeiro semestre com 292.110 inadimplentes, em julho a cidade j\u00e1 contava com 293.497 pessoas nesta situa\u00e7\u00e3o, em agosto avan\u00e7ou para\u2026","rel":"","context":"In &quot;Not\u00edcias de Ribeir\u00e3o Preto-SP e Regi\u00e3o&quot;","block_context":{"text":"Not\u00edcias de Ribeir\u00e3o Preto-SP e Regi\u00e3o","link":"https:\/\/noticiasribeiraopreto.com.br\/index.php\/category\/noticias-de-ribeirao-preto-sp-e-regiao-ismael-colosi\/"},"img":{"alt_text":"","src":"https:\/\/i0.wp.com\/noticiasribeiraopreto.com.br\/wp-content\/uploads\/2023\/12\/1-calote-agencia-brasil-scaled.jpg?fit=967%2C645&ssl=1&resize=350%2C200","width":350,"height":200,"srcset":"https:\/\/i0.wp.com\/noticiasribeiraopreto.com.br\/wp-content\/uploads\/2023\/12\/1-calote-agencia-brasil-scaled.jpg?fit=967%2C645&ssl=1&resize=350%2C200 1x, https:\/\/i0.wp.com\/noticiasribeiraopreto.com.br\/wp-content\/uploads\/2023\/12\/1-calote-agencia-brasil-scaled.jpg?fit=967%2C645&ssl=1&resize=525%2C300 1.5x, https:\/\/i0.wp.com\/noticiasribeiraopreto.com.br\/wp-content\/uploads\/2023\/12\/1-calote-agencia-brasil-scaled.jpg?fit=967%2C645&ssl=1&resize=700%2C400 2x"},"classes":[]}],"jetpack_sharing_enabled":true,"jetpack_shortlink":"https:\/\/wp.me\/peQAOb-kIr","_links":{"self":[{"href":"https:\/\/noticiasribeiraopreto.com.br\/index.php\/wp-json\/wp\/v2\/posts\/79635","targetHints":{"allow":["GET"]}}],"collection":[{"href":"https:\/\/noticiasribeiraopreto.com.br\/index.php\/wp-json\/wp\/v2\/posts"}],"about":[{"href":"https:\/\/noticiasribeiraopreto.com.br\/index.php\/wp-json\/wp\/v2\/types\/post"}],"author":[{"embeddable":true,"href":"https:\/\/noticiasribeiraopreto.com.br\/index.php\/wp-json\/wp\/v2\/users\/1"}],"replies":[{"embeddable":true,"href":"https:\/\/noticiasribeiraopreto.com.br\/index.php\/wp-json\/wp\/v2\/comments?post=79635"}],"version-history":[{"count":0,"href":"https:\/\/noticiasribeiraopreto.com.br\/index.php\/wp-json\/wp\/v2\/posts\/79635\/revisions"}],"wp:featuredmedia":[{"embeddable":true,"href":"https:\/\/noticiasribeiraopreto.com.br\/index.php\/wp-json\/wp\/v2\/media\/79636"}],"wp:attachment":[{"href":"https:\/\/noticiasribeiraopreto.com.br\/index.php\/wp-json\/wp\/v2\/media?parent=79635"}],"wp:term":[{"taxonomy":"category","embeddable":true,"href":"https:\/\/noticiasribeiraopreto.com.br\/index.php\/wp-json\/wp\/v2\/categories?post=79635"},{"taxonomy":"post_tag","embeddable":true,"href":"https:\/\/noticiasribeiraopreto.com.br\/index.php\/wp-json\/wp\/v2\/tags?post=79635"}],"curies":[{"name":"wp","href":"https:\/\/api.w.org\/{rel}","templated":true}]}}