{"id":79639,"date":"2025-11-05T10:23:21","date_gmt":"2025-11-05T13:23:21","guid":{"rendered":"https:\/\/noticiasribeiraopreto.com.br\/index.php\/2025\/11\/05\/educacao-infantil-divulga-matriculas-tribuna-ribeirao\/"},"modified":"2025-11-05T10:23:21","modified_gmt":"2025-11-05T13:23:21","slug":"educacao-infantil-divulga-matriculas-tribuna-ribeirao","status":"publish","type":"post","link":"https:\/\/noticiasribeiraopreto.com.br\/index.php\/2025\/11\/05\/educacao-infantil-divulga-matriculas-tribuna-ribeirao\/","title":{"rendered":"Educa\u00e7\u00e3o infantil \u2028divulga matr\u00edculas &#8211; Tribuna Ribeir\u00e3o"},"content":{"rendered":"<p> <br \/>\n<\/p>\n<div id=\"\">\n<p>\n\t\t\t\t\t\t\t\t\t<span class=\"entry-meta-item penci-posted-on\"><i class=\"fa fa-clock-o\"\/><time class=\"entry-date published\" datetime=\"2025-11-05T10:20:00-03:00\">5 de novembro de 2025 10:20<\/time><time class=\"updated\" datetime=\"2025-11-05T08:59:46-03:00\">5 de novembro de 2025 08:59<\/time><\/span><span class=\"entry-meta-item penci-post-countview\"><span class=\"entry-meta-item penci-post-countview penci_post-meta_item\"><i class=\"fa fa-eye\"\/><span class=\"penci-post-countview-number penci-post-countview-p445326\">14<\/span><\/span><\/span>\t\t\t\t\t\t\t\t<\/p>\n<p><!-- .entry-meta --><br \/>\n\t\t\t\t\t\t\t\t<span class=\"penci-social-buttons penci-social-share-footer\"><span class=\"penci-social-share-text\">Compartilhar<\/span><a href=\"#\" class=\"penci-post-like penci_post-meta_item  single-like-button penci-social-item like\" data-post_id=\"445326\" title=\"Like\" data-like=\"Like\" data-unlike=\"Unlike\"><i class=\"fa fa-thumbs-o-up\"\/><span class=\"penci-share-number\">0<\/span><\/a><i class=\"fa fa-facebook\"\/><a class=\"penci-social-item twitter\" target=\"_blank\" rel=\"noopener\" title=\"\" href=\"https:\/\/twitter.com\/intent\/tweet?text=Educa\u00e7\u00e3o%20infantil%20\u2028divulga%20matr\u00edculas%20-%20https:\/\/www.tribunaribeirao.com.br\/educacao-infantil-divulga-matriculas\/\"><i class=\"fa fa-twitter\"\/><\/a><i class=\"fa fa-linkedin\"\/><i class=\"fa fa-whatsapp\"\/><i class=\"fa fa-telegram\"\/><i class=\"fa fa-envelope\"\/><\/span>\t\t\t\t\t\t\t<\/div>\n<div>\n<p>A Secretaria Municipal da Educa\u00e7\u00e3o divulga nesta quarta-feira, 5 de novembro, o resultado das inscri\u00e7\u00f5es para o ensino infantil referente ao ano letivo de 2026.<\/p>\n<p>As fam\u00edlias poder\u00e3o consultar o resultado diretamente nas unidades escolares, no Poupatempo ou pelo portal da Educa\u00e7\u00e3o (https:\/\/www.ribeiraopreto.sp.gov.br\/portal\/educacao\/).\u2028\u2028Ap\u00f3s a publica\u00e7\u00e3o, os pais ou respons\u00e1veis devem efetivar a matr\u00edcula presencialmente na escola em que a crian\u00e7a foi contemplada, entre os dias 5 e 28 de novembro.<\/p>\n<p>Caso n\u00e3o seja realizada nesse per\u00edodo, a vaga ser\u00e1 automaticamente cancelada, exceto para as etapas I e II da Educa\u00e7\u00e3o Infantil.\u2028\u2028Para conclu\u00ed-la, \u00e9 necess\u00e1rio apresentar uma foto 3\u00d74 e c\u00f3pias dos seguintes documentos: carteira de vacina\u00e7\u00e3o e declara\u00e7\u00e3o de vacina\u00e7\u00e3o completa, cart\u00e3o do Sistema \u00danico de Sa\u00e7pude (SUS) n\u00famero Hygia, certid\u00e3o de nascimento, comprovante de endere\u00e7o e Registro Geral (RG) e Cadastro de Pessoa F\u00edsica (CPF) do aluno e dos pais.\u2028\u2028As fam\u00edlias que n\u00e3o desejarem a escola em que o filho foi contemplado com a vaga poder\u00e3o, ap\u00f3s a matr\u00edcula, solicitar deslocamento, seja por altera\u00e7\u00e3o de resid\u00eancia (transfer\u00eancia) ou por inten\u00e7\u00e3o de transfer\u00eancia sem mudan\u00e7a de endere\u00e7o.<\/p>\n<p>O pedido poder\u00e1 ser feito de 10 a 20 de novembro, em qualquer unidade escolar, no Poupatempo ou pelo portal da Educa\u00e7\u00e3o.\u2028\u2028Os alunos que j\u00e1 est\u00e3o matriculados na rede municipal e dar\u00e3o continuidade aos estudos n\u00e3o precisam realizar nova inscri\u00e7\u00e3o. As matr\u00edculas para o ano que vem ser\u00e3o garantidas automaticamente. Quem perdeu o prazo das inscri\u00e7\u00f5es ter\u00e1 nova oportunidade a partir do dia 7 de janeiro de 2026.<\/p>\n<p><!-- CONTENT END 3 -->\n<\/div>\n<p><script async src=\"\/\/platform.twitter.com\/widgets.js\" charset=\"utf-8\"><\/script><br \/>\n<br \/><br \/>\n<br \/><a href=\"https:\/\/www.tribunaribeirao.com.br\/educacao-infantil-divulga-matriculas\/\">Source link <\/a><\/p>\n","protected":false},"excerpt":{"rendered":"<p>5 de novembro de 2025 10:205 de novembro de 2025 08:5914 Compartilhar0 A Secretaria Municipal da Educa\u00e7\u00e3o divulga nesta quarta-feira, 5 de novembro, o resultado&#8230;<\/p>\n","protected":false},"author":1,"featured_media":79640,"comment_status":"open","ping_status":"open","sticky":false,"template":"","format":"standard","meta":{"advanced_seo_description":"","jetpack_seo_html_title":"","jetpack_seo_noindex":false,"jetpack_post_was_ever_published":false,"_jetpack_newsletter_access":"","_jetpack_dont_email_post_to_subs":false,"_jetpack_newsletter_tier_id":0,"_jetpack_memberships_contains_paywalled_content":false,"_jetpack_memberships_contains_paid_content":false,"footnotes":"","jetpack_publicize_message":"","jetpack_publicize_feature_enabled":true,"jetpack_social_post_already_shared":true,"jetpack_social_options":{"image_generator_settings":{"template":"highway","default_image_id":0,"font":"","enabled":false},"version":2}},"categories":[11],"tags":[],"class_list":["post-79639","post","type-post","status-publish","format-standard","has-post-thumbnail","hentry","category-noticias-de-ribeirao-preto-sp-e-regiao-ismael-colosi"],"jetpack_publicize_connections":[],"jetpack_featured_media_url":"https:\/\/i0.wp.com\/noticiasribeiraopreto.com.br\/wp-content\/uploads\/2025\/11\/AulaRP-Guilherme-Sircili-scaled.jpg?fit=1170%2C780&ssl=1","jetpack-related-posts":[{"id":3421,"url":"https:\/\/noticiasribeiraopreto.com.br\/index.php\/2023\/11\/18\/black-friday-veja-as-promocoes-do-shopping-iguatemi-de-ribeirao-preto\/","url_meta":{"origin":79639,"position":0},"title":"Black Friday: Veja as promo\u00e7\u00f5es do Shopping Iguatemi de Ribeir\u00e3o Preto","author":"noticiasribeiraopreto.com.br","date":"18 de November de 2023","format":false,"excerpt":"Falta menos de uma semana para data oficial da Black Friday \u2013 que \u00e9 24 de novembro \u2013 e muitas lojas j\u00e1 iniciaram as promo\u00e7\u00f5es ou j\u00e1 divulgaram a data do in\u00edcio das ofertas. No Shopping Iguatemi, na zona Sul de Ribeir\u00e3o Preto, por exemplo, v\u00e1rias lojas aderiam e divulgaram\u2026","rel":"","context":"In &quot;Not\u00edcias de Ribeir\u00e3o Preto-SP e Regi\u00e3o&quot;","block_context":{"text":"Not\u00edcias de Ribeir\u00e3o Preto-SP e Regi\u00e3o","link":"https:\/\/noticiasribeiraopreto.com.br\/index.php\/category\/noticias-de-ribeirao-preto-sp-e-regiao-ismael-colosi\/"},"img":{"alt_text":"","src":"https:\/\/i0.wp.com\/noticiasribeiraopreto.com.br\/wp-content\/uploads\/2023\/11\/WhatsApp-Image-2023-11-17-at-13.51.16.jpeg?fit=696%2C464&ssl=1&resize=350%2C200","width":350,"height":200,"srcset":"https:\/\/i0.wp.com\/noticiasribeiraopreto.com.br\/wp-content\/uploads\/2023\/11\/WhatsApp-Image-2023-11-17-at-13.51.16.jpeg?fit=696%2C464&ssl=1&resize=350%2C200 1x, https:\/\/i0.wp.com\/noticiasribeiraopreto.com.br\/wp-content\/uploads\/2023\/11\/WhatsApp-Image-2023-11-17-at-13.51.16.jpeg?fit=696%2C464&ssl=1&resize=525%2C300 1.5x"},"classes":[]},{"id":59815,"url":"https:\/\/noticiasribeiraopreto.com.br\/index.php\/2024\/10\/30\/hc-de-ribeirao-preto-tem-concursos-publicos-com-salarios-de-ate-r-56-mil-2\/","url_meta":{"origin":79639,"position":1},"title":"HC de Ribeir\u00e3o Preto tem concursos p\u00fablicos com sal\u00e1rios de at\u00e9 R$ 5,6 mil","author":"noticiasribeiraopreto.com.br","date":"30 de October de 2024","format":false,"excerpt":"O HC-RP (Hospital das Cl\u00ednicas de Ribeir\u00e3o Preto) publicou edital de seis novos concursos p\u00fablicos de n\u00edvel m\u00e9dio e superior, com sal\u00e1rios que variam entre R$ 2,5 mil e R$ 5,6 mil. As oportunidades dispon\u00edveis s\u00e3o para t\u00e9cnico de laborat\u00f3rio, fonoaudi\u00f3logo e m\u00e9dico de diferentes especialidades \u2013 veja abaixo. As\u2026","rel":"","context":"In &quot;Not\u00edcias de Ribeir\u00e3o Preto-SP e Regi\u00e3o&quot;","block_context":{"text":"Not\u00edcias de Ribeir\u00e3o Preto-SP e Regi\u00e3o","link":"https:\/\/noticiasribeiraopreto.com.br\/index.php\/category\/noticias-de-ribeirao-preto-sp-e-regiao-ismael-colosi\/"},"img":{"alt_text":"","src":"https:\/\/i0.wp.com\/noticiasribeiraopreto.com.br\/wp-content\/uploads\/2024\/10\/hc-ribeirao-preto.jpg?fit=1200%2C675&ssl=1&resize=350%2C200","width":350,"height":200,"srcset":"https:\/\/i0.wp.com\/noticiasribeiraopreto.com.br\/wp-content\/uploads\/2024\/10\/hc-ribeirao-preto.jpg?fit=1200%2C675&ssl=1&resize=350%2C200 1x, https:\/\/i0.wp.com\/noticiasribeiraopreto.com.br\/wp-content\/uploads\/2024\/10\/hc-ribeirao-preto.jpg?fit=1200%2C675&ssl=1&resize=525%2C300 1.5x, https:\/\/i0.wp.com\/noticiasribeiraopreto.com.br\/wp-content\/uploads\/2024\/10\/hc-ribeirao-preto.jpg?fit=1200%2C675&ssl=1&resize=700%2C400 2x, https:\/\/i0.wp.com\/noticiasribeiraopreto.com.br\/wp-content\/uploads\/2024\/10\/hc-ribeirao-preto.jpg?fit=1200%2C675&ssl=1&resize=1050%2C600 3x"},"classes":[]},{"id":79491,"url":"https:\/\/noticiasribeiraopreto.com.br\/index.php\/2025\/11\/02\/a-chuva-continua-veja-a-previsao-do-tempo-para-ribeirao-preto-nos-proximos-dias\/","url_meta":{"origin":79639,"position":2},"title":"A chuva continua? Veja a previs\u00e3o do tempo para Ribeir\u00e3o Preto nos pr\u00f3ximos dias","author":"noticiasribeiraopreto.com.br","date":"2 de November de 2025","format":false,"excerpt":"A chuva deve continuar em Ribeir\u00e3o Preto ao longo da pr\u00f3xima semana, segundo a previs\u00e3o do tempo. A Climatempo aponta para possibilidade de pancadas de chuva entre segunda-feira (3) e s\u00e1bado (8). Confira: Previs\u00e3o do tempo para Ribeir\u00e3o Preto: Segunda-feira, 3 de novembroM\u00e1xima: 26\u00b0CM\u00ednima: 21\u00b0CChuvoso de manh\u00e3 e \u00e0 noite.\u2026","rel":"","context":"In &quot;Not\u00edcias de Ribeir\u00e3o Preto-SP e Regi\u00e3o&quot;","block_context":{"text":"Not\u00edcias de Ribeir\u00e3o Preto-SP e Regi\u00e3o","link":"https:\/\/noticiasribeiraopreto.com.br\/index.php\/category\/noticias-de-ribeirao-preto-sp-e-regiao-ismael-colosi\/"},"img":{"alt_text":"","src":"https:\/\/i0.wp.com\/noticiasribeiraopreto.com.br\/wp-content\/uploads\/2025\/11\/palace-3_2025-10-31_19-55-22.webp.webp?fit=1200%2C675&ssl=1&resize=350%2C200","width":350,"height":200,"srcset":"https:\/\/i0.wp.com\/noticiasribeiraopreto.com.br\/wp-content\/uploads\/2025\/11\/palace-3_2025-10-31_19-55-22.webp.webp?fit=1200%2C675&ssl=1&resize=350%2C200 1x, https:\/\/i0.wp.com\/noticiasribeiraopreto.com.br\/wp-content\/uploads\/2025\/11\/palace-3_2025-10-31_19-55-22.webp.webp?fit=1200%2C675&ssl=1&resize=525%2C300 1.5x, https:\/\/i0.wp.com\/noticiasribeiraopreto.com.br\/wp-content\/uploads\/2025\/11\/palace-3_2025-10-31_19-55-22.webp.webp?fit=1200%2C675&ssl=1&resize=700%2C400 2x, https:\/\/i0.wp.com\/noticiasribeiraopreto.com.br\/wp-content\/uploads\/2025\/11\/palace-3_2025-10-31_19-55-22.webp.webp?fit=1200%2C675&ssl=1&resize=1050%2C600 3x"},"classes":[]},{"id":21918,"url":"https:\/\/noticiasribeiraopreto.com.br\/index.php\/2023\/12\/28\/ribeirao-tem-saldo-positivo-de-novos-empregos-em-novembro-veja-o-setor-que-mais-contratou\/","url_meta":{"origin":79639,"position":3},"title":"Ribeir\u00e3o tem saldo positivo de novos empregos em novembro; Veja o setor que mais contratou","author":"noticiasribeiraopreto.com.br","date":"28 de December de 2023","format":false,"excerpt":"Ribeir\u00e3o Preto fechou o m\u00eas de novembro com um saldo positivo de 793 novos empregos criados, de acordo com o Cadastro Geral de Empregados e Desempregados (Caged), divulgado nesta quinta-feira (28). Apesar do bom resultado, o munic\u00edpio registrou queda na compara\u00e7\u00e3o com o mesmo m\u00eas do ano passado. De acordo\u2026","rel":"","context":"In &quot;Not\u00edcias de Ribeir\u00e3o Preto-SP e Regi\u00e3o&quot;","block_context":{"text":"Not\u00edcias de Ribeir\u00e3o Preto-SP e Regi\u00e3o","link":"https:\/\/noticiasribeiraopreto.com.br\/index.php\/category\/noticias-de-ribeirao-preto-sp-e-regiao-ismael-colosi\/"},"img":{"alt_text":"","src":"https:\/\/i0.wp.com\/noticiasribeiraopreto.com.br\/wp-content\/uploads\/2023\/12\/caged.jpg?fit=1200%2C799&ssl=1&resize=350%2C200","width":350,"height":200,"srcset":"https:\/\/i0.wp.com\/noticiasribeiraopreto.com.br\/wp-content\/uploads\/2023\/12\/caged.jpg?fit=1200%2C799&ssl=1&resize=350%2C200 1x, https:\/\/i0.wp.com\/noticiasribeiraopreto.com.br\/wp-content\/uploads\/2023\/12\/caged.jpg?fit=1200%2C799&ssl=1&resize=525%2C300 1.5x, https:\/\/i0.wp.com\/noticiasribeiraopreto.com.br\/wp-content\/uploads\/2023\/12\/caged.jpg?fit=1200%2C799&ssl=1&resize=700%2C400 2x, https:\/\/i0.wp.com\/noticiasribeiraopreto.com.br\/wp-content\/uploads\/2023\/12\/caged.jpg?fit=1200%2C799&ssl=1&resize=1050%2C600 3x"},"classes":[]},{"id":59336,"url":"https:\/\/noticiasribeiraopreto.com.br\/index.php\/2024\/10\/21\/museu-de-arte-de-ribeirao-preto-recebe-exposicao-amanha-serei-raiz\/","url_meta":{"origin":79639,"position":4},"title":"Museu de Arte de Ribeir\u00e3o Preto recebe exposi\u00e7\u00e3o \u201cAmanh\u00e3 Serei Raiz\u201d","author":"noticiasribeiraopreto.com.br","date":"21 de October de 2024","format":false,"excerpt":"O Marp (Museu de Arte de Ribeir\u00e3o Preto Pedro Manuel-Gismondi) recebe a partir do dia 8 de novembro a exposi\u00e7\u00e3o \u201cAmanh\u00e3 Serei Raiz\u201d, que conta com 13 obras do coletivo 1MULHERporM2 e tem o objetivo de resgatar o feminino e a ancestralidade. A mostra conta com trabalhos que promovem uma\u2026","rel":"","context":"In &quot;Not\u00edcias de Ribeir\u00e3o Preto-SP e Regi\u00e3o&quot;","block_context":{"text":"Not\u00edcias de Ribeir\u00e3o Preto-SP e Regi\u00e3o","link":"https:\/\/noticiasribeiraopreto.com.br\/index.php\/category\/noticias-de-ribeirao-preto-sp-e-regiao-ismael-colosi\/"},"img":{"alt_text":"","src":"https:\/\/i0.wp.com\/noticiasribeiraopreto.com.br\/wp-content\/uploads\/2024\/10\/Copia-de-Copia-de-Copia-de-TAMANHO-EXATO-PARA-FOTOS-NO-SISTEMA-NOVO-18_2024-10-21_13-59-08_jpg_2024-10-21_13-59-08.webp.webp?fit=1200%2C675&ssl=1&resize=350%2C200","width":350,"height":200,"srcset":"https:\/\/i0.wp.com\/noticiasribeiraopreto.com.br\/wp-content\/uploads\/2024\/10\/Copia-de-Copia-de-Copia-de-TAMANHO-EXATO-PARA-FOTOS-NO-SISTEMA-NOVO-18_2024-10-21_13-59-08_jpg_2024-10-21_13-59-08.webp.webp?fit=1200%2C675&ssl=1&resize=350%2C200 1x, https:\/\/i0.wp.com\/noticiasribeiraopreto.com.br\/wp-content\/uploads\/2024\/10\/Copia-de-Copia-de-Copia-de-TAMANHO-EXATO-PARA-FOTOS-NO-SISTEMA-NOVO-18_2024-10-21_13-59-08_jpg_2024-10-21_13-59-08.webp.webp?fit=1200%2C675&ssl=1&resize=525%2C300 1.5x, https:\/\/i0.wp.com\/noticiasribeiraopreto.com.br\/wp-content\/uploads\/2024\/10\/Copia-de-Copia-de-Copia-de-TAMANHO-EXATO-PARA-FOTOS-NO-SISTEMA-NOVO-18_2024-10-21_13-59-08_jpg_2024-10-21_13-59-08.webp.webp?fit=1200%2C675&ssl=1&resize=700%2C400 2x, https:\/\/i0.wp.com\/noticiasribeiraopreto.com.br\/wp-content\/uploads\/2024\/10\/Copia-de-Copia-de-Copia-de-TAMANHO-EXATO-PARA-FOTOS-NO-SISTEMA-NOVO-18_2024-10-21_13-59-08_jpg_2024-10-21_13-59-08.webp.webp?fit=1200%2C675&ssl=1&resize=1050%2C600 3x"},"classes":[]},{"id":57213,"url":"https:\/\/noticiasribeiraopreto.com.br\/index.php\/2024\/08\/26\/feriados-prolongados-no-segundo-semestre-confira-as-datas\/","url_meta":{"origin":79639,"position":5},"title":"Feriados prolongados no segundo semestre? Confira as datas","author":"noticiasribeiraopreto.com.br","date":"26 de August de 2024","format":false,"excerpt":"O ano de 2024, que \u00e9 bissexto, tem menos feriados prolongados. Se em 2023 os dias de descanso ca\u00edram em boa parte na quinta-feira, facilitando as emendas, em 2024 as datas est\u00e3o concentradas no s\u00e1bado, no domingo e na quarta-feira. Os pr\u00f3ximos tr\u00eas feriados nacionais acontecer\u00e3o aos s\u00e1bados: 7 de\u2026","rel":"","context":"In &quot;Not\u00edcias de Ribeir\u00e3o Preto-SP e Regi\u00e3o&quot;","block_context":{"text":"Not\u00edcias de Ribeir\u00e3o Preto-SP e Regi\u00e3o","link":"https:\/\/noticiasribeiraopreto.com.br\/index.php\/category\/noticias-de-ribeirao-preto-sp-e-regiao-ismael-colosi\/"},"img":{"alt_text":"","src":"https:\/\/i0.wp.com\/noticiasribeiraopreto.com.br\/wp-content\/uploads\/2024\/08\/Calendario-Freepik-944x531-1_2024-07-01_13-15-58_jpg_2024-07-01_13-15-58.webp.webp?fit=944%2C531&ssl=1&resize=350%2C200","width":350,"height":200,"srcset":"https:\/\/i0.wp.com\/noticiasribeiraopreto.com.br\/wp-content\/uploads\/2024\/08\/Calendario-Freepik-944x531-1_2024-07-01_13-15-58_jpg_2024-07-01_13-15-58.webp.webp?fit=944%2C531&ssl=1&resize=350%2C200 1x, https:\/\/i0.wp.com\/noticiasribeiraopreto.com.br\/wp-content\/uploads\/2024\/08\/Calendario-Freepik-944x531-1_2024-07-01_13-15-58_jpg_2024-07-01_13-15-58.webp.webp?fit=944%2C531&ssl=1&resize=525%2C300 1.5x, https:\/\/i0.wp.com\/noticiasribeiraopreto.com.br\/wp-content\/uploads\/2024\/08\/Calendario-Freepik-944x531-1_2024-07-01_13-15-58_jpg_2024-07-01_13-15-58.webp.webp?fit=944%2C531&ssl=1&resize=700%2C400 2x"},"classes":[]}],"jetpack_sharing_enabled":true,"jetpack_shortlink":"https:\/\/wp.me\/peQAOb-kIv","_links":{"self":[{"href":"https:\/\/noticiasribeiraopreto.com.br\/index.php\/wp-json\/wp\/v2\/posts\/79639","targetHints":{"allow":["GET"]}}],"collection":[{"href":"https:\/\/noticiasribeiraopreto.com.br\/index.php\/wp-json\/wp\/v2\/posts"}],"about":[{"href":"https:\/\/noticiasribeiraopreto.com.br\/index.php\/wp-json\/wp\/v2\/types\/post"}],"author":[{"embeddable":true,"href":"https:\/\/noticiasribeiraopreto.com.br\/index.php\/wp-json\/wp\/v2\/users\/1"}],"replies":[{"embeddable":true,"href":"https:\/\/noticiasribeiraopreto.com.br\/index.php\/wp-json\/wp\/v2\/comments?post=79639"}],"version-history":[{"count":0,"href":"https:\/\/noticiasribeiraopreto.com.br\/index.php\/wp-json\/wp\/v2\/posts\/79639\/revisions"}],"wp:featuredmedia":[{"embeddable":true,"href":"https:\/\/noticiasribeiraopreto.com.br\/index.php\/wp-json\/wp\/v2\/media\/79640"}],"wp:attachment":[{"href":"https:\/\/noticiasribeiraopreto.com.br\/index.php\/wp-json\/wp\/v2\/media?parent=79639"}],"wp:term":[{"taxonomy":"category","embeddable":true,"href":"https:\/\/noticiasribeiraopreto.com.br\/index.php\/wp-json\/wp\/v2\/categories?post=79639"},{"taxonomy":"post_tag","embeddable":true,"href":"https:\/\/noticiasribeiraopreto.com.br\/index.php\/wp-json\/wp\/v2\/tags?post=79639"}],"curies":[{"name":"wp","href":"https:\/\/api.w.org\/{rel}","templated":true}]}}