{"id":79641,"date":"2025-11-05T11:15:08","date_gmt":"2025-11-05T14:15:08","guid":{"rendered":"https:\/\/noticiasribeiraopreto.com.br\/index.php\/2025\/11\/05\/alertas-diferentes-sao-emitidos-para-o-estado-de-sp-veja-cidades-afetadas\/"},"modified":"2025-11-05T11:15:08","modified_gmt":"2025-11-05T14:15:08","slug":"alertas-diferentes-sao-emitidos-para-o-estado-de-sp-veja-cidades-afetadas","status":"publish","type":"post","link":"https:\/\/noticiasribeiraopreto.com.br\/index.php\/2025\/11\/05\/alertas-diferentes-sao-emitidos-para-o-estado-de-sp-veja-cidades-afetadas\/","title":{"rendered":"Alertas diferentes s\u00e3o emitidos para o estado de SP; Veja cidades afetadas"},"content":{"rendered":"<div class='code-block code-block-1' style='margin: 8px 0 8px auto; text-align: right; display: block; clear: both;'>\n<p><a href=\"https:\/\/wa.link\/vpicfd\"><img data-recalc-dims=\"1\" class=\"wp-image-4922\" style=\"aspect-ratio: 2.0253164556962027; width: 561px; height: auto;\" src=\"https:\/\/i0.wp.com\/ismaelcolosi.com.br\/wp-content\/uploads\/2023\/11\/grupo-de-empregos-whatsapp-e-facebook-ismael-colosi-vagas.jpg?ssl=1\" alt=\"\" \/><\/a><\/p>\n<!-- \/wp:image -->\n<\/div>\n<p> <br \/>\n<\/p>\n<div data-td-block-uid=\"tdi_95\">\n<div class=\"tdb-block-inner td-fix-index\">\n<p><strong>O\u00a0<a href=\"https:\/\/portal.inmet.gov.br\/\" target=\"_blank\" rel=\"noreferrer noopener\">Inmet (Instituto Nacional de Meteorologia)<\/a>\u00a0publicou nesta quarta-feira (5)\u00a0quatro alertas distintos para o estado de S\u00e3o Paulo, que indicam tempestade, acumulado de chuva e ventos costeiros. <\/strong><\/p>\n<p><mark style=\"background-color:#fcb900\" class=\"has-inline-color has-black-color\">Ribeir\u00e3o Preto e cidades da regi\u00e3o est\u00e3o inclu\u00eddas na faixa amarela <mark style=\"background-color:#fcb900\" class=\"has-inline-color has-black-color\">para tempestade<\/mark>, a primeira em uma escala at\u00e9 tr\u00eas n\u00edveis de severidade.<\/mark> Clique <a href=\"https:\/\/alertas2.inmet.gov.br\/52163\" data-type=\"link\" data-id=\"https:\/\/alertas2.inmet.gov.br\/52163\" target=\"_blank\" rel=\"noopener\">aqui <\/a>e veja as cidades. <\/p>\n<p>Tamb\u00e9m foi emitido um alerta para tempestade em uma faixa que vai do oeste ao sul do estado de S\u00e3o Paulo. Saiba quais s\u00e3o as cidades\u00a0<a href=\"https:\/\/alertas2.inmet.gov.br\/52161\" data-type=\"link\" data-id=\"https:\/\/alertas2.inmet.gov.br\/52161\" target=\"_blank\" rel=\"noopener\">aqui<\/a>.<\/p>\n<p>O alerta para ventos costeiros atinge uma pequena \u00e1rea no extremo sul do litoral paulista. Clique <a href=\"https:\/\/alertas2.inmet.gov.br\/52171\" data-type=\"link\" data-id=\"https:\/\/alertas2.inmet.gov.br\/52171\" target=\"_blank\" rel=\"noopener\">aqui<\/a> para conferir. <\/p>\n<p>J\u00e1 o aviso de acumulado de chuva abrange uma \u00e1rea no oeste do estado. Veja <a href=\"https:\/\/alertas2.inmet.gov.br\/52169\" data-type=\"link\" data-id=\"https:\/\/alertas2.inmet.gov.br\/52169\" target=\"_blank\" rel=\"noopener\">aqui <\/a>as cidades. <\/p>\n<h2 class=\"wp-block-heading\"><strong>Confira o que diz o alerta de tempestade:<\/strong><\/h2>\n<ul class=\"wp-block-list\">\n<li>Chuva entre 20 mm\/h e 30 mm\/h ou at\u00e9 50 mm\/dia<\/li>\n<li>Ventos intensos entre 40 km\/h 60 km\/h e queda de granizo<\/li>\n<li>Baixo risco de corte de energia el\u00e9trica, estragos em planta\u00e7\u00f5es, queda de galhos de \u00e1rvores e de alagamentos<\/li>\n<\/ul>\n<h3 class=\"wp-block-heading\"><strong>Orienta\u00e7\u00f5es:<\/strong><\/h3>\n<ul class=\"wp-block-list\">\n<li>Em caso de rajadas de vento, n\u00e3o se abrigue debaixo de \u00e1rvores, pois, h\u00e1 leve risco de queda e descargas el\u00e9tricas e n\u00e3o estacione ve\u00edculos pr\u00f3ximos a torres de transmiss\u00e3o e placas de propaganda<\/li>\n<li>Evite usar aparelhos eletr\u00f4nicos ligados \u00e0 tomada<\/li>\n<\/ul>\n<p>SAIBA MAIS<\/p>\n<p>Ipiranga, Jardim Progresso e mais dois bairros t\u00eam alerta para falta d\u2019\u00e1gua; Confira<\/p>\n<h4 class=\"wp-block-heading\"><strong>FIQUE ON<\/strong><\/h4>\n<p>Fique ligado em tudo que acontece em Ribeir\u00e3o Preto e regi\u00e3o. Siga os perfis do\u00a0<strong>acidade on<\/strong>\u00a0no<a href=\"https:\/\/www.instagram.com\/acidadeonribeirao\" target=\"_blank\" rel=\"noreferrer noopener\">\u00a0Instagram<\/a>\u00a0e no<a href=\"https:\/\/www.facebook.com\/acidadeonribeirao\/\" target=\"_blank\" rel=\"noreferrer noopener\">\u00a0Facebook<\/a>.<\/p>\n<p>Receba not\u00edcias do\u00a0<strong>acidade on<\/strong>\u00a0no WhatsApp. Para entrar no grupo,\u00a0basta\u00a0<a href=\"https:\/\/chat.whatsapp.com\/I4nieTEMKlf50pJ28aMemC?mode=ac_t\" target=\"_blank\" rel=\"noreferrer noopener\">clicar aqui<\/a>. Ou, acesse o nosso\u00a0Canal<a href=\"https:\/\/whatsapp.com\/channel\/0029Vb6IQl1JENyAeS57fk2p\" target=\"_blank\" rel=\"noreferrer noopener\">\u00a0clicando aqui<\/a>.<\/p>\n<p>Fa\u00e7a uma den\u00fancia ou sugira uma reportagem sobre Ribeir\u00e3o Preto e regi\u00e3o pelo WhatsApp: 16 99117 7802.<\/p>\n<p>VEJA TAMB\u00c9M<\/p>\n<p>La Nin\u00e3 vai durar at\u00e9 quando?<\/p>\n<p><!-- AI CONTENT END 1 -->\n<\/div>\n<\/div>\n<p><script async src=\"\/\/www.instagram.com\/embed.js\"><\/script><br \/>\n<br \/><br \/>\n<br \/><a href=\"https:\/\/www.acidadeon.com\/ribeiraopreto\/cotidiano\/alertas-diferentes-sao-emitidos-para-o-estado-de-sp-veja-cidades-afetadas\/\">Source link <\/a><\/p>\n<!-- CONTENT END 1 -->\n","protected":false},"excerpt":{"rendered":"<p>O\u00a0Inmet (Instituto Nacional de Meteorologia)\u00a0publicou nesta quarta-feira (5)\u00a0quatro alertas distintos para o estado de S\u00e3o Paulo, que indicam tempestade, acumulado de chuva e ventos costeiros&#8230;.<\/p>\n","protected":false},"author":1,"featured_media":74706,"comment_status":"open","ping_status":"open","sticky":false,"template":"","format":"standard","meta":{"advanced_seo_description":"","jetpack_seo_html_title":"","jetpack_seo_noindex":false,"jetpack_post_was_ever_published":false,"_jetpack_newsletter_access":"","_jetpack_dont_email_post_to_subs":false,"_jetpack_newsletter_tier_id":0,"_jetpack_memberships_contains_paywalled_content":false,"_jetpack_memberships_contains_paid_content":false,"footnotes":"","jetpack_publicize_message":"","jetpack_publicize_feature_enabled":true,"jetpack_social_post_already_shared":true,"jetpack_social_options":{"image_generator_settings":{"template":"highway","default_image_id":0,"font":"","enabled":false},"version":2}},"categories":[11],"tags":[],"class_list":["post-79641","post","type-post","status-publish","format-standard","has-post-thumbnail","hentry","category-noticias-de-ribeirao-preto-sp-e-regiao-ismael-colosi"],"jetpack_publicize_connections":[],"jetpack_featured_media_url":"https:\/\/i0.wp.com\/noticiasribeiraopreto.com.br\/wp-content\/uploads\/2025\/07\/WhatsApp-Image-2024-10-15-at-08.25.28_2024-10-15_11-26-55_jpeg_2024-10-15_11-26-55.webp.webp?fit=1600%2C720&ssl=1","jetpack-related-posts":[{"id":79537,"url":"https:\/\/noticiasribeiraopreto.com.br\/index.php\/2025\/11\/03\/alerta-de-tempestade-e-emitido-para-o-estado-de-sp-veja-cidades\/","url_meta":{"origin":79641,"position":0},"title":"Alerta de tempestade \u00e9 emitido para o estado de SP; Veja cidades","author":"noticiasribeiraopreto.com.br","date":"3 de November de 2025","format":false,"excerpt":"O\u00a0Inmet (Instituto Nacional de Meteorologia)\u00a0publicou nesta segunda-feira (3)\u00a0um alerta de \u201cperigo potencial\u201d para tempestades no estado de S\u00e3o Paulo. Ribeir\u00e3o Preto e cidades da regi\u00e3o est\u00e3o inclu\u00eddas na faixa amarela, a primeira em uma escala at\u00e9 tr\u00eas n\u00edveis de severidade, que abrange grande parte do estado paulista. Clique aqui e\u2026","rel":"","context":"In &quot;Not\u00edcias de Ribeir\u00e3o Preto-SP e Regi\u00e3o&quot;","block_context":{"text":"Not\u00edcias de Ribeir\u00e3o Preto-SP e Regi\u00e3o","link":"https:\/\/noticiasribeiraopreto.com.br\/index.php\/category\/noticias-de-ribeirao-preto-sp-e-regiao-ismael-colosi\/"},"img":{"alt_text":"","src":"https:\/\/i0.wp.com\/noticiasribeiraopreto.com.br\/wp-content\/uploads\/2025\/11\/WhatsApp-Image-2025-11-03-at-13.12.29_2025-11-03_16-12-44.webp.webp?fit=630%2C399&ssl=1&resize=350%2C200","width":350,"height":200,"srcset":"https:\/\/i0.wp.com\/noticiasribeiraopreto.com.br\/wp-content\/uploads\/2025\/11\/WhatsApp-Image-2025-11-03-at-13.12.29_2025-11-03_16-12-44.webp.webp?fit=630%2C399&ssl=1&resize=350%2C200 1x, https:\/\/i0.wp.com\/noticiasribeiraopreto.com.br\/wp-content\/uploads\/2025\/11\/WhatsApp-Image-2025-11-03-at-13.12.29_2025-11-03_16-12-44.webp.webp?fit=630%2C399&ssl=1&resize=525%2C300 1.5x"},"classes":[]},{"id":80038,"url":"https:\/\/noticiasribeiraopreto.com.br\/index.php\/2025\/11\/13\/novo-alerta-laranja-e-emitido-para-o-interior-de-sp-saiba-quais-sao-as-cidades\/","url_meta":{"origin":79641,"position":1},"title":"Novo alerta laranja \u00e9 emitido para o interior de SP; Saiba quais s\u00e3o as cidades","author":"noticiasribeiraopreto.com.br","date":"13 de November de 2025","format":false,"excerpt":"O\u00a0Inmet (Instituto Nacional de Meteorologia)\u00a0publicou um novo alerta laranja para tempestade no interior de S\u00e3o Paulo, com validade entre esta quinta-feira (13) e sexta-feira (14). O aviso indica \u201cperigo\u201d entre as regi\u00f5es oeste, central, norte e sul do estado. Clique\u00a0aqui\u00a0e confira as cidades na faixa laranja \u2013 a segunda na\u2026","rel":"","context":"In &quot;Not\u00edcias de Ribeir\u00e3o Preto-SP e Regi\u00e3o&quot;","block_context":{"text":"Not\u00edcias de Ribeir\u00e3o Preto-SP e Regi\u00e3o","link":"https:\/\/noticiasribeiraopreto.com.br\/index.php\/category\/noticias-de-ribeirao-preto-sp-e-regiao-ismael-colosi\/"},"img":{"alt_text":"","src":"https:\/\/i0.wp.com\/noticiasribeiraopreto.com.br\/wp-content\/uploads\/2025\/11\/MAPA_2025-11-13_13-34-20.webp.webp?fit=1200%2C863&ssl=1&resize=350%2C200","width":350,"height":200,"srcset":"https:\/\/i0.wp.com\/noticiasribeiraopreto.com.br\/wp-content\/uploads\/2025\/11\/MAPA_2025-11-13_13-34-20.webp.webp?fit=1200%2C863&ssl=1&resize=350%2C200 1x, https:\/\/i0.wp.com\/noticiasribeiraopreto.com.br\/wp-content\/uploads\/2025\/11\/MAPA_2025-11-13_13-34-20.webp.webp?fit=1200%2C863&ssl=1&resize=525%2C300 1.5x, https:\/\/i0.wp.com\/noticiasribeiraopreto.com.br\/wp-content\/uploads\/2025\/11\/MAPA_2025-11-13_13-34-20.webp.webp?fit=1200%2C863&ssl=1&resize=700%2C400 2x, https:\/\/i0.wp.com\/noticiasribeiraopreto.com.br\/wp-content\/uploads\/2025\/11\/MAPA_2025-11-13_13-34-20.webp.webp?fit=1200%2C863&ssl=1&resize=1050%2C600 3x"},"classes":[]},{"id":79944,"url":"https:\/\/noticiasribeiraopreto.com.br\/index.php\/2025\/11\/11\/alerta-de-tempestade-e-emitido-para-o-interior-de-sp-veja-cidades-afetadas\/","url_meta":{"origin":79641,"position":2},"title":"Alerta de tempestade \u00e9 emitido para o interior de SP; Veja cidades afetadas","author":"noticiasribeiraopreto.com.br","date":"11 de November de 2025","format":false,"excerpt":"O\u00a0Inmet (Instituto Nacional de Meteorologia)\u00a0publicou nesta ter\u00e7a-feira (11)\u00a0um alerta de \u201cperigo potencial\u201d para tempestades no interior de S\u00e3o Paulo. As regi\u00f5es oeste e noroeste do estado paulista est\u00e3o na faixa amarela, a primeira em uma escala at\u00e9 tr\u00eas n\u00edveis de severidade. Clique aqui e veja as cidades. O aviso teve\u2026","rel":"","context":"In &quot;Not\u00edcias de Ribeir\u00e3o Preto-SP e Regi\u00e3o&quot;","block_context":{"text":"Not\u00edcias de Ribeir\u00e3o Preto-SP e Regi\u00e3o","link":"https:\/\/noticiasribeiraopreto.com.br\/index.php\/category\/noticias-de-ribeirao-preto-sp-e-regiao-ismael-colosi\/"},"img":{"alt_text":"","src":"https:\/\/i0.wp.com\/noticiasribeiraopreto.com.br\/wp-content\/uploads\/2025\/11\/MAPA_2025-11-11_14-02-16.webp.webp?fit=1200%2C825&ssl=1&resize=350%2C200","width":350,"height":200,"srcset":"https:\/\/i0.wp.com\/noticiasribeiraopreto.com.br\/wp-content\/uploads\/2025\/11\/MAPA_2025-11-11_14-02-16.webp.webp?fit=1200%2C825&ssl=1&resize=350%2C200 1x, https:\/\/i0.wp.com\/noticiasribeiraopreto.com.br\/wp-content\/uploads\/2025\/11\/MAPA_2025-11-11_14-02-16.webp.webp?fit=1200%2C825&ssl=1&resize=525%2C300 1.5x, https:\/\/i0.wp.com\/noticiasribeiraopreto.com.br\/wp-content\/uploads\/2025\/11\/MAPA_2025-11-11_14-02-16.webp.webp?fit=1200%2C825&ssl=1&resize=700%2C400 2x, https:\/\/i0.wp.com\/noticiasribeiraopreto.com.br\/wp-content\/uploads\/2025\/11\/MAPA_2025-11-11_14-02-16.webp.webp?fit=1200%2C825&ssl=1&resize=1050%2C600 3x"},"classes":[]},{"id":83434,"url":"https:\/\/noticiasribeiraopreto.com.br\/index.php\/2026\/03\/18\/alertas-diferentes-sao-emitidos-para-o-estado-de-sp-veja-cidades-afetadas-2\/","url_meta":{"origin":79641,"position":3},"title":"Alertas diferentes s\u00e3o emitidos para o estado de SP; Veja cidades afetadas","author":"noticiasribeiraopreto.com.br","date":"18 de March de 2026","format":false,"excerpt":"O\u00a0Inmet (Instituto Nacional de Meteorologia)\u00a0publicou\u00a0alertas distintos\u00a0para o estado de S\u00e3o Paulo, que indicam risco de chuvas intensas e tempestade. Ribeir\u00e3o Preto e regi\u00e3o est\u00e3o inclu\u00eddas na faixa amarela, a primeira em uma escala at\u00e9 tr\u00eas n\u00edveis de severidade, que indica \u201cperigo potencial\u201d para chuvas intensas entre esta quarta-feira (18) e\u2026","rel":"","context":"In &quot;Not\u00edcias de Ribeir\u00e3o Preto-SP e Regi\u00e3o&quot;","block_context":{"text":"Not\u00edcias de Ribeir\u00e3o Preto-SP e Regi\u00e3o","link":"https:\/\/noticiasribeiraopreto.com.br\/index.php\/category\/noticias-de-ribeirao-preto-sp-e-regiao-ismael-colosi\/"},"img":{"alt_text":"","src":"https:\/\/i0.wp.com\/noticiasribeiraopreto.com.br\/wp-content\/uploads\/2026\/03\/WhatsApp-Image-2025-11-23-at-09.17.43_2025-11-23_12-31-46-e1763901141919.webp.webp?fit=1200%2C722&ssl=1&resize=350%2C200","width":350,"height":200,"srcset":"https:\/\/i0.wp.com\/noticiasribeiraopreto.com.br\/wp-content\/uploads\/2026\/03\/WhatsApp-Image-2025-11-23-at-09.17.43_2025-11-23_12-31-46-e1763901141919.webp.webp?fit=1200%2C722&ssl=1&resize=350%2C200 1x, https:\/\/i0.wp.com\/noticiasribeiraopreto.com.br\/wp-content\/uploads\/2026\/03\/WhatsApp-Image-2025-11-23-at-09.17.43_2025-11-23_12-31-46-e1763901141919.webp.webp?fit=1200%2C722&ssl=1&resize=525%2C300 1.5x, https:\/\/i0.wp.com\/noticiasribeiraopreto.com.br\/wp-content\/uploads\/2026\/03\/WhatsApp-Image-2025-11-23-at-09.17.43_2025-11-23_12-31-46-e1763901141919.webp.webp?fit=1200%2C722&ssl=1&resize=700%2C400 2x, https:\/\/i0.wp.com\/noticiasribeiraopreto.com.br\/wp-content\/uploads\/2026\/03\/WhatsApp-Image-2025-11-23-at-09.17.43_2025-11-23_12-31-46-e1763901141919.webp.webp?fit=1200%2C722&ssl=1&resize=1050%2C600 3x"},"classes":[]},{"id":77559,"url":"https:\/\/noticiasribeiraopreto.com.br\/index.php\/2025\/09\/21\/alerta-de-perigo-e-emitido-para-o-interior-de-sp-veja-cidades-afetadas-3\/","url_meta":{"origin":79641,"position":4},"title":"Alerta de perigo \u00e9 emitido para o interior de SP; Veja cidades afetadas","author":"noticiasribeiraopreto.com.br","date":"21 de September de 2025","format":false,"excerpt":"O\u00a0Inmet (Instituto Nacional de Meteorologia)\u00a0publicou neste domingo (21) um alerta de \u201cperigo\u201d para tempestade no interior de S\u00e3o Paulo. O aviso \u00e9 na cor laranja, a segunda em uma escala at\u00e9 tr\u00eas n\u00edveis de severidade, e abrange uma faixa entre as regi\u00f5es oeste e sudoeste do estado paulista.\u00a0Clique aqui\u00a0e veja\u2026","rel":"","context":"In &quot;Not\u00edcias de Ribeir\u00e3o Preto-SP e Regi\u00e3o&quot;","block_context":{"text":"Not\u00edcias de Ribeir\u00e3o Preto-SP e Regi\u00e3o","link":"https:\/\/noticiasribeiraopreto.com.br\/index.php\/category\/noticias-de-ribeirao-preto-sp-e-regiao-ismael-colosi\/"},"img":{"alt_text":"","src":"https:\/\/i0.wp.com\/noticiasribeiraopreto.com.br\/wp-content\/uploads\/2025\/09\/ALERTA_2025-09-21_19-22-12.webp.webp?fit=1200%2C744&ssl=1&resize=350%2C200","width":350,"height":200,"srcset":"https:\/\/i0.wp.com\/noticiasribeiraopreto.com.br\/wp-content\/uploads\/2025\/09\/ALERTA_2025-09-21_19-22-12.webp.webp?fit=1200%2C744&ssl=1&resize=350%2C200 1x, https:\/\/i0.wp.com\/noticiasribeiraopreto.com.br\/wp-content\/uploads\/2025\/09\/ALERTA_2025-09-21_19-22-12.webp.webp?fit=1200%2C744&ssl=1&resize=525%2C300 1.5x, https:\/\/i0.wp.com\/noticiasribeiraopreto.com.br\/wp-content\/uploads\/2025\/09\/ALERTA_2025-09-21_19-22-12.webp.webp?fit=1200%2C744&ssl=1&resize=700%2C400 2x, https:\/\/i0.wp.com\/noticiasribeiraopreto.com.br\/wp-content\/uploads\/2025\/09\/ALERTA_2025-09-21_19-22-12.webp.webp?fit=1200%2C744&ssl=1&resize=1050%2C600 3x"},"classes":[]},{"id":84018,"url":"https:\/\/noticiasribeiraopreto.com.br\/index.php\/2026\/03\/31\/com-vortice-ciclonico-alerta-de-tempestade-e-emitido-para-o-estado-de-sp-veja-cidades\/","url_meta":{"origin":79641,"position":5},"title":"Com v\u00f3rtice cicl\u00f4nico, alerta de tempestade \u00e9 emitido para o estado de SP; Veja cidades","author":"noticiasribeiraopreto.com.br","date":"31 de March de 2026","format":false,"excerpt":"Ler o resumo da not\u00edcia Inmet emite alerta de tempestade para SP das 0h \u00e0s 23h59 desta ter\u00e7a-feira (31), incluindo regi\u00e3o de Ribeir\u00e3o Preto. V\u00f3rtice Cicl\u00f4nico em Altos N\u00edveis (VCAN) sobre o oceano na costa Sul causa instabilidade atmosf\u00e9rica no estado. Previs\u00e3o de chuva entre 20 e 30 mm\/h, ventos\u2026","rel":"","context":"In &quot;Not\u00edcias de Ribeir\u00e3o Preto-SP e Regi\u00e3o&quot;","block_context":{"text":"Not\u00edcias de Ribeir\u00e3o Preto-SP e Regi\u00e3o","link":"https:\/\/noticiasribeiraopreto.com.br\/index.php\/category\/noticias-de-ribeirao-preto-sp-e-regiao-ismael-colosi\/"},"img":{"alt_text":"","src":"https:\/\/i0.wp.com\/noticiasribeiraopreto.com.br\/wp-content\/uploads\/2026\/03\/alerta_2026-03-31_09-46-56.webp.webp?fit=1200%2C847&ssl=1&resize=350%2C200","width":350,"height":200,"srcset":"https:\/\/i0.wp.com\/noticiasribeiraopreto.com.br\/wp-content\/uploads\/2026\/03\/alerta_2026-03-31_09-46-56.webp.webp?fit=1200%2C847&ssl=1&resize=350%2C200 1x, https:\/\/i0.wp.com\/noticiasribeiraopreto.com.br\/wp-content\/uploads\/2026\/03\/alerta_2026-03-31_09-46-56.webp.webp?fit=1200%2C847&ssl=1&resize=525%2C300 1.5x, https:\/\/i0.wp.com\/noticiasribeiraopreto.com.br\/wp-content\/uploads\/2026\/03\/alerta_2026-03-31_09-46-56.webp.webp?fit=1200%2C847&ssl=1&resize=700%2C400 2x, https:\/\/i0.wp.com\/noticiasribeiraopreto.com.br\/wp-content\/uploads\/2026\/03\/alerta_2026-03-31_09-46-56.webp.webp?fit=1200%2C847&ssl=1&resize=1050%2C600 3x"},"classes":[]}],"jetpack_sharing_enabled":true,"jetpack_shortlink":"https:\/\/wp.me\/peQAOb-kIx","_links":{"self":[{"href":"https:\/\/noticiasribeiraopreto.com.br\/index.php\/wp-json\/wp\/v2\/posts\/79641","targetHints":{"allow":["GET"]}}],"collection":[{"href":"https:\/\/noticiasribeiraopreto.com.br\/index.php\/wp-json\/wp\/v2\/posts"}],"about":[{"href":"https:\/\/noticiasribeiraopreto.com.br\/index.php\/wp-json\/wp\/v2\/types\/post"}],"author":[{"embeddable":true,"href":"https:\/\/noticiasribeiraopreto.com.br\/index.php\/wp-json\/wp\/v2\/users\/1"}],"replies":[{"embeddable":true,"href":"https:\/\/noticiasribeiraopreto.com.br\/index.php\/wp-json\/wp\/v2\/comments?post=79641"}],"version-history":[{"count":0,"href":"https:\/\/noticiasribeiraopreto.com.br\/index.php\/wp-json\/wp\/v2\/posts\/79641\/revisions"}],"wp:featuredmedia":[{"embeddable":true,"href":"https:\/\/noticiasribeiraopreto.com.br\/index.php\/wp-json\/wp\/v2\/media\/74706"}],"wp:attachment":[{"href":"https:\/\/noticiasribeiraopreto.com.br\/index.php\/wp-json\/wp\/v2\/media?parent=79641"}],"wp:term":[{"taxonomy":"category","embeddable":true,"href":"https:\/\/noticiasribeiraopreto.com.br\/index.php\/wp-json\/wp\/v2\/categories?post=79641"},{"taxonomy":"post_tag","embeddable":true,"href":"https:\/\/noticiasribeiraopreto.com.br\/index.php\/wp-json\/wp\/v2\/tags?post=79641"}],"curies":[{"name":"wp","href":"https:\/\/api.w.org\/{rel}","templated":true}]}}