{"id":79645,"date":"2025-11-05T11:40:49","date_gmt":"2025-11-05T14:40:49","guid":{"rendered":"https:\/\/noticiasribeiraopreto.com.br\/index.php\/2025\/11\/05\/debitos-de-icms-ipva-itcmd-e-multas-do-procon-podem-ser-renegociados-em-ribeirao\/"},"modified":"2025-11-05T11:40:49","modified_gmt":"2025-11-05T14:40:49","slug":"debitos-de-icms-ipva-itcmd-e-multas-do-procon-podem-ser-renegociados-em-ribeirao","status":"publish","type":"post","link":"https:\/\/noticiasribeiraopreto.com.br\/index.php\/2025\/11\/05\/debitos-de-icms-ipva-itcmd-e-multas-do-procon-podem-ser-renegociados-em-ribeirao\/","title":{"rendered":"D\u00e9bitos de ICMS, IPVA, ITCMD e multas do Procon podem ser renegociados em Ribeir\u00e3o"},"content":{"rendered":"<div class='code-block code-block-1' style='margin: 8px 0 8px auto; text-align: right; display: block; clear: both;'>\n<p><a href=\"https:\/\/wa.link\/vpicfd\"><img data-recalc-dims=\"1\" class=\"wp-image-4922\" style=\"aspect-ratio: 2.0253164556962027; width: 561px; height: auto;\" src=\"https:\/\/i0.wp.com\/ismaelcolosi.com.br\/wp-content\/uploads\/2023\/11\/grupo-de-empregos-whatsapp-e-facebook-ismael-colosi-vagas.jpg?ssl=1\" alt=\"\" \/><\/a><\/p>\n<!-- \/wp:image -->\n<\/div>\n<p> <br \/>\n<\/p>\n<div>\n<p>O<strong> Poupatempo<\/strong> participa nesta quarta-feira (5) do <strong><a href=\"https:\/\/www.acordopaulista.sp.gov.br\/\" data-type=\"link\" data-id=\"https:\/\/www.acordopaulista.sp.gov.br\/\" target=\"_blank\" rel=\"noopener\">Mutir\u00e3o Acordo Paulista<\/a><\/strong>, promovido pela Procuradoria Geral do Estado (PGE-SP), com atendimentos presenciais nos postos do programa em S\u00e3o Paulo, Campinas, Bauru e <strong>Ribeir\u00e3o Preto<\/strong>.<\/p>\n<p><mark style=\"background-color:#fcb900\" class=\"has-inline-color has-black-color\">A a\u00e7\u00e3o facilita a renegocia\u00e7\u00e3o de d\u00e9bitos tribut\u00e1rios \u2014 como ICMS, IPVA, ITCMD e multas do Procon \u2014 inscritos em d\u00edvida ativa, com descontos de at\u00e9 75 % em juros, multas e honor\u00e1rios, al\u00e9m de parcelamento em at\u00e9 120 vezes.<\/mark><\/p>\n<p>Durante o evento, contribuintes poder\u00e3o esclarecer d\u00favidas e negociar d\u00e9bitos diretamente com procuradores da PGE-SP, al\u00e9m de acessar servi\u00e7os digitais do Poupatempo, dispon\u00edveis nas unidades participantes.<\/p>\n<p>E em Ribeir\u00e3o Preto, o p\u00fablico ser\u00e1 atendido no Poupatempo, que fica dentro do Novo Shopping, na avenida Presidente Kennedy, 1.500 \u2013 Ribeir\u00e2nia, das 13h \u00e0s 17h.<\/p>\n<h2 class=\"wp-block-heading\"><strong>Renegocia\u00e7\u00e3o<\/strong><\/h2>\n<p>Lan\u00e7ado em fevereiro de 2024, o Acordo Paulista j\u00e1 renegociou cerca de R$ 60 bilh\u00f5es em d\u00e9bitos tribut\u00e1rios. A plataforma digital que sustenta o programa foi desenvolvida pela Prodesp \u2013 empresa de tecnologia do Governo de S\u00e3o Paulo \u2013, garantindo modernidade, seguran\u00e7a e praticidade no processo de ades\u00e3o.<\/p>\n<p>A ades\u00e3o ao Acordo Paulista pode ser feita de forma eletr\u00f4nica at\u00e9 27 de fevereiro de 2026, pelo site (<a href=\"https:\/\/www.acordopaulista.sp.gov.br\/\" data-type=\"link\" data-id=\"https:\/\/www.acordopaulista.sp.gov.br\/\" target=\"_blank\" rel=\"noopener\">clique aqui<\/a>).<\/p>\n<p>SAIBA MAIS<br \/>Quem \u00e9 o sortudo? Aposta simples de Ribeir\u00e3o Preto ganha R$ 34 mil na Mega-Sena<\/p>\n<h2 class=\"wp-block-heading\"><strong>FIQUE ON<\/strong><\/h2>\n<p>Fique ligado em tudo que acontece em Ribeir\u00e3o Preto e regi\u00e3o. Siga os perfis do<strong>\u00a0acidade on\u00a0<\/strong>no<a href=\"https:\/\/www.instagram.com\/acidadeonribeirao\" data-type=\"link\" data-id=\"https:\/\/www.instagram.com\/acidadeonribeirao\" target=\"_blank\" rel=\"noopener\">\u00a0Instagram\u00a0<\/a>e no\u00a0<a href=\"https:\/\/www.facebook.com\/acidadeonribeirao\/\" data-type=\"link\" data-id=\"https:\/\/www.facebook.com\/acidadeonribeirao\/\" target=\"_blank\" rel=\"noopener\">Facebook<\/a>.<\/p>\n<p>Receba not\u00edcias do\u00a0<strong>acidade on<\/strong>\u00a0no WhatsApp. Para entrar no grupo,\u00a0basta <a href=\"https:\/\/chat.whatsapp.com\/I4nieTEMKlf50pJ28aMemC?mode=ac_t\" data-type=\"link\" data-id=\"https:\/\/chat.whatsapp.com\/I4nieTEMKlf50pJ28aMemC?mode=ac_t\" target=\"_blank\" rel=\"noopener\">clicar aqui<\/a>. Ou, acesse o nosso\u00a0Canal <a href=\"https:\/\/whatsapp.com\/channel\/0029Vb6IQl1JENyAeS57fk2p\" data-type=\"link\" data-id=\"https:\/\/whatsapp.com\/channel\/0029Vb6IQl1JENyAeS57fk2p\" target=\"_blank\" rel=\"noopener\">clicando aqui<\/a>.<\/p>\n<p>Fa\u00e7a uma den\u00fancia ou sugira uma reportagem sobre Ribeir\u00e3o Preto e regi\u00e3o pelo WhatsApp: 16 99117 7802.<\/p>\n<p>VEJA TAMB\u00c9M<br \/>IBGE: Quais os nomes e sobrenomes mais comuns do Brasil?<\/p>\n<p><!-- AI CONTENT END 1 -->\n<\/div>\n<p><script async src=\"\/\/www.instagram.com\/embed.js\"><\/script><br \/>\n<br \/><br \/>\n<br \/><a href=\"https:\/\/www.acidadeon.com\/ribeiraopreto\/economia\/debitos-de-icms-ipva-itcmd-e-multas-do-procon-podem-ser-renegociados-em-ribeirao\/\">Source link <\/a><\/p>\n<!-- CONTENT END 1 -->\n","protected":false},"excerpt":{"rendered":"<p>O Poupatempo participa nesta quarta-feira (5) do Mutir\u00e3o Acordo Paulista, promovido pela Procuradoria Geral do Estado (PGE-SP), com atendimentos presenciais nos postos do programa em&#8230;<\/p>\n","protected":false},"author":1,"featured_media":79646,"comment_status":"open","ping_status":"open","sticky":false,"template":"","format":"standard","meta":{"advanced_seo_description":"","jetpack_seo_html_title":"","jetpack_seo_noindex":false,"jetpack_post_was_ever_published":false,"_jetpack_newsletter_access":"","_jetpack_dont_email_post_to_subs":false,"_jetpack_newsletter_tier_id":0,"_jetpack_memberships_contains_paywalled_content":false,"_jetpack_memberships_contains_paid_content":false,"footnotes":"","jetpack_publicize_message":"","jetpack_publicize_feature_enabled":true,"jetpack_social_post_already_shared":true,"jetpack_social_options":{"image_generator_settings":{"template":"highway","default_image_id":0,"font":"","enabled":false},"version":2}},"categories":[11],"tags":[],"class_list":["post-79645","post","type-post","status-publish","format-standard","has-post-thumbnail","hentry","category-noticias-de-ribeirao-preto-sp-e-regiao-ismael-colosi"],"jetpack_publicize_connections":[],"jetpack_featured_media_url":"https:\/\/i0.wp.com\/noticiasribeiraopreto.com.br\/wp-content\/uploads\/2025\/11\/poupatempo-movel3_2025-11-05_12-36-08.webp.webp?fit=1200%2C900&ssl=1","jetpack-related-posts":[{"id":60703,"url":"https:\/\/noticiasribeiraopreto.com.br\/index.php\/2024\/11\/22\/mutirao-no-poupatempo-de-ribeirao-renegocia-dividas-do-ipva-veja-quando\/","url_meta":{"origin":79645,"position":0},"title":"Mutir\u00e3o no Poupatempo de Ribeir\u00e3o renegocia d\u00edvidas do IPVA; Veja quando","author":"noticiasribeiraopreto.com.br","date":"22 de November de 2024","format":false,"excerpt":"O Governo de S\u00e3o Paulo promove um mutir\u00e3o presencial do programa Acordo Paulista para a renegocia\u00e7\u00e3o de d\u00edvidas com mais de dois anos de atraso, principalmente do IPVA (Imposto sobre a Propriedade de Ve\u00edculos Automotores). A a\u00e7\u00e3o, por meio da Procuradoria Geral do Estado de S\u00e3o Paulo (PGE\/SP), ser\u00e1 realizada\u2026","rel":"","context":"In &quot;Not\u00edcias de Ribeir\u00e3o Preto-SP e Regi\u00e3o&quot;","block_context":{"text":"Not\u00edcias de Ribeir\u00e3o Preto-SP e Regi\u00e3o","link":"https:\/\/noticiasribeiraopreto.com.br\/index.php\/category\/noticias-de-ribeirao-preto-sp-e-regiao-ismael-colosi\/"},"img":{"alt_text":"","src":"https:\/\/i0.wp.com\/noticiasribeiraopreto.com.br\/wp-content\/uploads\/2024\/11\/poupatempo_ribeirao_1024x576_03092020171438.jpg?fit=1024%2C576&ssl=1&resize=350%2C200","width":350,"height":200,"srcset":"https:\/\/i0.wp.com\/noticiasribeiraopreto.com.br\/wp-content\/uploads\/2024\/11\/poupatempo_ribeirao_1024x576_03092020171438.jpg?fit=1024%2C576&ssl=1&resize=350%2C200 1x, https:\/\/i0.wp.com\/noticiasribeiraopreto.com.br\/wp-content\/uploads\/2024\/11\/poupatempo_ribeirao_1024x576_03092020171438.jpg?fit=1024%2C576&ssl=1&resize=525%2C300 1.5x, https:\/\/i0.wp.com\/noticiasribeiraopreto.com.br\/wp-content\/uploads\/2024\/11\/poupatempo_ribeirao_1024x576_03092020171438.jpg?fit=1024%2C576&ssl=1&resize=700%2C400 2x"},"classes":[]},{"id":60802,"url":"https:\/\/noticiasribeiraopreto.com.br\/index.php\/2024\/11\/26\/ribeirao-preto-recebe-mutirao-de-renegociacao-de-dividas-do-ipva-nesta-terca\/","url_meta":{"origin":79645,"position":1},"title":"Ribeir\u00e3o Preto recebe mutir\u00e3o de renegocia\u00e7\u00e3o de d\u00edvidas do IPVA nesta ter\u00e7a","author":"noticiasribeiraopreto.com.br","date":"26 de November de 2024","format":false,"excerpt":"Ribeir\u00e3o Preto recebe, nesta ter\u00e7a-feira (26), o programa Acordo Paulista para a renegocia\u00e7\u00e3o de d\u00edvidas com mais de dois anos de atraso, principalmente do IPVA (Imposto sobre a Propriedade de Ve\u00edculos Automotores). A a\u00e7\u00e3o ser\u00e1 realizada no Poupatempo, das 13h \u00e0s 17h, na avenida Presidente Kennedy, 1.500, no bairro Ribeir\u00e2nia.\u2026","rel":"","context":"In &quot;Not\u00edcias de Ribeir\u00e3o Preto-SP e Regi\u00e3o&quot;","block_context":{"text":"Not\u00edcias de Ribeir\u00e3o Preto-SP e Regi\u00e3o","link":"https:\/\/noticiasribeiraopreto.com.br\/index.php\/category\/noticias-de-ribeirao-preto-sp-e-regiao-ismael-colosi\/"},"img":{"alt_text":"","src":"https:\/\/i0.wp.com\/noticiasribeiraopreto.com.br\/wp-content\/uploads\/2024\/11\/ipva_podera_1200x675_14122021113202.jpg?fit=1200%2C675&ssl=1&resize=350%2C200","width":350,"height":200,"srcset":"https:\/\/i0.wp.com\/noticiasribeiraopreto.com.br\/wp-content\/uploads\/2024\/11\/ipva_podera_1200x675_14122021113202.jpg?fit=1200%2C675&ssl=1&resize=350%2C200 1x, https:\/\/i0.wp.com\/noticiasribeiraopreto.com.br\/wp-content\/uploads\/2024\/11\/ipva_podera_1200x675_14122021113202.jpg?fit=1200%2C675&ssl=1&resize=525%2C300 1.5x, https:\/\/i0.wp.com\/noticiasribeiraopreto.com.br\/wp-content\/uploads\/2024\/11\/ipva_podera_1200x675_14122021113202.jpg?fit=1200%2C675&ssl=1&resize=700%2C400 2x, https:\/\/i0.wp.com\/noticiasribeiraopreto.com.br\/wp-content\/uploads\/2024\/11\/ipva_podera_1200x675_14122021113202.jpg?fit=1200%2C675&ssl=1&resize=1050%2C600 3x"},"classes":[]},{"id":82118,"url":"https:\/\/noticiasribeiraopreto.com.br\/index.php\/2026\/02\/04\/ribeirao-preto-aparece-na-5a-posicao-em-sp-com-60-mil-veiculos-licenciados\/","url_meta":{"origin":79645,"position":2},"title":"Ribeir\u00e3o Preto aparece na 5\u00aa posi\u00e7\u00e3o em SP com 60 mil ve\u00edculos licenciados","author":"noticiasribeiraopreto.com.br","date":"4 de February de 2026","format":false,"excerpt":"Ribeir\u00e3o Preto est\u00e1 entre os munic\u00edpios com maior n\u00famero de ve\u00edculos licenciados no estado de S\u00e3o Paulo em 2026. Dados do Departamento Estadual de Tr\u00e2nsito de S\u00e3o Paulo (Detran-SP) indicam que 60.270 ve\u00edculos foram licenciados na cidade em janeiro, o que coloca o munic\u00edpio na 5\u00aa posi\u00e7\u00e3o no ranking estadual.\u2026","rel":"","context":"In &quot;Not\u00edcias de Ribeir\u00e3o Preto-SP e Regi\u00e3o&quot;","block_context":{"text":"Not\u00edcias de Ribeir\u00e3o Preto-SP e Regi\u00e3o","link":"https:\/\/noticiasribeiraopreto.com.br\/index.php\/category\/noticias-de-ribeirao-preto-sp-e-regiao-ismael-colosi\/"},"img":{"alt_text":"","src":"https:\/\/i0.wp.com\/noticiasribeiraopreto.com.br\/wp-content\/uploads\/2025\/07\/WhatsApp-Image-2025-04-28-at-07.17.05_2025-04-28_10-22-30.webp.webp?fit=1200%2C900&ssl=1&resize=350%2C200","width":350,"height":200,"srcset":"https:\/\/i0.wp.com\/noticiasribeiraopreto.com.br\/wp-content\/uploads\/2025\/07\/WhatsApp-Image-2025-04-28-at-07.17.05_2025-04-28_10-22-30.webp.webp?fit=1200%2C900&ssl=1&resize=350%2C200 1x, https:\/\/i0.wp.com\/noticiasribeiraopreto.com.br\/wp-content\/uploads\/2025\/07\/WhatsApp-Image-2025-04-28-at-07.17.05_2025-04-28_10-22-30.webp.webp?fit=1200%2C900&ssl=1&resize=525%2C300 1.5x, https:\/\/i0.wp.com\/noticiasribeiraopreto.com.br\/wp-content\/uploads\/2025\/07\/WhatsApp-Image-2025-04-28-at-07.17.05_2025-04-28_10-22-30.webp.webp?fit=1200%2C900&ssl=1&resize=700%2C400 2x, https:\/\/i0.wp.com\/noticiasribeiraopreto.com.br\/wp-content\/uploads\/2025\/07\/WhatsApp-Image-2025-04-28-at-07.17.05_2025-04-28_10-22-30.webp.webp?fit=1200%2C900&ssl=1&resize=1050%2C600 3x"},"classes":[]},{"id":1925,"url":"https:\/\/noticiasribeiraopreto.com.br\/index.php\/2023\/11\/14\/veja-como-regularizar-debitos-com-a-prefeitura-atraves-do-programa-retoma-ribeirao\/","url_meta":{"origin":79645,"position":3},"title":"Veja como regularizar d\u00e9bitos com a Prefeitura atrav\u00e9s do programa Retoma Ribeir\u00e3o","author":"noticiasribeiraopreto.com.br","date":"14 de November de 2023","format":false,"excerpt":"A Prefeitura de Ribeir\u00e3o Preto informou nesta segunda-feira (13), que o programa de regulariza\u00e7\u00e3o de d\u00e9bitos junto \u00e0 Secretaria Municipal da Fazenda, o Retoma Ribeir\u00e3o, estar\u00e1 dispon\u00edvel a partir de quinta-feira (16).\u00a0 De acordo com a Administra\u00e7\u00e3o Municipal, poder\u00e3o ser negociados os impostos em atraso, como IPTU, ISS e ITBI,\u2026","rel":"","context":"In &quot;Not\u00edcias de Ribeir\u00e3o Preto-SP e Regi\u00e3o&quot;","block_context":{"text":"Not\u00edcias de Ribeir\u00e3o Preto-SP e Regi\u00e3o","link":"https:\/\/noticiasribeiraopreto.com.br\/index.php\/category\/noticias-de-ribeirao-preto-sp-e-regiao-ismael-colosi\/"},"img":{"alt_text":"","src":"https:\/\/i0.wp.com\/noticiasribeiraopreto.com.br\/wp-content\/uploads\/2023\/11\/1699966556_ribeirao-preto-prefeitura.jpg?fit=1200%2C900&ssl=1&resize=350%2C200","width":350,"height":200,"srcset":"https:\/\/i0.wp.com\/noticiasribeiraopreto.com.br\/wp-content\/uploads\/2023\/11\/1699966556_ribeirao-preto-prefeitura.jpg?fit=1200%2C900&ssl=1&resize=350%2C200 1x, https:\/\/i0.wp.com\/noticiasribeiraopreto.com.br\/wp-content\/uploads\/2023\/11\/1699966556_ribeirao-preto-prefeitura.jpg?fit=1200%2C900&ssl=1&resize=525%2C300 1.5x, https:\/\/i0.wp.com\/noticiasribeiraopreto.com.br\/wp-content\/uploads\/2023\/11\/1699966556_ribeirao-preto-prefeitura.jpg?fit=1200%2C900&ssl=1&resize=700%2C400 2x, https:\/\/i0.wp.com\/noticiasribeiraopreto.com.br\/wp-content\/uploads\/2023\/11\/1699966556_ribeirao-preto-prefeitura.jpg?fit=1200%2C900&ssl=1&resize=1050%2C600 3x"},"classes":[]},{"id":39341,"url":"https:\/\/noticiasribeiraopreto.com.br\/index.php\/2024\/02\/25\/rp-tem-mais-de-13-mil-ipva-protestados\/","url_meta":{"origin":79645,"position":4},"title":"RP tem mais de 13 mil IPVA protestados","author":"noticiasribeiraopreto.com.br","date":"25 de February de 2024","format":false,"excerpt":"Desde 2012, quando a Procuradoria Geral do Estado de S\u00e3o Paulo (PGE) come\u00e7ou a enviar os nomes dos devedores do Imposto sobre Propriedade de Ve\u00edculos Automotores (IPVA) aos cart\u00f3rios, mais de 101,8 mil d\u00edvidas foram protestadas em Ribeir\u00e3o Preto, totalizando mais de R$ 120,9 milh\u00f5es n\u00e3o pagos aos cofres p\u00fablicos.\u00a0Do\u2026","rel":"","context":"In &quot;Not\u00edcias de Ribeir\u00e3o Preto-SP e Regi\u00e3o&quot;","block_context":{"text":"Not\u00edcias de Ribeir\u00e3o Preto-SP e Regi\u00e3o","link":"https:\/\/noticiasribeiraopreto.com.br\/index.php\/category\/noticias-de-ribeirao-preto-sp-e-regiao-ismael-colosi\/"},"img":{"alt_text":"","src":"https:\/\/i0.wp.com\/noticiasribeiraopreto.com.br\/wp-content\/uploads\/2024\/02\/dividas-ipva-risk-3-scaled.jpg?fit=967%2C645&ssl=1&resize=350%2C200","width":350,"height":200,"srcset":"https:\/\/i0.wp.com\/noticiasribeiraopreto.com.br\/wp-content\/uploads\/2024\/02\/dividas-ipva-risk-3-scaled.jpg?fit=967%2C645&ssl=1&resize=350%2C200 1x, https:\/\/i0.wp.com\/noticiasribeiraopreto.com.br\/wp-content\/uploads\/2024\/02\/dividas-ipva-risk-3-scaled.jpg?fit=967%2C645&ssl=1&resize=525%2C300 1.5x, https:\/\/i0.wp.com\/noticiasribeiraopreto.com.br\/wp-content\/uploads\/2024\/02\/dividas-ipva-risk-3-scaled.jpg?fit=967%2C645&ssl=1&resize=700%2C400 2x"},"classes":[]},{"id":79084,"url":"https:\/\/noticiasribeiraopreto.com.br\/index.php\/2025\/10\/23\/procon-ribeirao-preto-fecha-temporariamente-saiba-o-motivo-e-quando-reabre\/","url_meta":{"origin":79645,"position":5},"title":"Procon Ribeir\u00e3o Preto fecha temporariamente: saiba o motivo e quando reabre","author":"noticiasribeiraopreto.com.br","date":"23 de October de 2025","format":false,"excerpt":"O Procon Ribeir\u00e3o Preto suspendeu, nesta quinta-feira (23), o atendimento ao p\u00fablico at\u00e9 29 de outubro. A interrup\u00e7\u00e3o ocorre devido \u00e0 mudan\u00e7a da sede do \u00f3rg\u00e3o para o Poupatempo Ribeir\u00e3o Preto, localizado na avenida Presidente Kennedy, no bairro Ribeir\u00e2nia. A partir de 30 de outubro, os consumidores passam a ser\u2026","rel":"","context":"In &quot;Not\u00edcias de Ribeir\u00e3o Preto-SP e Regi\u00e3o&quot;","block_context":{"text":"Not\u00edcias de Ribeir\u00e3o Preto-SP e Regi\u00e3o","link":"https:\/\/noticiasribeiraopreto.com.br\/index.php\/category\/noticias-de-ribeirao-preto-sp-e-regiao-ismael-colosi\/"},"img":{"alt_text":"","src":"https:\/\/i0.wp.com\/noticiasribeiraopreto.com.br\/wp-content\/uploads\/2025\/10\/Copia-de-Copia-de-Copia-de-TAMANHO-EXATO-PARA-FOTOS-NO-SISTEMA-NOVO-2025-10-23T165559.432_2025-10-23_19-56-21.webp.webp?fit=1200%2C675&ssl=1&resize=350%2C200","width":350,"height":200,"srcset":"https:\/\/i0.wp.com\/noticiasribeiraopreto.com.br\/wp-content\/uploads\/2025\/10\/Copia-de-Copia-de-Copia-de-TAMANHO-EXATO-PARA-FOTOS-NO-SISTEMA-NOVO-2025-10-23T165559.432_2025-10-23_19-56-21.webp.webp?fit=1200%2C675&ssl=1&resize=350%2C200 1x, https:\/\/i0.wp.com\/noticiasribeiraopreto.com.br\/wp-content\/uploads\/2025\/10\/Copia-de-Copia-de-Copia-de-TAMANHO-EXATO-PARA-FOTOS-NO-SISTEMA-NOVO-2025-10-23T165559.432_2025-10-23_19-56-21.webp.webp?fit=1200%2C675&ssl=1&resize=525%2C300 1.5x, https:\/\/i0.wp.com\/noticiasribeiraopreto.com.br\/wp-content\/uploads\/2025\/10\/Copia-de-Copia-de-Copia-de-TAMANHO-EXATO-PARA-FOTOS-NO-SISTEMA-NOVO-2025-10-23T165559.432_2025-10-23_19-56-21.webp.webp?fit=1200%2C675&ssl=1&resize=700%2C400 2x, https:\/\/i0.wp.com\/noticiasribeiraopreto.com.br\/wp-content\/uploads\/2025\/10\/Copia-de-Copia-de-Copia-de-TAMANHO-EXATO-PARA-FOTOS-NO-SISTEMA-NOVO-2025-10-23T165559.432_2025-10-23_19-56-21.webp.webp?fit=1200%2C675&ssl=1&resize=1050%2C600 3x"},"classes":[]}],"jetpack_sharing_enabled":true,"jetpack_shortlink":"https:\/\/wp.me\/peQAOb-kIB","_links":{"self":[{"href":"https:\/\/noticiasribeiraopreto.com.br\/index.php\/wp-json\/wp\/v2\/posts\/79645","targetHints":{"allow":["GET"]}}],"collection":[{"href":"https:\/\/noticiasribeiraopreto.com.br\/index.php\/wp-json\/wp\/v2\/posts"}],"about":[{"href":"https:\/\/noticiasribeiraopreto.com.br\/index.php\/wp-json\/wp\/v2\/types\/post"}],"author":[{"embeddable":true,"href":"https:\/\/noticiasribeiraopreto.com.br\/index.php\/wp-json\/wp\/v2\/users\/1"}],"replies":[{"embeddable":true,"href":"https:\/\/noticiasribeiraopreto.com.br\/index.php\/wp-json\/wp\/v2\/comments?post=79645"}],"version-history":[{"count":0,"href":"https:\/\/noticiasribeiraopreto.com.br\/index.php\/wp-json\/wp\/v2\/posts\/79645\/revisions"}],"wp:featuredmedia":[{"embeddable":true,"href":"https:\/\/noticiasribeiraopreto.com.br\/index.php\/wp-json\/wp\/v2\/media\/79646"}],"wp:attachment":[{"href":"https:\/\/noticiasribeiraopreto.com.br\/index.php\/wp-json\/wp\/v2\/media?parent=79645"}],"wp:term":[{"taxonomy":"category","embeddable":true,"href":"https:\/\/noticiasribeiraopreto.com.br\/index.php\/wp-json\/wp\/v2\/categories?post=79645"},{"taxonomy":"post_tag","embeddable":true,"href":"https:\/\/noticiasribeiraopreto.com.br\/index.php\/wp-json\/wp\/v2\/tags?post=79645"}],"curies":[{"name":"wp","href":"https:\/\/api.w.org\/{rel}","templated":true}]}}