{"id":79648,"date":"2025-11-05T11:57:17","date_gmt":"2025-11-05T14:57:17","guid":{"rendered":"https:\/\/noticiasribeiraopreto.com.br\/index.php\/2025\/11\/05\/policia-reconstitui-mortes-de-namorado-e-ex-marido-de-professora-de-estetica-na-regiao-de-rbeirao-preto-sp\/"},"modified":"2025-11-05T11:57:17","modified_gmt":"2025-11-05T14:57:17","slug":"policia-reconstitui-mortes-de-namorado-e-ex-marido-de-professora-de-estetica-na-regiao-de-rbeirao-preto-sp","status":"publish","type":"post","link":"https:\/\/noticiasribeiraopreto.com.br\/index.php\/2025\/11\/05\/policia-reconstitui-mortes-de-namorado-e-ex-marido-de-professora-de-estetica-na-regiao-de-rbeirao-preto-sp\/","title":{"rendered":"Pol\u00edcia reconstitui mortes de namorado e ex-marido de professora de est\u00e9tica na regi\u00e3o de Rbeir\u00e3o Preto (SP)"},"content":{"rendered":"<p> <br \/>\n<\/p>\n<div id=\"\">\n<p>\n\t\t\t\t\t\t\t\t\t<span class=\"entry-meta-item penci-posted-on\"><i class=\"fa fa-clock-o\"\/><time class=\"entry-date published updated\" datetime=\"2025-11-05T11:52:25-03:00\">5 de novembro de 2025 11:52<\/time><\/span><span class=\"entry-meta-item penci-post-countview\"><span class=\"entry-meta-item penci-post-countview penci_post-meta_item\"><i class=\"fa fa-eye\"\/><span class=\"penci-post-countview-number penci-post-countview-p445363\">8<\/span><\/span><\/span>\t\t\t\t\t\t\t\t<\/p>\n<p><!-- .entry-meta --><br \/>\n\t\t\t\t\t\t\t\t<span class=\"penci-social-buttons penci-social-share-footer\"><span class=\"penci-social-share-text\">Compartilhar<\/span><a href=\"#\" class=\"penci-post-like penci_post-meta_item  single-like-button penci-social-item like\" data-post_id=\"445363\" title=\"Like\" data-like=\"Like\" data-unlike=\"Unlike\"><i class=\"fa fa-thumbs-o-up\"\/><span class=\"penci-share-number\">0<\/span><\/a><i class=\"fa fa-facebook\"\/><a class=\"penci-social-item twitter\" target=\"_blank\" rel=\"noopener\" title=\"\" href=\"https:\/\/twitter.com\/intent\/tweet?text=Pol\u00edcia%20reconstitui%20mortes%20de%20namorado%20e%20ex-marido%20de%20professora%20de%20est\u00e9tica%20na%20regi\u00e3o%20de%20Rbeir\u00e3o%20Preto%20(SP)%20-%20https:\/\/www.tribunaribeirao.com.br\/policia-reconstitui-mortes-de-namorado-e-ex-marido-de-professora-de-estetica-na-regiao-de-rbeirao-preto-sp\/\"><i class=\"fa fa-twitter\"\/><\/a><i class=\"fa fa-linkedin\"\/><i class=\"fa fa-whatsapp\"\/><i class=\"fa fa-telegram\"\/><i class=\"fa fa-envelope\"\/><\/span>\t\t\t\t\t\t\t<\/div>\n<div>\n<p>As reconstitui\u00e7\u00f5es das mortes de Alex Sandro da Silva Rocha, de 21 anos, e de Walter Gilmar de P\u00e1dua Carneiro, de 65 anos, acontecem nesta quarta-feira (5) em Bebedouro (SP). Os trabalhos da Pol\u00edcia Civil, que come\u00e7aram por volta das 9h, ocorrem na casa da professora de est\u00e9tica Jussara Luzia Fernandes, de 62 anos, que est\u00e1 presa desde 24 de outubro e \u00e9 suspeita em ambos os casos.<\/p>\n<p>Os dois homens tiveram relacionamentos com a professora em per\u00edodos diferentes. Jussara confessou que matou Alex a tesouradas e enterrou o corpo do jovem no quintal da casa dela. J\u00e1 Walter, foi marido dela e encontrado morto dentro da piscina do mesmo im\u00f3vel, que fica no bairro Eldorado, em janeiro deste ano. Al\u00e9m da Pol\u00edcia Civil, equipes da Guarda Municipal tamb\u00e9m participam das reconstitui\u00e7\u00f5es. At\u00e9 as 10h50, elas ainda n\u00e3o haviam sido conclu\u00eddas.<\/p>\n<figure id=\"attachment_445366\" aria-describedby=\"caption-attachment-445366\" style=\"width: 300px\" class=\"wp-caption alignnone\"><img data-recalc-dims=\"1\" loading=\"lazy\" decoding=\"async\" class=\"size-medium wp-image-445366 lazyload\" src=\"https:\/\/i0.wp.com\/www.tribunaribeirao.com.br\/wp-content\/uploads\/2025\/11\/WhatsApp-Image-2025-11-05-at-11.33.21-300x169.jpeg?resize=300%2C169&#038;ssl=1\" alt=\"\" width=\"300\" height=\"169\" srcset=\"https:\/\/www.tribunaribeirao.com.br\/wp-content\/uploads\/2025\/11\/WhatsApp-Image-2025-11-05-at-11.33.21-300x169.jpeg 300w, https:\/\/www.tribunaribeirao.com.br\/wp-content\/uploads\/2025\/11\/WhatsApp-Image-2025-11-05-at-11.33.21-1024x576.jpeg 1024w, https:\/\/www.tribunaribeirao.com.br\/wp-content\/uploads\/2025\/11\/WhatsApp-Image-2025-11-05-at-11.33.21-768x432.jpeg 768w, https:\/\/www.tribunaribeirao.com.br\/wp-content\/uploads\/2025\/11\/WhatsApp-Image-2025-11-05-at-11.33.21-1536x864.jpeg 1536w, https:\/\/www.tribunaribeirao.com.br\/wp-content\/uploads\/2025\/11\/WhatsApp-Image-2025-11-05-at-11.33.21-960x540.jpeg 960w, https:\/\/www.tribunaribeirao.com.br\/wp-content\/uploads\/2025\/11\/WhatsApp-Image-2025-11-05-at-11.33.21-711x400.jpeg 711w, https:\/\/www.tribunaribeirao.com.br\/wp-content\/uploads\/2025\/11\/WhatsApp-Image-2025-11-05-at-11.33.21-585x329.jpeg 585w, https:\/\/www.tribunaribeirao.com.br\/wp-content\/uploads\/2025\/11\/WhatsApp-Image-2025-11-05-at-11.33.21-scaled.jpeg 1200w\" data-sizes=\"(max-width: 300px) 100vw, 300px\" style=\"--smush-placeholder-width: 300px; --smush-placeholder-aspect-ratio: 300\/169;\"\/><figcaption id=\"caption-attachment-445366\" class=\"wp-caption-text\">Reconstitui\u00e7\u00f5es acontecem na manh\u00e3 desta quarta-feira (5) em Bebedouro (SP) | Divulga\u00e7\u00e3o<\/figcaption><\/figure>\n<p>Al\u00e9m das reconstitui\u00e7\u00f5es, a pol\u00edcia solicitou o laudo toxicol\u00f3gico do corpo de Alex Sandro e tamb\u00e9m pediu autoriza\u00e7\u00e3o para exumar os restos mortais de Walter. A m\u00e3e de Alex, Ivonete Ribeiro da Silva, disse que o filho vivia um relacionamento abusivo e que a profissional de est\u00e9tica era ciumenta e possessiva. Ela acredita que o jovem foi dopado antes de ser morto.<\/p>\n<p>Na \u00e9poca do encontro do corpo, Jussara chegou a dizer \u00e0 pol\u00edcia que tentava se defender de Alex quando o matou. Segundo a pol\u00edcia, ela deve responder pelos crimes de homic\u00eddio e oculta\u00e7\u00e3o de cad\u00e1ver. A morte de Walter passou a ser investigada ap\u00f3s o caso envolvendo Alex Sandro vir a tona. Isso porque a filha de Walter afirma que o pai apresentou piora no estado de sa\u00fade nos dias que antecederam a morte dele, com quadro de v\u00f4mito e sonol\u00eancia.<\/p>\n<h2>Caso namorado<\/h2>\n<p>Alex Sandro da Silva Rocha, de 21 anos, foi morto entre a noite e a madrugada dos dias 21 e 22 de outubro, na casa que vivia com a professora de est\u00e9tica Jussara Fernandes, de 62 anos. Depois de uma den\u00fancia an\u00f4nima, agentes da Guarda Civil Municipal (GCM) foram ao endere\u00e7o da professora com a pol\u00edcia e questionaram a moradora, que primeiro negou qualquer crime.<\/p>\n<p>Os agentes perceberam a terra remexida no quintal e questionaram a professora, que disse que era para enterrar um cachorro. Ela acabou caindo em contradi\u00e7\u00e3o e confessou que tinha matado o companheiro. Ao revirar a terra, os policiais identificaram o corpo de Alex, retirado pelos bombeiros. Jussara contou para a pol\u00edcia que o namorado tinha comportamento agressivo, com hist\u00f3rico de agress\u00f5es contra ela. Eles estavam juntos h\u00e1 cinco meses e moravam na casa dela.<\/p>\n<figure id=\"attachment_445365\" aria-describedby=\"caption-attachment-445365\" style=\"width: 300px\" class=\"wp-caption alignnone\"><img data-recalc-dims=\"1\" loading=\"lazy\" decoding=\"async\" class=\"size-medium wp-image-445365 lazyload\" src=\"https:\/\/i0.wp.com\/www.tribunaribeirao.com.br\/wp-content\/uploads\/2025\/11\/WhatsApp-Image-2025-11-05-at-11.34.256-300x225.jpeg?resize=300%2C225&#038;ssl=1\" alt=\"\" width=\"300\" height=\"225\" srcset=\"https:\/\/www.tribunaribeirao.com.br\/wp-content\/uploads\/2025\/11\/WhatsApp-Image-2025-11-05-at-11.34.256-300x225.jpeg 300w, https:\/\/www.tribunaribeirao.com.br\/wp-content\/uploads\/2025\/11\/WhatsApp-Image-2025-11-05-at-11.34.256-768x576.jpeg 768w, https:\/\/www.tribunaribeirao.com.br\/wp-content\/uploads\/2025\/11\/WhatsApp-Image-2025-11-05-at-11.34.256-760x570.jpeg 760w, https:\/\/www.tribunaribeirao.com.br\/wp-content\/uploads\/2025\/11\/WhatsApp-Image-2025-11-05-at-11.34.256-533x400.jpeg 533w, https:\/\/www.tribunaribeirao.com.br\/wp-content\/uploads\/2025\/11\/WhatsApp-Image-2025-11-05-at-11.34.256-585x439.jpeg 585w, https:\/\/www.tribunaribeirao.com.br\/wp-content\/uploads\/2025\/11\/WhatsApp-Image-2025-11-05-at-11.34.256.jpeg 900w\" data-sizes=\"(max-width: 300px) 100vw, 300px\" style=\"--smush-placeholder-width: 300px; --smush-placeholder-aspect-ratio: 300\/225;\"\/><figcaption id=\"caption-attachment-445365\" class=\"wp-caption-text\">Os trabalhos da pol\u00edcia come\u00e7aram por volta das 9h na casa da professora de est\u00e9tica | Divulga\u00e7\u00e3o<\/figcaption><\/figure>\n<p>E na noite em que Alex Sandro foi morto, os dois discutiram e ele teria pegado uma faca para amea\u00e7\u00e1-la, segundo a professora de est\u00e9tica. Ela tamb\u00e9m contou \u00e0 pol\u00edcia que chamou um conhecido e pagou a ele R$ 50 para abrir uma vala no quintal, com a justificativa de que ela serviria para enterrar um cachorro de grande porte.<\/p>\n<h3>Caso ex-marido<\/h3>\n<p>Walter Gilmar de P\u00e1dua Carneiro, de 65 anos, foi encontrado morto dentro da piscina da mesma casa em janeiro deste ano. No registro da Pol\u00edcia Militar (PM), consta que foi a professora de est\u00e9tica encontrou o corpo do ex-marido, mas ela tinha sa\u00eddo por volta das 6h30 da manh\u00e3 para entregar um produto a uma amiga e que Walter ficou dormindo. Depois, segundo relato, ela passou na feira e no mercado, e voltou para casa por volta de 9h30.<\/p>\n<figure id=\"attachment_445367\" aria-describedby=\"caption-attachment-445367\" style=\"width: 300px\" class=\"wp-caption alignnone\"><img data-recalc-dims=\"1\" loading=\"lazy\" decoding=\"async\" class=\"size-medium wp-image-445367 lazyload\" src=\"https:\/\/i0.wp.com\/www.tribunaribeirao.com.br\/wp-content\/uploads\/2025\/11\/WhatsApp-Image-2025-11-05-at-11.34.25-1.2-300x225.jpeg?resize=300%2C225&#038;ssl=1\" alt=\"\" width=\"300\" height=\"225\" srcset=\"https:\/\/www.tribunaribeirao.com.br\/wp-content\/uploads\/2025\/11\/WhatsApp-Image-2025-11-05-at-11.34.25-1.2-300x225.jpeg 300w, https:\/\/www.tribunaribeirao.com.br\/wp-content\/uploads\/2025\/11\/WhatsApp-Image-2025-11-05-at-11.34.25-1.2-768x576.jpeg 768w, https:\/\/www.tribunaribeirao.com.br\/wp-content\/uploads\/2025\/11\/WhatsApp-Image-2025-11-05-at-11.34.25-1.2-760x570.jpeg 760w, https:\/\/www.tribunaribeirao.com.br\/wp-content\/uploads\/2025\/11\/WhatsApp-Image-2025-11-05-at-11.34.25-1.2-534x400.jpeg 534w, https:\/\/www.tribunaribeirao.com.br\/wp-content\/uploads\/2025\/11\/WhatsApp-Image-2025-11-05-at-11.34.25-1.2-585x439.jpeg 585w, https:\/\/www.tribunaribeirao.com.br\/wp-content\/uploads\/2025\/11\/WhatsApp-Image-2025-11-05-at-11.34.25-1.2.jpeg 899w\" data-sizes=\"(max-width: 300px) 100vw, 300px\" style=\"--smush-placeholder-width: 300px; --smush-placeholder-aspect-ratio: 300\/225;\"\/><figcaption id=\"caption-attachment-445367\" class=\"wp-caption-text\">Pol\u00edcia Civil investiga se mulher que matou e enterrou namorado tamb\u00e9m matou o ex-marido | Divulga\u00e7\u00e3o<\/figcaption><\/figure>\n<p>Ainda segundo a professora, ao abrir a \u00e1rea da piscina para a cachorra, viu o marido na \u00e1gua. Ela contou para a pol\u00edcia que o ex-companheiro tinha ataques epil\u00e9pticos, inclusive teria sofrido um na noite anterior. Na \u00e9poca, o caso foi registrado no 2\u00ba Distrito Policial como morte suspeita e o laudo necrosc\u00f3pico apontou afogamento como a causa. O caso segue em investiga\u00e7\u00e3o. A defesa de Jussara n\u00e3o foi encontrada para comentar as reconstitui\u00e7\u00f5es.<\/p>\n<p><!-- CONTENT END 2 -->\n<\/div>\n<p><script async src=\"\/\/platform.twitter.com\/widgets.js\" charset=\"utf-8\"><\/script><br \/>\n<br \/><br \/>\n<br \/><a href=\"https:\/\/www.tribunaribeirao.com.br\/policia-reconstitui-mortes-de-namorado-e-ex-marido-de-professora-de-estetica-na-regiao-de-rbeirao-preto-sp\/\">Source link <\/a><\/p>\n","protected":false},"excerpt":{"rendered":"<p>5 de novembro de 2025 11:528 Compartilhar0 As reconstitui\u00e7\u00f5es das mortes de Alex Sandro da Silva Rocha, de 21 anos, e de Walter Gilmar de&#8230;<\/p>\n","protected":false},"author":1,"featured_media":79649,"comment_status":"open","ping_status":"open","sticky":false,"template":"","format":"standard","meta":{"advanced_seo_description":"","jetpack_seo_html_title":"","jetpack_seo_noindex":false,"jetpack_post_was_ever_published":false,"_jetpack_newsletter_access":"","_jetpack_dont_email_post_to_subs":false,"_jetpack_newsletter_tier_id":0,"_jetpack_memberships_contains_paywalled_content":false,"_jetpack_memberships_contains_paid_content":false,"footnotes":"","jetpack_publicize_message":"","jetpack_publicize_feature_enabled":true,"jetpack_social_post_already_shared":true,"jetpack_social_options":{"image_generator_settings":{"template":"highway","default_image_id":0,"font":"","enabled":false},"version":2}},"categories":[11],"tags":[],"class_list":["post-79648","post","type-post","status-publish","format-standard","has-post-thumbnail","hentry","category-noticias-de-ribeirao-preto-sp-e-regiao-ismael-colosi"],"jetpack_publicize_connections":[],"jetpack_featured_media_url":"https:\/\/i0.wp.com\/noticiasribeiraopreto.com.br\/wp-content\/uploads\/2025\/11\/WhatsApp-Image-2025-11-05-at-11.33.53-scaled.jpeg?fit=1200%2C711&ssl=1","jetpack-related-posts":[{"id":41707,"url":"https:\/\/noticiasribeiraopreto.com.br\/index.php\/2024\/03\/10\/gerente-geral-de-fazenda-foco-em-alimentacao-de-gado-leiteiro-e-de-corte\/","url_meta":{"origin":79648,"position":0},"title":"Gerente Geral de Fazenda (Foco em alimenta\u00e7\u00e3o de gado leiteiro e de corte)","author":"noticiasribeiraopreto.com.br","date":"10 de March de 2024","format":false,"excerpt":"Gerente Geral de Fazenda (Foco em alimenta\u00e7\u00e3o de gado leiteiro e de corte) Goi\u00e2nia\/Goi\u00e1sView JobGerente de Qualidade Agr\u00edcolaRegi\u00e3o de Barretos\/SPView JobGerente de Marcas - \u00c1rea de Marketing S\u00e3o Paulo\/SPView JobGerente de Controladoria Campinas e Regi\u00e3o Metropolitana\/SPView JobGerente de Contabilidade (Nacional e Internacional)Ribeir\u00e3o Preto\/SPView JobGerente S\u00eanior de ComprasInterior do Estado de\u2026","rel":"","context":"In &quot;Vagas de Emprego em Ribeir\u00e3o Preto-SP&quot;","block_context":{"text":"Vagas de Emprego em Ribeir\u00e3o Preto-SP","link":"https:\/\/noticiasribeiraopreto.com.br\/index.php\/category\/empregos-classificados-vagas-trabalho\/vagas-de-empregos-em-ribeirao-preto-regiao-brasil\/"},"img":{"alt_text":"","src":"","width":0,"height":0},"classes":[]},{"id":46084,"url":"https:\/\/noticiasribeiraopreto.com.br\/index.php\/2024\/04\/09\/consultora-assistente-de-recrutamento-e-selecao\/","url_meta":{"origin":79648,"position":1},"title":"Consultora assistente de recrutamento e sele\u00e7\u00e3o","author":"noticiasribeiraopreto.com.br","date":"9 de April de 2024","format":false,"excerpt":"Consultora assistente - assessoria Ribeir\u00e3o Preto View JobConsultora assistente de recrutamento e sele\u00e7\u00e3o Ribeir\u00e3o PretoView JobVendedor T\u00e9cnico Externo S\u00e3o Jos\u00e9 do Rio Preto - SPView JobAnalista de Recursos Humanos S\u00eanior Ribeir\u00e3o Preto - SPView JobVendedor de alta performanceRibeir\u00e3o Preto - SP View JobConsultor de Vendas Pleno Ribeir\u00e3o PretoView JobProdutor audiovisualRibeir\u00e3o\u2026","rel":"","context":"In &quot;Vagas de Emprego em Ribeir\u00e3o Preto-SP&quot;","block_context":{"text":"Vagas de Emprego em Ribeir\u00e3o Preto-SP","link":"https:\/\/noticiasribeiraopreto.com.br\/index.php\/category\/empregos-classificados-vagas-trabalho\/vagas-de-empregos-em-ribeirao-preto-regiao-brasil\/"},"img":{"alt_text":"","src":"","width":0,"height":0},"classes":[]},{"id":42016,"url":"https:\/\/noticiasribeiraopreto.com.br\/index.php\/2024\/03\/12\/analista-financeiro\/","url_meta":{"origin":79648,"position":2},"title":"Analista Financeiro","author":"noticiasribeiraopreto.com.br","date":"12 de March de 2024","format":false,"excerpt":"T\u00e9cnico Eletr\u00f4nico BancadaRibeir\u00e3o Preto SPView JobAnalista FinanceiroRibeir\u00e3o Preto SPView JobGerente Geral de Fazenda (Foco em alimenta\u00e7\u00e3o de gado leiteiro e de corte) Goi\u00e2nia\/Goi\u00e1sView JobGerente de Qualidade Agr\u00edcolaRegi\u00e3o de Barretos\/SPView JobGerente de Marcas - \u00c1rea de Marketing S\u00e3o Paulo\/SPView JobGerente de Controladoria Campinas e Regi\u00e3o Metropolitana\/SPView JobGerente de Contabilidade (Nacional e\u2026","rel":"","context":"In &quot;Vagas de Emprego em Ribeir\u00e3o Preto-SP&quot;","block_context":{"text":"Vagas de Emprego em Ribeir\u00e3o Preto-SP","link":"https:\/\/noticiasribeiraopreto.com.br\/index.php\/category\/empregos-classificados-vagas-trabalho\/vagas-de-empregos-em-ribeirao-preto-regiao-brasil\/"},"img":{"alt_text":"","src":"","width":0,"height":0},"classes":[]},{"id":41497,"url":"https:\/\/noticiasribeiraopreto.com.br\/index.php\/2024\/03\/08\/gerente-de-qualidade-agricola\/","url_meta":{"origin":79648,"position":3},"title":"Gerente de Qualidade Agr\u00edcola","author":"noticiasribeiraopreto.com.br","date":"8 de March de 2024","format":false,"excerpt":"Gerente Geral de Fazenda (Foco em alimenta\u00e7\u00e3o de gado leiteiro e de corte) Goi\u00e2nia\/Goi\u00e1sView JobGerente de Qualidade Agr\u00edcolaRegi\u00e3o de Barretos\/SPView JobGerente de Marcas - \u00c1rea de Marketing S\u00e3o Paulo\/SPView JobGerente de Controladoria Campinas e Regi\u00e3o Metropolitana\/SPView JobGerente de Contabilidade (Nacional e Internacional)Ribeir\u00e3o Preto\/SPView JobGerente S\u00eanior de ComprasInterior do Estado de\u2026","rel":"","context":"In &quot;Vagas de Emprego em Ribeir\u00e3o Preto-SP&quot;","block_context":{"text":"Vagas de Emprego em Ribeir\u00e3o Preto-SP","link":"https:\/\/noticiasribeiraopreto.com.br\/index.php\/category\/empregos-classificados-vagas-trabalho\/vagas-de-empregos-em-ribeirao-preto-regiao-brasil\/"},"img":{"alt_text":"","src":"","width":0,"height":0},"classes":[]},{"id":43168,"url":"https:\/\/noticiasribeiraopreto.com.br\/index.php\/2024\/03\/19\/tecnico-eletronico-bancada-3\/","url_meta":{"origin":79648,"position":4},"title":"T\u00e9cnico Eletr\u00f4nico Bancada","author":"noticiasribeiraopreto.com.br","date":"19 de March de 2024","format":false,"excerpt":"T\u00e9cnico Eletr\u00f4nico BancadaRibeir\u00e3o Preto SPView JobAnalista FinanceiroRibeir\u00e3o Preto SPView JobGerente Geral de Fazenda (Foco em alimenta\u00e7\u00e3o de gado leiteiro e de corte) Goi\u00e2nia\/Goi\u00e1sView JobGerente de Qualidade Agr\u00edcolaRegi\u00e3o de Barretos\/SPView JobGerente de Marcas - \u00c1rea de Marketing S\u00e3o Paulo\/SPView JobGerente de Controladoria Campinas e Regi\u00e3o Metropolitana\/SPView JobGerente de Contabilidade (Nacional e\u2026","rel":"","context":"In &quot;Vagas de Emprego em Ribeir\u00e3o Preto-SP&quot;","block_context":{"text":"Vagas de Emprego em Ribeir\u00e3o Preto-SP","link":"https:\/\/noticiasribeiraopreto.com.br\/index.php\/category\/empregos-classificados-vagas-trabalho\/vagas-de-empregos-em-ribeirao-preto-regiao-brasil\/"},"img":{"alt_text":"","src":"","width":0,"height":0},"classes":[]},{"id":43320,"url":"https:\/\/noticiasribeiraopreto.com.br\/index.php\/2024\/03\/20\/analista-financeiro-3\/","url_meta":{"origin":79648,"position":5},"title":"Analista Financeiro","author":"noticiasribeiraopreto.com.br","date":"20 de March de 2024","format":false,"excerpt":"T\u00e9cnico Eletr\u00f4nico BancadaRibeir\u00e3o Preto SPView JobAnalista FinanceiroRibeir\u00e3o Preto SPView JobGerente Geral de Fazenda (Foco em alimenta\u00e7\u00e3o de gado leiteiro e de corte) Goi\u00e2nia\/Goi\u00e1sView JobGerente de Qualidade Agr\u00edcolaRegi\u00e3o de Barretos\/SPView JobGerente de Marcas - \u00c1rea de Marketing S\u00e3o Paulo\/SPView JobGerente de Controladoria Campinas e Regi\u00e3o Metropolitana\/SPView JobGerente de Contabilidade (Nacional e\u2026","rel":"","context":"In &quot;Vagas de Emprego em Ribeir\u00e3o Preto-SP&quot;","block_context":{"text":"Vagas de Emprego em Ribeir\u00e3o Preto-SP","link":"https:\/\/noticiasribeiraopreto.com.br\/index.php\/category\/empregos-classificados-vagas-trabalho\/vagas-de-empregos-em-ribeirao-preto-regiao-brasil\/"},"img":{"alt_text":"","src":"","width":0,"height":0},"classes":[]}],"jetpack_sharing_enabled":true,"jetpack_shortlink":"https:\/\/wp.me\/peQAOb-kIE","_links":{"self":[{"href":"https:\/\/noticiasribeiraopreto.com.br\/index.php\/wp-json\/wp\/v2\/posts\/79648","targetHints":{"allow":["GET"]}}],"collection":[{"href":"https:\/\/noticiasribeiraopreto.com.br\/index.php\/wp-json\/wp\/v2\/posts"}],"about":[{"href":"https:\/\/noticiasribeiraopreto.com.br\/index.php\/wp-json\/wp\/v2\/types\/post"}],"author":[{"embeddable":true,"href":"https:\/\/noticiasribeiraopreto.com.br\/index.php\/wp-json\/wp\/v2\/users\/1"}],"replies":[{"embeddable":true,"href":"https:\/\/noticiasribeiraopreto.com.br\/index.php\/wp-json\/wp\/v2\/comments?post=79648"}],"version-history":[{"count":0,"href":"https:\/\/noticiasribeiraopreto.com.br\/index.php\/wp-json\/wp\/v2\/posts\/79648\/revisions"}],"wp:featuredmedia":[{"embeddable":true,"href":"https:\/\/noticiasribeiraopreto.com.br\/index.php\/wp-json\/wp\/v2\/media\/79649"}],"wp:attachment":[{"href":"https:\/\/noticiasribeiraopreto.com.br\/index.php\/wp-json\/wp\/v2\/media?parent=79648"}],"wp:term":[{"taxonomy":"category","embeddable":true,"href":"https:\/\/noticiasribeiraopreto.com.br\/index.php\/wp-json\/wp\/v2\/categories?post=79648"},{"taxonomy":"post_tag","embeddable":true,"href":"https:\/\/noticiasribeiraopreto.com.br\/index.php\/wp-json\/wp\/v2\/tags?post=79648"}],"curies":[{"name":"wp","href":"https:\/\/api.w.org\/{rel}","templated":true}]}}