{"id":79650,"date":"2025-11-05T12:00:30","date_gmt":"2025-11-05T15:00:30","guid":{"rendered":"https:\/\/noticiasribeiraopreto.com.br\/index.php\/2025\/11\/05\/caminhao-carregado-de-laranja-tomba-em-rodovia-na-regiao-de-ribeirao-preto\/"},"modified":"2025-11-05T12:00:30","modified_gmt":"2025-11-05T15:00:30","slug":"caminhao-carregado-de-laranja-tomba-em-rodovia-na-regiao-de-ribeirao-preto","status":"publish","type":"post","link":"https:\/\/noticiasribeiraopreto.com.br\/index.php\/2025\/11\/05\/caminhao-carregado-de-laranja-tomba-em-rodovia-na-regiao-de-ribeirao-preto\/","title":{"rendered":"Caminh\u00e3o carregado de laranja tomba em rodovia na regi\u00e3o de Ribeir\u00e3o Preto"},"content":{"rendered":"<div class='code-block code-block-1' style='margin: 8px 0 8px auto; text-align: right; display: block; clear: both;'>\n<p><a href=\"https:\/\/wa.link\/vpicfd\"><img data-recalc-dims=\"1\" class=\"wp-image-4922\" style=\"aspect-ratio: 2.0253164556962027; width: 561px; height: auto;\" src=\"https:\/\/i0.wp.com\/ismaelcolosi.com.br\/wp-content\/uploads\/2023\/11\/grupo-de-empregos-whatsapp-e-facebook-ismael-colosi-vagas.jpg?ssl=1\" alt=\"\" \/><\/a><\/p>\n<!-- \/wp:image -->\n<\/div>\n<p> <br \/>\n<\/p>\n<div data-td-block-uid=\"tdi_95\">\n<div class=\"tdb-block-inner td-fix-index\">\n<p><strong>Um caminh\u00e3o carregado de laranja tombou no in\u00edcio da madrugada desta quarta-feira (5), no km 38 da rodovia Paulo Borges de Oliveira (SP-425), em Miguel\u00f3polis, a 130 quil\u00f4metros de\u00a0Ribeir\u00e3o Preto.<\/strong><\/p>\n<p>Segundo informa\u00e7\u00f5es, o <strong>motorista <\/strong>sofreu <strong>ferimentos leves<\/strong>. A carga se <strong>espalhou <\/strong>pela pista e acostamento.<\/p>\n<p>De acordo com o DER, h\u00e1 interdi\u00e7\u00e3o de uma faixa da pista, no sentido leste, mas sem registro de congestionamento.<\/p>\n<p>O motorista seguia de Avar\u00e9 (SP) em dire\u00e7\u00e3o a Colina (SP).<\/p>\n<p>As causas ainda dever\u00e3o ser apuradas.<\/p>\n<p>SAIBA MAIS<\/p>\n<p>Inc\u00eandio em comunidade mobiliza Bombeiros em Ribeir\u00e3o Preto<\/p>\n<h2 class=\"wp-block-heading\"><strong>FIQUE ON<\/strong><\/h2>\n<p>Fique ligado em tudo que acontece em Ribeir\u00e3o Preto e regi\u00e3o. Siga os perfis do<strong>\u00a0acidade on<\/strong>\u00a0no\u00a0<a href=\"https:\/\/www.instagram.com\/acidadeonribeirao\" target=\"_blank\" rel=\"noreferrer noopener\">Instagram<\/a>\u00a0e no\u00a0<a href=\"https:\/\/www.facebook.com\/acidadeonribeirao\/\" target=\"_blank\" rel=\"noreferrer noopener\">Facebook<\/a>.<\/p>\n<p>Receba not\u00edcias do\u00a0<strong>acidade on<\/strong>\u00a0no WhatsApp. Para entrar no grupo,\u00a0basta\u00a0<a href=\"https:\/\/chat.whatsapp.com\/I4nieTEMKlf50pJ28aMemC?mode=ac_t\" target=\"_blank\" rel=\"noreferrer noopener\">clicar aqui<\/a>. Ou, acesse o nosso\u00a0Canal\u00a0<a href=\"https:\/\/whatsapp.com\/channel\/0029Vb6IQl1JENyAeS57fk2p\" target=\"_blank\" rel=\"noreferrer noopener\">clicando aqui<\/a>.<\/p>\n<p>Fa\u00e7a uma den\u00fancia ou sugira uma reportagem sobre Ribeir\u00e3o Preto e regi\u00e3o pelo WhatsApp: 16 99117 7802.<\/p>\n<p>VEJA TAMB\u00c9M<\/p>\n<p>O que aconteceu na primeira audi\u00eancia do caso do Hytalo Santos?<\/p>\n<p><!-- AI CONTENT END 1 -->\n<\/div>\n<\/div>\n<p><script async src=\"\/\/www.instagram.com\/embed.js\"><\/script><br \/>\n<br \/><br \/>\n<br \/><a href=\"https:\/\/www.acidadeon.com\/ribeiraopreto\/cotidiano\/caminhao-carregado-de-laranja-tomba-em-rodovia-na-regiao-de-ribeirao-preto\/\">Source link <\/a><\/p>\n<!-- CONTENT END 1 -->\n","protected":false},"excerpt":{"rendered":"<p>Um caminh\u00e3o carregado de laranja tombou no in\u00edcio da madrugada desta quarta-feira (5), no km 38 da rodovia Paulo Borges de Oliveira (SP-425), em Miguel\u00f3polis,&#8230;<\/p>\n","protected":false},"author":1,"featured_media":79651,"comment_status":"open","ping_status":"open","sticky":false,"template":"","format":"standard","meta":{"advanced_seo_description":"","jetpack_seo_html_title":"","jetpack_seo_noindex":false,"jetpack_post_was_ever_published":false,"_jetpack_newsletter_access":"","_jetpack_dont_email_post_to_subs":false,"_jetpack_newsletter_tier_id":0,"_jetpack_memberships_contains_paywalled_content":false,"_jetpack_memberships_contains_paid_content":false,"footnotes":"","jetpack_publicize_message":"","jetpack_publicize_feature_enabled":true,"jetpack_social_post_already_shared":true,"jetpack_social_options":{"image_generator_settings":{"template":"highway","default_image_id":0,"font":"","enabled":false},"version":2}},"categories":[11],"tags":[],"class_list":["post-79650","post","type-post","status-publish","format-standard","has-post-thumbnail","hentry","category-noticias-de-ribeirao-preto-sp-e-regiao-ismael-colosi"],"jetpack_publicize_connections":[],"jetpack_featured_media_url":"https:\/\/i0.wp.com\/noticiasribeiraopreto.com.br\/wp-content\/uploads\/2025\/11\/caminhao_2025-11-05_11-40-13.webp.webp?fit=1200%2C675&ssl=1","jetpack-related-posts":[{"id":67147,"url":"https:\/\/noticiasribeiraopreto.com.br\/index.php\/2025\/04\/10\/caminhao-carregado-de-soja-tomba-e-interdita-anhanguera-na-regiao-de-ribeirao-preto\/","url_meta":{"origin":79650,"position":0},"title":"Caminh\u00e3o carregado de soja tomba e interdita Anhanguera na regi\u00e3o de Ribeir\u00e3o Preto","author":"noticiasribeiraopreto.com.br","date":"10 de April de 2025","format":false,"excerpt":"Um caminh\u00e3o carregado de soja tombou na madrugada desta quinta-feira (10), no km 380 da rodovia Anhanguera (SP-330), em S\u00e3o Joaquim da Barra, a aproximadamente 70 quil\u00f4metros de Ribeir\u00e3o Preto. Segundo a Artesp, a pista sentido Sul (Capital) est\u00e1 interditada. H\u00e1 desvio pela marginal da rodovia, no Distrito Industrial. A\u2026","rel":"","context":"In &quot;Not\u00edcias de Ribeir\u00e3o Preto-SP e Regi\u00e3o&quot;","block_context":{"text":"Not\u00edcias de Ribeir\u00e3o Preto-SP e Regi\u00e3o","link":"https:\/\/noticiasribeiraopreto.com.br\/index.php\/category\/noticias-de-ribeirao-preto-sp-e-regiao-ismael-colosi\/"},"img":{"alt_text":"","src":"https:\/\/i0.wp.com\/noticiasribeiraopreto.com.br\/wp-content\/uploads\/2025\/04\/ACIDENTE_2025-04-10_10-52-48_jpg_2025-04-10_10-52-48.webp.webp?fit=1139%2C561&ssl=1&resize=350%2C200","width":350,"height":200,"srcset":"https:\/\/i0.wp.com\/noticiasribeiraopreto.com.br\/wp-content\/uploads\/2025\/04\/ACIDENTE_2025-04-10_10-52-48_jpg_2025-04-10_10-52-48.webp.webp?fit=1139%2C561&ssl=1&resize=350%2C200 1x, https:\/\/i0.wp.com\/noticiasribeiraopreto.com.br\/wp-content\/uploads\/2025\/04\/ACIDENTE_2025-04-10_10-52-48_jpg_2025-04-10_10-52-48.webp.webp?fit=1139%2C561&ssl=1&resize=525%2C300 1.5x, https:\/\/i0.wp.com\/noticiasribeiraopreto.com.br\/wp-content\/uploads\/2025\/04\/ACIDENTE_2025-04-10_10-52-48_jpg_2025-04-10_10-52-48.webp.webp?fit=1139%2C561&ssl=1&resize=700%2C400 2x, https:\/\/i0.wp.com\/noticiasribeiraopreto.com.br\/wp-content\/uploads\/2025\/04\/ACIDENTE_2025-04-10_10-52-48_jpg_2025-04-10_10-52-48.webp.webp?fit=1139%2C561&ssl=1&resize=1050%2C600 3x"},"classes":[]},{"id":70158,"url":"https:\/\/noticiasribeiraopreto.com.br\/index.php\/2025\/05\/23\/caminhao-carregado-de-bebidas-tomba-na-rodovia-anhanguera\/","url_meta":{"origin":79650,"position":1},"title":"Caminh\u00e3o carregado de bebidas tomba na rodovia Anhanguera","author":"noticiasribeiraopreto.com.br","date":"23 de May de 2025","format":false,"excerpt":"Um caminh\u00e3o carregado de bebidas tombou na noite desta quinta-feira (22), no km 401 da rodovia Anhanguera (SP-330), em Guar\u00e1, cidade a aproximadamente 90 quil\u00f4metros de Ribeir\u00e3o Preto. Segundo a Artesp, o motorista sofreu ferimentos leves. O tombamento ocorreu no acostamento da via pela pista Norte (interior) e a carga,\u2026","rel":"","context":"In &quot;Not\u00edcias de Ribeir\u00e3o Preto-SP e Regi\u00e3o&quot;","block_context":{"text":"Not\u00edcias de Ribeir\u00e3o Preto-SP e Regi\u00e3o","link":"https:\/\/noticiasribeiraopreto.com.br\/index.php\/category\/noticias-de-ribeirao-preto-sp-e-regiao-ismael-colosi\/"},"img":{"alt_text":"","src":"https:\/\/i0.wp.com\/noticiasribeiraopreto.com.br\/wp-content\/uploads\/2025\/05\/WhatsApp-Image-2025-05-23-at-06.32.42_2025-05-23_11-40-21.webp.webp?fit=1200%2C554&ssl=1&resize=350%2C200","width":350,"height":200,"srcset":"https:\/\/i0.wp.com\/noticiasribeiraopreto.com.br\/wp-content\/uploads\/2025\/05\/WhatsApp-Image-2025-05-23-at-06.32.42_2025-05-23_11-40-21.webp.webp?fit=1200%2C554&ssl=1&resize=350%2C200 1x, https:\/\/i0.wp.com\/noticiasribeiraopreto.com.br\/wp-content\/uploads\/2025\/05\/WhatsApp-Image-2025-05-23-at-06.32.42_2025-05-23_11-40-21.webp.webp?fit=1200%2C554&ssl=1&resize=525%2C300 1.5x, https:\/\/i0.wp.com\/noticiasribeiraopreto.com.br\/wp-content\/uploads\/2025\/05\/WhatsApp-Image-2025-05-23-at-06.32.42_2025-05-23_11-40-21.webp.webp?fit=1200%2C554&ssl=1&resize=700%2C400 2x, https:\/\/i0.wp.com\/noticiasribeiraopreto.com.br\/wp-content\/uploads\/2025\/05\/WhatsApp-Image-2025-05-23-at-06.32.42_2025-05-23_11-40-21.webp.webp?fit=1200%2C554&ssl=1&resize=1050%2C600 3x"},"classes":[]},{"id":56521,"url":"https:\/\/noticiasribeiraopreto.com.br\/index.php\/2024\/08\/14\/caminhao-carregado-tomba-no-anel-viario-sul-em-ribeirao-preto\/","url_meta":{"origin":79650,"position":2},"title":"Caminh\u00e3o carregado tomba no Anel Vi\u00e1rio Sul em Ribeir\u00e3o Preto","author":"noticiasribeiraopreto.com.br","date":"14 de August de 2024","format":false,"excerpt":"Um caminh\u00e3o carregado com cana de a\u00e7\u00facar tombou e quase caiu em uma ribanceira na manh\u00e3 desta quarta-(14), na al\u00e7a de acesso que liga a rodovia Ant\u00f4nio Machado Santana (SP-255) ao Anel Vi\u00e1rio Sul, no sentido a Ribeir\u00e3o Preto. O motorista perdeu o controle da carreta e tombou em um\u2026","rel":"","context":"In &quot;Not\u00edcias de Ribeir\u00e3o Preto-SP e Regi\u00e3o&quot;","block_context":{"text":"Not\u00edcias de Ribeir\u00e3o Preto-SP e Regi\u00e3o","link":"https:\/\/noticiasribeiraopreto.com.br\/index.php\/category\/noticias-de-ribeirao-preto-sp-e-regiao-ismael-colosi\/"},"img":{"alt_text":"","src":"https:\/\/i0.wp.com\/noticiasribeiraopreto.com.br\/wp-content\/uploads\/2024\/08\/Copia-de-Copia-de-Copia-de-TAMANHO-EXATO-PARA-FOTOS-NO-SISTEMA-NOVO-2_2024-08-14_15-31-07_png_2024-08-14_15-31-07.webp.webp?fit=1200%2C675&ssl=1&resize=350%2C200","width":350,"height":200,"srcset":"https:\/\/i0.wp.com\/noticiasribeiraopreto.com.br\/wp-content\/uploads\/2024\/08\/Copia-de-Copia-de-Copia-de-TAMANHO-EXATO-PARA-FOTOS-NO-SISTEMA-NOVO-2_2024-08-14_15-31-07_png_2024-08-14_15-31-07.webp.webp?fit=1200%2C675&ssl=1&resize=350%2C200 1x, https:\/\/i0.wp.com\/noticiasribeiraopreto.com.br\/wp-content\/uploads\/2024\/08\/Copia-de-Copia-de-Copia-de-TAMANHO-EXATO-PARA-FOTOS-NO-SISTEMA-NOVO-2_2024-08-14_15-31-07_png_2024-08-14_15-31-07.webp.webp?fit=1200%2C675&ssl=1&resize=525%2C300 1.5x, https:\/\/i0.wp.com\/noticiasribeiraopreto.com.br\/wp-content\/uploads\/2024\/08\/Copia-de-Copia-de-Copia-de-TAMANHO-EXATO-PARA-FOTOS-NO-SISTEMA-NOVO-2_2024-08-14_15-31-07_png_2024-08-14_15-31-07.webp.webp?fit=1200%2C675&ssl=1&resize=700%2C400 2x, https:\/\/i0.wp.com\/noticiasribeiraopreto.com.br\/wp-content\/uploads\/2024\/08\/Copia-de-Copia-de-Copia-de-TAMANHO-EXATO-PARA-FOTOS-NO-SISTEMA-NOVO-2_2024-08-14_15-31-07_png_2024-08-14_15-31-07.webp.webp?fit=1200%2C675&ssl=1&resize=1050%2C600 3x"},"classes":[]},{"id":60602,"url":"https:\/\/noticiasribeiraopreto.com.br\/index.php\/2024\/11\/19\/motociclista-morre-atropelado-por-caminhao-de-gesso-em-rodovia\/","url_meta":{"origin":79650,"position":3},"title":"Motociclista morre atropelado por caminh\u00e3o de gesso em rodovia","author":"noticiasribeiraopreto.com.br","date":"19 de November de 2024","format":false,"excerpt":"Um motociclista morreu ap\u00f3s ser atropelado por um caminh\u00e3o carregado de gesso, na rodovia Ronan Rocha, em Franca, na tarde desta ter\u00e7a-feira (19). Segundo o motorista da carreta, ele seguia na pista quando o motociclista reduziu a velociade. Ele afirma que chegou a buzinar, mas acabou colidindo na traseira da\u2026","rel":"","context":"In &quot;Not\u00edcias de Ribeir\u00e3o Preto-SP e Regi\u00e3o&quot;","block_context":{"text":"Not\u00edcias de Ribeir\u00e3o Preto-SP e Regi\u00e3o","link":"https:\/\/noticiasribeiraopreto.com.br\/index.php\/category\/noticias-de-ribeirao-preto-sp-e-regiao-ismael-colosi\/"},"img":{"alt_text":"","src":"https:\/\/i0.wp.com\/noticiasribeiraopreto.com.br\/wp-content\/uploads\/2024\/11\/Copia-de-Copia-de-Copia-de-TAMANHO-EXATO-PARA-FOTOS-NO-SISTEMA-NOVO-100_2024-11-19_16-34-28_png_2024-11-19_16-34-29.webp.webp?fit=1200%2C675&ssl=1&resize=350%2C200","width":350,"height":200,"srcset":"https:\/\/i0.wp.com\/noticiasribeiraopreto.com.br\/wp-content\/uploads\/2024\/11\/Copia-de-Copia-de-Copia-de-TAMANHO-EXATO-PARA-FOTOS-NO-SISTEMA-NOVO-100_2024-11-19_16-34-28_png_2024-11-19_16-34-29.webp.webp?fit=1200%2C675&ssl=1&resize=350%2C200 1x, https:\/\/i0.wp.com\/noticiasribeiraopreto.com.br\/wp-content\/uploads\/2024\/11\/Copia-de-Copia-de-Copia-de-TAMANHO-EXATO-PARA-FOTOS-NO-SISTEMA-NOVO-100_2024-11-19_16-34-28_png_2024-11-19_16-34-29.webp.webp?fit=1200%2C675&ssl=1&resize=525%2C300 1.5x, https:\/\/i0.wp.com\/noticiasribeiraopreto.com.br\/wp-content\/uploads\/2024\/11\/Copia-de-Copia-de-Copia-de-TAMANHO-EXATO-PARA-FOTOS-NO-SISTEMA-NOVO-100_2024-11-19_16-34-28_png_2024-11-19_16-34-29.webp.webp?fit=1200%2C675&ssl=1&resize=700%2C400 2x, https:\/\/i0.wp.com\/noticiasribeiraopreto.com.br\/wp-content\/uploads\/2024\/11\/Copia-de-Copia-de-Copia-de-TAMANHO-EXATO-PARA-FOTOS-NO-SISTEMA-NOVO-100_2024-11-19_16-34-28_png_2024-11-19_16-34-29.webp.webp?fit=1200%2C675&ssl=1&resize=1050%2C600 3x"},"classes":[]},{"id":73805,"url":"https:\/\/noticiasribeiraopreto.com.br\/index.php\/2025\/07\/10\/carreta-com-farelo-de-laranja-tomba-em-rodovia-na-regiao-de-ribeirao-preto\/","url_meta":{"origin":79650,"position":4},"title":"Carreta com farelo de laranja tomba em rodovia na regi\u00e3o de Ribeir\u00e3o Preto","author":"noticiasribeiraopreto.com.br","date":"10 de July de 2025","format":false,"excerpt":"Uma carreta carregada de farelo de laranja tombou na noite desta quarta-feira (9), na rodovia Brigadeiro Faria Lima (SP-326), em trecho de Taquaral, a 80 quil\u00f4metros de Ribeir\u00e3o Preto. Segundo informa\u00e7\u00f5es da\u00a0Artesp (Ag\u00eancia de Transporte do Estado de S\u00e3o Paulo), o motorista relatou ter sido fechado por outro ve\u00edculo, quando\u2026","rel":"","context":"In &quot;Not\u00edcias de Ribeir\u00e3o Preto-SP e Regi\u00e3o&quot;","block_context":{"text":"Not\u00edcias de Ribeir\u00e3o Preto-SP e Regi\u00e3o","link":"https:\/\/noticiasribeiraopreto.com.br\/index.php\/category\/noticias-de-ribeirao-preto-sp-e-regiao-ismael-colosi\/"},"img":{"alt_text":"","src":"https:\/\/i0.wp.com\/noticiasribeiraopreto.com.br\/wp-content\/uploads\/2025\/07\/CAMINHAO_2025-07-10_10-46-38.webp.webp?fit=1200%2C778&ssl=1&resize=350%2C200","width":350,"height":200,"srcset":"https:\/\/i0.wp.com\/noticiasribeiraopreto.com.br\/wp-content\/uploads\/2025\/07\/CAMINHAO_2025-07-10_10-46-38.webp.webp?fit=1200%2C778&ssl=1&resize=350%2C200 1x, https:\/\/i0.wp.com\/noticiasribeiraopreto.com.br\/wp-content\/uploads\/2025\/07\/CAMINHAO_2025-07-10_10-46-38.webp.webp?fit=1200%2C778&ssl=1&resize=525%2C300 1.5x, https:\/\/i0.wp.com\/noticiasribeiraopreto.com.br\/wp-content\/uploads\/2025\/07\/CAMINHAO_2025-07-10_10-46-38.webp.webp?fit=1200%2C778&ssl=1&resize=700%2C400 2x, https:\/\/i0.wp.com\/noticiasribeiraopreto.com.br\/wp-content\/uploads\/2025\/07\/CAMINHAO_2025-07-10_10-46-38.webp.webp?fit=1200%2C778&ssl=1&resize=1050%2C600 3x"},"classes":[]},{"id":82403,"url":"https:\/\/noticiasribeiraopreto.com.br\/index.php\/2026\/02\/13\/caminhao-carregado-de-batatas-tomba-e-causa-interdicao-na-anhanguera\/","url_meta":{"origin":79650,"position":5},"title":"Caminh\u00e3o carregado de batatas tomba e causa interdi\u00e7\u00e3o na Anhanguera","author":"noticiasribeiraopreto.com.br","date":"13 de February de 2026","format":false,"excerpt":"Um caminh\u00e3o carregado de batatas tombou na noite desta quinta-feira (12), no km 378 pela pista sentido sul (capital) da rodovia Anhanguera (SP-330), em S\u00e3o Joaquim da Barra, a 70 quil\u00f4metros de Ribeir\u00e3o Preto. Segundo o CCM (Centro de Controle Multimodal) da Artesp (Ag\u00eancia de Transportes do Estado de S\u00e3o\u2026","rel":"","context":"In &quot;Not\u00edcias de Ribeir\u00e3o Preto-SP e Regi\u00e3o&quot;","block_context":{"text":"Not\u00edcias de Ribeir\u00e3o Preto-SP e Regi\u00e3o","link":"https:\/\/noticiasribeiraopreto.com.br\/index.php\/category\/noticias-de-ribeirao-preto-sp-e-regiao-ismael-colosi\/"},"img":{"alt_text":"","src":"https:\/\/i0.wp.com\/noticiasribeiraopreto.com.br\/wp-content\/uploads\/2026\/02\/download-34_2026-02-13_10-23-17.webp.webp?fit=1200%2C675&ssl=1&resize=350%2C200","width":350,"height":200,"srcset":"https:\/\/i0.wp.com\/noticiasribeiraopreto.com.br\/wp-content\/uploads\/2026\/02\/download-34_2026-02-13_10-23-17.webp.webp?fit=1200%2C675&ssl=1&resize=350%2C200 1x, https:\/\/i0.wp.com\/noticiasribeiraopreto.com.br\/wp-content\/uploads\/2026\/02\/download-34_2026-02-13_10-23-17.webp.webp?fit=1200%2C675&ssl=1&resize=525%2C300 1.5x, https:\/\/i0.wp.com\/noticiasribeiraopreto.com.br\/wp-content\/uploads\/2026\/02\/download-34_2026-02-13_10-23-17.webp.webp?fit=1200%2C675&ssl=1&resize=700%2C400 2x, https:\/\/i0.wp.com\/noticiasribeiraopreto.com.br\/wp-content\/uploads\/2026\/02\/download-34_2026-02-13_10-23-17.webp.webp?fit=1200%2C675&ssl=1&resize=1050%2C600 3x"},"classes":[]}],"jetpack_sharing_enabled":true,"jetpack_shortlink":"https:\/\/wp.me\/peQAOb-kIG","_links":{"self":[{"href":"https:\/\/noticiasribeiraopreto.com.br\/index.php\/wp-json\/wp\/v2\/posts\/79650","targetHints":{"allow":["GET"]}}],"collection":[{"href":"https:\/\/noticiasribeiraopreto.com.br\/index.php\/wp-json\/wp\/v2\/posts"}],"about":[{"href":"https:\/\/noticiasribeiraopreto.com.br\/index.php\/wp-json\/wp\/v2\/types\/post"}],"author":[{"embeddable":true,"href":"https:\/\/noticiasribeiraopreto.com.br\/index.php\/wp-json\/wp\/v2\/users\/1"}],"replies":[{"embeddable":true,"href":"https:\/\/noticiasribeiraopreto.com.br\/index.php\/wp-json\/wp\/v2\/comments?post=79650"}],"version-history":[{"count":0,"href":"https:\/\/noticiasribeiraopreto.com.br\/index.php\/wp-json\/wp\/v2\/posts\/79650\/revisions"}],"wp:featuredmedia":[{"embeddable":true,"href":"https:\/\/noticiasribeiraopreto.com.br\/index.php\/wp-json\/wp\/v2\/media\/79651"}],"wp:attachment":[{"href":"https:\/\/noticiasribeiraopreto.com.br\/index.php\/wp-json\/wp\/v2\/media?parent=79650"}],"wp:term":[{"taxonomy":"category","embeddable":true,"href":"https:\/\/noticiasribeiraopreto.com.br\/index.php\/wp-json\/wp\/v2\/categories?post=79650"},{"taxonomy":"post_tag","embeddable":true,"href":"https:\/\/noticiasribeiraopreto.com.br\/index.php\/wp-json\/wp\/v2\/tags?post=79650"}],"curies":[{"name":"wp","href":"https:\/\/api.w.org\/{rel}","templated":true}]}}