{"id":79652,"date":"2025-11-05T12:07:31","date_gmt":"2025-11-05T15:07:31","guid":{"rendered":"https:\/\/noticiasribeiraopreto.com.br\/index.php\/2025\/11\/05\/incendio-em-comunidade-mobiliza-bombeiros-em-ribeirao-preto\/"},"modified":"2025-11-05T12:07:31","modified_gmt":"2025-11-05T15:07:31","slug":"incendio-em-comunidade-mobiliza-bombeiros-em-ribeirao-preto","status":"publish","type":"post","link":"https:\/\/noticiasribeiraopreto.com.br\/index.php\/2025\/11\/05\/incendio-em-comunidade-mobiliza-bombeiros-em-ribeirao-preto\/","title":{"rendered":"Inc\u00eandio em comunidade mobiliza Bombeiros em Ribeir\u00e3o Preto"},"content":{"rendered":"<div class='code-block code-block-1' style='margin: 8px 0 8px auto; text-align: right; display: block; clear: both;'>\n<p><a href=\"https:\/\/wa.link\/vpicfd\"><img data-recalc-dims=\"1\" class=\"wp-image-4922\" style=\"aspect-ratio: 2.0253164556962027; width: 561px; height: auto;\" src=\"https:\/\/i0.wp.com\/ismaelcolosi.com.br\/wp-content\/uploads\/2023\/11\/grupo-de-empregos-whatsapp-e-facebook-ismael-colosi-vagas.jpg?ssl=1\" alt=\"\" \/><\/a><\/p>\n<!-- \/wp:image -->\n<\/div>\n<p> <br \/>\n<\/p>\n<p><strong>O Corpo de Bombeiros est\u00e1 mobilizado em um inc\u00eandio em comunidade na manh\u00e3 desta quarta-feira (5), no Jardim Aeroporto, zona Norte de Ribeir\u00e3o Preto.<\/strong><\/p>\n<p>Segundo as <strong>primeiras informa\u00e7\u00f5es<\/strong>, <mark style=\"background-color:#fcb900\" class=\"has-inline-color has-black-color\">o fogo teria atingido um barraco na rua Pirangi. O local estaria vazio. N\u00e3o h\u00e1, contudo, registro de v\u00edtimas.<\/mark><\/p>\n<p>As causas ainda dever\u00e3o ser apuradas.<\/p>\n<p>SAIBA MAIS<\/p>\n<p>Troca de tiros em rodovia da regi\u00e3o de Ribeir\u00e3o Preto termina com uma pessoa morta<\/p>\n<h2 class=\"wp-block-heading\"><strong>FIQUE ON<\/strong><\/h2>\n<p>Fique ligado em tudo que acontece em Ribeir\u00e3o Preto e regi\u00e3o. Siga os perfis do<strong>&nbsp;acidade on<\/strong>&nbsp;no&nbsp;<a href=\"https:\/\/www.instagram.com\/acidadeonribeirao\" target=\"_blank\" rel=\"noreferrer noopener\">Instagram<\/a>&nbsp;e no&nbsp;<a href=\"https:\/\/www.facebook.com\/acidadeonribeirao\/\" target=\"_blank\" rel=\"noreferrer noopener\">Facebook<\/a>.<\/p>\n<p>Receba not\u00edcias do&nbsp;<strong>acidade on<\/strong>&nbsp;no WhatsApp. Para entrar no grupo,&nbsp;basta&nbsp;<a href=\"https:\/\/chat.whatsapp.com\/I4nieTEMKlf50pJ28aMemC?mode=ac_t\" target=\"_blank\" rel=\"noreferrer noopener\">clicar aqui<\/a>. Ou, acesse o nosso&nbsp;Canal&nbsp;<a href=\"https:\/\/whatsapp.com\/channel\/0029Vb6IQl1JENyAeS57fk2p\" target=\"_blank\" rel=\"noreferrer noopener\">clicando aqui<\/a>.<\/p>\n<p>Fa\u00e7a uma den\u00fancia ou sugira uma reportagem sobre Ribeir\u00e3o Preto e regi\u00e3o pelo WhatsApp: 16 99117 7802.<\/p>\n<p>VEJA TAMB\u00c9M<\/p>\n<p>O que aconteceu na primeira audi\u00eancia do caso do Hytalo Santos?<\/p>\n<p>O post Inc\u00eandio em comunidade mobiliza Bombeiros em Ribeir\u00e3o Preto apareceu primeiro em ACidade ON Ribeir\u00e3o Preto.<\/p>\n<p><script async src=\"\/\/www.instagram.com\/embed.js\"><\/script><br \/>\n<br \/><br \/>\n<br \/><a href=\"https:\/\/www.acidadeon.com\/ribeiraopreto\/cotidiano\/incendio-em-comunidade-mobiliza-bombeiros-em-ribeirao-preto\/\">Source link <\/a><\/p>\n<!-- CONTENT END 1 -->\n","protected":false},"excerpt":{"rendered":"<p>O Corpo de Bombeiros est\u00e1 mobilizado em um inc\u00eandio em comunidade na manh\u00e3 desta quarta-feira (5), no Jardim Aeroporto, zona Norte de Ribeir\u00e3o Preto. Segundo&#8230;<\/p>\n","protected":false},"author":1,"featured_media":79653,"comment_status":"open","ping_status":"open","sticky":false,"template":"","format":"standard","meta":{"advanced_seo_description":"","jetpack_seo_html_title":"","jetpack_seo_noindex":false,"jetpack_post_was_ever_published":false,"_jetpack_newsletter_access":"","_jetpack_dont_email_post_to_subs":false,"_jetpack_newsletter_tier_id":0,"_jetpack_memberships_contains_paywalled_content":false,"_jetpack_memberships_contains_paid_content":false,"footnotes":"","jetpack_publicize_message":"","jetpack_publicize_feature_enabled":true,"jetpack_social_post_already_shared":true,"jetpack_social_options":{"image_generator_settings":{"template":"highway","default_image_id":0,"font":"","enabled":false},"version":2}},"categories":[11],"tags":[],"class_list":["post-79652","post","type-post","status-publish","format-standard","has-post-thumbnail","hentry","category-noticias-de-ribeirao-preto-sp-e-regiao-ismael-colosi"],"jetpack_publicize_connections":[],"jetpack_featured_media_url":"https:\/\/i0.wp.com\/noticiasribeiraopreto.com.br\/wp-content\/uploads\/2025\/11\/WhatsApp-Image-2025-11-05-at-06.46.07_2025-11-05_09-56-28-e1762336691778.webp.webp?fit=834%2C570&ssl=1","jetpack-related-posts":[{"id":78345,"url":"https:\/\/noticiasribeiraopreto.com.br\/index.php\/2025\/10\/09\/incendio-em-supermercado-mobiliza-bombeiros-na-regiao-de-ribeirao-preto-video\/","url_meta":{"origin":79652,"position":0},"title":"Inc\u00eandio em supermercado mobiliza Bombeiros na regi\u00e3o de Ribeir\u00e3o Preto; V\u00eddeo","author":"noticiasribeiraopreto.com.br","date":"9 de October de 2025","format":false,"excerpt":"Um inc\u00eandio em um supermercado mobiliza o Corpo de Bombeiros nesta quinta-feira (9), em Jardin\u00f3polis, na regi\u00e3o de Ribeir\u00e3o Preto. Segundo as primeiras informa\u00e7\u00f5es, o estabelecimento, localizado na rua Mario Lamonato, pertenceria ao empres\u00e1rio Carlos Alberto Orioli Salom\u00e3o. Ele foi preso em agosto deste ano, no estado da Bahia, por\u2026","rel":"","context":"In &quot;Not\u00edcias de Ribeir\u00e3o Preto-SP e Regi\u00e3o&quot;","block_context":{"text":"Not\u00edcias de Ribeir\u00e3o Preto-SP e Regi\u00e3o","link":"https:\/\/noticiasribeiraopreto.com.br\/index.php\/category\/noticias-de-ribeirao-preto-sp-e-regiao-ismael-colosi\/"},"img":{"alt_text":"","src":"https:\/\/i0.wp.com\/noticiasribeiraopreto.com.br\/wp-content\/uploads\/2025\/10\/INCENDIO_2025-10-09_10-11-08.webp.webp?fit=1200%2C872&ssl=1&resize=350%2C200","width":350,"height":200,"srcset":"https:\/\/i0.wp.com\/noticiasribeiraopreto.com.br\/wp-content\/uploads\/2025\/10\/INCENDIO_2025-10-09_10-11-08.webp.webp?fit=1200%2C872&ssl=1&resize=350%2C200 1x, https:\/\/i0.wp.com\/noticiasribeiraopreto.com.br\/wp-content\/uploads\/2025\/10\/INCENDIO_2025-10-09_10-11-08.webp.webp?fit=1200%2C872&ssl=1&resize=525%2C300 1.5x, https:\/\/i0.wp.com\/noticiasribeiraopreto.com.br\/wp-content\/uploads\/2025\/10\/INCENDIO_2025-10-09_10-11-08.webp.webp?fit=1200%2C872&ssl=1&resize=700%2C400 2x, https:\/\/i0.wp.com\/noticiasribeiraopreto.com.br\/wp-content\/uploads\/2025\/10\/INCENDIO_2025-10-09_10-11-08.webp.webp?fit=1200%2C872&ssl=1&resize=1050%2C600 3x"},"classes":[]},{"id":62599,"url":"https:\/\/noticiasribeiraopreto.com.br\/index.php\/2025\/01\/18\/incendio-em-fabrica-mobiliza-bombeiros-em-ribeirao-preto-video\/","url_meta":{"origin":79652,"position":1},"title":"Inc\u00eandio em f\u00e1brica mobiliza Bombeiros em Ribeir\u00e3o Preto; V\u00eddeo","author":"noticiasribeiraopreto.com.br","date":"18 de January de 2025","format":false,"excerpt":"Um princ\u00edpio de inc\u00eandio em uma f\u00e1brica de portas de alum\u00ednio nos Campos El\u00edseos, na zona Norte de Ribeir\u00e3o Preto, mobilizou o Corpo de Bombeiros na tarde deste s\u00e1bado (18) \u2013 veja o v\u00eddeo abaixo. No momento do inc\u00eandio, n\u00e3o havia ningu\u00e9m dentro da empresa e os vizinhos perceberam a\u2026","rel":"","context":"In &quot;Not\u00edcias de Ribeir\u00e3o Preto-SP e Regi\u00e3o&quot;","block_context":{"text":"Not\u00edcias de Ribeir\u00e3o Preto-SP e Regi\u00e3o","link":"https:\/\/noticiasribeiraopreto.com.br\/index.php\/category\/noticias-de-ribeirao-preto-sp-e-regiao-ismael-colosi\/"},"img":{"alt_text":"","src":"https:\/\/i0.wp.com\/noticiasribeiraopreto.com.br\/wp-content\/uploads\/2025\/01\/fogo_2025-01-18_21-28-10_jpg_2025-01-18_21-28-10.webp.webp?fit=1200%2C850&ssl=1&resize=350%2C200","width":350,"height":200,"srcset":"https:\/\/i0.wp.com\/noticiasribeiraopreto.com.br\/wp-content\/uploads\/2025\/01\/fogo_2025-01-18_21-28-10_jpg_2025-01-18_21-28-10.webp.webp?fit=1200%2C850&ssl=1&resize=350%2C200 1x, https:\/\/i0.wp.com\/noticiasribeiraopreto.com.br\/wp-content\/uploads\/2025\/01\/fogo_2025-01-18_21-28-10_jpg_2025-01-18_21-28-10.webp.webp?fit=1200%2C850&ssl=1&resize=525%2C300 1.5x, https:\/\/i0.wp.com\/noticiasribeiraopreto.com.br\/wp-content\/uploads\/2025\/01\/fogo_2025-01-18_21-28-10_jpg_2025-01-18_21-28-10.webp.webp?fit=1200%2C850&ssl=1&resize=700%2C400 2x, https:\/\/i0.wp.com\/noticiasribeiraopreto.com.br\/wp-content\/uploads\/2025\/01\/fogo_2025-01-18_21-28-10_jpg_2025-01-18_21-28-10.webp.webp?fit=1200%2C850&ssl=1&resize=1050%2C600 3x"},"classes":[]},{"id":56891,"url":"https:\/\/noticiasribeiraopreto.com.br\/index.php\/2024\/08\/16\/bombeiro-que-morava-na-regiao-de-ribeirao-morre-durante-combate-a-incendio-em-sp\/","url_meta":{"origin":79652,"position":2},"title":"Bombeiro que morava na regi\u00e3o de Ribeir\u00e3o morre durante combate a inc\u00eandio em SP","author":"noticiasribeiraopreto.com.br","date":"16 de August de 2024","format":false,"excerpt":"Um bombeiro de 30 anos morreu na manh\u00e3 desta sexta-feira (16), durante o combate a um inc\u00eandio em pelo menos tr\u00eas resid\u00eancias na comunidade de Sapopemba, em S\u00e3o Paulo. De acordo com nota emitida pela Pol\u00edcia Militar do Estado de S\u00e3o Paulo, a estrutura de um dos im\u00f3veis que pegou\u2026","rel":"","context":"In &quot;Not\u00edcias de Ribeir\u00e3o Preto-SP e Regi\u00e3o&quot;","block_context":{"text":"Not\u00edcias de Ribeir\u00e3o Preto-SP e Regi\u00e3o","link":"https:\/\/noticiasribeiraopreto.com.br\/index.php\/category\/noticias-de-ribeirao-preto-sp-e-regiao-ismael-colosi\/"},"img":{"alt_text":"","src":"https:\/\/i0.wp.com\/noticiasribeiraopreto.com.br\/wp-content\/uploads\/2024\/08\/Copia-de-Copia-de-Copia-de-TAMANHO-EXATO-PARA-FOTOS-NO-SISTEMA-NOVO-9_2024-08-16_19-46-17_png_2024-08-16_19-46-17.webp.webp?fit=1200%2C675&ssl=1&resize=350%2C200","width":350,"height":200,"srcset":"https:\/\/i0.wp.com\/noticiasribeiraopreto.com.br\/wp-content\/uploads\/2024\/08\/Copia-de-Copia-de-Copia-de-TAMANHO-EXATO-PARA-FOTOS-NO-SISTEMA-NOVO-9_2024-08-16_19-46-17_png_2024-08-16_19-46-17.webp.webp?fit=1200%2C675&ssl=1&resize=350%2C200 1x, https:\/\/i0.wp.com\/noticiasribeiraopreto.com.br\/wp-content\/uploads\/2024\/08\/Copia-de-Copia-de-Copia-de-TAMANHO-EXATO-PARA-FOTOS-NO-SISTEMA-NOVO-9_2024-08-16_19-46-17_png_2024-08-16_19-46-17.webp.webp?fit=1200%2C675&ssl=1&resize=525%2C300 1.5x, https:\/\/i0.wp.com\/noticiasribeiraopreto.com.br\/wp-content\/uploads\/2024\/08\/Copia-de-Copia-de-Copia-de-TAMANHO-EXATO-PARA-FOTOS-NO-SISTEMA-NOVO-9_2024-08-16_19-46-17_png_2024-08-16_19-46-17.webp.webp?fit=1200%2C675&ssl=1&resize=700%2C400 2x, https:\/\/i0.wp.com\/noticiasribeiraopreto.com.br\/wp-content\/uploads\/2024\/08\/Copia-de-Copia-de-Copia-de-TAMANHO-EXATO-PARA-FOTOS-NO-SISTEMA-NOVO-9_2024-08-16_19-46-17_png_2024-08-16_19-46-17.webp.webp?fit=1200%2C675&ssl=1&resize=1050%2C600 3x"},"classes":[]},{"id":47959,"url":"https:\/\/noticiasribeiraopreto.com.br\/index.php\/2024\/04\/29\/incendio-em-academia-na-zona-oeste-de-ribeirao-preto-mobiliza-bombeiros-veja-video\/","url_meta":{"origin":79652,"position":3},"title":"Inc\u00eandio em academia na zona Oeste de Ribeir\u00e3o Preto mobiliza bombeiros; Veja v\u00eddeo","author":"noticiasribeiraopreto.com.br","date":"29 de April de 2024","format":false,"excerpt":"Uma academia que fica na avenida Ant\u00f4nio e Helena Zerrener, na zona Oeste de Ribeir\u00e3o Preto, pegou fogo no in\u00edcio da noite desta segunda-feira (29). Imagens registradas por moradores de um pr\u00e9dio vizinho mostram as chamas altas e muita fuma\u00e7a (veja abaixo). Segundo o Corpo de Bombeiros, n\u00e3o houve v\u00edtimas\u2026","rel":"","context":"In &quot;Not\u00edcias de Ribeir\u00e3o Preto-SP e Regi\u00e3o&quot;","block_context":{"text":"Not\u00edcias de Ribeir\u00e3o Preto-SP e Regi\u00e3o","link":"https:\/\/noticiasribeiraopreto.com.br\/index.php\/category\/noticias-de-ribeirao-preto-sp-e-regiao-ismael-colosi\/"},"img":{"alt_text":"","src":"https:\/\/i0.wp.com\/noticiasribeiraopreto.com.br\/wp-content\/uploads\/2024\/04\/Copia-de-Copia-de-TAMANHO-EXATO-PARA-FOTOS-NO-SISTEMA-NOVO-21-2_2024-04-29_22-16-51_jpg.webp.webp?fit=1200%2C675&ssl=1&resize=350%2C200","width":350,"height":200,"srcset":"https:\/\/i0.wp.com\/noticiasribeiraopreto.com.br\/wp-content\/uploads\/2024\/04\/Copia-de-Copia-de-TAMANHO-EXATO-PARA-FOTOS-NO-SISTEMA-NOVO-21-2_2024-04-29_22-16-51_jpg.webp.webp?fit=1200%2C675&ssl=1&resize=350%2C200 1x, https:\/\/i0.wp.com\/noticiasribeiraopreto.com.br\/wp-content\/uploads\/2024\/04\/Copia-de-Copia-de-TAMANHO-EXATO-PARA-FOTOS-NO-SISTEMA-NOVO-21-2_2024-04-29_22-16-51_jpg.webp.webp?fit=1200%2C675&ssl=1&resize=525%2C300 1.5x, https:\/\/i0.wp.com\/noticiasribeiraopreto.com.br\/wp-content\/uploads\/2024\/04\/Copia-de-Copia-de-TAMANHO-EXATO-PARA-FOTOS-NO-SISTEMA-NOVO-21-2_2024-04-29_22-16-51_jpg.webp.webp?fit=1200%2C675&ssl=1&resize=700%2C400 2x, https:\/\/i0.wp.com\/noticiasribeiraopreto.com.br\/wp-content\/uploads\/2024\/04\/Copia-de-Copia-de-TAMANHO-EXATO-PARA-FOTOS-NO-SISTEMA-NOVO-21-2_2024-04-29_22-16-51_jpg.webp.webp?fit=1200%2C675&ssl=1&resize=1050%2C600 3x"},"classes":[]},{"id":58869,"url":"https:\/\/noticiasribeiraopreto.com.br\/index.php\/2024\/10\/08\/incendio-mobiliza-bombeiros-em-residencia-na-zona-norte-de-ribeirao\/","url_meta":{"origin":79652,"position":4},"title":"Inc\u00eandio mobiliza Bombeiros em resid\u00eancia na zona Norte de Ribeir\u00e3o","author":"noticiasribeiraopreto.com.br","date":"8 de October de 2024","format":false,"excerpt":"O Corpo de Bombeiros foi mobilizado para conter um inc\u00eandio no fim da madrugada desta ter\u00e7a-feira (8), no quintal de uma casa localizada no bairro Ipiranga, zona Norte de Ribeir\u00e3o Preto. Segundo informa\u00e7\u00f5es, o fogo teria atingido material acumulado na parte externa da resid\u00eancia, na\u00a0rua Tapaj\u00f3s. Apesar do susto, n\u00e3o\u2026","rel":"","context":"In &quot;Not\u00edcias de Ribeir\u00e3o Preto-SP e Regi\u00e3o&quot;","block_context":{"text":"Not\u00edcias de Ribeir\u00e3o Preto-SP e Regi\u00e3o","link":"https:\/\/noticiasribeiraopreto.com.br\/index.php\/category\/noticias-de-ribeirao-preto-sp-e-regiao-ismael-colosi\/"},"img":{"alt_text":"","src":"https:\/\/i0.wp.com\/noticiasribeiraopreto.com.br\/wp-content\/uploads\/2024\/10\/WhatsApp-Image-2024-10-08-at-08.34.34_2024-10-08_11-35-30_jpeg_2024-10-08_11-35-30.webp.webp?fit=1200%2C1024&ssl=1&resize=350%2C200","width":350,"height":200,"srcset":"https:\/\/i0.wp.com\/noticiasribeiraopreto.com.br\/wp-content\/uploads\/2024\/10\/WhatsApp-Image-2024-10-08-at-08.34.34_2024-10-08_11-35-30_jpeg_2024-10-08_11-35-30.webp.webp?fit=1200%2C1024&ssl=1&resize=350%2C200 1x, https:\/\/i0.wp.com\/noticiasribeiraopreto.com.br\/wp-content\/uploads\/2024\/10\/WhatsApp-Image-2024-10-08-at-08.34.34_2024-10-08_11-35-30_jpeg_2024-10-08_11-35-30.webp.webp?fit=1200%2C1024&ssl=1&resize=525%2C300 1.5x, https:\/\/i0.wp.com\/noticiasribeiraopreto.com.br\/wp-content\/uploads\/2024\/10\/WhatsApp-Image-2024-10-08-at-08.34.34_2024-10-08_11-35-30_jpeg_2024-10-08_11-35-30.webp.webp?fit=1200%2C1024&ssl=1&resize=700%2C400 2x, https:\/\/i0.wp.com\/noticiasribeiraopreto.com.br\/wp-content\/uploads\/2024\/10\/WhatsApp-Image-2024-10-08-at-08.34.34_2024-10-08_11-35-30_jpeg_2024-10-08_11-35-30.webp.webp?fit=1200%2C1024&ssl=1&resize=1050%2C600 3x"},"classes":[]},{"id":53685,"url":"https:\/\/noticiasribeiraopreto.com.br\/index.php\/2024\/06\/22\/incendio-atinge-deposito-de-materiais-reciclaveis-em-ribeirao-preto-video\/","url_meta":{"origin":79652,"position":5},"title":"Inc\u00eandio atinge dep\u00f3sito de materiais recicl\u00e1veis em Ribeir\u00e3o Preto; V\u00eddeo","author":"noticiasribeiraopreto.com.br","date":"22 de June de 2024","format":false,"excerpt":"Um inc\u00eandio atingiu um dep\u00f3sito de materiais recicl\u00e1veis em Ribeir\u00e3o Preto na tarde deste s\u00e1bado (22) \u2013 veja o v\u00eddeo. Segundo moradores, um cachorro teria morrido no local. O inc\u00eandio atingiu o galp\u00e3o, que fica na rua Ribeir\u00e3o Preto, na Vila Elisa, na zona Norte de Ribeir\u00e3o Preto. As chamas\u2026","rel":"","context":"In &quot;Not\u00edcias de Ribeir\u00e3o Preto-SP e Regi\u00e3o&quot;","block_context":{"text":"Not\u00edcias de Ribeir\u00e3o Preto-SP e Regi\u00e3o","link":"https:\/\/noticiasribeiraopreto.com.br\/index.php\/category\/noticias-de-ribeirao-preto-sp-e-regiao-ismael-colosi\/"},"img":{"alt_text":"","src":"https:\/\/i0.wp.com\/noticiasribeiraopreto.com.br\/wp-content\/uploads\/2024\/06\/AnyConv.com__incendio-ribeirao_2024-06-22_19-18-52.webp.webp?fit=1191%2C1200&ssl=1&resize=350%2C200","width":350,"height":200,"srcset":"https:\/\/i0.wp.com\/noticiasribeiraopreto.com.br\/wp-content\/uploads\/2024\/06\/AnyConv.com__incendio-ribeirao_2024-06-22_19-18-52.webp.webp?fit=1191%2C1200&ssl=1&resize=350%2C200 1x, https:\/\/i0.wp.com\/noticiasribeiraopreto.com.br\/wp-content\/uploads\/2024\/06\/AnyConv.com__incendio-ribeirao_2024-06-22_19-18-52.webp.webp?fit=1191%2C1200&ssl=1&resize=525%2C300 1.5x, https:\/\/i0.wp.com\/noticiasribeiraopreto.com.br\/wp-content\/uploads\/2024\/06\/AnyConv.com__incendio-ribeirao_2024-06-22_19-18-52.webp.webp?fit=1191%2C1200&ssl=1&resize=700%2C400 2x, https:\/\/i0.wp.com\/noticiasribeiraopreto.com.br\/wp-content\/uploads\/2024\/06\/AnyConv.com__incendio-ribeirao_2024-06-22_19-18-52.webp.webp?fit=1191%2C1200&ssl=1&resize=1050%2C600 3x"},"classes":[]}],"jetpack_sharing_enabled":true,"jetpack_shortlink":"https:\/\/wp.me\/peQAOb-kII","_links":{"self":[{"href":"https:\/\/noticiasribeiraopreto.com.br\/index.php\/wp-json\/wp\/v2\/posts\/79652","targetHints":{"allow":["GET"]}}],"collection":[{"href":"https:\/\/noticiasribeiraopreto.com.br\/index.php\/wp-json\/wp\/v2\/posts"}],"about":[{"href":"https:\/\/noticiasribeiraopreto.com.br\/index.php\/wp-json\/wp\/v2\/types\/post"}],"author":[{"embeddable":true,"href":"https:\/\/noticiasribeiraopreto.com.br\/index.php\/wp-json\/wp\/v2\/users\/1"}],"replies":[{"embeddable":true,"href":"https:\/\/noticiasribeiraopreto.com.br\/index.php\/wp-json\/wp\/v2\/comments?post=79652"}],"version-history":[{"count":0,"href":"https:\/\/noticiasribeiraopreto.com.br\/index.php\/wp-json\/wp\/v2\/posts\/79652\/revisions"}],"wp:featuredmedia":[{"embeddable":true,"href":"https:\/\/noticiasribeiraopreto.com.br\/index.php\/wp-json\/wp\/v2\/media\/79653"}],"wp:attachment":[{"href":"https:\/\/noticiasribeiraopreto.com.br\/index.php\/wp-json\/wp\/v2\/media?parent=79652"}],"wp:term":[{"taxonomy":"category","embeddable":true,"href":"https:\/\/noticiasribeiraopreto.com.br\/index.php\/wp-json\/wp\/v2\/categories?post=79652"},{"taxonomy":"post_tag","embeddable":true,"href":"https:\/\/noticiasribeiraopreto.com.br\/index.php\/wp-json\/wp\/v2\/tags?post=79652"}],"curies":[{"name":"wp","href":"https:\/\/api.w.org\/{rel}","templated":true}]}}