{"id":79656,"date":"2025-11-05T14:25:07","date_gmt":"2025-11-05T17:25:07","guid":{"rendered":"https:\/\/noticiasribeiraopreto.com.br\/index.php\/2025\/11\/05\/ribeirao-preto-recebe-oficina-de-inteligencia-artificial-para-area-do-direito\/"},"modified":"2025-11-05T14:25:07","modified_gmt":"2025-11-05T17:25:07","slug":"ribeirao-preto-recebe-oficina-de-inteligencia-artificial-para-area-do-direito","status":"publish","type":"post","link":"https:\/\/noticiasribeiraopreto.com.br\/index.php\/2025\/11\/05\/ribeirao-preto-recebe-oficina-de-inteligencia-artificial-para-area-do-direito\/","title":{"rendered":"Ribeir\u00e3o Preto recebe oficina de Intelig\u00eancia Artificial para \u00e1rea do Direito"},"content":{"rendered":"<div class='code-block code-block-1' style='margin: 8px 0 8px auto; text-align: right; display: block; clear: both;'>\n<p><a href=\"https:\/\/wa.link\/vpicfd\"><img data-recalc-dims=\"1\" class=\"wp-image-4922\" style=\"aspect-ratio: 2.0253164556962027; width: 561px; height: auto;\" src=\"https:\/\/i0.wp.com\/ismaelcolosi.com.br\/wp-content\/uploads\/2023\/11\/grupo-de-empregos-whatsapp-e-facebook-ismael-colosi-vagas.jpg?ssl=1\" alt=\"\" \/><\/a><\/p>\n<!-- \/wp:image -->\n<\/div>\n<p> <br \/>\n<\/p>\n<div data-td-block-uid=\"tdi_95\">\n<div class=\"tdb-block-inner td-fix-index\">\n<p>A<strong> subse\u00e7\u00e3o de Ribeir\u00e3o Preto da OAB (Ordem dos Advogados do Brasil) <\/strong>recebe a \u201cOficina de IA: Pr\u00e1tica para o Direito\u201d no pr\u00f3ximo dia 11 de novembro. A oficina tem o objetivo de capacitar a advocacia, profissionais do sistema de Justi\u00e7a, professores e estudantes de Direito para o uso pr\u00e1tico da intelig\u00eancia artificial na rotina jur\u00eddica.<\/p>\n<p>A a\u00e7\u00e3o \u00e9 realizada pela OAB-SP em parceria com a Trybe e o Jusbrasil. A forma\u00e7\u00e3o vai ocorrer de forma presencial, na sede da OAB Ribeir\u00e3o Preto, entre 9h e 17h.<\/p>\n<p>As inscri\u00e7\u00f5es est\u00e3o abertas no site da OAB-SP (<a href=\"https:\/\/www2.oabsp.org.br\/asp\/dotnet\/CulturaEventos\/Eventos\/Apps\/SinopseEvento.aspx?idCultural=35351&amp;sn=1\" data-type=\"link\" data-id=\"https:\/\/www2.oabsp.org.br\/asp\/dotnet\/CulturaEventos\/Eventos\/Apps\/SinopseEvento.aspx?idCultural=35351&amp;sn=1\" target=\"_blank\" rel=\"noopener\">clique aqui<\/a>) ao custo de R$ 60. O evento tamb\u00e9m \u00e9 aberto ao p\u00fablico geral, com op\u00e7\u00e3o de pagamento via boleto.<\/p>\n<h2 class=\"wp-block-heading\"><strong>O que ser\u00e1 abordado?<\/strong><\/h2>\n<p>Entre os temas abordados est\u00e3o:<\/p>\n<ul class=\"wp-block-list\">\n<li>reda\u00e7\u00e3o e revis\u00e3o de contratos, peti\u00e7\u00f5es e documentos jur\u00eddicos com apoio da IA;<\/li>\n<\/ul>\n<ul class=\"wp-block-list\">\n<li>resumos e an\u00e1lises de grandes volumes de informa\u00e7\u00e3o com agilidade;<\/li>\n<\/ul>\n<ul class=\"wp-block-list\">\n<li>automatiza\u00e7\u00e3o de tarefas operacionais e ganho de tempo; pesquisas jur\u00eddicas mais r\u00e1pidas e precisas;<\/li>\n<\/ul>\n<ul class=\"wp-block-list\">\n<li>e limites \u00e9ticos e legais do uso da intelig\u00eancia artificial.<\/li>\n<\/ul>\n<h2 class=\"wp-block-heading\"><strong>Servi\u00e7o<\/strong><\/h2>\n<p><strong>Oficina de IA: Pr\u00e1tica para o Direito<br \/>Data:<\/strong> 11 de novembro, das 9h \u00e0s 17h<br \/><strong>Local: <\/strong>OAB Ribeir\u00e3o Preto \u2013 12\u00aa Subse\u00e7\u00e3o<br \/>R. Cavalheiro Torquato Rizzi, 215, Jardim S\u00e3o Luiz \u2013 Ribeir\u00e3o Preto\/SP<br \/>Inscri\u00e7\u00f5es pela internet (<a href=\"https:\/\/www2.oabsp.org.br\/asp\/dotnet\/CulturaEventos\/Eventos\/Apps\/SinopseEvento.aspx?idCultural=35351&amp;sn=1\" data-type=\"link\" data-id=\"https:\/\/www2.oabsp.org.br\/asp\/dotnet\/CulturaEventos\/Eventos\/Apps\/SinopseEvento.aspx?idCultural=35351&amp;sn=1\" target=\"_blank\" rel=\"noopener\">clique aqui<\/a>)<\/p>\n<p>SAIBA MAIS<br \/>Quem \u00e9 o sortudo? Aposta simples de Ribeir\u00e3o Preto ganha R$ 34 mil na Mega-Sena<\/p>\n<h2 class=\"wp-block-heading\"><strong>FIQUE ON<\/strong><\/h2>\n<p>Fique ligado em tudo que acontece em Ribeir\u00e3o Preto e regi\u00e3o. Siga os perfis do<strong>\u00a0acidade on\u00a0<\/strong>no<a href=\"https:\/\/www.instagram.com\/acidadeonribeirao\" target=\"_blank\" rel=\"noreferrer noopener\">\u00a0Instagram\u00a0<\/a>e no\u00a0<a href=\"https:\/\/www.facebook.com\/acidadeonribeirao\/\" target=\"_blank\" rel=\"noreferrer noopener\">Facebook<\/a>.<\/p>\n<p>Receba not\u00edcias do\u00a0<strong>acidade on<\/strong>\u00a0no WhatsApp. Para entrar no grupo,\u00a0basta\u00a0<a href=\"https:\/\/chat.whatsapp.com\/I4nieTEMKlf50pJ28aMemC?mode=ac_t\" target=\"_blank\" rel=\"noreferrer noopener\">clicar aqui<\/a>. Ou, acesse o nosso\u00a0Canal\u00a0<a href=\"https:\/\/whatsapp.com\/channel\/0029Vb6IQl1JENyAeS57fk2p\" target=\"_blank\" rel=\"noreferrer noopener\">clicando aqui<\/a>.<\/p>\n<p>Fa\u00e7a uma den\u00fancia ou sugira uma reportagem sobre Ribeir\u00e3o Preto e regi\u00e3o pelo WhatsApp: 16 99117 7802.<\/p>\n<p>VEJA TAMB\u00c9M<br \/>IBGE: Quais os nomes e sobrenomes mais comuns do Brasil?<\/p>\n<p><!-- AI CONTENT END 1 -->\n<\/div>\n<\/div>\n<p><script async src=\"\/\/www.instagram.com\/embed.js\"><\/script><br \/>\n<br \/><br \/>\n<br \/><a href=\"https:\/\/www.acidadeon.com\/ribeiraopreto\/cotidiano\/ribeirao-preto-recebe-oficina-de-inteligencia-artificial-para-area-do-direito\/\">Source link <\/a><\/p>\n<!-- CONTENT END 1 -->\n","protected":false},"excerpt":{"rendered":"<p>A subse\u00e7\u00e3o de Ribeir\u00e3o Preto da OAB (Ordem dos Advogados do Brasil) recebe a \u201cOficina de IA: Pr\u00e1tica para o Direito\u201d no pr\u00f3ximo dia 11&#8230;<\/p>\n","protected":false},"author":1,"featured_media":79657,"comment_status":"open","ping_status":"open","sticky":false,"template":"","format":"standard","meta":{"advanced_seo_description":"","jetpack_seo_html_title":"","jetpack_seo_noindex":false,"jetpack_post_was_ever_published":false,"_jetpack_newsletter_access":"","_jetpack_dont_email_post_to_subs":false,"_jetpack_newsletter_tier_id":0,"_jetpack_memberships_contains_paywalled_content":false,"_jetpack_memberships_contains_paid_content":false,"footnotes":"","jetpack_publicize_message":"","jetpack_publicize_feature_enabled":true,"jetpack_social_post_already_shared":true,"jetpack_social_options":{"image_generator_settings":{"template":"highway","default_image_id":0,"font":"","enabled":false},"version":2}},"categories":[11],"tags":[],"class_list":["post-79656","post","type-post","status-publish","format-standard","has-post-thumbnail","hentry","category-noticias-de-ribeirao-preto-sp-e-regiao-ismael-colosi"],"jetpack_publicize_connections":[],"jetpack_featured_media_url":"https:\/\/i0.wp.com\/noticiasribeiraopreto.com.br\/wp-content\/uploads\/2025\/11\/ia-para-advogados_2025-11-05_17-08-39.webp.webp?fit=1200%2C800&ssl=1","jetpack-related-posts":[{"id":65338,"url":"https:\/\/noticiasribeiraopreto.com.br\/index.php\/2025\/03\/19\/jornal-da-franca-oab-de-franca-realiza-simposio-sobre-inteligencia-artificial-e-direito-digital\/","url_meta":{"origin":79656,"position":0},"title":"Jornal da Franca &#8211; OAB de Franca realiza simp\u00f3sio sobre Intelig\u00eancia Artificial e Direito Digital","author":"noticiasribeiraopreto.com.br","date":"19 de March de 2025","format":false,"excerpt":"compartilhar no whatsapp compartilhar no telegram compartilhar no facebook compartilhar no linkedin Evento da OAB de Franca discutir\u00e1 o impacto das novas tecnologias na pr\u00e1tica jur\u00eddica e estrat\u00e9gias digitais para advogados A OAB Franca promover\u00e1, no dia 28 de mar\u00e7o, o simp\u00f3sio \u201cI.A. e o Direito Digital: O Futuro J\u00e1\u2026","rel":"","context":"In &quot;Not\u00edcias de Franca-SP&quot;","block_context":{"text":"Not\u00edcias de Franca-SP","link":"https:\/\/noticiasribeiraopreto.com.br\/index.php\/category\/noticias-de-ribeirao-preto-sp-e-regiao-ismael-colosi\/noticias-franca-sp\/"},"img":{"alt_text":"","src":"https:\/\/i0.wp.com\/noticiasribeiraopreto.com.br\/wp-content\/uploads\/2025\/03\/cd8307c885570ec6c74a573c4e935efelow.jpeg?fit=800%2C498&ssl=1&resize=350%2C200","width":350,"height":200,"srcset":"https:\/\/i0.wp.com\/noticiasribeiraopreto.com.br\/wp-content\/uploads\/2025\/03\/cd8307c885570ec6c74a573c4e935efelow.jpeg?fit=800%2C498&ssl=1&resize=350%2C200 1x, https:\/\/i0.wp.com\/noticiasribeiraopreto.com.br\/wp-content\/uploads\/2025\/03\/cd8307c885570ec6c74a573c4e935efelow.jpeg?fit=800%2C498&ssl=1&resize=525%2C300 1.5x, https:\/\/i0.wp.com\/noticiasribeiraopreto.com.br\/wp-content\/uploads\/2025\/03\/cd8307c885570ec6c74a573c4e935efelow.jpeg?fit=800%2C498&ssl=1&resize=700%2C400 2x"},"classes":[]},{"id":65313,"url":"https:\/\/noticiasribeiraopreto.com.br\/index.php\/2025\/03\/18\/oab-franca-realiza-simposio-sobre-como-a-inteligencia-artificial-esta-gerando-impacto-no-direito\/","url_meta":{"origin":79656,"position":1},"title":"OAB Franca realiza simp\u00f3sio sobre como a Intelig\u00eancia Artificial est\u00e1 gerando impacto no Direito","author":"noticiasribeiraopreto.com.br","date":"18 de March de 2025","format":false,"excerpt":"A OAB Franca promover\u00e1, no dia 28 de mar\u00e7o, o simp\u00f3sio \u201cI.A. e o Direito Digital: O Futuro J\u00e1 Come\u00e7ou\u201d. O evento discutir\u00e1 o impacto da intelig\u00eancia artificial na advocacia, al\u00e9m de temas como marketing digital e tr\u00e1fego pago para advogados. Especialistas do setor apresentar\u00e3o estrat\u00e9gias para a adapta\u00e7\u00e3o dos\u2026","rel":"","context":"In &quot;Not\u00edcias de Franca-SP&quot;","block_context":{"text":"Not\u00edcias de Franca-SP","link":"https:\/\/noticiasribeiraopreto.com.br\/index.php\/category\/noticias-de-ribeirao-preto-sp-e-regiao-ismael-colosi\/noticias-franca-sp\/"},"img":{"alt_text":"","src":"https:\/\/i0.wp.com\/noticiasribeiraopreto.com.br\/wp-content\/uploads\/2025\/03\/oab-franca.jpg?fit=780%2C470&ssl=1&resize=350%2C200","width":350,"height":200,"srcset":"https:\/\/i0.wp.com\/noticiasribeiraopreto.com.br\/wp-content\/uploads\/2025\/03\/oab-franca.jpg?fit=780%2C470&ssl=1&resize=350%2C200 1x, https:\/\/i0.wp.com\/noticiasribeiraopreto.com.br\/wp-content\/uploads\/2025\/03\/oab-franca.jpg?fit=780%2C470&ssl=1&resize=525%2C300 1.5x, https:\/\/i0.wp.com\/noticiasribeiraopreto.com.br\/wp-content\/uploads\/2025\/03\/oab-franca.jpg?fit=780%2C470&ssl=1&resize=700%2C400 2x"},"classes":[]},{"id":75844,"url":"https:\/\/noticiasribeiraopreto.com.br\/index.php\/2025\/08\/16\/criminosos-encapuzados-realizam-ataque-a-tiros-contra-advogado-em-ribeirao-preto\/","url_meta":{"origin":79656,"position":2},"title":"Criminosos encapuzados realizam ataque a tiros contra advogado em Ribeir\u00e3o Preto","author":"noticiasribeiraopreto.com.br","date":"16 de August de 2025","format":false,"excerpt":"Um advogado sofreu um ataque a tiros na manh\u00e3 deste s\u00e1bado (16), no Parque dos Servidores, na zona Leste de Ribeir\u00e3o Preto. O advogado estava saindo de casa quando dois criminosos encapuzados, que estavam em um carro, fecharam o ve\u00edculo da v\u00edtima e come\u00e7aram os disparos. O crime aconteceu na\u2026","rel":"","context":"In &quot;Not\u00edcias de Ribeir\u00e3o Preto-SP e Regi\u00e3o&quot;","block_context":{"text":"Not\u00edcias de Ribeir\u00e3o Preto-SP e Regi\u00e3o","link":"https:\/\/noticiasribeiraopreto.com.br\/index.php\/category\/noticias-de-ribeirao-preto-sp-e-regiao-ismael-colosi\/"},"img":{"alt_text":"","src":"https:\/\/i0.wp.com\/noticiasribeiraopreto.com.br\/wp-content\/uploads\/2025\/08\/clio-advogado_2025-08-16_16-43-41.webp.webp?fit=1199%2C829&ssl=1&resize=350%2C200","width":350,"height":200,"srcset":"https:\/\/i0.wp.com\/noticiasribeiraopreto.com.br\/wp-content\/uploads\/2025\/08\/clio-advogado_2025-08-16_16-43-41.webp.webp?fit=1199%2C829&ssl=1&resize=350%2C200 1x, https:\/\/i0.wp.com\/noticiasribeiraopreto.com.br\/wp-content\/uploads\/2025\/08\/clio-advogado_2025-08-16_16-43-41.webp.webp?fit=1199%2C829&ssl=1&resize=525%2C300 1.5x, https:\/\/i0.wp.com\/noticiasribeiraopreto.com.br\/wp-content\/uploads\/2025\/08\/clio-advogado_2025-08-16_16-43-41.webp.webp?fit=1199%2C829&ssl=1&resize=700%2C400 2x, https:\/\/i0.wp.com\/noticiasribeiraopreto.com.br\/wp-content\/uploads\/2025\/08\/clio-advogado_2025-08-16_16-43-41.webp.webp?fit=1199%2C829&ssl=1&resize=1050%2C600 3x"},"classes":[]},{"id":76752,"url":"https:\/\/noticiasribeiraopreto.com.br\/index.php\/2025\/09\/04\/conferencia-em-ribeirao-discute-os-efeitos-do-tarifaco-de-trump-no-agro\/","url_meta":{"origin":79656,"position":3},"title":"Confer\u00eancia em Ribeir\u00e3o discute os efeitos do Tarifa\u00e7o de Trump no agro","author":"noticiasribeiraopreto.com.br","date":"4 de September de 2025","format":false,"excerpt":"Os efeitos do Tarifa\u00e7o imposto pelo presidente dos Estados Unidos, Donald Trump, no agroneg\u00f3cio ser\u00e3o discutidos na 2\u00aa Confer\u00eancia Estadual de Direito e Agroneg\u00f3cio, que acontece nos dias 18 e 19 de setembro, em Ribeir\u00e3o Preto. O evento \u00e9 realizado pela OAB-SP (Ordem dos Advogados do Brasil Se\u00e7\u00e3o S\u00e3o Paulo)\u2026","rel":"","context":"In &quot;Not\u00edcias de Ribeir\u00e3o Preto-SP e Regi\u00e3o&quot;","block_context":{"text":"Not\u00edcias de Ribeir\u00e3o Preto-SP e Regi\u00e3o","link":"https:\/\/noticiasribeiraopreto.com.br\/index.php\/category\/noticias-de-ribeirao-preto-sp-e-regiao-ismael-colosi\/"},"img":{"alt_text":"","src":"https:\/\/i0.wp.com\/noticiasribeiraopreto.com.br\/wp-content\/uploads\/2025\/07\/Copia-de-Copia-de-Copia-de-TAMANHO-EXATO-PARA-FOTOS-NO-SISTEMA-NOVO-2025-07-18T194849.427_2025-07-18_22-48-58.webp.webp?fit=1200%2C675&ssl=1&resize=350%2C200","width":350,"height":200,"srcset":"https:\/\/i0.wp.com\/noticiasribeiraopreto.com.br\/wp-content\/uploads\/2025\/07\/Copia-de-Copia-de-Copia-de-TAMANHO-EXATO-PARA-FOTOS-NO-SISTEMA-NOVO-2025-07-18T194849.427_2025-07-18_22-48-58.webp.webp?fit=1200%2C675&ssl=1&resize=350%2C200 1x, https:\/\/i0.wp.com\/noticiasribeiraopreto.com.br\/wp-content\/uploads\/2025\/07\/Copia-de-Copia-de-Copia-de-TAMANHO-EXATO-PARA-FOTOS-NO-SISTEMA-NOVO-2025-07-18T194849.427_2025-07-18_22-48-58.webp.webp?fit=1200%2C675&ssl=1&resize=525%2C300 1.5x, https:\/\/i0.wp.com\/noticiasribeiraopreto.com.br\/wp-content\/uploads\/2025\/07\/Copia-de-Copia-de-Copia-de-TAMANHO-EXATO-PARA-FOTOS-NO-SISTEMA-NOVO-2025-07-18T194849.427_2025-07-18_22-48-58.webp.webp?fit=1200%2C675&ssl=1&resize=700%2C400 2x, https:\/\/i0.wp.com\/noticiasribeiraopreto.com.br\/wp-content\/uploads\/2025\/07\/Copia-de-Copia-de-Copia-de-TAMANHO-EXATO-PARA-FOTOS-NO-SISTEMA-NOVO-2025-07-18T194849.427_2025-07-18_22-48-58.webp.webp?fit=1200%2C675&ssl=1&resize=1050%2C600 3x"},"classes":[]},{"id":60680,"url":"https:\/\/noticiasribeiraopreto.com.br\/index.php\/2024\/11\/21\/saiba-quem-e-o-novo-presidente-da-oab-ribeirao-preto\/","url_meta":{"origin":79656,"position":4},"title":"Saiba quem \u00e9 o novo presidente da OAB Ribeir\u00e3o Preto","author":"noticiasribeiraopreto.com.br","date":"21 de November de 2024","format":false,"excerpt":"O advogado Alexandre Soares da Silveira foi eleito nesta quinta-feira (21), o novo presidente da 12\u00aa Subse\u00e7\u00e3o da OAB (Ordem dos Advogados Brasileiros) de Ribeir\u00e3o Preto, para o tri\u00eanio de 2025-2027. Silveira conquistou 3.608 votos, totalizando 66,15% dos votos v\u00e1lidos para a chapa 1. A advogada Thais Del Monte Buzato\u2026","rel":"","context":"In &quot;Not\u00edcias de Ribeir\u00e3o Preto-SP e Regi\u00e3o&quot;","block_context":{"text":"Not\u00edcias de Ribeir\u00e3o Preto-SP e Regi\u00e3o","link":"https:\/\/noticiasribeiraopreto.com.br\/index.php\/category\/noticias-de-ribeirao-preto-sp-e-regiao-ismael-colosi\/"},"img":{"alt_text":"","src":"https:\/\/i0.wp.com\/noticiasribeiraopreto.com.br\/wp-content\/uploads\/2024\/11\/WhatsApp-Image-2024-11-21-at-17.39.28-1_2024-11-21_21-21-07_jpeg_2024-11-21_21-21-07.webp.webp?fit=1080%2C810&ssl=1&resize=350%2C200","width":350,"height":200,"srcset":"https:\/\/i0.wp.com\/noticiasribeiraopreto.com.br\/wp-content\/uploads\/2024\/11\/WhatsApp-Image-2024-11-21-at-17.39.28-1_2024-11-21_21-21-07_jpeg_2024-11-21_21-21-07.webp.webp?fit=1080%2C810&ssl=1&resize=350%2C200 1x, https:\/\/i0.wp.com\/noticiasribeiraopreto.com.br\/wp-content\/uploads\/2024\/11\/WhatsApp-Image-2024-11-21-at-17.39.28-1_2024-11-21_21-21-07_jpeg_2024-11-21_21-21-07.webp.webp?fit=1080%2C810&ssl=1&resize=525%2C300 1.5x, https:\/\/i0.wp.com\/noticiasribeiraopreto.com.br\/wp-content\/uploads\/2024\/11\/WhatsApp-Image-2024-11-21-at-17.39.28-1_2024-11-21_21-21-07_jpeg_2024-11-21_21-21-07.webp.webp?fit=1080%2C810&ssl=1&resize=700%2C400 2x, https:\/\/i0.wp.com\/noticiasribeiraopreto.com.br\/wp-content\/uploads\/2024\/11\/WhatsApp-Image-2024-11-21-at-17.39.28-1_2024-11-21_21-21-07_jpeg_2024-11-21_21-21-07.webp.webp?fit=1080%2C810&ssl=1&resize=1050%2C600 3x"},"classes":[]},{"id":84903,"url":"https:\/\/noticiasribeiraopreto.com.br\/index.php\/2026\/04\/17\/golpe-advogada-tem-voz-clonada-por-inteligencia-artificial\/","url_meta":{"origin":79656,"position":5},"title":"Golpe: Advogada tem voz clonada por intelig\u00eancia artificial","author":"noticiasribeiraopreto.com.br","date":"17 de April de 2026","format":false,"excerpt":"Ler o resumo da not\u00edcia Advogada Lucilene\u202fVitale recebeu mensagem com foto e \u00e1udio de voz clonada por IA, configurando golpe de deep\u202ffake. Subse\u00e7\u00e3o de Franca da OAB informou que 80\u202f% dos advogados da regi\u00e3o j\u00e1 foram v\u00edtimas de fraudes semelhantes. Pol\u00edcia identificou quadrilha que, em quase dois meses, desviou R$\u202f240\u202fmil\u2026","rel":"","context":"In &quot;Not\u00edcias de Ribeir\u00e3o Preto-SP e Regi\u00e3o&quot;","block_context":{"text":"Not\u00edcias de Ribeir\u00e3o Preto-SP e Regi\u00e3o","link":"https:\/\/noticiasribeiraopreto.com.br\/index.php\/category\/noticias-de-ribeirao-preto-sp-e-regiao-ismael-colosi\/"},"img":{"alt_text":"","src":"https:\/\/i0.wp.com\/noticiasribeiraopreto.com.br\/wp-content\/uploads\/2026\/04\/advogada-ia_2026-04-17_15-34-09.webp.webp?fit=980%2C553&ssl=1&resize=350%2C200","width":350,"height":200,"srcset":"https:\/\/i0.wp.com\/noticiasribeiraopreto.com.br\/wp-content\/uploads\/2026\/04\/advogada-ia_2026-04-17_15-34-09.webp.webp?fit=980%2C553&ssl=1&resize=350%2C200 1x, https:\/\/i0.wp.com\/noticiasribeiraopreto.com.br\/wp-content\/uploads\/2026\/04\/advogada-ia_2026-04-17_15-34-09.webp.webp?fit=980%2C553&ssl=1&resize=525%2C300 1.5x, https:\/\/i0.wp.com\/noticiasribeiraopreto.com.br\/wp-content\/uploads\/2026\/04\/advogada-ia_2026-04-17_15-34-09.webp.webp?fit=980%2C553&ssl=1&resize=700%2C400 2x"},"classes":[]}],"jetpack_sharing_enabled":true,"jetpack_shortlink":"https:\/\/wp.me\/peQAOb-kIM","_links":{"self":[{"href":"https:\/\/noticiasribeiraopreto.com.br\/index.php\/wp-json\/wp\/v2\/posts\/79656","targetHints":{"allow":["GET"]}}],"collection":[{"href":"https:\/\/noticiasribeiraopreto.com.br\/index.php\/wp-json\/wp\/v2\/posts"}],"about":[{"href":"https:\/\/noticiasribeiraopreto.com.br\/index.php\/wp-json\/wp\/v2\/types\/post"}],"author":[{"embeddable":true,"href":"https:\/\/noticiasribeiraopreto.com.br\/index.php\/wp-json\/wp\/v2\/users\/1"}],"replies":[{"embeddable":true,"href":"https:\/\/noticiasribeiraopreto.com.br\/index.php\/wp-json\/wp\/v2\/comments?post=79656"}],"version-history":[{"count":0,"href":"https:\/\/noticiasribeiraopreto.com.br\/index.php\/wp-json\/wp\/v2\/posts\/79656\/revisions"}],"wp:featuredmedia":[{"embeddable":true,"href":"https:\/\/noticiasribeiraopreto.com.br\/index.php\/wp-json\/wp\/v2\/media\/79657"}],"wp:attachment":[{"href":"https:\/\/noticiasribeiraopreto.com.br\/index.php\/wp-json\/wp\/v2\/media?parent=79656"}],"wp:term":[{"taxonomy":"category","embeddable":true,"href":"https:\/\/noticiasribeiraopreto.com.br\/index.php\/wp-json\/wp\/v2\/categories?post=79656"},{"taxonomy":"post_tag","embeddable":true,"href":"https:\/\/noticiasribeiraopreto.com.br\/index.php\/wp-json\/wp\/v2\/tags?post=79656"}],"curies":[{"name":"wp","href":"https:\/\/api.w.org\/{rel}","templated":true}]}}