{"id":79658,"date":"2025-11-05T14:34:02","date_gmt":"2025-11-05T17:34:02","guid":{"rendered":"https:\/\/noticiasribeiraopreto.com.br\/index.php\/2025\/11\/05\/evento-com-entrada-gratuita-reune-produtores-artesanais-de-queijo-e-charcutaria-em-ribeirao-veja-quando\/"},"modified":"2025-11-05T14:34:02","modified_gmt":"2025-11-05T17:34:02","slug":"evento-com-entrada-gratuita-reune-produtores-artesanais-de-queijo-e-charcutaria-em-ribeirao-veja-quando","status":"publish","type":"post","link":"https:\/\/noticiasribeiraopreto.com.br\/index.php\/2025\/11\/05\/evento-com-entrada-gratuita-reune-produtores-artesanais-de-queijo-e-charcutaria-em-ribeirao-veja-quando\/","title":{"rendered":"Evento com entrada gratuita re\u00fane produtores artesanais de queijo e charcutaria em Ribeir\u00e3o; Veja quando"},"content":{"rendered":"<div class='code-block code-block-1' style='margin: 8px 0 8px auto; text-align: right; display: block; clear: both;'>\n<p><a href=\"https:\/\/wa.link\/vpicfd\"><img data-recalc-dims=\"1\" class=\"wp-image-4922\" style=\"aspect-ratio: 2.0253164556962027; width: 561px; height: auto;\" src=\"https:\/\/i0.wp.com\/ismaelcolosi.com.br\/wp-content\/uploads\/2023\/11\/grupo-de-empregos-whatsapp-e-facebook-ismael-colosi-vagas.jpg?ssl=1\" alt=\"\" \/><\/a><\/p>\n<!-- \/wp:image -->\n<\/div>\n<p> <br \/>\n<\/p>\n<div>\n<p><strong>Ribeir\u00e3o Preto<\/strong> recebe neste fim de semana a <strong>1\u00aa edi\u00e7\u00e3o da Feirinha de Queijos e Charcutaria<\/strong>, evento que valoriza produtos artesanais feitos na regi\u00e3o.<\/p>\n<p>Com <strong>entrada gratuita<\/strong>, a Feirinha acontece na <strong>Galeria Renato Aguiar<\/strong>, zona Sul do munic\u00edpio, na sexta-feira (07), das 16h \u00e0s 20h, e no s\u00e1bado (08), das 9h \u00e0s 13h.<\/p>\n<p>A feira deve reunir <strong>produtores reconhecidos no setor<\/strong>, em um espa\u00e7o com <strong>degusta\u00e7\u00f5es <\/strong>e <strong>venda direta<\/strong>, aproximando o p\u00fablico do trabalho dos produtores e de suas hist\u00f3rias.<\/p>\n<p>O evento faz parte da <strong>Feirinha do Produtor<\/strong>, j\u00e1 tradicional em <strong>Ribeir\u00e3o Preto<\/strong>. Segundo a organiza\u00e7\u00e3o, cada edi\u00e7\u00e3o movimenta mais de <strong>R$ 50 mil<\/strong> em vendas.<\/p>\n<figure class=\"wp-block-gallery has-nested-images columns-default is-cropped wp-block-gallery-1 is-layout-flex wp-block-gallery-is-layout-flex\">\n<figure class=\"wp-block-image size-large\"><img data-recalc-dims=\"1\" fetchpriority=\"high\" decoding=\"async\" width=\"1024\" height=\"576\" data-id=\"134832\" src=\"https:\/\/i0.wp.com\/cdn.media-acidadeon.com.br\/ribeiraopreto\/wp-content\/uploads\/sites\/3\/2025\/11\/palace-12_2025-11-05_16-20-56-1024x576.webp?resize=1024%2C576&#038;ssl=1\" alt=\"Ribeir\u00e3o recebe a 1\u00aa edi\u00e7\u00e3o da Feirinha de Queijos e Charcutaria - Foto: divulga\u00e7\u00e3o.\" class=\"wp-image-134832\" title=\"Evento com entrada gratuita re\u00fane produtores artesanais de queijo e charcutaria em Ribeir\u00e3o; Veja quando 1\" srcset=\"https:\/\/cdn.media-acidadeon.com.br\/ribeiraopreto\/wp-content\/uploads\/sites\/3\/2025\/11\/palace-12_2025-11-05_16-20-56-1024x576.webp 1024w, https:\/\/cdn.media-acidadeon.com.br\/ribeiraopreto\/wp-content\/uploads\/sites\/3\/2025\/11\/palace-12_2025-11-05_16-20-56-300x169.webp 300w, https:\/\/cdn.media-acidadeon.com.br\/ribeiraopreto\/wp-content\/uploads\/sites\/3\/2025\/11\/palace-12_2025-11-05_16-20-56-768x432.webp 768w, https:\/\/cdn.media-acidadeon.com.br\/ribeiraopreto\/wp-content\/uploads\/sites\/3\/2025\/11\/palace-12_2025-11-05_16-20-56-696x392.webp 696w, https:\/\/cdn.media-acidadeon.com.br\/ribeiraopreto\/wp-content\/uploads\/sites\/3\/2025\/11\/palace-12_2025-11-05_16-20-56-1068x601.webp 1068w, https:\/\/cdn.media-acidadeon.com.br\/ribeiraopreto\/wp-content\/uploads\/sites\/3\/2025\/11\/palace-12_2025-11-05_16-20-56.webp 1200w\" sizes=\"(max-width: 1024px) 100vw, 1024px\"\/><figcaption class=\"wp-element-caption\">Ribeir\u00e3o recebe a 1\u00aa edi\u00e7\u00e3o da Feirinha de Queijos e Charcutaria \u2013 Foto: divulga\u00e7\u00e3o.<\/figcaption><\/figure>\n<figure class=\"wp-block-image size-large\"><img data-recalc-dims=\"1\" loading=\"lazy\" decoding=\"async\" width=\"1024\" height=\"576\" data-id=\"134833\" src=\"https:\/\/i0.wp.com\/cdn.media-acidadeon.com.br\/ribeiraopreto\/wp-content\/uploads\/sites\/3\/2025\/11\/palace-13_2025-11-05_16-21-38-1024x576.webp?resize=1024%2C576&#038;ssl=1\" alt=\"Ribeir\u00e3o recebe a 1\u00aa edi\u00e7\u00e3o da Feirinha de Queijos e Charcutaria - Foto: divulga\u00e7\u00e3o.\" class=\"wp-image-134833\" title=\"Evento com entrada gratuita re\u00fane produtores artesanais de queijo e charcutaria em Ribeir\u00e3o; Veja quando 2\" srcset=\"https:\/\/cdn.media-acidadeon.com.br\/ribeiraopreto\/wp-content\/uploads\/sites\/3\/2025\/11\/palace-13_2025-11-05_16-21-38-1024x576.webp 1024w, https:\/\/cdn.media-acidadeon.com.br\/ribeiraopreto\/wp-content\/uploads\/sites\/3\/2025\/11\/palace-13_2025-11-05_16-21-38-300x169.webp 300w, https:\/\/cdn.media-acidadeon.com.br\/ribeiraopreto\/wp-content\/uploads\/sites\/3\/2025\/11\/palace-13_2025-11-05_16-21-38-768x432.webp 768w, https:\/\/cdn.media-acidadeon.com.br\/ribeiraopreto\/wp-content\/uploads\/sites\/3\/2025\/11\/palace-13_2025-11-05_16-21-38-696x392.webp 696w, https:\/\/cdn.media-acidadeon.com.br\/ribeiraopreto\/wp-content\/uploads\/sites\/3\/2025\/11\/palace-13_2025-11-05_16-21-38-1068x601.webp 1068w, https:\/\/cdn.media-acidadeon.com.br\/ribeiraopreto\/wp-content\/uploads\/sites\/3\/2025\/11\/palace-13_2025-11-05_16-21-38.webp 1200w\" sizes=\"auto, (max-width: 1024px) 100vw, 1024px\"\/><figcaption class=\"wp-element-caption\">Ribeir\u00e3o recebe a 1\u00aa edi\u00e7\u00e3o da Feirinha de Queijos e Charcutaria \u2013 Foto: divulga\u00e7\u00e3o.<\/figcaption><\/figure>\n<\/figure>\n<h2 class=\"wp-block-heading\"><strong>Destaques da produ\u00e7\u00e3o artesanal<\/strong><\/h2>\n<p>Os visitantes poder\u00e3o conhecer e comprar <strong>mais de 20 tipos de queijos<\/strong>, como Estanciarella, Cura da Est\u00e2ncia, Almofadinho, D\u2019Ana e Crivo, todos produzidos de forma artesanal na regi\u00e3o.<\/p>\n<p>Vale lembrar que <strong>quatro cidades da regi\u00e3o de Ribeir\u00e3o Preto fazem parte das Rotas do Queijo de S\u00e3o Paulo<\/strong>, iniciativa que valoriza a produ\u00e7\u00e3o artesanal e impulsiona o turismo gastron\u00f4mico no estado.<\/p>\n<p>Na <strong>charcutaria<\/strong>, o p\u00fablico ter\u00e1 acesso a mais de <strong>20 op\u00e7\u00f5es, entre defumados, maturados, embutidos e frescais<\/strong>. Entre os destaques est\u00e3o copa, presunto tipo Parma, pancetta tesa, guanciale, salame italiano, pepperoni, salame de cordeiro e calabresa curada.<\/p>\n<p>\u201cO evento tem curadoria voltada \u00e0 qualidade e \u00e0 autenticidade dos produtos, refor\u00e7ando o valor do consumo consciente e da gastronomia artesanal\u201d, diz a organiza\u00e7\u00e3o.<\/p>\n<div class=\"wp-block-image\">\n<figure class=\"aligncenter size-large is-resized\"><img data-recalc-dims=\"1\" loading=\"lazy\" decoding=\"async\" width=\"1024\" height=\"576\" src=\"https:\/\/i0.wp.com\/cdn.media-acidadeon.com.br\/ribeiraopreto\/wp-content\/uploads\/sites\/3\/2025\/11\/Copia-de-Copia-de-Copia-de-TAMANHO-EXATO-PARA-FOTOS-NO-SISTEMA-NOVO-2025-11-05T132305.484_2025-11-05_16-23-10-1024x576.webp?resize=1024%2C576&#038;ssl=1\" alt=\"Feirinha acontece na Galeria Renato Aguiar - Foto: divulga\u00e7\u00e3o.\" class=\"wp-image-134834\" style=\"width:654px\" title=\"Evento com entrada gratuita re\u00fane produtores artesanais de queijo e charcutaria em Ribeir\u00e3o; Veja quando 3\" srcset=\"https:\/\/cdn.media-acidadeon.com.br\/ribeiraopreto\/wp-content\/uploads\/sites\/3\/2025\/11\/Copia-de-Copia-de-Copia-de-TAMANHO-EXATO-PARA-FOTOS-NO-SISTEMA-NOVO-2025-11-05T132305.484_2025-11-05_16-23-10-1024x576.webp 1024w, https:\/\/cdn.media-acidadeon.com.br\/ribeiraopreto\/wp-content\/uploads\/sites\/3\/2025\/11\/Copia-de-Copia-de-Copia-de-TAMANHO-EXATO-PARA-FOTOS-NO-SISTEMA-NOVO-2025-11-05T132305.484_2025-11-05_16-23-10-300x169.webp 300w, https:\/\/cdn.media-acidadeon.com.br\/ribeiraopreto\/wp-content\/uploads\/sites\/3\/2025\/11\/Copia-de-Copia-de-Copia-de-TAMANHO-EXATO-PARA-FOTOS-NO-SISTEMA-NOVO-2025-11-05T132305.484_2025-11-05_16-23-10-768x432.webp 768w, https:\/\/cdn.media-acidadeon.com.br\/ribeiraopreto\/wp-content\/uploads\/sites\/3\/2025\/11\/Copia-de-Copia-de-Copia-de-TAMANHO-EXATO-PARA-FOTOS-NO-SISTEMA-NOVO-2025-11-05T132305.484_2025-11-05_16-23-10-696x392.webp 696w, https:\/\/cdn.media-acidadeon.com.br\/ribeiraopreto\/wp-content\/uploads\/sites\/3\/2025\/11\/Copia-de-Copia-de-Copia-de-TAMANHO-EXATO-PARA-FOTOS-NO-SISTEMA-NOVO-2025-11-05T132305.484_2025-11-05_16-23-10-1068x601.webp 1068w, https:\/\/cdn.media-acidadeon.com.br\/ribeiraopreto\/wp-content\/uploads\/sites\/3\/2025\/11\/Copia-de-Copia-de-Copia-de-TAMANHO-EXATO-PARA-FOTOS-NO-SISTEMA-NOVO-2025-11-05T132305.484_2025-11-05_16-23-10.webp 1200w\" sizes=\"auto, (max-width: 1024px) 100vw, 1024px\"\/><figcaption class=\"wp-element-caption\">Feirinha acontece na Galeria Renato Aguiar \u2013 Foto: divulga\u00e7\u00e3o.<\/figcaption><\/figure>\n<\/div>\n<h2 class=\"wp-block-heading\"><strong>Servi\u00e7o<\/strong><\/h2>\n<p><em>Feirinha de Queijos e Charcutaria<\/em><\/p>\n<p>Quando: dias 7 e 8 de novembro de 2025<\/p>\n<p>Hor\u00e1rios: sexta-feira (07) \u2013 das 16h \u00e0s 20h | s\u00e1bado (08) \u2013 das 9h \u00e0s 13h<\/p>\n<p>Local: Galeria Renato Aguiar \u2013 rua Jos\u00e9 Ferreira da Costa, 345 \u2013 Jardim Nova Alian\u00e7a Sul<\/p>\n<p>Entrada gratuita<\/p>\n<hr class=\"wp-block-separator has-alpha-channel-opacity\"\/>\n<p>SAIBA MAIS<\/p>\n<p>Ribeir\u00e3o Preto recebe 14\u00aa edi\u00e7\u00e3o do festival Restaurant\u00a0Week<\/p>\n<h2 class=\"wp-block-heading\"><strong>FIQUE ON<\/strong><\/h2>\n<p>Fique ligado em tudo que acontece em Ribeir\u00e3o Preto e regi\u00e3o. Siga os perfis do<strong>\u00a0acidade on\u00a0<\/strong>no<a href=\"https:\/\/www.instagram.com\/acidadeonribeirao\" target=\"_blank\" rel=\"noreferrer noopener\">\u00a0Instagram\u00a0<\/a>e no\u00a0<a href=\"https:\/\/www.facebook.com\/acidadeonribeirao\/\" target=\"_blank\" rel=\"noreferrer noopener\">Facebook<\/a>.<\/p>\n<p>Receba not\u00edcias do\u00a0<strong>acidade on<\/strong>\u00a0no WhatsApp. Para entrar no grupo,\u00a0basta\u00a0<a href=\"https:\/\/chat.whatsapp.com\/I4nieTEMKlf50pJ28aMemC?mode=ac_t\" target=\"_blank\" rel=\"noreferrer noopener\">clicar aqui<\/a>. Ou, acesse o nosso\u00a0Canal\u00a0<a href=\"https:\/\/whatsapp.com\/channel\/0029Vb6IQl1JENyAeS57fk2p\" target=\"_blank\" rel=\"noreferrer noopener\">clicando aqui<\/a>.<\/p>\n<p>Fa\u00e7a uma den\u00fancia ou sugira uma reportagem sobre Ribeir\u00e3o Preto e regi\u00e3o pelo WhatsApp: 16 99117 7802.<\/p>\n<p>VEJA TAMB\u00c9M<\/p>\n<p>Como fazer crunch cake?<\/p>\n<p><!-- AI CONTENT END 1 -->\n<\/div>\n<p><script async src=\"\/\/www.instagram.com\/embed.js\"><\/script><br \/>\n<br \/><br \/>\n<br \/><a href=\"https:\/\/www.acidadeon.com\/ribeiraopreto\/lazer-e-cultura\/evento-com-entrada-gratuita-reune-produtores-artesanais-de-queijo-e-charcutaria-em-ribeirao-veja-quando\/\">Source link <\/a><\/p>\n<!-- CONTENT END 1 -->\n","protected":false},"excerpt":{"rendered":"<p>Ribeir\u00e3o Preto recebe neste fim de semana a 1\u00aa edi\u00e7\u00e3o da Feirinha de Queijos e Charcutaria, evento que valoriza produtos artesanais feitos na regi\u00e3o. Com&#8230;<\/p>\n","protected":false},"author":1,"featured_media":79659,"comment_status":"open","ping_status":"open","sticky":false,"template":"","format":"standard","meta":{"advanced_seo_description":"","jetpack_seo_html_title":"","jetpack_seo_noindex":false,"jetpack_post_was_ever_published":false,"_jetpack_newsletter_access":"","_jetpack_dont_email_post_to_subs":false,"_jetpack_newsletter_tier_id":0,"_jetpack_memberships_contains_paywalled_content":false,"_jetpack_memberships_contains_paid_content":false,"footnotes":"","jetpack_publicize_message":"","jetpack_publicize_feature_enabled":true,"jetpack_social_post_already_shared":true,"jetpack_social_options":{"image_generator_settings":{"template":"highway","default_image_id":0,"font":"","enabled":false},"version":2}},"categories":[11],"tags":[],"class_list":["post-79658","post","type-post","status-publish","format-standard","has-post-thumbnail","hentry","category-noticias-de-ribeirao-preto-sp-e-regiao-ismael-colosi"],"jetpack_publicize_connections":[],"jetpack_featured_media_url":"https:\/\/i0.wp.com\/noticiasribeiraopreto.com.br\/wp-content\/uploads\/2025\/11\/palace-14_2025-11-05_16-27-25.webp.webp?fit=1200%2C675&ssl=1","jetpack-related-posts":[{"id":82712,"url":"https:\/\/noticiasribeiraopreto.com.br\/index.php\/2026\/02\/24\/feirinha-do-produtor-ribeirao-preto-recebe-13a-edicao-com-entrada-gratuita\/","url_meta":{"origin":79658,"position":0},"title":"Feirinha do Produtor: Ribeir\u00e3o Preto recebe 13\u00aa edi\u00e7\u00e3o com entrada gratuita","author":"noticiasribeiraopreto.com.br","date":"24 de February de 2026","format":false,"excerpt":"Ribeir\u00e3o Preto recebe, nos dias 27 e 28 de fevereiro, a 13\u00aa edi\u00e7\u00e3o da Feirinha do Produtor, evento gratuito que re\u00fane 15 produtores da regi\u00e3o na Galeria Renato Aguiar, na zona Sul da cidade. Na sexta-feira (27), a programa\u00e7\u00e3o ocorre das 16h \u00e0s 20h. No s\u00e1bado (28), das 9h \u00e0s\u2026","rel":"","context":"In &quot;Not\u00edcias de Ribeir\u00e3o Preto-SP e Regi\u00e3o&quot;","block_context":{"text":"Not\u00edcias de Ribeir\u00e3o Preto-SP e Regi\u00e3o","link":"https:\/\/noticiasribeiraopreto.com.br\/index.php\/category\/noticias-de-ribeirao-preto-sp-e-regiao-ismael-colosi\/"},"img":{"alt_text":"","src":"https:\/\/i0.wp.com\/noticiasribeiraopreto.com.br\/wp-content\/uploads\/2026\/02\/domingo-10_2026-02-23_21-15-48.webp.webp?fit=1200%2C675&ssl=1&resize=350%2C200","width":350,"height":200,"srcset":"https:\/\/i0.wp.com\/noticiasribeiraopreto.com.br\/wp-content\/uploads\/2026\/02\/domingo-10_2026-02-23_21-15-48.webp.webp?fit=1200%2C675&ssl=1&resize=350%2C200 1x, https:\/\/i0.wp.com\/noticiasribeiraopreto.com.br\/wp-content\/uploads\/2026\/02\/domingo-10_2026-02-23_21-15-48.webp.webp?fit=1200%2C675&ssl=1&resize=525%2C300 1.5x, https:\/\/i0.wp.com\/noticiasribeiraopreto.com.br\/wp-content\/uploads\/2026\/02\/domingo-10_2026-02-23_21-15-48.webp.webp?fit=1200%2C675&ssl=1&resize=700%2C400 2x, https:\/\/i0.wp.com\/noticiasribeiraopreto.com.br\/wp-content\/uploads\/2026\/02\/domingo-10_2026-02-23_21-15-48.webp.webp?fit=1200%2C675&ssl=1&resize=1050%2C600 3x"},"classes":[]},{"id":71113,"url":"https:\/\/noticiasribeiraopreto.com.br\/index.php\/2025\/06\/02\/ribeirao-preto-recebe-nova-edicao-da-feirinha-do-produtor-veja-quando\/","url_meta":{"origin":79658,"position":1},"title":"Ribeir\u00e3o Preto recebe nova edi\u00e7\u00e3o da &#8216;Feirinha do Produtor&#8217;; Veja quando","author":"noticiasribeiraopreto.com.br","date":"2 de June de 2025","format":false,"excerpt":"Ribeir\u00e3o Preto recebe uma nova edi\u00e7\u00e3o da \u201cFeirinha do Produtor\u201d nesta semana. O evento, que tem entrada gratuita, acontece na sexta-feira (6) e no s\u00e1bado (7), na Galeria Renato Aguiar, localizada na zona Sul do munic\u00edpio. Nesta edi\u00e7\u00e3o, a Feirinha vai reunir 12 expositores que oferecer\u00e3o produtos artesanais \u2013 na\u2026","rel":"","context":"In &quot;Not\u00edcias de Ribeir\u00e3o Preto-SP e Regi\u00e3o&quot;","block_context":{"text":"Not\u00edcias de Ribeir\u00e3o Preto-SP e Regi\u00e3o","link":"https:\/\/noticiasribeiraopreto.com.br\/index.php\/category\/noticias-de-ribeirao-preto-sp-e-regiao-ismael-colosi\/"},"img":{"alt_text":"","src":"https:\/\/i0.wp.com\/noticiasribeiraopreto.com.br\/wp-content\/uploads\/2025\/04\/Copia-de-Copia-de-Copia-de-TAMANHO-EXATO-PARA-FOTOS-NO-SISTEMA-NOVO-2025-04-10T141734.968_2025-04-10_17-17-41_png_2025-04-10_17-17-41.webp.webp?fit=1200%2C675&ssl=1&resize=350%2C200","width":350,"height":200,"srcset":"https:\/\/i0.wp.com\/noticiasribeiraopreto.com.br\/wp-content\/uploads\/2025\/04\/Copia-de-Copia-de-Copia-de-TAMANHO-EXATO-PARA-FOTOS-NO-SISTEMA-NOVO-2025-04-10T141734.968_2025-04-10_17-17-41_png_2025-04-10_17-17-41.webp.webp?fit=1200%2C675&ssl=1&resize=350%2C200 1x, https:\/\/i0.wp.com\/noticiasribeiraopreto.com.br\/wp-content\/uploads\/2025\/04\/Copia-de-Copia-de-Copia-de-TAMANHO-EXATO-PARA-FOTOS-NO-SISTEMA-NOVO-2025-04-10T141734.968_2025-04-10_17-17-41_png_2025-04-10_17-17-41.webp.webp?fit=1200%2C675&ssl=1&resize=525%2C300 1.5x, https:\/\/i0.wp.com\/noticiasribeiraopreto.com.br\/wp-content\/uploads\/2025\/04\/Copia-de-Copia-de-Copia-de-TAMANHO-EXATO-PARA-FOTOS-NO-SISTEMA-NOVO-2025-04-10T141734.968_2025-04-10_17-17-41_png_2025-04-10_17-17-41.webp.webp?fit=1200%2C675&ssl=1&resize=700%2C400 2x, https:\/\/i0.wp.com\/noticiasribeiraopreto.com.br\/wp-content\/uploads\/2025\/04\/Copia-de-Copia-de-Copia-de-TAMANHO-EXATO-PARA-FOTOS-NO-SISTEMA-NOVO-2025-04-10T141734.968_2025-04-10_17-17-41_png_2025-04-10_17-17-41.webp.webp?fit=1200%2C675&ssl=1&resize=1050%2C600 3x"},"classes":[]},{"id":74571,"url":"https:\/\/noticiasribeiraopreto.com.br\/index.php\/2025\/07\/24\/ribeirao-preto-recebe-feirinha-do-produtor-edicao-especial-dia-dos-pais\/","url_meta":{"origin":79658,"position":2},"title":"Ribeir\u00e3o Preto recebe Feirinha do Produtor edi\u00e7\u00e3o especial Dia dos Pais","author":"noticiasribeiraopreto.com.br","date":"24 de July de 2025","format":false,"excerpt":"A Feirinha do Produtor da Galeria Renato Aguiar, na zona Sul de Ribeir\u00e3o Preto, chega \u00e0 sua 9\u00aa edi\u00e7\u00e3o em agosto em comemora\u00e7\u00e3o ao Dia dos Pais. O evento tem entrada gratuita e funcionar\u00e1 das 16h \u00e0s 20h, na sexta-feira (8), e, das 9h \u00e0s 13h, no s\u00e1bado (9). A\u2026","rel":"","context":"In &quot;Not\u00edcias de Ribeir\u00e3o Preto-SP e Regi\u00e3o&quot;","block_context":{"text":"Not\u00edcias de Ribeir\u00e3o Preto-SP e Regi\u00e3o","link":"https:\/\/noticiasribeiraopreto.com.br\/index.php\/category\/noticias-de-ribeirao-preto-sp-e-regiao-ismael-colosi\/"},"img":{"alt_text":"","src":"https:\/\/i0.wp.com\/noticiasribeiraopreto.com.br\/wp-content\/uploads\/2025\/07\/feirinha-do-produtor_2025-07-24_19-46-16.webp.webp?fit=1078%2C792&ssl=1&resize=350%2C200","width":350,"height":200,"srcset":"https:\/\/i0.wp.com\/noticiasribeiraopreto.com.br\/wp-content\/uploads\/2025\/07\/feirinha-do-produtor_2025-07-24_19-46-16.webp.webp?fit=1078%2C792&ssl=1&resize=350%2C200 1x, https:\/\/i0.wp.com\/noticiasribeiraopreto.com.br\/wp-content\/uploads\/2025\/07\/feirinha-do-produtor_2025-07-24_19-46-16.webp.webp?fit=1078%2C792&ssl=1&resize=525%2C300 1.5x, https:\/\/i0.wp.com\/noticiasribeiraopreto.com.br\/wp-content\/uploads\/2025\/07\/feirinha-do-produtor_2025-07-24_19-46-16.webp.webp?fit=1078%2C792&ssl=1&resize=700%2C400 2x, https:\/\/i0.wp.com\/noticiasribeiraopreto.com.br\/wp-content\/uploads\/2025\/07\/feirinha-do-produtor_2025-07-24_19-46-16.webp.webp?fit=1078%2C792&ssl=1&resize=1050%2C600 3x"},"classes":[]},{"id":67180,"url":"https:\/\/noticiasribeiraopreto.com.br\/index.php\/2025\/04\/10\/feira-de-pascoa-com-entrada-gratuita-reune-produtores-locais-na-galeria-renato-aguiar\/","url_meta":{"origin":79658,"position":3},"title":"Feira de P\u00e1scoa com entrada gratuita re\u00fane produtores locais na Galeria Renato Aguiar","author":"noticiasribeiraopreto.com.br","date":"10 de April de 2025","format":false,"excerpt":"Ribeir\u00e3o Preto recebe neste final de semana, a edi\u00e7\u00e3o de P\u00e1scoa da \u201cFeirinha do Produtor\u201d, da Galeria Renato Aguiar, com entrada gratuita. O evento vai reunir mais de dez produtores da regi\u00e3o, que oferecer\u00e3o degusta\u00e7\u00e3o de produtos, como, ovos de P\u00e1scoa, charcutaria, doces, geleias e mais \u2013 veja abaixo. A\u2026","rel":"","context":"In &quot;Not\u00edcias de Ribeir\u00e3o Preto-SP e Regi\u00e3o&quot;","block_context":{"text":"Not\u00edcias de Ribeir\u00e3o Preto-SP e Regi\u00e3o","link":"https:\/\/noticiasribeiraopreto.com.br\/index.php\/category\/noticias-de-ribeirao-preto-sp-e-regiao-ismael-colosi\/"},"img":{"alt_text":"","src":"https:\/\/i0.wp.com\/noticiasribeiraopreto.com.br\/wp-content\/uploads\/2025\/04\/Copia-de-Copia-de-Copia-de-TAMANHO-EXATO-PARA-FOTOS-NO-SISTEMA-NOVO-2025-04-10T141734.968_2025-04-10_17-17-41_png_2025-04-10_17-17-41.webp.webp?fit=1200%2C675&ssl=1&resize=350%2C200","width":350,"height":200,"srcset":"https:\/\/i0.wp.com\/noticiasribeiraopreto.com.br\/wp-content\/uploads\/2025\/04\/Copia-de-Copia-de-Copia-de-TAMANHO-EXATO-PARA-FOTOS-NO-SISTEMA-NOVO-2025-04-10T141734.968_2025-04-10_17-17-41_png_2025-04-10_17-17-41.webp.webp?fit=1200%2C675&ssl=1&resize=350%2C200 1x, https:\/\/i0.wp.com\/noticiasribeiraopreto.com.br\/wp-content\/uploads\/2025\/04\/Copia-de-Copia-de-Copia-de-TAMANHO-EXATO-PARA-FOTOS-NO-SISTEMA-NOVO-2025-04-10T141734.968_2025-04-10_17-17-41_png_2025-04-10_17-17-41.webp.webp?fit=1200%2C675&ssl=1&resize=525%2C300 1.5x, https:\/\/i0.wp.com\/noticiasribeiraopreto.com.br\/wp-content\/uploads\/2025\/04\/Copia-de-Copia-de-Copia-de-TAMANHO-EXATO-PARA-FOTOS-NO-SISTEMA-NOVO-2025-04-10T141734.968_2025-04-10_17-17-41_png_2025-04-10_17-17-41.webp.webp?fit=1200%2C675&ssl=1&resize=700%2C400 2x, https:\/\/i0.wp.com\/noticiasribeiraopreto.com.br\/wp-content\/uploads\/2025\/04\/Copia-de-Copia-de-Copia-de-TAMANHO-EXATO-PARA-FOTOS-NO-SISTEMA-NOVO-2025-04-10T141734.968_2025-04-10_17-17-41_png_2025-04-10_17-17-41.webp.webp?fit=1200%2C675&ssl=1&resize=1050%2C600 3x"},"classes":[]},{"id":77675,"url":"https:\/\/noticiasribeiraopreto.com.br\/index.php\/2025\/09\/23\/ribeirao-recebe-festival-das-orquideas-com-entrada-gratuita-saiba-ate-quando\/","url_meta":{"origin":79658,"position":4},"title":"Ribeir\u00e3o recebe Festival das Orqu\u00eddeas com entrada gratuita; Saiba at\u00e9 quando","author":"noticiasribeiraopreto.com.br","date":"23 de September de 2025","format":false,"excerpt":"Ribeir\u00e3o Preto recebe at\u00e9 s\u00e1bado (27) a primeira edi\u00e7\u00e3o do Festival das Orqu\u00eddeas, na Galeria Renato Aguiar, na zona Sul da cidade. Com entrada gratuita, o evento celebra a beleza e a diversidade das flores. O festival oferece uma programa\u00e7\u00e3o variada, com workshops e oficinas conduzidas por especialistas de Holambra,\u2026","rel":"","context":"In &quot;Not\u00edcias de Ribeir\u00e3o Preto-SP e Regi\u00e3o&quot;","block_context":{"text":"Not\u00edcias de Ribeir\u00e3o Preto-SP e Regi\u00e3o","link":"https:\/\/noticiasribeiraopreto.com.br\/index.php\/category\/noticias-de-ribeirao-preto-sp-e-regiao-ismael-colosi\/"},"img":{"alt_text":"","src":"https:\/\/i0.wp.com\/noticiasribeiraopreto.com.br\/wp-content\/uploads\/2025\/09\/Copia-de-Copia-de-Copia-de-TAMANHO-EXATO-PARA-FOTOS-NO-SISTEMA-NOVO-2025-09-23T174759.264_2025-09-23_20-48-12.webp.webp?fit=1200%2C675&ssl=1&resize=350%2C200","width":350,"height":200,"srcset":"https:\/\/i0.wp.com\/noticiasribeiraopreto.com.br\/wp-content\/uploads\/2025\/09\/Copia-de-Copia-de-Copia-de-TAMANHO-EXATO-PARA-FOTOS-NO-SISTEMA-NOVO-2025-09-23T174759.264_2025-09-23_20-48-12.webp.webp?fit=1200%2C675&ssl=1&resize=350%2C200 1x, https:\/\/i0.wp.com\/noticiasribeiraopreto.com.br\/wp-content\/uploads\/2025\/09\/Copia-de-Copia-de-Copia-de-TAMANHO-EXATO-PARA-FOTOS-NO-SISTEMA-NOVO-2025-09-23T174759.264_2025-09-23_20-48-12.webp.webp?fit=1200%2C675&ssl=1&resize=525%2C300 1.5x, https:\/\/i0.wp.com\/noticiasribeiraopreto.com.br\/wp-content\/uploads\/2025\/09\/Copia-de-Copia-de-Copia-de-TAMANHO-EXATO-PARA-FOTOS-NO-SISTEMA-NOVO-2025-09-23T174759.264_2025-09-23_20-48-12.webp.webp?fit=1200%2C675&ssl=1&resize=700%2C400 2x, https:\/\/i0.wp.com\/noticiasribeiraopreto.com.br\/wp-content\/uploads\/2025\/09\/Copia-de-Copia-de-Copia-de-TAMANHO-EXATO-PARA-FOTOS-NO-SISTEMA-NOVO-2025-09-23T174759.264_2025-09-23_20-48-12.webp.webp?fit=1200%2C675&ssl=1&resize=1050%2C600 3x"},"classes":[]},{"id":73386,"url":"https:\/\/noticiasribeiraopreto.com.br\/index.php\/2025\/07\/01\/ribeirao-preto-recebe-festa-julina-e-feirinha-do-produtor-veja-quando\/","url_meta":{"origin":79658,"position":5},"title":"Ribeir\u00e3o Preto recebe festa julina e feirinha do produtor; Veja quando","author":"noticiasribeiraopreto.com.br","date":"1 de July de 2025","format":false,"excerpt":"A Galeria Renato Aguiar, na zona Sul de Ribeir\u00e3o Preto, promove, neste fim de semana, uma festa julina com m\u00fasica, comidas e bebidas t\u00edpicas e a tradicional feirinha do produtor, com fabricantes locais e diversas op\u00e7\u00f5es gastron\u00f4micas artesanais. A entrada \u00e9 gratuita. A festa julina acontece na sexta-feira (4), das\u2026","rel":"","context":"In &quot;Not\u00edcias de Ribeir\u00e3o Preto-SP e Regi\u00e3o&quot;","block_context":{"text":"Not\u00edcias de Ribeir\u00e3o Preto-SP e Regi\u00e3o","link":"https:\/\/noticiasribeiraopreto.com.br\/index.php\/category\/noticias-de-ribeirao-preto-sp-e-regiao-ismael-colosi\/"},"img":{"alt_text":"","src":"https:\/\/i0.wp.com\/noticiasribeiraopreto.com.br\/wp-content\/uploads\/2025\/07\/teatro-ias-1_2025-07-01_11-43-31.webp.webp?fit=1200%2C675&ssl=1&resize=350%2C200","width":350,"height":200,"srcset":"https:\/\/i0.wp.com\/noticiasribeiraopreto.com.br\/wp-content\/uploads\/2025\/07\/teatro-ias-1_2025-07-01_11-43-31.webp.webp?fit=1200%2C675&ssl=1&resize=350%2C200 1x, https:\/\/i0.wp.com\/noticiasribeiraopreto.com.br\/wp-content\/uploads\/2025\/07\/teatro-ias-1_2025-07-01_11-43-31.webp.webp?fit=1200%2C675&ssl=1&resize=525%2C300 1.5x, https:\/\/i0.wp.com\/noticiasribeiraopreto.com.br\/wp-content\/uploads\/2025\/07\/teatro-ias-1_2025-07-01_11-43-31.webp.webp?fit=1200%2C675&ssl=1&resize=700%2C400 2x, https:\/\/i0.wp.com\/noticiasribeiraopreto.com.br\/wp-content\/uploads\/2025\/07\/teatro-ias-1_2025-07-01_11-43-31.webp.webp?fit=1200%2C675&ssl=1&resize=1050%2C600 3x"},"classes":[]}],"jetpack_sharing_enabled":true,"jetpack_shortlink":"https:\/\/wp.me\/peQAOb-kIO","_links":{"self":[{"href":"https:\/\/noticiasribeiraopreto.com.br\/index.php\/wp-json\/wp\/v2\/posts\/79658","targetHints":{"allow":["GET"]}}],"collection":[{"href":"https:\/\/noticiasribeiraopreto.com.br\/index.php\/wp-json\/wp\/v2\/posts"}],"about":[{"href":"https:\/\/noticiasribeiraopreto.com.br\/index.php\/wp-json\/wp\/v2\/types\/post"}],"author":[{"embeddable":true,"href":"https:\/\/noticiasribeiraopreto.com.br\/index.php\/wp-json\/wp\/v2\/users\/1"}],"replies":[{"embeddable":true,"href":"https:\/\/noticiasribeiraopreto.com.br\/index.php\/wp-json\/wp\/v2\/comments?post=79658"}],"version-history":[{"count":0,"href":"https:\/\/noticiasribeiraopreto.com.br\/index.php\/wp-json\/wp\/v2\/posts\/79658\/revisions"}],"wp:featuredmedia":[{"embeddable":true,"href":"https:\/\/noticiasribeiraopreto.com.br\/index.php\/wp-json\/wp\/v2\/media\/79659"}],"wp:attachment":[{"href":"https:\/\/noticiasribeiraopreto.com.br\/index.php\/wp-json\/wp\/v2\/media?parent=79658"}],"wp:term":[{"taxonomy":"category","embeddable":true,"href":"https:\/\/noticiasribeiraopreto.com.br\/index.php\/wp-json\/wp\/v2\/categories?post=79658"},{"taxonomy":"post_tag","embeddable":true,"href":"https:\/\/noticiasribeiraopreto.com.br\/index.php\/wp-json\/wp\/v2\/tags?post=79658"}],"curies":[{"name":"wp","href":"https:\/\/api.w.org\/{rel}","templated":true}]}}