{"id":7966,"date":"2023-11-29T07:47:53","date_gmt":"2023-11-29T10:47:53","guid":{"rendered":"https:\/\/noticiasribeiraopreto.com.br\/index.php\/2023\/11\/29\/concurso-publico-da-camara-de-marica-rj-oferece-remuneracao-de-ate-r-43-mil\/"},"modified":"2023-11-29T07:47:53","modified_gmt":"2023-11-29T10:47:53","slug":"concurso-publico-da-camara-de-marica-rj-oferece-remuneracao-de-ate-r-43-mil","status":"publish","type":"post","link":"https:\/\/noticiasribeiraopreto.com.br\/index.php\/2023\/11\/29\/concurso-publico-da-camara-de-marica-rj-oferece-remuneracao-de-ate-r-43-mil\/","title":{"rendered":"Concurso p\u00fablico da C\u00e2mara de Maric\u00e1 (RJ) oferece remunera\u00e7\u00e3o de at\u00e9 R$ 4,3 mil"},"content":{"rendered":"<div class='code-block code-block-1' style='margin: 8px 0 8px auto; text-align: right; display: block; clear: both;'>\n<p><a href=\"https:\/\/wa.link\/vpicfd\"><img data-recalc-dims=\"1\" class=\"wp-image-4922\" style=\"aspect-ratio: 2.0253164556962027; width: 561px; height: auto;\" src=\"https:\/\/i0.wp.com\/ismaelcolosi.com.br\/wp-content\/uploads\/2023\/11\/grupo-de-empregos-whatsapp-e-facebook-ismael-colosi-vagas.jpg?ssl=1\" alt=\"\" \/><\/a><\/p>\n<!-- \/wp:image -->\n<\/div>\n<p> <br \/>\n<\/p>\n<div>\n<div id=\"attachment_2314383\" class=\"wp-caption alignnone\">\n<div class=\"d-flex justify-content-center\" data-attachment-id=\"2314383\">\n<div class=\"position-relative d-inline-block\"><img data-recalc-dims=\"1\" data-portal-copyright=\"IStock\" decoding=\"async\" fetchpriority=\"high\" class=\"size-medium wp-image-2314383\" src=\"https:\/\/i0.wp.com\/catracalivre.com.br\/wp-content\/uploads\/2023\/11\/istock-944043470-450x300.jpg?resize=450%2C300&#038;ssl=1\" alt=\"Concurso P\u00fablico da C\u00e2mara de Maric\u00e1\" width=\"450\" height=\"300\" srcset=\"https:\/\/catracalivre.com.br\/wp-content\/uploads\/2023\/11\/istock-944043470-450x300.jpg 450w, https:\/\/catracalivre.com.br\/wp-content\/uploads\/2023\/11\/istock-944043470-910x607.jpg 910w, https:\/\/catracalivre.com.br\/wp-content\/uploads\/2023\/11\/istock-944043470-768x512.jpg 768w, https:\/\/catracalivre.com.br\/wp-content\/uploads\/2023\/11\/istock-944043470.jpg 1254w\" sizes=\"(max-width: 450px) 100vw, 450px\"\/><\/p>\n<p>Cr\u00e9ditos: IStock<\/p>\n<\/div>\n<\/div>\n<p><span class=\"post-imagem__legenda\">Concurso P\u00fablico da C\u00e2mara de Maric\u00e1<\/span><\/p>\n<\/div>\n<p>A C\u00e2mara Municipal de Vereadores de Maric\u00e1, no estado do Rio de Janeiro, anuncia edital de n\u00ba 01\/2023 para <a href=\"https:\/\/catracalivre.com.br\/carreira\/26-concursos-publicos-para-driblar-crise-do-desemprego\/\">concurso<\/a> p\u00fablico, que visa o preenchimento de\u00a022 vagas\u00a0imediatas. As oportunidades s\u00e3o para cargos que exigem grau de escolaridade m\u00e9dio, fundamental ou superior. Haver\u00e1 reserva de vagas para candidatos afrodescendentes e pessoas portadoras de defici\u00eancia.<\/p>\n<p>A remunera\u00e7\u00e3o oferecida em <a href=\"https:\/\/catracalivre.com.br\/agenda\/17-sites-gratuitos-para-estudar-para-concursos-publicos\/\">concurso<\/a> p\u00fablico aos profissionais selecionados varia de\u00a0R$ 3.000,00 a R$ 4.307,70\u00a0para trabalhar em jornadas de 40 horas por semana.<\/p>\n<h2>Conhe\u00e7a as vagas destinadas aos seguintes cargos:<\/h2>\n<p>Analista Legislativo I:\u00a0oportunidade para profissional com n\u00edvel superior completo;<\/p>\n<p>Contador I:\u00a0oportunidade para profissional com n\u00edvel superior completo;<\/p>\n<p>Procurador I:\u00a0oportunidade para profissional com n\u00edvel superior completo;<\/p>\n<p>T\u00e9cnico em Sistemas e Redes:\u00a0oportunidade para profissional com n\u00edvel superior completo;<\/p>\n<p>T\u00e9cnico Legislativo I:\u00a0oportunidade de n\u00edvel m\u00e9dio;<\/p>\n<p>Oficial de Servi\u00e7os Gerais:\u00a0oportunidade de n\u00edvel fundamental.<\/p>\n<p>As inscri\u00e7\u00f5es devem ser realizadas atrav\u00e9s do <a href=\"https:\/\/www.ibam-concursos.org.br\/documento.asp?cod=205\">site<\/a> oficial at\u00e9 o dia 17 de dezembro de 2023. O valor cobrado como taxa de inscri\u00e7\u00e3o varia de\u00a0R$ 50,00 a R$ 130,00\u00a0conforme a vaga em disputa.<\/p>\n<p>As d\u00favidas e outras informa\u00e7\u00f5es devem ser direcionadas a um dos seguintes canais de atendimento: Telefone: (21) 2142-9797; Endere\u00e7o de e-mail: ibam@ibam.org.br.<\/p>\n<div class=\"partner d-flex rounded shadow-sm p-2 mb-3 align-items-center\" id=\"partner\" data-print=\"ignore\">\n<div class=\"image mr-2\">\n<img data-recalc-dims=\"1\" src=\"https:\/\/i0.wp.com\/robohash.org\/b730afd4cf5c5d237c7f93163ed023b6.png?resize=110%2C110&#038;ssl=1\" width=\"110\" height=\"110\" title=\"Thatyana Costa\" loading=\"lazy\" decoding=\"async\" class=\"rounded-circle\"\/>\n<\/div>\n<\/div>\n<\/div>\n<p><script>\n\t\t! function(f, b, e, v, n, t, s) {\n\t\t\tif (f.fbq) return;\n\t\t\tn = f.fbq = function() {\n\t\t\t\tn.callMethod ?\n\t\t\t\t\tn.callMethod.apply(n, arguments) : n.queue.push(arguments)\n\t\t\t};\n\t\t\tif (!f._fbq) f._fbq = n;\n\t\t\tn.push = n;\n\t\t\tn.loaded = !0;\n\t\t\tn.version = '2.0';\n\t\t\tn.queue = [];\n\t\t\tt = b.createElement(e);\n\t\t\tt.async = !0;\n\t\t\tt.src = v;\n\t\t\ts = b.getElementsByTagName(e)[0];\n\t\t\ts.parentNode.insertBefore(t, s)\n\t\t}(window, document, 'script',\n\t\t\t'https:\/\/connect.facebook.net\/en_US\/fbevents.js');\n\t\tfbq('init', '338315473262380');\n\t\tfbq('track', 'PageView');\n\t<\/script><br \/>\n<br \/><br \/>\n<br \/><a href=\"https:\/\/catracalivre.com.br\/educacao\/concurso-publico-da-camara-de-marica-rj-oferece-remuneracao-de-ate-r-43-mil\/\">Source link <\/a><\/p>\n<!-- CONTENT END 1 -->\n","protected":false},"excerpt":{"rendered":"<p>Cr\u00e9ditos: IStock Concurso P\u00fablico da C\u00e2mara de Maric\u00e1 A C\u00e2mara Municipal de Vereadores de Maric\u00e1, no estado do Rio de Janeiro, anuncia edital de n\u00ba&#8230;<\/p>\n","protected":false},"author":1,"featured_media":7967,"comment_status":"open","ping_status":"open","sticky":false,"template":"","format":"standard","meta":{"advanced_seo_description":"","jetpack_seo_html_title":"","jetpack_seo_noindex":false,"jetpack_post_was_ever_published":false,"_jetpack_newsletter_access":"","_jetpack_dont_email_post_to_subs":false,"_jetpack_newsletter_tier_id":0,"_jetpack_memberships_contains_paywalled_content":false,"_jetpack_memberships_contains_paid_content":false,"footnotes":"","jetpack_publicize_message":"","jetpack_publicize_feature_enabled":true,"jetpack_social_post_already_shared":true,"jetpack_social_options":{"image_generator_settings":{"template":"highway","default_image_id":0,"font":"","enabled":false},"version":2}},"categories":[19],"tags":[],"class_list":["post-7966","post","type-post","status-publish","format-standard","has-post-thumbnail","hentry","category-variedades"],"jetpack_publicize_connections":[],"jetpack_featured_media_url":"https:\/\/i0.wp.com\/noticiasribeiraopreto.com.br\/wp-content\/uploads\/2023\/11\/istock-944043470.jpg?fit=1200%2C638&ssl=1","jetpack-related-posts":[{"id":14746,"url":"https:\/\/noticiasribeiraopreto.com.br\/index.php\/2023\/12\/12\/concurso-publico-da-camara-de-marica-rj-tem-remuneracao-de-ate-r-43-mil\/","url_meta":{"origin":7966,"position":0},"title":"Concurso p\u00fablico da C\u00e2mara de Maric\u00e1 (RJ) tem remunera\u00e7\u00e3o de at\u00e9 R$ 4,3 mil","author":"noticiasribeiraopreto.com.br","date":"12 de December de 2023","format":false,"excerpt":"Cr\u00e9ditos: IStockConcurso P\u00fablico da C\u00e2mara de Maric\u00e1A\u00a0C\u00e2mara de Maric\u00e1, no estado do\u00a0Rio de Janeiro, anuncia edital de n\u00ba 01\/2023 para concurso p\u00fablico, que visa o preenchimento de\u00a022 vagas\u00a0imediatas. As oportunidades s\u00e3o para cargos que exigem grau de escolaridade m\u00e9dio, fundamental ou superior. Haver\u00e1 reserva de vagas para candidatos afrodescendentes e\u2026","rel":"","context":"In &quot;Variedades&quot;","block_context":{"text":"Variedades","link":"https:\/\/noticiasribeiraopreto.com.br\/index.php\/category\/variedades\/"},"img":{"alt_text":"","src":"https:\/\/i0.wp.com\/noticiasribeiraopreto.com.br\/wp-content\/uploads\/2023\/12\/istock-1414996972.jpg?fit=1200%2C638&ssl=1&resize=350%2C200","width":350,"height":200,"srcset":"https:\/\/i0.wp.com\/noticiasribeiraopreto.com.br\/wp-content\/uploads\/2023\/12\/istock-1414996972.jpg?fit=1200%2C638&ssl=1&resize=350%2C200 1x, https:\/\/i0.wp.com\/noticiasribeiraopreto.com.br\/wp-content\/uploads\/2023\/12\/istock-1414996972.jpg?fit=1200%2C638&ssl=1&resize=525%2C300 1.5x, https:\/\/i0.wp.com\/noticiasribeiraopreto.com.br\/wp-content\/uploads\/2023\/12\/istock-1414996972.jpg?fit=1200%2C638&ssl=1&resize=700%2C400 2x, https:\/\/i0.wp.com\/noticiasribeiraopreto.com.br\/wp-content\/uploads\/2023\/12\/istock-1414996972.jpg?fit=1200%2C638&ssl=1&resize=1050%2C600 3x"},"classes":[]},{"id":14930,"url":"https:\/\/noticiasribeiraopreto.com.br\/index.php\/2023\/12\/12\/camara-de-marica-rj-abre-concurso-publico-com-22-vagas-em-diversos-niveis\/","url_meta":{"origin":7966,"position":1},"title":"C\u00e2mara de Maric\u00e1 (RJ) abre concurso p\u00fablico com 22 vagas em diversos n\u00edveis","author":"noticiasribeiraopreto.com.br","date":"12 de December de 2023","format":false,"excerpt":"Cr\u00e9ditos: IStockConcurso P\u00fablico C\u00e2mara de Maric\u00e1A C\u00e2mara Municipal de Maric\u00e1, localizada no estado do Rio de Janeiro, lan\u00e7ou o edital de n\u00famero 01\/2023 para seu concurso p\u00fablico, oferecendo um total de 22 vagas imediatas em diferentes \u00e1reas. Essas oportunidades contemplam cargos com exig\u00eancia de forma\u00e7\u00e3o em n\u00edveis m\u00e9dio, fundamental e\u2026","rel":"","context":"In &quot;Variedades&quot;","block_context":{"text":"Variedades","link":"https:\/\/noticiasribeiraopreto.com.br\/index.php\/category\/variedades\/"},"img":{"alt_text":"","src":"https:\/\/i0.wp.com\/noticiasribeiraopreto.com.br\/wp-content\/uploads\/2023\/12\/istock-958697476.jpg?fit=1200%2C638&ssl=1&resize=350%2C200","width":350,"height":200,"srcset":"https:\/\/i0.wp.com\/noticiasribeiraopreto.com.br\/wp-content\/uploads\/2023\/12\/istock-958697476.jpg?fit=1200%2C638&ssl=1&resize=350%2C200 1x, https:\/\/i0.wp.com\/noticiasribeiraopreto.com.br\/wp-content\/uploads\/2023\/12\/istock-958697476.jpg?fit=1200%2C638&ssl=1&resize=525%2C300 1.5x, https:\/\/i0.wp.com\/noticiasribeiraopreto.com.br\/wp-content\/uploads\/2023\/12\/istock-958697476.jpg?fit=1200%2C638&ssl=1&resize=700%2C400 2x, https:\/\/i0.wp.com\/noticiasribeiraopreto.com.br\/wp-content\/uploads\/2023\/12\/istock-958697476.jpg?fit=1200%2C638&ssl=1&resize=1050%2C600 3x"},"classes":[]},{"id":14472,"url":"https:\/\/noticiasribeiraopreto.com.br\/index.php\/2023\/12\/12\/rio-tem-curso-gratuito-para-mulheres-atuarem-na-construcao-civil\/","url_meta":{"origin":7966,"position":2},"title":"Rio tem curso gratuito para mulheres atuarem na constru\u00e7\u00e3o civil","author":"noticiasribeiraopreto.com.br","date":"12 de December de 2023","format":false,"excerpt":"O Instituto Protetor dos Pobres e Crian\u00e7as Abrigo Maria Imaculada (IPPCAMI) est\u00e1 com cursos gratuitos para mulheres que queiram trabalhar na constru\u00e7\u00e3o civil. Cr\u00e9ditos: Divulga\u00e7\u00e3oProjeto social no Rio de Janeiro oferece curso gratuito para mulheres atuarem na constru\u00e7\u00e3o civil A iniciativa, em parceria com a Petrobras, oferece 60 vagas e\u2026","rel":"","context":"In &quot;Variedades&quot;","block_context":{"text":"Variedades","link":"https:\/\/noticiasribeiraopreto.com.br\/index.php\/category\/variedades\/"},"img":{"alt_text":"","src":"https:\/\/i0.wp.com\/noticiasribeiraopreto.com.br\/wp-content\/uploads\/2023\/12\/curso-gratuito-marica.jpg?fit=1200%2C638&ssl=1&resize=350%2C200","width":350,"height":200,"srcset":"https:\/\/i0.wp.com\/noticiasribeiraopreto.com.br\/wp-content\/uploads\/2023\/12\/curso-gratuito-marica.jpg?fit=1200%2C638&ssl=1&resize=350%2C200 1x, https:\/\/i0.wp.com\/noticiasribeiraopreto.com.br\/wp-content\/uploads\/2023\/12\/curso-gratuito-marica.jpg?fit=1200%2C638&ssl=1&resize=525%2C300 1.5x, https:\/\/i0.wp.com\/noticiasribeiraopreto.com.br\/wp-content\/uploads\/2023\/12\/curso-gratuito-marica.jpg?fit=1200%2C638&ssl=1&resize=700%2C400 2x, https:\/\/i0.wp.com\/noticiasribeiraopreto.com.br\/wp-content\/uploads\/2023\/12\/curso-gratuito-marica.jpg?fit=1200%2C638&ssl=1&resize=1050%2C600 3x"},"classes":[]},{"id":23845,"url":"https:\/\/noticiasribeiraopreto.com.br\/index.php\/2024\/01\/03\/ultimas-horas-de-inscricao-para-568-vagas\/","url_meta":{"origin":7966,"position":3},"title":"\u00faltimas horas de inscri\u00e7\u00e3o para 568 vagas","author":"noticiasribeiraopreto.com.br","date":"3 de January de 2024","format":false,"excerpt":"Hoje, 3 de janeiro, \u00e9 o \u00faltimo dia de inscri\u00e7\u00e3o no processo seletivo da FEMAR (Funda\u00e7\u00e3o Estatal de Sa\u00fade de Maric\u00e1). O formul\u00e1rio estar\u00e1 dispon\u00edvel somente at\u00e9 as 12h no site da Universidade Federal Fluminense \u2013 UFF, atrav\u00e9s da Coordena\u00e7\u00e3o de Sele\u00e7\u00e3o Acad\u00eamica \u2013 COSEAC (https:\/\/portal.coseac.uff.br). O valor da taxa\u2026","rel":"","context":"In &quot;Vagas de Emprego em Ribeir\u00e3o Preto-SP&quot;","block_context":{"text":"Vagas de Emprego em Ribeir\u00e3o Preto-SP","link":"https:\/\/noticiasribeiraopreto.com.br\/index.php\/category\/empregos-classificados-vagas-trabalho\/vagas-de-empregos-em-ribeirao-preto-regiao-brasil\/"},"img":{"alt_text":"","src":"https:\/\/i0.wp.com\/noticiasribeiraopreto.com.br\/wp-content\/uploads\/2024\/01\/concurso-femar-marica-rj-divulgacao.jpg?fit=1200%2C675&ssl=1&resize=350%2C200","width":350,"height":200,"srcset":"https:\/\/i0.wp.com\/noticiasribeiraopreto.com.br\/wp-content\/uploads\/2024\/01\/concurso-femar-marica-rj-divulgacao.jpg?fit=1200%2C675&ssl=1&resize=350%2C200 1x, https:\/\/i0.wp.com\/noticiasribeiraopreto.com.br\/wp-content\/uploads\/2024\/01\/concurso-femar-marica-rj-divulgacao.jpg?fit=1200%2C675&ssl=1&resize=525%2C300 1.5x, https:\/\/i0.wp.com\/noticiasribeiraopreto.com.br\/wp-content\/uploads\/2024\/01\/concurso-femar-marica-rj-divulgacao.jpg?fit=1200%2C675&ssl=1&resize=700%2C400 2x, https:\/\/i0.wp.com\/noticiasribeiraopreto.com.br\/wp-content\/uploads\/2024\/01\/concurso-femar-marica-rj-divulgacao.jpg?fit=1200%2C675&ssl=1&resize=1050%2C600 3x"},"classes":[]},{"id":11545,"url":"https:\/\/noticiasribeiraopreto.com.br\/index.php\/2023\/12\/06\/saiu-novo-processo-seletivo-da-femar-rj-com-568-vagas-para-nivel-medio-2\/","url_meta":{"origin":7966,"position":4},"title":"SAIU novo processo seletivo da FEMAR RJ com 568 vagas para n\u00edvel m\u00e9dio","author":"noticiasribeiraopreto.com.br","date":"6 de December de 2023","format":false,"excerpt":"A Funda\u00e7\u00e3o Estatal de Sa\u00fade de Maric\u00e1 \u2013 FEMAR divulgou o seu segundo edital de processo seletivo p\u00fablico para contrata\u00e7\u00e3o de empregados para o seu quadro de pessoal permanente. O processo seletivo da FEMAR visa ao preenchimento de 568 vagas para \u00e1rea da sa\u00fade, al\u00e9m de forma\u00e7\u00e3o de cadastro reserva\u2026","rel":"","context":"In &quot;Vagas de Emprego em Ribeir\u00e3o Preto-SP&quot;","block_context":{"text":"Vagas de Emprego em Ribeir\u00e3o Preto-SP","link":"https:\/\/noticiasribeiraopreto.com.br\/index.php\/category\/empregos-classificados-vagas-trabalho\/vagas-de-empregos-em-ribeirao-preto-regiao-brasil\/"},"img":{"alt_text":"","src":"https:\/\/i0.wp.com\/noticiasribeiraopreto.com.br\/wp-content\/uploads\/2023\/12\/concurso-femar-marica-rj-divulgacao.jpg?fit=1200%2C675&ssl=1&resize=350%2C200","width":350,"height":200,"srcset":"https:\/\/i0.wp.com\/noticiasribeiraopreto.com.br\/wp-content\/uploads\/2023\/12\/concurso-femar-marica-rj-divulgacao.jpg?fit=1200%2C675&ssl=1&resize=350%2C200 1x, https:\/\/i0.wp.com\/noticiasribeiraopreto.com.br\/wp-content\/uploads\/2023\/12\/concurso-femar-marica-rj-divulgacao.jpg?fit=1200%2C675&ssl=1&resize=525%2C300 1.5x, https:\/\/i0.wp.com\/noticiasribeiraopreto.com.br\/wp-content\/uploads\/2023\/12\/concurso-femar-marica-rj-divulgacao.jpg?fit=1200%2C675&ssl=1&resize=700%2C400 2x, https:\/\/i0.wp.com\/noticiasribeiraopreto.com.br\/wp-content\/uploads\/2023\/12\/concurso-femar-marica-rj-divulgacao.jpg?fit=1200%2C675&ssl=1&resize=1050%2C600 3x"},"classes":[]},{"id":11479,"url":"https:\/\/noticiasribeiraopreto.com.br\/index.php\/2023\/12\/06\/concurso-publico-da-camara-de-cachoeirinha-oferece-salario-de-ate-r-6-mil\/","url_meta":{"origin":7966,"position":5},"title":"Concurso P\u00fablico da C\u00e2mara de Cachoeirinha oferece sal\u00e1rio de at\u00e9 R$ 6 mil","author":"noticiasribeiraopreto.com.br","date":"6 de December de 2023","format":false,"excerpt":"Cr\u00e9ditos: IStockConcurso P\u00fablico da C\u00e2mara de CachoeirinhaA C\u00e2mara de Cachoeirinha, no estado do\u00a0Rio Grande do Sul, anuncia edital de n\u00ba 01\/1023 para concurso p\u00fablico. Ao todo s\u00e3o duas oportunidades para contrata\u00e7\u00f5es imediatas, mais forma\u00e7\u00e3o de cadastro reserva (CR).O concurso p\u00fablico oferece remunera\u00e7\u00f5es que variam de R$ 3.516,77 at\u00e9\u00a0R$ 6.070,13\u00a0por m\u00eas\u2026","rel":"","context":"In &quot;Variedades&quot;","block_context":{"text":"Variedades","link":"https:\/\/noticiasribeiraopreto.com.br\/index.php\/category\/variedades\/"},"img":{"alt_text":"","src":"https:\/\/i0.wp.com\/noticiasribeiraopreto.com.br\/wp-content\/uploads\/2023\/12\/istock-1423281288.jpg?fit=1200%2C638&ssl=1&resize=350%2C200","width":350,"height":200,"srcset":"https:\/\/i0.wp.com\/noticiasribeiraopreto.com.br\/wp-content\/uploads\/2023\/12\/istock-1423281288.jpg?fit=1200%2C638&ssl=1&resize=350%2C200 1x, https:\/\/i0.wp.com\/noticiasribeiraopreto.com.br\/wp-content\/uploads\/2023\/12\/istock-1423281288.jpg?fit=1200%2C638&ssl=1&resize=525%2C300 1.5x, https:\/\/i0.wp.com\/noticiasribeiraopreto.com.br\/wp-content\/uploads\/2023\/12\/istock-1423281288.jpg?fit=1200%2C638&ssl=1&resize=700%2C400 2x, https:\/\/i0.wp.com\/noticiasribeiraopreto.com.br\/wp-content\/uploads\/2023\/12\/istock-1423281288.jpg?fit=1200%2C638&ssl=1&resize=1050%2C600 3x"},"classes":[]}],"jetpack_sharing_enabled":true,"jetpack_shortlink":"https:\/\/wp.me\/peQAOb-24u","_links":{"self":[{"href":"https:\/\/noticiasribeiraopreto.com.br\/index.php\/wp-json\/wp\/v2\/posts\/7966","targetHints":{"allow":["GET"]}}],"collection":[{"href":"https:\/\/noticiasribeiraopreto.com.br\/index.php\/wp-json\/wp\/v2\/posts"}],"about":[{"href":"https:\/\/noticiasribeiraopreto.com.br\/index.php\/wp-json\/wp\/v2\/types\/post"}],"author":[{"embeddable":true,"href":"https:\/\/noticiasribeiraopreto.com.br\/index.php\/wp-json\/wp\/v2\/users\/1"}],"replies":[{"embeddable":true,"href":"https:\/\/noticiasribeiraopreto.com.br\/index.php\/wp-json\/wp\/v2\/comments?post=7966"}],"version-history":[{"count":0,"href":"https:\/\/noticiasribeiraopreto.com.br\/index.php\/wp-json\/wp\/v2\/posts\/7966\/revisions"}],"wp:featuredmedia":[{"embeddable":true,"href":"https:\/\/noticiasribeiraopreto.com.br\/index.php\/wp-json\/wp\/v2\/media\/7967"}],"wp:attachment":[{"href":"https:\/\/noticiasribeiraopreto.com.br\/index.php\/wp-json\/wp\/v2\/media?parent=7966"}],"wp:term":[{"taxonomy":"category","embeddable":true,"href":"https:\/\/noticiasribeiraopreto.com.br\/index.php\/wp-json\/wp\/v2\/categories?post=7966"},{"taxonomy":"post_tag","embeddable":true,"href":"https:\/\/noticiasribeiraopreto.com.br\/index.php\/wp-json\/wp\/v2\/tags?post=7966"}],"curies":[{"name":"wp","href":"https:\/\/api.w.org\/{rel}","templated":true}]}}