{"id":79660,"date":"2025-11-05T14:41:33","date_gmt":"2025-11-05T17:41:33","guid":{"rendered":"https:\/\/noticiasribeiraopreto.com.br\/index.php\/2025\/11\/05\/caixa-anuncia-concurso-publico-com-184-vagas-e-salarios-de-ate-r-14-mil\/"},"modified":"2025-11-05T14:41:33","modified_gmt":"2025-11-05T17:41:33","slug":"caixa-anuncia-concurso-publico-com-184-vagas-e-salarios-de-ate-r-14-mil","status":"publish","type":"post","link":"https:\/\/noticiasribeiraopreto.com.br\/index.php\/2025\/11\/05\/caixa-anuncia-concurso-publico-com-184-vagas-e-salarios-de-ate-r-14-mil\/","title":{"rendered":"Caixa anuncia concurso p\u00fablico com 184 vagas e sal\u00e1rios de at\u00e9 R$ 14 mil"},"content":{"rendered":"<div class='code-block code-block-1' style='margin: 8px 0 8px auto; text-align: right; display: block; clear: both;'>\n<p><a href=\"https:\/\/wa.link\/vpicfd\"><img data-recalc-dims=\"1\" class=\"wp-image-4922\" style=\"aspect-ratio: 2.0253164556962027; width: 561px; height: auto;\" src=\"https:\/\/i0.wp.com\/ismaelcolosi.com.br\/wp-content\/uploads\/2023\/11\/grupo-de-empregos-whatsapp-e-facebook-ismael-colosi-vagas.jpg?ssl=1\" alt=\"\" \/><\/a><\/p>\n<!-- \/wp:image -->\n<\/div>\n<p> <br \/>\n<\/p>\n<div>\n<p>A<strong><a href=\"https:\/\/caixanoticias.caixa.gov.br\/Paginas\/default.aspx\" data-type=\"link\" data-id=\"https:\/\/caixanoticias.caixa.gov.br\/Paginas\/default.aspx\" target=\"_blank\" rel=\"noopener\"> Caixa<\/a><\/strong> abre na pr\u00f3xima sexta-feira (7) <strong>concurso p\u00fablico <\/strong>com 184 vagas e sal\u00e1rios que variam entre R$ 11.186 e R$ 14.915. As vagas s\u00e3o para cargos da carreira profissional de n\u00edvel superior.<\/p>\n<p>O concurso ser\u00e1 realizado pela <strong>Funda\u00e7\u00e3o Cesgranrio <\/strong>(<a href=\"https:\/\/www.cesgranrio.org.br\/concursos?id=index-205112&amp;ucat=26\" data-type=\"link\" data-id=\"https:\/\/www.cesgranrio.org.br\/concursos?id=index-205112&amp;ucat=26\" target=\"_blank\" rel=\"noopener\">clique aqui<\/a>) e as provas ser\u00e3o aplicadas no dia 1\u00ba de fevereiro de 2026. <\/p>\n<h2 class=\"wp-block-heading\"><strong>Vagas<\/strong><\/h2>\n<p>Ao todo, ser\u00e3o ofertadas 184 vagas, distribu\u00eddas da seguinte forma:<\/p>\n<ul class=\"wp-block-list\">\n<li>Engenheiro Civil: 103 vagas<\/li>\n<\/ul>\n<ul class=\"wp-block-list\">\n<li>Engenheiro de Seguran\u00e7a: 3 vagas<\/li>\n<\/ul>\n<ul class=\"wp-block-list\">\n<li>Engenheiro El\u00e9trico: 13 vagas<\/li>\n<\/ul>\n<ul class=\"wp-block-list\">\n<li>Engenheiro Mec\u00e2nico: 5 vagas<\/li>\n<\/ul>\n<ul class=\"wp-block-list\">\n<li>M\u00e9dico do Trabalho: 24 vagas<\/li>\n<\/ul>\n<figure class=\"wp-block-image size-large\"><img data-recalc-dims=\"1\" fetchpriority=\"high\" decoding=\"async\" width=\"1024\" height=\"671\" src=\"https:\/\/i0.wp.com\/cdn.media-acidadeon.com.br\/ribeiraopreto\/wp-content\/uploads\/sites\/3\/2024\/11\/transicao-ricardo-silva_2024-11-04_20-15-55_jpg_2024-11-04_20-15-55-1024x671.webp?resize=1024%2C671&#038;ssl=1\" alt=\"gabinete de transi\u00e7\u00e3o\" class=\"wp-image-98640\" title=\"Caixa anuncia concurso p\u00fablico com 184 vagas e sal\u00e1rios de at\u00e9 R$ 14 mil 1\" srcset=\"https:\/\/cdn.media-acidadeon.com.br\/ribeiraopreto\/wp-content\/uploads\/sites\/3\/2024\/11\/transicao-ricardo-silva_2024-11-04_20-15-55_jpg_2024-11-04_20-15-55-1024x671.webp 1024w, https:\/\/cdn.media-acidadeon.com.br\/ribeiraopreto\/wp-content\/uploads\/sites\/3\/2024\/11\/transicao-ricardo-silva_2024-11-04_20-15-55_jpg_2024-11-04_20-15-55-300x197.webp 300w, https:\/\/cdn.media-acidadeon.com.br\/ribeiraopreto\/wp-content\/uploads\/sites\/3\/2024\/11\/transicao-ricardo-silva_2024-11-04_20-15-55_jpg_2024-11-04_20-15-55-768x503.webp 768w, https:\/\/cdn.media-acidadeon.com.br\/ribeiraopreto\/wp-content\/uploads\/sites\/3\/2024\/11\/transicao-ricardo-silva_2024-11-04_20-15-55_jpg_2024-11-04_20-15-55-696x456.webp 696w, https:\/\/cdn.media-acidadeon.com.br\/ribeiraopreto\/wp-content\/uploads\/sites\/3\/2024\/11\/transicao-ricardo-silva_2024-11-04_20-15-55_jpg_2024-11-04_20-15-55-1068x700.webp 1068w, https:\/\/cdn.media-acidadeon.com.br\/ribeiraopreto\/wp-content\/uploads\/sites\/3\/2024\/11\/transicao-ricardo-silva_2024-11-04_20-15-55_jpg_2024-11-04_20-15-55.webp 1126w\" sizes=\"(max-width: 1024px) 100vw, 1024px\"\/><figcaption class=\"wp-element-caption\">Pr\u00e9dio da Caixa na avenida Nove de Julho (Foto: reprodu\u00e7\u00e3o\/Google Street View)<\/figcaption><\/figure>\n<h2 class=\"wp-block-heading\"><strong>Sal\u00e1rios<\/strong><\/h2>\n<p>Para os cargos de Arquiteto e Engenheiro, a jornada di\u00e1ria \u00e9 de 8 horas, totalizando 40 horas semanais. A remunera\u00e7\u00e3o mensal de R$ 14.915,00.<\/p>\n<p>No caso do m\u00e9dico, a jornada prevista \u00e9 de 6 horas di\u00e1rias, totalizando 30 horas semanais, com remunera\u00e7\u00e3o de R$ 11.186,00 mensais.<\/p>\n<p>Os empregados contam ainda com os seguintes benef\u00edcios: assist\u00eancia \u00e0 sa\u00fade, previd\u00eancia complementar, participa\u00e7\u00e3o nos lucros e resultados, aux\u00edlio alimenta\u00e7\u00e3o e refei\u00e7\u00e3o, vale transporte e aux\u00edlio creche.<\/p>\n<h2 class=\"wp-block-heading\"><strong>Provas<\/strong><\/h2>\n<p>As provas contar\u00e3o com quest\u00f5es objetivas de conhecimentos gerais e espec\u00edficos, al\u00e9m de prova discursiva. Os candidatos tamb\u00e9m passar\u00e3o por uma fase de avalia\u00e7\u00e3o de t\u00edtulos.<\/p>\n<h2 class=\"wp-block-heading\"><strong>Cronograma<\/strong><\/h2>\n<p>Publica\u00e7\u00e3o do edital: 07\/11\/2025<\/p>\n<p>Inscri\u00e7\u00f5es: de 07\/11 a 08\/12\/2025<\/p>\n<p>Provas: 01\/02\/2026<\/p>\n<p>Resultado das provas e envio de t\u00edtulos: 11\/03\/2026<\/p>\n<p>Verifica\u00e7\u00e3o de cotas (negros, ind\u00edgenas e quilombolas): 26\/04\/2026<\/p>\n<p>Divulga\u00e7\u00e3o dos resultados finais: 26\/05\/2026<\/p>\n<p>SAIBA MAIS<br \/>Quem \u00e9 o sortudo? Aposta simples de Ribeir\u00e3o Preto ganha R$ 34 mil na Mega-Sena<\/p>\n<h2 class=\"wp-block-heading\"><strong>FIQUE ON<\/strong><\/h2>\n<p>Fique ligado em tudo que acontece em Ribeir\u00e3o Preto e regi\u00e3o. Siga os perfis do<strong>\u00a0acidade on\u00a0<\/strong>no<a href=\"https:\/\/www.instagram.com\/acidadeonribeirao\" target=\"_blank\" rel=\"noreferrer noopener\">\u00a0Instagram\u00a0<\/a>e no\u00a0<a href=\"https:\/\/www.facebook.com\/acidadeonribeirao\/\" target=\"_blank\" rel=\"noreferrer noopener\">Facebook<\/a>.<\/p>\n<p>Receba not\u00edcias do\u00a0<strong>acidade on<\/strong>\u00a0no WhatsApp. Para entrar no grupo,\u00a0basta\u00a0<a href=\"https:\/\/chat.whatsapp.com\/I4nieTEMKlf50pJ28aMemC?mode=ac_t\" target=\"_blank\" rel=\"noreferrer noopener\">clicar aqui<\/a>. Ou, acesse o nosso\u00a0Canal\u00a0<a href=\"https:\/\/whatsapp.com\/channel\/0029Vb6IQl1JENyAeS57fk2p\" target=\"_blank\" rel=\"noreferrer noopener\">clicando aqui<\/a>.<\/p>\n<p>Fa\u00e7a uma den\u00fancia ou sugira uma reportagem sobre Ribeir\u00e3o Preto e regi\u00e3o pelo WhatsApp: 16 99117 7802.<\/p>\n<p>VEJA TAMB\u00c9M<br \/>IBGE: Quais os nomes e sobrenomes mais comuns do Brasil?<\/p>\n<p><!-- AI CONTENT END 1 -->\n<\/div>\n<p><script async src=\"\/\/www.instagram.com\/embed.js\"><\/script><br \/>\n<br \/><br \/>\n<br \/><a href=\"https:\/\/www.acidadeon.com\/ribeiraopreto\/economia\/caixa-anuncia-concurso-publico-com-184-vagas-e-salarios-de-ate-r-14-mil\/\">Source link <\/a><\/p>\n<!-- CONTENT END 1 -->\n","protected":false},"excerpt":{"rendered":"<p>A Caixa abre na pr\u00f3xima sexta-feira (7) concurso p\u00fablico com 184 vagas e sal\u00e1rios que variam entre R$ 11.186 e R$ 14.915. As vagas s\u00e3o&#8230;<\/p>\n","protected":false},"author":1,"featured_media":79661,"comment_status":"open","ping_status":"open","sticky":false,"template":"","format":"standard","meta":{"advanced_seo_description":"","jetpack_seo_html_title":"","jetpack_seo_noindex":false,"jetpack_post_was_ever_published":false,"_jetpack_newsletter_access":"","_jetpack_dont_email_post_to_subs":false,"_jetpack_newsletter_tier_id":0,"_jetpack_memberships_contains_paywalled_content":false,"_jetpack_memberships_contains_paid_content":false,"footnotes":"","jetpack_publicize_message":"","jetpack_publicize_feature_enabled":true,"jetpack_social_post_already_shared":true,"jetpack_social_options":{"image_generator_settings":{"template":"highway","default_image_id":0,"font":"","enabled":false},"version":2}},"categories":[11],"tags":[],"class_list":["post-79660","post","type-post","status-publish","format-standard","has-post-thumbnail","hentry","category-noticias-de-ribeirao-preto-sp-e-regiao-ismael-colosi"],"jetpack_publicize_connections":[],"jetpack_featured_media_url":"https:\/\/i0.wp.com\/noticiasribeiraopreto.com.br\/wp-content\/uploads\/2025\/11\/concurso-caixa_2025-11-05_15-46-40.webp.webp?fit=1200%2C800&ssl=1","jetpack-related-posts":[{"id":38856,"url":"https:\/\/noticiasribeiraopreto.com.br\/index.php\/2024\/02\/21\/caixa-abre-concurso-com-quatro-mil-vagas-e-salarios-de-ate-r-14-mil\/","url_meta":{"origin":79660,"position":0},"title":"Caixa abre concurso com quatro mil vagas e sal\u00e1rios de at\u00e9 R$ 14 mil","author":"noticiasribeiraopreto.com.br","date":"21 de February de 2024","format":false,"excerpt":"A Caixa Econ\u00f4mica Federal vai realizar concurso p\u00fablico com mais de quatro mil vagas para todo o Brasil, incluindo cadastro reserva, com sal\u00e1rio de at\u00e9 R$ 14 mil. Ser\u00e3o duas mil vagas para T\u00e9cnico Banc\u00e1rio Novo (TBN), para encarreiramento geral no banco, e duas mil vagas para TBN na \u00e1rea\u2026","rel":"","context":"In &quot;Not\u00edcias de Ribeir\u00e3o Preto-SP e Regi\u00e3o&quot;","block_context":{"text":"Not\u00edcias de Ribeir\u00e3o Preto-SP e Regi\u00e3o","link":"https:\/\/noticiasribeiraopreto.com.br\/index.php\/category\/noticias-de-ribeirao-preto-sp-e-regiao-ismael-colosi\/"},"img":{"alt_text":"","src":"https:\/\/i0.wp.com\/noticiasribeiraopreto.com.br\/wp-content\/uploads\/2024\/02\/caixa_economica_1024x576_21082020204811.jpg?fit=1024%2C576&ssl=1&resize=350%2C200","width":350,"height":200,"srcset":"https:\/\/i0.wp.com\/noticiasribeiraopreto.com.br\/wp-content\/uploads\/2024\/02\/caixa_economica_1024x576_21082020204811.jpg?fit=1024%2C576&ssl=1&resize=350%2C200 1x, https:\/\/i0.wp.com\/noticiasribeiraopreto.com.br\/wp-content\/uploads\/2024\/02\/caixa_economica_1024x576_21082020204811.jpg?fit=1024%2C576&ssl=1&resize=525%2C300 1.5x, https:\/\/i0.wp.com\/noticiasribeiraopreto.com.br\/wp-content\/uploads\/2024\/02\/caixa_economica_1024x576_21082020204811.jpg?fit=1024%2C576&ssl=1&resize=700%2C400 2x"},"classes":[]},{"id":39928,"url":"https:\/\/noticiasribeiraopreto.com.br\/index.php\/2024\/02\/29\/concurso-da-caixa-com-mais-de-4-mil-vagas-abre-inscricoes-hoje-29\/","url_meta":{"origin":79660,"position":1},"title":"Concurso da Caixa com mais de 4 mil vagas abre inscri\u00e7\u00f5es hoje (29)","author":"noticiasribeiraopreto.com.br","date":"29 de February de 2024","format":false,"excerpt":"Diego Sousai Diego Sousa 29\/02\/2024 - 0:57 A Caixa Econ\u00f4mica Federal (CEF) abre hoje, quinta-feira (29), as inscri\u00e7\u00f5es para o seu concurso, que conta com mais de 4 mil vagas em todo o Brasil. Os sal\u00e1rios oferecidos v\u00e3o de R$ 3.762 a quase R$ 15 mil, a depender do cargo.As\u2026","rel":"","context":"In &quot;Empregos - Classificados&quot;","block_context":{"text":"Empregos - Classificados","link":"https:\/\/noticiasribeiraopreto.com.br\/index.php\/category\/empregos-classificados-vagas-trabalho\/"},"img":{"alt_text":"","src":"https:\/\/i0.wp.com\/noticiasribeiraopreto.com.br\/wp-content\/uploads\/2024\/02\/caixa-economica-e1701436674346.jpeg?fit=640%2C426&ssl=1&resize=350%2C200","width":350,"height":200,"srcset":"https:\/\/i0.wp.com\/noticiasribeiraopreto.com.br\/wp-content\/uploads\/2024\/02\/caixa-economica-e1701436674346.jpeg?fit=640%2C426&ssl=1&resize=350%2C200 1x, https:\/\/i0.wp.com\/noticiasribeiraopreto.com.br\/wp-content\/uploads\/2024\/02\/caixa-economica-e1701436674346.jpeg?fit=640%2C426&ssl=1&resize=525%2C300 1.5x"},"classes":[]},{"id":40028,"url":"https:\/\/noticiasribeiraopreto.com.br\/index.php\/2024\/02\/29\/caixa-abre-inscricoes-para-concurso-com-salarios-de-ate-r-149-mil\/","url_meta":{"origin":79660,"position":2},"title":"Caixa abre inscri\u00e7\u00f5es para concurso com sal\u00e1rios de at\u00e9 R$ 14,9 mil","author":"noticiasribeiraopreto.com.br","date":"29 de February de 2024","format":false,"excerpt":"29 de fevereiro de 2024 | 15:3029 de fevereiro de 2024 | 13:31 0Come\u00e7aram nesta quinta-feira (29) as inscri\u00e7\u00f5es para o concurso da Caixa. Com mais de 4 mil vagas para todo o Brasil, incluindo cadastro reserva, as inscri\u00e7\u00f5es para o certame podem ser feitas pelo\u00a0site da Funda\u00e7\u00e3o Cesgranrio.\u00a0O valor\u2026","rel":"","context":"In &quot;Not\u00edcias de Ribeir\u00e3o Preto-SP e Regi\u00e3o&quot;","block_context":{"text":"Not\u00edcias de Ribeir\u00e3o Preto-SP e Regi\u00e3o","link":"https:\/\/noticiasribeiraopreto.com.br\/index.php\/category\/noticias-de-ribeirao-preto-sp-e-regiao-ismael-colosi\/"},"img":{"alt_text":"","src":"https:\/\/i0.wp.com\/noticiasribeiraopreto.com.br\/wp-content\/uploads\/2024\/02\/937c4299-3d64-4605-bfeb-feeba2a9a61c-scaled.jpg?fit=1000%2C598&ssl=1&resize=350%2C200","width":350,"height":200,"srcset":"https:\/\/i0.wp.com\/noticiasribeiraopreto.com.br\/wp-content\/uploads\/2024\/02\/937c4299-3d64-4605-bfeb-feeba2a9a61c-scaled.jpg?fit=1000%2C598&ssl=1&resize=350%2C200 1x, https:\/\/i0.wp.com\/noticiasribeiraopreto.com.br\/wp-content\/uploads\/2024\/02\/937c4299-3d64-4605-bfeb-feeba2a9a61c-scaled.jpg?fit=1000%2C598&ssl=1&resize=525%2C300 1.5x, https:\/\/i0.wp.com\/noticiasribeiraopreto.com.br\/wp-content\/uploads\/2024\/02\/937c4299-3d64-4605-bfeb-feeba2a9a61c-scaled.jpg?fit=1000%2C598&ssl=1&resize=700%2C400 2x"},"classes":[]},{"id":55762,"url":"https:\/\/noticiasribeiraopreto.com.br\/index.php\/2024\/08\/06\/desenvolve-sp-abre-concurso-publico-com-cinco-vagas-e-salarios-de-r-7-mil\/","url_meta":{"origin":79660,"position":3},"title":"Desenvolve-SP abre concurso p\u00fablico com cinco vagas e sal\u00e1rios de R$ 7 mil","author":"noticiasribeiraopreto.com.br","date":"6 de August de 2024","format":false,"excerpt":"A Desenvolve-SP abriu concurso p\u00fablico com cinco vagas. As vagas s\u00e3o de n\u00edvel superior e os sal\u00e1rios para os cargos variam entre R$ 4,6 mil e R$ 7 mil. As inscri\u00e7\u00f5es devem ser realizadas no per\u00edodo entre 10h do dia 7 de agosto e 23h59 do dia 29 de agosto\u2026","rel":"","context":"In &quot;Not\u00edcias de Ribeir\u00e3o Preto-SP e Regi\u00e3o&quot;","block_context":{"text":"Not\u00edcias de Ribeir\u00e3o Preto-SP e Regi\u00e3o","link":"https:\/\/noticiasribeiraopreto.com.br\/index.php\/category\/noticias-de-ribeirao-preto-sp-e-regiao-ismael-colosi\/"},"img":{"alt_text":"","src":"https:\/\/i0.wp.com\/noticiasribeiraopreto.com.br\/wp-content\/uploads\/2024\/08\/Copia-de-Copia-de-TAMANHO-EXATO-PARA-FOTOS-NO-SISTEMA-NOVO-6_2024-06-11_13-40-15_jpg_2024-06-11_13-40-15.webp.webp?fit=1200%2C675&ssl=1&resize=350%2C200","width":350,"height":200,"srcset":"https:\/\/i0.wp.com\/noticiasribeiraopreto.com.br\/wp-content\/uploads\/2024\/08\/Copia-de-Copia-de-TAMANHO-EXATO-PARA-FOTOS-NO-SISTEMA-NOVO-6_2024-06-11_13-40-15_jpg_2024-06-11_13-40-15.webp.webp?fit=1200%2C675&ssl=1&resize=350%2C200 1x, https:\/\/i0.wp.com\/noticiasribeiraopreto.com.br\/wp-content\/uploads\/2024\/08\/Copia-de-Copia-de-TAMANHO-EXATO-PARA-FOTOS-NO-SISTEMA-NOVO-6_2024-06-11_13-40-15_jpg_2024-06-11_13-40-15.webp.webp?fit=1200%2C675&ssl=1&resize=525%2C300 1.5x, https:\/\/i0.wp.com\/noticiasribeiraopreto.com.br\/wp-content\/uploads\/2024\/08\/Copia-de-Copia-de-TAMANHO-EXATO-PARA-FOTOS-NO-SISTEMA-NOVO-6_2024-06-11_13-40-15_jpg_2024-06-11_13-40-15.webp.webp?fit=1200%2C675&ssl=1&resize=700%2C400 2x, https:\/\/i0.wp.com\/noticiasribeiraopreto.com.br\/wp-content\/uploads\/2024\/08\/Copia-de-Copia-de-TAMANHO-EXATO-PARA-FOTOS-NO-SISTEMA-NOVO-6_2024-06-11_13-40-15_jpg_2024-06-11_13-40-15.webp.webp?fit=1200%2C675&ssl=1&resize=1050%2C600 3x"},"classes":[]},{"id":22973,"url":"https:\/\/noticiasribeiraopreto.com.br\/index.php\/2023\/12\/31\/rp-abre-concurso-com-16-vagas-e-salarios-de-ate-r-5-mil\/","url_meta":{"origin":79660,"position":4},"title":"RP abre concurso com 16 vagas e sal\u00e1rios de at\u00e9 R$ 5 mil","author":"noticiasribeiraopreto.com.br","date":"31 de December de 2023","format":false,"excerpt":"Destaque Empregos e Est\u00e1gios 31 de dezembro de 2023 | 16:0030 de dezembro de 2023 | 15:54 0A Prefeitura de Ribeir\u00e3o Preto publicou edital de concurso p\u00fablico com 16 vagas de n\u00edvel fundamental, m\u00e9dio, t\u00e9cnico e superior. Os sal\u00e1rios variam entre R$ 2,6 mil e R$ 5,6 mil.As inscri\u00e7\u00f5es devem\u2026","rel":"","context":"In &quot;Not\u00edcias de Ribeir\u00e3o Preto-SP e Regi\u00e3o&quot;","block_context":{"text":"Not\u00edcias de Ribeir\u00e3o Preto-SP e Regi\u00e3o","link":"https:\/\/noticiasribeiraopreto.com.br\/index.php\/category\/noticias-de-ribeirao-preto-sp-e-regiao-ismael-colosi\/"},"img":{"alt_text":"","src":"https:\/\/i0.wp.com\/noticiasribeiraopreto.com.br\/wp-content\/uploads\/2023\/12\/Concursos-publicos-scaled.jpg?fit=967%2C645&ssl=1&resize=350%2C200","width":350,"height":200,"srcset":"https:\/\/i0.wp.com\/noticiasribeiraopreto.com.br\/wp-content\/uploads\/2023\/12\/Concursos-publicos-scaled.jpg?fit=967%2C645&ssl=1&resize=350%2C200 1x, https:\/\/i0.wp.com\/noticiasribeiraopreto.com.br\/wp-content\/uploads\/2023\/12\/Concursos-publicos-scaled.jpg?fit=967%2C645&ssl=1&resize=525%2C300 1.5x, https:\/\/i0.wp.com\/noticiasribeiraopreto.com.br\/wp-content\/uploads\/2023\/12\/Concursos-publicos-scaled.jpg?fit=967%2C645&ssl=1&resize=700%2C400 2x"},"classes":[]},{"id":17774,"url":"https:\/\/noticiasribeiraopreto.com.br\/index.php\/2023\/12\/19\/concurso-publico-abre-inscricoes-com-190-vagas-para-diversos-niveis-de-escolaridade\/","url_meta":{"origin":79660,"position":5},"title":"Concurso P\u00fablico abre inscri\u00e7\u00f5es com 190 vagas para diversos n\u00edveis de escolaridade","author":"noticiasribeiraopreto.com.br","date":"19 de December de 2023","format":false,"excerpt":"Confira as chances deste concurso p\u00fablico Mais um concurso p\u00fablico anuncia oportunidades para v\u00e1rios cargos. As chances s\u00e3o maravilhosas e ao todo s\u00e3o 190 vagas. Ficou interessado? Veja a seguir. Concurso P\u00fablico A Prefeitura de Tr\u00eas Rios, interior do Rio de Janeiro, abriu inscri\u00e7\u00f5es para seu novo concurso p\u00fablico, oferecendo\u2026","rel":"","context":"In &quot;Vagas de Emprego em Ribeir\u00e3o Preto-SP&quot;","block_context":{"text":"Vagas de Emprego em Ribeir\u00e3o Preto-SP","link":"https:\/\/noticiasribeiraopreto.com.br\/index.php\/category\/empregos-classificados-vagas-trabalho\/vagas-de-empregos-em-ribeirao-preto-regiao-brasil\/"},"img":{"alt_text":"","src":"https:\/\/i0.wp.com\/noticiasribeiraopreto.com.br\/wp-content\/uploads\/2023\/12\/noticiasconcursos.com_.br-concurso-publico-abre-inscricoes-com-190-vagas-para-diversos-niveis-de-escolaridade-pexels-picjumbocom-210661.jpg?fit=1200%2C800&ssl=1&resize=350%2C200","width":350,"height":200,"srcset":"https:\/\/i0.wp.com\/noticiasribeiraopreto.com.br\/wp-content\/uploads\/2023\/12\/noticiasconcursos.com_.br-concurso-publico-abre-inscricoes-com-190-vagas-para-diversos-niveis-de-escolaridade-pexels-picjumbocom-210661.jpg?fit=1200%2C800&ssl=1&resize=350%2C200 1x, https:\/\/i0.wp.com\/noticiasribeiraopreto.com.br\/wp-content\/uploads\/2023\/12\/noticiasconcursos.com_.br-concurso-publico-abre-inscricoes-com-190-vagas-para-diversos-niveis-de-escolaridade-pexels-picjumbocom-210661.jpg?fit=1200%2C800&ssl=1&resize=525%2C300 1.5x, https:\/\/i0.wp.com\/noticiasribeiraopreto.com.br\/wp-content\/uploads\/2023\/12\/noticiasconcursos.com_.br-concurso-publico-abre-inscricoes-com-190-vagas-para-diversos-niveis-de-escolaridade-pexels-picjumbocom-210661.jpg?fit=1200%2C800&ssl=1&resize=700%2C400 2x, https:\/\/i0.wp.com\/noticiasribeiraopreto.com.br\/wp-content\/uploads\/2023\/12\/noticiasconcursos.com_.br-concurso-publico-abre-inscricoes-com-190-vagas-para-diversos-niveis-de-escolaridade-pexels-picjumbocom-210661.jpg?fit=1200%2C800&ssl=1&resize=1050%2C600 3x"},"classes":[]}],"jetpack_sharing_enabled":true,"jetpack_shortlink":"https:\/\/wp.me\/peQAOb-kIQ","_links":{"self":[{"href":"https:\/\/noticiasribeiraopreto.com.br\/index.php\/wp-json\/wp\/v2\/posts\/79660","targetHints":{"allow":["GET"]}}],"collection":[{"href":"https:\/\/noticiasribeiraopreto.com.br\/index.php\/wp-json\/wp\/v2\/posts"}],"about":[{"href":"https:\/\/noticiasribeiraopreto.com.br\/index.php\/wp-json\/wp\/v2\/types\/post"}],"author":[{"embeddable":true,"href":"https:\/\/noticiasribeiraopreto.com.br\/index.php\/wp-json\/wp\/v2\/users\/1"}],"replies":[{"embeddable":true,"href":"https:\/\/noticiasribeiraopreto.com.br\/index.php\/wp-json\/wp\/v2\/comments?post=79660"}],"version-history":[{"count":0,"href":"https:\/\/noticiasribeiraopreto.com.br\/index.php\/wp-json\/wp\/v2\/posts\/79660\/revisions"}],"wp:featuredmedia":[{"embeddable":true,"href":"https:\/\/noticiasribeiraopreto.com.br\/index.php\/wp-json\/wp\/v2\/media\/79661"}],"wp:attachment":[{"href":"https:\/\/noticiasribeiraopreto.com.br\/index.php\/wp-json\/wp\/v2\/media?parent=79660"}],"wp:term":[{"taxonomy":"category","embeddable":true,"href":"https:\/\/noticiasribeiraopreto.com.br\/index.php\/wp-json\/wp\/v2\/categories?post=79660"},{"taxonomy":"post_tag","embeddable":true,"href":"https:\/\/noticiasribeiraopreto.com.br\/index.php\/wp-json\/wp\/v2\/tags?post=79660"}],"curies":[{"name":"wp","href":"https:\/\/api.w.org\/{rel}","templated":true}]}}