{"id":79662,"date":"2025-11-05T14:48:54","date_gmt":"2025-11-05T17:48:54","guid":{"rendered":"https:\/\/noticiasribeiraopreto.com.br\/index.php\/2025\/11\/05\/o-que-ribeirao-preto-tem-a-ver-com-tremembe-serie-recordista-do-prime-video\/"},"modified":"2025-11-05T14:48:54","modified_gmt":"2025-11-05T17:48:54","slug":"o-que-ribeirao-preto-tem-a-ver-com-tremembe-serie-recordista-do-prime-video","status":"publish","type":"post","link":"https:\/\/noticiasribeiraopreto.com.br\/index.php\/2025\/11\/05\/o-que-ribeirao-preto-tem-a-ver-com-tremembe-serie-recordista-do-prime-video\/","title":{"rendered":"O que Ribeir\u00e3o Preto tem a ver com &#8216;Trememb\u00e9&#8217;, s\u00e9rie recordista do Prime Video?"},"content":{"rendered":"<div class='code-block code-block-1' style='margin: 8px 0 8px auto; text-align: right; display: block; clear: both;'>\n<p><a href=\"https:\/\/wa.link\/vpicfd\"><img data-recalc-dims=\"1\" class=\"wp-image-4922\" style=\"aspect-ratio: 2.0253164556962027; width: 561px; height: auto;\" src=\"https:\/\/i0.wp.com\/ismaelcolosi.com.br\/wp-content\/uploads\/2023\/11\/grupo-de-empregos-whatsapp-e-facebook-ismael-colosi-vagas.jpg?ssl=1\" alt=\"\" \/><\/a><\/p>\n<!-- \/wp:image -->\n<\/div>\n<p> <br \/>\n<\/p>\n<div>\n<p>A s\u00e9rie <strong>Trememb\u00e9<\/strong>, lan\u00e7ada na \u00faltima sexta-feira (31) no <em>Amazon Prime Video<\/em>, j\u00e1 \u00e9 apontada como a <strong>maior estreia de uma produ\u00e7\u00e3o original da plataforma<\/strong>, considerando todos os g\u00eaneros, segundo apura\u00e7\u00e3o da coluna Outro Canal, da Folha de S\u00e3o Paulo.<\/p>\n<p>A produ\u00e7\u00e3o revisita o pres\u00eddio que recebeu condenados por crimes de <strong>grande repercuss\u00e3o<\/strong> no pa\u00eds, como <strong>Elize Matsunaga<\/strong>, os <strong>irm\u00e3os Cravinhos<\/strong>, <strong>Alexandre Nardoni<\/strong>, <strong>Anna Carolina Jatob\u00e1<\/strong> e <mark style=\"background-color:#fcb900\" class=\"has-inline-color\"><strong>Suzane von Richthofen<\/strong>, que j\u00e1 chegou a cumprir pena em <strong>Ribeir\u00e3o Preto<\/strong> \u2013 saiba mais abaixo.<\/mark><\/p>\n<p><strong>Trememb\u00e9 <\/strong>tem cinco epis\u00f3dios e foi inspirada em dois livros do jornalista <strong>Ullisses Campbell<\/strong>, que pesquisou de perto a rotina e as rela\u00e7\u00f5es dentro do pres\u00eddio no <strong>interior de S\u00e3o Paulo<\/strong>.<\/p>\n<div class=\"wp-block-image\">\n<figure class=\"aligncenter size-large is-resized\"><img data-recalc-dims=\"1\" fetchpriority=\"high\" decoding=\"async\" width=\"1024\" height=\"576\" src=\"https:\/\/i0.wp.com\/cdn.media-acidadeon.com.br\/ribeiraopreto\/wp-content\/uploads\/sites\/3\/2025\/11\/Copia-de-Copia-de-Copia-de-TAMANHO-EXATO-PARA-FOTOS-NO-SISTEMA-NOVO-2025-11-05T123039.711_2025-11-05_15-30-46-1024x576.webp?resize=1024%2C576&#038;ssl=1\" alt=\"Suzane von Richthofen passou por Ribeir\u00e3o Preto antes de ir para Trememb\u00e9 - Foto: Divulga\u00e7\u00e3o\/ Prime Video e Reprodu\u00e7\u00e3o.\" class=\"wp-image-134815\" style=\"width:654px\" title=\"O que Ribeir\u00e3o Preto tem a ver com 'Trememb\u00e9', s\u00e9rie recordista do Prime Video? 1\" srcset=\"https:\/\/cdn.media-acidadeon.com.br\/ribeiraopreto\/wp-content\/uploads\/sites\/3\/2025\/11\/Copia-de-Copia-de-Copia-de-TAMANHO-EXATO-PARA-FOTOS-NO-SISTEMA-NOVO-2025-11-05T123039.711_2025-11-05_15-30-46-1024x576.webp 1024w, https:\/\/cdn.media-acidadeon.com.br\/ribeiraopreto\/wp-content\/uploads\/sites\/3\/2025\/11\/Copia-de-Copia-de-Copia-de-TAMANHO-EXATO-PARA-FOTOS-NO-SISTEMA-NOVO-2025-11-05T123039.711_2025-11-05_15-30-46-300x169.webp 300w, https:\/\/cdn.media-acidadeon.com.br\/ribeiraopreto\/wp-content\/uploads\/sites\/3\/2025\/11\/Copia-de-Copia-de-Copia-de-TAMANHO-EXATO-PARA-FOTOS-NO-SISTEMA-NOVO-2025-11-05T123039.711_2025-11-05_15-30-46-768x432.webp 768w, https:\/\/cdn.media-acidadeon.com.br\/ribeiraopreto\/wp-content\/uploads\/sites\/3\/2025\/11\/Copia-de-Copia-de-Copia-de-TAMANHO-EXATO-PARA-FOTOS-NO-SISTEMA-NOVO-2025-11-05T123039.711_2025-11-05_15-30-46-696x392.webp 696w, https:\/\/cdn.media-acidadeon.com.br\/ribeiraopreto\/wp-content\/uploads\/sites\/3\/2025\/11\/Copia-de-Copia-de-Copia-de-TAMANHO-EXATO-PARA-FOTOS-NO-SISTEMA-NOVO-2025-11-05T123039.711_2025-11-05_15-30-46-1068x601.webp 1068w, https:\/\/cdn.media-acidadeon.com.br\/ribeiraopreto\/wp-content\/uploads\/sites\/3\/2025\/11\/Copia-de-Copia-de-Copia-de-TAMANHO-EXATO-PARA-FOTOS-NO-SISTEMA-NOVO-2025-11-05T123039.711_2025-11-05_15-30-46.webp 1200w\" sizes=\"(max-width: 1024px) 100vw, 1024px\"\/><figcaption class=\"wp-element-caption\">Suzane von Richthofen passou por Ribeir\u00e3o antes de ir para Trememb\u00e9 \u2013 Foto: Divulga\u00e7\u00e3o\/ Prime Video e Reprodu\u00e7\u00e3o.<\/figcaption><\/figure>\n<\/div>\n<h2 class=\"wp-block-heading\"><strong>Passagem por Ribeir\u00e3o Preto<\/strong><\/h2>\n<p>Condenada a 39 anos e 6 meses de pris\u00e3o pelo assassinato dos pais, <strong>Suzane von Richthofen<\/strong> \u00e9 um dos principais nomes retratados na s\u00e9rie true crime. Na produ\u00e7\u00e3o, ela \u00e9 interpretada pela atriz Marina Ruy Barbosa.<\/p>\n<p>Registros apontam que, em <strong>setembro de 2006<\/strong>, <strong>Suzane <\/strong>foi transferida do Centro de Ressocializa\u00e7\u00e3o de Rio Claro para a <strong>Penitenci\u00e1ria Feminina de Ribeir\u00e3o Preto<\/strong>, onde ficou em \u2018cela de seguro\u2019 at\u00e9 <strong>fevereiro de 2007<\/strong>.<\/p>\n<p><mark style=\"background-color:#fcb900\" class=\"has-inline-color\">\u00c0 \u00e9poca, seu advogado afirmou que pediu a mudan\u00e7a ap\u00f3s <strong>Suzane<\/strong>, ent\u00e3o com 23 anos, <strong>ter recebido amea\u00e7as de morte dentro da unidade prisional<\/strong>.<\/mark><\/p>\n<figure class=\"wp-block-gallery has-nested-images columns-default is-cropped wp-block-gallery-1 is-layout-flex wp-block-gallery-is-layout-flex\">\n<figure class=\"wp-block-image size-large\"><img data-recalc-dims=\"1\" loading=\"lazy\" decoding=\"async\" width=\"1024\" height=\"576\" data-id=\"134818\" src=\"https:\/\/i0.wp.com\/cdn.media-acidadeon.com.br\/ribeiraopreto\/wp-content\/uploads\/sites\/3\/2025\/11\/palace-10_2025-11-05_15-34-49-1024x576.webp?resize=1024%2C576&#038;ssl=1\" alt=\"Penitenci\u00e1ria Feminina de Ribeir\u00e3o Preto - Foto: reprodu\u00e7\u00e3o\/ Google Street View.\" class=\"wp-image-134818\" title=\"O que Ribeir\u00e3o Preto tem a ver com 'Trememb\u00e9', s\u00e9rie recordista do Prime Video? 2\" srcset=\"https:\/\/cdn.media-acidadeon.com.br\/ribeiraopreto\/wp-content\/uploads\/sites\/3\/2025\/11\/palace-10_2025-11-05_15-34-49-1024x576.webp 1024w, https:\/\/cdn.media-acidadeon.com.br\/ribeiraopreto\/wp-content\/uploads\/sites\/3\/2025\/11\/palace-10_2025-11-05_15-34-49-300x169.webp 300w, https:\/\/cdn.media-acidadeon.com.br\/ribeiraopreto\/wp-content\/uploads\/sites\/3\/2025\/11\/palace-10_2025-11-05_15-34-49-768x432.webp 768w, https:\/\/cdn.media-acidadeon.com.br\/ribeiraopreto\/wp-content\/uploads\/sites\/3\/2025\/11\/palace-10_2025-11-05_15-34-49-696x392.webp 696w, https:\/\/cdn.media-acidadeon.com.br\/ribeiraopreto\/wp-content\/uploads\/sites\/3\/2025\/11\/palace-10_2025-11-05_15-34-49-1068x601.webp 1068w, https:\/\/cdn.media-acidadeon.com.br\/ribeiraopreto\/wp-content\/uploads\/sites\/3\/2025\/11\/palace-10_2025-11-05_15-34-49.webp 1200w\" sizes=\"auto, (max-width: 1024px) 100vw, 1024px\"\/><figcaption class=\"wp-element-caption\">Penitenci\u00e1ria Feminina de Ribeir\u00e3o Preto \u2013 Foto: reprodu\u00e7\u00e3o\/ Google Street View.<\/figcaption><\/figure>\n<figure class=\"wp-block-image size-large\"><img data-recalc-dims=\"1\" loading=\"lazy\" decoding=\"async\" width=\"768\" height=\"480\" data-id=\"134819\" src=\"https:\/\/i0.wp.com\/cdn.media-acidadeon.com.br\/ribeiraopreto\/wp-content\/uploads\/sites\/3\/2025\/11\/Design-sem-nome-2025-11-03T133736.620_2025-11-03_17-21-26-768x480-1.webp?resize=768%2C480&#038;ssl=1\" alt=\"Suzane von Richthofen ficou presa em Ribeir\u00e3o antes de ser transferida para Penitenci\u00e1ria de Trememb\u00e9 - Foto: reprodu\u00e7\u00e3o.\" class=\"wp-image-134819\" title=\"O que Ribeir\u00e3o Preto tem a ver com 'Trememb\u00e9', s\u00e9rie recordista do Prime Video? 3\" srcset=\"https:\/\/cdn.media-acidadeon.com.br\/ribeiraopreto\/wp-content\/uploads\/sites\/3\/2025\/11\/Design-sem-nome-2025-11-03T133736.620_2025-11-03_17-21-26-768x480-1.webp 768w, https:\/\/cdn.media-acidadeon.com.br\/ribeiraopreto\/wp-content\/uploads\/sites\/3\/2025\/11\/Design-sem-nome-2025-11-03T133736.620_2025-11-03_17-21-26-768x480-1-300x188.webp 300w, https:\/\/cdn.media-acidadeon.com.br\/ribeiraopreto\/wp-content\/uploads\/sites\/3\/2025\/11\/Design-sem-nome-2025-11-03T133736.620_2025-11-03_17-21-26-768x480-1-696x435.webp 696w\" sizes=\"auto, (max-width: 768px) 100vw, 768px\"\/><figcaption class=\"wp-element-caption\">Suzane von Richthofen ficou presa em Ribeir\u00e3o antes de ser transferida para Penitenci\u00e1ria de Trememb\u00e9 \u2013 Foto: reprodu\u00e7\u00e3o.<\/figcaption><\/figure>\n<\/figure>\n<p>Conforme as informa\u00e7\u00f5es da \u00e9poca, uma detenta confirmou ao <strong>Minist\u00e9rio P\u00fablico<\/strong> que <strong>recebeu ordens para matar Richthofen enquanto as duas estavam presas em Rio Claro<\/strong>, contudo, teria pedido transfer\u00eancia para <strong>Ribeir\u00e3o <\/strong>para fugir da ordem.<\/p>\n<p><strong>Suzane <\/strong>foi levada ao mesmo pres\u00eddio depois de surgir a suspeita de que <strong>recebia tratamento privilegiado em Rio Claro<\/strong>. <mark style=\"background-color:#fcb900\" class=\"has-inline-color\">Embora n\u00e3o tenha tido contato com outras detentas, ela prestou depoimento ao <strong>Minist\u00e9rio P\u00fablico<\/strong> e <strong>relatou ter recebido amea\u00e7as de morte<\/strong>.<\/mark> Ap\u00f3s o caso, ela foi transferido para <strong>Trememb\u00e9<\/strong>.<\/p>\n<h3 class=\"wp-block-heading\"><strong>O crime de Richthofen<\/strong><\/h3>\n<p><strong>Suzane von Richthofen<\/strong> foi condenada por envolvimento na morte dos pais, <strong>Manfred <\/strong>e <strong>Mar\u00edsia<\/strong>, em 2002, ao lado do ent\u00e3o namorado, <strong>Daniel Cravinhos<\/strong>, e do irm\u00e3o dele, <strong>Cristian<\/strong>. O crime ocorreu na casa da fam\u00edlia, no Brooklin, Zona Sul de S\u00e3o Paulo.<\/p>\n<p>Na \u00e9poca, <strong>Suzane tinha 18 anos<\/strong> e estudava Direito na PUC-SP. As investiga\u00e7\u00f5es apontam que ela retirou o irm\u00e3o de casa, voltou com o namorado e o cunhado e abriu a porta para que eles cometessem o crime. Depois, os tr\u00eas simularam um assalto para enganar a pol\u00edcia.<\/p>\n<p><strong>Richthofen <\/strong>voltou a estudar Direito em 2024 e atualmente \u00e9 casada e possui um filho, que nasceu em janeiro de 2024. Ela tamb\u00e9m atua como microempreendora e vende produtos artesanais pela internet.<\/p>\n<p><em>*Com informa\u00e7\u00f5es de Gabriel Vaquer, da Folha de S\u00e3o Paulo, g1 S\u00e3o Paulo, O Globo e Ag\u00eancia Estado<\/em><\/p>\n<figure class=\"wp-block-gallery has-nested-images columns-default is-cropped wp-block-gallery-2 is-layout-flex wp-block-gallery-is-layout-flex\">\n<figure class=\"wp-block-image size-large\"><img data-recalc-dims=\"1\" loading=\"lazy\" decoding=\"async\" width=\"1024\" height=\"576\" data-id=\"134825\" src=\"https:\/\/i0.wp.com\/cdn.media-acidadeon.com.br\/ribeiraopreto\/wp-content\/uploads\/sites\/3\/2025\/11\/palace-11_2025-11-05_15-43-05-1024x576.webp?resize=1024%2C576&#038;ssl=1\" alt=\"Fam\u00edlia Von Richthofen - Foto: reprodu\u00e7\u00e3o.\" class=\"wp-image-134825\" title=\"O que Ribeir\u00e3o Preto tem a ver com 'Trememb\u00e9', s\u00e9rie recordista do Prime Video? 4\" srcset=\"https:\/\/cdn.media-acidadeon.com.br\/ribeiraopreto\/wp-content\/uploads\/sites\/3\/2025\/11\/palace-11_2025-11-05_15-43-05-1024x576.webp 1024w, https:\/\/cdn.media-acidadeon.com.br\/ribeiraopreto\/wp-content\/uploads\/sites\/3\/2025\/11\/palace-11_2025-11-05_15-43-05-300x169.webp 300w, https:\/\/cdn.media-acidadeon.com.br\/ribeiraopreto\/wp-content\/uploads\/sites\/3\/2025\/11\/palace-11_2025-11-05_15-43-05-768x432.webp 768w, https:\/\/cdn.media-acidadeon.com.br\/ribeiraopreto\/wp-content\/uploads\/sites\/3\/2025\/11\/palace-11_2025-11-05_15-43-05-696x392.webp 696w, https:\/\/cdn.media-acidadeon.com.br\/ribeiraopreto\/wp-content\/uploads\/sites\/3\/2025\/11\/palace-11_2025-11-05_15-43-05-1068x601.webp 1068w, https:\/\/cdn.media-acidadeon.com.br\/ribeiraopreto\/wp-content\/uploads\/sites\/3\/2025\/11\/palace-11_2025-11-05_15-43-05.webp 1200w\" sizes=\"auto, (max-width: 1024px) 100vw, 1024px\"\/><figcaption class=\"wp-element-caption\">Fam\u00edlia Von Richthofen \u2013 Foto: reprodu\u00e7\u00e3o.<\/figcaption><\/figure>\n<figure class=\"wp-block-image size-large\"><img data-recalc-dims=\"1\" loading=\"lazy\" decoding=\"async\" width=\"1024\" height=\"576\" data-id=\"134824\" src=\"https:\/\/i0.wp.com\/cdn.media-acidadeon.com.br\/ribeiraopreto\/wp-content\/uploads\/sites\/3\/2025\/11\/irmaos-cravinhos-e-suzane-2993913-article-1024x576.webp?resize=1024%2C576&#038;ssl=1\" alt=\"Irm\u00e3os Cravinhos e Suzane von Richthofen foram para Trememb\u00e9 - Foto: reprodu\u00e7\u00e3o.\" class=\"wp-image-134824\" title=\"O que Ribeir\u00e3o Preto tem a ver com 'Trememb\u00e9', s\u00e9rie recordista do Prime Video? 5\" srcset=\"https:\/\/cdn.media-acidadeon.com.br\/ribeiraopreto\/wp-content\/uploads\/sites\/3\/2025\/11\/irmaos-cravinhos-e-suzane-2993913-article-1024x576.webp 1024w, https:\/\/cdn.media-acidadeon.com.br\/ribeiraopreto\/wp-content\/uploads\/sites\/3\/2025\/11\/irmaos-cravinhos-e-suzane-2993913-article-300x169.webp 300w, https:\/\/cdn.media-acidadeon.com.br\/ribeiraopreto\/wp-content\/uploads\/sites\/3\/2025\/11\/irmaos-cravinhos-e-suzane-2993913-article-768x432.webp 768w, https:\/\/cdn.media-acidadeon.com.br\/ribeiraopreto\/wp-content\/uploads\/sites\/3\/2025\/11\/irmaos-cravinhos-e-suzane-2993913-article-696x392.webp 696w, https:\/\/cdn.media-acidadeon.com.br\/ribeiraopreto\/wp-content\/uploads\/sites\/3\/2025\/11\/irmaos-cravinhos-e-suzane-2993913-article-1068x601.webp 1068w, https:\/\/cdn.media-acidadeon.com.br\/ribeiraopreto\/wp-content\/uploads\/sites\/3\/2025\/11\/irmaos-cravinhos-e-suzane-2993913-article.webp 1200w\" sizes=\"auto, (max-width: 1024px) 100vw, 1024px\"\/><figcaption class=\"wp-element-caption\">Irm\u00e3os Cravinhos e Suzane von Richthofen foram para Trememb\u00e9 \u2013 Foto: reprodu\u00e7\u00e3o.<\/figcaption><\/figure>\n<\/figure>\n<hr class=\"wp-block-separator has-alpha-channel-opacity\"\/>\n<p>SAIBA MAIS<\/p>\n<p>Ipiranga, Jardim Progresso e mais dois bairros t\u00eam alerta para falta d\u2019\u00e1gua; Confira<\/p>\n<h2 class=\"wp-block-heading\"><strong>FIQUE ON<\/strong><\/h2>\n<p>Fique ligado em tudo que acontece em Ribeir\u00e3o Preto e regi\u00e3o. Siga os perfis do\u00a0<strong>acidade on<\/strong>\u00a0no<a href=\"https:\/\/www.instagram.com\/acidadeonribeirao\" target=\"_blank\" rel=\"noreferrer noopener\">\u00a0Instagram<\/a>\u00a0e no<a href=\"https:\/\/www.facebook.com\/acidadeonribeirao\/\" target=\"_blank\" rel=\"noreferrer noopener\">\u00a0Facebook<\/a>.<\/p>\n<p>Receba not\u00edcias do\u00a0<strong>acidade on<\/strong>\u00a0no WhatsApp. Para entrar no grupo,\u00a0basta\u00a0<a href=\"https:\/\/chat.whatsapp.com\/I4nieTEMKlf50pJ28aMemC?mode=ac_t\" target=\"_blank\" rel=\"noreferrer noopener\">clicar aqui<\/a>. Ou, acesse o nosso\u00a0Canal<a href=\"https:\/\/whatsapp.com\/channel\/0029Vb6IQl1JENyAeS57fk2p\" target=\"_blank\" rel=\"noreferrer noopener\">\u00a0clicando aqui<\/a>.<\/p>\n<p>Fa\u00e7a uma den\u00fancia ou sugira uma reportagem sobre Ribeir\u00e3o Preto e regi\u00e3o pelo WhatsApp: 16 99117 7802.<\/p>\n<p>VEJA TAMB\u00c9M<\/p>\n<p>Como conseguir Big Mac gr\u00e1tis?<\/p>\n<p><!-- AI CONTENT END 1 -->\n<\/div>\n<p><script async src=\"\/\/www.instagram.com\/embed.js\"><\/script><br \/>\n<br \/><br \/>\n<br \/><a href=\"https:\/\/www.acidadeon.com\/ribeiraopreto\/cotidiano\/o-que-ribeirao-preto-tem-a-ver-com-tremembe-serie-recordista-do-prime-video\/\">Source link <\/a><\/p>\n<!-- CONTENT END 1 -->\n","protected":false},"excerpt":{"rendered":"<p>A s\u00e9rie Trememb\u00e9, lan\u00e7ada na \u00faltima sexta-feira (31) no Amazon Prime Video, j\u00e1 \u00e9 apontada como a maior estreia de uma produ\u00e7\u00e3o original da plataforma,&#8230;<\/p>\n","protected":false},"author":1,"featured_media":79663,"comment_status":"open","ping_status":"open","sticky":false,"template":"","format":"standard","meta":{"advanced_seo_description":"","jetpack_seo_html_title":"","jetpack_seo_noindex":false,"jetpack_post_was_ever_published":false,"_jetpack_newsletter_access":"","_jetpack_dont_email_post_to_subs":false,"_jetpack_newsletter_tier_id":0,"_jetpack_memberships_contains_paywalled_content":false,"_jetpack_memberships_contains_paid_content":false,"footnotes":"","jetpack_publicize_message":"","jetpack_publicize_feature_enabled":true,"jetpack_social_post_already_shared":true,"jetpack_social_options":{"image_generator_settings":{"template":"highway","default_image_id":0,"font":"","enabled":false},"version":2}},"categories":[11],"tags":[],"class_list":["post-79662","post","type-post","status-publish","format-standard","has-post-thumbnail","hentry","category-noticias-de-ribeirao-preto-sp-e-regiao-ismael-colosi"],"jetpack_publicize_connections":[],"jetpack_featured_media_url":"https:\/\/i0.wp.com\/noticiasribeiraopreto.com.br\/wp-content\/uploads\/2025\/11\/Quem-e-quem-em-Tremembe-serie-sobre-o-presidio-dos-famosos-800x450-1_2025-11-05_15-21-58.webp.webp?fit=800%2C450&ssl=1","jetpack-related-posts":[{"id":75835,"url":"https:\/\/noticiasribeiraopreto.com.br\/index.php\/2025\/08\/16\/tremembe-deixara-de-receber-celebridades\/","url_meta":{"origin":79662,"position":0},"title":"Trememb\u00e9 deixar\u00e1 de receber celebridades\u00a0","author":"noticiasribeiraopreto.com.br","date":"16 de August de 2025","format":false,"excerpt":"16 de agosto de 2025 11:028 Compartilhar0 A Penitenci\u00e1ria 2 de Trememb\u00e9, conhecida por abrigar condenados famosos, como o ex-jogador Robinho e o empres\u00e1rio Thiago Brennand, que est\u00e3o l\u00e1, e Alexandre Nardoni, Roger Abdelmassih e Cristian Cravinhos, que j\u00e1 estiveram presos no local, vai deixar de receber detentos com esse\u2026","rel":"","context":"In &quot;Not\u00edcias de Ribeir\u00e3o Preto-SP e Regi\u00e3o&quot;","block_context":{"text":"Not\u00edcias de Ribeir\u00e3o Preto-SP e Regi\u00e3o","link":"https:\/\/noticiasribeiraopreto.com.br\/index.php\/category\/noticias-de-ribeirao-preto-sp-e-regiao-ismael-colosi\/"},"img":{"alt_text":"","src":"https:\/\/i0.wp.com\/noticiasribeiraopreto.com.br\/wp-content\/uploads\/2025\/08\/Tremembe-Reproducao.jpg?fit=906%2C509&ssl=1&resize=350%2C200","width":350,"height":200,"srcset":"https:\/\/i0.wp.com\/noticiasribeiraopreto.com.br\/wp-content\/uploads\/2025\/08\/Tremembe-Reproducao.jpg?fit=906%2C509&ssl=1&resize=350%2C200 1x, https:\/\/i0.wp.com\/noticiasribeiraopreto.com.br\/wp-content\/uploads\/2025\/08\/Tremembe-Reproducao.jpg?fit=906%2C509&ssl=1&resize=525%2C300 1.5x, https:\/\/i0.wp.com\/noticiasribeiraopreto.com.br\/wp-content\/uploads\/2025\/08\/Tremembe-Reproducao.jpg?fit=906%2C509&ssl=1&resize=700%2C400 2x"},"classes":[]},{"id":76021,"url":"https:\/\/noticiasribeiraopreto.com.br\/index.php\/2025\/08\/20\/acusada-de-matar-a-nora-elizabete-arrabaca-chega-a-penitenciaria-de-tremembe\/","url_meta":{"origin":79662,"position":1},"title":"Acusada de matar a nora, Elizabete Arraba\u00e7a chega \u00e0 Penitenci\u00e1ria de Trememb\u00e9","author":"noticiasribeiraopreto.com.br","date":"20 de August de 2025","format":false,"excerpt":"Elizabete Arraba\u00e7a, acusada de ter envenenado a nora, a professora Larissa Rodrigues em Ribeir\u00e3o Preto, chegou a Penitenci\u00e1ria Feminina de Trememb\u00e9, no interior de S\u00e3o Paulo, nesta quarta-feira (20). >>>FIQUE POR DENTRO:\u00a0Confira a cobertura completa sobre o caso Larissa A informa\u00e7\u00e3o foi confirmada pela defesa da mulher na tarde de\u2026","rel":"","context":"In &quot;Not\u00edcias de Ribeir\u00e3o Preto-SP e Regi\u00e3o&quot;","block_context":{"text":"Not\u00edcias de Ribeir\u00e3o Preto-SP e Regi\u00e3o","link":"https:\/\/noticiasribeiraopreto.com.br\/index.php\/category\/noticias-de-ribeirao-preto-sp-e-regiao-ismael-colosi\/"},"img":{"alt_text":"","src":"https:\/\/i0.wp.com\/noticiasribeiraopreto.com.br\/wp-content\/uploads\/2025\/06\/Copia-de-Copia-de-Copia-de-TAMANHO-EXATO-PARA-FOTOS-NO-SISTEMA-NOVO-2025-06-28T184923.591_2025-06-28_21-49-29.webp.webp?fit=1200%2C675&ssl=1&resize=350%2C200","width":350,"height":200,"srcset":"https:\/\/i0.wp.com\/noticiasribeiraopreto.com.br\/wp-content\/uploads\/2025\/06\/Copia-de-Copia-de-Copia-de-TAMANHO-EXATO-PARA-FOTOS-NO-SISTEMA-NOVO-2025-06-28T184923.591_2025-06-28_21-49-29.webp.webp?fit=1200%2C675&ssl=1&resize=350%2C200 1x, https:\/\/i0.wp.com\/noticiasribeiraopreto.com.br\/wp-content\/uploads\/2025\/06\/Copia-de-Copia-de-Copia-de-TAMANHO-EXATO-PARA-FOTOS-NO-SISTEMA-NOVO-2025-06-28T184923.591_2025-06-28_21-49-29.webp.webp?fit=1200%2C675&ssl=1&resize=525%2C300 1.5x, https:\/\/i0.wp.com\/noticiasribeiraopreto.com.br\/wp-content\/uploads\/2025\/06\/Copia-de-Copia-de-Copia-de-TAMANHO-EXATO-PARA-FOTOS-NO-SISTEMA-NOVO-2025-06-28T184923.591_2025-06-28_21-49-29.webp.webp?fit=1200%2C675&ssl=1&resize=700%2C400 2x, https:\/\/i0.wp.com\/noticiasribeiraopreto.com.br\/wp-content\/uploads\/2025\/06\/Copia-de-Copia-de-Copia-de-TAMANHO-EXATO-PARA-FOTOS-NO-SISTEMA-NOVO-2025-06-28T184923.591_2025-06-28_21-49-29.webp.webp?fit=1200%2C675&ssl=1&resize=1050%2C600 3x"},"classes":[]},{"id":75904,"url":"https:\/\/noticiasribeiraopreto.com.br\/index.php\/2025\/08\/18\/elizabete-arrabaca-sera-transferida-para-penitenciaria-de-tremembe\/","url_meta":{"origin":79662,"position":2},"title":"Elizabete Arraba\u00e7a ser\u00e1 transferida para Penitenci\u00e1ria de Trememb\u00e9","author":"noticiasribeiraopreto.com.br","date":"18 de August de 2025","format":false,"excerpt":"Elizabete Arraba\u00e7a, a acusada de ter envenenado a nora, a professora Larissa Rodrigues em Ribeir\u00e3o Preto, ser\u00e1 transferida para Penitenci\u00e1ria Feminina de Trememb\u00e9. A informa\u00e7\u00e3o foi confirmada nesta segunda-feira (18) pela defesa da mulher. Elizabete est\u00e1 detida na Penitenci\u00e1ria Feminina de Votorantim, e antes j\u00e1 havia passado pela cadeia de\u2026","rel":"","context":"In &quot;Not\u00edcias de Ribeir\u00e3o Preto-SP e Regi\u00e3o&quot;","block_context":{"text":"Not\u00edcias de Ribeir\u00e3o Preto-SP e Regi\u00e3o","link":"https:\/\/noticiasribeiraopreto.com.br\/index.php\/category\/noticias-de-ribeirao-preto-sp-e-regiao-ismael-colosi\/"},"img":{"alt_text":"","src":"https:\/\/i0.wp.com\/noticiasribeiraopreto.com.br\/wp-content\/uploads\/2025\/06\/ret_2025-06-26_17-04-24.webp.webp?fit=1200%2C675&ssl=1&resize=350%2C200","width":350,"height":200,"srcset":"https:\/\/i0.wp.com\/noticiasribeiraopreto.com.br\/wp-content\/uploads\/2025\/06\/ret_2025-06-26_17-04-24.webp.webp?fit=1200%2C675&ssl=1&resize=350%2C200 1x, https:\/\/i0.wp.com\/noticiasribeiraopreto.com.br\/wp-content\/uploads\/2025\/06\/ret_2025-06-26_17-04-24.webp.webp?fit=1200%2C675&ssl=1&resize=525%2C300 1.5x, https:\/\/i0.wp.com\/noticiasribeiraopreto.com.br\/wp-content\/uploads\/2025\/06\/ret_2025-06-26_17-04-24.webp.webp?fit=1200%2C675&ssl=1&resize=700%2C400 2x, https:\/\/i0.wp.com\/noticiasribeiraopreto.com.br\/wp-content\/uploads\/2025\/06\/ret_2025-06-26_17-04-24.webp.webp?fit=1200%2C675&ssl=1&resize=1050%2C600 3x"},"classes":[]},{"id":43950,"url":"https:\/\/noticiasribeiraopreto.com.br\/index.php\/2024\/03\/24\/robinho-e-mais-uma-celebridade-a-cumprir-pena-no-presidio-dos-famosos\/","url_meta":{"origin":79662,"position":3},"title":"Robinho \u00e9 mais uma celebridade a cumprir pena no pres\u00eddio dos famosos\u00a0","author":"noticiasribeiraopreto.com.br","date":"24 de March de 2024","format":false,"excerpt":"A penitenci\u00e1ria de Trememb\u00e9, que fica no Vale do Para\u00edba, interior de S\u00e3o Paulo, leva a fama de ser o \u201cpres\u00eddio dos famosos\u201d. Condenados em casos de repercuss\u00e3o nacional costumam ser encaminhados ao complexo para o cumprimento da pena por terem algum tipo de fama e por estarem em risco\u2026","rel":"","context":"In &quot;Not\u00edcias de Ribeir\u00e3o Preto-SP e Regi\u00e3o&quot;","block_context":{"text":"Not\u00edcias de Ribeir\u00e3o Preto-SP e Regi\u00e3o","link":"https:\/\/noticiasribeiraopreto.com.br\/index.php\/category\/noticias-de-ribeirao-preto-sp-e-regiao-ismael-colosi\/"},"img":{"alt_text":"","src":"https:\/\/i0.wp.com\/noticiasribeiraopreto.com.br\/wp-content\/uploads\/2024\/03\/Robinho-selecao-1.jpg?fit=1200%2C758&ssl=1&resize=350%2C200","width":350,"height":200,"srcset":"https:\/\/i0.wp.com\/noticiasribeiraopreto.com.br\/wp-content\/uploads\/2024\/03\/Robinho-selecao-1.jpg?fit=1200%2C758&ssl=1&resize=350%2C200 1x, https:\/\/i0.wp.com\/noticiasribeiraopreto.com.br\/wp-content\/uploads\/2024\/03\/Robinho-selecao-1.jpg?fit=1200%2C758&ssl=1&resize=525%2C300 1.5x, https:\/\/i0.wp.com\/noticiasribeiraopreto.com.br\/wp-content\/uploads\/2024\/03\/Robinho-selecao-1.jpg?fit=1200%2C758&ssl=1&resize=700%2C400 2x, https:\/\/i0.wp.com\/noticiasribeiraopreto.com.br\/wp-content\/uploads\/2024\/03\/Robinho-selecao-1.jpg?fit=1200%2C758&ssl=1&resize=1050%2C600 3x"},"classes":[]},{"id":75941,"url":"https:\/\/noticiasribeiraopreto.com.br\/index.php\/2025\/08\/19\/caso-larissa-justica-marca-audiencia-de-instrucao\/","url_meta":{"origin":79662,"position":4},"title":"Caso Larissa: Justi\u00e7a marca audi\u00eancia de instru\u00e7\u00e3o","author":"noticiasribeiraopreto.com.br","date":"19 de August de 2025","format":false,"excerpt":"Elisabete Arraba\u00e7a e seu filho Luiz Ant\u00f4nio Garnica j\u00e1 tem data para in\u00edcio dos trabalhos que podem definir se ir\u00e3o a j\u00fari popular 19 de agosto de 2025 07:471 Compartilhar1 Por: Adalberto Luque O Tribunal de Justi\u00e7a de S\u00e3o Paulo (TJSP) marcou para o dia 9 de setembro o in\u00edcio\u2026","rel":"","context":"In &quot;Not\u00edcias de Ribeir\u00e3o Preto-SP e Regi\u00e3o&quot;","block_context":{"text":"Not\u00edcias de Ribeir\u00e3o Preto-SP e Regi\u00e3o","link":"https:\/\/noticiasribeiraopreto.com.br\/index.php\/category\/noticias-de-ribeirao-preto-sp-e-regiao-ismael-colosi\/"},"img":{"alt_text":"","src":"https:\/\/i0.wp.com\/noticiasribeiraopreto.com.br\/wp-content\/uploads\/2025\/08\/06-mai-2025-professorabotanico6.jpg?fit=759%2C771&ssl=1&resize=350%2C200","width":350,"height":200,"srcset":"https:\/\/i0.wp.com\/noticiasribeiraopreto.com.br\/wp-content\/uploads\/2025\/08\/06-mai-2025-professorabotanico6.jpg?fit=759%2C771&ssl=1&resize=350%2C200 1x, https:\/\/i0.wp.com\/noticiasribeiraopreto.com.br\/wp-content\/uploads\/2025\/08\/06-mai-2025-professorabotanico6.jpg?fit=759%2C771&ssl=1&resize=525%2C300 1.5x, https:\/\/i0.wp.com\/noticiasribeiraopreto.com.br\/wp-content\/uploads\/2025\/08\/06-mai-2025-professorabotanico6.jpg?fit=759%2C771&ssl=1&resize=700%2C400 2x"},"classes":[]},{"id":76053,"url":"https:\/\/noticiasribeiraopreto.com.br\/index.php\/2025\/08\/21\/elizabete-passa-sua-primeira-noite-em-tremembe\/","url_meta":{"origin":79662,"position":5},"title":"Elizabete passa sua primeira noite em Trememb\u00e9","author":"noticiasribeiraopreto.com.br","date":"21 de August de 2025","format":false,"excerpt":"Por: Adalberto Luque Elizabete Eug\u00eanio Arraba\u00e7a, de 68 anos, acusada da morte de sua nora Larissa Talle Le\u00f4ncio Rodrigues e de sua filha Nathalia Garnica, passou sua primeira noite na Penitenci\u00e1ria Feminina de Trememb\u00e9. Ela foi transferida nesta quarta-feira (20) para sua quarta unidade prisional, desde que foi presa em\u2026","rel":"","context":"In &quot;Not\u00edcias de Ribeir\u00e3o Preto-SP e Regi\u00e3o&quot;","block_context":{"text":"Not\u00edcias de Ribeir\u00e3o Preto-SP e Regi\u00e3o","link":"https:\/\/noticiasribeiraopreto.com.br\/index.php\/category\/noticias-de-ribeirao-preto-sp-e-regiao-ismael-colosi\/"},"img":{"alt_text":"","src":"https:\/\/i0.wp.com\/noticiasribeiraopreto.com.br\/wp-content\/uploads\/2025\/08\/21-agi-2925-elizabetegarnica.jpg?fit=1170%2C780&ssl=1&resize=350%2C200","width":350,"height":200,"srcset":"https:\/\/i0.wp.com\/noticiasribeiraopreto.com.br\/wp-content\/uploads\/2025\/08\/21-agi-2925-elizabetegarnica.jpg?fit=1170%2C780&ssl=1&resize=350%2C200 1x, https:\/\/i0.wp.com\/noticiasribeiraopreto.com.br\/wp-content\/uploads\/2025\/08\/21-agi-2925-elizabetegarnica.jpg?fit=1170%2C780&ssl=1&resize=525%2C300 1.5x, https:\/\/i0.wp.com\/noticiasribeiraopreto.com.br\/wp-content\/uploads\/2025\/08\/21-agi-2925-elizabetegarnica.jpg?fit=1170%2C780&ssl=1&resize=700%2C400 2x, https:\/\/i0.wp.com\/noticiasribeiraopreto.com.br\/wp-content\/uploads\/2025\/08\/21-agi-2925-elizabetegarnica.jpg?fit=1170%2C780&ssl=1&resize=1050%2C600 3x"},"classes":[]}],"jetpack_sharing_enabled":true,"jetpack_shortlink":"https:\/\/wp.me\/peQAOb-kIS","_links":{"self":[{"href":"https:\/\/noticiasribeiraopreto.com.br\/index.php\/wp-json\/wp\/v2\/posts\/79662","targetHints":{"allow":["GET"]}}],"collection":[{"href":"https:\/\/noticiasribeiraopreto.com.br\/index.php\/wp-json\/wp\/v2\/posts"}],"about":[{"href":"https:\/\/noticiasribeiraopreto.com.br\/index.php\/wp-json\/wp\/v2\/types\/post"}],"author":[{"embeddable":true,"href":"https:\/\/noticiasribeiraopreto.com.br\/index.php\/wp-json\/wp\/v2\/users\/1"}],"replies":[{"embeddable":true,"href":"https:\/\/noticiasribeiraopreto.com.br\/index.php\/wp-json\/wp\/v2\/comments?post=79662"}],"version-history":[{"count":0,"href":"https:\/\/noticiasribeiraopreto.com.br\/index.php\/wp-json\/wp\/v2\/posts\/79662\/revisions"}],"wp:featuredmedia":[{"embeddable":true,"href":"https:\/\/noticiasribeiraopreto.com.br\/index.php\/wp-json\/wp\/v2\/media\/79663"}],"wp:attachment":[{"href":"https:\/\/noticiasribeiraopreto.com.br\/index.php\/wp-json\/wp\/v2\/media?parent=79662"}],"wp:term":[{"taxonomy":"category","embeddable":true,"href":"https:\/\/noticiasribeiraopreto.com.br\/index.php\/wp-json\/wp\/v2\/categories?post=79662"},{"taxonomy":"post_tag","embeddable":true,"href":"https:\/\/noticiasribeiraopreto.com.br\/index.php\/wp-json\/wp\/v2\/tags?post=79662"}],"curies":[{"name":"wp","href":"https:\/\/api.w.org\/{rel}","templated":true}]}}