{"id":79664,"date":"2025-11-05T14:56:09","date_gmt":"2025-11-05T17:56:09","guid":{"rendered":"https:\/\/noticiasribeiraopreto.com.br\/index.php\/2025\/11\/05\/ribeirao-preto-recebe-14a-edicao-do-festival-restaurant-week\/"},"modified":"2025-11-05T14:56:09","modified_gmt":"2025-11-05T17:56:09","slug":"ribeirao-preto-recebe-14a-edicao-do-festival-restaurant-week","status":"publish","type":"post","link":"https:\/\/noticiasribeiraopreto.com.br\/index.php\/2025\/11\/05\/ribeirao-preto-recebe-14a-edicao-do-festival-restaurant-week\/","title":{"rendered":"Ribeir\u00e3o Preto recebe 14\u00aa edi\u00e7\u00e3o do festival Restaurant\u00a0Week"},"content":{"rendered":"<div class='code-block code-block-1' style='margin: 8px 0 8px auto; text-align: right; display: block; clear: both;'>\n<p><a href=\"https:\/\/wa.link\/vpicfd\"><img data-recalc-dims=\"1\" class=\"wp-image-4922\" style=\"aspect-ratio: 2.0253164556962027; width: 561px; height: auto;\" src=\"https:\/\/i0.wp.com\/ismaelcolosi.com.br\/wp-content\/uploads\/2023\/11\/grupo-de-empregos-whatsapp-e-facebook-ismael-colosi-vagas.jpg?ssl=1\" alt=\"\" \/><\/a><\/p>\n<!-- \/wp:image -->\n<\/div>\n<p> <br \/>\n<\/p>\n<div data-td-block-uid=\"tdi_95\">\n<div class=\"tdb-block-inner td-fix-index\">\n<p><strong>A 14\u00aa edi\u00e7\u00e3o do festival Restaurant Week ser\u00e1 realizada de 7 de novembro a 7 de dezembro, em Ribeir\u00e3o Preto, com o tema \u201cUma Volta pela It\u00e1lia\u201d. <\/strong>S\u00e3o <strong>sete restaurantes participantes<\/strong>, <strong>dois tipos de menus<\/strong> e <strong>op\u00e7\u00f5es <\/strong>a partir de <strong>R$ 68,90<\/strong>.<\/p>\n<p>O <strong>p\u00fablico <\/strong>poder\u00e1 <strong>saborear menus completos<\/strong>, com <strong>entrada, prato principal e sobremesa<\/strong>. Os <strong>valores <\/strong>s\u00e3o <strong>fixos<\/strong>.<\/p>\n<h2 class=\"wp-block-heading\"><strong>Confira os pre\u00e7os:<\/strong><\/h2>\n<ul class=\"wp-block-list\">\n<li><strong>Menu plus<\/strong> \u2013 com ingredientes mais elaborados \u2013 <strong>almo\u00e7o <\/strong>por <strong>R$ 68,90<\/strong> e <strong>jantar <\/strong>por <strong>R$ 89,90<\/strong><\/li>\n<li><strong>Menu premium<\/strong> \u2013 apresentado pela primeira vez na edi\u00e7\u00e3o local, \u00e9 a op\u00e7\u00e3o em que o chef oferece o melhor da casa \u2013 <strong>almo\u00e7o <\/strong>por <strong>R$ 89,00<\/strong> e <strong>jantar <\/strong>por <strong>R$ 109,00<\/strong><\/li>\n<\/ul>\n<h3 class=\"wp-block-heading\"><strong>Veja os restaurantes participantes:<\/strong><\/h3>\n<ul class=\"wp-block-list\">\n<li><strong>Camarada Camar\u00e3o \u2013 Chef Fran\u00e7ois Schmitt | Frutos do mar<\/strong><\/li>\n<li>Menu Premium: almo\u00e7o e jantar<\/li>\n<li>Av. Cel. Fernando Ferreira Leite, Ribeir\u00e3oShopping<\/li>\n<\/ul>\n<ul class=\"wp-block-list\">\n<li><strong>Mabruk Arabian Food \u2013 Chef Fida Aude | Culin\u00e1ria libanesa<\/strong><\/li>\n<li>Menu Plus: almo\u00e7o<\/li>\n<li>Rua Cerqueira C\u00e9sar, 1.556<\/li>\n<\/ul>\n<ul class=\"wp-block-list\">\n<li><strong>Maremonti Pizzaria \u2013 Chef Williams Santos | Culin\u00e1ria italiana<\/strong><\/li>\n<li>Menu plus: almo\u00e7o e jantar<\/li>\n<li>Rua Jo\u00e3o Alves Silva Jr, 528<\/li>\n<\/ul>\n<ul class=\"wp-block-list\">\n<li><strong>MoonVista Rooftop \u2013 Chef Eliud Alves | Cozinha mundial e oriental<\/strong><\/li>\n<li>Menu premium: jantar<\/li>\n<li>Av. Dr. Jos\u00e9 Cez\u00e1rio Monteiro da Silva Filho, cobertura do Hotel Tryp<\/li>\n<\/ul>\n<ul class=\"wp-block-list\">\n<li><strong>Onze Skyline \u2013 Chef Eliud Alves | Cozinha mundial e oriental<\/strong><\/li>\n<li>Menu premium: jantar<\/li>\n<li>Av. Wladimir Meirelles Ferreira, 856<\/li>\n<\/ul>\n<ul class=\"wp-block-list\">\n<li><strong>Terru\u00e1 \u2013 Chef Isabella Fonseca | Cozinha franco-brasileira<\/strong><\/li>\n<li>Menu plus: almo\u00e7o<\/li>\n<li>Rua Altino Arantes, 529, casa 20<\/li>\n<\/ul>\n<ul class=\"wp-block-list\">\n<li><strong>Vino! Ribeir\u00e3o Preto \u2013 Chef Maira Gabriele | Cozinha \u00edtalo-mediterr\u00e2nea<\/strong><\/li>\n<li>Menu Premium: jantar<\/li>\n<li>Avenida Sumar\u00e9, 441<\/li>\n<\/ul>\n<figure class=\"wp-block-pullquote\">\n<blockquote>\n<p>O festival valoriza a cultura gastron\u00f4mica e os chefs em cada localidade, movimenta  a economia e destaca as cidades participantes como um polo tur\u00edstico gastron\u00f4mico<\/p>\n<p><cite><strong>Fernando Reis, idealizador da Brasil Restaurant Week<\/strong><\/cite><\/p><\/blockquote>\n<\/figure>\n<h4 class=\"wp-block-heading\"><strong>Solidariedade<\/strong><\/h4>\n<p>A Ribeir\u00e3o Preto Restaurant Week convidou o projeto social FADA (Fam\u00edlia, Diversidade e Amigos) como entidade parceira desta edi\u00e7\u00e3o.<\/p>\n<p>Em cada cidade-sede do festival uma entidade social foi convidada como parceira beneficiada com a doa\u00e7\u00e3o volunt\u00e1ria de R$ 2,00 pelos clientes.<\/p>\n<p>O festival Restaurant Week foi criado em Nova York, em 1992, e chegou ao Brasil no ano de 2007.<\/p>\n<p><!-- AI CONTENT END 1 -->\n<\/div>\n<\/div>\n<p><br \/>\n<br \/><a href=\"https:\/\/www.acidadeon.com\/ribeiraopreto\/lazer-e-cultura\/ribeirao-preto-recebe-14a-edicao-do-festival-restaurant-week\/\">Source link <\/a><\/p>\n<!-- CONTENT END 1 -->\n","protected":false},"excerpt":{"rendered":"<p>A 14\u00aa edi\u00e7\u00e3o do festival Restaurant Week ser\u00e1 realizada de 7 de novembro a 7 de dezembro, em Ribeir\u00e3o Preto, com o tema \u201cUma Volta&#8230;<\/p>\n","protected":false},"author":1,"featured_media":79665,"comment_status":"open","ping_status":"open","sticky":false,"template":"","format":"standard","meta":{"advanced_seo_description":"","jetpack_seo_html_title":"","jetpack_seo_noindex":false,"jetpack_post_was_ever_published":false,"_jetpack_newsletter_access":"","_jetpack_dont_email_post_to_subs":false,"_jetpack_newsletter_tier_id":0,"_jetpack_memberships_contains_paywalled_content":false,"_jetpack_memberships_contains_paid_content":false,"footnotes":"","jetpack_publicize_message":"","jetpack_publicize_feature_enabled":true,"jetpack_social_post_already_shared":true,"jetpack_social_options":{"image_generator_settings":{"template":"highway","default_image_id":0,"font":"","enabled":false},"version":2}},"categories":[11],"tags":[],"class_list":["post-79664","post","type-post","status-publish","format-standard","has-post-thumbnail","hentry","category-noticias-de-ribeirao-preto-sp-e-regiao-ismael-colosi"],"jetpack_publicize_connections":[],"jetpack_featured_media_url":"https:\/\/i0.wp.com\/noticiasribeiraopreto.com.br\/wp-content\/uploads\/2025\/11\/MABRUK-ABRIL-2021-101-20-1_2025-11-05_15-11-28.webp.webp?fit=1200%2C800&ssl=1","jetpack-related-posts":[{"id":5436,"url":"https:\/\/noticiasribeiraopreto.com.br\/index.php\/2023\/11\/23\/festival-restaurant-week-incrementa-setor-gastronomico-na-cidade\/","url_meta":{"origin":79664,"position":0},"title":"Festival Restaurant Week incrementa setor gastron\u00f4mico na cidade","author":"noticiasribeiraopreto.com.br","date":"23 de November de 2023","format":false,"excerpt":"12 A 13\u00aa Ribeir\u00e3o Preto Restaurant Week nem acabou e j\u00e1 registra aumento de movimenta\u00e7\u00e3o nos restaurantes participantes. O festival termina neste domingo, dia 26 de novembro. Para esta temporada, a expectativa \u00e9 que sejam consumidos cerca de 800 menus Week em m\u00e9dia por restaurante. A organiza\u00e7\u00e3o do festival estima\u2026","rel":"","context":"In &quot;Not\u00edcias de Ribeir\u00e3o Preto-SP e Regi\u00e3o&quot;","block_context":{"text":"Not\u00edcias de Ribeir\u00e3o Preto-SP e Regi\u00e3o","link":"https:\/\/noticiasribeiraopreto.com.br\/index.php\/category\/noticias-de-ribeirao-preto-sp-e-regiao-ismael-colosi\/"},"img":{"alt_text":"","src":"https:\/\/i0.wp.com\/noticiasribeiraopreto.com.br\/wp-content\/uploads\/2023\/11\/Imagem-do-WhatsApp-de-2023-11-23-as-12.03.10_d098253e.jpg?fit=1200%2C675&ssl=1&resize=350%2C200","width":350,"height":200,"srcset":"https:\/\/i0.wp.com\/noticiasribeiraopreto.com.br\/wp-content\/uploads\/2023\/11\/Imagem-do-WhatsApp-de-2023-11-23-as-12.03.10_d098253e.jpg?fit=1200%2C675&ssl=1&resize=350%2C200 1x, https:\/\/i0.wp.com\/noticiasribeiraopreto.com.br\/wp-content\/uploads\/2023\/11\/Imagem-do-WhatsApp-de-2023-11-23-as-12.03.10_d098253e.jpg?fit=1200%2C675&ssl=1&resize=525%2C300 1.5x, https:\/\/i0.wp.com\/noticiasribeiraopreto.com.br\/wp-content\/uploads\/2023\/11\/Imagem-do-WhatsApp-de-2023-11-23-as-12.03.10_d098253e.jpg?fit=1200%2C675&ssl=1&resize=700%2C400 2x, https:\/\/i0.wp.com\/noticiasribeiraopreto.com.br\/wp-content\/uploads\/2023\/11\/Imagem-do-WhatsApp-de-2023-11-23-as-12.03.10_d098253e.jpg?fit=1200%2C675&ssl=1&resize=1050%2C600 3x"},"classes":[]},{"id":5470,"url":"https:\/\/noticiasribeiraopreto.com.br\/index.php\/2023\/11\/23\/ribeirao-preto-restaurant-week-tem-menus-veganos-e-vegetarianos\/","url_meta":{"origin":79664,"position":1},"title":"Ribeir\u00e3o Preto Restaurant Week tem menus veganos e vegetarianos","author":"noticiasribeiraopreto.com.br","date":"23 de November de 2023","format":false,"excerpt":"18 Cerca de 14% dos brasileiros s\u00e3o vegetarianos, segundo pesquisa IBOPE divulgada pela Sociedade Vegetariana Brasileira, em 2018. Para atender a um p\u00fablico crescente que adotou novos h\u00e1bitos alimentares ou aqueles que adoram experimentar novas op\u00e7\u00f5es gastron\u00f4micas, a Ribeir\u00e3o Preto Restaurant Week, que termina no pr\u00f3ximo domingo, 26 de novembro,\u2026","rel":"","context":"In &quot;Not\u00edcias de Ribeir\u00e3o Preto-SP e Regi\u00e3o&quot;","block_context":{"text":"Not\u00edcias de Ribeir\u00e3o Preto-SP e Regi\u00e3o","link":"https:\/\/noticiasribeiraopreto.com.br\/index.php\/category\/noticias-de-ribeirao-preto-sp-e-regiao-ismael-colosi\/"},"img":{"alt_text":"","src":"https:\/\/i0.wp.com\/noticiasribeiraopreto.com.br\/wp-content\/uploads\/2023\/11\/Imagem-do-WhatsApp-de-2023-11-21-as-15.21.36_ef8a3cdd.jpg?fit=1200%2C675&ssl=1&resize=350%2C200","width":350,"height":200,"srcset":"https:\/\/i0.wp.com\/noticiasribeiraopreto.com.br\/wp-content\/uploads\/2023\/11\/Imagem-do-WhatsApp-de-2023-11-21-as-15.21.36_ef8a3cdd.jpg?fit=1200%2C675&ssl=1&resize=350%2C200 1x, https:\/\/i0.wp.com\/noticiasribeiraopreto.com.br\/wp-content\/uploads\/2023\/11\/Imagem-do-WhatsApp-de-2023-11-21-as-15.21.36_ef8a3cdd.jpg?fit=1200%2C675&ssl=1&resize=525%2C300 1.5x, https:\/\/i0.wp.com\/noticiasribeiraopreto.com.br\/wp-content\/uploads\/2023\/11\/Imagem-do-WhatsApp-de-2023-11-21-as-15.21.36_ef8a3cdd.jpg?fit=1200%2C675&ssl=1&resize=700%2C400 2x, https:\/\/i0.wp.com\/noticiasribeiraopreto.com.br\/wp-content\/uploads\/2023\/11\/Imagem-do-WhatsApp-de-2023-11-21-as-15.21.36_ef8a3cdd.jpg?fit=1200%2C675&ssl=1&resize=1050%2C600 3x"},"classes":[]},{"id":3065,"url":"https:\/\/noticiasribeiraopreto.com.br\/index.php\/2023\/11\/07\/brasil-restaurant-week-lanca-edicao-ribeirao-pretana-do-festival-dia-26\/","url_meta":{"origin":79664,"position":2},"title":"Brasil Restaurant Week lan\u00e7a edi\u00e7\u00e3o ribeir\u00e3o-pretana do festival dia 26","author":"noticiasribeiraopreto.com.br","date":"7 de November de 2023","format":false,"excerpt":"48 O festival mais gostoso anuncia sua segunda edi\u00e7\u00e3o do ano em Ribeir\u00e3o Preto. Dia 26 de outubro come\u00e7a a 13\u00aa Ribeir\u00e3o Preto Restaurant Week, maior festival gastron\u00f4mico brasileiro que acontece nas principais capitais e cidades do pa\u00eds. Dentre as novidades, o tema que inspira os chefs a criarem os\u2026","rel":"","context":"In &quot;Not\u00edcias de Ribeir\u00e3o Preto-SP e Regi\u00e3o&quot;","block_context":{"text":"Not\u00edcias de Ribeir\u00e3o Preto-SP e Regi\u00e3o","link":"https:\/\/noticiasribeiraopreto.com.br\/index.php\/category\/noticias-de-ribeirao-preto-sp-e-regiao-ismael-colosi\/"},"img":{"alt_text":"","src":"https:\/\/i0.wp.com\/noticiasribeiraopreto.com.br\/wp-content\/uploads\/2023\/11\/7e125ca22fd520d8506ab209bbc50a7e.png?fit=1200%2C675&ssl=1&resize=350%2C200","width":350,"height":200,"srcset":"https:\/\/i0.wp.com\/noticiasribeiraopreto.com.br\/wp-content\/uploads\/2023\/11\/7e125ca22fd520d8506ab209bbc50a7e.png?fit=1200%2C675&ssl=1&resize=350%2C200 1x, https:\/\/i0.wp.com\/noticiasribeiraopreto.com.br\/wp-content\/uploads\/2023\/11\/7e125ca22fd520d8506ab209bbc50a7e.png?fit=1200%2C675&ssl=1&resize=525%2C300 1.5x, https:\/\/i0.wp.com\/noticiasribeiraopreto.com.br\/wp-content\/uploads\/2023\/11\/7e125ca22fd520d8506ab209bbc50a7e.png?fit=1200%2C675&ssl=1&resize=700%2C400 2x, https:\/\/i0.wp.com\/noticiasribeiraopreto.com.br\/wp-content\/uploads\/2023\/11\/7e125ca22fd520d8506ab209bbc50a7e.png?fit=1200%2C675&ssl=1&resize=1050%2C600 3x"},"classes":[]},{"id":3005,"url":"https:\/\/noticiasribeiraopreto.com.br\/index.php\/2023\/11\/10\/ribeirao-preto-restaurant-week-e-programacao-para-toda-familia\/","url_meta":{"origin":79664,"position":3},"title":"Ribeir\u00e3o Preto Restaurant Week \u00e9 programa\u00e7\u00e3o para toda fam\u00edlia","author":"noticiasribeiraopreto.com.br","date":"10 de November de 2023","format":false,"excerpt":"41 Como fazer um tour gastron\u00f4mico para degustar aquele menu que acabou de ser criado pelos chefs dos melhores restaurantes e bistr\u00f4s da cidade e ainda garantir a seguran\u00e7a e divers\u00e3o das crian\u00e7as? A 13\u00aa edi\u00e7\u00e3o da Ribeir\u00e3o Preto Restaurant Week tem op\u00e7\u00e3o para pais, tios, padrinhos e todo mudo\u2026","rel":"","context":"In &quot;Not\u00edcias de Ribeir\u00e3o Preto-SP e Regi\u00e3o&quot;","block_context":{"text":"Not\u00edcias de Ribeir\u00e3o Preto-SP e Regi\u00e3o","link":"https:\/\/noticiasribeiraopreto.com.br\/index.php\/category\/noticias-de-ribeirao-preto-sp-e-regiao-ismael-colosi\/"},"img":{"alt_text":"","src":"https:\/\/i0.wp.com\/noticiasribeiraopreto.com.br\/wp-content\/uploads\/2023\/11\/Entradas-pratos-e-sobremesas-de-resutaurantes-com-ESPACO-KIDS-RP-RW-13-edicao.jpg?fit=1200%2C675&ssl=1&resize=350%2C200","width":350,"height":200,"srcset":"https:\/\/i0.wp.com\/noticiasribeiraopreto.com.br\/wp-content\/uploads\/2023\/11\/Entradas-pratos-e-sobremesas-de-resutaurantes-com-ESPACO-KIDS-RP-RW-13-edicao.jpg?fit=1200%2C675&ssl=1&resize=350%2C200 1x, https:\/\/i0.wp.com\/noticiasribeiraopreto.com.br\/wp-content\/uploads\/2023\/11\/Entradas-pratos-e-sobremesas-de-resutaurantes-com-ESPACO-KIDS-RP-RW-13-edicao.jpg?fit=1200%2C675&ssl=1&resize=525%2C300 1.5x, https:\/\/i0.wp.com\/noticiasribeiraopreto.com.br\/wp-content\/uploads\/2023\/11\/Entradas-pratos-e-sobremesas-de-resutaurantes-com-ESPACO-KIDS-RP-RW-13-edicao.jpg?fit=1200%2C675&ssl=1&resize=700%2C400 2x, https:\/\/i0.wp.com\/noticiasribeiraopreto.com.br\/wp-content\/uploads\/2023\/11\/Entradas-pratos-e-sobremesas-de-resutaurantes-com-ESPACO-KIDS-RP-RW-13-edicao.jpg?fit=1200%2C675&ssl=1&resize=1050%2C600 3x"},"classes":[]},{"id":3163,"url":"https:\/\/noticiasribeiraopreto.com.br\/index.php\/2023\/11\/17\/sobremesas-com-sabores-de-biomas-brasileiros-na-ribeirao-preto-restaurant-week\/","url_meta":{"origin":79664,"position":4},"title":"Sobremesas com sabores de biomas brasileiros na Ribeir\u00e3o Preto Restaurant Week","author":"noticiasribeiraopreto.com.br","date":"17 de November de 2023","format":false,"excerpt":"13 Castanhas-do-par\u00e1 no tartelete, farofa de amendoim para dar aquele toque brasileiro, pudim de leite que todo mundo conhece, musse de chocolate com caf\u00e9, o brasileir\u00edssimo a\u00e7a\u00ed, as frutas tropicais, doce de leite, crocante de castanhas de caju, goiaba cheese, bolo de coco, churros, pudim com rapadura. Mais brasileiros, imposs\u00edvel.\u2026","rel":"","context":"In &quot;Not\u00edcias de Ribeir\u00e3o Preto-SP e Regi\u00e3o&quot;","block_context":{"text":"Not\u00edcias de Ribeir\u00e3o Preto-SP e Regi\u00e3o","link":"https:\/\/noticiasribeiraopreto.com.br\/index.php\/category\/noticias-de-ribeirao-preto-sp-e-regiao-ismael-colosi\/"},"img":{"alt_text":"","src":"https:\/\/i0.wp.com\/noticiasribeiraopreto.com.br\/wp-content\/uploads\/2023\/11\/Imagem-do-WhatsApp-de-2023-11-17-as-11.44.48_cd19756a.jpg?fit=1200%2C675&ssl=1&resize=350%2C200","width":350,"height":200,"srcset":"https:\/\/i0.wp.com\/noticiasribeiraopreto.com.br\/wp-content\/uploads\/2023\/11\/Imagem-do-WhatsApp-de-2023-11-17-as-11.44.48_cd19756a.jpg?fit=1200%2C675&ssl=1&resize=350%2C200 1x, https:\/\/i0.wp.com\/noticiasribeiraopreto.com.br\/wp-content\/uploads\/2023\/11\/Imagem-do-WhatsApp-de-2023-11-17-as-11.44.48_cd19756a.jpg?fit=1200%2C675&ssl=1&resize=525%2C300 1.5x, https:\/\/i0.wp.com\/noticiasribeiraopreto.com.br\/wp-content\/uploads\/2023\/11\/Imagem-do-WhatsApp-de-2023-11-17-as-11.44.48_cd19756a.jpg?fit=1200%2C675&ssl=1&resize=700%2C400 2x, https:\/\/i0.wp.com\/noticiasribeiraopreto.com.br\/wp-content\/uploads\/2023\/11\/Imagem-do-WhatsApp-de-2023-11-17-as-11.44.48_cd19756a.jpg?fit=1200%2C675&ssl=1&resize=1050%2C600 3x"},"classes":[]},{"id":63248,"url":"https:\/\/noticiasribeiraopreto.com.br\/index.php\/2025\/02\/07\/teatro-festival-e-sarau-veja-opcoes-para-curtir-o-fim-de-semana-em-ribeirao-preto\/","url_meta":{"origin":79664,"position":5},"title":"Teatro, festival e sarau: Veja op\u00e7\u00f5es para curtir o fim de semana em Ribeir\u00e3o Preto","author":"noticiasribeiraopreto.com.br","date":"7 de February de 2025","format":false,"excerpt":"O fim de semana chegou e Ribeir\u00e3o Preto conta com atividades pagas e gratuitas para quem quiser aproveitar. Entre os destaques est\u00e3o pe\u00e7as de teatro, em destaque para o espet\u00e1culo \u201cTom na Fazenda\u201d, o festival \u201cA Uni\u00e3o Faz o Encontro\u201d e o \u201cSarau da Biblioteca\u201d, na biblioteca do Sesc Ribeir\u00e3o\u2026","rel":"","context":"In &quot;Not\u00edcias de Ribeir\u00e3o Preto-SP e Regi\u00e3o&quot;","block_context":{"text":"Not\u00edcias de Ribeir\u00e3o Preto-SP e Regi\u00e3o","link":"https:\/\/noticiasribeiraopreto.com.br\/index.php\/category\/noticias-de-ribeirao-preto-sp-e-regiao-ismael-colosi\/"},"img":{"alt_text":"","src":"https:\/\/i0.wp.com\/noticiasribeiraopreto.com.br\/wp-content\/uploads\/2025\/01\/3-Tom-na-Fazenda-_2025-01-06_13-07-40_jpg_2025-01-06_13-07-40.webp.webp?fit=900%2C664&ssl=1&resize=350%2C200","width":350,"height":200,"srcset":"https:\/\/i0.wp.com\/noticiasribeiraopreto.com.br\/wp-content\/uploads\/2025\/01\/3-Tom-na-Fazenda-_2025-01-06_13-07-40_jpg_2025-01-06_13-07-40.webp.webp?fit=900%2C664&ssl=1&resize=350%2C200 1x, https:\/\/i0.wp.com\/noticiasribeiraopreto.com.br\/wp-content\/uploads\/2025\/01\/3-Tom-na-Fazenda-_2025-01-06_13-07-40_jpg_2025-01-06_13-07-40.webp.webp?fit=900%2C664&ssl=1&resize=525%2C300 1.5x, https:\/\/i0.wp.com\/noticiasribeiraopreto.com.br\/wp-content\/uploads\/2025\/01\/3-Tom-na-Fazenda-_2025-01-06_13-07-40_jpg_2025-01-06_13-07-40.webp.webp?fit=900%2C664&ssl=1&resize=700%2C400 2x"},"classes":[]}],"jetpack_sharing_enabled":true,"jetpack_shortlink":"https:\/\/wp.me\/peQAOb-kIU","_links":{"self":[{"href":"https:\/\/noticiasribeiraopreto.com.br\/index.php\/wp-json\/wp\/v2\/posts\/79664","targetHints":{"allow":["GET"]}}],"collection":[{"href":"https:\/\/noticiasribeiraopreto.com.br\/index.php\/wp-json\/wp\/v2\/posts"}],"about":[{"href":"https:\/\/noticiasribeiraopreto.com.br\/index.php\/wp-json\/wp\/v2\/types\/post"}],"author":[{"embeddable":true,"href":"https:\/\/noticiasribeiraopreto.com.br\/index.php\/wp-json\/wp\/v2\/users\/1"}],"replies":[{"embeddable":true,"href":"https:\/\/noticiasribeiraopreto.com.br\/index.php\/wp-json\/wp\/v2\/comments?post=79664"}],"version-history":[{"count":0,"href":"https:\/\/noticiasribeiraopreto.com.br\/index.php\/wp-json\/wp\/v2\/posts\/79664\/revisions"}],"wp:featuredmedia":[{"embeddable":true,"href":"https:\/\/noticiasribeiraopreto.com.br\/index.php\/wp-json\/wp\/v2\/media\/79665"}],"wp:attachment":[{"href":"https:\/\/noticiasribeiraopreto.com.br\/index.php\/wp-json\/wp\/v2\/media?parent=79664"}],"wp:term":[{"taxonomy":"category","embeddable":true,"href":"https:\/\/noticiasribeiraopreto.com.br\/index.php\/wp-json\/wp\/v2\/categories?post=79664"},{"taxonomy":"post_tag","embeddable":true,"href":"https:\/\/noticiasribeiraopreto.com.br\/index.php\/wp-json\/wp\/v2\/tags?post=79664"}],"curies":[{"name":"wp","href":"https:\/\/api.w.org\/{rel}","templated":true}]}}