{"id":79666,"date":"2025-11-05T15:03:47","date_gmt":"2025-11-05T18:03:47","guid":{"rendered":"https:\/\/noticiasribeiraopreto.com.br\/index.php\/2025\/11\/05\/entenda-por-que-transito-ficou-congestionado-na-avenida-presidente-vargas\/"},"modified":"2025-11-05T15:03:47","modified_gmt":"2025-11-05T18:03:47","slug":"entenda-por-que-transito-ficou-congestionado-na-avenida-presidente-vargas","status":"publish","type":"post","link":"https:\/\/noticiasribeiraopreto.com.br\/index.php\/2025\/11\/05\/entenda-por-que-transito-ficou-congestionado-na-avenida-presidente-vargas\/","title":{"rendered":"Entenda por que tr\u00e2nsito ficou congestionado na avenida Presidente Vargas"},"content":{"rendered":"<div class='code-block code-block-1' style='margin: 8px 0 8px auto; text-align: right; display: block; clear: both;'>\n<p><a href=\"https:\/\/wa.link\/vpicfd\"><img data-recalc-dims=\"1\" class=\"wp-image-4922\" style=\"aspect-ratio: 2.0253164556962027; width: 561px; height: auto;\" src=\"https:\/\/i0.wp.com\/ismaelcolosi.com.br\/wp-content\/uploads\/2023\/11\/grupo-de-empregos-whatsapp-e-facebook-ismael-colosi-vagas.jpg?ssl=1\" alt=\"\" \/><\/a><\/p>\n<!-- \/wp:image -->\n<\/div>\n<p> <br \/>\n<\/p>\n<div data-td-block-uid=\"tdi_95\">\n<div class=\"tdb-block-inner td-fix-index\">\n<p>O motorista que passou pela<strong> avenida Presidente Vargas<\/strong>, na zona Sul de <strong>Ribeir\u00e3o Preto<\/strong>, na manh\u00e3 desta quarta-feira (5), enfrentou um momento de congestionamento perto da rotat\u00f3ria da <strong>avenida Jos\u00e9 Adolfo Bianco Molina<\/strong>. O local foi interditado por alguns minutos para uma grava\u00e7\u00e3o com os novos \u00f4nibus do transporte coletivo.<\/p>\n<p>Em comunicado, a<strong> RP Mobi <\/strong>informou que os \u00f4nibus urbanos integram a nova frota de 40 ve\u00edculos, dos quais 20 chegaram na manh\u00e3 de hoje.\u00a0<\/p>\n<p>\u201cOs ve\u00edculos fizeram uma r\u00e1pida volta de apresenta\u00e7\u00e3o na avenida Presidente Vargas e foram direcionados para a garagem, onde passar\u00e3o por emplacamento e implanta\u00e7\u00e3o de validadores para posteriormente operar nos corredores de \u00f4nibus da cidade\u201d, informa.<\/p>\n<p>SAIBA MAIS<br \/>Quem \u00e9 o sortudo? Aposta simples de Ribeir\u00e3o Preto ganha R$ 34 mil na Mega-Sena<\/p>\n<h2 class=\"wp-block-heading\"><strong>FIQUE ON<\/strong><\/h2>\n<p>Fique ligado em tudo que acontece em Ribeir\u00e3o Preto e regi\u00e3o. Siga os perfis do<strong>\u00a0acidade on\u00a0<\/strong>no<a href=\"https:\/\/www.instagram.com\/acidadeonribeirao\" target=\"_blank\" rel=\"noreferrer noopener\">\u00a0Instagram\u00a0<\/a>e no\u00a0<a href=\"https:\/\/www.facebook.com\/acidadeonribeirao\/\" target=\"_blank\" rel=\"noreferrer noopener\">Facebook<\/a>.<\/p>\n<p>Receba not\u00edcias do\u00a0<strong>acidade on<\/strong>\u00a0no WhatsApp. Para entrar no grupo,\u00a0basta\u00a0<a href=\"https:\/\/chat.whatsapp.com\/I4nieTEMKlf50pJ28aMemC?mode=ac_t\" target=\"_blank\" rel=\"noreferrer noopener\">clicar aqui<\/a>. Ou, acesse o nosso\u00a0Canal\u00a0<a href=\"https:\/\/whatsapp.com\/channel\/0029Vb6IQl1JENyAeS57fk2p\" target=\"_blank\" rel=\"noreferrer noopener\">clicando aqui<\/a>.<\/p>\n<p>Fa\u00e7a uma den\u00fancia ou sugira uma reportagem sobre Ribeir\u00e3o Preto e regi\u00e3o pelo WhatsApp: 16 99117 7802.<\/p>\n<p>VEJA TAMB\u00c9M<br \/>IBGE: Quais os nomes e sobrenomes mais comuns do Brasil?<\/p>\n<p><!-- AI CONTENT END 1 -->\n<\/div>\n<\/div>\n<p><script async src=\"\/\/www.instagram.com\/embed.js\"><\/script><br \/>\n<br \/><br \/>\n<br \/><a href=\"https:\/\/www.acidadeon.com\/ribeiraopreto\/cotidiano\/entenda-por-que-transito-ficou-congestionado-na-avenida-presidente-vargas\/\">Source link <\/a><\/p>\n<!-- CONTENT END 1 -->\n","protected":false},"excerpt":{"rendered":"<p>O motorista que passou pela avenida Presidente Vargas, na zona Sul de Ribeir\u00e3o Preto, na manh\u00e3 desta quarta-feira (5), enfrentou um momento de congestionamento perto&#8230;<\/p>\n","protected":false},"author":1,"featured_media":79667,"comment_status":"open","ping_status":"open","sticky":false,"template":"","format":"standard","meta":{"advanced_seo_description":"","jetpack_seo_html_title":"","jetpack_seo_noindex":false,"jetpack_post_was_ever_published":false,"_jetpack_newsletter_access":"","_jetpack_dont_email_post_to_subs":false,"_jetpack_newsletter_tier_id":0,"_jetpack_memberships_contains_paywalled_content":false,"_jetpack_memberships_contains_paid_content":false,"footnotes":"","jetpack_publicize_message":"","jetpack_publicize_feature_enabled":true,"jetpack_social_post_already_shared":true,"jetpack_social_options":{"image_generator_settings":{"template":"highway","default_image_id":0,"font":"","enabled":false},"version":2}},"categories":[11],"tags":[],"class_list":["post-79666","post","type-post","status-publish","format-standard","has-post-thumbnail","hentry","category-noticias-de-ribeirao-preto-sp-e-regiao-ismael-colosi"],"jetpack_publicize_connections":[],"jetpack_featured_media_url":"https:\/\/i0.wp.com\/noticiasribeiraopreto.com.br\/wp-content\/uploads\/2025\/11\/transito-ribeirao-preto_2025-11-05_14-36-27.webp.webp?fit=900%2C893&ssl=1","jetpack-related-posts":[{"id":15725,"url":"https:\/\/noticiasribeiraopreto.com.br\/index.php\/2023\/12\/14\/avenida-independencia-e-campea-de-multas\/","url_meta":{"origin":79666,"position":0},"title":"Avenida Independ\u00eancia \u00e9 campe\u00e3 de multas\u00a0","author":"noticiasribeiraopreto.com.br","date":"14 de December de 2023","format":false,"excerpt":"14 de dezembro de 2023 | 8:3014 de dezembro de 2023 | 8:37 0Desde 15 de maio do ano passado, quando a RP Mobi \u2013 empresa municipal respons\u00e1vel pelo tr\u00e2nsito em Ribeir\u00e3o Preto \u2013 iniciou a fiscaliza\u00e7\u00e3o do primeiro corredor de \u00f4nibus instalado na cidade, e at\u00e9 o final de\u2026","rel":"","context":"In &quot;Not\u00edcias de Ribeir\u00e3o Preto-SP e Regi\u00e3o&quot;","block_context":{"text":"Not\u00edcias de Ribeir\u00e3o Preto-SP e Regi\u00e3o","link":"https:\/\/noticiasribeiraopreto.com.br\/index.php\/category\/noticias-de-ribeirao-preto-sp-e-regiao-ismael-colosi\/"},"img":{"alt_text":"","src":"https:\/\/i0.wp.com\/noticiasribeiraopreto.com.br\/wp-content\/uploads\/2023\/12\/ObraPAC-Bus-Detalhe-Alfredo-Risk-Arquivo-scaled.jpg?fit=967%2C645&ssl=1&resize=350%2C200","width":350,"height":200,"srcset":"https:\/\/i0.wp.com\/noticiasribeiraopreto.com.br\/wp-content\/uploads\/2023\/12\/ObraPAC-Bus-Detalhe-Alfredo-Risk-Arquivo-scaled.jpg?fit=967%2C645&ssl=1&resize=350%2C200 1x, https:\/\/i0.wp.com\/noticiasribeiraopreto.com.br\/wp-content\/uploads\/2023\/12\/ObraPAC-Bus-Detalhe-Alfredo-Risk-Arquivo-scaled.jpg?fit=967%2C645&ssl=1&resize=525%2C300 1.5x, https:\/\/i0.wp.com\/noticiasribeiraopreto.com.br\/wp-content\/uploads\/2023\/12\/ObraPAC-Bus-Detalhe-Alfredo-Risk-Arquivo-scaled.jpg?fit=967%2C645&ssl=1&resize=700%2C400 2x"},"classes":[]},{"id":55344,"url":"https:\/\/noticiasribeiraopreto.com.br\/index.php\/2024\/07\/31\/faixas-de-onibus-em-avenidas-deixam-de-ser-exclusivas-em-ribeirao-preto-nesta-quinta-feira\/","url_meta":{"origin":79666,"position":1},"title":"Faixas de \u00f4nibus em avenidas deixam de ser exclusivas em Ribeir\u00e3o Preto nesta quinta-feira","author":"noticiasribeiraopreto.com.br","date":"31 de July de 2024","format":false,"excerpt":"Come\u00e7a a valer, a partir desta quinta-feira (1), a altera\u00e7\u00e3o em 11 faixas, que seriam exclusivas de \u00f4nibus e, agora, passam a ser liberadas para todos os ve\u00edculos, com prefer\u00eancia ao transporte p\u00fablico coletivo. As modifica\u00e7\u00f5es ser\u00e3o em principais avenidas como Saudade, Dom Pedro I, Presidente Vargas e Brasil. Em\u2026","rel":"","context":"In &quot;Not\u00edcias de Ribeir\u00e3o Preto-SP e Regi\u00e3o&quot;","block_context":{"text":"Not\u00edcias de Ribeir\u00e3o Preto-SP e Regi\u00e3o","link":"https:\/\/noticiasribeiraopreto.com.br\/index.php\/category\/noticias-de-ribeirao-preto-sp-e-regiao-ismael-colosi\/"},"img":{"alt_text":"","src":"https:\/\/i0.wp.com\/noticiasribeiraopreto.com.br\/wp-content\/uploads\/2024\/07\/corredor.jpg?fit=1200%2C673&ssl=1&resize=350%2C200","width":350,"height":200,"srcset":"https:\/\/i0.wp.com\/noticiasribeiraopreto.com.br\/wp-content\/uploads\/2024\/07\/corredor.jpg?fit=1200%2C673&ssl=1&resize=350%2C200 1x, https:\/\/i0.wp.com\/noticiasribeiraopreto.com.br\/wp-content\/uploads\/2024\/07\/corredor.jpg?fit=1200%2C673&ssl=1&resize=525%2C300 1.5x, https:\/\/i0.wp.com\/noticiasribeiraopreto.com.br\/wp-content\/uploads\/2024\/07\/corredor.jpg?fit=1200%2C673&ssl=1&resize=700%2C400 2x, https:\/\/i0.wp.com\/noticiasribeiraopreto.com.br\/wp-content\/uploads\/2024\/07\/corredor.jpg?fit=1200%2C673&ssl=1&resize=1050%2C600 3x"},"classes":[]},{"id":61013,"url":"https:\/\/noticiasribeiraopreto.com.br\/index.php\/2024\/12\/02\/motociclista-morre-apos-colisao-e-ficar-preso-sob-onibus-em-ribeirao-preto\/","url_meta":{"origin":79666,"position":2},"title":"Motociclista Morre Ap\u00f3s Colis\u00e3o e Ficar Preso Sob \u00d4nibus em Ribeir\u00e3o Preto","author":"noticiasribeiraopreto.com.br","date":"2 de December de 2024","format":false,"excerpt":"Um grave acidente de tr\u00e2nsito em Ribeir\u00e3o Preto resultou na morte de um motociclista na manh\u00e3 deste domingo (1\u00ba). O incidente ocorreu na Avenida Presidente Vargas, um dos principais corredores da cidade, e mobilizou equipes de resgate e autoridades de tr\u00e2nsito. Detalhes do acidente De acordo com informa\u00e7\u00f5es preliminares, o\u2026","rel":"","context":"In &quot;Not\u00edcias de Ribeir\u00e3o Preto-SP e Regi\u00e3o&quot;","block_context":{"text":"Not\u00edcias de Ribeir\u00e3o Preto-SP e Regi\u00e3o","link":"https:\/\/noticiasribeiraopreto.com.br\/index.php\/category\/noticias-de-ribeirao-preto-sp-e-regiao-ismael-colosi\/"},"img":{"alt_text":"","src":"https:\/\/i0.wp.com\/noticiasribeiraopreto.com.br\/wp-content\/uploads\/2024\/12\/acidente-onibus-ribeirao_2024-11-30_21-54-20_jpg_2024-11-30_21-54-20.webp.webp?fit=960%2C709&ssl=1&resize=350%2C200","width":350,"height":200,"srcset":"https:\/\/i0.wp.com\/noticiasribeiraopreto.com.br\/wp-content\/uploads\/2024\/12\/acidente-onibus-ribeirao_2024-11-30_21-54-20_jpg_2024-11-30_21-54-20.webp.webp?fit=960%2C709&ssl=1&resize=350%2C200 1x, https:\/\/i0.wp.com\/noticiasribeiraopreto.com.br\/wp-content\/uploads\/2024\/12\/acidente-onibus-ribeirao_2024-11-30_21-54-20_jpg_2024-11-30_21-54-20.webp.webp?fit=960%2C709&ssl=1&resize=525%2C300 1.5x, https:\/\/i0.wp.com\/noticiasribeiraopreto.com.br\/wp-content\/uploads\/2024\/12\/acidente-onibus-ribeirao_2024-11-30_21-54-20_jpg_2024-11-30_21-54-20.webp.webp?fit=960%2C709&ssl=1&resize=700%2C400 2x"},"classes":[]},{"id":71982,"url":"https:\/\/noticiasribeiraopreto.com.br\/index.php\/2025\/06\/12\/adolescente-e-atropelado-por-onibus-em-avenida-de-ribeirao-preto\/","url_meta":{"origin":79666,"position":3},"title":"Adolescente \u00e9 atropelado por \u00f4nibus em avenida de Ribeir\u00e3o Preto","author":"noticiasribeiraopreto.com.br","date":"12 de June de 2025","format":false,"excerpt":"Um adolescente foi atropelado por um \u00f4nibus do transporte p\u00fablico na manh\u00e3 desta quinta-feira (12), na avenida Presidente Vargas, em frente \u00e0 Pra\u00e7a Salvador Spadoni, em Ribeir\u00e3o Preto. Segundo a RP Mobi, a v\u00edtima foi socorrida e a faixa de \u00f4nibus tem interdi\u00e7\u00e3o na pista sentido \u00e0 zona Sul, no\u2026","rel":"","context":"In &quot;Not\u00edcias de Ribeir\u00e3o Preto-SP e Regi\u00e3o&quot;","block_context":{"text":"Not\u00edcias de Ribeir\u00e3o Preto-SP e Regi\u00e3o","link":"https:\/\/noticiasribeiraopreto.com.br\/index.php\/category\/noticias-de-ribeirao-preto-sp-e-regiao-ismael-colosi\/"},"img":{"alt_text":"","src":"https:\/\/i0.wp.com\/noticiasribeiraopreto.com.br\/wp-content\/uploads\/2025\/06\/WhatsApp-Image-2025-06-12-at-08.27.51_2025-06-12_11-36-09.webp.webp?fit=1200%2C675&ssl=1&resize=350%2C200","width":350,"height":200,"srcset":"https:\/\/i0.wp.com\/noticiasribeiraopreto.com.br\/wp-content\/uploads\/2025\/06\/WhatsApp-Image-2025-06-12-at-08.27.51_2025-06-12_11-36-09.webp.webp?fit=1200%2C675&ssl=1&resize=350%2C200 1x, https:\/\/i0.wp.com\/noticiasribeiraopreto.com.br\/wp-content\/uploads\/2025\/06\/WhatsApp-Image-2025-06-12-at-08.27.51_2025-06-12_11-36-09.webp.webp?fit=1200%2C675&ssl=1&resize=525%2C300 1.5x, https:\/\/i0.wp.com\/noticiasribeiraopreto.com.br\/wp-content\/uploads\/2025\/06\/WhatsApp-Image-2025-06-12-at-08.27.51_2025-06-12_11-36-09.webp.webp?fit=1200%2C675&ssl=1&resize=700%2C400 2x, https:\/\/i0.wp.com\/noticiasribeiraopreto.com.br\/wp-content\/uploads\/2025\/06\/WhatsApp-Image-2025-06-12-at-08.27.51_2025-06-12_11-36-09.webp.webp?fit=1200%2C675&ssl=1&resize=1050%2C600 3x"},"classes":[]},{"id":55047,"url":"https:\/\/noticiasribeiraopreto.com.br\/index.php\/2024\/07\/28\/avenidas-de-ribeirao-preto-deixam-de-ter-faixas-exclusivas-de-onibus-nesta-semana-veja-quais\/","url_meta":{"origin":79666,"position":4},"title":"Avenidas de Ribeir\u00e3o Preto deixam de ter faixas exclusivas de \u00f4nibus nesta semana; Veja quais","author":"noticiasribeiraopreto.com.br","date":"28 de July de 2024","format":false,"excerpt":"A partir da pr\u00f3xima quinta-feira (1\u00ba de agosto), 11 faixas exclusivas de \u00f4nibus ser\u00e3o modificadas como faixas preferenciais. Entre as avenidas afetadas, est\u00e3o a Saudade, Dom Pedro I, Presidente Vargas e Brasil. Em comunicado, a RP Mobi informou que a medida foi tomada ap\u00f3s estudos t\u00e9cnicos para adequa\u00e7\u00e3o da nova\u2026","rel":"","context":"In &quot;Not\u00edcias de Ribeir\u00e3o Preto-SP e Regi\u00e3o&quot;","block_context":{"text":"Not\u00edcias de Ribeir\u00e3o Preto-SP e Regi\u00e3o","link":"https:\/\/noticiasribeiraopreto.com.br\/index.php\/category\/noticias-de-ribeirao-preto-sp-e-regiao-ismael-colosi\/"},"img":{"alt_text":"","src":"https:\/\/i0.wp.com\/noticiasribeiraopreto.com.br\/wp-content\/uploads\/2024\/07\/corredor-de-onibus-insta_2024-07-07_15-57-49_jpg_2024-07-07_15-57-49.webp.webp?fit=1200%2C900&ssl=1&resize=350%2C200","width":350,"height":200,"srcset":"https:\/\/i0.wp.com\/noticiasribeiraopreto.com.br\/wp-content\/uploads\/2024\/07\/corredor-de-onibus-insta_2024-07-07_15-57-49_jpg_2024-07-07_15-57-49.webp.webp?fit=1200%2C900&ssl=1&resize=350%2C200 1x, https:\/\/i0.wp.com\/noticiasribeiraopreto.com.br\/wp-content\/uploads\/2024\/07\/corredor-de-onibus-insta_2024-07-07_15-57-49_jpg_2024-07-07_15-57-49.webp.webp?fit=1200%2C900&ssl=1&resize=525%2C300 1.5x, https:\/\/i0.wp.com\/noticiasribeiraopreto.com.br\/wp-content\/uploads\/2024\/07\/corredor-de-onibus-insta_2024-07-07_15-57-49_jpg_2024-07-07_15-57-49.webp.webp?fit=1200%2C900&ssl=1&resize=700%2C400 2x, https:\/\/i0.wp.com\/noticiasribeiraopreto.com.br\/wp-content\/uploads\/2024\/07\/corredor-de-onibus-insta_2024-07-07_15-57-49_jpg_2024-07-07_15-57-49.webp.webp?fit=1200%2C900&ssl=1&resize=1050%2C600 3x"},"classes":[]},{"id":76282,"url":"https:\/\/noticiasribeiraopreto.com.br\/index.php\/2025\/08\/26\/autuacoes-nos-corredores-de-onibus-superam-total-de-2024\/","url_meta":{"origin":79666,"position":5},"title":"Autua\u00e7\u00f5es nos corredores de \u00f4nibus superam total de 2024","author":"noticiasribeiraopreto.com.br","date":"26 de August de 2025","format":false,"excerpt":"26 de agosto de 2025 08:0926 de agosto de 2025 08:081 Compartilhar0 Dados da RP Mobi RP Mobi \u2013 Empresa de Mobilidade Urbana de Ribeir\u00e3o Preto S.A, a antiga Transerp, respons\u00e1vel pelo tr\u00e2nsito e transporte \u2013 revelam que, de janeiro a julho deste ano, 730 motoristas foram autuados por transitar\u2026","rel":"","context":"In &quot;Not\u00edcias de Ribeir\u00e3o Preto-SP e Regi\u00e3o&quot;","block_context":{"text":"Not\u00edcias de Ribeir\u00e3o Preto-SP e Regi\u00e3o","link":"https:\/\/noticiasribeiraopreto.com.br\/index.php\/category\/noticias-de-ribeirao-preto-sp-e-regiao-ismael-colosi\/"},"img":{"alt_text":"","src":"https:\/\/i0.wp.com\/noticiasribeiraopreto.com.br\/wp-content\/uploads\/2025\/08\/OnibusRP-Alfredo-Risk-scaled.jpg?fit=1170%2C780&ssl=1&resize=350%2C200","width":350,"height":200,"srcset":"https:\/\/i0.wp.com\/noticiasribeiraopreto.com.br\/wp-content\/uploads\/2025\/08\/OnibusRP-Alfredo-Risk-scaled.jpg?fit=1170%2C780&ssl=1&resize=350%2C200 1x, https:\/\/i0.wp.com\/noticiasribeiraopreto.com.br\/wp-content\/uploads\/2025\/08\/OnibusRP-Alfredo-Risk-scaled.jpg?fit=1170%2C780&ssl=1&resize=525%2C300 1.5x, https:\/\/i0.wp.com\/noticiasribeiraopreto.com.br\/wp-content\/uploads\/2025\/08\/OnibusRP-Alfredo-Risk-scaled.jpg?fit=1170%2C780&ssl=1&resize=700%2C400 2x, https:\/\/i0.wp.com\/noticiasribeiraopreto.com.br\/wp-content\/uploads\/2025\/08\/OnibusRP-Alfredo-Risk-scaled.jpg?fit=1170%2C780&ssl=1&resize=1050%2C600 3x"},"classes":[]}],"jetpack_sharing_enabled":true,"jetpack_shortlink":"https:\/\/wp.me\/peQAOb-kIW","_links":{"self":[{"href":"https:\/\/noticiasribeiraopreto.com.br\/index.php\/wp-json\/wp\/v2\/posts\/79666","targetHints":{"allow":["GET"]}}],"collection":[{"href":"https:\/\/noticiasribeiraopreto.com.br\/index.php\/wp-json\/wp\/v2\/posts"}],"about":[{"href":"https:\/\/noticiasribeiraopreto.com.br\/index.php\/wp-json\/wp\/v2\/types\/post"}],"author":[{"embeddable":true,"href":"https:\/\/noticiasribeiraopreto.com.br\/index.php\/wp-json\/wp\/v2\/users\/1"}],"replies":[{"embeddable":true,"href":"https:\/\/noticiasribeiraopreto.com.br\/index.php\/wp-json\/wp\/v2\/comments?post=79666"}],"version-history":[{"count":0,"href":"https:\/\/noticiasribeiraopreto.com.br\/index.php\/wp-json\/wp\/v2\/posts\/79666\/revisions"}],"wp:featuredmedia":[{"embeddable":true,"href":"https:\/\/noticiasribeiraopreto.com.br\/index.php\/wp-json\/wp\/v2\/media\/79667"}],"wp:attachment":[{"href":"https:\/\/noticiasribeiraopreto.com.br\/index.php\/wp-json\/wp\/v2\/media?parent=79666"}],"wp:term":[{"taxonomy":"category","embeddable":true,"href":"https:\/\/noticiasribeiraopreto.com.br\/index.php\/wp-json\/wp\/v2\/categories?post=79666"},{"taxonomy":"post_tag","embeddable":true,"href":"https:\/\/noticiasribeiraopreto.com.br\/index.php\/wp-json\/wp\/v2\/tags?post=79666"}],"curies":[{"name":"wp","href":"https:\/\/api.w.org\/{rel}","templated":true}]}}