{"id":79668,"date":"2025-11-05T15:11:57","date_gmt":"2025-11-05T18:11:57","guid":{"rendered":"https:\/\/noticiasribeiraopreto.com.br\/index.php\/2025\/11\/05\/maior-superlua-do-ano-sera-vista-a-partir-desta-noite-saiba-o-melhor-momento-para-observar\/"},"modified":"2025-11-05T15:11:57","modified_gmt":"2025-11-05T18:11:57","slug":"maior-superlua-do-ano-sera-vista-a-partir-desta-noite-saiba-o-melhor-momento-para-observar","status":"publish","type":"post","link":"https:\/\/noticiasribeiraopreto.com.br\/index.php\/2025\/11\/05\/maior-superlua-do-ano-sera-vista-a-partir-desta-noite-saiba-o-melhor-momento-para-observar\/","title":{"rendered":"Maior superlua do ano ser\u00e1 vista a partir desta noite; Saiba o melhor momento para observar"},"content":{"rendered":"<div class='code-block code-block-1' style='margin: 8px 0 8px auto; text-align: right; display: block; clear: both;'>\n<p><a href=\"https:\/\/wa.link\/vpicfd\"><img data-recalc-dims=\"1\" class=\"wp-image-4922\" style=\"aspect-ratio: 2.0253164556962027; width: 561px; height: auto;\" src=\"https:\/\/i0.wp.com\/ismaelcolosi.com.br\/wp-content\/uploads\/2023\/11\/grupo-de-empregos-whatsapp-e-facebook-ismael-colosi-vagas.jpg?ssl=1\" alt=\"\" \/><\/a><\/p>\n<!-- \/wp:image -->\n<\/div>\n<p> <br \/>\n<\/p>\n<div>\n<p>A segunda<strong> superlua<\/strong> de 2025 ser\u00e1 nesta quarta-feira (5) e poder\u00e1 ser vista em todo o Brasil e no exterior. O fen\u00f4meno ocorre quando a lua cheia est\u00e1 a menos de 360 mil quil\u00f4metros da Terra, parecendo maior e mais brilhante do que o normal. A <strong>superlua do Castor<\/strong>, a maior e mais brilhante deste ano, permanecer\u00e1 vis\u00edvel por tr\u00eas dias consecutivos.<\/p>\n<p><mark style=\"background-color:#fcb900\" class=\"has-inline-color has-black-color\">O fen\u00f4meno poder\u00e1 ser observado a olho nu em todo o Brasil, desde que as condi\u00e7\u00f5es meteorol\u00f3gicas sejam favor\u00e1veis.<\/mark> Ele poder\u00e1 ser observado sem a necessidade de telesc\u00f3pios ou equipamentos especiais.<\/p>\n<p>O fen\u00f4meno acontece quando a lua cheia coincide com o perigeu, ponto de sua \u00f3rbita em que est\u00e1 mais pr\u00f3xima da terra. O resultado \u00e9 um sat\u00e9lite cerca de 14% maior e at\u00e9 30% mais brilhante do que o normal.<\/p>\n<p>Embora o termo superlua n\u00e3o seja usado oficialmente por astr\u00f4nomos, ele se popularizou por traduzir de forma simples esse efeito visual que chama a aten\u00e7\u00e3o a cada ocorr\u00eancia.<\/p>\n<h2 class=\"wp-block-heading\"><strong>Hor\u00e1rios<\/strong><\/h2>\n<p>A melhor hora para apreciar o espet\u00e1culo ser\u00e1 logo ap\u00f3s o p\u00f4r do sol.<mark style=\"background-color:#fcb900\" class=\"has-inline-color has-black-color\"> Em S\u00e3o Paulo, o nascer da lua deve ocorrer por volta das 18h45<\/mark>; em Bel\u00e9m, \u00e0s 18h14; e no Recife, \u00e0s 17h28 \u2014 hor\u00e1rios aproximados, que variam conforme a regi\u00e3o e o fuso local.<\/p>\n<p>Para aproveitar o momento, basta procurar um local com boa visibilidade do horizonte e torcer por um c\u00e9u limpo. Nessa condi\u00e7\u00e3o, ser\u00e1 poss\u00edvel observar a lua a olho nu, mais pr\u00f3xima, brilhante e detalhada.<\/p>\n<p>De acordo com a astr\u00f4noma do Observat\u00f3rio Nacional, Josina Nascimento, o termo superlua \u00e9 reconhecido \u201capenas quando ocorre durante a fase cheia, mas sempre que a lua percorre sua \u00f3rbita em torno da terra, completando seu ciclo de fases, em algum momento ela estar\u00e1 no perigeu\u201d.<\/p>\n<p>Um m\u00eas depois, no dia 4 de dezembro, aparecer\u00e1 a terceira e \u00faltima superlua de 2025 (com informa\u00e7\u00f5es <strong>Ag\u00eancia Brasil<\/strong>).<\/p>\n<p>SAIBA MAIS<br \/>Quem \u00e9 o sortudo? Aposta simples de Ribeir\u00e3o Preto ganha R$ 34 mil na Mega-Sena<\/p>\n<h2 class=\"wp-block-heading\"><strong>FIQUE ON<\/strong><\/h2>\n<p>Fique ligado em tudo que acontece em Ribeir\u00e3o Preto e regi\u00e3o. Siga os perfis do<strong>\u00a0acidade on\u00a0<\/strong>no<a href=\"https:\/\/www.instagram.com\/acidadeonribeirao\" target=\"_blank\" rel=\"noreferrer noopener\">\u00a0Instagram\u00a0<\/a>e no\u00a0<a href=\"https:\/\/www.facebook.com\/acidadeonribeirao\/\" target=\"_blank\" rel=\"noreferrer noopener\">Facebook<\/a>.<\/p>\n<p>Receba not\u00edcias do\u00a0<strong>acidade on<\/strong>\u00a0no WhatsApp. Para entrar no grupo,\u00a0basta\u00a0<a href=\"https:\/\/chat.whatsapp.com\/I4nieTEMKlf50pJ28aMemC?mode=ac_t\" target=\"_blank\" rel=\"noreferrer noopener\">clicar aqui<\/a>. Ou, acesse o nosso\u00a0Canal\u00a0<a href=\"https:\/\/whatsapp.com\/channel\/0029Vb6IQl1JENyAeS57fk2p\" target=\"_blank\" rel=\"noreferrer noopener\">clicando aqui<\/a>.<\/p>\n<p>Fa\u00e7a uma den\u00fancia ou sugira uma reportagem sobre Ribeir\u00e3o Preto e regi\u00e3o pelo WhatsApp: 16 99117 7802.<\/p>\n<p>VEJA TAMB\u00c9M<br \/>IBGE: Quais os nomes e sobrenomes mais comuns do Brasil?<\/p>\n<p><!-- AI CONTENT END 1 -->\n<\/div>\n<p><script async src=\"\/\/www.instagram.com\/embed.js\"><\/script><br \/>\n<br \/><br \/>\n<br \/><a href=\"https:\/\/www.acidadeon.com\/ribeiraopreto\/cotidiano\/maior-superlua-do-ano-sera-vista-a-partir-desta-noite-saiba-o-melhor-momento-para-observar\/\">Source link <\/a><\/p>\n<!-- CONTENT END 1 -->\n","protected":false},"excerpt":{"rendered":"<p>A segunda superlua de 2025 ser\u00e1 nesta quarta-feira (5) e poder\u00e1 ser vista em todo o Brasil e no exterior. O fen\u00f4meno ocorre quando a&#8230;<\/p>\n","protected":false},"author":1,"featured_media":79669,"comment_status":"open","ping_status":"open","sticky":false,"template":"","format":"standard","meta":{"advanced_seo_description":"","jetpack_seo_html_title":"","jetpack_seo_noindex":false,"jetpack_post_was_ever_published":false,"_jetpack_newsletter_access":"","_jetpack_dont_email_post_to_subs":false,"_jetpack_newsletter_tier_id":0,"_jetpack_memberships_contains_paywalled_content":false,"_jetpack_memberships_contains_paid_content":false,"footnotes":"","jetpack_publicize_message":"","jetpack_publicize_feature_enabled":true,"jetpack_social_post_already_shared":true,"jetpack_social_options":{"image_generator_settings":{"template":"highway","default_image_id":0,"font":"","enabled":false},"version":2}},"categories":[11],"tags":[],"class_list":["post-79668","post","type-post","status-publish","format-standard","has-post-thumbnail","hentry","category-noticias-de-ribeirao-preto-sp-e-regiao-ismael-colosi"],"jetpack_publicize_connections":[],"jetpack_featured_media_url":"https:\/\/i0.wp.com\/noticiasribeiraopreto.com.br\/wp-content\/uploads\/2025\/11\/superlua_2025-11-05_14-21-24.webp.webp?fit=1170%2C700&ssl=1","jetpack-related-posts":[{"id":60491,"url":"https:\/\/noticiasribeiraopreto.com.br\/index.php\/2024\/11\/15\/tudo-sobre-a-ultima-superlua-do-ano-fenomeno-acontece-nesta-sexta-feira\/","url_meta":{"origin":79668,"position":0},"title":"Tudo sobre a \u00faltima superlua do ano; fen\u00f4meno acontece nesta sexta-feira","author":"noticiasribeiraopreto.com.br","date":"15 de November de 2024","format":false,"excerpt":"A \u00faltima superlua cheia do anos poder\u00e1 ser vista na noite desta sexta-feira (15). Isso quer dizer que a lua cheia estar\u00e1 maior e mais brilhante, pois estar\u00e1 perto de seu perigeu, o ponto mais pr\u00f3ximo da Terra em sua \u00f3rbita. De acordo com o Observat\u00f3rio Nacional, o momento exato\u2026","rel":"","context":"In &quot;Not\u00edcias de Ribeir\u00e3o Preto-SP e Regi\u00e3o&quot;","block_context":{"text":"Not\u00edcias de Ribeir\u00e3o Preto-SP e Regi\u00e3o","link":"https:\/\/noticiasribeiraopreto.com.br\/index.php\/category\/noticias-de-ribeirao-preto-sp-e-regiao-ismael-colosi\/"},"img":{"alt_text":"","src":"https:\/\/i0.wp.com\/noticiasribeiraopreto.com.br\/wp-content\/uploads\/2024\/11\/superlua_2024-11-15_13-21-10_jpg_2024-11-15_13-21-10.webp.webp?fit=1200%2C600&ssl=1&resize=350%2C200","width":350,"height":200,"srcset":"https:\/\/i0.wp.com\/noticiasribeiraopreto.com.br\/wp-content\/uploads\/2024\/11\/superlua_2024-11-15_13-21-10_jpg_2024-11-15_13-21-10.webp.webp?fit=1200%2C600&ssl=1&resize=350%2C200 1x, https:\/\/i0.wp.com\/noticiasribeiraopreto.com.br\/wp-content\/uploads\/2024\/11\/superlua_2024-11-15_13-21-10_jpg_2024-11-15_13-21-10.webp.webp?fit=1200%2C600&ssl=1&resize=525%2C300 1.5x, https:\/\/i0.wp.com\/noticiasribeiraopreto.com.br\/wp-content\/uploads\/2024\/11\/superlua_2024-11-15_13-21-10_jpg_2024-11-15_13-21-10.webp.webp?fit=1200%2C600&ssl=1&resize=700%2C400 2x, https:\/\/i0.wp.com\/noticiasribeiraopreto.com.br\/wp-content\/uploads\/2024\/11\/superlua_2024-11-15_13-21-10_jpg_2024-11-15_13-21-10.webp.webp?fit=1200%2C600&ssl=1&resize=1050%2C600 3x"},"classes":[]},{"id":57485,"url":"https:\/\/noticiasribeiraopreto.com.br\/index.php\/2024\/09\/02\/veja-quando-e-o-proximo-eclipse-parcial-da-lua-fenomeno-sera-visivel-do-brasil\/","url_meta":{"origin":79668,"position":1},"title":"Veja quando \u00e9 o pr\u00f3ximo eclipse parcial da Lua; fen\u00f4meno ser\u00e1 vis\u00edvel do Brasil","author":"noticiasribeiraopreto.com.br","date":"2 de September de 2024","format":false,"excerpt":"Os meses de setembro e de outubro deste ano ter\u00e3o dois fen\u00f4menos astron\u00f4micos de destaque, segundo o guia Efem\u00e9rides Astron\u00f4micas 2024 do Observat\u00f3rio do Valongo, da UFRJ (Universidade Federal do Rio de Janeiro): o eclipse parcial da Lua e o \u201ccometa do s\u00e9culo\u201d. O observat\u00f3rio informa que o eclipse parcial\u2026","rel":"","context":"In &quot;Not\u00edcias de Ribeir\u00e3o Preto-SP e Regi\u00e3o&quot;","block_context":{"text":"Not\u00edcias de Ribeir\u00e3o Preto-SP e Regi\u00e3o","link":"https:\/\/noticiasribeiraopreto.com.br\/index.php\/category\/noticias-de-ribeirao-preto-sp-e-regiao-ismael-colosi\/"},"img":{"alt_text":"","src":"https:\/\/i0.wp.com\/noticiasribeiraopreto.com.br\/wp-content\/uploads\/2024\/09\/eclipse-lunar_2024-09-02_18-58-42_jpg_2024-09-02_18-58-42.webp.webp?fit=1170%2C700&ssl=1&resize=350%2C200","width":350,"height":200,"srcset":"https:\/\/i0.wp.com\/noticiasribeiraopreto.com.br\/wp-content\/uploads\/2024\/09\/eclipse-lunar_2024-09-02_18-58-42_jpg_2024-09-02_18-58-42.webp.webp?fit=1170%2C700&ssl=1&resize=350%2C200 1x, https:\/\/i0.wp.com\/noticiasribeiraopreto.com.br\/wp-content\/uploads\/2024\/09\/eclipse-lunar_2024-09-02_18-58-42_jpg_2024-09-02_18-58-42.webp.webp?fit=1170%2C700&ssl=1&resize=525%2C300 1.5x, https:\/\/i0.wp.com\/noticiasribeiraopreto.com.br\/wp-content\/uploads\/2024\/09\/eclipse-lunar_2024-09-02_18-58-42_jpg_2024-09-02_18-58-42.webp.webp?fit=1170%2C700&ssl=1&resize=700%2C400 2x, https:\/\/i0.wp.com\/noticiasribeiraopreto.com.br\/wp-content\/uploads\/2024\/09\/eclipse-lunar_2024-09-02_18-58-42_jpg_2024-09-02_18-58-42.webp.webp?fit=1170%2C700&ssl=1&resize=1050%2C600 3x"},"classes":[]},{"id":71856,"url":"https:\/\/noticiasribeiraopreto.com.br\/index.php\/2025\/06\/10\/jornal-da-franca-madrugada-desta-quarta-dia-11-sera-palco-de-evento-lunar-que-nao-ocorre-ha-anos\/","url_meta":{"origin":79668,"position":2},"title":"Jornal da Franca &#8211; Madrugada desta quarta (dia 11) ser\u00e1 palco de evento lunar que n\u00e3o ocorre h\u00e1 anos","author":"noticiasribeiraopreto.com.br","date":"10 de June de 2025","format":false,"excerpt":"compartilhar no whatsapp compartilhar no telegram compartilhar no facebook compartilhar no linkedin O evento de 2025 representa uma oportunidade rara para observar de perto a intera\u00e7\u00e3o entre diferentes fen\u00f4menos astron\u00f4micos Na madrugada de 11 de junho de 2025\u00a0o c\u00e9u ser\u00e1 palco de um fen\u00f4meno astron\u00f4mico raro e aguardado: a lua\u2026","rel":"","context":"In &quot;Not\u00edcias de Franca-SP&quot;","block_context":{"text":"Not\u00edcias de Franca-SP","link":"https:\/\/noticiasribeiraopreto.com.br\/index.php\/category\/noticias-de-ribeirao-preto-sp-e-regiao-ismael-colosi\/noticias-franca-sp\/"},"img":{"alt_text":"","src":"https:\/\/i0.wp.com\/noticiasribeiraopreto.com.br\/wp-content\/uploads\/2025\/06\/29392.jpg?fit=1000%2C667&ssl=1&resize=350%2C200","width":350,"height":200,"srcset":"https:\/\/i0.wp.com\/noticiasribeiraopreto.com.br\/wp-content\/uploads\/2025\/06\/29392.jpg?fit=1000%2C667&ssl=1&resize=350%2C200 1x, https:\/\/i0.wp.com\/noticiasribeiraopreto.com.br\/wp-content\/uploads\/2025\/06\/29392.jpg?fit=1000%2C667&ssl=1&resize=525%2C300 1.5x, https:\/\/i0.wp.com\/noticiasribeiraopreto.com.br\/wp-content\/uploads\/2025\/06\/29392.jpg?fit=1000%2C667&ssl=1&resize=700%2C400 2x"},"classes":[]},{"id":67389,"url":"https:\/\/noticiasribeiraopreto.com.br\/index.php\/2025\/04\/13\/jornal-da-franca-microlua-rosa-fenomeno-sera-neste-domingo-13-prepare-o-relogio-e-programe-se\/","url_meta":{"origin":79668,"position":3},"title":"Jornal da Franca &#8211; Microlua rosa: fen\u00f4meno ser\u00e1 neste domingo (13): prepare o rel\u00f3gio e programe-se","author":"noticiasribeiraopreto.com.br","date":"13 de April de 2025","format":false,"excerpt":"compartilhar no whatsapp compartilhar no telegram compartilhar no facebook compartilhar no linkedin De acordo com c\u00e1lculos des especialistas do guia de observa\u00e7\u00e3o astron\u00f4mica, no Brasil ela poder\u00e1 ser vista das 18h30 \u00e0s 19h48 deste domingo. Prepare o rel\u00f3gio e programe-se. Neste domingo (13\/04), \u00e9 dia de admirar o c\u00e9u. Um\u2026","rel":"","context":"In &quot;Not\u00edcias de Franca-SP&quot;","block_context":{"text":"Not\u00edcias de Franca-SP","link":"https:\/\/noticiasribeiraopreto.com.br\/index.php\/category\/noticias-de-ribeirao-preto-sp-e-regiao-ismael-colosi\/noticias-franca-sp\/"},"img":{"alt_text":"","src":"https:\/\/i0.wp.com\/noticiasribeiraopreto.com.br\/wp-content\/uploads\/2025\/04\/a1b88629-3cbb-4433-90a2-e23d32ea6640.jpg?fit=1200%2C800&ssl=1&resize=350%2C200","width":350,"height":200,"srcset":"https:\/\/i0.wp.com\/noticiasribeiraopreto.com.br\/wp-content\/uploads\/2025\/04\/a1b88629-3cbb-4433-90a2-e23d32ea6640.jpg?fit=1200%2C800&ssl=1&resize=350%2C200 1x, https:\/\/i0.wp.com\/noticiasribeiraopreto.com.br\/wp-content\/uploads\/2025\/04\/a1b88629-3cbb-4433-90a2-e23d32ea6640.jpg?fit=1200%2C800&ssl=1&resize=525%2C300 1.5x, https:\/\/i0.wp.com\/noticiasribeiraopreto.com.br\/wp-content\/uploads\/2025\/04\/a1b88629-3cbb-4433-90a2-e23d32ea6640.jpg?fit=1200%2C800&ssl=1&resize=700%2C400 2x, https:\/\/i0.wp.com\/noticiasribeiraopreto.com.br\/wp-content\/uploads\/2025\/04\/a1b88629-3cbb-4433-90a2-e23d32ea6640.jpg?fit=1200%2C800&ssl=1&resize=1050%2C600 3x"},"classes":[]},{"id":66106,"url":"https:\/\/noticiasribeiraopreto.com.br\/index.php\/2025\/03\/27\/jornal-da-franca-tem-eclipse-solar-parcial-neste-sabado-29-mas-so-podera-ser-visto-pela-internet\/","url_meta":{"origin":79668,"position":4},"title":"Jornal da Franca &#8211; Tem eclipse solar parcial neste s\u00e1bado (29), mas s\u00f3 poder\u00e1 ser visto pela Internet","author":"noticiasribeiraopreto.com.br","date":"27 de March de 2025","format":false,"excerpt":"compartilhar no whatsapp compartilhar no telegram compartilhar no facebook compartilhar no linkedin Neste s\u00e1bado, 29, ocorre o Eclipse Solar Parcial, podendo ser acompanhado via internet, uma vez que n\u00e3o ser\u00e1 observado no Brasil O eclipse parcial solar do pr\u00f3ximo s\u00e1bado s\u00f3 poder\u00e1 ser visto no Brasil pela internet(Foto: Prof. Marcos\u2026","rel":"","context":"In &quot;Not\u00edcias de Franca-SP&quot;","block_context":{"text":"Not\u00edcias de Franca-SP","link":"https:\/\/noticiasribeiraopreto.com.br\/index.php\/category\/noticias-de-ribeirao-preto-sp-e-regiao-ismael-colosi\/noticias-franca-sp\/"},"img":{"alt_text":"","src":"https:\/\/i0.wp.com\/noticiasribeiraopreto.com.br\/wp-content\/uploads\/2025\/03\/Eclipse-Solar-Parcial-Foto-Calil.jpg?fit=643%2C473&ssl=1&resize=350%2C200","width":350,"height":200,"srcset":"https:\/\/i0.wp.com\/noticiasribeiraopreto.com.br\/wp-content\/uploads\/2025\/03\/Eclipse-Solar-Parcial-Foto-Calil.jpg?fit=643%2C473&ssl=1&resize=350%2C200 1x, https:\/\/i0.wp.com\/noticiasribeiraopreto.com.br\/wp-content\/uploads\/2025\/03\/Eclipse-Solar-Parcial-Foto-Calil.jpg?fit=643%2C473&ssl=1&resize=525%2C300 1.5x"},"classes":[]},{"id":82889,"url":"https:\/\/noticiasribeiraopreto.com.br\/index.php\/2026\/03\/02\/lua-de-sangue-sera-nesta-semana-saiba-onde-vai-ser-possivel-acompanhar-melhor-o-espetaculo\/","url_meta":{"origin":79668,"position":5},"title":"Lua de sangue ser\u00e1 nesta semana; Saiba onde vai ser poss\u00edvel acompanhar melhor o espet\u00e1culo","author":"noticiasribeiraopreto.com.br","date":"2 de March de 2026","format":false,"excerpt":"Um novo eclipse lunar est\u00e1 previsto para acontecer na pr\u00f3xima ter\u00e7a-feira (3). Desta vez, por\u00e9m, o Brasil n\u00e3o estar\u00e1 na melhor posi\u00e7\u00e3o geogr\u00e1fica para acompanhar o espet\u00e1culo completo da chamada Lua de sangue. O fen\u00f4meno ocorre quando h\u00e1 um alinhamento preciso entre Sol, Terra e Lua. O astr\u00f4nomo Thiago Signorini\u2026","rel":"","context":"In &quot;Not\u00edcias de Ribeir\u00e3o Preto-SP e Regi\u00e3o&quot;","block_context":{"text":"Not\u00edcias de Ribeir\u00e3o Preto-SP e Regi\u00e3o","link":"https:\/\/noticiasribeiraopreto.com.br\/index.php\/category\/noticias-de-ribeirao-preto-sp-e-regiao-ismael-colosi\/"},"img":{"alt_text":"","src":"https:\/\/i0.wp.com\/noticiasribeiraopreto.com.br\/wp-content\/uploads\/2026\/03\/lua-de-sangue_2026-03-01_16-33-43.webp.webp?fit=1200%2C671&ssl=1&resize=350%2C200","width":350,"height":200,"srcset":"https:\/\/i0.wp.com\/noticiasribeiraopreto.com.br\/wp-content\/uploads\/2026\/03\/lua-de-sangue_2026-03-01_16-33-43.webp.webp?fit=1200%2C671&ssl=1&resize=350%2C200 1x, https:\/\/i0.wp.com\/noticiasribeiraopreto.com.br\/wp-content\/uploads\/2026\/03\/lua-de-sangue_2026-03-01_16-33-43.webp.webp?fit=1200%2C671&ssl=1&resize=525%2C300 1.5x, https:\/\/i0.wp.com\/noticiasribeiraopreto.com.br\/wp-content\/uploads\/2026\/03\/lua-de-sangue_2026-03-01_16-33-43.webp.webp?fit=1200%2C671&ssl=1&resize=700%2C400 2x, https:\/\/i0.wp.com\/noticiasribeiraopreto.com.br\/wp-content\/uploads\/2026\/03\/lua-de-sangue_2026-03-01_16-33-43.webp.webp?fit=1200%2C671&ssl=1&resize=1050%2C600 3x"},"classes":[]}],"jetpack_sharing_enabled":true,"jetpack_shortlink":"https:\/\/wp.me\/peQAOb-kIY","_links":{"self":[{"href":"https:\/\/noticiasribeiraopreto.com.br\/index.php\/wp-json\/wp\/v2\/posts\/79668","targetHints":{"allow":["GET"]}}],"collection":[{"href":"https:\/\/noticiasribeiraopreto.com.br\/index.php\/wp-json\/wp\/v2\/posts"}],"about":[{"href":"https:\/\/noticiasribeiraopreto.com.br\/index.php\/wp-json\/wp\/v2\/types\/post"}],"author":[{"embeddable":true,"href":"https:\/\/noticiasribeiraopreto.com.br\/index.php\/wp-json\/wp\/v2\/users\/1"}],"replies":[{"embeddable":true,"href":"https:\/\/noticiasribeiraopreto.com.br\/index.php\/wp-json\/wp\/v2\/comments?post=79668"}],"version-history":[{"count":0,"href":"https:\/\/noticiasribeiraopreto.com.br\/index.php\/wp-json\/wp\/v2\/posts\/79668\/revisions"}],"wp:featuredmedia":[{"embeddable":true,"href":"https:\/\/noticiasribeiraopreto.com.br\/index.php\/wp-json\/wp\/v2\/media\/79669"}],"wp:attachment":[{"href":"https:\/\/noticiasribeiraopreto.com.br\/index.php\/wp-json\/wp\/v2\/media?parent=79668"}],"wp:term":[{"taxonomy":"category","embeddable":true,"href":"https:\/\/noticiasribeiraopreto.com.br\/index.php\/wp-json\/wp\/v2\/categories?post=79668"},{"taxonomy":"post_tag","embeddable":true,"href":"https:\/\/noticiasribeiraopreto.com.br\/index.php\/wp-json\/wp\/v2\/tags?post=79668"}],"curies":[{"name":"wp","href":"https:\/\/api.w.org\/{rel}","templated":true}]}}