{"id":79670,"date":"2025-11-05T17:33:33","date_gmt":"2025-11-05T20:33:33","guid":{"rendered":"https:\/\/noticiasribeiraopreto.com.br\/index.php\/2025\/11\/05\/ribeirao-preto-recebe-temporada-de-espetaculo-de-danca-ainda-este-mes\/"},"modified":"2025-11-05T17:33:33","modified_gmt":"2025-11-05T20:33:33","slug":"ribeirao-preto-recebe-temporada-de-espetaculo-de-danca-ainda-este-mes","status":"publish","type":"post","link":"https:\/\/noticiasribeiraopreto.com.br\/index.php\/2025\/11\/05\/ribeirao-preto-recebe-temporada-de-espetaculo-de-danca-ainda-este-mes\/","title":{"rendered":"Ribeir\u00e3o Preto recebe temporada de espet\u00e1culo de dan\u00e7a ainda este m\u00eas"},"content":{"rendered":"<div class='code-block code-block-1' style='margin: 8px 0 8px auto; text-align: right; display: block; clear: both;'>\n<p><a href=\"https:\/\/wa.link\/vpicfd\"><img data-recalc-dims=\"1\" class=\"wp-image-4922\" style=\"aspect-ratio: 2.0253164556962027; width: 561px; height: auto;\" src=\"https:\/\/i0.wp.com\/ismaelcolosi.com.br\/wp-content\/uploads\/2023\/11\/grupo-de-empregos-whatsapp-e-facebook-ismael-colosi-vagas.jpg?ssl=1\" alt=\"\" \/><\/a><\/p>\n<!-- \/wp:image -->\n<\/div>\n<p> <br \/>\n<\/p>\n<div>\n<p>Entre os dias <strong>10 a 16 de novembro<\/strong>, <strong>Ribeir\u00e3o Preto<\/strong> recebe o espet\u00e1culo solo de dan\u00e7a \u201c<strong>Origin\u00e1rio<\/strong>\u201d, com apresenta\u00e7\u00f5es gratuitas em escolas e outras abertas \u00e0 comunidade. A circula\u00e7\u00e3o conta com a presen\u00e7a do artista<strong> Lu\u00eds Silva <\/strong>e oficina de dan\u00e7a.<\/p>\n<p>O espet\u00e1culo simboliza a jornada de integra\u00e7\u00e3o na sociedade, a reconex\u00e3o com as origens e o enraizamento das identidades. <\/p>\n<h2 class=\"wp-block-heading\"><strong>Apresenta\u00e7\u00f5es<\/strong><\/h2>\n<p>Em Ribeir\u00e3o Preto, as primeiras quatro apresenta\u00e7\u00f5es acontecer\u00e3o nos dias <strong>10<\/strong>, <strong>11, 13 e 14 de novembro <\/strong>com sess\u00f5es nas escolas <strong>EMEF Prof. Honorato De Lucca<\/strong>, <strong>EMEF Sebasti\u00e3o de Aguiar Azevedo II<\/strong>\u00a0 e no Teatro do Campus da USP, respectivamente.<\/p>\n<p>J\u00e1 \u00e0s sess\u00f5es abertas a comunidades acontecer\u00e3o nos dias <strong>14 de novembro, \u00e0s 20h, 15 de novembro, \u00e0s 19h e 16 de novembro, \u00e0s 16h, no Teatro Campus USP. <\/strong>Os ingressos podem ser retirados no <strong>Sympla <a href=\"https:\/\/www.sympla.com.br\/evento\/espetaculo-originario-em-ribeirao-preto\/3156018\" target=\"_blank\" rel=\"noopener\">(clique aqui)<\/a><\/strong>. <\/p>\n<h2 class=\"wp-block-heading\"><strong>Oficina<\/strong><\/h2>\n<p>A programa\u00e7\u00e3o ainda contar\u00e1 com uma oficina ministrada pela diretora de movimento e dan\u00e7arina <strong>Miriam Meirelles<\/strong>, no dia <strong>12 de novembro,<\/strong> \u00e0s <strong>19h30<\/strong>, no <strong>Centro Cultural Palace<\/strong>. A atividade prop\u00f5e uma experimenta\u00e7\u00e3o das corporeidades das dan\u00e7as afrocubanas em di\u00e1logo com os conhecimentos e a mem\u00f3ria corporal de cada participante.<\/p>\n<p>A inscri\u00e7\u00e3o para a oficina \u00e9 <strong>gratuita<\/strong>, pode ser realizada no <strong>Sympla<a href=\"https:\/\/www.sympla.com.br\/evento\/oficina-de-danca-afro-cubana--projeto-originario\/3176200\" target=\"_blank\" rel=\"noopener\"> (clique aqui) <\/a><\/strong>e a <mark style=\"background-color:#fcb900\" class=\"has-inline-color\">classifica\u00e7\u00e3o indicativa \u00e9 de sete anos.<\/mark><\/p>\n<h2 class=\"wp-block-heading\"><strong>Sess\u00f5es para toda a comunidade<\/strong><\/h2>\n<p>Local: Teatro do Campus da USP<br \/>Capacidade: 334 lugares<br \/>Dia 14\/11\/25 \u00e0s 20h30<br \/>Dia 15\/11\/25 \u00e0s 19h<br \/>Dia 16\/11\/25 \u00e0s 16h<br \/>Ingressos: Entrada gratuita<\/p>\n<p>SAIBA MAIS<br \/>Natal 2025: confira quando os shoppings de Ribeir\u00e3o recebem o Papai Noel<\/p>\n<h2 class=\"wp-block-heading\"><strong>FIQUE ON<\/strong><\/h2>\n<p>Fique ligado em tudo que acontece em Ribeir\u00e3o Preto e regi\u00e3o. Siga os perfis do\u00a0<strong>acidade on<\/strong>\u00a0no<a href=\"https:\/\/www.instagram.com\/acidadeonribeirao\" target=\"_blank\" rel=\"noreferrer noopener\">\u00a0Instagram\u00a0<\/a>e no\u00a0<a href=\"https:\/\/www.facebook.com\/acidadeonribeirao\/\" target=\"_blank\" rel=\"noreferrer noopener\">Facebook<\/a>.<\/p>\n<p>Receba not\u00edcias do<strong>\u00a0acidade on<\/strong>\u00a0no WhatsApp. Para entrar no grupo,\u00a0basta\u00a0<a href=\"https:\/\/chat.whatsapp.com\/I4nieTEMKlf50pJ28aMemC?mode=ac_t\" target=\"_blank\" rel=\"noreferrer noopener\">clicar aqui<\/a>. Ou, acesse o nosso\u00a0Canal\u00a0<a href=\"https:\/\/whatsapp.com\/channel\/0029Vb6IQl1JENyAeS57fk2p\" target=\"_blank\" rel=\"noreferrer noopener\">clicando aqui<\/a>.<\/p>\n<p>Fa\u00e7a uma den\u00fancia ou sugira uma reportagem sobre Ribeir\u00e3o Preto e regi\u00e3o pelo WhatsApp: 16 99117 7802.<\/p>\n<p>VEJA TAMB\u00c9M<br \/>Como conseguir Big Mac gr\u00e1tis?<\/p>\n<p><!-- AI CONTENT END 1 -->\n<\/div>\n<p><script async src=\"\/\/www.instagram.com\/embed.js\"><\/script><br \/>\n<br \/><br \/>\n<br \/><a href=\"https:\/\/www.acidadeon.com\/ribeiraopreto\/lazer-e-cultura\/ribeirao-preto-recebe-temporada-de-espetaculo-de-danca-ainda-este-mes\/\">Source link <\/a><\/p>\n<!-- CONTENT END 1 -->\n","protected":false},"excerpt":{"rendered":"<p>Entre os dias 10 a 16 de novembro, Ribeir\u00e3o Preto recebe o espet\u00e1culo solo de dan\u00e7a \u201cOrigin\u00e1rio\u201d, com apresenta\u00e7\u00f5es gratuitas em escolas e outras abertas&#8230;<\/p>\n","protected":false},"author":1,"featured_media":79671,"comment_status":"open","ping_status":"open","sticky":false,"template":"","format":"standard","meta":{"advanced_seo_description":"","jetpack_seo_html_title":"","jetpack_seo_noindex":false,"jetpack_post_was_ever_published":false,"_jetpack_newsletter_access":"","_jetpack_dont_email_post_to_subs":false,"_jetpack_newsletter_tier_id":0,"_jetpack_memberships_contains_paywalled_content":false,"_jetpack_memberships_contains_paid_content":false,"footnotes":"","jetpack_publicize_message":"","jetpack_publicize_feature_enabled":true,"jetpack_social_post_already_shared":true,"jetpack_social_options":{"image_generator_settings":{"template":"highway","default_image_id":0,"font":"","enabled":false},"version":2}},"categories":[11],"tags":[],"class_list":["post-79670","post","type-post","status-publish","format-standard","has-post-thumbnail","hentry","category-noticias-de-ribeirao-preto-sp-e-regiao-ismael-colosi"],"jetpack_publicize_connections":[],"jetpack_featured_media_url":"https:\/\/i0.wp.com\/noticiasribeiraopreto.com.br\/wp-content\/uploads\/2025\/11\/Foto-Ana-Leopoldino_2025-11-05_14-17-09.webp.webp?fit=1200%2C800&ssl=1","jetpack-related-posts":[{"id":79474,"url":"https:\/\/noticiasribeiraopreto.com.br\/index.php\/2025\/11\/02\/espetaculo-originario-traz-danca-ancestralidade-e-reflexao-a-rp\/","url_meta":{"origin":79670,"position":0},"title":"Espet\u00e1culo \u201cOrigin\u00e1rio\u201d traz dan\u00e7a, ancestralidade e reflex\u00e3o a RP","author":"noticiasribeiraopreto.com.br","date":"2 de November de 2025","format":false,"excerpt":"2 de novembro de 2025 12:001 de novembro de 2025 14:5413 Compartilhar0 Entre os dias 10 e 16 de novembro, Ribeir\u00e3o Preto recebe o espet\u00e1culo \u201cOrigin\u00e1rio\u201d, solo de dan\u00e7a do artista Lu\u00eds Silva, que prop\u00f5e uma imers\u00e3o em temas como ancestralidade, mem\u00f3ria e identidade. As apresenta\u00e7\u00f5es acontecem em escolas e\u2026","rel":"","context":"In &quot;Not\u00edcias de Ribeir\u00e3o Preto-SP e Regi\u00e3o&quot;","block_context":{"text":"Not\u00edcias de Ribeir\u00e3o Preto-SP e Regi\u00e3o","link":"https:\/\/noticiasribeiraopreto.com.br\/index.php\/category\/noticias-de-ribeirao-preto-sp-e-regiao-ismael-colosi\/"},"img":{"alt_text":"","src":"https:\/\/i0.wp.com\/noticiasribeiraopreto.com.br\/wp-content\/uploads\/2025\/11\/1-originario-Foto-Ana-Leopoldino-1-scaled.jpg?fit=1170%2C780&ssl=1&resize=350%2C200","width":350,"height":200,"srcset":"https:\/\/i0.wp.com\/noticiasribeiraopreto.com.br\/wp-content\/uploads\/2025\/11\/1-originario-Foto-Ana-Leopoldino-1-scaled.jpg?fit=1170%2C780&ssl=1&resize=350%2C200 1x, https:\/\/i0.wp.com\/noticiasribeiraopreto.com.br\/wp-content\/uploads\/2025\/11\/1-originario-Foto-Ana-Leopoldino-1-scaled.jpg?fit=1170%2C780&ssl=1&resize=525%2C300 1.5x, https:\/\/i0.wp.com\/noticiasribeiraopreto.com.br\/wp-content\/uploads\/2025\/11\/1-originario-Foto-Ana-Leopoldino-1-scaled.jpg?fit=1170%2C780&ssl=1&resize=700%2C400 2x, https:\/\/i0.wp.com\/noticiasribeiraopreto.com.br\/wp-content\/uploads\/2025\/11\/1-originario-Foto-Ana-Leopoldino-1-scaled.jpg?fit=1170%2C780&ssl=1&resize=1050%2C600 3x"},"classes":[]},{"id":59746,"url":"https:\/\/noticiasribeiraopreto.com.br\/index.php\/2024\/10\/29\/ribeirao-preto-recebe-espetaculo-gratuito-de-palhacaria-confira\/","url_meta":{"origin":79670,"position":1},"title":"Ribeir\u00e3o Preto recebe espet\u00e1culo gratuito de palha\u00e7aria; Confira","author":"noticiasribeiraopreto.com.br","date":"29 de October de 2024","format":false,"excerpt":"Entre os dias 31 de outubro e 14 de novembro a Atua Companhia de Teatro (Atuacia) de Ribeir\u00e3o Preto faz dez apresenta\u00e7\u00f5es abertas e gratuitas do espet\u00e1culo Palha\u00e7a Sola. As sess\u00f5es acontecem em cinco espa\u00e7os diferentes. O espet\u00e1culo c\u00f4mico \u00e9 protagonizado pela atriz Cinthia Vendruscolo e destaca a condi\u00e7\u00e3o feminina\u2026","rel":"","context":"In &quot;Not\u00edcias de Ribeir\u00e3o Preto-SP e Regi\u00e3o&quot;","block_context":{"text":"Not\u00edcias de Ribeir\u00e3o Preto-SP e Regi\u00e3o","link":"https:\/\/noticiasribeiraopreto.com.br\/index.php\/category\/noticias-de-ribeirao-preto-sp-e-regiao-ismael-colosi\/"},"img":{"alt_text":"","src":"https:\/\/i0.wp.com\/noticiasribeiraopreto.com.br\/wp-content\/uploads\/2024\/10\/Copia-de-Copia-de-Copia-de-TAMANHO-EXATO-PARA-FOTOS-NO-SISTEMA-NOVO-24_2024-10-29_13-11-39_jpg_2024-10-29_13-11-39.webp.webp?fit=1200%2C675&ssl=1&resize=350%2C200","width":350,"height":200,"srcset":"https:\/\/i0.wp.com\/noticiasribeiraopreto.com.br\/wp-content\/uploads\/2024\/10\/Copia-de-Copia-de-Copia-de-TAMANHO-EXATO-PARA-FOTOS-NO-SISTEMA-NOVO-24_2024-10-29_13-11-39_jpg_2024-10-29_13-11-39.webp.webp?fit=1200%2C675&ssl=1&resize=350%2C200 1x, https:\/\/i0.wp.com\/noticiasribeiraopreto.com.br\/wp-content\/uploads\/2024\/10\/Copia-de-Copia-de-Copia-de-TAMANHO-EXATO-PARA-FOTOS-NO-SISTEMA-NOVO-24_2024-10-29_13-11-39_jpg_2024-10-29_13-11-39.webp.webp?fit=1200%2C675&ssl=1&resize=525%2C300 1.5x, https:\/\/i0.wp.com\/noticiasribeiraopreto.com.br\/wp-content\/uploads\/2024\/10\/Copia-de-Copia-de-Copia-de-TAMANHO-EXATO-PARA-FOTOS-NO-SISTEMA-NOVO-24_2024-10-29_13-11-39_jpg_2024-10-29_13-11-39.webp.webp?fit=1200%2C675&ssl=1&resize=700%2C400 2x, https:\/\/i0.wp.com\/noticiasribeiraopreto.com.br\/wp-content\/uploads\/2024\/10\/Copia-de-Copia-de-Copia-de-TAMANHO-EXATO-PARA-FOTOS-NO-SISTEMA-NOVO-24_2024-10-29_13-11-39_jpg_2024-10-29_13-11-39.webp.webp?fit=1200%2C675&ssl=1&resize=1050%2C600 3x"},"classes":[]},{"id":43070,"url":"https:\/\/noticiasribeiraopreto.com.br\/index.php\/2024\/03\/19\/espetaculo-reciclown-circus-e-atracao-no-teatro-municipal\/","url_meta":{"origin":79670,"position":2},"title":"Espet\u00e1culo Reciclown Circus \u00e9 atra\u00e7\u00e3o no Teatro Municipal","author":"noticiasribeiraopreto.com.br","date":"19 de March de 2024","format":false,"excerpt":"Nos dias 19, 20 e 21 de mar\u00e7o, a Cia Raros Circo e Teatro apresenta o espet\u00e1culo Reciclown Circus no Teatro Municipal, em duas sess\u00f5es di\u00e1rias, \u00e0s 9h e \u00e0s 14h. Os espet\u00e1culos s\u00e3o abertos e gratuitos e voltados a estudantes \u2013 a maioria de escolas das redes municipal e\u2026","rel":"","context":"In &quot;Not\u00edcias de Ribeir\u00e3o Preto-SP e Regi\u00e3o&quot;","block_context":{"text":"Not\u00edcias de Ribeir\u00e3o Preto-SP e Regi\u00e3o","link":"https:\/\/noticiasribeiraopreto.com.br\/index.php\/category\/noticias-de-ribeirao-preto-sp-e-regiao-ismael-colosi\/"},"img":{"alt_text":"","src":"https:\/\/i0.wp.com\/noticiasribeiraopreto.com.br\/wp-content\/uploads\/2024\/03\/08112023reciclown-circus-icms-escolas-2023_brodowski-30-scaled.jpg?fit=967%2C645&ssl=1&resize=350%2C200","width":350,"height":200,"srcset":"https:\/\/i0.wp.com\/noticiasribeiraopreto.com.br\/wp-content\/uploads\/2024\/03\/08112023reciclown-circus-icms-escolas-2023_brodowski-30-scaled.jpg?fit=967%2C645&ssl=1&resize=350%2C200 1x, https:\/\/i0.wp.com\/noticiasribeiraopreto.com.br\/wp-content\/uploads\/2024\/03\/08112023reciclown-circus-icms-escolas-2023_brodowski-30-scaled.jpg?fit=967%2C645&ssl=1&resize=525%2C300 1.5x, https:\/\/i0.wp.com\/noticiasribeiraopreto.com.br\/wp-content\/uploads\/2024\/03\/08112023reciclown-circus-icms-escolas-2023_brodowski-30-scaled.jpg?fit=967%2C645&ssl=1&resize=700%2C400 2x"},"classes":[]},{"id":60316,"url":"https:\/\/noticiasribeiraopreto.com.br\/index.php\/2024\/11\/11\/sesi-ribeirao-preto-recebe-espetaculo-de-danca-com-entrada-gratuita\/","url_meta":{"origin":79670,"position":3},"title":"Sesi Ribeir\u00e3o Preto recebe espet\u00e1culo de dan\u00e7a com entrada gratuita","author":"noticiasribeiraopreto.com.br","date":"11 de November de 2024","format":false,"excerpt":"O Centro Cultural Sesi Ribeir\u00e3o Preto recebe, entre os dias 15 e 17 de novembro, o espet\u00e1culo Ou 9 ou 80, que utiliza o passinho e o funk para narrar as hist\u00f3rias de dois crimes que marcaram o Rio de Janeiro e S\u00e3o Paulo. A entrada \u00e9 gratuita e aberta\u2026","rel":"","context":"In &quot;Not\u00edcias de Ribeir\u00e3o Preto-SP e Regi\u00e3o&quot;","block_context":{"text":"Not\u00edcias de Ribeir\u00e3o Preto-SP e Regi\u00e3o","link":"https:\/\/noticiasribeiraopreto.com.br\/index.php\/category\/noticias-de-ribeirao-preto-sp-e-regiao-ismael-colosi\/"},"img":{"alt_text":"","src":"https:\/\/i0.wp.com\/noticiasribeiraopreto.com.br\/wp-content\/uploads\/2024\/11\/c80697f7-971e-42ca-affe-a6d1553c27c6_2024-11-11_13-41-57_png_2024-11-11_13-41-57.webp.webp?fit=1066%2C600&ssl=1&resize=350%2C200","width":350,"height":200,"srcset":"https:\/\/i0.wp.com\/noticiasribeiraopreto.com.br\/wp-content\/uploads\/2024\/11\/c80697f7-971e-42ca-affe-a6d1553c27c6_2024-11-11_13-41-57_png_2024-11-11_13-41-57.webp.webp?fit=1066%2C600&ssl=1&resize=350%2C200 1x, https:\/\/i0.wp.com\/noticiasribeiraopreto.com.br\/wp-content\/uploads\/2024\/11\/c80697f7-971e-42ca-affe-a6d1553c27c6_2024-11-11_13-41-57_png_2024-11-11_13-41-57.webp.webp?fit=1066%2C600&ssl=1&resize=525%2C300 1.5x, https:\/\/i0.wp.com\/noticiasribeiraopreto.com.br\/wp-content\/uploads\/2024\/11\/c80697f7-971e-42ca-affe-a6d1553c27c6_2024-11-11_13-41-57_png_2024-11-11_13-41-57.webp.webp?fit=1066%2C600&ssl=1&resize=700%2C400 2x, https:\/\/i0.wp.com\/noticiasribeiraopreto.com.br\/wp-content\/uploads\/2024\/11\/c80697f7-971e-42ca-affe-a6d1553c27c6_2024-11-11_13-41-57_png_2024-11-11_13-41-57.webp.webp?fit=1066%2C600&ssl=1&resize=1050%2C600 3x"},"classes":[]},{"id":60517,"url":"https:\/\/noticiasribeiraopreto.com.br\/index.php\/2024\/11\/16\/ribeirao-preto-recebe-gran-circo-andaluz-no-teatro-sesi\/","url_meta":{"origin":79670,"position":4},"title":"Ribeir\u00e3o Preto recebe Gran Circo Andaluz no Teatro Sesi","author":"noticiasribeiraopreto.com.br","date":"16 de November de 2024","format":false,"excerpt":"O Teatro Sesi de Ribeir\u00e3o Preto receber\u00e1 o espet\u00e1culo Gran Circo Andaluz, que une cultura circense e arte flamenca, idealizado pela Casa Aura. As apresenta\u00e7\u00f5es acontecem nos dias 20, 22 e 23 de novembro, \u00e0s 20h. A entrada \u00e9 gratuita e aberta ao p\u00fablico, por\u00e9m \u00e9 necess\u00e1rio retirar ingressos antecipadamente.\u2026","rel":"","context":"In &quot;Not\u00edcias de Ribeir\u00e3o Preto-SP e Regi\u00e3o&quot;","block_context":{"text":"Not\u00edcias de Ribeir\u00e3o Preto-SP e Regi\u00e3o","link":"https:\/\/noticiasribeiraopreto.com.br\/index.php\/category\/noticias-de-ribeirao-preto-sp-e-regiao-ismael-colosi\/"},"img":{"alt_text":"","src":"https:\/\/i0.wp.com\/noticiasribeiraopreto.com.br\/wp-content\/uploads\/2024\/11\/A-COMPA-33-Cred-RICARDO-CEFALLI_2024-11-16_14-28-26_jpg_2024-11-16_14-28-27-scaled.webp.webp?fit=1200%2C800&ssl=1&resize=350%2C200","width":350,"height":200,"srcset":"https:\/\/i0.wp.com\/noticiasribeiraopreto.com.br\/wp-content\/uploads\/2024\/11\/A-COMPA-33-Cred-RICARDO-CEFALLI_2024-11-16_14-28-26_jpg_2024-11-16_14-28-27-scaled.webp.webp?fit=1200%2C800&ssl=1&resize=350%2C200 1x, https:\/\/i0.wp.com\/noticiasribeiraopreto.com.br\/wp-content\/uploads\/2024\/11\/A-COMPA-33-Cred-RICARDO-CEFALLI_2024-11-16_14-28-26_jpg_2024-11-16_14-28-27-scaled.webp.webp?fit=1200%2C800&ssl=1&resize=525%2C300 1.5x, https:\/\/i0.wp.com\/noticiasribeiraopreto.com.br\/wp-content\/uploads\/2024\/11\/A-COMPA-33-Cred-RICARDO-CEFALLI_2024-11-16_14-28-26_jpg_2024-11-16_14-28-27-scaled.webp.webp?fit=1200%2C800&ssl=1&resize=700%2C400 2x, https:\/\/i0.wp.com\/noticiasribeiraopreto.com.br\/wp-content\/uploads\/2024\/11\/A-COMPA-33-Cred-RICARDO-CEFALLI_2024-11-16_14-28-26_jpg_2024-11-16_14-28-27-scaled.webp.webp?fit=1200%2C800&ssl=1&resize=1050%2C600 3x"},"classes":[]},{"id":60762,"url":"https:\/\/noticiasribeiraopreto.com.br\/index.php\/2024\/11\/25\/ribeirao-preto-recebe-espetaculo-de-danca-inspirado-em-o-mito-da-caverna\/","url_meta":{"origin":79670,"position":5},"title":"Ribeir\u00e3o Preto recebe espet\u00e1culo de dan\u00e7a inspirado em \u2018O Mito da Caverna\u2019","author":"noticiasribeiraopreto.com.br","date":"25 de November de 2024","format":false,"excerpt":"O Teatro Municipal de Ribeir\u00e3o Preto recebe o espet\u00e1culo de dan\u00e7a do Espa\u00e7o de Dan\u00e7a Diego Pradella, baseado no texto filos\u00f3fico de Plat\u00e3o, O Mito da Caverna, nesta quarta-feira (27) e quinta-feira (28), \u00e0s 20h. Por meio da linguagem da dan\u00e7a, o trabalho convida o p\u00fablico a refletir sobre as\u2026","rel":"","context":"In &quot;Not\u00edcias de Ribeir\u00e3o Preto-SP e Regi\u00e3o&quot;","block_context":{"text":"Not\u00edcias de Ribeir\u00e3o Preto-SP e Regi\u00e3o","link":"https:\/\/noticiasribeiraopreto.com.br\/index.php\/category\/noticias-de-ribeirao-preto-sp-e-regiao-ismael-colosi\/"},"img":{"alt_text":"","src":"https:\/\/i0.wp.com\/noticiasribeiraopreto.com.br\/wp-content\/uploads\/2024\/11\/Copia-de-Copia-de-Copia-de-TAMANHO-EXATO-PARA-FOTOS-NO-SISTEMA-NOVO-37_2024-11-25_11-59-33_jpg_2024-11-25_11-59-33.webp.webp?fit=1200%2C675&ssl=1&resize=350%2C200","width":350,"height":200,"srcset":"https:\/\/i0.wp.com\/noticiasribeiraopreto.com.br\/wp-content\/uploads\/2024\/11\/Copia-de-Copia-de-Copia-de-TAMANHO-EXATO-PARA-FOTOS-NO-SISTEMA-NOVO-37_2024-11-25_11-59-33_jpg_2024-11-25_11-59-33.webp.webp?fit=1200%2C675&ssl=1&resize=350%2C200 1x, https:\/\/i0.wp.com\/noticiasribeiraopreto.com.br\/wp-content\/uploads\/2024\/11\/Copia-de-Copia-de-Copia-de-TAMANHO-EXATO-PARA-FOTOS-NO-SISTEMA-NOVO-37_2024-11-25_11-59-33_jpg_2024-11-25_11-59-33.webp.webp?fit=1200%2C675&ssl=1&resize=525%2C300 1.5x, https:\/\/i0.wp.com\/noticiasribeiraopreto.com.br\/wp-content\/uploads\/2024\/11\/Copia-de-Copia-de-Copia-de-TAMANHO-EXATO-PARA-FOTOS-NO-SISTEMA-NOVO-37_2024-11-25_11-59-33_jpg_2024-11-25_11-59-33.webp.webp?fit=1200%2C675&ssl=1&resize=700%2C400 2x, https:\/\/i0.wp.com\/noticiasribeiraopreto.com.br\/wp-content\/uploads\/2024\/11\/Copia-de-Copia-de-Copia-de-TAMANHO-EXATO-PARA-FOTOS-NO-SISTEMA-NOVO-37_2024-11-25_11-59-33_jpg_2024-11-25_11-59-33.webp.webp?fit=1200%2C675&ssl=1&resize=1050%2C600 3x"},"classes":[]}],"jetpack_sharing_enabled":true,"jetpack_shortlink":"https:\/\/wp.me\/peQAOb-kJ0","_links":{"self":[{"href":"https:\/\/noticiasribeiraopreto.com.br\/index.php\/wp-json\/wp\/v2\/posts\/79670","targetHints":{"allow":["GET"]}}],"collection":[{"href":"https:\/\/noticiasribeiraopreto.com.br\/index.php\/wp-json\/wp\/v2\/posts"}],"about":[{"href":"https:\/\/noticiasribeiraopreto.com.br\/index.php\/wp-json\/wp\/v2\/types\/post"}],"author":[{"embeddable":true,"href":"https:\/\/noticiasribeiraopreto.com.br\/index.php\/wp-json\/wp\/v2\/users\/1"}],"replies":[{"embeddable":true,"href":"https:\/\/noticiasribeiraopreto.com.br\/index.php\/wp-json\/wp\/v2\/comments?post=79670"}],"version-history":[{"count":0,"href":"https:\/\/noticiasribeiraopreto.com.br\/index.php\/wp-json\/wp\/v2\/posts\/79670\/revisions"}],"wp:featuredmedia":[{"embeddable":true,"href":"https:\/\/noticiasribeiraopreto.com.br\/index.php\/wp-json\/wp\/v2\/media\/79671"}],"wp:attachment":[{"href":"https:\/\/noticiasribeiraopreto.com.br\/index.php\/wp-json\/wp\/v2\/media?parent=79670"}],"wp:term":[{"taxonomy":"category","embeddable":true,"href":"https:\/\/noticiasribeiraopreto.com.br\/index.php\/wp-json\/wp\/v2\/categories?post=79670"},{"taxonomy":"post_tag","embeddable":true,"href":"https:\/\/noticiasribeiraopreto.com.br\/index.php\/wp-json\/wp\/v2\/tags?post=79670"}],"curies":[{"name":"wp","href":"https:\/\/api.w.org\/{rel}","templated":true}]}}