{"id":79672,"date":"2025-11-05T17:42:30","date_gmt":"2025-11-05T20:42:30","guid":{"rendered":"https:\/\/noticiasribeiraopreto.com.br\/index.php\/2025\/11\/05\/arvore-cai-e-atinge-dois-carros-no-centro-de-ribeirao-preto-apos-ventania\/"},"modified":"2025-11-05T17:42:30","modified_gmt":"2025-11-05T20:42:30","slug":"arvore-cai-e-atinge-dois-carros-no-centro-de-ribeirao-preto-apos-ventania","status":"publish","type":"post","link":"https:\/\/noticiasribeiraopreto.com.br\/index.php\/2025\/11\/05\/arvore-cai-e-atinge-dois-carros-no-centro-de-ribeirao-preto-apos-ventania\/","title":{"rendered":"\u00c1rvore cai e atinge dois carros no Centro de Ribeir\u00e3o Preto ap\u00f3s ventania"},"content":{"rendered":"<div class='code-block code-block-1' style='margin: 8px 0 8px auto; text-align: right; display: block; clear: both;'>\n<p><a href=\"https:\/\/wa.link\/vpicfd\"><img data-recalc-dims=\"1\" class=\"wp-image-4922\" style=\"aspect-ratio: 2.0253164556962027; width: 561px; height: auto;\" src=\"https:\/\/i0.wp.com\/ismaelcolosi.com.br\/wp-content\/uploads\/2023\/11\/grupo-de-empregos-whatsapp-e-facebook-ismael-colosi-vagas.jpg?ssl=1\" alt=\"\" \/><\/a><\/p>\n<!-- \/wp:image -->\n<\/div>\n<p> <br \/>\n<\/p>\n<div data-td-block-uid=\"tdi_95\">\n<div class=\"tdb-block-inner td-fix-index\">\n<p>Na tarde desta quarta-feira (5), os ventos fortes que atingiram Ribeir\u00e3o Preto e regi\u00e3o derrubaram uma \u00e1rvore, que caiu sobre dois carros e provocou a interdi\u00e7\u00e3o total de um trecho da rua \u00c1lvares Cabral, entre a rua Bernardino de Campos e a avenida Nove de Julho, na regi\u00e3o central da cidade.<\/p>\n<p>Tr\u00eas pessoas estavam em um dos ve\u00edculos atingidos, mas ningu\u00e9m se feriu.<\/p>\n<p>Agentes de tr\u00e2nsito sinalizaram a \u00e1rea, enquanto equipes da Secretaria de Infraestrutura realizam a remo\u00e7\u00e3o dos galhos e a limpeza da via.<\/p>\n<div class=\"wp-block-image\">\n<figure class=\"aligncenter size-large is-resized\"><img data-recalc-dims=\"1\" fetchpriority=\"high\" decoding=\"async\" width=\"1024\" height=\"576\" src=\"https:\/\/i0.wp.com\/cdn.media-acidadeon.com.br\/ribeiraopreto\/wp-content\/uploads\/sites\/3\/2025\/11\/palace-16_2025-11-05_19-55-12-1024x576.webp?resize=1024%2C576&#038;ssl=1\" alt=\"\u00c1RVORE VENTANIA\" class=\"wp-image-134859\" style=\"width:811px;height:auto\" title=\"\u00c1rvore cai e atinge dois carros no Centro de Ribeir\u00e3o Preto ap\u00f3s ventania 1\" srcset=\"https:\/\/cdn.media-acidadeon.com.br\/ribeiraopreto\/wp-content\/uploads\/sites\/3\/2025\/11\/palace-16_2025-11-05_19-55-12-1024x576.webp 1024w, https:\/\/cdn.media-acidadeon.com.br\/ribeiraopreto\/wp-content\/uploads\/sites\/3\/2025\/11\/palace-16_2025-11-05_19-55-12-300x169.webp 300w, https:\/\/cdn.media-acidadeon.com.br\/ribeiraopreto\/wp-content\/uploads\/sites\/3\/2025\/11\/palace-16_2025-11-05_19-55-12-768x432.webp 768w, https:\/\/cdn.media-acidadeon.com.br\/ribeiraopreto\/wp-content\/uploads\/sites\/3\/2025\/11\/palace-16_2025-11-05_19-55-12-696x392.webp 696w, https:\/\/cdn.media-acidadeon.com.br\/ribeiraopreto\/wp-content\/uploads\/sites\/3\/2025\/11\/palace-16_2025-11-05_19-55-12-1068x601.webp 1068w, https:\/\/cdn.media-acidadeon.com.br\/ribeiraopreto\/wp-content\/uploads\/sites\/3\/2025\/11\/palace-16_2025-11-05_19-55-12.webp 1200w\" sizes=\"(max-width: 1024px) 100vw, 1024px\"\/><figcaption class=\"wp-element-caption\">Foto: RP Mobi<\/figcaption><\/figure>\n<\/div>\n<h2 class=\"wp-block-heading\"><strong>Tempestade de poeira<\/strong><\/h2>\n<p>Ainda na tarde desta quarta, Ribeir\u00e3o Preto e cidades da regi\u00e3o registraram uma tempestade de poeira e ventos fortes. <strong>Veja o v\u00eddeo:<\/strong><\/p>\n<blockquote class=\"instagram-media\" data-instgrm-permalink=\"https:\/\/www.instagram.com\/reel\/DQryrBnDumn\/?utm_source=ig_embed&amp;utm_campaign=loading\" data-instgrm-version=\"14\" style=\" background:#FFF; border:0; border-radius:3px; box-shadow:0 0 1px 0 rgba(0,0,0,0.5),0 1px 10px 0 rgba(0,0,0,0.15); margin: 1px; max-width:540px; min-width:326px; padding:0; width:99.375%; width:-webkit-calc(100% - 2px); width:calc(100% - 2px);\"\/>\n<h3 class=\"wp-block-heading\"><strong>Alerta do Inmet<\/strong><\/h3>\n<p><strong>O\u00a0<a href=\"https:\/\/portal.inmet.gov.br\/\" target=\"_blank\" rel=\"noreferrer noopener\">Inmet (Instituto Nacional de Meteorologia)<\/a>\u00a0publicou nesta quarta-feira (5)\u00a0quatro alertas distintos para o estado de S\u00e3o Paulo, que indicam tempestade, acumulado de chuva e ventos costeiros. <\/strong><\/p>\n<p><mark style=\"background-color:#fcb900\" class=\"has-inline-color has-black-color\">Ribeir\u00e3o Preto e cidades da regi\u00e3o est\u00e3o inclu\u00eddas na faixa amarela <mark style=\"background-color:#fcb900\" class=\"has-inline-color has-black-color\">para tempestade<\/mark>, a primeira em uma escala at\u00e9 tr\u00eas n\u00edveis de severidade.<\/mark> Clique <a href=\"https:\/\/alertas2.inmet.gov.br\/52163\" data-type=\"link\" data-id=\"https:\/\/alertas2.inmet.gov.br\/52163\" target=\"_blank\" rel=\"noopener\">aqui <\/a>e veja as cidades. <\/p>\n<div class=\"wp-block-image\">\n<figure class=\"aligncenter size-large is-resized\"><img data-recalc-dims=\"1\" loading=\"lazy\" decoding=\"async\" width=\"1024\" height=\"576\" src=\"https:\/\/i0.wp.com\/cdn.media-acidadeon.com.br\/ribeiraopreto\/wp-content\/uploads\/sites\/3\/2025\/11\/palace-15_2025-11-05_19-47-04-1024x576.webp?resize=1024%2C576&#038;ssl=1\" alt=\"vento e poeira\" class=\"wp-image-134855\" style=\"width:974px;height:auto\" title=\"\u00c1rvore cai e atinge dois carros no Centro de Ribeir\u00e3o Preto ap\u00f3s ventania 2\" srcset=\"https:\/\/cdn.media-acidadeon.com.br\/ribeiraopreto\/wp-content\/uploads\/sites\/3\/2025\/11\/palace-15_2025-11-05_19-47-04-1024x576.webp 1024w, https:\/\/cdn.media-acidadeon.com.br\/ribeiraopreto\/wp-content\/uploads\/sites\/3\/2025\/11\/palace-15_2025-11-05_19-47-04-300x169.webp 300w, https:\/\/cdn.media-acidadeon.com.br\/ribeiraopreto\/wp-content\/uploads\/sites\/3\/2025\/11\/palace-15_2025-11-05_19-47-04-768x432.webp 768w, https:\/\/cdn.media-acidadeon.com.br\/ribeiraopreto\/wp-content\/uploads\/sites\/3\/2025\/11\/palace-15_2025-11-05_19-47-04-696x392.webp 696w, https:\/\/cdn.media-acidadeon.com.br\/ribeiraopreto\/wp-content\/uploads\/sites\/3\/2025\/11\/palace-15_2025-11-05_19-47-04-1068x601.webp 1068w, https:\/\/cdn.media-acidadeon.com.br\/ribeiraopreto\/wp-content\/uploads\/sites\/3\/2025\/11\/palace-15_2025-11-05_19-47-04.webp 1200w\" sizes=\"auto, (max-width: 1024px) 100vw, 1024px\"\/><\/figure>\n<\/div>\n<p><strong>Confira o que diz o alerta de tempestade:<\/strong><\/p>\n<ul class=\"wp-block-list\">\n<li>Chuva entre 20 mm\/h e 30 mm\/h ou at\u00e9 50 mm\/dia<\/li>\n<li>Ventos intensos entre 40 km\/h 60 km\/h e queda de granizo<\/li>\n<li>Baixo risco de corte de energia el\u00e9trica, estragos em planta\u00e7\u00f5es, queda de galhos de \u00e1rvores e de alagamentos<\/li>\n<\/ul>\n<h3 class=\"wp-block-heading\"><strong>Orienta\u00e7\u00f5es:<\/strong><\/h3>\n<ul class=\"wp-block-list\">\n<li>Em caso de rajadas de vento, n\u00e3o se abrigue debaixo de \u00e1rvores, pois, h\u00e1 leve risco de queda e descargas el\u00e9tricas e n\u00e3o estacione ve\u00edculos pr\u00f3ximos a torres de transmiss\u00e3o e placas de propaganda<\/li>\n<li>Evite usar aparelhos eletr\u00f4nicos ligados \u00e0 tomada<\/li>\n<\/ul>\n<p>SAIBA MAIS<\/p>\n<p>Ipiranga, Jardim Progresso e mais dois bairros t\u00eam alerta para falta d\u2019\u00e1gua; Confira<\/p>\n<h4 class=\"wp-block-heading\"><strong>FIQUE ON<\/strong><\/h4>\n<p>Fique ligado em tudo que acontece em Ribeir\u00e3o Preto e regi\u00e3o. Siga os perfis do\u00a0<strong>acidade on<\/strong>\u00a0no<a href=\"https:\/\/www.instagram.com\/acidadeonribeirao\" target=\"_blank\" rel=\"noreferrer noopener\">\u00a0Instagram<\/a>\u00a0e no<a href=\"https:\/\/www.facebook.com\/acidadeonribeirao\/\" target=\"_blank\" rel=\"noreferrer noopener\">\u00a0Facebook<\/a>.<\/p>\n<p>Receba not\u00edcias do\u00a0<strong>acidade on<\/strong>\u00a0no WhatsApp. Para entrar no grupo,\u00a0basta\u00a0<a href=\"https:\/\/chat.whatsapp.com\/I4nieTEMKlf50pJ28aMemC?mode=ac_t\" target=\"_blank\" rel=\"noreferrer noopener\">clicar aqui<\/a>. Ou, acesse o nosso\u00a0Canal<a href=\"https:\/\/whatsapp.com\/channel\/0029Vb6IQl1JENyAeS57fk2p\" target=\"_blank\" rel=\"noreferrer noopener\">\u00a0clicando aqui<\/a>.<\/p>\n<p>Fa\u00e7a uma den\u00fancia ou sugira uma reportagem sobre Ribeir\u00e3o Preto e regi\u00e3o pelo WhatsApp: 16 99117 7802.<\/p>\n<p>VEJA TAMB\u00c9M<\/p>\n<p>La Nin\u00e3 vai durar at\u00e9 quando?<\/p>\n<p><!-- AI CONTENT END 1 -->\n<\/div>\n<\/div>\n<p><script async src=\"\/\/www.instagram.com\/embed.js\"><\/script><br \/>\n<br \/><br \/>\n<br \/><a href=\"https:\/\/www.acidadeon.com\/ribeiraopreto\/cotidiano\/arvore-cai-atinge-carro-e-bloqueia-rua-do-centro-de-ribeirao-preto-apos-ventania\/\">Source link <\/a><\/p>\n<!-- CONTENT END 1 -->\n","protected":false},"excerpt":{"rendered":"<p>Na tarde desta quarta-feira (5), os ventos fortes que atingiram Ribeir\u00e3o Preto e regi\u00e3o derrubaram uma \u00e1rvore, que caiu sobre dois carros e provocou a&#8230;<\/p>\n","protected":false},"author":1,"featured_media":79673,"comment_status":"open","ping_status":"open","sticky":false,"template":"","format":"standard","meta":{"advanced_seo_description":"","jetpack_seo_html_title":"","jetpack_seo_noindex":false,"jetpack_post_was_ever_published":false,"_jetpack_newsletter_access":"","_jetpack_dont_email_post_to_subs":false,"_jetpack_newsletter_tier_id":0,"_jetpack_memberships_contains_paywalled_content":false,"_jetpack_memberships_contains_paid_content":false,"footnotes":"","jetpack_publicize_message":"","jetpack_publicize_feature_enabled":true,"jetpack_social_post_already_shared":true,"jetpack_social_options":{"image_generator_settings":{"template":"highway","default_image_id":0,"font":"","enabled":false},"version":2}},"categories":[11],"tags":[],"class_list":["post-79672","post","type-post","status-publish","format-standard","has-post-thumbnail","hentry","category-noticias-de-ribeirao-preto-sp-e-regiao-ismael-colosi"],"jetpack_publicize_connections":[],"jetpack_featured_media_url":"https:\/\/i0.wp.com\/noticiasribeiraopreto.com.br\/wp-content\/uploads\/2025\/11\/Copia-de-Copia-de-Copia-de-TAMANHO-EXATO-PARA-FOTOS-NO-SISTEMA-NOVO-2025-11-05T165337.251_2025-11-05_19-53-47.webp.webp?fit=1200%2C675&ssl=1","jetpack-related-posts":[{"id":25579,"url":"https:\/\/noticiasribeiraopreto.com.br\/index.php\/2024\/01\/07\/chuva-com-vento-deixa-rastro-de-destruicao-na-zona-leste-de-ribeirao-preto\/","url_meta":{"origin":79672,"position":0},"title":"Chuva com vento deixa rastro de destrui\u00e7\u00e3o na zona Leste de Ribeir\u00e3o Preto","author":"noticiasribeiraopreto.com.br","date":"7 de January de 2024","format":false,"excerpt":"Uma chuva acompanhada de vento, no final da tarde deste domingo (7), deixou um rastro de destrui\u00e7\u00e3o em v\u00e1rios bairros da zona Leste de Ribeir\u00e3o Preto (veja v\u00eddeo ao final do texto). V\u00e1rias \u00e1rvores ca\u00edram, algumas sobre carros. A for\u00e7a do vento tamb\u00e9m destelhou casas. Na zona Leste, al\u00e9m do\u2026","rel":"","context":"In &quot;Not\u00edcias de Ribeir\u00e3o Preto-SP e Regi\u00e3o&quot;","block_context":{"text":"Not\u00edcias de Ribeir\u00e3o Preto-SP e Regi\u00e3o","link":"https:\/\/noticiasribeiraopreto.com.br\/index.php\/category\/noticias-de-ribeirao-preto-sp-e-regiao-ismael-colosi\/"},"img":{"alt_text":"","src":"https:\/\/i0.wp.com\/noticiasribeiraopreto.com.br\/wp-content\/uploads\/2024\/01\/WhatsApp-Image-2024-01-07-at-19.19.33.jpeg?fit=1079%2C753&ssl=1&resize=350%2C200","width":350,"height":200,"srcset":"https:\/\/i0.wp.com\/noticiasribeiraopreto.com.br\/wp-content\/uploads\/2024\/01\/WhatsApp-Image-2024-01-07-at-19.19.33.jpeg?fit=1079%2C753&ssl=1&resize=350%2C200 1x, https:\/\/i0.wp.com\/noticiasribeiraopreto.com.br\/wp-content\/uploads\/2024\/01\/WhatsApp-Image-2024-01-07-at-19.19.33.jpeg?fit=1079%2C753&ssl=1&resize=525%2C300 1.5x, https:\/\/i0.wp.com\/noticiasribeiraopreto.com.br\/wp-content\/uploads\/2024\/01\/WhatsApp-Image-2024-01-07-at-19.19.33.jpeg?fit=1079%2C753&ssl=1&resize=700%2C400 2x, https:\/\/i0.wp.com\/noticiasribeiraopreto.com.br\/wp-content\/uploads\/2024\/01\/WhatsApp-Image-2024-01-07-at-19.19.33.jpeg?fit=1079%2C753&ssl=1&resize=1050%2C600 3x"},"classes":[]},{"id":81691,"url":"https:\/\/noticiasribeiraopreto.com.br\/index.php\/2026\/01\/14\/arvore-cai-sobre-dois-carros-e-deixa-uma-pessoa-ferida-em-ribeirao-preto\/","url_meta":{"origin":79672,"position":1},"title":"\u00c1rvore cai sobre dois carros e deixa uma pessoa ferida em Ribeir\u00e3o Preto","author":"noticiasribeiraopreto.com.br","date":"14 de January de 2026","format":false,"excerpt":"Uma \u00e1rvore caiu sobre dois carros durante a tempestade que atingiu Ribeir\u00e3o Preto na noite desta ter\u00e7a-feira (13) e deixou uma pessoa ferida. O acidente ocorreu na avenida Pio XII, na zona Oeste da cidade. Equipes do Corpo de Bombeiros e do Samu foram acionadas e prestam atendimento no local.\u2026","rel":"","context":"In &quot;Not\u00edcias de Ribeir\u00e3o Preto-SP e Regi\u00e3o&quot;","block_context":{"text":"Not\u00edcias de Ribeir\u00e3o Preto-SP e Regi\u00e3o","link":"https:\/\/noticiasribeiraopreto.com.br\/index.php\/category\/noticias-de-ribeirao-preto-sp-e-regiao-ismael-colosi\/"},"img":{"alt_text":"","src":"https:\/\/i0.wp.com\/noticiasribeiraopreto.com.br\/wp-content\/uploads\/2026\/01\/avenida-pio-xii_2026-01-13_21-22-45.webp.webp?fit=1200%2C919&ssl=1&resize=350%2C200","width":350,"height":200,"srcset":"https:\/\/i0.wp.com\/noticiasribeiraopreto.com.br\/wp-content\/uploads\/2026\/01\/avenida-pio-xii_2026-01-13_21-22-45.webp.webp?fit=1200%2C919&ssl=1&resize=350%2C200 1x, https:\/\/i0.wp.com\/noticiasribeiraopreto.com.br\/wp-content\/uploads\/2026\/01\/avenida-pio-xii_2026-01-13_21-22-45.webp.webp?fit=1200%2C919&ssl=1&resize=525%2C300 1.5x, https:\/\/i0.wp.com\/noticiasribeiraopreto.com.br\/wp-content\/uploads\/2026\/01\/avenida-pio-xii_2026-01-13_21-22-45.webp.webp?fit=1200%2C919&ssl=1&resize=700%2C400 2x, https:\/\/i0.wp.com\/noticiasribeiraopreto.com.br\/wp-content\/uploads\/2026\/01\/avenida-pio-xii_2026-01-13_21-22-45.webp.webp?fit=1200%2C919&ssl=1&resize=1050%2C600 3x"},"classes":[]},{"id":78658,"url":"https:\/\/noticiasribeiraopreto.com.br\/index.php\/2025\/10\/15\/colisao-entre-dois-carros-deixa-mulher-ferida-e-complica-transito-em-avenida-de-ribeirao-preto\/","url_meta":{"origin":79672,"position":2},"title":"Colis\u00e3o entre dois carros deixa mulher ferida e complica tr\u00e2nsito em avenida de Ribeir\u00e3o Preto","author":"noticiasribeiraopreto.com.br","date":"15 de October de 2025","format":false,"excerpt":"Um acidente entre dois carros na avenida Francisco Junqueira, em Ribeir\u00e3o Preto, feriu uma mulher de 41 anos e provocou lentid\u00e3o no tr\u00e2nsito na tarde desta quarta-feira (15). Testemunhas afirmam que um dos ve\u00edculos avan\u00e7ou o sinal vermelho, provocando a colis\u00e3o. De acordo com a RP Mobi, o acesso \u00e0\u2026","rel":"","context":"In &quot;Not\u00edcias de Ribeir\u00e3o Preto-SP e Regi\u00e3o&quot;","block_context":{"text":"Not\u00edcias de Ribeir\u00e3o Preto-SP e Regi\u00e3o","link":"https:\/\/noticiasribeiraopreto.com.br\/index.php\/category\/noticias-de-ribeirao-preto-sp-e-regiao-ismael-colosi\/"},"img":{"alt_text":"","src":"https:\/\/i0.wp.com\/noticiasribeiraopreto.com.br\/wp-content\/uploads\/2025\/10\/Copia-de-Copia-de-Copia-de-TAMANHO-EXATO-PARA-FOTOS-NO-SISTEMA-NOVO-2025-10-15T165746.621_2025-10-15_19-57-52.webp.webp?fit=1200%2C675&ssl=1&resize=350%2C200","width":350,"height":200,"srcset":"https:\/\/i0.wp.com\/noticiasribeiraopreto.com.br\/wp-content\/uploads\/2025\/10\/Copia-de-Copia-de-Copia-de-TAMANHO-EXATO-PARA-FOTOS-NO-SISTEMA-NOVO-2025-10-15T165746.621_2025-10-15_19-57-52.webp.webp?fit=1200%2C675&ssl=1&resize=350%2C200 1x, https:\/\/i0.wp.com\/noticiasribeiraopreto.com.br\/wp-content\/uploads\/2025\/10\/Copia-de-Copia-de-Copia-de-TAMANHO-EXATO-PARA-FOTOS-NO-SISTEMA-NOVO-2025-10-15T165746.621_2025-10-15_19-57-52.webp.webp?fit=1200%2C675&ssl=1&resize=525%2C300 1.5x, https:\/\/i0.wp.com\/noticiasribeiraopreto.com.br\/wp-content\/uploads\/2025\/10\/Copia-de-Copia-de-Copia-de-TAMANHO-EXATO-PARA-FOTOS-NO-SISTEMA-NOVO-2025-10-15T165746.621_2025-10-15_19-57-52.webp.webp?fit=1200%2C675&ssl=1&resize=700%2C400 2x, https:\/\/i0.wp.com\/noticiasribeiraopreto.com.br\/wp-content\/uploads\/2025\/10\/Copia-de-Copia-de-Copia-de-TAMANHO-EXATO-PARA-FOTOS-NO-SISTEMA-NOVO-2025-10-15T165746.621_2025-10-15_19-57-52.webp.webp?fit=1200%2C675&ssl=1&resize=1050%2C600 3x"},"classes":[]},{"id":61012,"url":"https:\/\/noticiasribeiraopreto.com.br\/index.php\/2024\/12\/02\/galho-cai-de-arvore-e-atinge-carro-em-movimento-no-centro-de-ribeirao-preto\/","url_meta":{"origin":79672,"position":3},"title":"Galho cai de \u00e1rvore e atinge carro em movimento no Centro de Ribeir\u00e3o Preto","author":"noticiasribeiraopreto.com.br","date":"2 de December de 2024","format":false,"excerpt":"Um galho caiu de uma \u00e1rvore de grande porte na noite deste domingo (1) e atingiu um carro em movimento na rua Flor\u00eancio de Abreu, ao lado da Pra\u00e7a Sete de\u00a0Setembro, no Centro de Ribeir\u00e3o Preto. O estudante universit\u00e1rio Arthur Lima disse que seguia com outra pessoa no ve\u00edculo e,\u2026","rel":"","context":"In &quot;Not\u00edcias de Ribeir\u00e3o Preto-SP e Regi\u00e3o&quot;","block_context":{"text":"Not\u00edcias de Ribeir\u00e3o Preto-SP e Regi\u00e3o","link":"https:\/\/noticiasribeiraopreto.com.br\/index.php\/category\/noticias-de-ribeirao-preto-sp-e-regiao-ismael-colosi\/"},"img":{"alt_text":"","src":"https:\/\/i0.wp.com\/noticiasribeiraopreto.com.br\/wp-content\/uploads\/2024\/12\/WhatsApp-Image-2024-12-02-at-08.49.26_2024-12-02_11-50-34_jpeg_2024-12-02_11-50-34.webp.webp?fit=1200%2C886&ssl=1&resize=350%2C200","width":350,"height":200,"srcset":"https:\/\/i0.wp.com\/noticiasribeiraopreto.com.br\/wp-content\/uploads\/2024\/12\/WhatsApp-Image-2024-12-02-at-08.49.26_2024-12-02_11-50-34_jpeg_2024-12-02_11-50-34.webp.webp?fit=1200%2C886&ssl=1&resize=350%2C200 1x, https:\/\/i0.wp.com\/noticiasribeiraopreto.com.br\/wp-content\/uploads\/2024\/12\/WhatsApp-Image-2024-12-02-at-08.49.26_2024-12-02_11-50-34_jpeg_2024-12-02_11-50-34.webp.webp?fit=1200%2C886&ssl=1&resize=525%2C300 1.5x, https:\/\/i0.wp.com\/noticiasribeiraopreto.com.br\/wp-content\/uploads\/2024\/12\/WhatsApp-Image-2024-12-02-at-08.49.26_2024-12-02_11-50-34_jpeg_2024-12-02_11-50-34.webp.webp?fit=1200%2C886&ssl=1&resize=700%2C400 2x, https:\/\/i0.wp.com\/noticiasribeiraopreto.com.br\/wp-content\/uploads\/2024\/12\/WhatsApp-Image-2024-12-02-at-08.49.26_2024-12-02_11-50-34_jpeg_2024-12-02_11-50-34.webp.webp?fit=1200%2C886&ssl=1&resize=1050%2C600 3x"},"classes":[]},{"id":79227,"url":"https:\/\/noticiasribeiraopreto.com.br\/index.php\/2025\/10\/27\/homem-e-flagrado-furtando-arvore-de-quase-dois-metros-em-ribeirao-preto-veja-video\/","url_meta":{"origin":79672,"position":4},"title":"Homem \u00e9 flagrado furtando \u00e1rvore de quase dois metros em Ribeir\u00e3o Preto; Veja v\u00eddeo","author":"noticiasribeiraopreto.com.br","date":"27 de October de 2025","format":false,"excerpt":"Um homem foi flagrado furtando um Cipreste Italiano na manh\u00e3 desta segunda-feira (27), na rua Jo\u00e3o Nogueira, no bairro Paulo Gomes Romeu, zona Oeste de Ribeir\u00e3o Preto. Segundo o morador, a \u00e1rvore, de aproximadamente dois metros e avaliada em cerca de R$ 250, estava em frente \u00e0 sua resid\u00eancia e\u2026","rel":"","context":"In &quot;Not\u00edcias de Ribeir\u00e3o Preto-SP e Regi\u00e3o&quot;","block_context":{"text":"Not\u00edcias de Ribeir\u00e3o Preto-SP e Regi\u00e3o","link":"https:\/\/noticiasribeiraopreto.com.br\/index.php\/category\/noticias-de-ribeirao-preto-sp-e-regiao-ismael-colosi\/"},"img":{"alt_text":"","src":"https:\/\/i0.wp.com\/noticiasribeiraopreto.com.br\/wp-content\/uploads\/2025\/10\/Copia-de-Copia-de-Copia-de-TAMANHO-EXATO-PARA-FOTOS-NO-SISTEMA-NOVO-2025-10-27T173457.691_2025-10-27_20-35-49.webp.webp?fit=1200%2C675&ssl=1&resize=350%2C200","width":350,"height":200,"srcset":"https:\/\/i0.wp.com\/noticiasribeiraopreto.com.br\/wp-content\/uploads\/2025\/10\/Copia-de-Copia-de-Copia-de-TAMANHO-EXATO-PARA-FOTOS-NO-SISTEMA-NOVO-2025-10-27T173457.691_2025-10-27_20-35-49.webp.webp?fit=1200%2C675&ssl=1&resize=350%2C200 1x, https:\/\/i0.wp.com\/noticiasribeiraopreto.com.br\/wp-content\/uploads\/2025\/10\/Copia-de-Copia-de-Copia-de-TAMANHO-EXATO-PARA-FOTOS-NO-SISTEMA-NOVO-2025-10-27T173457.691_2025-10-27_20-35-49.webp.webp?fit=1200%2C675&ssl=1&resize=525%2C300 1.5x, https:\/\/i0.wp.com\/noticiasribeiraopreto.com.br\/wp-content\/uploads\/2025\/10\/Copia-de-Copia-de-Copia-de-TAMANHO-EXATO-PARA-FOTOS-NO-SISTEMA-NOVO-2025-10-27T173457.691_2025-10-27_20-35-49.webp.webp?fit=1200%2C675&ssl=1&resize=700%2C400 2x, https:\/\/i0.wp.com\/noticiasribeiraopreto.com.br\/wp-content\/uploads\/2025\/10\/Copia-de-Copia-de-Copia-de-TAMANHO-EXATO-PARA-FOTOS-NO-SISTEMA-NOVO-2025-10-27T173457.691_2025-10-27_20-35-49.webp.webp?fit=1200%2C675&ssl=1&resize=1050%2C600 3x"},"classes":[]},{"id":59707,"url":"https:\/\/noticiasribeiraopreto.com.br\/index.php\/2024\/10\/29\/carro-bate-em-arvore-e-causa-interdicao-na-francisco-junqueira-em-ribeirao-video\/","url_meta":{"origin":79672,"position":5},"title":"Carro bate em \u00e1rvore e causa interdi\u00e7\u00e3o na Francisco Junqueira em Ribeir\u00e3o; V\u00eddeo","author":"noticiasribeiraopreto.com.br","date":"29 de October de 2024","format":false,"excerpt":"Um carro bateu em uma \u00e1rvore no fim da madrugada desta ter\u00e7a-feira (29), na avenida Francisco Junqueira, ap\u00f3s o cruzamento com a rua Olavo Bilac, em Ribeir\u00e3o Preto. A faixa da esquerda da pista no sentido ao viaduto Jandyra de Camargo Moquenco est\u00e1 interditada nesta manh\u00e3. O motorista do ve\u00edculo\u2026","rel":"","context":"In &quot;Not\u00edcias de Ribeir\u00e3o Preto-SP e Regi\u00e3o&quot;","block_context":{"text":"Not\u00edcias de Ribeir\u00e3o Preto-SP e Regi\u00e3o","link":"https:\/\/noticiasribeiraopreto.com.br\/index.php\/category\/noticias-de-ribeirao-preto-sp-e-regiao-ismael-colosi\/"},"img":{"alt_text":"","src":"https:\/\/i0.wp.com\/noticiasribeiraopreto.com.br\/wp-content\/uploads\/2024\/10\/ACIDENTE_2024-10-29_11-07-36_jpg_2024-10-29_11-07-36.webp.webp?fit=1200%2C721&ssl=1&resize=350%2C200","width":350,"height":200,"srcset":"https:\/\/i0.wp.com\/noticiasribeiraopreto.com.br\/wp-content\/uploads\/2024\/10\/ACIDENTE_2024-10-29_11-07-36_jpg_2024-10-29_11-07-36.webp.webp?fit=1200%2C721&ssl=1&resize=350%2C200 1x, https:\/\/i0.wp.com\/noticiasribeiraopreto.com.br\/wp-content\/uploads\/2024\/10\/ACIDENTE_2024-10-29_11-07-36_jpg_2024-10-29_11-07-36.webp.webp?fit=1200%2C721&ssl=1&resize=525%2C300 1.5x, https:\/\/i0.wp.com\/noticiasribeiraopreto.com.br\/wp-content\/uploads\/2024\/10\/ACIDENTE_2024-10-29_11-07-36_jpg_2024-10-29_11-07-36.webp.webp?fit=1200%2C721&ssl=1&resize=700%2C400 2x, https:\/\/i0.wp.com\/noticiasribeiraopreto.com.br\/wp-content\/uploads\/2024\/10\/ACIDENTE_2024-10-29_11-07-36_jpg_2024-10-29_11-07-36.webp.webp?fit=1200%2C721&ssl=1&resize=1050%2C600 3x"},"classes":[]}],"jetpack_sharing_enabled":true,"jetpack_shortlink":"https:\/\/wp.me\/peQAOb-kJ2","_links":{"self":[{"href":"https:\/\/noticiasribeiraopreto.com.br\/index.php\/wp-json\/wp\/v2\/posts\/79672","targetHints":{"allow":["GET"]}}],"collection":[{"href":"https:\/\/noticiasribeiraopreto.com.br\/index.php\/wp-json\/wp\/v2\/posts"}],"about":[{"href":"https:\/\/noticiasribeiraopreto.com.br\/index.php\/wp-json\/wp\/v2\/types\/post"}],"author":[{"embeddable":true,"href":"https:\/\/noticiasribeiraopreto.com.br\/index.php\/wp-json\/wp\/v2\/users\/1"}],"replies":[{"embeddable":true,"href":"https:\/\/noticiasribeiraopreto.com.br\/index.php\/wp-json\/wp\/v2\/comments?post=79672"}],"version-history":[{"count":0,"href":"https:\/\/noticiasribeiraopreto.com.br\/index.php\/wp-json\/wp\/v2\/posts\/79672\/revisions"}],"wp:featuredmedia":[{"embeddable":true,"href":"https:\/\/noticiasribeiraopreto.com.br\/index.php\/wp-json\/wp\/v2\/media\/79673"}],"wp:attachment":[{"href":"https:\/\/noticiasribeiraopreto.com.br\/index.php\/wp-json\/wp\/v2\/media?parent=79672"}],"wp:term":[{"taxonomy":"category","embeddable":true,"href":"https:\/\/noticiasribeiraopreto.com.br\/index.php\/wp-json\/wp\/v2\/categories?post=79672"},{"taxonomy":"post_tag","embeddable":true,"href":"https:\/\/noticiasribeiraopreto.com.br\/index.php\/wp-json\/wp\/v2\/tags?post=79672"}],"curies":[{"name":"wp","href":"https:\/\/api.w.org\/{rel}","templated":true}]}}