{"id":79674,"date":"2025-11-05T17:49:06","date_gmt":"2025-11-05T20:49:06","guid":{"rendered":"https:\/\/noticiasribeiraopreto.com.br\/index.php\/2025\/11\/05\/ribeirao-preto-recebe-bazar-beneficente-com-pecas-artesanais-veja-quando\/"},"modified":"2025-11-05T17:49:06","modified_gmt":"2025-11-05T20:49:06","slug":"ribeirao-preto-recebe-bazar-beneficente-com-pecas-artesanais-veja-quando","status":"publish","type":"post","link":"https:\/\/noticiasribeiraopreto.com.br\/index.php\/2025\/11\/05\/ribeirao-preto-recebe-bazar-beneficente-com-pecas-artesanais-veja-quando\/","title":{"rendered":"Ribeir\u00e3o Preto recebe bazar beneficente com pe\u00e7as artesanais; veja quando"},"content":{"rendered":"<div class='code-block code-block-1' style='margin: 8px 0 8px auto; text-align: right; display: block; clear: both;'>\n<p><a href=\"https:\/\/wa.link\/vpicfd\"><img data-recalc-dims=\"1\" class=\"wp-image-4922\" style=\"aspect-ratio: 2.0253164556962027; width: 561px; height: auto;\" src=\"https:\/\/i0.wp.com\/ismaelcolosi.com.br\/wp-content\/uploads\/2023\/11\/grupo-de-empregos-whatsapp-e-facebook-ismael-colosi-vagas.jpg?ssl=1\" alt=\"\" \/><\/a><\/p>\n<!-- \/wp:image -->\n<\/div>\n<p> <br \/>\n<\/p>\n<div data-td-block-uid=\"tdi_95\">\n<div class=\"tdb-block-inner td-fix-index\">\n<p>A institui\u00e7\u00e3o <strong>Obreiros do Bem <\/strong>realiza na <strong>quarta-feira (12)<\/strong> uma nova edi\u00e7\u00e3o do bazar beneficente anual, das <strong>14h \u00e0s 19h<\/strong>, no <strong>Aruac\u00e1ria Flat Hotel<\/strong>. O evento \u00e9 aberto ao p\u00fablico e tem como objetivo arrecadar recursos para manuten\u00e7\u00e3o das atividades sociais desenvolvidas pela entidade.<\/p>\n<p>O bazar contar\u00e1 com <mark style=\"background-color:#fcb900\" class=\"has-inline-color\">pe\u00e7as artesanais produzidas por volunt\u00e1rias nos ateli\u00eas de costura e tear da institui\u00e7\u00e3o<\/mark>, al\u00e9m de contar com itens de decora\u00e7\u00e3o e utilidades dom\u00e9sticas. Os produtos s\u00e3o confeccionados ao longo do ano e comercializados a pre\u00e7os acess\u00edveis.<\/p>\n<figure class=\"wp-block-pullquote\">\n<blockquote>\n<p>\u201cO bazar \u00e9 resultado do trabalho cont\u00ednuo de volunt\u00e1rias que dedicam tempo e talento \u00e0 causa. Al\u00e9m de arrecadar recursos, \u00e9 um momento de aproxima\u00e7\u00e3o com a comunidade e de valoriza\u00e7\u00e3o do trabalho coletivo que mant\u00e9m nossos projetos ativos\u201d<\/p>\n<p><cite>Maria Aparecida Adorno, diretora da entidade<\/cite><\/p><\/blockquote>\n<\/figure>\n<p>Toda a renda obtida ser\u00e1 integralmente destinada aos projetos sociais mantidos pela <em>Obreiros do Bem<\/em>, que atende crian\u00e7as e adolescentes no contraturno escolar.<\/p>\n<h2 class=\"wp-block-heading\"><strong>Servi\u00e7o<\/strong><\/h2>\n<p><strong><em>Bazar beneficente Obreiros do em<\/em><\/strong><\/p>\n<p><strong>Quando: <\/strong>12 de novembro, quarta-feira <strong><br \/>Hor\u00e1rio: <\/strong>Das 14h \u00e0s 19h <strong><br \/>Local: <\/strong>Aracu\u00e1ria Flat Hotel | rua Jo\u00e3o Penteado, 2103 \u2013 Jardim Am\u00e9rica <strong><br \/>Entrada gratuita<\/strong><\/p>\n<p>SAIBA MAIS<br \/>Caminh\u00e3o carregado de laranja tomba em rodovia na regi\u00e3o de Ribeir\u00e3o Preto<\/p>\n<h2 class=\"wp-block-heading\"><strong>FIQUE ON<\/strong><\/h2>\n<p>Fique ligado em tudo que acontece em Ribeir\u00e3o Preto e regi\u00e3o. Siga os perfis do\u00a0<strong>acidade on<\/strong>\u00a0no<a href=\"https:\/\/www.instagram.com\/acidadeonribeirao\" target=\"_blank\" rel=\"noreferrer noopener\">\u00a0Instagram\u00a0<\/a>e no\u00a0<a href=\"https:\/\/www.facebook.com\/acidadeonribeirao\/\" target=\"_blank\" rel=\"noreferrer noopener\">Facebook<\/a>.<\/p>\n<p>Receba not\u00edcias do<strong>\u00a0acidade on<\/strong>\u00a0no WhatsApp. Para entrar no grupo,\u00a0basta\u00a0<a href=\"https:\/\/chat.whatsapp.com\/I4nieTEMKlf50pJ28aMemC?mode=ac_t\" target=\"_blank\" rel=\"noreferrer noopener\">clicar aqui<\/a>. Ou, acesse o nosso\u00a0Canal\u00a0<a href=\"https:\/\/whatsapp.com\/channel\/0029Vb6IQl1JENyAeS57fk2p\" target=\"_blank\" rel=\"noreferrer noopener\">clicando aqui<\/a>.<\/p>\n<p>Fa\u00e7a uma den\u00fancia ou sugira uma reportagem sobre Ribeir\u00e3o Preto e regi\u00e3o pelo WhatsApp: 16 99117 7802.<\/p>\n<p>VEJA TAMB\u00c9M<br \/>Por que Ariana Grande n\u00e3o vem mais ao Brasil?\u00a0<\/p>\n<p><!-- AI CONTENT END 1 -->\n<\/div>\n<\/div>\n<p><script async src=\"\/\/www.instagram.com\/embed.js\"><\/script><br \/>\n<br \/><br \/>\n<br \/><a href=\"https:\/\/www.acidadeon.com\/ribeiraopreto\/lazer-e-cultura\/ribeirao-preto-recebe-bazar-beneficente-com-pecas-artesanais-veja-quando\/\">Source link <\/a><\/p>\n<!-- CONTENT END 1 -->\n","protected":false},"excerpt":{"rendered":"<p>A institui\u00e7\u00e3o Obreiros do Bem realiza na quarta-feira (12) uma nova edi\u00e7\u00e3o do bazar beneficente anual, das 14h \u00e0s 19h, no Aruac\u00e1ria Flat Hotel. O&#8230;<\/p>\n","protected":false},"author":1,"featured_media":79675,"comment_status":"open","ping_status":"open","sticky":false,"template":"","format":"standard","meta":{"advanced_seo_description":"","jetpack_seo_html_title":"","jetpack_seo_noindex":false,"jetpack_post_was_ever_published":false,"_jetpack_newsletter_access":"","_jetpack_dont_email_post_to_subs":false,"_jetpack_newsletter_tier_id":0,"_jetpack_memberships_contains_paywalled_content":false,"_jetpack_memberships_contains_paid_content":false,"footnotes":"","jetpack_publicize_message":"","jetpack_publicize_feature_enabled":true,"jetpack_social_post_already_shared":true,"jetpack_social_options":{"image_generator_settings":{"template":"highway","default_image_id":0,"font":"","enabled":false},"version":2}},"categories":[11],"tags":[],"class_list":["post-79674","post","type-post","status-publish","format-standard","has-post-thumbnail","hentry","category-noticias-de-ribeirao-preto-sp-e-regiao-ismael-colosi"],"jetpack_publicize_connections":[],"jetpack_featured_media_url":"https:\/\/i0.wp.com\/noticiasribeiraopreto.com.br\/wp-content\/uploads\/2025\/11\/Copia-de-Copia-de-Copia-de-TAMANHO-EXATO-PARA-FOTOS-NO-SISTEMA-NOVO-82_2025-11-05_11-53-26.webp.webp?fit=1200%2C675&ssl=1","jetpack-related-posts":[{"id":80801,"url":"https:\/\/noticiasribeiraopreto.com.br\/index.php\/2025\/12\/14\/ribeirao-preto-recebe-bazar-com-edicao-especial-de-natal-entrada-e-gratuita\/","url_meta":{"origin":79674,"position":0},"title":"Ribeir\u00e3o Preto recebe bazar com edi\u00e7\u00e3o especial de Natal; entrada \u00e9 gratuita","author":"noticiasribeiraopreto.com.br","date":"14 de December de 2025","format":false,"excerpt":"O Fashion Bazar realiza sua edi\u00e7\u00e3o especial de Natal nos dias 17 e 18 de dezembro, das 10h \u00e0s 22h, na avenida Nove de Julho, 652, em Ribeir\u00e3o Preto. A entrada \u00e9 gratuita. O p\u00fablico encontrar\u00e1 produtos de moda para toda a fam\u00edlia, decora\u00e7\u00e3o (incluindo pe\u00e7as natalinas), artesanato criativo, acess\u00f3rios,\u2026","rel":"","context":"In &quot;Not\u00edcias de Ribeir\u00e3o Preto-SP e Regi\u00e3o&quot;","block_context":{"text":"Not\u00edcias de Ribeir\u00e3o Preto-SP e Regi\u00e3o","link":"https:\/\/noticiasribeiraopreto.com.br\/index.php\/category\/noticias-de-ribeirao-preto-sp-e-regiao-ismael-colosi\/"},"img":{"alt_text":"","src":"https:\/\/i0.wp.com\/noticiasribeiraopreto.com.br\/wp-content\/uploads\/2025\/12\/bazar_2025-12-13_19-43-43.webp.webp?fit=1200%2C800&ssl=1&resize=350%2C200","width":350,"height":200,"srcset":"https:\/\/i0.wp.com\/noticiasribeiraopreto.com.br\/wp-content\/uploads\/2025\/12\/bazar_2025-12-13_19-43-43.webp.webp?fit=1200%2C800&ssl=1&resize=350%2C200 1x, https:\/\/i0.wp.com\/noticiasribeiraopreto.com.br\/wp-content\/uploads\/2025\/12\/bazar_2025-12-13_19-43-43.webp.webp?fit=1200%2C800&ssl=1&resize=525%2C300 1.5x, https:\/\/i0.wp.com\/noticiasribeiraopreto.com.br\/wp-content\/uploads\/2025\/12\/bazar_2025-12-13_19-43-43.webp.webp?fit=1200%2C800&ssl=1&resize=700%2C400 2x, https:\/\/i0.wp.com\/noticiasribeiraopreto.com.br\/wp-content\/uploads\/2025\/12\/bazar_2025-12-13_19-43-43.webp.webp?fit=1200%2C800&ssl=1&resize=1050%2C600 3x"},"classes":[]},{"id":74202,"url":"https:\/\/noticiasribeiraopreto.com.br\/index.php\/2025\/07\/17\/sertaozinho-recebe-bazar-com-descontos-de-50-veja-como-participar\/","url_meta":{"origin":79674,"position":1},"title":"Sert\u00e3ozinho recebe bazar com descontos de 50%; Veja como participar","author":"noticiasribeiraopreto.com.br","date":"17 de July de 2025","format":false,"excerpt":"Acontece no pr\u00f3ximo s\u00e1bado (19) o Bazar de Encerramento Pr\u00f3 Beija-Flor, do Instituto Aparecido Savegnago, em Sert\u00e3ozinho, na regi\u00e3o de Ribeir\u00e3o Preto. O bazar conta com pe\u00e7as masculinas, femininas, infantis, al\u00e9m de brinquedos. Toda a loja conta com 50% de desconto. Os recursos ser\u00e3o destinados ao Instituto Aparecido Savegnago, que\u2026","rel":"","context":"In &quot;Not\u00edcias de Ribeir\u00e3o Preto-SP e Regi\u00e3o&quot;","block_context":{"text":"Not\u00edcias de Ribeir\u00e3o Preto-SP e Regi\u00e3o","link":"https:\/\/noticiasribeiraopreto.com.br\/index.php\/category\/noticias-de-ribeirao-preto-sp-e-regiao-ismael-colosi\/"},"img":{"alt_text":"","src":"https:\/\/i0.wp.com\/noticiasribeiraopreto.com.br\/wp-content\/uploads\/2025\/07\/Copia-de-Copia-de-Copia-de-TAMANHO-EXATO-PARA-FOTOS-NO-SISTEMA-NOVO-2025-04-10T154853.809_2025-04-10_18-51-31_png_2025-04-10_18-51-31.webp.webp?fit=1200%2C675&ssl=1&resize=350%2C200","width":350,"height":200,"srcset":"https:\/\/i0.wp.com\/noticiasribeiraopreto.com.br\/wp-content\/uploads\/2025\/07\/Copia-de-Copia-de-Copia-de-TAMANHO-EXATO-PARA-FOTOS-NO-SISTEMA-NOVO-2025-04-10T154853.809_2025-04-10_18-51-31_png_2025-04-10_18-51-31.webp.webp?fit=1200%2C675&ssl=1&resize=350%2C200 1x, https:\/\/i0.wp.com\/noticiasribeiraopreto.com.br\/wp-content\/uploads\/2025\/07\/Copia-de-Copia-de-Copia-de-TAMANHO-EXATO-PARA-FOTOS-NO-SISTEMA-NOVO-2025-04-10T154853.809_2025-04-10_18-51-31_png_2025-04-10_18-51-31.webp.webp?fit=1200%2C675&ssl=1&resize=525%2C300 1.5x, https:\/\/i0.wp.com\/noticiasribeiraopreto.com.br\/wp-content\/uploads\/2025\/07\/Copia-de-Copia-de-Copia-de-TAMANHO-EXATO-PARA-FOTOS-NO-SISTEMA-NOVO-2025-04-10T154853.809_2025-04-10_18-51-31_png_2025-04-10_18-51-31.webp.webp?fit=1200%2C675&ssl=1&resize=700%2C400 2x, https:\/\/i0.wp.com\/noticiasribeiraopreto.com.br\/wp-content\/uploads\/2025\/07\/Copia-de-Copia-de-Copia-de-TAMANHO-EXATO-PARA-FOTOS-NO-SISTEMA-NOVO-2025-04-10T154853.809_2025-04-10_18-51-31_png_2025-04-10_18-51-31.webp.webp?fit=1200%2C675&ssl=1&resize=1050%2C600 3x"},"classes":[]},{"id":55971,"url":"https:\/\/noticiasribeiraopreto.com.br\/index.php\/2024\/08\/08\/projeto-beija-flor-realiza-bazar-neste-sabado-na-regiao-de-ribeirao-preto\/","url_meta":{"origin":79674,"position":2},"title":"Projeto Beija-Flor realiza bazar neste s\u00e1bado na regi\u00e3o de Ribeir\u00e3o Preto","author":"noticiasribeiraopreto.com.br","date":"8 de August de 2024","format":false,"excerpt":"O Projeto Beija-Flor, de Sert\u00e3ozinho, na regi\u00e3o de Ribeir\u00e3o Preto, realizar\u00e1 neste s\u00e1bado (10), um bazar com produtos a partir de R$ 10 at\u00e9 R$ 120. O evento acontece das 8h \u00e0s 13h, na rua Jos\u00e9 Bonini, 57 (Unidade II da IAS). Todo valor arrecadado na a\u00e7\u00e3o ser\u00e1 revertida para\u2026","rel":"","context":"In &quot;Not\u00edcias de Ribeir\u00e3o Preto-SP e Regi\u00e3o&quot;","block_context":{"text":"Not\u00edcias de Ribeir\u00e3o Preto-SP e Regi\u00e3o","link":"https:\/\/noticiasribeiraopreto.com.br\/index.php\/category\/noticias-de-ribeirao-preto-sp-e-regiao-ismael-colosi\/"},"img":{"alt_text":"","src":"https:\/\/i0.wp.com\/noticiasribeiraopreto.com.br\/wp-content\/uploads\/2024\/08\/Copia-de-Copia-de-TAMANHO-EXATO-PARA-FOTOS-NO-SISTEMA-NOVO-38_2024-08-08_16-23-34_jpg_2024-08-08_16-23-34.webp.webp?fit=1200%2C675&ssl=1&resize=350%2C200","width":350,"height":200,"srcset":"https:\/\/i0.wp.com\/noticiasribeiraopreto.com.br\/wp-content\/uploads\/2024\/08\/Copia-de-Copia-de-TAMANHO-EXATO-PARA-FOTOS-NO-SISTEMA-NOVO-38_2024-08-08_16-23-34_jpg_2024-08-08_16-23-34.webp.webp?fit=1200%2C675&ssl=1&resize=350%2C200 1x, https:\/\/i0.wp.com\/noticiasribeiraopreto.com.br\/wp-content\/uploads\/2024\/08\/Copia-de-Copia-de-TAMANHO-EXATO-PARA-FOTOS-NO-SISTEMA-NOVO-38_2024-08-08_16-23-34_jpg_2024-08-08_16-23-34.webp.webp?fit=1200%2C675&ssl=1&resize=525%2C300 1.5x, https:\/\/i0.wp.com\/noticiasribeiraopreto.com.br\/wp-content\/uploads\/2024\/08\/Copia-de-Copia-de-TAMANHO-EXATO-PARA-FOTOS-NO-SISTEMA-NOVO-38_2024-08-08_16-23-34_jpg_2024-08-08_16-23-34.webp.webp?fit=1200%2C675&ssl=1&resize=700%2C400 2x, https:\/\/i0.wp.com\/noticiasribeiraopreto.com.br\/wp-content\/uploads\/2024\/08\/Copia-de-Copia-de-TAMANHO-EXATO-PARA-FOTOS-NO-SISTEMA-NOVO-38_2024-08-08_16-23-34_jpg_2024-08-08_16-23-34.webp.webp?fit=1200%2C675&ssl=1&resize=1050%2C600 3x"},"classes":[]},{"id":73493,"url":"https:\/\/noticiasribeiraopreto.com.br\/index.php\/2025\/07\/03\/bazar-celebra-24-anos-em-ribeirao-com-arraia-shows-e-oficinas\/","url_meta":{"origin":79674,"position":3},"title":"Bazar celebra 24 anos em Ribeir\u00e3o com arrai\u00e1, shows e oficinas","author":"noticiasribeiraopreto.com.br","date":"3 de July de 2025","format":false,"excerpt":"O tradicional Fashion Bazar chega \u00e0 sua 24\u00aa edi\u00e7\u00e3o neste m\u00eas e contar\u00e1 com uma edi\u00e7\u00e3o especial. O evento acontece no pr\u00f3ximo s\u00e1bado (12), a partir das 10h, no Espa\u00e7o Santa Teresinha. A entrada \u00e9 gratuita, e a programa\u00e7\u00e3o conta com uma s\u00e9rie de atividades culturais. O bazar ter\u00e1 arrai\u00e1\u2026","rel":"","context":"In &quot;Not\u00edcias de Ribeir\u00e3o Preto-SP e Regi\u00e3o&quot;","block_context":{"text":"Not\u00edcias de Ribeir\u00e3o Preto-SP e Regi\u00e3o","link":"https:\/\/noticiasribeiraopreto.com.br\/index.php\/category\/noticias-de-ribeirao-preto-sp-e-regiao-ismael-colosi\/"},"img":{"alt_text":"","src":"https:\/\/i0.wp.com\/noticiasribeiraopreto.com.br\/wp-content\/uploads\/2025\/07\/bazar_2025-07-03_14-11-30.webp.webp?fit=1200%2C675&ssl=1&resize=350%2C200","width":350,"height":200,"srcset":"https:\/\/i0.wp.com\/noticiasribeiraopreto.com.br\/wp-content\/uploads\/2025\/07\/bazar_2025-07-03_14-11-30.webp.webp?fit=1200%2C675&ssl=1&resize=350%2C200 1x, https:\/\/i0.wp.com\/noticiasribeiraopreto.com.br\/wp-content\/uploads\/2025\/07\/bazar_2025-07-03_14-11-30.webp.webp?fit=1200%2C675&ssl=1&resize=525%2C300 1.5x, https:\/\/i0.wp.com\/noticiasribeiraopreto.com.br\/wp-content\/uploads\/2025\/07\/bazar_2025-07-03_14-11-30.webp.webp?fit=1200%2C675&ssl=1&resize=700%2C400 2x, https:\/\/i0.wp.com\/noticiasribeiraopreto.com.br\/wp-content\/uploads\/2025\/07\/bazar_2025-07-03_14-11-30.webp.webp?fit=1200%2C675&ssl=1&resize=1050%2C600 3x"},"classes":[]},{"id":75388,"url":"https:\/\/noticiasribeiraopreto.com.br\/index.php\/2025\/08\/07\/ribeirao-preto-recebe-bazar-solidario-com-brinquedos-roupas-e-moveis-veja-quando\/","url_meta":{"origin":79674,"position":4},"title":"Ribeir\u00e3o Preto recebe bazar solid\u00e1rio com brinquedos, roupas e m\u00f3veis; veja quando","author":"noticiasribeiraopreto.com.br","date":"7 de August de 2025","format":false,"excerpt":"A Fraternidade Solid\u00e1ria S\u00e3o Francisco de Assis \u2013 Padre Jo\u00e3o R\u00edpoli (Frasol) realiza, nos dias 8 e 9 de agosto, um bazar beneficente no bairro Parque Ribeir\u00e3o, em Ribeir\u00e3o Preto. O evento re\u00fane brinquedos, roupas, cal\u00e7ados, m\u00f3veis, bolsas, bijuterias, livros e utens\u00edlios dom\u00e9sticos em bom estado, com pre\u00e7os acess\u00edveis ao\u2026","rel":"","context":"In &quot;Not\u00edcias de Ribeir\u00e3o Preto-SP e Regi\u00e3o&quot;","block_context":{"text":"Not\u00edcias de Ribeir\u00e3o Preto-SP e Regi\u00e3o","link":"https:\/\/noticiasribeiraopreto.com.br\/index.php\/category\/noticias-de-ribeirao-preto-sp-e-regiao-ismael-colosi\/"},"img":{"alt_text":"","src":"https:\/\/i0.wp.com\/noticiasribeiraopreto.com.br\/wp-content\/uploads\/2025\/08\/Copia-de-Copia-de-Copia-de-TAMANHO-EXATO-PARA-FOTOS-NO-SISTEMA-NOVO-2025-08-07T145623.771_2025-08-07_18-01-16.webp.webp?fit=1200%2C675&ssl=1&resize=350%2C200","width":350,"height":200,"srcset":"https:\/\/i0.wp.com\/noticiasribeiraopreto.com.br\/wp-content\/uploads\/2025\/08\/Copia-de-Copia-de-Copia-de-TAMANHO-EXATO-PARA-FOTOS-NO-SISTEMA-NOVO-2025-08-07T145623.771_2025-08-07_18-01-16.webp.webp?fit=1200%2C675&ssl=1&resize=350%2C200 1x, https:\/\/i0.wp.com\/noticiasribeiraopreto.com.br\/wp-content\/uploads\/2025\/08\/Copia-de-Copia-de-Copia-de-TAMANHO-EXATO-PARA-FOTOS-NO-SISTEMA-NOVO-2025-08-07T145623.771_2025-08-07_18-01-16.webp.webp?fit=1200%2C675&ssl=1&resize=525%2C300 1.5x, https:\/\/i0.wp.com\/noticiasribeiraopreto.com.br\/wp-content\/uploads\/2025\/08\/Copia-de-Copia-de-Copia-de-TAMANHO-EXATO-PARA-FOTOS-NO-SISTEMA-NOVO-2025-08-07T145623.771_2025-08-07_18-01-16.webp.webp?fit=1200%2C675&ssl=1&resize=700%2C400 2x, https:\/\/i0.wp.com\/noticiasribeiraopreto.com.br\/wp-content\/uploads\/2025\/08\/Copia-de-Copia-de-Copia-de-TAMANHO-EXATO-PARA-FOTOS-NO-SISTEMA-NOVO-2025-08-07T145623.771_2025-08-07_18-01-16.webp.webp?fit=1200%2C675&ssl=1&resize=1050%2C600 3x"},"classes":[]},{"id":77014,"url":"https:\/\/noticiasribeiraopreto.com.br\/index.php\/2025\/09\/10\/creche-realiza-cha-beneficente-para-arrecadar-fundos-e-manter-atividades-em-ribeirao\/","url_meta":{"origin":79674,"position":5},"title":"Creche realiza &#8216;Ch\u00e1 Beneficente&#8217; para arrecadar fundos e manter atividades em Ribeir\u00e3o","author":"noticiasribeiraopreto.com.br","date":"10 de September de 2025","format":false,"excerpt":"Ribeir\u00e3o Preto recebe no dia 08 de outubro, a partir das 14h, o tradicional \u201cCh\u00e1 Beneficente\u201d da Creche Modelo da Vila Virg\u00ednia. O evento acontece em um hotel localizado na avenida Maur\u00edlio Biagi, 1.577, no bairro Ribeir\u00e2nia, zona Leste de Ribeir\u00e3o Preto. O evento tem como objetivo arrecadar recursos para\u2026","rel":"","context":"In &quot;Not\u00edcias de Ribeir\u00e3o Preto-SP e Regi\u00e3o&quot;","block_context":{"text":"Not\u00edcias de Ribeir\u00e3o Preto-SP e Regi\u00e3o","link":"https:\/\/noticiasribeiraopreto.com.br\/index.php\/category\/noticias-de-ribeirao-preto-sp-e-regiao-ismael-colosi\/"},"img":{"alt_text":"","src":"https:\/\/i0.wp.com\/noticiasribeiraopreto.com.br\/wp-content\/uploads\/2025\/09\/WhatsApp-Image-2025-09-10-at-11.40.08_2025-09-10_14-53-45.webp.webp?fit=1200%2C1084&ssl=1&resize=350%2C200","width":350,"height":200,"srcset":"https:\/\/i0.wp.com\/noticiasribeiraopreto.com.br\/wp-content\/uploads\/2025\/09\/WhatsApp-Image-2025-09-10-at-11.40.08_2025-09-10_14-53-45.webp.webp?fit=1200%2C1084&ssl=1&resize=350%2C200 1x, https:\/\/i0.wp.com\/noticiasribeiraopreto.com.br\/wp-content\/uploads\/2025\/09\/WhatsApp-Image-2025-09-10-at-11.40.08_2025-09-10_14-53-45.webp.webp?fit=1200%2C1084&ssl=1&resize=525%2C300 1.5x, https:\/\/i0.wp.com\/noticiasribeiraopreto.com.br\/wp-content\/uploads\/2025\/09\/WhatsApp-Image-2025-09-10-at-11.40.08_2025-09-10_14-53-45.webp.webp?fit=1200%2C1084&ssl=1&resize=700%2C400 2x, https:\/\/i0.wp.com\/noticiasribeiraopreto.com.br\/wp-content\/uploads\/2025\/09\/WhatsApp-Image-2025-09-10-at-11.40.08_2025-09-10_14-53-45.webp.webp?fit=1200%2C1084&ssl=1&resize=1050%2C600 3x"},"classes":[]}],"jetpack_sharing_enabled":true,"jetpack_shortlink":"https:\/\/wp.me\/peQAOb-kJ4","_links":{"self":[{"href":"https:\/\/noticiasribeiraopreto.com.br\/index.php\/wp-json\/wp\/v2\/posts\/79674","targetHints":{"allow":["GET"]}}],"collection":[{"href":"https:\/\/noticiasribeiraopreto.com.br\/index.php\/wp-json\/wp\/v2\/posts"}],"about":[{"href":"https:\/\/noticiasribeiraopreto.com.br\/index.php\/wp-json\/wp\/v2\/types\/post"}],"author":[{"embeddable":true,"href":"https:\/\/noticiasribeiraopreto.com.br\/index.php\/wp-json\/wp\/v2\/users\/1"}],"replies":[{"embeddable":true,"href":"https:\/\/noticiasribeiraopreto.com.br\/index.php\/wp-json\/wp\/v2\/comments?post=79674"}],"version-history":[{"count":0,"href":"https:\/\/noticiasribeiraopreto.com.br\/index.php\/wp-json\/wp\/v2\/posts\/79674\/revisions"}],"wp:featuredmedia":[{"embeddable":true,"href":"https:\/\/noticiasribeiraopreto.com.br\/index.php\/wp-json\/wp\/v2\/media\/79675"}],"wp:attachment":[{"href":"https:\/\/noticiasribeiraopreto.com.br\/index.php\/wp-json\/wp\/v2\/media?parent=79674"}],"wp:term":[{"taxonomy":"category","embeddable":true,"href":"https:\/\/noticiasribeiraopreto.com.br\/index.php\/wp-json\/wp\/v2\/categories?post=79674"},{"taxonomy":"post_tag","embeddable":true,"href":"https:\/\/noticiasribeiraopreto.com.br\/index.php\/wp-json\/wp\/v2\/tags?post=79674"}],"curies":[{"name":"wp","href":"https:\/\/api.w.org\/{rel}","templated":true}]}}