{"id":79676,"date":"2025-11-05T17:56:08","date_gmt":"2025-11-05T20:56:08","guid":{"rendered":"https:\/\/noticiasribeiraopreto.com.br\/index.php\/2025\/11\/05\/ciclone-e-frente-fria-motivam-alerta-para-tempestades-e-ventania\/"},"modified":"2025-11-05T17:56:08","modified_gmt":"2025-11-05T20:56:08","slug":"ciclone-e-frente-fria-motivam-alerta-para-tempestades-e-ventania","status":"publish","type":"post","link":"https:\/\/noticiasribeiraopreto.com.br\/index.php\/2025\/11\/05\/ciclone-e-frente-fria-motivam-alerta-para-tempestades-e-ventania\/","title":{"rendered":"Ciclone e frente fria motivam alerta para tempestades e ventania"},"content":{"rendered":"<div class='code-block code-block-1' style='margin: 8px 0 8px auto; text-align: right; display: block; clear: both;'>\n<p><a href=\"https:\/\/wa.link\/vpicfd\"><img data-recalc-dims=\"1\" class=\"wp-image-4922\" style=\"aspect-ratio: 2.0253164556962027; width: 561px; height: auto;\" src=\"https:\/\/i0.wp.com\/ismaelcolosi.com.br\/wp-content\/uploads\/2023\/11\/grupo-de-empregos-whatsapp-e-facebook-ismael-colosi-vagas.jpg?ssl=1\" alt=\"\" \/><\/a><\/p>\n<!-- \/wp:image -->\n<\/div>\n<p> <br \/>\n<\/p>\n<div>\n<p>A forma\u00e7\u00e3o de um novo <strong>ciclone extratropical<\/strong>, seguido pela forma\u00e7\u00e3o de uma <strong>frente fria <\/strong>sobre o Sul do Brasil entre os dias 7 e 8 de novembro, deixa os estados da regi\u00e3o sudeste, incluindo o<strong> Estado de S\u00e3o Paulo<\/strong>, em alerta para tempestades e ventania.<\/p>\n<p>Segundo a Climatempo, o processo de forma\u00e7\u00e3o do ciclone e da frente fria gera \u00e1reas de instabilidade que v\u00e3o espalhar nuvens carregadas, com potencial para provocar chuva forte em pouco tempo, muitos raios e ventania. <mark style=\"background-color:#fcb900\" class=\"has-inline-color has-black-color\">As rajadas de vento podem chegar a 100 km\/h e podem atingir, principalmente, \u00e1reas litor\u00e2neas e de serra.<\/mark><\/p>\n<h2 class=\"wp-block-heading\"><strong>Ciclone extratropical<\/strong><\/h2>\n<p>Os meteorologistas informam que a forma\u00e7\u00e3o do ciclone e da frente fria come\u00e7a com uma \u00e1rea de baixa press\u00e3o atmosf\u00e9rica que ganha for\u00e7a entre a tarde e a noite da quinta-feira (6). Contudo, durante a sexta-feira (7) ocorre a intensifica\u00e7\u00e3o e expans\u00e3o desta \u00e1rea de baixa press\u00e3o sobre o Sul do Brasil.<\/p>\n<figure class=\"wp-block-image size-large\"><img data-recalc-dims=\"1\" fetchpriority=\"high\" decoding=\"async\" width=\"1024\" height=\"573\" src=\"https:\/\/i0.wp.com\/cdn.media-acidadeon.com.br\/ribeiraopreto\/wp-content\/uploads\/sites\/3\/2025\/11\/ciclone-extratropical_2025-11-05_18-39-39-1024x573.webp?resize=1024%2C573&#038;ssl=1\" alt=\"ciclone extratropical 2025 11 05 18 39 39\" class=\"wp-image-134847\" title=\"Ciclone e frente fria motivam alerta para tempestades e ventania 1\" srcset=\"https:\/\/cdn.media-acidadeon.com.br\/ribeiraopreto\/wp-content\/uploads\/sites\/3\/2025\/11\/ciclone-extratropical_2025-11-05_18-39-39-1024x573.webp 1024w, https:\/\/cdn.media-acidadeon.com.br\/ribeiraopreto\/wp-content\/uploads\/sites\/3\/2025\/11\/ciclone-extratropical_2025-11-05_18-39-39-300x168.webp 300w, https:\/\/cdn.media-acidadeon.com.br\/ribeiraopreto\/wp-content\/uploads\/sites\/3\/2025\/11\/ciclone-extratropical_2025-11-05_18-39-39-768x429.webp 768w, https:\/\/cdn.media-acidadeon.com.br\/ribeiraopreto\/wp-content\/uploads\/sites\/3\/2025\/11\/ciclone-extratropical_2025-11-05_18-39-39-696x389.webp 696w, https:\/\/cdn.media-acidadeon.com.br\/ribeiraopreto\/wp-content\/uploads\/sites\/3\/2025\/11\/ciclone-extratropical_2025-11-05_18-39-39-1068x597.webp 1068w, https:\/\/cdn.media-acidadeon.com.br\/ribeiraopreto\/wp-content\/uploads\/sites\/3\/2025\/11\/ciclone-extratropical_2025-11-05_18-39-39.webp 1200w\" sizes=\"(max-width: 1024px) 100vw, 1024px\"\/><figcaption class=\"wp-element-caption\">Ciclone deve se aproximar de S\u00e3o Paulo no s\u00e1bado (8) (Fonte: Climatempo)<\/figcaption><\/figure>\n<h2 class=\"wp-block-heading\"><strong>Deslocamento do ciclone<\/strong><\/h2>\n<p>O ciclone extratropical \u00e9 considerado perigoso pelos meteorologistas da <strong><a href=\"https:\/\/www.climatempo.com.br\/noticia\/ciclone\/ciclone-extratropical-deixa-sul-sudeste-e-centro-oeste-em-alerta-para-tempestades-e-ventania\" data-type=\"link\" data-id=\"https:\/\/www.climatempo.com.br\/noticia\/ciclone\/ciclone-extratropical-deixa-sul-sudeste-e-centro-oeste-em-alerta-para-tempestades-e-ventania\" target=\"_blank\" rel=\"noopener\">Climatempo <\/a><\/strong>porque deve se organizar sobre o Sul do Brasil e, j\u00e1 sobre o oceano, deve se deslocar pr\u00f3ximo ao litoral de S\u00e3o Paulo e do Rio de Janeiro.<\/p>\n<p>Durante a madrugada do s\u00e1bado (8), o centro do ciclone extratropical se desloca para o litoral catarinense e no decorrer da manh\u00e3 e tarde do s\u00e1bado avan\u00e7a no mar em dire\u00e7\u00e3o \u00e0 costa de S\u00e3o Paulo e do Rio de Janeiro.<\/p>\n<p>Durante o domingo (9), o ciclone extratropical estar\u00e1 no mar, com centro estimado entre a costa do Rio de Janeiro e do Esp\u00edrito Santo, ainda impactando \u00e1reas do litoral da regi\u00e3o Sudeste.<\/p>\n<p>\u201c\u00c1reas do interior de S\u00e3o Paulo, do centro-oeste e norte de Minas Gerais e o Esp\u00edrito Santo tamb\u00e9m v\u00e3o sentir rajadas de ventos provocadas pelo ciclone extratropical, mas com menor intensidade do que o esperado para as regi\u00f5es pr\u00f3ximas do litoral\u201d, informa.<\/p>\n<h2 class=\"wp-block-heading\"><strong>Ventania<\/strong><\/h2>\n<p>O processo de forma\u00e7\u00e3o da frente fria e do ciclone extratropical vai gerar fortes rajadas de ventos. \u201cS\u00e3o rajadas que podem ocorrer mesmo sem estar chovendo\u201d, aponta a <strong><a href=\"https:\/\/www.climatempo.com.br\/noticia\/ciclone\/ciclone-extratropical-deixa-sul-sudeste-e-centro-oeste-em-alerta-para-tempestades-e-ventania\" data-type=\"link\" data-id=\"https:\/\/www.climatempo.com.br\/noticia\/ciclone\/ciclone-extratropical-deixa-sul-sudeste-e-centro-oeste-em-alerta-para-tempestades-e-ventania\" target=\"_blank\" rel=\"noopener\">Climatempo<\/a><\/strong>.<\/p>\n<h2 class=\"wp-block-heading\"><strong>Temporais, granizo e raios<\/strong><\/h2>\n<p>No fim de semana, com a forma\u00e7\u00e3o e deslocamento da frente fria e do ciclone extratropical, muitas nuvens do tipo cumulonimbus v\u00e3o se formar no Sul, no Sudeste e no Centro-Oeste do Brasil.<\/p>\n<p>Estas nuvens t\u00eam potencial para provocar e os temporais com chuva forte, raios e fortes rajadas de vento, eventualmente queda de granizo. Todos estes fen\u00f4menos podem ocorrer em todos os estados das regi\u00f5es Sul e Sudeste.<\/p>\n<p>\u201cNo Sudeste, os temporais por causa da forma\u00e7\u00e3o da frente fria e do ciclone extratropical come\u00e7am por S\u00e3o Paulo j\u00e1 tarde e noite da sexta-feira\u201d, informa.<\/p>\n<p>J\u00e1 no decorrer do s\u00e1bado, com o avan\u00e7o da frente fria e do ciclone pelo litoral do Sudeste, o risco de temporais continua sobre S\u00e3o Paulo, principalmente durante a madrugada (com informa\u00e7\u00f5es <strong><a href=\"https:\/\/www.climatempo.com.br\/noticia\/ciclone\/ciclone-extratropical-deixa-sul-sudeste-e-centro-oeste-em-alerta-para-tempestades-e-ventania\" data-type=\"link\" data-id=\"https:\/\/www.climatempo.com.br\/noticia\/ciclone\/ciclone-extratropical-deixa-sul-sudeste-e-centro-oeste-em-alerta-para-tempestades-e-ventania\" target=\"_blank\" rel=\"noopener\">Jos\u00e9lia Pegorim\/Climatempo<\/a><\/strong>).<\/p>\n<blockquote class=\"instagram-media\" data-instgrm-permalink=\"https:\/\/www.instagram.com\/reel\/DQryrBnDumn\/?utm_source=ig_embed&amp;utm_campaign=loading\" data-instgrm-version=\"14\" style=\" background:#FFF; border:0; border-radius:3px; box-shadow:0 0 1px 0 rgba(0,0,0,0.5),0 1px 10px 0 rgba(0,0,0,0.15); margin: 1px; max-width:540px; min-width:326px; padding:0; width:99.375%; width:-webkit-calc(100% - 2px); width:calc(100% - 2px);\"\/>\n<p>SAIBA MAIS<br \/>Quem \u00e9 o sortudo? Aposta simples de Ribeir\u00e3o Preto ganha R$ 34 mil na Mega-Sena<\/p>\n<h2 class=\"wp-block-heading\"><strong>FIQUE ON<\/strong><\/h2>\n<p>Fique ligado em tudo que acontece em Ribeir\u00e3o Preto e regi\u00e3o. Siga os perfis do<strong>\u00a0acidade on\u00a0<\/strong>no<a href=\"https:\/\/www.instagram.com\/acidadeonribeirao\" target=\"_blank\" rel=\"noreferrer noopener\">\u00a0Instagram\u00a0<\/a>e no\u00a0<a href=\"https:\/\/www.facebook.com\/acidadeonribeirao\/\" target=\"_blank\" rel=\"noreferrer noopener\">Facebook<\/a>.<\/p>\n<p>Receba not\u00edcias do\u00a0<strong>acidade on<\/strong>\u00a0no WhatsApp. Para entrar no grupo,\u00a0basta\u00a0<a href=\"https:\/\/chat.whatsapp.com\/I4nieTEMKlf50pJ28aMemC?mode=ac_t\" target=\"_blank\" rel=\"noreferrer noopener\">clicar aqui<\/a>. Ou, acesse o nosso\u00a0Canal\u00a0<a href=\"https:\/\/whatsapp.com\/channel\/0029Vb6IQl1JENyAeS57fk2p\" target=\"_blank\" rel=\"noreferrer noopener\">clicando aqui<\/a>.<\/p>\n<p>Fa\u00e7a uma den\u00fancia ou sugira uma reportagem sobre Ribeir\u00e3o Preto e regi\u00e3o pelo WhatsApp: 16 99117 7802.<\/p>\n<p>VEJA TAMB\u00c9M<br \/>IBGE: Quais os nomes e sobrenomes mais comuns do Brasil?<\/p>\n<p><!-- AI CONTENT END 1 -->\n<\/div>\n<p><script async src=\"\/\/www.instagram.com\/embed.js\"><\/script><br \/>\n<br \/><br \/>\n<br \/><a href=\"https:\/\/www.acidadeon.com\/ribeiraopreto\/cotidiano\/ciclone-e-frente-fria-motivam-alerta-para-tempestades-e-ventania\/\">Source link <\/a><\/p>\n<!-- CONTENT END 1 -->\n","protected":false},"excerpt":{"rendered":"<p>A forma\u00e7\u00e3o de um novo ciclone extratropical, seguido pela forma\u00e7\u00e3o de uma frente fria sobre o Sul do Brasil entre os dias 7 e 8&#8230;<\/p>\n","protected":false},"author":1,"featured_media":79677,"comment_status":"open","ping_status":"open","sticky":false,"template":"","format":"standard","meta":{"advanced_seo_description":"","jetpack_seo_html_title":"","jetpack_seo_noindex":false,"jetpack_post_was_ever_published":false,"_jetpack_newsletter_access":"","_jetpack_dont_email_post_to_subs":false,"_jetpack_newsletter_tier_id":0,"_jetpack_memberships_contains_paywalled_content":false,"_jetpack_memberships_contains_paid_content":false,"footnotes":"","jetpack_publicize_message":"","jetpack_publicize_feature_enabled":true,"jetpack_social_post_already_shared":true,"jetpack_social_options":{"image_generator_settings":{"template":"highway","default_image_id":0,"font":"","enabled":false},"version":2}},"categories":[11],"tags":[],"class_list":["post-79676","post","type-post","status-publish","format-standard","has-post-thumbnail","hentry","category-noticias-de-ribeirao-preto-sp-e-regiao-ismael-colosi"],"jetpack_publicize_connections":[],"jetpack_featured_media_url":"https:\/\/i0.wp.com\/noticiasribeiraopreto.com.br\/wp-content\/uploads\/2025\/11\/tempestade_2025-11-05_18-42-17.webp.webp?fit=1200%2C950&ssl=1","jetpack-related-posts":[{"id":81541,"url":"https:\/\/noticiasribeiraopreto.com.br\/index.php\/2026\/01\/09\/ciclone-extratropical-se-forma-e-frente-fria-muda-o-tempo-em-sp-saiba-quando\/","url_meta":{"origin":79676,"position":0},"title":"Ciclone extratropical se forma e frente fria muda o tempo em SP; Saiba quando","author":"noticiasribeiraopreto.com.br","date":"9 de January de 2026","format":false,"excerpt":"Um ciclone extratropical se organiza entre o Uruguai e o Sul do Brasil neste fim de semana, e uma nova frente fria, associada a esse sistema, vai aumentar as condi\u00e7\u00f5es para chuva no estado de S\u00e3o Paulo \u2013 saiba mais abaixo. Conforme a Climatempo, a \u00e1rea de baixa press\u00e3o que\u2026","rel":"","context":"In &quot;Not\u00edcias de Ribeir\u00e3o Preto-SP e Regi\u00e3o&quot;","block_context":{"text":"Not\u00edcias de Ribeir\u00e3o Preto-SP e Regi\u00e3o","link":"https:\/\/noticiasribeiraopreto.com.br\/index.php\/category\/noticias-de-ribeirao-preto-sp-e-regiao-ismael-colosi\/"},"img":{"alt_text":"","src":"https:\/\/i0.wp.com\/noticiasribeiraopreto.com.br\/wp-content\/uploads\/2026\/01\/Copia-de-Copia-de-Copia-de-TAMANHO-EXATO-PARA-FOTOS-NO-SISTEMA-NOVO-40_2024-10-24_18-16-41_png_2024-10-24_18-16-41.webp.webp?fit=1200%2C675&ssl=1&resize=350%2C200","width":350,"height":200,"srcset":"https:\/\/i0.wp.com\/noticiasribeiraopreto.com.br\/wp-content\/uploads\/2026\/01\/Copia-de-Copia-de-Copia-de-TAMANHO-EXATO-PARA-FOTOS-NO-SISTEMA-NOVO-40_2024-10-24_18-16-41_png_2024-10-24_18-16-41.webp.webp?fit=1200%2C675&ssl=1&resize=350%2C200 1x, https:\/\/i0.wp.com\/noticiasribeiraopreto.com.br\/wp-content\/uploads\/2026\/01\/Copia-de-Copia-de-Copia-de-TAMANHO-EXATO-PARA-FOTOS-NO-SISTEMA-NOVO-40_2024-10-24_18-16-41_png_2024-10-24_18-16-41.webp.webp?fit=1200%2C675&ssl=1&resize=525%2C300 1.5x, https:\/\/i0.wp.com\/noticiasribeiraopreto.com.br\/wp-content\/uploads\/2026\/01\/Copia-de-Copia-de-Copia-de-TAMANHO-EXATO-PARA-FOTOS-NO-SISTEMA-NOVO-40_2024-10-24_18-16-41_png_2024-10-24_18-16-41.webp.webp?fit=1200%2C675&ssl=1&resize=700%2C400 2x, https:\/\/i0.wp.com\/noticiasribeiraopreto.com.br\/wp-content\/uploads\/2026\/01\/Copia-de-Copia-de-Copia-de-TAMANHO-EXATO-PARA-FOTOS-NO-SISTEMA-NOVO-40_2024-10-24_18-16-41_png_2024-10-24_18-16-41.webp.webp?fit=1200%2C675&ssl=1&resize=1050%2C600 3x"},"classes":[]},{"id":84213,"url":"https:\/\/noticiasribeiraopreto.com.br\/index.php\/2026\/04\/04\/ciclone-extratropical-e-frente-fria-trazem-chuva-forte-a-sp-nos-proximos-dias\/","url_meta":{"origin":79676,"position":1},"title":"Ciclone extratropical e frente fria trazem chuva forte a SP nos pr\u00f3ximos dias","author":"noticiasribeiraopreto.com.br","date":"4 de April de 2026","format":false,"excerpt":"Ler o resumo da not\u00edcia Ciclone extratropical e frente fria trazem chuva forte a SP nos pr\u00f3ximos dias A partir da pr\u00f3xima segunda-feira (6), um novo ciclone extratropical e uma frente fria v\u00e3o se organizar entre o Brasil, o Uruguai, a Argentina e o Paraguai, segundo a Climatempo. Com isso,\u2026","rel":"","context":"In &quot;Not\u00edcias de Ribeir\u00e3o Preto-SP e Regi\u00e3o&quot;","block_context":{"text":"Not\u00edcias de Ribeir\u00e3o Preto-SP e Regi\u00e3o","link":"https:\/\/noticiasribeiraopreto.com.br\/index.php\/category\/noticias-de-ribeirao-preto-sp-e-regiao-ismael-colosi\/"},"img":{"alt_text":"","src":"https:\/\/i0.wp.com\/noticiasribeiraopreto.com.br\/wp-content\/uploads\/2026\/04\/nuvens-chuva-ribeirao-preto_2026-02-12_12-20-30.webp.webp?fit=1200%2C540&ssl=1&resize=350%2C200","width":350,"height":200,"srcset":"https:\/\/i0.wp.com\/noticiasribeiraopreto.com.br\/wp-content\/uploads\/2026\/04\/nuvens-chuva-ribeirao-preto_2026-02-12_12-20-30.webp.webp?fit=1200%2C540&ssl=1&resize=350%2C200 1x, https:\/\/i0.wp.com\/noticiasribeiraopreto.com.br\/wp-content\/uploads\/2026\/04\/nuvens-chuva-ribeirao-preto_2026-02-12_12-20-30.webp.webp?fit=1200%2C540&ssl=1&resize=525%2C300 1.5x, https:\/\/i0.wp.com\/noticiasribeiraopreto.com.br\/wp-content\/uploads\/2026\/04\/nuvens-chuva-ribeirao-preto_2026-02-12_12-20-30.webp.webp?fit=1200%2C540&ssl=1&resize=700%2C400 2x, https:\/\/i0.wp.com\/noticiasribeiraopreto.com.br\/wp-content\/uploads\/2026\/04\/nuvens-chuva-ribeirao-preto_2026-02-12_12-20-30.webp.webp?fit=1200%2C540&ssl=1&resize=1050%2C600 3x"},"classes":[]},{"id":59455,"url":"https:\/\/noticiasribeiraopreto.com.br\/index.php\/2024\/10\/24\/ciclone-e-frente-fria-deixam-estado-de-sp-em-alerta-para-tempestades\/","url_meta":{"origin":79676,"position":2},"title":"Ciclone e frente fria deixam estado de SP em alerta para tempestades","author":"noticiasribeiraopreto.com.br","date":"24 de October de 2024","format":false,"excerpt":"O Inmet (Instituto Nacional de Meteorologia) emitiu dois novos alertas para tempestade no estado de S\u00e3o Paulo. Segundo a Climatempo, nesta quinta-feira (24), uma\u00a0frente fria associada a um ciclone extratropical\u00a0dever\u00e1 favorecer a intensifica\u00e7\u00e3o da chuva e dos ventos nas regi\u00f5es\u00a0Sul, Sudeste e Centro-Oeste.\u00a0 Os avisos do Inmet s\u00e3o divididos em\u2026","rel":"","context":"In &quot;Not\u00edcias de Ribeir\u00e3o Preto-SP e Regi\u00e3o&quot;","block_context":{"text":"Not\u00edcias de Ribeir\u00e3o Preto-SP e Regi\u00e3o","link":"https:\/\/noticiasribeiraopreto.com.br\/index.php\/category\/noticias-de-ribeirao-preto-sp-e-regiao-ismael-colosi\/"},"img":{"alt_text":"","src":"https:\/\/i0.wp.com\/noticiasribeiraopreto.com.br\/wp-content\/uploads\/2024\/10\/WhatsApp-Image-2024-10-11-at-06.55.12_2024-10-11_09-56-34_jpeg_2024-10-11_09-56-35.webp.webp?fit=1200%2C540&ssl=1&resize=350%2C200","width":350,"height":200,"srcset":"https:\/\/i0.wp.com\/noticiasribeiraopreto.com.br\/wp-content\/uploads\/2024\/10\/WhatsApp-Image-2024-10-11-at-06.55.12_2024-10-11_09-56-34_jpeg_2024-10-11_09-56-35.webp.webp?fit=1200%2C540&ssl=1&resize=350%2C200 1x, https:\/\/i0.wp.com\/noticiasribeiraopreto.com.br\/wp-content\/uploads\/2024\/10\/WhatsApp-Image-2024-10-11-at-06.55.12_2024-10-11_09-56-34_jpeg_2024-10-11_09-56-35.webp.webp?fit=1200%2C540&ssl=1&resize=525%2C300 1.5x, https:\/\/i0.wp.com\/noticiasribeiraopreto.com.br\/wp-content\/uploads\/2024\/10\/WhatsApp-Image-2024-10-11-at-06.55.12_2024-10-11_09-56-34_jpeg_2024-10-11_09-56-35.webp.webp?fit=1200%2C540&ssl=1&resize=700%2C400 2x, https:\/\/i0.wp.com\/noticiasribeiraopreto.com.br\/wp-content\/uploads\/2024\/10\/WhatsApp-Image-2024-10-11-at-06.55.12_2024-10-11_09-56-34_jpeg_2024-10-11_09-56-35.webp.webp?fit=1200%2C540&ssl=1&resize=1050%2C600 3x"},"classes":[]},{"id":81851,"url":"https:\/\/noticiasribeiraopreto.com.br\/index.php\/2026\/01\/28\/inmet-alerta-para-chegada-de-ciclone-no-sudeste-ainda-nesta-semana\/","url_meta":{"origin":79676,"position":3},"title":"Inmet alerta para chegada de ciclone no Sudeste ainda nesta semana","author":"noticiasribeiraopreto.com.br","date":"28 de January de 2026","format":false,"excerpt":"O Instituto Nacional de Meteorologia (Inmet) emitiu alerta sobre a forma\u00e7\u00e3o de um ciclone no Sudeste a partir desta sexta-feira (30), que deve provocar chuvas intensas nos estados de S\u00e3o Paulo, Rio de Janeiro e sul de Minas Gerais. Previs\u00e3o de chuvas e tempestades Segundo o Inmet, o ciclone se\u2026","rel":"","context":"In &quot;Not\u00edcias de Ribeir\u00e3o Preto-SP e Regi\u00e3o&quot;","block_context":{"text":"Not\u00edcias de Ribeir\u00e3o Preto-SP e Regi\u00e3o","link":"https:\/\/noticiasribeiraopreto.com.br\/index.php\/category\/noticias-de-ribeirao-preto-sp-e-regiao-ismael-colosi\/"},"img":{"alt_text":"","src":"https:\/\/i0.wp.com\/noticiasribeiraopreto.com.br\/wp-content\/uploads\/2026\/01\/image_2026-01-27_18-01-00.webp.webp?fit=1200%2C675&ssl=1&resize=350%2C200","width":350,"height":200,"srcset":"https:\/\/i0.wp.com\/noticiasribeiraopreto.com.br\/wp-content\/uploads\/2026\/01\/image_2026-01-27_18-01-00.webp.webp?fit=1200%2C675&ssl=1&resize=350%2C200 1x, https:\/\/i0.wp.com\/noticiasribeiraopreto.com.br\/wp-content\/uploads\/2026\/01\/image_2026-01-27_18-01-00.webp.webp?fit=1200%2C675&ssl=1&resize=525%2C300 1.5x, https:\/\/i0.wp.com\/noticiasribeiraopreto.com.br\/wp-content\/uploads\/2026\/01\/image_2026-01-27_18-01-00.webp.webp?fit=1200%2C675&ssl=1&resize=700%2C400 2x, https:\/\/i0.wp.com\/noticiasribeiraopreto.com.br\/wp-content\/uploads\/2026\/01\/image_2026-01-27_18-01-00.webp.webp?fit=1200%2C675&ssl=1&resize=1050%2C600 3x"},"classes":[]},{"id":79762,"url":"https:\/\/noticiasribeiraopreto.com.br\/index.php\/2025\/11\/07\/com-ciclone-estado-de-sp-entra-em-alerta-para-temporais-e-ate-risco-de-microexplosoes\/","url_meta":{"origin":79676,"position":4},"title":"Com ciclone, estado de SP entra em alerta para temporais e at\u00e9 risco de microexplos\u00f5es","author":"noticiasribeiraopreto.com.br","date":"7 de November de 2025","format":false,"excerpt":"A atua\u00e7\u00e3o de um ciclone extratropical coloca o estado de SP em alerta para temporais entre esta sexta-feira (7) e s\u00e1bado (8). Segundo a Defesa Civil, as rajadas de vento podem atingir 115 km\/h e h\u00e1 risco de microexplos\u00f5es pontuais, que s\u00e3o correntes fortes de ar que se desprendem da\u2026","rel":"","context":"In &quot;Not\u00edcias de Ribeir\u00e3o Preto-SP e Regi\u00e3o&quot;","block_context":{"text":"Not\u00edcias de Ribeir\u00e3o Preto-SP e Regi\u00e3o","link":"https:\/\/noticiasribeiraopreto.com.br\/index.php\/category\/noticias-de-ribeirao-preto-sp-e-regiao-ismael-colosi\/"},"img":{"alt_text":"","src":"https:\/\/i0.wp.com\/noticiasribeiraopreto.com.br\/wp-content\/uploads\/2025\/11\/WhatsApp-Image-2024-02-16-at-11.24.48.jpeg?fit=1200%2C540&ssl=1&resize=350%2C200","width":350,"height":200,"srcset":"https:\/\/i0.wp.com\/noticiasribeiraopreto.com.br\/wp-content\/uploads\/2025\/11\/WhatsApp-Image-2024-02-16-at-11.24.48.jpeg?fit=1200%2C540&ssl=1&resize=350%2C200 1x, https:\/\/i0.wp.com\/noticiasribeiraopreto.com.br\/wp-content\/uploads\/2025\/11\/WhatsApp-Image-2024-02-16-at-11.24.48.jpeg?fit=1200%2C540&ssl=1&resize=525%2C300 1.5x, https:\/\/i0.wp.com\/noticiasribeiraopreto.com.br\/wp-content\/uploads\/2025\/11\/WhatsApp-Image-2024-02-16-at-11.24.48.jpeg?fit=1200%2C540&ssl=1&resize=700%2C400 2x, https:\/\/i0.wp.com\/noticiasribeiraopreto.com.br\/wp-content\/uploads\/2025\/11\/WhatsApp-Image-2024-02-16-at-11.24.48.jpeg?fit=1200%2C540&ssl=1&resize=1050%2C600 3x"},"classes":[]},{"id":80778,"url":"https:\/\/noticiasribeiraopreto.com.br\/index.php\/2025\/12\/13\/nasa-mostra-dimensao-de-ciclone\/","url_meta":{"origin":79676,"position":5},"title":"Nasa mostra dimens\u00e3o de ciclone","author":"noticiasribeiraopreto.com.br","date":"13 de December de 2025","format":false,"excerpt":"Roberta Jansen (AE) Imagens captadas pelo sat\u00e9lite meteorol\u00f3gico GOES-19, da Ag\u00eancia Aeroespacial dos Estados Unidos (Nasa), mostram a dimens\u00e3o do ciclone extratropical que atingiu o Brasil nesta semana. As imagens destacam a amplitude do fen\u00f4meno, evidenciando seu alcance sobre os estados afetados. Formado na regi\u00e3o Sul, o ciclone alterou as\u2026","rel":"","context":"In &quot;Not\u00edcias de Ribeir\u00e3o Preto-SP e Regi\u00e3o&quot;","block_context":{"text":"Not\u00edcias de Ribeir\u00e3o Preto-SP e Regi\u00e3o","link":"https:\/\/noticiasribeiraopreto.com.br\/index.php\/category\/noticias-de-ribeirao-preto-sp-e-regiao-ismael-colosi\/"},"img":{"alt_text":"","src":"https:\/\/i0.wp.com\/noticiasribeiraopreto.com.br\/wp-content\/uploads\/2025\/12\/Ciclone-Divulgacao-Nasa.jpg?fit=1200%2C700&ssl=1&resize=350%2C200","width":350,"height":200,"srcset":"https:\/\/i0.wp.com\/noticiasribeiraopreto.com.br\/wp-content\/uploads\/2025\/12\/Ciclone-Divulgacao-Nasa.jpg?fit=1200%2C700&ssl=1&resize=350%2C200 1x, https:\/\/i0.wp.com\/noticiasribeiraopreto.com.br\/wp-content\/uploads\/2025\/12\/Ciclone-Divulgacao-Nasa.jpg?fit=1200%2C700&ssl=1&resize=525%2C300 1.5x, https:\/\/i0.wp.com\/noticiasribeiraopreto.com.br\/wp-content\/uploads\/2025\/12\/Ciclone-Divulgacao-Nasa.jpg?fit=1200%2C700&ssl=1&resize=700%2C400 2x, https:\/\/i0.wp.com\/noticiasribeiraopreto.com.br\/wp-content\/uploads\/2025\/12\/Ciclone-Divulgacao-Nasa.jpg?fit=1200%2C700&ssl=1&resize=1050%2C600 3x"},"classes":[]}],"jetpack_sharing_enabled":true,"jetpack_shortlink":"https:\/\/wp.me\/peQAOb-kJ6","_links":{"self":[{"href":"https:\/\/noticiasribeiraopreto.com.br\/index.php\/wp-json\/wp\/v2\/posts\/79676","targetHints":{"allow":["GET"]}}],"collection":[{"href":"https:\/\/noticiasribeiraopreto.com.br\/index.php\/wp-json\/wp\/v2\/posts"}],"about":[{"href":"https:\/\/noticiasribeiraopreto.com.br\/index.php\/wp-json\/wp\/v2\/types\/post"}],"author":[{"embeddable":true,"href":"https:\/\/noticiasribeiraopreto.com.br\/index.php\/wp-json\/wp\/v2\/users\/1"}],"replies":[{"embeddable":true,"href":"https:\/\/noticiasribeiraopreto.com.br\/index.php\/wp-json\/wp\/v2\/comments?post=79676"}],"version-history":[{"count":0,"href":"https:\/\/noticiasribeiraopreto.com.br\/index.php\/wp-json\/wp\/v2\/posts\/79676\/revisions"}],"wp:featuredmedia":[{"embeddable":true,"href":"https:\/\/noticiasribeiraopreto.com.br\/index.php\/wp-json\/wp\/v2\/media\/79677"}],"wp:attachment":[{"href":"https:\/\/noticiasribeiraopreto.com.br\/index.php\/wp-json\/wp\/v2\/media?parent=79676"}],"wp:term":[{"taxonomy":"category","embeddable":true,"href":"https:\/\/noticiasribeiraopreto.com.br\/index.php\/wp-json\/wp\/v2\/categories?post=79676"},{"taxonomy":"post_tag","embeddable":true,"href":"https:\/\/noticiasribeiraopreto.com.br\/index.php\/wp-json\/wp\/v2\/tags?post=79676"}],"curies":[{"name":"wp","href":"https:\/\/api.w.org\/{rel}","templated":true}]}}