{"id":79681,"date":"2025-11-05T20:34:57","date_gmt":"2025-11-05T23:34:57","guid":{"rendered":"https:\/\/noticiasribeiraopreto.com.br\/index.php\/2025\/11\/05\/setor-logistico-projeta-alta-ate-2029-e-ribeirao-preto-segue-na-rota-de-crescimento\/"},"modified":"2025-11-05T20:34:57","modified_gmt":"2025-11-05T23:34:57","slug":"setor-logistico-projeta-alta-ate-2029-e-ribeirao-preto-segue-na-rota-de-crescimento","status":"publish","type":"post","link":"https:\/\/noticiasribeiraopreto.com.br\/index.php\/2025\/11\/05\/setor-logistico-projeta-alta-ate-2029-e-ribeirao-preto-segue-na-rota-de-crescimento\/","title":{"rendered":"Setor log\u00edstico projeta alta at\u00e9 2029 e Ribeir\u00e3o Preto segue na rota de crescimento"},"content":{"rendered":"<div class='code-block code-block-1' style='margin: 8px 0 8px auto; text-align: right; display: block; clear: both;'>\n<p><a href=\"https:\/\/wa.link\/vpicfd\"><img data-recalc-dims=\"1\" class=\"wp-image-4922\" style=\"aspect-ratio: 2.0253164556962027; width: 561px; height: auto;\" src=\"https:\/\/i0.wp.com\/ismaelcolosi.com.br\/wp-content\/uploads\/2023\/11\/grupo-de-empregos-whatsapp-e-facebook-ismael-colosi-vagas.jpg?ssl=1\" alt=\"\" \/><\/a><\/p>\n<!-- \/wp:image -->\n<\/div>\n<p> <br \/>\n<\/p>\n<div>\n<p>Segundo dados da <strong>Cobli<\/strong>, plataforma especializada em gest\u00e3o de frotas, o <strong>setor de log\u00edstica no Brasil<\/strong> deve <strong>crescer <\/strong>de US$ 104,79 bilh\u00f5es para <strong>US$ 129,34 bilh\u00f5es at\u00e9 2029<\/strong> e <strong>Ribeir\u00e3o Preto acompanha esse movimento<\/strong>.<\/p>\n<p>O munic\u00edpio tem se destacado no segmento pela <strong>localiza\u00e7\u00e3o estrat\u00e9gica<\/strong> e pelo <strong>avan\u00e7o de \u00e1reas log\u00edsticas <\/strong>ao longo das principais rodovias como a <strong>Anhanguera <\/strong>e a <strong>Abr\u00e3o Assed<\/strong>.<\/p>\n<p>As obras no aeroporto Leite Lopes tamb\u00e9m chamam a aten\u00e7\u00e3o para esse crescimento, tornando a \u00e1rea ainda mais atrativa para empresas de transporte e armazenamento.<\/p>\n<p>Nesse cen\u00e1rio, a <strong>Rodonaves<\/strong>, fundada h\u00e1 <strong>45 anos em Ribeir\u00e3o Preto<\/strong> e hoje respons\u00e1vel por um grupo com outras seis empresas, acompanha a <strong>expans\u00e3o do setor<\/strong> e mant\u00e9m planos ativos de <strong>crescimento<\/strong>.<\/p>\n<p>Em 2024, a companhia registrou <strong>faturamento de R$ 2,6 bilh\u00f5es<\/strong>. Para 2025, a proje\u00e7\u00e3o \u00e9 de um <strong>avan\u00e7o de 9,3%<\/strong>, alcan\u00e7ando <strong>R$ 2,8 bilh\u00f5es<\/strong>. <mark style=\"background-color:#fcb900\" class=\"has-inline-color\">A expectativa \u00e9 chegar a <strong>R$ 3,23 bilh\u00f5es em 2026<\/strong>, o que representa crescimento acumulado de 15%.<\/mark><\/p>\n<div class=\"wp-block-image\">\n<figure class=\"aligncenter size-large is-resized\"><img data-recalc-dims=\"1\" fetchpriority=\"high\" decoding=\"async\" width=\"1024\" height=\"576\" src=\"https:\/\/i0.wp.com\/cdn.media-acidadeon.com.br\/ribeiraopreto\/wp-content\/uploads\/sites\/3\/2025\/11\/rodonaves_2025-11-05_22-38-04-1024x576.webp?resize=1024%2C576&#038;ssl=1\" alt=\"Rodonaves acompanha expans\u00e3o do setor e mant\u00e9m planos ativos de crescimento - Foto: divulga\u00e7\u00e3o.\" class=\"wp-image-134878\" style=\"width:654px\" title=\"Setor log\u00edstico projeta alta at\u00e9 2029 e Ribeir\u00e3o Preto segue na rota de crescimento 1\" srcset=\"https:\/\/cdn.media-acidadeon.com.br\/ribeiraopreto\/wp-content\/uploads\/sites\/3\/2025\/11\/rodonaves_2025-11-05_22-38-04-1024x576.webp 1024w, https:\/\/cdn.media-acidadeon.com.br\/ribeiraopreto\/wp-content\/uploads\/sites\/3\/2025\/11\/rodonaves_2025-11-05_22-38-04-300x169.webp 300w, https:\/\/cdn.media-acidadeon.com.br\/ribeiraopreto\/wp-content\/uploads\/sites\/3\/2025\/11\/rodonaves_2025-11-05_22-38-04-768x432.webp 768w, https:\/\/cdn.media-acidadeon.com.br\/ribeiraopreto\/wp-content\/uploads\/sites\/3\/2025\/11\/rodonaves_2025-11-05_22-38-04-696x392.webp 696w, https:\/\/cdn.media-acidadeon.com.br\/ribeiraopreto\/wp-content\/uploads\/sites\/3\/2025\/11\/rodonaves_2025-11-05_22-38-04-1068x601.webp 1068w, https:\/\/cdn.media-acidadeon.com.br\/ribeiraopreto\/wp-content\/uploads\/sites\/3\/2025\/11\/rodonaves_2025-11-05_22-38-04.webp 1200w\" sizes=\"(max-width: 1024px) 100vw, 1024px\"\/><figcaption class=\"wp-element-caption\">Rodonaves acompanha expans\u00e3o do setor e mant\u00e9m planos ativos de crescimento \u2013 Foto: divulga\u00e7\u00e3o.<\/figcaption><\/figure>\n<\/div>\n<h2 class=\"wp-block-heading\"><strong>Uma trajet\u00f3ria constru\u00edda em Ribeir\u00e3o Preto<\/strong><\/h2>\n<p>Fundada ainda nos anos 1970, a empresa nasceu de forma <strong>simples<\/strong>, transportando pequenas encomendas via \u00f4nibus, quando o fundador, <strong>Jo\u00e3o Naves<\/strong>, trabalhava na rodovi\u00e1ria.<\/p>\n<p>Em entrevista ao <strong>acidade on<\/strong>, ele conta que a trajet\u00f3ria come\u00e7ou sem estrutura financeira e com poucos recursos, evoluindo de entregas feitas com bicicleta at\u00e9 a conquista da primeira Kombi, que segundo Naves, <strong>\u00e9 preservado at\u00e9 hoje como marco da hist\u00f3ria do grupo<\/strong>. O in\u00edcio modesto deu origem a um dos <strong>maiores grupos de log\u00edstica do pa\u00eds<\/strong> e que at\u00e9 hoje <strong>mant\u00e9m sua sede em Ribeir\u00e3o Preto<\/strong>.<\/p>\n<figure class=\"wp-block-pullquote\">\n<blockquote>\n<p>Nosso desafio foi come\u00e7ar a soltar pacote nos \u00f4nibus, sem estrutura, sem nada financeiro e sozinho. Depois veio um funcion\u00e1rio e a ideia de ter uma bicicleta para coletar perto da rodovi\u00e1ria, que tinha muitas mercadorias pequenas<\/p>\n<p><cite>relembra Jo\u00e3o<\/cite><\/p><\/blockquote>\n<\/figure>\n<p>Casada com Jo\u00e3o h\u00e1 40 anos e vice-presidente do grupo, <strong>Vera Naves<\/strong> relembra que, no in\u00edcio, a <strong>falta de preparo t\u00e9cnico foi um dos principais desafios<\/strong>. Ela tamb\u00e9m destaca que a companhia passou por uma <strong>fase de reconstru\u00e7\u00e3o em 1994<\/strong> e, pouco depois, um vendaval acabou destruindo a estrutura rec\u00e9m-formada.<\/p>\n<figure class=\"wp-block-pullquote\">\n<blockquote>\n<p>O maior desafio foi quando come\u00e7amos e n\u00e3o t\u00ednhamos planejamento. Passamos por v\u00e1rias fases, mas acredito que o principal foi quando recome\u00e7amos a empresa praticamente do zero, em 1994. Logo em seguida, um grande vendaval passou e destruiu tudo. Aquele momento foi recome\u00e7ar novamente em cinco meses, porque perdemos a estrutura e ainda est\u00e1vamos sem saber ao certo qual caminho seguir<\/p>\n<p><cite>Vera Naves<\/cite><\/p><\/blockquote>\n<\/figure>\n<figure class=\"wp-block-gallery has-nested-images columns-default is-cropped wp-block-gallery-1 is-layout-flex wp-block-gallery-is-layout-flex\">\n<figure class=\"wp-block-image size-large\"><img data-recalc-dims=\"1\" loading=\"lazy\" decoding=\"async\" width=\"1024\" height=\"683\" data-id=\"134879\" src=\"https:\/\/i0.wp.com\/cdn.media-acidadeon.com.br\/ribeiraopreto\/wp-content\/uploads\/sites\/3\/2025\/11\/jooa-naves_2025-11-05_22-39-40-1024x683.webp?resize=1024%2C683&#038;ssl=1\" alt=\"Jo\u00e3o Naves \u00e9 fundados da empresa que mant\u00e9m sede em Ribeir\u00e3o Preto - Foto: divulga\u00e7\u00e3o.\" class=\"wp-image-134879\" title=\"Setor log\u00edstico projeta alta at\u00e9 2029 e Ribeir\u00e3o Preto segue na rota de crescimento 2\" srcset=\"https:\/\/cdn.media-acidadeon.com.br\/ribeiraopreto\/wp-content\/uploads\/sites\/3\/2025\/11\/jooa-naves_2025-11-05_22-39-40-1024x683.webp 1024w, https:\/\/cdn.media-acidadeon.com.br\/ribeiraopreto\/wp-content\/uploads\/sites\/3\/2025\/11\/jooa-naves_2025-11-05_22-39-40-300x200.webp 300w, https:\/\/cdn.media-acidadeon.com.br\/ribeiraopreto\/wp-content\/uploads\/sites\/3\/2025\/11\/jooa-naves_2025-11-05_22-39-40-768x512.webp 768w, https:\/\/cdn.media-acidadeon.com.br\/ribeiraopreto\/wp-content\/uploads\/sites\/3\/2025\/11\/jooa-naves_2025-11-05_22-39-40-696x464.webp 696w, https:\/\/cdn.media-acidadeon.com.br\/ribeiraopreto\/wp-content\/uploads\/sites\/3\/2025\/11\/jooa-naves_2025-11-05_22-39-40-1068x712.webp 1068w, https:\/\/cdn.media-acidadeon.com.br\/ribeiraopreto\/wp-content\/uploads\/sites\/3\/2025\/11\/jooa-naves_2025-11-05_22-39-40.webp 1200w\" sizes=\"auto, (max-width: 1024px) 100vw, 1024px\"\/><figcaption class=\"wp-element-caption\">Jo\u00e3o Naves \u00e9 fundador da empresa que mant\u00e9m sede em Ribeir\u00e3o Preto \u2013 Foto: divulga\u00e7\u00e3o.<\/figcaption><\/figure>\n<figure class=\"wp-block-image size-large\"><img data-recalc-dims=\"1\" loading=\"lazy\" decoding=\"async\" width=\"1024\" height=\"683\" data-id=\"134880\" src=\"https:\/\/i0.wp.com\/cdn.media-acidadeon.com.br\/ribeiraopreto\/wp-content\/uploads\/sites\/3\/2025\/11\/Vera-Naves_2025-11-05_22-40-25-1024x683.webp?resize=1024%2C683&#038;ssl=1\" alt=\"Vera Naves \u00e9 vice-presidente do grupo - Foto: Divulga\u00e7\u00e3o.\" class=\"wp-image-134880\" title=\"Setor log\u00edstico projeta alta at\u00e9 2029 e Ribeir\u00e3o Preto segue na rota de crescimento 3\" srcset=\"https:\/\/cdn.media-acidadeon.com.br\/ribeiraopreto\/wp-content\/uploads\/sites\/3\/2025\/11\/Vera-Naves_2025-11-05_22-40-25-1024x683.webp 1024w, https:\/\/cdn.media-acidadeon.com.br\/ribeiraopreto\/wp-content\/uploads\/sites\/3\/2025\/11\/Vera-Naves_2025-11-05_22-40-25-300x200.webp 300w, https:\/\/cdn.media-acidadeon.com.br\/ribeiraopreto\/wp-content\/uploads\/sites\/3\/2025\/11\/Vera-Naves_2025-11-05_22-40-25-768x512.webp 768w, https:\/\/cdn.media-acidadeon.com.br\/ribeiraopreto\/wp-content\/uploads\/sites\/3\/2025\/11\/Vera-Naves_2025-11-05_22-40-25-696x464.webp 696w, https:\/\/cdn.media-acidadeon.com.br\/ribeiraopreto\/wp-content\/uploads\/sites\/3\/2025\/11\/Vera-Naves_2025-11-05_22-40-25-1068x712.webp 1068w, https:\/\/cdn.media-acidadeon.com.br\/ribeiraopreto\/wp-content\/uploads\/sites\/3\/2025\/11\/Vera-Naves_2025-11-05_22-40-25.webp 1200w\" sizes=\"auto, (max-width: 1024px) 100vw, 1024px\"\/><figcaption class=\"wp-element-caption\">Vera Naves \u00e9 vice-presidente do grupo \u2013 Foto: Divulga\u00e7\u00e3o.<\/figcaption><\/figure>\n<\/figure>\n<h2 class=\"wp-block-heading\"><strong>Transforma\u00e7\u00e3o digital e crescimento<\/strong><\/h2>\n<p>Embora o <strong>e-commerce<\/strong> tenha acelerado a demanda por entregas r\u00e1pidas, a empresa afirma que manteve seu ritmo de opera\u00e7\u00f5es com base na fidelidade dos clientes e na <strong>expans\u00e3o cont\u00ednua<\/strong>.<\/p>\n<figure class=\"wp-block-pullquote\">\n<blockquote>\n<p>\u201cFalar que n\u00e3o mudou [n\u00e3o tem como], alguma coisa muda. O frete pequeno ficou dif\u00edcil de competir, mas por outro lado, os nossos clientes de m\u00e9dio e maior [porte] come\u00e7ou a vender mais pra fracionado. Ent\u00e3o, nosso n\u00famero permanece. Se n\u00f3s lev\u00e1vamos, por exemplo, EM uma nota de R$ 1 mil, x volume, hoje n\u00f3s levamos nota de R$ 1 mil, s\u00f3 que sai dez em um dia, sai cinco no outro dia, sai 15 no outro<\/p>\n<p><cite>explica Jo\u00e3o<\/cite><\/p><\/blockquote>\n<\/figure>\n<p>Vale lembrar que para sustentar esse crescimento, o grupo destinou cerca de<strong> R$ 63 milh\u00f5es para renova\u00e7\u00e3o de frota<\/strong>, que, segundo a empresa, mant\u00e9m m\u00e9dia de quatro anos de uso. <mark style=\"background-color:#fcb900\" class=\"has-inline-color\">Segundo <strong>Vera Naves<\/strong>, entre as pr\u00f3ximas a\u00e7\u00f5es de crescimento est\u00e3o novos Centros de Transfer\u00eancia de Cargas (CTC), incluindo Farroupilha (RS) e Belo Horizonte (MG).<\/mark><\/p>\n<p>Em <strong>Ribeir\u00e3o Preto<\/strong>, a empresa avan\u00e7a na amplia\u00e7\u00e3o de <strong>\u00e1reas operacionais <\/strong>e <strong>expans\u00e3o f\u00edsica de uma \u00e1rea de 250 mil m\u00b2<\/strong>, adquirida para apoiar o aumento da demanda.<\/p>\n<p>\u201cA regi\u00e3o \u00e9 produtiva, cresce em v\u00e1rios segmentos, e est\u00e1 ficando pequeno para todos. Tem que crescer [\u2026] tem mercado para a gente buscar, para aquecer\u201d, analisa Jo\u00e3o ao ser questionado sobre o crescimento do setor em Ribeir\u00e3o.<\/p>\n<p>Apesar da expans\u00e3o e da visibilidade nacional, o grupo mant\u00e9m forte v\u00ednculo com <strong>Ribeir\u00e3o Preto<\/strong>, destacando o orgulho pela hist\u00f3ria iniciada na cidade e pela atua\u00e7\u00e3o cont\u00ednua na regi\u00e3o.<\/p>\n<hr class=\"wp-block-separator has-alpha-channel-opacity\"\/>\n<p>SAIBA MAIS<\/p>\n<p>PPP da Ilumina\u00e7\u00e3o P\u00fablica de Ribeir\u00e3o Preto entra na mira do MP-SP<\/p>\n<h2 class=\"wp-block-heading\"><strong>FIQUE ON<\/strong><\/h2>\n<p>Fique ligado em tudo que acontece em Ribeir\u00e3o Preto e regi\u00e3o. Siga os perfis do<strong>\u00a0acidade on\u00a0<\/strong>no<a href=\"https:\/\/www.instagram.com\/acidadeonribeirao\" target=\"_blank\" rel=\"noreferrer noopener\">\u00a0Instagram\u00a0<\/a>e no\u00a0<a href=\"https:\/\/www.facebook.com\/acidadeonribeirao\/\" target=\"_blank\" rel=\"noreferrer noopener\">Facebook<\/a>.<\/p>\n<p>Receba not\u00edcias do\u00a0<strong>acidade on<\/strong>\u00a0no WhatsApp. Para entrar no grupo,\u00a0basta\u00a0<a href=\"https:\/\/chat.whatsapp.com\/I4nieTEMKlf50pJ28aMemC?mode=ac_t\" target=\"_blank\" rel=\"noreferrer noopener\">clicar aqui<\/a>. Ou, acesse o nosso\u00a0Canal\u00a0<a href=\"https:\/\/whatsapp.com\/channel\/0029Vb6IQl1JENyAeS57fk2p\" target=\"_blank\" rel=\"noreferrer noopener\">clicando aqui<\/a>.<\/p>\n<p>Fa\u00e7a uma den\u00fancia ou sugira uma reportagem sobre Ribeir\u00e3o Preto e regi\u00e3o pelo WhatsApp: 16 99117 7802.<\/p>\n<p>VEJA TAMB\u00c9M<\/p>\n<p>Por que o pai de Jo\u00e9lly est\u00e1 preso em \u2018Tr\u00eas Gra\u00e7as\u2019?<\/p>\n<p><!-- AI CONTENT END 1 -->\n<\/div>\n<p><script async src=\"\/\/www.instagram.com\/embed.js\"><\/script><br \/>\n<br \/><br \/>\n<br \/><a href=\"https:\/\/www.acidadeon.com\/ribeiraopreto\/economia\/setor-logistico-projeta-alta-ate-2029-e-ribeirao-preto-segue-na-rota-de-crescimento\/\">Source link <\/a><\/p>\n<!-- CONTENT END 1 -->\n","protected":false},"excerpt":{"rendered":"<p>Segundo dados da Cobli, plataforma especializada em gest\u00e3o de frotas, o setor de log\u00edstica no Brasil deve crescer de US$ 104,79 bilh\u00f5es para US$ 129,34&#8230;<\/p>\n","protected":false},"author":1,"featured_media":79682,"comment_status":"open","ping_status":"open","sticky":false,"template":"","format":"standard","meta":{"advanced_seo_description":"","jetpack_seo_html_title":"","jetpack_seo_noindex":false,"jetpack_post_was_ever_published":false,"_jetpack_newsletter_access":"","_jetpack_dont_email_post_to_subs":false,"_jetpack_newsletter_tier_id":0,"_jetpack_memberships_contains_paywalled_content":false,"_jetpack_memberships_contains_paid_content":false,"footnotes":"","jetpack_publicize_message":"","jetpack_publicize_feature_enabled":true,"jetpack_social_post_already_shared":true,"jetpack_social_options":{"image_generator_settings":{"template":"highway","default_image_id":0,"font":"","enabled":false},"version":2}},"categories":[11],"tags":[],"class_list":["post-79681","post","type-post","status-publish","format-standard","has-post-thumbnail","hentry","category-noticias-de-ribeirao-preto-sp-e-regiao-ismael-colosi"],"jetpack_publicize_connections":[],"jetpack_featured_media_url":"https:\/\/i0.wp.com\/noticiasribeiraopreto.com.br\/wp-content\/uploads\/2025\/11\/aerea-ribeirao-preto_2025-08-29_12-47-28.webp.webp?fit=768%2C511&ssl=1","jetpack-related-posts":[{"id":75750,"url":"https:\/\/noticiasribeiraopreto.com.br\/index.php\/2025\/08\/14\/setor-da-bioenergia-reune-18-mil-empresas-na-regiao-e-fatura-mais-de-r-37-bilhoes\/","url_meta":{"origin":79681,"position":0},"title":"Setor da bioenergia re\u00fane 18 mil empresas na regi\u00e3o e fatura mais de R$ 37 bilh\u00f5es","author":"noticiasribeiraopreto.com.br","date":"14 de August de 2025","format":false,"excerpt":"O mapeamento da Cadeia Produtiva de Equipamentos para Fabrica\u00e7\u00e3o de Biocombust\u00edveis e Bioenergias apontou que existem 18,6 mil empresas do ramo em 16 munic\u00edpios no entorno de Sert\u00e3ozinho, na regi\u00e3o de Ribeir\u00e3o Preto. Ao todo, essas empresas faturam mais de R$ 37,1 bilh\u00f5es em 2024. O levantamento realizado pela Markestrat\u2026","rel":"","context":"In &quot;Not\u00edcias de Ribeir\u00e3o Preto-SP e Regi\u00e3o&quot;","block_context":{"text":"Not\u00edcias de Ribeir\u00e3o Preto-SP e Regi\u00e3o","link":"https:\/\/noticiasribeiraopreto.com.br\/index.php\/category\/noticias-de-ribeirao-preto-sp-e-regiao-ismael-colosi\/"},"img":{"alt_text":"","src":"https:\/\/i0.wp.com\/noticiasribeiraopreto.com.br\/wp-content\/uploads\/2025\/08\/mapapeamento-bioenergia_2025-08-14_19-21-11.webp.webp?fit=1000%2C667&ssl=1&resize=350%2C200","width":350,"height":200,"srcset":"https:\/\/i0.wp.com\/noticiasribeiraopreto.com.br\/wp-content\/uploads\/2025\/08\/mapapeamento-bioenergia_2025-08-14_19-21-11.webp.webp?fit=1000%2C667&ssl=1&resize=350%2C200 1x, https:\/\/i0.wp.com\/noticiasribeiraopreto.com.br\/wp-content\/uploads\/2025\/08\/mapapeamento-bioenergia_2025-08-14_19-21-11.webp.webp?fit=1000%2C667&ssl=1&resize=525%2C300 1.5x, https:\/\/i0.wp.com\/noticiasribeiraopreto.com.br\/wp-content\/uploads\/2025\/08\/mapapeamento-bioenergia_2025-08-14_19-21-11.webp.webp?fit=1000%2C667&ssl=1&resize=700%2C400 2x"},"classes":[]},{"id":83084,"url":"https:\/\/noticiasribeiraopreto.com.br\/index.php\/2026\/03\/09\/dia-da-mulher-ribeirao-preto-acompanha-avanco-feminino-em-cargos-de-lideranca\/","url_meta":{"origin":79681,"position":1},"title":"Dia da Mulher: Ribeir\u00e3o Preto acompanha avan\u00e7o feminino em cargos de lideran\u00e7a","author":"noticiasribeiraopreto.com.br","date":"9 de March de 2026","format":false,"excerpt":"No Dia Internacional da Mulher, celebrado neste domingo (8), dados recentes mostram que o Brasil tem avan\u00e7ado na presen\u00e7a feminina em posi\u00e7\u00f5es de lideran\u00e7a. Segundo o estudo Women in Business 2025: Impacting the Missed Generation, o pa\u00eds registra 36,7% de mulheres em cargos de comando, percentual acima da m\u00e9dia global,\u2026","rel":"","context":"In &quot;Not\u00edcias de Ribeir\u00e3o Preto-SP e Regi\u00e3o&quot;","block_context":{"text":"Not\u00edcias de Ribeir\u00e3o Preto-SP e Regi\u00e3o","link":"https:\/\/noticiasribeiraopreto.com.br\/index.php\/category\/noticias-de-ribeirao-preto-sp-e-regiao-ismael-colosi\/"},"img":{"alt_text":"","src":"https:\/\/i0.wp.com\/noticiasribeiraopreto.com.br\/wp-content\/uploads\/2026\/03\/low-angle-businesswoman-posing-with-arms-crossed-city_2026-03-08_17-48-27.webp.webp?fit=1200%2C801&ssl=1&resize=350%2C200","width":350,"height":200,"srcset":"https:\/\/i0.wp.com\/noticiasribeiraopreto.com.br\/wp-content\/uploads\/2026\/03\/low-angle-businesswoman-posing-with-arms-crossed-city_2026-03-08_17-48-27.webp.webp?fit=1200%2C801&ssl=1&resize=350%2C200 1x, https:\/\/i0.wp.com\/noticiasribeiraopreto.com.br\/wp-content\/uploads\/2026\/03\/low-angle-businesswoman-posing-with-arms-crossed-city_2026-03-08_17-48-27.webp.webp?fit=1200%2C801&ssl=1&resize=525%2C300 1.5x, https:\/\/i0.wp.com\/noticiasribeiraopreto.com.br\/wp-content\/uploads\/2026\/03\/low-angle-businesswoman-posing-with-arms-crossed-city_2026-03-08_17-48-27.webp.webp?fit=1200%2C801&ssl=1&resize=700%2C400 2x, https:\/\/i0.wp.com\/noticiasribeiraopreto.com.br\/wp-content\/uploads\/2026\/03\/low-angle-businesswoman-posing-with-arms-crossed-city_2026-03-08_17-48-27.webp.webp?fit=1200%2C801&ssl=1&resize=1050%2C600 3x"},"classes":[]},{"id":17566,"url":"https:\/\/noticiasribeiraopreto.com.br\/index.php\/2023\/12\/18\/brasileiros-desembolsam-r-364-bilhoes-no-exterior\/","url_meta":{"origin":79681,"position":2},"title":"Brasileiros desembolsam R$ 3,64 bilh\u00f5es no exterior","author":"noticiasribeiraopreto.com.br","date":"18 de December de 2023","format":false,"excerpt":"No terceiro trimestre deste ano, os gastos dos brasileiros no exterior registraram um not\u00e1vel aumento de 36,5%, em compara\u00e7\u00e3o com o mesmo per\u00edodo do ano anterior. Os dados divulgados pela Associa\u00e7\u00e3o Brasileira das Empresas de Cart\u00f5es de Cr\u00e9dito e Servi\u00e7os (Abecs) revelam que os viajantes que deixaram o Brasil desembolsaram\u2026","rel":"","context":"In &quot;Vagas de Emprego em Ribeir\u00e3o Preto-SP&quot;","block_context":{"text":"Vagas de Emprego em Ribeir\u00e3o Preto-SP","link":"https:\/\/noticiasribeiraopreto.com.br\/index.php\/category\/empregos-classificados-vagas-trabalho\/vagas-de-empregos-em-ribeirao-preto-regiao-brasil\/"},"img":{"alt_text":"Cart\u00f5es de cr\u00e9dito: Brasileiros desembolsam R$ 3,64 bilh\u00f5es no exterior","src":"https:\/\/i0.wp.com\/noticiasconcursos.com.br\/wp-content\/uploads\/2023\/12\/noticiasconcursos.com.br-como-escolher-uma-maquininha-de-cartao-de-credito-conheca-3-melhores-opcoes-reproducao-canva-300x200.jpg?resize=350%2C200&ssl=1","width":350,"height":200},"classes":[]},{"id":61365,"url":"https:\/\/noticiasribeiraopreto.com.br\/index.php\/2024\/12\/10\/bares-e-restaurantes-de-ribeirao-tem-crescimento-de-50-com-festas-de-fim-de-ano\/","url_meta":{"origin":79681,"position":3},"title":"Bares e restaurantes de Ribeir\u00e3o t\u00eam crescimento de 50% com festas de fim de ano","author":"noticiasribeiraopreto.com.br","date":"10 de December de 2024","format":false,"excerpt":"A Abrasel (Associa\u00e7\u00e3o Brasileira de Bares e Restaurantes) da Alta Mogiana, regi\u00e3o que compreende Ribeir\u00e3o Preto, informou que o setor registrou crescimento de 50% em dezembro. Segundo a entidade, o per\u00edodo \u00e9 o mais aquecido para bares e restaurantes, superando at\u00e9 mesmo datas como o Dia dos Namorados e o\u2026","rel":"","context":"In &quot;Not\u00edcias de Ribeir\u00e3o Preto-SP e Regi\u00e3o&quot;","block_context":{"text":"Not\u00edcias de Ribeir\u00e3o Preto-SP e Regi\u00e3o","link":"https:\/\/noticiasribeiraopreto.com.br\/index.php\/category\/noticias-de-ribeirao-preto-sp-e-regiao-ismael-colosi\/"},"img":{"alt_text":"","src":"https:\/\/i0.wp.com\/noticiasribeiraopreto.com.br\/wp-content\/uploads\/2024\/12\/Jovens-tomando-cerveja.jpg?fit=1200%2C800&ssl=1&resize=350%2C200","width":350,"height":200,"srcset":"https:\/\/i0.wp.com\/noticiasribeiraopreto.com.br\/wp-content\/uploads\/2024\/12\/Jovens-tomando-cerveja.jpg?fit=1200%2C800&ssl=1&resize=350%2C200 1x, https:\/\/i0.wp.com\/noticiasribeiraopreto.com.br\/wp-content\/uploads\/2024\/12\/Jovens-tomando-cerveja.jpg?fit=1200%2C800&ssl=1&resize=525%2C300 1.5x, https:\/\/i0.wp.com\/noticiasribeiraopreto.com.br\/wp-content\/uploads\/2024\/12\/Jovens-tomando-cerveja.jpg?fit=1200%2C800&ssl=1&resize=700%2C400 2x, https:\/\/i0.wp.com\/noticiasribeiraopreto.com.br\/wp-content\/uploads\/2024\/12\/Jovens-tomando-cerveja.jpg?fit=1200%2C800&ssl=1&resize=1050%2C600 3x"},"classes":[]},{"id":75857,"url":"https:\/\/noticiasribeiraopreto.com.br\/index.php\/2025\/08\/16\/fenasucro-termina-com-expectativa-de-superar-r-107-bi-em-negocios\/","url_meta":{"origin":79681,"position":4},"title":"Fenasucro termina com expectativa de superar R$ 10,7 bi em neg\u00f3cios","author":"noticiasribeiraopreto.com.br","date":"16 de August de 2025","format":false,"excerpt":"A 31\u00aa edi\u00e7\u00e3o da Fenasucro & Agrocana chegou ao fim na \u00faltima sexta-feira (15) em Sert\u00e3ozinho, na regi\u00e3o de Ribeir\u00e3o Preto. De acordo com organiza\u00e7\u00e3o, a feira superou as expectativas de p\u00fablico e de gera\u00e7\u00e3o de neg\u00f3cios, projetados em mais de R$ 10,7 bilh\u00f5es. A Fenasucro foi realizada no Centro\u2026","rel":"","context":"In &quot;Not\u00edcias de Ribeir\u00e3o Preto-SP e Regi\u00e3o&quot;","block_context":{"text":"Not\u00edcias de Ribeir\u00e3o Preto-SP e Regi\u00e3o","link":"https:\/\/noticiasribeiraopreto.com.br\/index.php\/category\/noticias-de-ribeirao-preto-sp-e-regiao-ismael-colosi\/"},"img":{"alt_text":"","src":"https:\/\/i0.wp.com\/noticiasribeiraopreto.com.br\/wp-content\/uploads\/2025\/08\/fenasucro-1_2025-08-16_18-11-34.webp.webp?fit=1200%2C800&ssl=1&resize=350%2C200","width":350,"height":200,"srcset":"https:\/\/i0.wp.com\/noticiasribeiraopreto.com.br\/wp-content\/uploads\/2025\/08\/fenasucro-1_2025-08-16_18-11-34.webp.webp?fit=1200%2C800&ssl=1&resize=350%2C200 1x, https:\/\/i0.wp.com\/noticiasribeiraopreto.com.br\/wp-content\/uploads\/2025\/08\/fenasucro-1_2025-08-16_18-11-34.webp.webp?fit=1200%2C800&ssl=1&resize=525%2C300 1.5x, https:\/\/i0.wp.com\/noticiasribeiraopreto.com.br\/wp-content\/uploads\/2025\/08\/fenasucro-1_2025-08-16_18-11-34.webp.webp?fit=1200%2C800&ssl=1&resize=700%2C400 2x, https:\/\/i0.wp.com\/noticiasribeiraopreto.com.br\/wp-content\/uploads\/2025\/08\/fenasucro-1_2025-08-16_18-11-34.webp.webp?fit=1200%2C800&ssl=1&resize=1050%2C600 3x"},"classes":[]},{"id":75606,"url":"https:\/\/noticiasribeiraopreto.com.br\/index.php\/2025\/08\/12\/totvs-inaugura-novo-escritorio-em-ribeirao-preto\/","url_meta":{"origin":79681,"position":5},"title":"TOTVS inaugura novo escrit\u00f3rio em Ribeir\u00e3o Preto","author":"noticiasribeiraopreto.com.br","date":"12 de August de 2025","format":false,"excerpt":"A TOTVS, maior empresa de tecnologia do Brasil, anuncia a inaugura\u00e7\u00e3o de seu novo escrit\u00f3rio em Ribeir\u00e3o Preto (SP). Maior e mais moderno, o novo espa\u00e7o est\u00e1 localizado na Av. Presidente Vargas, uma das principais da cidade. O movimento faz parte da estrat\u00e9gia de fortalecimento da presen\u00e7a da TOTVS na\u2026","rel":"","context":"In &quot;Not\u00edcias de Ribeir\u00e3o Preto-SP e Regi\u00e3o&quot;","block_context":{"text":"Not\u00edcias de Ribeir\u00e3o Preto-SP e Regi\u00e3o","link":"https:\/\/noticiasribeiraopreto.com.br\/index.php\/category\/noticias-de-ribeirao-preto-sp-e-regiao-ismael-colosi\/"},"img":{"alt_text":"","src":"https:\/\/i0.wp.com\/noticiasribeiraopreto.com.br\/wp-content\/uploads\/2025\/08\/1-2025-08-12T102407.246_2025-08-12_13-28-21.webp.webp?fit=1200%2C800&ssl=1&resize=350%2C200","width":350,"height":200,"srcset":"https:\/\/i0.wp.com\/noticiasribeiraopreto.com.br\/wp-content\/uploads\/2025\/08\/1-2025-08-12T102407.246_2025-08-12_13-28-21.webp.webp?fit=1200%2C800&ssl=1&resize=350%2C200 1x, https:\/\/i0.wp.com\/noticiasribeiraopreto.com.br\/wp-content\/uploads\/2025\/08\/1-2025-08-12T102407.246_2025-08-12_13-28-21.webp.webp?fit=1200%2C800&ssl=1&resize=525%2C300 1.5x, https:\/\/i0.wp.com\/noticiasribeiraopreto.com.br\/wp-content\/uploads\/2025\/08\/1-2025-08-12T102407.246_2025-08-12_13-28-21.webp.webp?fit=1200%2C800&ssl=1&resize=700%2C400 2x, https:\/\/i0.wp.com\/noticiasribeiraopreto.com.br\/wp-content\/uploads\/2025\/08\/1-2025-08-12T102407.246_2025-08-12_13-28-21.webp.webp?fit=1200%2C800&ssl=1&resize=1050%2C600 3x"},"classes":[]}],"jetpack_sharing_enabled":true,"jetpack_shortlink":"https:\/\/wp.me\/peQAOb-kJb","_links":{"self":[{"href":"https:\/\/noticiasribeiraopreto.com.br\/index.php\/wp-json\/wp\/v2\/posts\/79681","targetHints":{"allow":["GET"]}}],"collection":[{"href":"https:\/\/noticiasribeiraopreto.com.br\/index.php\/wp-json\/wp\/v2\/posts"}],"about":[{"href":"https:\/\/noticiasribeiraopreto.com.br\/index.php\/wp-json\/wp\/v2\/types\/post"}],"author":[{"embeddable":true,"href":"https:\/\/noticiasribeiraopreto.com.br\/index.php\/wp-json\/wp\/v2\/users\/1"}],"replies":[{"embeddable":true,"href":"https:\/\/noticiasribeiraopreto.com.br\/index.php\/wp-json\/wp\/v2\/comments?post=79681"}],"version-history":[{"count":0,"href":"https:\/\/noticiasribeiraopreto.com.br\/index.php\/wp-json\/wp\/v2\/posts\/79681\/revisions"}],"wp:featuredmedia":[{"embeddable":true,"href":"https:\/\/noticiasribeiraopreto.com.br\/index.php\/wp-json\/wp\/v2\/media\/79682"}],"wp:attachment":[{"href":"https:\/\/noticiasribeiraopreto.com.br\/index.php\/wp-json\/wp\/v2\/media?parent=79681"}],"wp:term":[{"taxonomy":"category","embeddable":true,"href":"https:\/\/noticiasribeiraopreto.com.br\/index.php\/wp-json\/wp\/v2\/categories?post=79681"},{"taxonomy":"post_tag","embeddable":true,"href":"https:\/\/noticiasribeiraopreto.com.br\/index.php\/wp-json\/wp\/v2\/tags?post=79681"}],"curies":[{"name":"wp","href":"https:\/\/api.w.org\/{rel}","templated":true}]}}