{"id":7977,"date":"2023-11-29T08:20:37","date_gmt":"2023-11-29T11:20:37","guid":{"rendered":"https:\/\/noticiasribeiraopreto.com.br\/index.php\/2023\/11\/29\/o-papel-da-negociacao-coletiva-no-setor-publico\/"},"modified":"2023-11-29T08:20:37","modified_gmt":"2023-11-29T11:20:37","slug":"o-papel-da-negociacao-coletiva-no-setor-publico","status":"publish","type":"post","link":"https:\/\/noticiasribeiraopreto.com.br\/index.php\/2023\/11\/29\/o-papel-da-negociacao-coletiva-no-setor-publico\/","title":{"rendered":"O papel da negocia\u00e7\u00e3o coletiva no setor p\u00fablico\u00a0"},"content":{"rendered":"<div class='code-block code-block-1' style='margin: 8px 0 8px auto; text-align: right; display: block; clear: both;'>\n<p><a href=\"https:\/\/wa.link\/vpicfd\"><img data-recalc-dims=\"1\" class=\"wp-image-4922\" style=\"aspect-ratio: 2.0253164556962027; width: 561px; height: auto;\" src=\"https:\/\/i0.wp.com\/ismaelcolosi.com.br\/wp-content\/uploads\/2023\/11\/grupo-de-empregos-whatsapp-e-facebook-ismael-colosi-vagas.jpg?ssl=1\" alt=\"\" \/><\/a><\/p>\n<!-- \/wp:image -->\n<\/div>\n<p> <br \/>\n<\/p>\n<div id=\"\">\n<p> <span class=\"entry-meta-item penci-posted-on\"><i class=\"fa fa-clock-o\"\/><time class=\"entry-date published\" datetime=\"2023-11-29T08:20:37-03:00\">29 de novembro de 2023 | 8:20<\/time><time class=\"updated\" datetime=\"2023-11-28T18:28:42-03:00\">28 de novembro de 2023 | 18:28<\/time><\/span><\/p>\n<p> <span class=\"penci-social-buttons penci-social-share-footer\"><a href=\"#\" class=\"penci-post-like penci_post-meta_item  single-like-button penci-social-item like\" data-post_id=\"365550\" title=\"Like\" data-like=\"Like\" data-unlike=\"Unlike\"><i class=\"fa fa-thumbs-o-up\"\/><span class=\"penci-share-number\">0<\/span><\/a><i class=\"fa fa-facebook\"\/><a class=\"penci-social-item twitter\" target=\"_blank\" rel=\"noopener\" title=\"\" href=\"https:\/\/twitter.com\/intent\/tweet?text=O%20papel%20da%20negocia\u00e7\u00e3o%20coletiva%20no%20setor%20p\u00fablico\u00a0%20-%20https:\/\/www.tribunaribeirao.com.br\/site\/o-papel-da-negociacao-coletiva-no-setor-publico\/\"><i class=\"fa fa-twitter\"\/><\/a><i class=\"fa fa-whatsapp\"\/><\/span><\/div>\n<div>\n<p><span class=\"TextRun SCXW134649007 BCX0\" lang=\"PT-BR\" xml:lang=\"PT-BR\" data-contrast=\"auto\"><span class=\"NormalTextRun SCXW134649007 BCX0\">Valdir Avelino <\/span><span class=\"NormalTextRun SCXW134649007 BCX0\">*<\/span><\/span><span class=\"LineBreakBlob BlobObject DragDrop SCXW134649007 BCX0\"><span class=\"SCXW134649007 BCX0\">\u00a0<\/span><br class=\"SCXW134649007 BCX0\"\/><\/span><span class=\"TextRun Underlined SCXW134649007 BCX0\" lang=\"PT-BR\" xml:lang=\"PT-BR\" data-contrast=\"none\"><span class=\"NormalTextRun SCXW134649007 BCX0\" data-ccp-charstyle=\"Hyperlink\"><span class=\"__cf_email__\" data-cfemail=\"86f6f4e3f5efe2e3e8e5efe7c6ebf3e8efe5eff6e7eff5a8e9f4e1a8e4f4\">[email\u00a0protected]<\/span><\/span><\/span><span class=\"LineBreakBlob BlobObject DragDrop SCXW134649007 BCX0\"><span class=\"SCXW134649007 BCX0\">\u00a0<\/span><br class=\"SCXW134649007 BCX0\"\/><\/span><span class=\"LineBreakBlob BlobObject DragDrop SCXW134649007 BCX0\"><span class=\"SCXW134649007 BCX0\">\u00a0<\/span><br class=\"SCXW134649007 BCX0\"\/><\/span><span class=\"TextRun SCXW134649007 BCX0\" lang=\"PT-BR\" xml:lang=\"PT-BR\" data-contrast=\"auto\"><span class=\"NormalTextRun SCXW134649007 BCX0\">Nesta semana, em comemora\u00e7\u00e3o \u00e0 ratifica\u00e7\u00e3o pelo Brasil da Conven\u00e7\u00e3o n\u00ba 98 da Organiza\u00e7\u00e3o Internacional do Trabalho, que trata do direito de Sindicaliza\u00e7\u00e3o e de Negocia\u00e7\u00e3o Coletiva, o Minist\u00e9rio do Trabalho e Emprego (MTE), do Governo Federal, realizou a Semana Nacional de Promo\u00e7\u00e3o da Negocia\u00e7\u00e3o Coletiva. A programa\u00e7\u00e3o nacional aconteceu presencialmente em Bras\u00edlia e tamb\u00e9m foi transmitida virtualmente pela Internet e teve como principal objetivo estabelecer o di\u00e1logo e a reflex\u00e3o sobre os desafios e perspectivas relacionados \u00e0 negocia\u00e7\u00e3o coletiva no Brasil, fortalecendo as rela\u00e7\u00f5es no ambiente de trabalho. <\/span><\/span><span class=\"LineBreakBlob BlobObject DragDrop SCXW134649007 BCX0\"><span class=\"SCXW134649007 BCX0\">\u00a0<\/span><br class=\"SCXW134649007 BCX0\"\/><\/span><span class=\"LineBreakBlob BlobObject DragDrop SCXW134649007 BCX0\"><span class=\"SCXW134649007 BCX0\">\u00a0<\/span><br class=\"SCXW134649007 BCX0\"\/><\/span><span class=\"TextRun SCXW134649007 BCX0\" lang=\"PT-BR\" xml:lang=\"PT-BR\" data-contrast=\"auto\"><span class=\"NormalTextRun SCXW134649007 BCX0\">Antes das elei\u00e7\u00f5es presidenciais, recebi na sede do Sindicato dos Servidores Municipais de Ribeir\u00e3o Preto, Guatapar\u00e1 e Prad\u00f3polis o atual Ministro do Trabalho, companheiro Luiz Marinho. Na ocasi\u00e3o, defendi \u2013 e defendo at\u00e9 hoje \u2013 a <\/span><span class=\"NormalTextRun SCXW134649007 BCX0\">ideia<\/span><span class=\"NormalTextRun SCXW134649007 BCX0\"> de que a negocia\u00e7\u00e3o coletiva pode promover com muita efic\u00e1cia a igualdade e a inclus\u00e3o social. Penso que tanto na \u00e1rea p\u00fablica, como na \u00e1rea privada, a negocia\u00e7\u00e3o coletiva \u00e9 uma ferramenta essencial para enfrentar as mudan\u00e7as fundamentais que est\u00e3o afetando o mundo do trabalho. Penso que a realiza\u00e7\u00e3o da Semana Nacional de Promo\u00e7\u00e3o da Negocia\u00e7\u00e3o Coletiva \u00e9 um importante passo para avan\u00e7armos no reconhecimento efetivo do direito \u00e0 negocia\u00e7\u00e3o coletiva para todos os trabalhadores, incluindo os servidores p\u00fablicos estatut\u00e1rios.<\/span><\/span><span class=\"LineBreakBlob BlobObject DragDrop SCXW134649007 BCX0\"><span class=\"SCXW134649007 BCX0\">\u00a0<\/span><br class=\"SCXW134649007 BCX0\"\/><\/span><span class=\"LineBreakBlob BlobObject DragDrop SCXW134649007 BCX0\"><span class=\"SCXW134649007 BCX0\">\u00a0<\/span><br class=\"SCXW134649007 BCX0\"\/><\/span><span class=\"TextRun SCXW134649007 BCX0\" lang=\"PT-BR\" xml:lang=\"PT-BR\" data-contrast=\"auto\"><span class=\"NormalTextRun SCXW134649007 BCX0\">O compromisso das for\u00e7as que <\/span><span class=\"NormalTextRun SCXW134649007 BCX0\">apoiam<\/span><span class=\"NormalTextRun SCXW134649007 BCX0\"> o atual Governo Federal em regulamentar a negocia\u00e7\u00e3o coletiva no setor p\u00fablico ficou evidente quando a proposta de <\/span><span class=\"NormalTextRun SCXW134649007 BCX0\">implementar<\/span><span class=\"NormalTextRun SCXW134649007 BCX0\"> regras para negocia\u00e7\u00e3o coletiva na administra\u00e7\u00e3o p\u00fablica voltou \u00e0 pauta do Congresso, ap\u00f3s ser derrubada pelos dois governos anteriores (Michel Temer e Jair <\/span><span class=\"NormalTextRun SCXW134649007 BCX0\">Bolsonaro<\/span><span class=\"NormalTextRun SCXW134649007 BCX0\">). O senador Paulo <\/span><span class=\"NormalTextRun SCXW134649007 BCX0\">Paim<\/span><span class=\"NormalTextRun SCXW134649007 BCX0\"> (PT-RS) apresentou o Projeto de Lei 1.726\/2023, que estabelece normas gerais para negocia\u00e7\u00e3o na administra\u00e7\u00e3o direta, autarquias e funda\u00e7\u00f5es. <\/span><\/span><span class=\"LineBreakBlob BlobObject DragDrop SCXW134649007 BCX0\"><span class=\"SCXW134649007 BCX0\">\u00a0<\/span><br class=\"SCXW134649007 BCX0\"\/><\/span><span class=\"LineBreakBlob BlobObject DragDrop SCXW134649007 BCX0\"><span class=\"SCXW134649007 BCX0\">\u00a0<\/span><br class=\"SCXW134649007 BCX0\"\/><\/span><span class=\"TextRun SCXW134649007 BCX0\" lang=\"PT-BR\" xml:lang=\"PT-BR\" data-contrast=\"auto\"><span class=\"NormalTextRun SCXW134649007 BCX0\">Tamb\u00e9m, recentemente, ao celebrar o primeiro acordo salarial em seis anos, a ministra da Gest\u00e3o e Inova\u00e7\u00e3o em Servi\u00e7os P\u00fablicos, Esther <\/span><span class=\"NormalTextRun SCXW134649007 BCX0\">Dweck<\/span><span class=\"NormalTextRun SCXW134649007 BCX0\">, falou sobre a quest\u00e3o. Segundo ela, o governo discute a regulamenta\u00e7\u00e3o da Conven\u00e7\u00e3o 151 da Organiza\u00e7\u00e3o Internacional do Trabalho (OIT), sobre direito de sindicaliza\u00e7\u00e3o e negocia\u00e7\u00e3o coletiva no setor p\u00fablico. A norma \u00e9 citada na <\/span><span class=\"NormalTextRun SCXW134649007 BCX0\">justificativa apresentada pelo Senador Paulo <\/span><span class=\"NormalTextRun SCXW134649007 BCX0\">Paim<\/span><span class=\"NormalTextRun SCXW134649007 BCX0\"> em seu projeto.<\/span><\/span><span class=\"LineBreakBlob BlobObject DragDrop SCXW134649007 BCX0\"><span class=\"SCXW134649007 BCX0\">\u00a0<\/span><br class=\"SCXW134649007 BCX0\"\/><\/span><span class=\"LineBreakBlob BlobObject DragDrop SCXW134649007 BCX0\"><span class=\"SCXW134649007 BCX0\">\u00a0<\/span><br class=\"SCXW134649007 BCX0\"\/><\/span><span class=\"TextRun SCXW134649007 BCX0\" lang=\"PT-BR\" xml:lang=\"PT-BR\" data-contrast=\"auto\"><span class=\"NormalTextRun SCXW134649007 BCX0\">Al\u00e9m disso, precisamos relembrar tentativas relativamente recentes de regulamentar <\/span><span class=\"NormalTextRun SCXW134649007 BCX0\">a<\/span><span class=\"NormalTextRun SCXW134649007 BCX0\"> negocia\u00e7\u00e3o coletiva no setor p\u00fablico. Lembro que em <\/span><span class=\"NormalTextRun ContextualSpellingAndGrammarErrorV2Themed SCXW134649007 BCX0\">2015,<\/span><span class=\"NormalTextRun ContextualSpellingAndGrammarErrorV2Themed SCXW134649007 BCX0\">\u00a0 <\/span><span class=\"NormalTextRun ContextualSpellingAndGrammarErrorV2Themed SCXW134649007 BCX0\">o<\/span><span class=\"NormalTextRun SCXW134649007 BCX0\"> ent\u00e3o senador <\/span><span class=\"NormalTextRun SpellingErrorV2Themed SCXW134649007 BCX0\">Antonio<\/span> <span class=\"NormalTextRun SCXW134649007 BCX0\">Anastasia<\/span><span class=\"NormalTextRun SCXW134649007 BCX0\">, que hoje \u00e9 ministro do Tribunal de Contas da Uni\u00e3o, apresentou o PL 397, quando ainda estava no PSDB. O texto foi aprovado ainda em 2015 no Senado e em 2017 pela C\u00e2mara dos Deputados, mas foi vetado na \u00edntegra pelo presidente Temer. As Casas legislativas n\u00e3o obtiveram qu\u00f3rum para derrubar o veto presidencial.<\/span><\/span><span class=\"LineBreakBlob BlobObject DragDrop SCXW134649007 BCX0\"><span class=\"SCXW134649007 BCX0\">\u00a0<\/span><br class=\"SCXW134649007 BCX0\"\/><\/span><span class=\"LineBreakBlob BlobObject DragDrop SCXW134649007 BCX0\"><span class=\"SCXW134649007 BCX0\">\u00a0<\/span><br class=\"SCXW134649007 BCX0\"\/><\/span><span class=\"TextRun SCXW134649007 BCX0\" lang=\"PT-BR\" xml:lang=\"PT-BR\" data-contrast=\"auto\"><span class=\"NormalTextRun SCXW134649007 BCX0\">Destaco, por fim, que um estudo foi produzido e publicado pela OIT comprovando que quanto maior for <\/span><span class=\"NormalTextRun SCXW134649007 BCX0\">a<\/span><span class=\"NormalTextRun SCXW134649007 BCX0\"> percentagem de trabalhadores cobertos por acordos coletivos, menor \u00e9 a desigualdade salarial. Outra vantagem, ainda segundo a OIT, \u00e9 \u201co aumento da igualdade e da diversidade no ambiente de trabalho.\u201d Atentos e sintonizados com os movimentos que ocorrem no \u00e2mbito nacional, continuamos defendendo a validade e a efetividade de ajustes, entendimentos e acordos feitos por meio de negocia\u00e7\u00f5es coletivas. A liberdade de negociar permite as partes chegarem a acordos realistas, possibilitando, atrav\u00e9s do di\u00e1logo, que trabalhadores representados por seus sindicatos conquistem uma vida melhor, mais justa e com esperan\u00e7a.<\/span><\/span><span class=\"LineBreakBlob BlobObject DragDrop SCXW134649007 BCX0\"><span class=\"SCXW134649007 BCX0\">\u00a0<\/span><br class=\"SCXW134649007 BCX0\"\/><\/span><span class=\"LineBreakBlob BlobObject DragDrop SCXW134649007 BCX0\"><span class=\"SCXW134649007 BCX0\">\u00a0<\/span><br class=\"SCXW134649007 BCX0\"\/><\/span><span class=\"TextRun SCXW134649007 BCX0\" lang=\"PT-BR\" xml:lang=\"PT-BR\" data-contrast=\"auto\"><span class=\"NormalTextRun SCXW134649007 BCX0\">* P<\/span><span class=\"NormalTextRun SCXW134649007 BCX0\">residente do Sindicato dos Servidores Municipais de Ribeir\u00e3o Preto, Guatapar\u00e1 e Prad\u00f3polis<\/span><\/span><span class=\"EOP SCXW134649007 BCX0\" data-ccp-props=\"{&quot;201341983&quot;:0,&quot;335559739&quot;:200,&quot;335559740&quot;:276}\">\u00a0<\/span><\/p>\n<\/div>\n<p><script async src=\"\/\/platform.twitter.com\/widgets.js\" charset=\"utf-8\"><\/script><br \/>\n<br \/><br \/>\n<br \/><a href=\"https:\/\/www.tribunaribeirao.com.br\/site\/o-papel-da-negociacao-coletiva-no-setor-publico\/\">Source link <\/a><\/p>\n<!-- CONTENT END 1 -->\n","protected":false},"excerpt":{"rendered":"<p>29 de novembro de 2023 | 8:2028 de novembro de 2023 | 18:28 0 Valdir Avelino *\u00a0[email\u00a0protected]\u00a0\u00a0Nesta semana, em comemora\u00e7\u00e3o \u00e0 ratifica\u00e7\u00e3o pelo Brasil da&#8230;<\/p>\n","protected":false},"author":1,"featured_media":7978,"comment_status":"open","ping_status":"open","sticky":false,"template":"","format":"standard","meta":{"advanced_seo_description":"","jetpack_seo_html_title":"","jetpack_seo_noindex":false,"jetpack_post_was_ever_published":false,"_jetpack_newsletter_access":"","_jetpack_dont_email_post_to_subs":false,"_jetpack_newsletter_tier_id":0,"_jetpack_memberships_contains_paywalled_content":false,"_jetpack_memberships_contains_paid_content":false,"footnotes":"","jetpack_publicize_message":"","jetpack_publicize_feature_enabled":true,"jetpack_social_post_already_shared":true,"jetpack_social_options":{"image_generator_settings":{"template":"highway","default_image_id":0,"font":"","enabled":false},"version":2}},"categories":[11],"tags":[1039,1038,1037,282,598],"class_list":["post-7977","post","type-post","status-publish","format-standard","has-post-thumbnail","hentry","category-noticias-de-ribeirao-preto-sp-e-regiao-ismael-colosi","tag-coletiva","tag-negociacao","tag-papel","tag-publico","tag-setor"],"jetpack_publicize_connections":[],"jetpack_featured_media_url":"https:\/\/i0.wp.com\/noticiasribeiraopreto.com.br\/wp-content\/uploads\/2023\/11\/valdiravelino.jpg?fit=700%2C450&ssl=1","jetpack-related-posts":[{"id":17770,"url":"https:\/\/noticiasribeiraopreto.com.br\/index.php\/2023\/12\/19\/piso-salarial-da-enfermagem-do-setor-privado-stf-permite-salario-menor-2\/","url_meta":{"origin":7977,"position":0},"title":"Piso salarial da enfermagem do setor privado: STF permite sal\u00e1rio menor","author":"noticiasribeiraopreto.com.br","date":"19 de December de 2023","format":false,"excerpt":"Na noite desta segunda-feira (18), estava previsto o fim do julgamento de recursos apresentados por diversas entidades sobre a validade do pagamento do piso salarial da enfermagem nacional aos profissionais do setor privado. A an\u00e1lise ocorreria pelo Supremo Tribunal Federal (STF) na modalidade virtual e tinha como prazo de encerramento\u2026","rel":"","context":"In &quot;Vagas de Emprego em Ribeir\u00e3o Preto-SP&quot;","block_context":{"text":"Vagas de Emprego em Ribeir\u00e3o Preto-SP","link":"https:\/\/noticiasribeiraopreto.com.br\/index.php\/category\/empregos-classificados-vagas-trabalho\/vagas-de-empregos-em-ribeirao-preto-regiao-brasil\/"},"img":{"alt_text":"","src":"https:\/\/i0.wp.com\/noticiasribeiraopreto.com.br\/wp-content\/uploads\/2023\/12\/enfermeira-observando-assustada-freepik_1.jpg?fit=1200%2C675&ssl=1&resize=350%2C200","width":350,"height":200,"srcset":"https:\/\/i0.wp.com\/noticiasribeiraopreto.com.br\/wp-content\/uploads\/2023\/12\/enfermeira-observando-assustada-freepik_1.jpg?fit=1200%2C675&ssl=1&resize=350%2C200 1x, https:\/\/i0.wp.com\/noticiasribeiraopreto.com.br\/wp-content\/uploads\/2023\/12\/enfermeira-observando-assustada-freepik_1.jpg?fit=1200%2C675&ssl=1&resize=525%2C300 1.5x, https:\/\/i0.wp.com\/noticiasribeiraopreto.com.br\/wp-content\/uploads\/2023\/12\/enfermeira-observando-assustada-freepik_1.jpg?fit=1200%2C675&ssl=1&resize=700%2C400 2x, https:\/\/i0.wp.com\/noticiasribeiraopreto.com.br\/wp-content\/uploads\/2023\/12\/enfermeira-observando-assustada-freepik_1.jpg?fit=1200%2C675&ssl=1&resize=1050%2C600 3x"},"classes":[]},{"id":22480,"url":"https:\/\/noticiasribeiraopreto.com.br\/index.php\/2023\/12\/29\/pais-gerou-mais-de-130-mil-novas-vagas-de-trabalho-em-novembro\/","url_meta":{"origin":7977,"position":1},"title":"Pa\u00eds gerou mais de 130 mil novas vagas de trabalho em novembro\u00a0","author":"noticiasribeiraopreto.com.br","date":"29 de December de 2023","format":false,"excerpt":"O Brasil teve, no m\u00eas passado, um saldo positivo de 130.097 postos de trabalho com carteira assinada, segundo divulgou, nesta quinta (28), o Minist\u00e9rio do Trabalho e Emprego. Em novembro, foram 1.866.752 admiss\u00f5es e 1.736.655 demiss\u00f5es, segundo dados do Novo Caged, o Cadastro Geral de Empregados e Desempregados.\u00a0\u00a0No acumulado de\u2026","rel":"","context":"In &quot;Not\u00edcias de Ribeir\u00e3o Preto-SP e Regi\u00e3o&quot;","block_context":{"text":"Not\u00edcias de Ribeir\u00e3o Preto-SP e Regi\u00e3o","link":"https:\/\/noticiasribeiraopreto.com.br\/index.php\/category\/noticias-de-ribeirao-preto-sp-e-regiao-ismael-colosi\/"},"img":{"alt_text":"","src":"https:\/\/i0.wp.com\/noticiasribeiraopreto.com.br\/wp-content\/uploads\/2023\/12\/1-caged-carteira_de_trabalho_07122000711-scaled.jpg?fit=1000%2C598&ssl=1&resize=350%2C200","width":350,"height":200,"srcset":"https:\/\/i0.wp.com\/noticiasribeiraopreto.com.br\/wp-content\/uploads\/2023\/12\/1-caged-carteira_de_trabalho_07122000711-scaled.jpg?fit=1000%2C598&ssl=1&resize=350%2C200 1x, https:\/\/i0.wp.com\/noticiasribeiraopreto.com.br\/wp-content\/uploads\/2023\/12\/1-caged-carteira_de_trabalho_07122000711-scaled.jpg?fit=1000%2C598&ssl=1&resize=525%2C300 1.5x, https:\/\/i0.wp.com\/noticiasribeiraopreto.com.br\/wp-content\/uploads\/2023\/12\/1-caged-carteira_de_trabalho_07122000711-scaled.jpg?fit=1000%2C598&ssl=1&resize=700%2C400 2x"},"classes":[]},{"id":21918,"url":"https:\/\/noticiasribeiraopreto.com.br\/index.php\/2023\/12\/28\/ribeirao-tem-saldo-positivo-de-novos-empregos-em-novembro-veja-o-setor-que-mais-contratou\/","url_meta":{"origin":7977,"position":2},"title":"Ribeir\u00e3o tem saldo positivo de novos empregos em novembro; Veja o setor que mais contratou","author":"noticiasribeiraopreto.com.br","date":"28 de December de 2023","format":false,"excerpt":"Ribeir\u00e3o Preto fechou o m\u00eas de novembro com um saldo positivo de 793 novos empregos criados, de acordo com o Cadastro Geral de Empregados e Desempregados (Caged), divulgado nesta quinta-feira (28). Apesar do bom resultado, o munic\u00edpio registrou queda na compara\u00e7\u00e3o com o mesmo m\u00eas do ano passado. De acordo\u2026","rel":"","context":"In &quot;Not\u00edcias de Ribeir\u00e3o Preto-SP e Regi\u00e3o&quot;","block_context":{"text":"Not\u00edcias de Ribeir\u00e3o Preto-SP e Regi\u00e3o","link":"https:\/\/noticiasribeiraopreto.com.br\/index.php\/category\/noticias-de-ribeirao-preto-sp-e-regiao-ismael-colosi\/"},"img":{"alt_text":"","src":"https:\/\/i0.wp.com\/noticiasribeiraopreto.com.br\/wp-content\/uploads\/2023\/12\/caged.jpg?fit=1200%2C799&ssl=1&resize=350%2C200","width":350,"height":200,"srcset":"https:\/\/i0.wp.com\/noticiasribeiraopreto.com.br\/wp-content\/uploads\/2023\/12\/caged.jpg?fit=1200%2C799&ssl=1&resize=350%2C200 1x, https:\/\/i0.wp.com\/noticiasribeiraopreto.com.br\/wp-content\/uploads\/2023\/12\/caged.jpg?fit=1200%2C799&ssl=1&resize=525%2C300 1.5x, https:\/\/i0.wp.com\/noticiasribeiraopreto.com.br\/wp-content\/uploads\/2023\/12\/caged.jpg?fit=1200%2C799&ssl=1&resize=700%2C400 2x, https:\/\/i0.wp.com\/noticiasribeiraopreto.com.br\/wp-content\/uploads\/2023\/12\/caged.jpg?fit=1200%2C799&ssl=1&resize=1050%2C600 3x"},"classes":[]},{"id":17032,"url":"https:\/\/noticiasribeiraopreto.com.br\/index.php\/2023\/12\/17\/qual-lei-protege-populacoes-atingidas-por-barragens-no-brasil\/","url_meta":{"origin":7977,"position":3},"title":"Qual Lei protege popula\u00e7\u00f5es atingidas por barragens no Brasil?","author":"noticiasribeiraopreto.com.br","date":"17 de December de 2023","format":false,"excerpt":"Uma nova Lei reconhece formalmente os direitos das popula\u00e7\u00f5es atingidas por barragens no Brasil. O texto, aprovado pelo legislativo em 14 de novembro, foi sancionado pelo Governo Federal. A lei estabelece direitos como indeniza\u00e7\u00f5es e compensa\u00e7\u00f5es individuais e coletivas, al\u00e9m de garantir a participa\u00e7\u00e3o social em processos relacionados a desastres\u2026","rel":"","context":"In &quot;Variedades&quot;","block_context":{"text":"Variedades","link":"https:\/\/noticiasribeiraopreto.com.br\/index.php\/category\/variedades\/"},"img":{"alt_text":"","src":"https:\/\/i0.wp.com\/noticiasribeiraopreto.com.br\/wp-content\/uploads\/2023\/12\/wagner-4.jpg?fit=1200%2C638&ssl=1&resize=350%2C200","width":350,"height":200,"srcset":"https:\/\/i0.wp.com\/noticiasribeiraopreto.com.br\/wp-content\/uploads\/2023\/12\/wagner-4.jpg?fit=1200%2C638&ssl=1&resize=350%2C200 1x, https:\/\/i0.wp.com\/noticiasribeiraopreto.com.br\/wp-content\/uploads\/2023\/12\/wagner-4.jpg?fit=1200%2C638&ssl=1&resize=525%2C300 1.5x, https:\/\/i0.wp.com\/noticiasribeiraopreto.com.br\/wp-content\/uploads\/2023\/12\/wagner-4.jpg?fit=1200%2C638&ssl=1&resize=700%2C400 2x, https:\/\/i0.wp.com\/noticiasribeiraopreto.com.br\/wp-content\/uploads\/2023\/12\/wagner-4.jpg?fit=1200%2C638&ssl=1&resize=1050%2C600 3x"},"classes":[]},{"id":16773,"url":"https:\/\/noticiasribeiraopreto.com.br\/index.php\/2023\/12\/16\/cpfl-corta-energia-de-servico-publico\/","url_meta":{"origin":7977,"position":4},"title":"CPFL corta energia de servi\u00e7o p\u00fablico\u00a0","author":"noticiasribeiraopreto.com.br","date":"16 de December de 2023","format":false,"excerpt":"16 de dezembro de 2023 | 12:0016 de dezembro de 2023 | 11:28 0Em nota enviada \u00e0 reda\u00e7\u00e3o do Tribuna, a CPFL Paulista esclarece que informou, no dia 24 de novembro aos representantes do Servi\u00e7o Aut\u00f4nomo de \u00c1gua e Esgoto de Brodowski e \u00e0s autoridades competentes do munic\u00edpio sobre a\u2026","rel":"","context":"In &quot;Not\u00edcias de Ribeir\u00e3o Preto-SP e Regi\u00e3o&quot;","block_context":{"text":"Not\u00edcias de Ribeir\u00e3o Preto-SP e Regi\u00e3o","link":"https:\/\/noticiasribeiraopreto.com.br\/index.php\/category\/noticias-de-ribeirao-preto-sp-e-regiao-ismael-colosi\/"},"img":{"alt_text":"","src":"https:\/\/i0.wp.com\/noticiasribeiraopreto.com.br\/wp-content\/uploads\/2023\/12\/imagem-129.jpg?fit=800%2C500&ssl=1&resize=350%2C200","width":350,"height":200,"srcset":"https:\/\/i0.wp.com\/noticiasribeiraopreto.com.br\/wp-content\/uploads\/2023\/12\/imagem-129.jpg?fit=800%2C500&ssl=1&resize=350%2C200 1x, https:\/\/i0.wp.com\/noticiasribeiraopreto.com.br\/wp-content\/uploads\/2023\/12\/imagem-129.jpg?fit=800%2C500&ssl=1&resize=525%2C300 1.5x, https:\/\/i0.wp.com\/noticiasribeiraopreto.com.br\/wp-content\/uploads\/2023\/12\/imagem-129.jpg?fit=800%2C500&ssl=1&resize=700%2C400 2x"},"classes":[]},{"id":70432,"url":"https:\/\/noticiasribeiraopreto.com.br\/index.php\/2025\/05\/26\/mulheres-ainda-ganham-menos-que-os-homens\/","url_meta":{"origin":7977,"position":5},"title":"Mulheres ainda ganham menos que os homens\u00a0","author":"noticiasribeiraopreto.com.br","date":"26 de May de 2025","format":false,"excerpt":"Dados do 3\u00ba Relat\u00f3rio de Transpar\u00eancia Salarial e Crit\u00e9rios Remunerat\u00f3rios divulgados pelo Governo Federal apontam que a separa\u00e7\u00e3o salarial entre homens e mulheres aumentou no Estado de S\u00e3o Paulo. Desde a \u00faltima pesquisa, em setembro de 2024, a diferen\u00e7a cresceu em 0,55%. Em 2024, os homens recebiam 21,62% a mais.\u2026","rel":"","context":"In &quot;Not\u00edcias de Ribeir\u00e3o Preto-SP e Regi\u00e3o&quot;","block_context":{"text":"Not\u00edcias de Ribeir\u00e3o Preto-SP e Regi\u00e3o","link":"https:\/\/noticiasribeiraopreto.com.br\/index.php\/category\/noticias-de-ribeirao-preto-sp-e-regiao-ismael-colosi\/"},"img":{"alt_text":"","src":"https:\/\/i0.wp.com\/noticiasribeiraopreto.com.br\/wp-content\/uploads\/2025\/05\/mulher-trabalho.png?fit=800%2C500&ssl=1&resize=350%2C200","width":350,"height":200,"srcset":"https:\/\/i0.wp.com\/noticiasribeiraopreto.com.br\/wp-content\/uploads\/2025\/05\/mulher-trabalho.png?fit=800%2C500&ssl=1&resize=350%2C200 1x, https:\/\/i0.wp.com\/noticiasribeiraopreto.com.br\/wp-content\/uploads\/2025\/05\/mulher-trabalho.png?fit=800%2C500&ssl=1&resize=525%2C300 1.5x, https:\/\/i0.wp.com\/noticiasribeiraopreto.com.br\/wp-content\/uploads\/2025\/05\/mulher-trabalho.png?fit=800%2C500&ssl=1&resize=700%2C400 2x"},"classes":[]}],"jetpack_sharing_enabled":true,"jetpack_shortlink":"https:\/\/wp.me\/peQAOb-24F","_links":{"self":[{"href":"https:\/\/noticiasribeiraopreto.com.br\/index.php\/wp-json\/wp\/v2\/posts\/7977","targetHints":{"allow":["GET"]}}],"collection":[{"href":"https:\/\/noticiasribeiraopreto.com.br\/index.php\/wp-json\/wp\/v2\/posts"}],"about":[{"href":"https:\/\/noticiasribeiraopreto.com.br\/index.php\/wp-json\/wp\/v2\/types\/post"}],"author":[{"embeddable":true,"href":"https:\/\/noticiasribeiraopreto.com.br\/index.php\/wp-json\/wp\/v2\/users\/1"}],"replies":[{"embeddable":true,"href":"https:\/\/noticiasribeiraopreto.com.br\/index.php\/wp-json\/wp\/v2\/comments?post=7977"}],"version-history":[{"count":0,"href":"https:\/\/noticiasribeiraopreto.com.br\/index.php\/wp-json\/wp\/v2\/posts\/7977\/revisions"}],"wp:featuredmedia":[{"embeddable":true,"href":"https:\/\/noticiasribeiraopreto.com.br\/index.php\/wp-json\/wp\/v2\/media\/7978"}],"wp:attachment":[{"href":"https:\/\/noticiasribeiraopreto.com.br\/index.php\/wp-json\/wp\/v2\/media?parent=7977"}],"wp:term":[{"taxonomy":"category","embeddable":true,"href":"https:\/\/noticiasribeiraopreto.com.br\/index.php\/wp-json\/wp\/v2\/categories?post=7977"},{"taxonomy":"post_tag","embeddable":true,"href":"https:\/\/noticiasribeiraopreto.com.br\/index.php\/wp-json\/wp\/v2\/tags?post=7977"}],"curies":[{"name":"wp","href":"https:\/\/api.w.org\/{rel}","templated":true}]}}