{"id":8016,"date":"2023-11-29T10:05:42","date_gmt":"2023-11-29T13:05:42","guid":{"rendered":"https:\/\/noticiasribeiraopreto.com.br\/index.php\/2023\/11\/29\/atracoes-de-natal-de-santo-andre-comecam-nesta-sexta\/"},"modified":"2023-11-29T10:05:42","modified_gmt":"2023-11-29T13:05:42","slug":"atracoes-de-natal-de-santo-andre-comecam-nesta-sexta","status":"publish","type":"post","link":"https:\/\/noticiasribeiraopreto.com.br\/index.php\/2023\/11\/29\/atracoes-de-natal-de-santo-andre-comecam-nesta-sexta\/","title":{"rendered":"Atra\u00e7\u00f5es de Natal de Santo Andr\u00e9 come\u00e7am nesta sexta"},"content":{"rendered":"<div class='code-block code-block-1' style='margin: 8px 0 8px auto; text-align: right; display: block; clear: both;'>\n<p><a href=\"https:\/\/wa.link\/vpicfd\"><img data-recalc-dims=\"1\" class=\"wp-image-4922\" style=\"aspect-ratio: 2.0253164556962027; width: 561px; height: auto;\" src=\"https:\/\/i0.wp.com\/ismaelcolosi.com.br\/wp-content\/uploads\/2023\/11\/grupo-de-empregos-whatsapp-e-facebook-ismael-colosi-vagas.jpg?ssl=1\" alt=\"\" \/><\/a><\/p>\n<!-- \/wp:image -->\n<\/div>\n<p> <br \/>\n<\/p>\n<div>\n<p>Santo Andr\u00e9 vai celebrar o Natal Solid\u00e1rio de 2023 de maneira m\u00e1gica, com uma extensa programa\u00e7\u00e3o, repleta de atividades e atra\u00e7\u00f5es para toda a fam\u00edlia a partir de sexta-feira (01\/12). Confira a programa\u00e7\u00e3o:<\/p>\n<p>\u200c<\/p>\n<p>Chegada do Papai Noel<\/p>\n<p>01\/12 \u00e0s 19h<br \/>Apresenta\u00e7\u00e3o de coral natalino, show perform\u00e1tico, sampler com pulseiras LED e acendimento da \u00e1rvore de Natal.<\/p>\n<p>Gratuito<\/p>\n<p>Espelho D\u2019\u00c1gua Pa\u00e7o Municipal (Av. Jos\u00e9 Caballero, 12 \u2013 Vila Bastos, Santo Andr\u00e9 \u2013 SP)<\/p>\n<p>\u200c<\/p>\n<p>Pa\u00e7o Encantado<br \/>01\/12 a 24\/12<\/p>\n<p>A estrutura contar\u00e1 com a F\u00e1brica do Papai Noel (com a possibilidade da fabrica\u00e7\u00e3o de bonecos de neve \u2013 mediante inscri\u00e7\u00e3o pr\u00e9via), \u00e1rvore de Natal, um Ursolino de 10 metros, pain\u00e9is de LED, carrossel, roda gigante, pra\u00e7a de alimenta\u00e7\u00e3o, entre outros atrativos.<\/p>\n<p>Entrada solid\u00e1ria: 2kg de alimento n\u00e3o perec\u00edvel<\/p>\n<p>Necess\u00e1rio inscri\u00e7\u00e3o no site\u00a0www.santoandrenatalsolidario.com.br<\/p>\n<p>Espelho D\u2019\u00c1gua Pa\u00e7o Municipal9 (Av. Jos\u00e9 Caballero, 12 \u2013 Vila Bastos, Santo Andr\u00e9 \u2013 SP)<\/p>\n<p>Tren\u00f3 Natalino<br \/>02\/12 a 23\/12<br \/>14h \u00e0s 20h<\/p>\n<p>Vai circular por toda a cidade diariamente com roteiro itinerante e personagens cl\u00e1ssicos.<\/p>\n<p>\u200c<\/p>\n<p>Casa do Papai Noel &amp; Vila de Natal<br \/>02\/12 a 23\/12<\/p>\n<p>Casa do Papai Noel e a Vila de Natal com pres\u00e9pio, decora\u00e7\u00e3o inspirada no vilarejo da Lap\u00f4nia e presen\u00e7as do Bom Velhinho e outros personagens natalinos<\/p>\n<p>Evento exclusivo para crian\u00e7as de at\u00e9 11 anos e que residam na cidade de Santo Andr\u00e9.<\/p>\n<p>Gratuito<\/p>\n<p>Parque Celso Daniel (Av. Dom Pedro II, 940 \u2013 Jardim, Santo Andr\u00e9 \u2013 SP)<\/p>\n<p>Espet\u00e1culo Disney Sonhando com o Mickey<br \/>02\/12<br \/>Sess\u00f5es \u00e0s 16h, 18h e 20h<\/p>\n<p>Entrada solid\u00e1ria: 1kg de alimento n\u00e3o perec\u00edvel<\/p>\n<p>Necess\u00e1rio inscri\u00e7\u00e3o no\u00a0site\u00a0www.santoandrenatalsolidario.com.br<\/p>\n<p>Gin\u00e1sio Pedro Dell\u2019Ant\u00f4nia (Rua S\u00e3o Pedro, 27 \u2013 Silveira, Santo Andr\u00e9 \u2013 SP)<\/p>\n<p>\u200c<\/p>\n<p>Feira do Natal Solid\u00e1rio<\/p>\n<p>A feira ser\u00e1 realizada das 18h \u00e0s 22h na sexta-feira e das 12h \u00e0s 22h no s\u00e1bado e no domingo.<\/p>\n<p>Shows a partir das 20h<\/p>\n<p>08\/12 \u2013 ToNy Garrido<\/p>\n<p>09\/12 \u2013 KLB<\/p>\n<p>10\/12-\u00a0Rodrigo Teaser com Especial Michael Jackson<\/p>\n<p>Entrada solid\u00e1ria: 2kg de alimento n\u00e3o perec\u00edvel<\/p>\n<p>Estacionamento do Pa\u00e7o Municipal (Pra\u00e7a IV Centen\u00e1rio, s\/n \u2013 Santo Andr\u00e9, SP)<\/p>\n<p>\u200c<\/p>\n<p>Cineminha Natalino<\/p>\n<p>16 e 17\/12<br \/>Sess\u00f5es \u00e0s 14h, 17h e 20h<\/p>\n<p>Filmes natalinos com direito a grande tela de LED, efeitos especiais, pipoca e algod\u00e3o doce<\/p>\n<p>Gratuito<\/p>\n<p>Necess\u00e1rio inscri\u00e7\u00e3o no\u00a0site\u00a0www.santoandrenatalsolidario.com.br<\/p>\n<p>Cine Theatro de Variedades Carlos Gomes (Rua Sen. Flaquer, 110 \u2013 Centro, Santo Andr\u00e9 \u2013 SP)<\/p>\n<p>\u200c<\/p>\n<p>Carnatal Brasilidades<\/p>\n<p>17\/12<br \/>10h \u00e0s 20h \u2013 Festival Multicultural e com apresenta\u00e7\u00f5es das escolas de samba de Santo Andr\u00e9.<\/p>\n<p>18h \u2013 Orquestra Sinf\u00f4nica de Santo Andr\u00e9 com o especial \u201cSanfona Sinf\u00f4nica \u2013 Homenagem a Sivuca\u201d<\/p>\n<p>Gratuito<\/p>\n<p>Parque Central (Rua Jos\u00e9 Bonif\u00e1cio \u2013 Vila Assun\u00e7\u00e3o, Santo Andr\u00e9 \u2013 SP)<\/p>\n<p>\u200c<\/p>\n<p>Ilumina\u00e7\u00e3o<\/p>\n<p>O tradicional T\u00fanel de luzes estar\u00e1 mais uma vez na Avenida Professor Valdemar Mattei, em frente ao Parque Central.<\/p>\n<p>Outras vias tamb\u00e9m contar\u00e3o com ilumina\u00e7\u00e3o como Rua Adri\u00e1tico, Avenida das Na\u00e7\u00f5es, Pra\u00e7a An\u00edbal Guedes e Pra\u00e7a 14 Bis.<\/p>\n<\/div>\n<p><script>\n\t\t! function(f, b, e, v, n, t, s) {\n\t\t\tif (f.fbq) return;\n\t\t\tn = f.fbq = function() {\n\t\t\t\tn.callMethod ?\n\t\t\t\t\tn.callMethod.apply(n, arguments) : n.queue.push(arguments)\n\t\t\t};\n\t\t\tif (!f._fbq) f._fbq = n;\n\t\t\tn.push = n;\n\t\t\tn.loaded = !0;\n\t\t\tn.version = '2.0';\n\t\t\tn.queue = [];\n\t\t\tt = b.createElement(e);\n\t\t\tt.async = !0;\n\t\t\tt.src = v;\n\t\t\ts = b.getElementsByTagName(e)[0];\n\t\t\ts.parentNode.insertBefore(t, s)\n\t\t}(window, document, 'script',\n\t\t\t'https:\/\/connect.facebook.net\/en_US\/fbevents.js');\n\t\tfbq('init', '338315473262380');\n\t\tfbq('track', 'PageView');\n\t<\/script><br \/>\n<br \/><br \/>\n<br \/><a href=\"https:\/\/catracalivre.com.br\/vila-mundo\/atracoes-de-natal-de-santo-andre-comecam-nesta-sexta\/\">Source link <\/a><\/p>\n<!-- CONTENT END 1 -->\n","protected":false},"excerpt":{"rendered":"<p>Santo Andr\u00e9 vai celebrar o Natal Solid\u00e1rio de 2023 de maneira m\u00e1gica, com uma extensa programa\u00e7\u00e3o, repleta de atividades e atra\u00e7\u00f5es para toda a fam\u00edlia&#8230;<\/p>\n","protected":false},"author":1,"featured_media":8017,"comment_status":"open","ping_status":"open","sticky":false,"template":"","format":"standard","meta":{"advanced_seo_description":"","jetpack_seo_html_title":"","jetpack_seo_noindex":false,"jetpack_post_was_ever_published":false,"_jetpack_newsletter_access":"","_jetpack_dont_email_post_to_subs":false,"_jetpack_newsletter_tier_id":0,"_jetpack_memberships_contains_paywalled_content":false,"_jetpack_memberships_contains_paid_content":false,"footnotes":"","jetpack_publicize_message":"","jetpack_publicize_feature_enabled":true,"jetpack_social_post_already_shared":true,"jetpack_social_options":{"image_generator_settings":{"template":"highway","default_image_id":0,"font":"","enabled":false},"version":2}},"categories":[19],"tags":[],"class_list":["post-8016","post","type-post","status-publish","format-standard","has-post-thumbnail","hentry","category-variedades"],"jetpack_publicize_connections":[],"jetpack_featured_media_url":"https:\/\/i0.wp.com\/noticiasribeiraopreto.com.br\/wp-content\/uploads\/2023\/11\/spcriancas-santo-andre-vila-pq-celso-daniel-natal2019-12-800x531-1.jpg?fit=1200%2C638&ssl=1","jetpack-related-posts":[{"id":12689,"url":"https:\/\/noticiasribeiraopreto.com.br\/index.php\/2023\/12\/08\/bus-noel-realizara-passeio-de-criancas-com-deficiencia-no-natal-solidario-de-santo-andre\/","url_meta":{"origin":8016,"position":0},"title":"Bus Noel realizar\u00e1 passeio de crian\u00e7as com defici\u00eancia no Natal Solid\u00e1rio de Santo Andr\u00e9","author":"noticiasribeiraopreto.com.br","date":"8 de December de 2023","format":false,"excerpt":"A magia do Natal est\u00e1 por toda Santo Andr\u00e9 com um calend\u00e1rio repleto de atividades e decora\u00e7\u00e3o tem\u00e1tica em v\u00e1rios pontos da cidade. E nos dias 12 e 14 de dezembro (ter\u00e7a e quinta), a partir das 18h, crian\u00e7as com defici\u00eancia e seus acompanhantes poder\u00e3o participar de uma experi\u00eancia emocionante\u2026","rel":"","context":"In &quot;Variedades&quot;","block_context":{"text":"Variedades","link":"https:\/\/noticiasribeiraopreto.com.br\/index.php\/category\/variedades\/"},"img":{"alt_text":"","src":"https:\/\/i0.wp.com\/noticiasribeiraopreto.com.br\/wp-content\/uploads\/2023\/12\/catracalivre-social.jpg?fit=1200%2C628&ssl=1&resize=350%2C200","width":350,"height":200,"srcset":"https:\/\/i0.wp.com\/noticiasribeiraopreto.com.br\/wp-content\/uploads\/2023\/12\/catracalivre-social.jpg?fit=1200%2C628&ssl=1&resize=350%2C200 1x, https:\/\/i0.wp.com\/noticiasribeiraopreto.com.br\/wp-content\/uploads\/2023\/12\/catracalivre-social.jpg?fit=1200%2C628&ssl=1&resize=525%2C300 1.5x, https:\/\/i0.wp.com\/noticiasribeiraopreto.com.br\/wp-content\/uploads\/2023\/12\/catracalivre-social.jpg?fit=1200%2C628&ssl=1&resize=700%2C400 2x, https:\/\/i0.wp.com\/noticiasribeiraopreto.com.br\/wp-content\/uploads\/2023\/12\/catracalivre-social.jpg?fit=1200%2C628&ssl=1&resize=1050%2C600 3x"},"classes":[]},{"id":5551,"url":"https:\/\/noticiasribeiraopreto.com.br\/index.php\/2023\/11\/23\/natal-solidario-de-santo-andre-comeca-em-1o-de-dezembro-com-roda-gigante-e-varias-atracoes\/","url_meta":{"origin":8016,"position":1},"title":"Natal Solid\u00e1rio de Santo Andr\u00e9 come\u00e7a em 1\u00ba de dezembro com roda gigante e v\u00e1rias atra\u00e7\u00f5es","author":"noticiasribeiraopreto.com.br","date":"23 de November de 2023","format":false,"excerpt":"Santo Andr\u00e9 vai celebrar o Natal Solid\u00e1rio de 2023 de maneira m\u00e1gica, com uma extensa programa\u00e7\u00e3o, repleta de atividades e atra\u00e7\u00f5es para toda a fam\u00edlia a partir de 1\u00b0 de dezembro (sexta-feira). A programa\u00e7\u00e3o completa foi divulgada nesta quarta-feira (22\/11) e est\u00e1 dispon\u00edvel no site www.santoandrenatalsolidario.com.br Com o tema \u2018Santo\u2026","rel":"","context":"In &quot;Variedades&quot;","block_context":{"text":"Variedades","link":"https:\/\/noticiasribeiraopreto.com.br\/index.php\/category\/variedades\/"},"img":{"alt_text":"","src":"https:\/\/i0.wp.com\/noticiasribeiraopreto.com.br\/wp-content\/uploads\/2023\/11\/inauguracao-vila-de-luz-foto-angelo-baima-psa-1-2.jpeg?fit=1200%2C638&ssl=1&resize=350%2C200","width":350,"height":200,"srcset":"https:\/\/i0.wp.com\/noticiasribeiraopreto.com.br\/wp-content\/uploads\/2023\/11\/inauguracao-vila-de-luz-foto-angelo-baima-psa-1-2.jpeg?fit=1200%2C638&ssl=1&resize=350%2C200 1x, https:\/\/i0.wp.com\/noticiasribeiraopreto.com.br\/wp-content\/uploads\/2023\/11\/inauguracao-vila-de-luz-foto-angelo-baima-psa-1-2.jpeg?fit=1200%2C638&ssl=1&resize=525%2C300 1.5x, https:\/\/i0.wp.com\/noticiasribeiraopreto.com.br\/wp-content\/uploads\/2023\/11\/inauguracao-vila-de-luz-foto-angelo-baima-psa-1-2.jpeg?fit=1200%2C638&ssl=1&resize=700%2C400 2x, https:\/\/i0.wp.com\/noticiasribeiraopreto.com.br\/wp-content\/uploads\/2023\/11\/inauguracao-vila-de-luz-foto-angelo-baima-psa-1-2.jpeg?fit=1200%2C638&ssl=1&resize=1050%2C600 3x"},"classes":[]},{"id":5887,"url":"https:\/\/noticiasribeiraopreto.com.br\/index.php\/2023\/11\/24\/programacao-de-eventos-de-natal-em-sao-caetano-do-sul\/","url_meta":{"origin":8016,"position":2},"title":"Programa\u00e7\u00e3o de eventos de Natal em S\u00e3o Caetano do Sul","author":"noticiasribeiraopreto.com.br","date":"24 de November de 2023","format":false,"excerpt":"A magia do Natal est\u00e1 no ar e a Prefeitura de S\u00e3o Caetano do Sul preparou uma ampla programa\u00e7\u00e3o. Ter\u00e1\u00a0 a Vila de Natal, shows, atra\u00e7\u00f5es culturais, decora\u00e7\u00e3o especial em diversos pontos e muito mais. Acompanhe algumas das atra\u00e7\u00f5es e anote na sua agenda: \u2013 24\/11 \u00e0s 19h \u2013 Inaugura\u00e7\u00e3o\u2026","rel":"","context":"In &quot;Variedades&quot;","block_context":{"text":"Variedades","link":"https:\/\/noticiasribeiraopreto.com.br\/index.php\/category\/variedades\/"},"img":{"alt_text":"","src":"https:\/\/i0.wp.com\/noticiasribeiraopreto.com.br\/wp-content\/uploads\/2023\/11\/23112022-vila-de-natal-visconde-de-inhauma-20.jpg?fit=1200%2C638&ssl=1&resize=350%2C200","width":350,"height":200,"srcset":"https:\/\/i0.wp.com\/noticiasribeiraopreto.com.br\/wp-content\/uploads\/2023\/11\/23112022-vila-de-natal-visconde-de-inhauma-20.jpg?fit=1200%2C638&ssl=1&resize=350%2C200 1x, https:\/\/i0.wp.com\/noticiasribeiraopreto.com.br\/wp-content\/uploads\/2023\/11\/23112022-vila-de-natal-visconde-de-inhauma-20.jpg?fit=1200%2C638&ssl=1&resize=525%2C300 1.5x, https:\/\/i0.wp.com\/noticiasribeiraopreto.com.br\/wp-content\/uploads\/2023\/11\/23112022-vila-de-natal-visconde-de-inhauma-20.jpg?fit=1200%2C638&ssl=1&resize=700%2C400 2x, https:\/\/i0.wp.com\/noticiasribeiraopreto.com.br\/wp-content\/uploads\/2023\/11\/23112022-vila-de-natal-visconde-de-inhauma-20.jpg?fit=1200%2C638&ssl=1&resize=1050%2C600 3x"},"classes":[]},{"id":60119,"url":"https:\/\/noticiasribeiraopreto.com.br\/index.php\/2024\/11\/06\/shoppings-de-ribeirao-anunciam-chegada-do-papai-noel-veja-programacao\/","url_meta":{"origin":8016,"position":3},"title":"Shoppings de Ribeir\u00e3o anunciam chegada do Papai Noel; Veja programa\u00e7\u00e3o","author":"noticiasribeiraopreto.com.br","date":"6 de November de 2024","format":false,"excerpt":"O clima natalino come\u00e7a a tomar conta dos quatro shoppings de Ribeir\u00e3o Preto, neste final de semana, com a chegada do Papai Noel. A programa\u00e7\u00e3o nos empreendimentos ainda conta com inaugura\u00e7\u00e3o da decora\u00e7\u00e3o de Natal, apresenta\u00e7\u00e3o musical, brinquedos, passeio virtual no tren\u00f3 do bom velhinho, cen\u00e1rios natalinos instagram\u00e1veis e mais.\u2026","rel":"","context":"In &quot;Not\u00edcias de Ribeir\u00e3o Preto-SP e Regi\u00e3o&quot;","block_context":{"text":"Not\u00edcias de Ribeir\u00e3o Preto-SP e Regi\u00e3o","link":"https:\/\/noticiasribeiraopreto.com.br\/index.php\/category\/noticias-de-ribeirao-preto-sp-e-regiao-ismael-colosi\/"},"img":{"alt_text":"","src":"https:\/\/i0.wp.com\/noticiasribeiraopreto.com.br\/wp-content\/uploads\/2024\/11\/WhatsApp-Image-2024-11-05-at-19.19.04_2024-11-06_16-48-07_jpeg_2024-11-06_16-48-08-scaled.webp.webp?fit=1200%2C675&ssl=1&resize=350%2C200","width":350,"height":200,"srcset":"https:\/\/i0.wp.com\/noticiasribeiraopreto.com.br\/wp-content\/uploads\/2024\/11\/WhatsApp-Image-2024-11-05-at-19.19.04_2024-11-06_16-48-07_jpeg_2024-11-06_16-48-08-scaled.webp.webp?fit=1200%2C675&ssl=1&resize=350%2C200 1x, https:\/\/i0.wp.com\/noticiasribeiraopreto.com.br\/wp-content\/uploads\/2024\/11\/WhatsApp-Image-2024-11-05-at-19.19.04_2024-11-06_16-48-07_jpeg_2024-11-06_16-48-08-scaled.webp.webp?fit=1200%2C675&ssl=1&resize=525%2C300 1.5x, https:\/\/i0.wp.com\/noticiasribeiraopreto.com.br\/wp-content\/uploads\/2024\/11\/WhatsApp-Image-2024-11-05-at-19.19.04_2024-11-06_16-48-07_jpeg_2024-11-06_16-48-08-scaled.webp.webp?fit=1200%2C675&ssl=1&resize=700%2C400 2x, https:\/\/i0.wp.com\/noticiasribeiraopreto.com.br\/wp-content\/uploads\/2024\/11\/WhatsApp-Image-2024-11-05-at-19.19.04_2024-11-06_16-48-07_jpeg_2024-11-06_16-48-08-scaled.webp.webp?fit=1200%2C675&ssl=1&resize=1050%2C600 3x"},"classes":[]},{"id":80996,"url":"https:\/\/noticiasribeiraopreto.com.br\/index.php\/2025\/12\/20\/natal-em-cravinhos-tem-papai-noel-de-helicoptero-distribuicao-de-presentes-e-atracoes-culturais\/","url_meta":{"origin":8016,"position":4},"title":"Natal em Cravinhos tem Papai Noel de helic\u00f3ptero, distribui\u00e7\u00e3o de presentes e atra\u00e7\u00f5es culturais","author":"noticiasribeiraopreto.com.br","date":"20 de December de 2025","format":false,"excerpt":"O Papai Noel chega em grande estilo neste domingo (21) em Cravinhos, cidade a cerca de 23 quil\u00f4metros de Ribeir\u00e3o Preto. A chegada do Bom Velhinho est\u00e1 prevista a partir das 8h, no Est\u00e1dio J.D. Martins. Segundo a Administra\u00e7\u00e3o Municipal, a expectativa \u00e9 reunir cerca de quatro mil pessoas ao\u2026","rel":"","context":"In &quot;Not\u00edcias de Ribeir\u00e3o Preto-SP e Regi\u00e3o&quot;","block_context":{"text":"Not\u00edcias de Ribeir\u00e3o Preto-SP e Regi\u00e3o","link":"https:\/\/noticiasribeiraopreto.com.br\/index.php\/category\/noticias-de-ribeirao-preto-sp-e-regiao-ismael-colosi\/"},"img":{"alt_text":"","src":"https:\/\/i0.wp.com\/noticiasribeiraopreto.com.br\/wp-content\/uploads\/2025\/12\/600362987_1171242328544243_8418887030421037245_n-1_2025-12-19_19-29-20.webp.webp?fit=1181%2C834&ssl=1&resize=350%2C200","width":350,"height":200,"srcset":"https:\/\/i0.wp.com\/noticiasribeiraopreto.com.br\/wp-content\/uploads\/2025\/12\/600362987_1171242328544243_8418887030421037245_n-1_2025-12-19_19-29-20.webp.webp?fit=1181%2C834&ssl=1&resize=350%2C200 1x, https:\/\/i0.wp.com\/noticiasribeiraopreto.com.br\/wp-content\/uploads\/2025\/12\/600362987_1171242328544243_8418887030421037245_n-1_2025-12-19_19-29-20.webp.webp?fit=1181%2C834&ssl=1&resize=525%2C300 1.5x, https:\/\/i0.wp.com\/noticiasribeiraopreto.com.br\/wp-content\/uploads\/2025\/12\/600362987_1171242328544243_8418887030421037245_n-1_2025-12-19_19-29-20.webp.webp?fit=1181%2C834&ssl=1&resize=700%2C400 2x, https:\/\/i0.wp.com\/noticiasribeiraopreto.com.br\/wp-content\/uploads\/2025\/12\/600362987_1171242328544243_8418887030421037245_n-1_2025-12-19_19-29-20.webp.webp?fit=1181%2C834&ssl=1&resize=1050%2C600 3x"},"classes":[]},{"id":12596,"url":"https:\/\/noticiasribeiraopreto.com.br\/index.php\/2023\/12\/08\/santo-andre-tera-feira-do-natal-solidario-com-toni-garrido-klb-e-tributo-a-michael-jackson\/","url_meta":{"origin":8016,"position":5},"title":"Santo Andr\u00e9 ter\u00e1 Feira do Natal Solid\u00e1rio com Toni Garrido, KLB e tributo a Michael Jackson","author":"noticiasribeiraopreto.com.br","date":"8 de December de 2023","format":false,"excerpt":"A tradicional Feira do Natal Solid\u00e1rio ser\u00e1 realizada neste fim de semana, nos dias 8, 9 e 10 de dezembro, no estacionamento do Pa\u00e7o Municipal de Santo Andr\u00e9. Com grandes artistas, como Toni Garrido e KLB, al\u00e9m de variadas op\u00e7\u00f5es gastron\u00f4micas, o evento mais uma vez ter\u00e1 como objetivo principal\u2026","rel":"","context":"In &quot;Variedades&quot;","block_context":{"text":"Variedades","link":"https:\/\/noticiasribeiraopreto.com.br\/index.php\/category\/variedades\/"},"img":{"alt_text":"","src":"https:\/\/i0.wp.com\/noticiasribeiraopreto.com.br\/wp-content\/uploads\/2023\/12\/1-toni-garrido-1.jpeg?fit=1200%2C638&ssl=1&resize=350%2C200","width":350,"height":200,"srcset":"https:\/\/i0.wp.com\/noticiasribeiraopreto.com.br\/wp-content\/uploads\/2023\/12\/1-toni-garrido-1.jpeg?fit=1200%2C638&ssl=1&resize=350%2C200 1x, https:\/\/i0.wp.com\/noticiasribeiraopreto.com.br\/wp-content\/uploads\/2023\/12\/1-toni-garrido-1.jpeg?fit=1200%2C638&ssl=1&resize=525%2C300 1.5x, https:\/\/i0.wp.com\/noticiasribeiraopreto.com.br\/wp-content\/uploads\/2023\/12\/1-toni-garrido-1.jpeg?fit=1200%2C638&ssl=1&resize=700%2C400 2x, https:\/\/i0.wp.com\/noticiasribeiraopreto.com.br\/wp-content\/uploads\/2023\/12\/1-toni-garrido-1.jpeg?fit=1200%2C638&ssl=1&resize=1050%2C600 3x"},"classes":[]}],"jetpack_sharing_enabled":true,"jetpack_shortlink":"https:\/\/wp.me\/peQAOb-25i","_links":{"self":[{"href":"https:\/\/noticiasribeiraopreto.com.br\/index.php\/wp-json\/wp\/v2\/posts\/8016","targetHints":{"allow":["GET"]}}],"collection":[{"href":"https:\/\/noticiasribeiraopreto.com.br\/index.php\/wp-json\/wp\/v2\/posts"}],"about":[{"href":"https:\/\/noticiasribeiraopreto.com.br\/index.php\/wp-json\/wp\/v2\/types\/post"}],"author":[{"embeddable":true,"href":"https:\/\/noticiasribeiraopreto.com.br\/index.php\/wp-json\/wp\/v2\/users\/1"}],"replies":[{"embeddable":true,"href":"https:\/\/noticiasribeiraopreto.com.br\/index.php\/wp-json\/wp\/v2\/comments?post=8016"}],"version-history":[{"count":0,"href":"https:\/\/noticiasribeiraopreto.com.br\/index.php\/wp-json\/wp\/v2\/posts\/8016\/revisions"}],"wp:featuredmedia":[{"embeddable":true,"href":"https:\/\/noticiasribeiraopreto.com.br\/index.php\/wp-json\/wp\/v2\/media\/8017"}],"wp:attachment":[{"href":"https:\/\/noticiasribeiraopreto.com.br\/index.php\/wp-json\/wp\/v2\/media?parent=8016"}],"wp:term":[{"taxonomy":"category","embeddable":true,"href":"https:\/\/noticiasribeiraopreto.com.br\/index.php\/wp-json\/wp\/v2\/categories?post=8016"},{"taxonomy":"post_tag","embeddable":true,"href":"https:\/\/noticiasribeiraopreto.com.br\/index.php\/wp-json\/wp\/v2\/tags?post=8016"}],"curies":[{"name":"wp","href":"https:\/\/api.w.org\/{rel}","templated":true}]}}