{"id":8034,"date":"2023-11-29T10:03:41","date_gmt":"2023-11-29T13:03:41","guid":{"rendered":"https:\/\/noticiasribeiraopreto.com.br\/index.php\/2023\/11\/29\/natal-teimosia-historica-do-amor\/"},"modified":"2023-11-29T10:03:41","modified_gmt":"2023-11-29T13:03:41","slug":"natal-teimosia-historica-do-amor","status":"publish","type":"post","link":"https:\/\/noticiasribeiraopreto.com.br\/index.php\/2023\/11\/29\/natal-teimosia-historica-do-amor\/","title":{"rendered":"Natal, teimosia hist\u00f3rica do amor"},"content":{"rendered":"<div class='code-block code-block-1' style='margin: 8px 0 8px auto; text-align: right; display: block; clear: both;'>\n<p><a href=\"https:\/\/wa.link\/vpicfd\"><img data-recalc-dims=\"1\" class=\"wp-image-4922\" style=\"aspect-ratio: 2.0253164556962027; width: 561px; height: auto;\" src=\"https:\/\/i0.wp.com\/ismaelcolosi.com.br\/wp-content\/uploads\/2023\/11\/grupo-de-empregos-whatsapp-e-facebook-ismael-colosi-vagas.jpg?ssl=1\" alt=\"\" \/><\/a><\/p>\n<!-- \/wp:image -->\n<\/div>\n<p> <br \/>\n<\/p>\n<div id=\"post-365521\">\n<header class=\"entry-header penci-entry-header penci-title-center\">\n<p> <span class=\"entry-meta-item penci-posted-on\"><i class=\"fa fa-clock-o\"\/><time class=\"entry-date published\" datetime=\"2023-11-29T10:03:41-03:00\">29 de novembro de 2023 | 10:03<\/time><time class=\"updated\" datetime=\"2023-11-29T09:13:34-03:00\">29 de novembro de 2023 | 9:13<\/time><\/span><\/p>\n<p> <span class=\"penci-social-buttons penci-social-share-footer\"><a href=\"#\" class=\"penci-post-like penci_post-meta_item  single-like-button penci-social-item like\" data-post_id=\"365521\" title=\"Like\" data-like=\"Like\" data-unlike=\"Unlike\"><i class=\"fa fa-thumbs-o-up\"\/><span class=\"penci-share-number\">0<\/span><\/a><i class=\"fa fa-facebook\"\/><a class=\"penci-social-item twitter\" target=\"_blank\" rel=\"noopener\" title=\"\" href=\"https:\/\/twitter.com\/intent\/tweet?text=Natal,%20teimosia%20hist\u00f3rica%20do%20amor%20-%20https:\/\/www.tribunaribeirao.com.br\/site\/natal-teimosia-historica-do-amor\/\"><i class=\"fa fa-twitter\"\/><\/a><i class=\"fa fa-whatsapp\"\/><\/span><\/header>\n<div class=\"penci-entry-content entry-content\">\n<p>Quando o assunto \u00e9 Natal, logo imaginamos o Papai Noel, enfeites e luzes para marcar a data. Mas tem um apaixonado pela comemora\u00e7\u00e3o que al\u00e9m de reunir a fam\u00edlia inteira, gosta de escrever um novo texto todos os anos.<\/p>\n<p>Falamos aqui do Dr Feres Sabino, apaixonado pela festa e pelas palavras. Neste ano, o filho dele, Jos\u00e9 Feres Sabino, decidiu fazer uma homenagem para o pai e escolheu alguns textos j\u00e1 produzidos em anos anteriores.<\/p>\n<p>O resultado desta colet\u00e2nea foi a cria\u00e7\u00e3o de um cart\u00e3o sanfonado, denominado \u201cNatal, teimosia hist\u00f3rica do amor\u201d. O trabalho ficou t\u00e3o bonito que est\u00e1 sendo comercializado.<\/p>\n<p>O \u201ccart\u00e3o-liter\u00e1rio\u201d pode ser encontrado em duas cores, laranja e verde. Quem quiser conferir o trabalho do Dr. Feres Sabino pode ir at\u00e9 a livraria Mizumo, localizada na rua Otto Benz, 1199, na Ribeir\u00e2nia. Reservas pelo n\u00famero (16) 99806 \u2013 4415<\/p>\n<\/div>\n<footer class=\"penci-entry-footer\"\/><\/div>\n<p><script async src=\"\/\/platform.twitter.com\/widgets.js\" charset=\"utf-8\"><\/script><br \/>\n<br \/><br \/>\n<br \/><a href=\"https:\/\/www.tribunaribeirao.com.br\/site\/natal-teimosia-historica-do-amor\/\">Source link <\/a><\/p>\n<!-- CONTENT END 1 -->\n","protected":false},"excerpt":{"rendered":"<p>29 de novembro de 2023 | 10:0329 de novembro de 2023 | 9:13 0 Quando o assunto \u00e9 Natal, logo imaginamos o Papai Noel, enfeites&#8230;<\/p>\n","protected":false},"author":1,"featured_media":8035,"comment_status":"open","ping_status":"open","sticky":false,"template":"","format":"standard","meta":{"advanced_seo_description":"","jetpack_seo_html_title":"","jetpack_seo_noindex":false,"jetpack_post_was_ever_published":false,"_jetpack_newsletter_access":"","_jetpack_dont_email_post_to_subs":false,"_jetpack_newsletter_tier_id":0,"_jetpack_memberships_contains_paywalled_content":false,"_jetpack_memberships_contains_paid_content":false,"footnotes":"","jetpack_publicize_message":"","jetpack_publicize_feature_enabled":true,"jetpack_social_post_already_shared":true,"jetpack_social_options":{"image_generator_settings":{"template":"highway","default_image_id":0,"font":"","enabled":false},"version":2}},"categories":[11],"tags":[1044,1043,288,1042],"class_list":["post-8034","post","type-post","status-publish","format-standard","has-post-thumbnail","hentry","category-noticias-de-ribeirao-preto-sp-e-regiao-ismael-colosi","tag-amor","tag-historica","tag-natal","tag-teimosia"],"jetpack_publicize_connections":[],"jetpack_featured_media_url":"https:\/\/i0.wp.com\/noticiasribeiraopreto.com.br\/wp-content\/uploads\/2023\/11\/feressabino.jpg?fit=1600%2C1200&ssl=1","jetpack-related-posts":[{"id":20313,"url":"https:\/\/noticiasribeiraopreto.com.br\/index.php\/2023\/12\/24\/mensagens-de-natal-para-voce-compartilhar-com-seus-amigos-e-amores\/","url_meta":{"origin":8034,"position":0},"title":"Mensagens de Natal para voc\u00ea compartilhar com seus amigos e amores!","author":"noticiasribeiraopreto.com.br","date":"24 de December de 2023","format":false,"excerpt":"O Natal \u00e9 um tempo de celebra\u00e7\u00e3o, gratid\u00e3o e amor. Aqui est\u00e3o algumas mensagens natalinas que voc\u00ea pode compartilhar com seus amigos e entes queridos para expressar seus sentimentos de carinho e uni\u00e3o durante este per\u00edodo festivo. Esp\u00edrito Natalino e Esperan\u00e7a A Magia do Natal Neste per\u00edodo encantador do ano,\u2026","rel":"","context":"In &quot;Vagas de Emprego em Ribeir\u00e3o Preto-SP&quot;","block_context":{"text":"Vagas de Emprego em Ribeir\u00e3o Preto-SP","link":"https:\/\/noticiasribeiraopreto.com.br\/index.php\/category\/empregos-classificados-vagas-trabalho\/vagas-de-empregos-em-ribeirao-preto-regiao-brasil\/"},"img":{"alt_text":"","src":"","width":0,"height":0},"classes":[]},{"id":20088,"url":"https:\/\/noticiasribeiraopreto.com.br\/index.php\/2023\/12\/24\/20-mensagens-de-natal-para-voce-mandar-no-whatsapp-meu-valor-digital\/","url_meta":{"origin":8034,"position":1},"title":"20 mensagens de natal para voc\u00ea mandar no WhatsApp &#8211; Meu Valor Digital","author":"noticiasribeiraopreto.com.br","date":"24 de December de 2023","format":false,"excerpt":"Hoje \u00e9 v\u00e9spera de Natal, uma noite cheia de expectativas e alegria. As ruas est\u00e3o iluminadas com luzes de Natal e todo mundo se prepara para celebrar. Nesta \u00e9poca, mandar mensagens de Natal pelo WhatsApp \u00e9 um jeito f\u00e1cil e carinhoso de mostrar \u00e0s pessoas que a gente se lembra\u2026","rel":"","context":"In &quot;Vagas de Emprego em Ribeir\u00e3o Preto-SP&quot;","block_context":{"text":"Vagas de Emprego em Ribeir\u00e3o Preto-SP","link":"https:\/\/noticiasribeiraopreto.com.br\/index.php\/category\/empregos-classificados-vagas-trabalho\/vagas-de-empregos-em-ribeirao-preto-regiao-brasil\/"},"img":{"alt_text":"","src":"https:\/\/i0.wp.com\/noticiasribeiraopreto.com.br\/wp-content\/uploads\/2023\/12\/Mensagens-de-Natal.jpg?fit=1200%2C773&ssl=1&resize=350%2C200","width":350,"height":200,"srcset":"https:\/\/i0.wp.com\/noticiasribeiraopreto.com.br\/wp-content\/uploads\/2023\/12\/Mensagens-de-Natal.jpg?fit=1200%2C773&ssl=1&resize=350%2C200 1x, https:\/\/i0.wp.com\/noticiasribeiraopreto.com.br\/wp-content\/uploads\/2023\/12\/Mensagens-de-Natal.jpg?fit=1200%2C773&ssl=1&resize=525%2C300 1.5x, https:\/\/i0.wp.com\/noticiasribeiraopreto.com.br\/wp-content\/uploads\/2023\/12\/Mensagens-de-Natal.jpg?fit=1200%2C773&ssl=1&resize=700%2C400 2x, https:\/\/i0.wp.com\/noticiasribeiraopreto.com.br\/wp-content\/uploads\/2023\/12\/Mensagens-de-Natal.jpg?fit=1200%2C773&ssl=1&resize=1050%2C600 3x"},"classes":[]},{"id":7206,"url":"https:\/\/noticiasribeiraopreto.com.br\/index.php\/2023\/11\/27\/quais-filmes-e-series-estreiam-nesta-semana-nos-streamings-veja-a-lista\/","url_meta":{"origin":8034,"position":2},"title":"Quais filmes e s\u00e9ries estreiam nesta semana nos streamings? Veja a lista","author":"noticiasribeiraopreto.com.br","date":"27 de November de 2023","format":false,"excerpt":"Cr\u00e9ditos: reprodu\u00e7\u00e3o\/DisneyNovos filmes e s\u00e9ries estreiam nos streamings; veja a llista Entre 26 de dezembro e 2 de dezembro, os streamings prometem as estreias de grandes filmes e s\u00e9ries. Para entrar em clima de Natal, \u201cRitmo de Natal\u201d, do Globoplay, e \u201cA Batalha de Natal\u201d, do Prime Video, est\u00e3o entre\u2026","rel":"","context":"In &quot;Variedades&quot;","block_context":{"text":"Variedades","link":"https:\/\/noticiasribeiraopreto.com.br\/index.php\/category\/variedades\/"},"img":{"alt_text":"","src":"https:\/\/i0.wp.com\/noticiasribeiraopreto.com.br\/wp-content\/uploads\/2023\/11\/fotos-catraca-2023-11-27t132847745.png?fit=1200%2C638&ssl=1&resize=350%2C200","width":350,"height":200,"srcset":"https:\/\/i0.wp.com\/noticiasribeiraopreto.com.br\/wp-content\/uploads\/2023\/11\/fotos-catraca-2023-11-27t132847745.png?fit=1200%2C638&ssl=1&resize=350%2C200 1x, https:\/\/i0.wp.com\/noticiasribeiraopreto.com.br\/wp-content\/uploads\/2023\/11\/fotos-catraca-2023-11-27t132847745.png?fit=1200%2C638&ssl=1&resize=525%2C300 1.5x, https:\/\/i0.wp.com\/noticiasribeiraopreto.com.br\/wp-content\/uploads\/2023\/11\/fotos-catraca-2023-11-27t132847745.png?fit=1200%2C638&ssl=1&resize=700%2C400 2x, https:\/\/i0.wp.com\/noticiasribeiraopreto.com.br\/wp-content\/uploads\/2023\/11\/fotos-catraca-2023-11-27t132847745.png?fit=1200%2C638&ssl=1&resize=1050%2C600 3x"},"classes":[]},{"id":12551,"url":"https:\/\/noticiasribeiraopreto.com.br\/index.php\/2023\/12\/08\/19-estreias-nos-streamings-e-nos-cinemas-para-ver-neste-final-de-semana\/","url_meta":{"origin":8034,"position":3},"title":"19 estreias nos streamings e nos cinemas para ver neste final de semana","author":"noticiasribeiraopreto.com.br","date":"8 de December de 2023","format":false,"excerpt":"Cr\u00e9ditos: Depositphotos\/Naito29Lan\u00e7amentos nos streamings e nos cinemas para assistir no final de semana A semana foi movimentada nos streamings e nos cinemas. Novos filmes e s\u00e9ries imperd\u00edveis estrearam entre 26 de novembro e 2 de dezembro. Pois \u00e9\u2026 Dezembro chegou com tudo! A lista tem filmes natalinos, s\u00e9ries biogr\u00e1ficas, com\u00e9dias\u2026","rel":"","context":"In &quot;Variedades&quot;","block_context":{"text":"Variedades","link":"https:\/\/noticiasribeiraopreto.com.br\/index.php\/category\/variedades\/"},"img":{"alt_text":"","src":"https:\/\/i0.wp.com\/noticiasribeiraopreto.com.br\/wp-content\/uploads\/2023\/12\/depositphotos-438046142-xl-scaled-e1701401188290.jpg?fit=1200%2C638&ssl=1&resize=350%2C200","width":350,"height":200,"srcset":"https:\/\/i0.wp.com\/noticiasribeiraopreto.com.br\/wp-content\/uploads\/2023\/12\/depositphotos-438046142-xl-scaled-e1701401188290.jpg?fit=1200%2C638&ssl=1&resize=350%2C200 1x, https:\/\/i0.wp.com\/noticiasribeiraopreto.com.br\/wp-content\/uploads\/2023\/12\/depositphotos-438046142-xl-scaled-e1701401188290.jpg?fit=1200%2C638&ssl=1&resize=525%2C300 1.5x, https:\/\/i0.wp.com\/noticiasribeiraopreto.com.br\/wp-content\/uploads\/2023\/12\/depositphotos-438046142-xl-scaled-e1701401188290.jpg?fit=1200%2C638&ssl=1&resize=700%2C400 2x, https:\/\/i0.wp.com\/noticiasribeiraopreto.com.br\/wp-content\/uploads\/2023\/12\/depositphotos-438046142-xl-scaled-e1701401188290.jpg?fit=1200%2C638&ssl=1&resize=1050%2C600 3x"},"classes":[]},{"id":15681,"url":"https:\/\/noticiasribeiraopreto.com.br\/index.php\/2023\/12\/14\/estes-5-filmes-de-natal-sao-os-melhores-do-prime-video-e-voce-ainda-nao-viu\/","url_meta":{"origin":8034,"position":4},"title":"Estes 5 filmes de Natal s\u00e3o os melhores do Prime V\u00eddeo e voc\u00ea ainda n\u00e3o viu","author":"noticiasribeiraopreto.com.br","date":"14 de December de 2023","format":false,"excerpt":"Cr\u00e9ditos: iStock\/demaerreFilmes de Natal para ver na Prime Video Dezembro chegou e, com ele, \u00e9 hora de conferir aqueles cl\u00e1ssicos filmes natalinos que o p\u00fablico ama. Para isso, o Prime Video tem uma variedade de longas escondidos no cat\u00e1logo.\u00a0 A \u00e9poca \u00e9 t\u00e3o especial para centenas de assinantes, que um\u2026","rel":"","context":"In &quot;Variedades&quot;","block_context":{"text":"Variedades","link":"https:\/\/noticiasribeiraopreto.com.br\/index.php\/category\/variedades\/"},"img":{"alt_text":"","src":"https:\/\/i0.wp.com\/noticiasribeiraopreto.com.br\/wp-content\/uploads\/2023\/12\/istock-1434838235.jpg?fit=1200%2C638&ssl=1&resize=350%2C200","width":350,"height":200,"srcset":"https:\/\/i0.wp.com\/noticiasribeiraopreto.com.br\/wp-content\/uploads\/2023\/12\/istock-1434838235.jpg?fit=1200%2C638&ssl=1&resize=350%2C200 1x, https:\/\/i0.wp.com\/noticiasribeiraopreto.com.br\/wp-content\/uploads\/2023\/12\/istock-1434838235.jpg?fit=1200%2C638&ssl=1&resize=525%2C300 1.5x, https:\/\/i0.wp.com\/noticiasribeiraopreto.com.br\/wp-content\/uploads\/2023\/12\/istock-1434838235.jpg?fit=1200%2C638&ssl=1&resize=700%2C400 2x, https:\/\/i0.wp.com\/noticiasribeiraopreto.com.br\/wp-content\/uploads\/2023\/12\/istock-1434838235.jpg?fit=1200%2C638&ssl=1&resize=1050%2C600 3x"},"classes":[]},{"id":79833,"url":"https:\/\/noticiasribeiraopreto.com.br\/index.php\/2025\/11\/08\/ribeirao-preto-recebe-caravana-de-natal-da-coca-cola-confira-o-trajeto\/","url_meta":{"origin":8034,"position":5},"title":"Ribeir\u00e3o Preto recebe Caravana de Natal da Coca-Cola; Confira o trajeto","author":"noticiasribeiraopreto.com.br","date":"8 de November de 2025","format":false,"excerpt":"Ribeir\u00e3o Preto e regi\u00e3o recebem os tradicionais caminh\u00f5es decorados, iluminados e com o Papai Noel da Caravana de Natal da Coca-Cola, entre os dias 26 de novembro e 23 de dezembro. A caravana integra as a\u00e7\u00f5es da empresa para as festividades de fim de ano. A programa\u00e7\u00e3o completa pode ser\u2026","rel":"","context":"In &quot;Not\u00edcias de Ribeir\u00e3o Preto-SP e Regi\u00e3o&quot;","block_context":{"text":"Not\u00edcias de Ribeir\u00e3o Preto-SP e Regi\u00e3o","link":"https:\/\/noticiasribeiraopreto.com.br\/index.php\/category\/noticias-de-ribeirao-preto-sp-e-regiao-ismael-colosi\/"},"img":{"alt_text":"","src":"https:\/\/i0.wp.com\/noticiasribeiraopreto.com.br\/wp-content\/uploads\/2025\/11\/carreata-coca-cola.jpg?fit=1200%2C675&ssl=1&resize=350%2C200","width":350,"height":200,"srcset":"https:\/\/i0.wp.com\/noticiasribeiraopreto.com.br\/wp-content\/uploads\/2025\/11\/carreata-coca-cola.jpg?fit=1200%2C675&ssl=1&resize=350%2C200 1x, https:\/\/i0.wp.com\/noticiasribeiraopreto.com.br\/wp-content\/uploads\/2025\/11\/carreata-coca-cola.jpg?fit=1200%2C675&ssl=1&resize=525%2C300 1.5x, https:\/\/i0.wp.com\/noticiasribeiraopreto.com.br\/wp-content\/uploads\/2025\/11\/carreata-coca-cola.jpg?fit=1200%2C675&ssl=1&resize=700%2C400 2x, https:\/\/i0.wp.com\/noticiasribeiraopreto.com.br\/wp-content\/uploads\/2025\/11\/carreata-coca-cola.jpg?fit=1200%2C675&ssl=1&resize=1050%2C600 3x"},"classes":[]}],"jetpack_sharing_enabled":true,"jetpack_shortlink":"https:\/\/wp.me\/peQAOb-25A","_links":{"self":[{"href":"https:\/\/noticiasribeiraopreto.com.br\/index.php\/wp-json\/wp\/v2\/posts\/8034","targetHints":{"allow":["GET"]}}],"collection":[{"href":"https:\/\/noticiasribeiraopreto.com.br\/index.php\/wp-json\/wp\/v2\/posts"}],"about":[{"href":"https:\/\/noticiasribeiraopreto.com.br\/index.php\/wp-json\/wp\/v2\/types\/post"}],"author":[{"embeddable":true,"href":"https:\/\/noticiasribeiraopreto.com.br\/index.php\/wp-json\/wp\/v2\/users\/1"}],"replies":[{"embeddable":true,"href":"https:\/\/noticiasribeiraopreto.com.br\/index.php\/wp-json\/wp\/v2\/comments?post=8034"}],"version-history":[{"count":0,"href":"https:\/\/noticiasribeiraopreto.com.br\/index.php\/wp-json\/wp\/v2\/posts\/8034\/revisions"}],"wp:featuredmedia":[{"embeddable":true,"href":"https:\/\/noticiasribeiraopreto.com.br\/index.php\/wp-json\/wp\/v2\/media\/8035"}],"wp:attachment":[{"href":"https:\/\/noticiasribeiraopreto.com.br\/index.php\/wp-json\/wp\/v2\/media?parent=8034"}],"wp:term":[{"taxonomy":"category","embeddable":true,"href":"https:\/\/noticiasribeiraopreto.com.br\/index.php\/wp-json\/wp\/v2\/categories?post=8034"},{"taxonomy":"post_tag","embeddable":true,"href":"https:\/\/noticiasribeiraopreto.com.br\/index.php\/wp-json\/wp\/v2\/tags?post=8034"}],"curies":[{"name":"wp","href":"https:\/\/api.w.org\/{rel}","templated":true}]}}