{"id":80360,"date":"2025-11-20T13:37:00","date_gmt":"2025-11-20T16:37:00","guid":{"rendered":"https:\/\/noticiasribeiraopreto.com.br\/index.php\/2025\/11\/20\/corpo-de-pescador-e-encontrado-em-lagoa-na-regiao-de-ribeirao-preto\/"},"modified":"2025-11-20T13:37:00","modified_gmt":"2025-11-20T16:37:00","slug":"corpo-de-pescador-e-encontrado-em-lagoa-na-regiao-de-ribeirao-preto","status":"publish","type":"post","link":"https:\/\/noticiasribeiraopreto.com.br\/index.php\/2025\/11\/20\/corpo-de-pescador-e-encontrado-em-lagoa-na-regiao-de-ribeirao-preto\/","title":{"rendered":"Corpo de pescador \u00e9 encontrado em lagoa na regi\u00e3o de Ribeir\u00e3o Preto"},"content":{"rendered":"<div class='code-block code-block-1' style='margin: 8px 0 8px auto; text-align: right; display: block; clear: both;'>\n<p><a href=\"https:\/\/wa.link\/vpicfd\"><img data-recalc-dims=\"1\" class=\"wp-image-4922\" style=\"aspect-ratio: 2.0253164556962027; width: 561px; height: auto;\" src=\"https:\/\/i0.wp.com\/ismaelcolosi.com.br\/wp-content\/uploads\/2023\/11\/grupo-de-empregos-whatsapp-e-facebook-ismael-colosi-vagas.jpg?ssl=1\" alt=\"\" \/><\/a><\/p>\n<!-- \/wp:image -->\n<\/div>\n<p> <br \/>\n<\/p>\n<div data-td-block-uid=\"tdi_95\">\n<div class=\"tdb-block-inner td-fix-index\">\n<p><strong>Um homem de 46 anos foi encontrado morto nesta quarta-feira (19), na lagoa de uma propriedade rural entre Sert\u00e3ozinho e Cruz das Posses, na regi\u00e3o de Ribeir\u00e3o Preto.<\/strong><\/p>\n<p>Segundo o <strong>boletim de ocorr\u00eancia (BO)<\/strong>, <mark style=\"background-color:#fcb900\" class=\"has-inline-color has-black-color\">Ivanilton dos Santos havia sa\u00eddo com um grupo de amigos para pescar no domingo (16) e n\u00e3o retornou para casa.<\/mark><\/p>\n<p>Consta no registro que a pesca na lagoa era proibida e o grupo tinha o h\u00e1bito de frequentar o local \u00e0 noite para evitar a fiscaliza\u00e7\u00e3o.<\/p>\n<p>Ainda conforme o BO, Ivanilton teria dito aos amigos que pretendia ir embora. Mais tarde, os amigos passaram em sua casa e os familiares avisaram que ele n\u00e3o havia retornado.<\/p>\n<p>Foi registrado um BO por desaparecimento de pessoa e os familiares chegaram a fazer buscas em diversos lugares, inclusive na lagoa. <\/p>\n<p>O Corpo de Bombeiros foi acionado nesta quarta e encontrou o corpo da v\u00edtima, que boiava na \u00e1gua.<\/p>\n<p>O caso foi registrado na CPJ (Central de Pol\u00edcia Judici\u00e1ria) Permanente como morte suspeita e acidental para investiga\u00e7\u00e3o da Pol\u00edcia Civil.<\/p>\n<p>SAIBA MAIS<\/p>\n<p>Carro invade canteiro e bate em \u00e1rvore em Ribeir\u00e3o Preto<\/p>\n<h2 class=\"wp-block-heading\"><strong>FIQUE ON<\/strong><\/h2>\n<p>Fique ligado em tudo que acontece em Ribeir\u00e3o Preto e regi\u00e3o. Siga os perfis do\u00a0<strong>acidade on\u00a0<\/strong>no\u00a0<a href=\"https:\/\/www.instagram.com\/acidadeonribeirao\" target=\"_blank\" rel=\"noreferrer noopener\">Instagram\u00a0<\/a>e no<a href=\"https:\/\/www.facebook.com\/acidadeonribeirao\/\" target=\"_blank\" rel=\"noreferrer noopener\">\u00a0Facebook<\/a>.<\/p>\n<p>Receba not\u00edcias do\u00a0<strong>acidade on<\/strong>\u00a0no WhatsApp. Para entrar no grupo,\u00a0basta<a href=\"https:\/\/chat.whatsapp.com\/I4nieTEMKlf50pJ28aMemC?mode=ac_t\" target=\"_blank\" rel=\"noreferrer noopener\">\u00a0clicar aqui<\/a>. Ou, acesse o nosso\u00a0Canal\u00a0<a href=\"https:\/\/whatsapp.com\/channel\/0029Vb6IQl1JENyAeS57fk2p\" target=\"_blank\" rel=\"noreferrer noopener\">clicando aqui<\/a>.<\/p>\n<p>Fa\u00e7a uma den\u00fancia ou sugira uma reportagem sobre Ribeir\u00e3o Preto e regi\u00e3o pelo WhatsApp: 16 99117 7802.<\/p>\n<p>VEJA TAMB\u00c9M<\/p>\n<p>Concurso IBGE: veja como se inscrever, vagas e sal\u00e1rios<\/p>\n<p><!-- AI CONTENT END 1 -->\n<\/div>\n<\/div>\n<p><script async src=\"\/\/www.instagram.com\/embed.js\"><\/script><br \/>\n<br \/><br \/>\n<br \/><a href=\"https:\/\/www.acidadeon.com\/ribeiraopreto\/cotidiano\/corpo-de-pescador-e-encontrado-em-lagoa-na-regiao-de-ribeirao-preto\/\">Source link <\/a><\/p>\n<!-- CONTENT END 1 -->\n","protected":false},"excerpt":{"rendered":"<p>Um homem de 46 anos foi encontrado morto nesta quarta-feira (19), na lagoa de uma propriedade rural entre Sert\u00e3ozinho e Cruz das Posses, na regi\u00e3o&#8230;<\/p>\n","protected":false},"author":1,"featured_media":73423,"comment_status":"open","ping_status":"open","sticky":false,"template":"","format":"standard","meta":{"advanced_seo_description":"","jetpack_seo_html_title":"","jetpack_seo_noindex":false,"jetpack_post_was_ever_published":false,"_jetpack_newsletter_access":"","_jetpack_dont_email_post_to_subs":false,"_jetpack_newsletter_tier_id":0,"_jetpack_memberships_contains_paywalled_content":false,"_jetpack_memberships_contains_paid_content":false,"footnotes":"","jetpack_publicize_message":"","jetpack_publicize_feature_enabled":true,"jetpack_social_post_already_shared":true,"jetpack_social_options":{"image_generator_settings":{"template":"highway","default_image_id":0,"font":"","enabled":false},"version":2}},"categories":[11],"tags":[],"class_list":["post-80360","post","type-post","status-publish","format-standard","has-post-thumbnail","hentry","category-noticias-de-ribeirao-preto-sp-e-regiao-ismael-colosi"],"jetpack_publicize_connections":[],"jetpack_featured_media_url":"https:\/\/i0.wp.com\/noticiasribeiraopreto.com.br\/wp-content\/uploads\/2025\/07\/BOMBEIROS-1024x575-1_2024-05-31_13-44-44_jpg_2024-05-31_13-44-44.webp.webp?fit=1024%2C575&ssl=1","jetpack-related-posts":[{"id":61146,"url":"https:\/\/noticiasribeiraopreto.com.br\/index.php\/2024\/12\/04\/corpo-e-encontrado-em-lagoa-na-regiao-de-ribeirao-preto\/","url_meta":{"origin":80360,"position":0},"title":"Corpo \u00e9 encontrado em lagoa na regi\u00e3o de Ribeir\u00e3o Preto","author":"noticiasribeiraopreto.com.br","date":"4 de December de 2024","format":false,"excerpt":"Na tarde desta quarta-feira (4), um corpo foi encontrado em um brejo pr\u00f3ximo a lagoa de tratamento de esgoto de Sert\u00e3ozinho, na regi\u00e3o de Ribeir\u00e3o Preto. A Pol\u00edcia Militar e o Corpo de Bombeiros est\u00e3o no local. O corpo j\u00e1 est\u00e1 em decomposi\u00e7\u00e3o e ainda n\u00e3o foi identificado. Mat\u00e9ria em\u2026","rel":"","context":"In &quot;Not\u00edcias de Ribeir\u00e3o Preto-SP e Regi\u00e3o&quot;","block_context":{"text":"Not\u00edcias de Ribeir\u00e3o Preto-SP e Regi\u00e3o","link":"https:\/\/noticiasribeiraopreto.com.br\/index.php\/category\/noticias-de-ribeirao-preto-sp-e-regiao-ismael-colosi\/"},"img":{"alt_text":"","src":"https:\/\/i0.wp.com\/noticiasribeiraopreto.com.br\/wp-content\/uploads\/2024\/12\/Copia-de-Copia-de-Copia-de-TAMANHO-EXATO-PARA-FOTOS-NO-SISTEMA-NOVO-2024-12-04T162028.093_2024-12-04_19-21-20_png_2024-12-04_19-21-21.webp.webp?fit=1200%2C675&ssl=1&resize=350%2C200","width":350,"height":200,"srcset":"https:\/\/i0.wp.com\/noticiasribeiraopreto.com.br\/wp-content\/uploads\/2024\/12\/Copia-de-Copia-de-Copia-de-TAMANHO-EXATO-PARA-FOTOS-NO-SISTEMA-NOVO-2024-12-04T162028.093_2024-12-04_19-21-20_png_2024-12-04_19-21-21.webp.webp?fit=1200%2C675&ssl=1&resize=350%2C200 1x, https:\/\/i0.wp.com\/noticiasribeiraopreto.com.br\/wp-content\/uploads\/2024\/12\/Copia-de-Copia-de-Copia-de-TAMANHO-EXATO-PARA-FOTOS-NO-SISTEMA-NOVO-2024-12-04T162028.093_2024-12-04_19-21-20_png_2024-12-04_19-21-21.webp.webp?fit=1200%2C675&ssl=1&resize=525%2C300 1.5x, https:\/\/i0.wp.com\/noticiasribeiraopreto.com.br\/wp-content\/uploads\/2024\/12\/Copia-de-Copia-de-Copia-de-TAMANHO-EXATO-PARA-FOTOS-NO-SISTEMA-NOVO-2024-12-04T162028.093_2024-12-04_19-21-20_png_2024-12-04_19-21-21.webp.webp?fit=1200%2C675&ssl=1&resize=700%2C400 2x, https:\/\/i0.wp.com\/noticiasribeiraopreto.com.br\/wp-content\/uploads\/2024\/12\/Copia-de-Copia-de-Copia-de-TAMANHO-EXATO-PARA-FOTOS-NO-SISTEMA-NOVO-2024-12-04T162028.093_2024-12-04_19-21-20_png_2024-12-04_19-21-21.webp.webp?fit=1200%2C675&ssl=1&resize=1050%2C600 3x"},"classes":[]},{"id":83093,"url":"https:\/\/noticiasribeiraopreto.com.br\/index.php\/2026\/03\/09\/carro-e-encontrado-dentro-de-lagoa-na-regiao-de-ribeirao-preto\/","url_meta":{"origin":80360,"position":1},"title":"Carro \u00e9 encontrado dentro de lagoa na regi\u00e3o de Ribeir\u00e3o Preto","author":"noticiasribeiraopreto.com.br","date":"9 de March de 2026","format":false,"excerpt":"Um carro foi encontrado submerso em uma lagoa de conten\u00e7\u00e3o da chuva, ao lado da avenida Ayrton Senna, em Batatais, a 40 quil\u00f4metros de Ribeir\u00e3o Preto. Segundo informa\u00e7\u00f5es, o Corpo de Bombeiros foi chamado por uma testemunha que disse ter visto uma pessoa sair da \u00e1gua no per\u00edodo da manh\u00e3\u2026","rel":"","context":"In &quot;Not\u00edcias de Ribeir\u00e3o Preto-SP e Regi\u00e3o&quot;","block_context":{"text":"Not\u00edcias de Ribeir\u00e3o Preto-SP e Regi\u00e3o","link":"https:\/\/noticiasribeiraopreto.com.br\/index.php\/category\/noticias-de-ribeirao-preto-sp-e-regiao-ismael-colosi\/"},"img":{"alt_text":"","src":"https:\/\/i0.wp.com\/noticiasribeiraopreto.com.br\/wp-content\/uploads\/2026\/03\/WhatsApp-Image-2026-03-09-at-08.00.17_2026-03-09_11-13-24.webp.webp?fit=1200%2C795&ssl=1&resize=350%2C200","width":350,"height":200,"srcset":"https:\/\/i0.wp.com\/noticiasribeiraopreto.com.br\/wp-content\/uploads\/2026\/03\/WhatsApp-Image-2026-03-09-at-08.00.17_2026-03-09_11-13-24.webp.webp?fit=1200%2C795&ssl=1&resize=350%2C200 1x, https:\/\/i0.wp.com\/noticiasribeiraopreto.com.br\/wp-content\/uploads\/2026\/03\/WhatsApp-Image-2026-03-09-at-08.00.17_2026-03-09_11-13-24.webp.webp?fit=1200%2C795&ssl=1&resize=525%2C300 1.5x, https:\/\/i0.wp.com\/noticiasribeiraopreto.com.br\/wp-content\/uploads\/2026\/03\/WhatsApp-Image-2026-03-09-at-08.00.17_2026-03-09_11-13-24.webp.webp?fit=1200%2C795&ssl=1&resize=700%2C400 2x, https:\/\/i0.wp.com\/noticiasribeiraopreto.com.br\/wp-content\/uploads\/2026\/03\/WhatsApp-Image-2026-03-09-at-08.00.17_2026-03-09_11-13-24.webp.webp?fit=1200%2C795&ssl=1&resize=1050%2C600 3x"},"classes":[]},{"id":62657,"url":"https:\/\/noticiasribeiraopreto.com.br\/index.php\/2025\/01\/21\/cachorro-vai-procurar-tutor-que-morreu-afogado-em-lagoa-de-ribeirao-preto\/","url_meta":{"origin":80360,"position":2},"title":"Cachorro vai procurar tutor que morreu afogado em lagoa de Ribeir\u00e3o Preto","author":"noticiasribeiraopreto.com.br","date":"21 de January de 2025","format":false,"excerpt":"O cachorro do homem que morreu ap\u00f3s se afogar na tarde desta segunda-feira (20), na Lagoa do Saibro, zona Leste de Ribeir\u00e3o Preto, foi at\u00e9 o local procurar pelo tutor, na manh\u00e3 desta ter\u00e7a-feira (21). A imagem foi mostrada ao vivo no Bom Dia Cidade, da EPTV. No\u00a0boletim de ocorr\u00eancia\u2026","rel":"","context":"In &quot;Not\u00edcias de Ribeir\u00e3o Preto-SP e Regi\u00e3o&quot;","block_context":{"text":"Not\u00edcias de Ribeir\u00e3o Preto-SP e Regi\u00e3o","link":"https:\/\/noticiasribeiraopreto.com.br\/index.php\/category\/noticias-de-ribeirao-preto-sp-e-regiao-ismael-colosi\/"},"img":{"alt_text":"","src":"https:\/\/i0.wp.com\/noticiasribeiraopreto.com.br\/wp-content\/uploads\/2025\/01\/CACHORRO_2025-01-21_12-33-23_jpg_2025-01-21_12-33-23.webp.webp?fit=1200%2C711&ssl=1&resize=350%2C200","width":350,"height":200,"srcset":"https:\/\/i0.wp.com\/noticiasribeiraopreto.com.br\/wp-content\/uploads\/2025\/01\/CACHORRO_2025-01-21_12-33-23_jpg_2025-01-21_12-33-23.webp.webp?fit=1200%2C711&ssl=1&resize=350%2C200 1x, https:\/\/i0.wp.com\/noticiasribeiraopreto.com.br\/wp-content\/uploads\/2025\/01\/CACHORRO_2025-01-21_12-33-23_jpg_2025-01-21_12-33-23.webp.webp?fit=1200%2C711&ssl=1&resize=525%2C300 1.5x, https:\/\/i0.wp.com\/noticiasribeiraopreto.com.br\/wp-content\/uploads\/2025\/01\/CACHORRO_2025-01-21_12-33-23_jpg_2025-01-21_12-33-23.webp.webp?fit=1200%2C711&ssl=1&resize=700%2C400 2x, https:\/\/i0.wp.com\/noticiasribeiraopreto.com.br\/wp-content\/uploads\/2025\/01\/CACHORRO_2025-01-21_12-33-23_jpg_2025-01-21_12-33-23.webp.webp?fit=1200%2C711&ssl=1&resize=1050%2C600 3x"},"classes":[]},{"id":61150,"url":"https:\/\/noticiasribeiraopreto.com.br\/index.php\/2024\/12\/04\/corpo-e-encontrado-em-lagoa-na-regiao-de-ribeirao-preto-2\/","url_meta":{"origin":80360,"position":3},"title":"Corpo \u00e9 encontrado em lagoa na regi\u00e3o de Ribeir\u00e3o Preto","author":"noticiasribeiraopreto.com.br","date":"4 de December de 2024","format":false,"excerpt":"Na tarde desta quarta-feira (4), um corpo foi encontrado em um brejo pr\u00f3ximo a lagoa de tratamento de esgoto de Sert\u00e3ozinho, na regi\u00e3o de Ribeir\u00e3o Preto. A Pol\u00edcia Militar e o Corpo de Bombeiros est\u00e3o no local. De acordo com a Guarda Civil Municipal, o corpo foi identificado como sendo\u2026","rel":"","context":"In &quot;Not\u00edcias de Ribeir\u00e3o Preto-SP e Regi\u00e3o&quot;","block_context":{"text":"Not\u00edcias de Ribeir\u00e3o Preto-SP e Regi\u00e3o","link":"https:\/\/noticiasribeiraopreto.com.br\/index.php\/category\/noticias-de-ribeirao-preto-sp-e-regiao-ismael-colosi\/"},"img":{"alt_text":"","src":"https:\/\/i0.wp.com\/noticiasribeiraopreto.com.br\/wp-content\/uploads\/2024\/12\/Copia-de-Copia-de-Copia-de-TAMANHO-EXATO-PARA-FOTOS-NO-SISTEMA-NOVO-2024-12-04T162028.093_2024-12-04_19-21-20_png_2024-12-04_19-21-21.webp.webp?fit=1200%2C675&ssl=1&resize=350%2C200","width":350,"height":200,"srcset":"https:\/\/i0.wp.com\/noticiasribeiraopreto.com.br\/wp-content\/uploads\/2024\/12\/Copia-de-Copia-de-Copia-de-TAMANHO-EXATO-PARA-FOTOS-NO-SISTEMA-NOVO-2024-12-04T162028.093_2024-12-04_19-21-20_png_2024-12-04_19-21-21.webp.webp?fit=1200%2C675&ssl=1&resize=350%2C200 1x, https:\/\/i0.wp.com\/noticiasribeiraopreto.com.br\/wp-content\/uploads\/2024\/12\/Copia-de-Copia-de-Copia-de-TAMANHO-EXATO-PARA-FOTOS-NO-SISTEMA-NOVO-2024-12-04T162028.093_2024-12-04_19-21-20_png_2024-12-04_19-21-21.webp.webp?fit=1200%2C675&ssl=1&resize=525%2C300 1.5x, https:\/\/i0.wp.com\/noticiasribeiraopreto.com.br\/wp-content\/uploads\/2024\/12\/Copia-de-Copia-de-Copia-de-TAMANHO-EXATO-PARA-FOTOS-NO-SISTEMA-NOVO-2024-12-04T162028.093_2024-12-04_19-21-20_png_2024-12-04_19-21-21.webp.webp?fit=1200%2C675&ssl=1&resize=700%2C400 2x, https:\/\/i0.wp.com\/noticiasribeiraopreto.com.br\/wp-content\/uploads\/2024\/12\/Copia-de-Copia-de-Copia-de-TAMANHO-EXATO-PARA-FOTOS-NO-SISTEMA-NOVO-2024-12-04T162028.093_2024-12-04_19-21-20_png_2024-12-04_19-21-21.webp.webp?fit=1200%2C675&ssl=1&resize=1050%2C600 3x"},"classes":[]},{"id":63117,"url":"https:\/\/noticiasribeiraopreto.com.br\/index.php\/2025\/02\/03\/corpos-de-irmaos-gemeos-sao-encontrados-em-lagoa-na-regiao-de-ribeirao-preto\/","url_meta":{"origin":80360,"position":4},"title":"Corpos de irm\u00e3os g\u00eameos s\u00e3o encontrados em lagoa na regi\u00e3o de Ribeir\u00e3o Preto","author":"noticiasribeiraopreto.com.br","date":"3 de February de 2025","format":false,"excerpt":"O Corpo de Bombeiros encontrou, no final da manh\u00e3 desta segunda-feira (3), os corpos dos irm\u00e3os g\u00eameos que estavam desaparecidos em uma lagoa de Viradouro, regi\u00e3o de Ribeir\u00e3o Preto. As buscas pelos jovens de 19 anos come\u00e7aram na noite deste domingo (2), contudo, foram suspensas devido \u00e0s condi\u00e7\u00f5es da \u00e1gua.\u2026","rel":"","context":"In &quot;Not\u00edcias de Ribeir\u00e3o Preto-SP e Regi\u00e3o&quot;","block_context":{"text":"Not\u00edcias de Ribeir\u00e3o Preto-SP e Regi\u00e3o","link":"https:\/\/noticiasribeiraopreto.com.br\/index.php\/category\/noticias-de-ribeirao-preto-sp-e-regiao-ismael-colosi\/"},"img":{"alt_text":"","src":"https:\/\/i0.wp.com\/noticiasribeiraopreto.com.br\/wp-content\/uploads\/2025\/02\/Copia-de-Copia-de-Copia-de-TAMANHO-EXATO-PARA-FOTOS-NO-SISTEMA-NOVO-2025-02-03T122014.652_2025-02-03_15-20-35_png_2025-02-03_15-20-35.webp.webp?fit=1200%2C675&ssl=1&resize=350%2C200","width":350,"height":200,"srcset":"https:\/\/i0.wp.com\/noticiasribeiraopreto.com.br\/wp-content\/uploads\/2025\/02\/Copia-de-Copia-de-Copia-de-TAMANHO-EXATO-PARA-FOTOS-NO-SISTEMA-NOVO-2025-02-03T122014.652_2025-02-03_15-20-35_png_2025-02-03_15-20-35.webp.webp?fit=1200%2C675&ssl=1&resize=350%2C200 1x, https:\/\/i0.wp.com\/noticiasribeiraopreto.com.br\/wp-content\/uploads\/2025\/02\/Copia-de-Copia-de-Copia-de-TAMANHO-EXATO-PARA-FOTOS-NO-SISTEMA-NOVO-2025-02-03T122014.652_2025-02-03_15-20-35_png_2025-02-03_15-20-35.webp.webp?fit=1200%2C675&ssl=1&resize=525%2C300 1.5x, https:\/\/i0.wp.com\/noticiasribeiraopreto.com.br\/wp-content\/uploads\/2025\/02\/Copia-de-Copia-de-Copia-de-TAMANHO-EXATO-PARA-FOTOS-NO-SISTEMA-NOVO-2025-02-03T122014.652_2025-02-03_15-20-35_png_2025-02-03_15-20-35.webp.webp?fit=1200%2C675&ssl=1&resize=700%2C400 2x, https:\/\/i0.wp.com\/noticiasribeiraopreto.com.br\/wp-content\/uploads\/2025\/02\/Copia-de-Copia-de-Copia-de-TAMANHO-EXATO-PARA-FOTOS-NO-SISTEMA-NOVO-2025-02-03T122014.652_2025-02-03_15-20-35_png_2025-02-03_15-20-35.webp.webp?fit=1200%2C675&ssl=1&resize=1050%2C600 3x"},"classes":[]},{"id":66861,"url":"https:\/\/noticiasribeiraopreto.com.br\/index.php\/2025\/04\/06\/adolescente-morre-apos-se-afogar-em-lagoa-no-interior-de-sp\/","url_meta":{"origin":80360,"position":5},"title":"Adolescente morre ap\u00f3s se afogar em lagoa no interior de SP","author":"noticiasribeiraopreto.com.br","date":"6 de April de 2025","format":false,"excerpt":"Uma adolescente, de apenas 14 anos, morreu ap\u00f3s se afogar em uma lagoa, em Barretos, no interior de S\u00e3o Paulo. O corpo da v\u00edtima foi encontrado pelos Bombeiros na manh\u00e3 deste domingo (6). Segundo o BO (boletim de ocorr\u00eancia), a v\u00edtima estava com uma amiga, de 17 anos, na lagoa,\u2026","rel":"","context":"In &quot;Not\u00edcias de Ribeir\u00e3o Preto-SP e Regi\u00e3o&quot;","block_context":{"text":"Not\u00edcias de Ribeir\u00e3o Preto-SP e Regi\u00e3o","link":"https:\/\/noticiasribeiraopreto.com.br\/index.php\/category\/noticias-de-ribeirao-preto-sp-e-regiao-ismael-colosi\/"},"img":{"alt_text":"","src":"https:\/\/i0.wp.com\/noticiasribeiraopreto.com.br\/wp-content\/uploads\/2025\/04\/lagoa-barretos_2025-04-06_15-38-52_jpg_2025-04-06_15-38-52.webp.webp?fit=1051%2C663&ssl=1&resize=350%2C200","width":350,"height":200,"srcset":"https:\/\/i0.wp.com\/noticiasribeiraopreto.com.br\/wp-content\/uploads\/2025\/04\/lagoa-barretos_2025-04-06_15-38-52_jpg_2025-04-06_15-38-52.webp.webp?fit=1051%2C663&ssl=1&resize=350%2C200 1x, https:\/\/i0.wp.com\/noticiasribeiraopreto.com.br\/wp-content\/uploads\/2025\/04\/lagoa-barretos_2025-04-06_15-38-52_jpg_2025-04-06_15-38-52.webp.webp?fit=1051%2C663&ssl=1&resize=525%2C300 1.5x, https:\/\/i0.wp.com\/noticiasribeiraopreto.com.br\/wp-content\/uploads\/2025\/04\/lagoa-barretos_2025-04-06_15-38-52_jpg_2025-04-06_15-38-52.webp.webp?fit=1051%2C663&ssl=1&resize=700%2C400 2x, https:\/\/i0.wp.com\/noticiasribeiraopreto.com.br\/wp-content\/uploads\/2025\/04\/lagoa-barretos_2025-04-06_15-38-52_jpg_2025-04-06_15-38-52.webp.webp?fit=1051%2C663&ssl=1&resize=1050%2C600 3x"},"classes":[]}],"jetpack_sharing_enabled":true,"jetpack_shortlink":"https:\/\/wp.me\/peQAOb-kU8","_links":{"self":[{"href":"https:\/\/noticiasribeiraopreto.com.br\/index.php\/wp-json\/wp\/v2\/posts\/80360","targetHints":{"allow":["GET"]}}],"collection":[{"href":"https:\/\/noticiasribeiraopreto.com.br\/index.php\/wp-json\/wp\/v2\/posts"}],"about":[{"href":"https:\/\/noticiasribeiraopreto.com.br\/index.php\/wp-json\/wp\/v2\/types\/post"}],"author":[{"embeddable":true,"href":"https:\/\/noticiasribeiraopreto.com.br\/index.php\/wp-json\/wp\/v2\/users\/1"}],"replies":[{"embeddable":true,"href":"https:\/\/noticiasribeiraopreto.com.br\/index.php\/wp-json\/wp\/v2\/comments?post=80360"}],"version-history":[{"count":0,"href":"https:\/\/noticiasribeiraopreto.com.br\/index.php\/wp-json\/wp\/v2\/posts\/80360\/revisions"}],"wp:featuredmedia":[{"embeddable":true,"href":"https:\/\/noticiasribeiraopreto.com.br\/index.php\/wp-json\/wp\/v2\/media\/73423"}],"wp:attachment":[{"href":"https:\/\/noticiasribeiraopreto.com.br\/index.php\/wp-json\/wp\/v2\/media?parent=80360"}],"wp:term":[{"taxonomy":"category","embeddable":true,"href":"https:\/\/noticiasribeiraopreto.com.br\/index.php\/wp-json\/wp\/v2\/categories?post=80360"},{"taxonomy":"post_tag","embeddable":true,"href":"https:\/\/noticiasribeiraopreto.com.br\/index.php\/wp-json\/wp\/v2\/tags?post=80360"}],"curies":[{"name":"wp","href":"https:\/\/api.w.org\/{rel}","templated":true}]}}